{"id":36465,"date":"2025-07-29T08:12:34","date_gmt":"2025-07-29T06:12:34","guid":{"rendered":"https:\/\/legrandcontinent.eu\/it\/?p=36465"},"modified":"2025-07-29T11:39:51","modified_gmt":"2025-07-29T09:39:51","slug":"mi-piacerebbe-essere-un-fortemarmino-vero-grand-tour-a-forte-dei-marmi-con-edoardo-nesi","status":"publish","type":"post","link":"https:\/\/legrandcontinent.eu\/it\/2025\/07\/29\/mi-piacerebbe-essere-un-fortemarmino-vero-grand-tour-a-forte-dei-marmi-con-edoardo-nesi\/","title":{"rendered":"&#8220;Non si va a Forte per il mare&#8221;, Grand Tour con lo scrittore Edoardo Nesi"},"content":{"rendered":"\n<h3 class=\"wp-block-heading\">Iniziamo con dire che Nesi del Forte dei Marmi \u00e8 cittadino onorario.<\/h3>\n\n\n\n<p>Da quando son nato non c\u2019\u00e8 stata un\u2019estate che non abbia passato a Forte dei Marmi. Neanche una. Qualche tempo fa mi divertii a fare un conto molto approssimativo, includendo non solo le estati ma anche le Pasque, i fine settimana autunnali e primaverili e qualche Capodanno: venne fuori che avevo vissuto al Forte pi\u00f9 di sette anni della mia vita, forse i migliori. Oggi siamo di certo arrivati a otto.<\/p>\n\n\n\n<p>Dopo <em>Storia della mia gente<\/em>, in cui parlavo del Forte dei Marmi e della mia vita da quelle parti, l\u2019allora sindaco Umberto Buratti mi fece fortemarmino onorario. \u00c8 una cosa alla quale tengo molto. Mi piacerebbe essere un fortemarmino vero, e in qualche modo mi ci sento.<\/p>\n\n\n\n<p>La premiazione fu fatta alla Capannina, con me c\u2019era Fabio Genovesi, il figlio prediletto di Forte dei Marmi.<\/p>\n\n\n\n<p>Il mitico cameriere Cipollini durante la presentazione mi port\u00f2 un Martini, perch\u00e9 era abituato a portarmelo all\u2019ora dell\u2019aperitivo. E ti assicuro che \u00e8 una cosa inusitata che durante una presentazione tu beva un Martini, perch\u00e9 dopo le cose cambiano non poco. Un Martini secco, gelato, buonissimo. Lo faceva Alfredo, il leggendario barman della Capannina. Sono queste le cose grandi del Forte dei Marmi; l\u2019eccellenza delle persone che tu incontri.<\/p>\n\n\n\n<h3 class=\"wp-block-heading\"><strong>Sono eccellenti come persone o come professionisti?<\/strong><\/h3>\n\n\n\n<p>Sono professionisti inarrivabili nel loro lavoro e anche persone ganze.<\/p>\n\n\n\n<p>Il Forte dei Marmi \u00e8 un posto in cui incontri persone molto particolari ma che devi scoprire da solo. Come il barman della Capannina, che faceva il Martini come nessun barman del mondo, te lo posso assicurare.<\/p>\n\n\n\n<figure class=\"wp-block-pullquote\"><blockquote><p>Per me era importante a fine serata, dopo una giornata sulla spiaggia, ritornare nella consolazione alcolica<\/p><cite>Edoardo Nesi<\/cite><\/blockquote><\/figure>\n\n\n\n<p>Aveva anche delle sue leggi particolari.<\/p>\n\n\n\n<p>Non ti ci metteva l\u2019oliva e non ti proponeva il <em>lemon twist<\/em>, la spruzzatina di limone; lui ti faceva il Martini nel bicchiere piccolo con il Tanqueray e solo con il Tanqueray.<\/p>\n\n\n\n<p>Anche quando c\u2019erano quaranta gradi, Alfredo prendeva il gin dallo scaffale a temperatura ambiente, prendeva il ghiaccio, molto secco, molto duro, girava tutto quattro cinque sei volte e te lo serviva gelato.<\/p>\n\n\n\n<h3 class=\"wp-block-heading\">Una sorta di magia ? <\/h3>\n\n\n\n<p>Una volta mi spieg\u00f2 come faceva.<\/p>\n\n\n\n<p>Aveva un tumbler pieno di ghiaccio nel quale metteva il gin, con un cucchiaio partiva da una parte e girava tutto insieme, in modo che i cubetti di ghiaccio non battessero fra di loro mentre giravano; cos\u00ec non veniva liberata l\u2019acqua che altrimenti avrebbe annacquato il Martini. In questo modo il ghiaccio gela il gin senza allungarlo.<\/p>\n\n\n\n<p>Insomma, si, una magia. <\/p>\n\n\n\n<p>Per me era importante a fine serata, dopo una giornata sulla spiaggia, ritornare nella consolazione alcolica.<\/p>\n\n\n\n\n\n<figure class=\"wp-block-image wp-block-image-large\"\n    data-shadow=\"true\"\n    data-use-original-file=\"false\">\n    <a\n        data-pswp-src=\"https:\/\/legrandcontinent.eu\/it\/wp-content\/uploads\/sites\/2\/2025\/07\/SIPA_sipausa30431327_000001-scaled.jpg\"\n        class=\"inline-block gallery-item no-underline \"\n        data-pswp-width=\"2560\"\n        data-pswp-height=\"1691\">\n                                        <picture>\r\n                    <source\r\n                srcset=\"https:\/\/legrandcontinent.eu\/it\/wp-content\/uploads\/sites\/2\/2025\/07\/SIPA_sipausa30431327_000001-330x218.jpg\"\r\n                media=\"(max-width: 374px)\" \/>\r\n                    <source\r\n                srcset=\"https:\/\/legrandcontinent.eu\/it\/wp-content\/uploads\/sites\/2\/2025\/07\/SIPA_sipausa30431327_000001-690x456.jpg\"\r\n                media=\"(max-width: 989px)\" \/>\r\n                    <source\r\n                srcset=\"https:\/\/legrandcontinent.eu\/it\/wp-content\/uploads\/sites\/2\/2025\/07\/SIPA_sipausa30431327_000001-1340x885.jpg\"\r\n                media=\"(min-width: 990px)\" \/>\r\n                <img decoding=\"async\" class=\"!w-auto mx-auto shadow-[-2px_4px_12px_0px_rgba(0,0,0,0.16)]\" src=\"https:\/\/legrandcontinent.eu\/it\/wp-content\/uploads\/sites\/2\/2025\/07\/SIPA_sipausa30431327_000001-125x83.jpg\" \/>\r\n        <\/picture>\r\n                            \n                    <figcaption class=\"pswp-caption-content \">Al Forte c\u2019\u00e8 un\u2019unica spiaggia lunghissima con la spiaggia finissima e chiarissima che ogni sera vien pettinata dai bagnini che sistemano nelle stesse esatte posizioni al centimetro i lettini e le sdraio e le seggiole da regista sotto le tende e gli ombrelloni, per chi ci star\u00e0 tutto il giorno. \u00a9 Sergio Del Grande\/Mondadori Portfolio\/Sipa USA<\/figcaption>\n            <\/a>\n<\/figure>\n\n\n<h3 class=\"wp-block-heading\"><strong>Erano tutte cose che avvenivano e avvengono d\u2019estate, quindi.<\/strong><\/h3>\n\n\n\n<p>Ci vado anche di inverno, anche a primavera.<\/p>\n\n\n\n<p>Ogni stagione ha il suo regalo, a Forte dei Marmi. Soprattutto la spiaggia cambia molto. \u00c8 un posto dell\u2019anima, dove fin da ragazzi si avvia a pensare che \u00e8 cos\u00ec che sarebbe bello vivere, sempre. In una cittadina sul mare in cui c\u2019\u00e8 tutto, sotto le Apuane, praticamente accanto a Firenze, nel bel mezzo dell\u2019Italia, e si pu\u00f2 andare in giro in bicicletta tutto il giorno. Dove non c\u2019\u00e8 criminalit\u00e0 e non \u00e8 mai troppo freddo e mai troppo caldo, circondati da una natura immensa e serena, da una sorta di incantamento per cui la vita smette d\u2019essere un flusso accecante di eventi e assume invece un passo, un senso, persino un significato.<\/p>\n\n\n\n<p>Al Forte non ci sono spiaggette segrete dalla sabbia finissima e chiarissima dove si arriva solo con la Land Rover e non c\u2019\u00e8 nulla intorno se non il mare e il cielo, perch\u00e9 c\u2019\u00e8 un\u2019unica spiaggia lunghissima con la spiaggia finissima e chiarissima che ogni sera vien pettinata dai bagnini che sistemano nelle stesse esatte posizioni al centimetro i lettini e le sdraio e le seggiole da regista sotto le tende e gli ombrelloni, per chi ci star\u00e0 tutto il giorno.<\/p>\n\n\n\n<figure class=\"wp-block-pullquote\"><blockquote><p>Sono stato anche a Cannes, ma la spiaggia davanti ai grandi alberghi \u00e8 di dieci metri. Come spesso accade in Liguria. Le spiagge lunghe invece sono un\u2019altra cosa. E per vederle bisogna andare al Forte.<\/p><cite>Edoardo Nesi<\/cite><\/blockquote><\/figure>\n\n\n\n<p>Non c\u2019\u00e8 nemmeno la musica sulla spiaggia, dove per\u00f2 si possono portare i cani e ormai ce ne son tanti, anche loro sotto gli ombrelloni, tranquilli, fortemarmini anche loro<\/p>\n\n\n\n<p>Sono stato anche a Cannes, ma la spiaggia davanti ai grandi alberghi \u00e8 di dieci metri. Come spesso accade in Liguria.<\/p>\n\n\n\n<p>Le spiagge lunghe invece sono un\u2019altra cosa.<\/p>\n\n\n\n<p>E per vederle bisogna andare al Forte.<\/p>\n\n\n\n<h3 class=\"wp-block-heading\"><strong>D\u2019estate, dunque, il Forte resta insuperabile rispetto alle altre stagioni.<\/strong><\/h3>\n\n\n\n<p>D\u2019estate puoi condividerlo di pi\u00f9, il Forte dei Marmi.<\/p>\n\n\n\n<p>Ci sono altre persone, devi sopportare questa coabitazione.<\/p>\n\n\n\n<p>La bellezza di Forte dei Marmi \u00e8 che in gran parte dell\u2019anno, nella zona dove sto io, \u00e8 praticamente deserta. <\/p>\n\n\n\n<p>Tutto tenuto benissimo, perfettamente, tutto pulito e preciso. Per\u00f2 deserto. In quei momenti Forte dei Marmi diventa tua. Difficile pensare che non sia tuo un posto nel quale cammini per un chilometro prima di arrivare al mare e non incontri nessuno se non delle bellissime case tutte pulite. \u00c8 come se fosse tutto tuo, come ne <em>Il nuotatore<\/em> di John Cheever, dove il protagonista passa per una propriet\u00e0 dopo l\u2019altra di altri<\/p>\n\n\n\n\n\n<figure class=\"wp-block-image wp-block-image-medium\"\n    data-shadow=\"true\"\n    data-use-original-file=\"false\">\n    <a\n        data-pswp-src=\"https:\/\/legrandcontinent.eu\/it\/wp-content\/uploads\/sites\/2\/2025\/07\/SIPA_sipausa30276953_000027-scaled.jpg\"\n        class=\"inline-block gallery-item no-underline \"\n        data-pswp-width=\"2560\"\n        data-pswp-height=\"1707\">\n                                        <picture>\r\n                    <source\r\n                srcset=\"https:\/\/legrandcontinent.eu\/it\/wp-content\/uploads\/sites\/2\/2025\/07\/SIPA_sipausa30276953_000027-330x220.jpg\"\r\n                media=\"(max-width:  374px)\" \/>\r\n                    <source\r\n                srcset=\"https:\/\/legrandcontinent.eu\/it\/wp-content\/uploads\/sites\/2\/2025\/07\/SIPA_sipausa30276953_000027-690x460.jpg\"\r\n                media=\"(max-width:  989px)\" \/>\r\n                    <source\r\n                srcset=\"https:\/\/legrandcontinent.eu\/it\/wp-content\/uploads\/sites\/2\/2025\/07\/SIPA_sipausa30276953_000027-990x660.jpg\"\r\n                media=\"(max-width: 1319px)\" \/>\r\n                    <source\r\n                srcset=\"https:\/\/legrandcontinent.eu\/it\/wp-content\/uploads\/sites\/2\/2025\/07\/SIPA_sipausa30276953_000027-690x460.jpg\"\r\n                media=\"(max-width: 1599px)\" \/>\r\n                    <source\r\n                srcset=\"https:\/\/legrandcontinent.eu\/it\/wp-content\/uploads\/sites\/2\/2025\/07\/SIPA_sipausa30276953_000027-990x660.jpg\"\r\n                media=\"(min-width: 1600px)\" \/>\r\n                <img decoding=\"async\" class=\"!w-auto mx-auto shadow-[-2px_4px_12px_0px_rgba(0,0,0,0.16)]\" src=\"https:\/\/legrandcontinent.eu\/it\/wp-content\/uploads\/sites\/2\/2025\/07\/SIPA_sipausa30276953_000027-125x83.jpg\" \/>\r\n        <\/picture>\r\n                            \n                    <figcaption class=\"pswp-caption-content \">D\u2019estate puoi condividerlo di pi\u00f9, il Forte dei Marmi. \u00a9 Elisa Gestri\/Sipausa<\/figcaption>\n            <\/a>\n<\/figure>\n\n\n<h3 class=\"wp-block-heading\">Ed \u00e8 d\u2019estate che nascono i libri?<\/h3>\n\n\n\n<p>Nei miei libri Forte dei Marmi l\u2019ho sempre messa d\u2019estate.<\/p>\n\n\n\n<h3 class=\"wp-block-heading\">Che cos\u2019\u00e8 dunque Forte dei Marmi?<\/h3>\n\n\n\n<p>Per raccontare il Forte bisogna spiegare ci\u00f2 che il Forte non \u00e8.<\/p>\n\n\n\n<figure class=\"wp-block-pullquote\"><blockquote><p>Delle gran colazioni lunghe e lente, si fanno l\u00ec, e poi si va in spiaggia, giovani e meno giovani, e magari ci si racconta cosa si \u00e8 fatto la sera prima, anche se di locali notturni ce n\u2019\u00e8 uno solo, il Twiga.<\/p><cite>Edoardo Nesi<\/cite><\/blockquote><\/figure>\n\n\n\n<p>Non \u00e8 mai affollato, per esempio, e pu\u00f2 darsi sia merito di qualche saggia decisione urbanistica presa in passato. Della leggenda locale che nessuna costruzione poteva essere pi\u00f9 alta del pi\u00f9 alto dei pini, e che poi forse leggenda non \u00e8 perch\u00e9 di alberghi ce ne son sempre stati pochi, e tutti pi\u00f9 bassi dei pini, appunto, e quei pochi che ci sono non sono grandi, cos\u00ec chi vuole venire al Forte e starci pi\u00f9 di un finesettimana deve fare, ancora oggi, quel che mio padre faceva negli anni Settanta: affittare per un mese una delle villette con giardino.<\/p>\n\n\n\n\n<div class=\"double-picture my-12 lg:my-20\" \n    data-images-sizes=\"half\"\n    data-same-height=\"true\"\n    data-reference-image=\"left\"\n>    <!-- Images -->\n    <div class=\"lg:flex\">\n        <div class=\"relative lg:pr-2 mb-7 lg:mb-0 lg:w-1\/2\">\n                            <a \n                    href=\"#\"\n                    data-pswp-src=\"https:\/\/legrandcontinent.eu\/it\/wp-content\/uploads\/sites\/2\/2025\/07\/SIPA_sipausa30383676_000001-scaled.jpg\" \n                    class=\"gallery-item no-underline  \" \n                    data-pswp-width=\"2560\" \n                    data-pswp-height=\"1681\"\n                >\n                    <figure class=\"wp-block-image h-full -mx-2 lg:mx-0 !my-0\">\n                        <picture class=\"block h-full\">\n                            <img decoding=\"async\" src=\"https:\/\/legrandcontinent.eu\/it\/wp-content\/uploads\/sites\/2\/2025\/07\/SIPA_sipausa30383676_000001-scaled.jpg\" alt=\"C\u2019\u00e8 \u2014 soprattutto c\u2019era \u2014 la Capannina, che per\u00f2 oggi \u00e8 molto diversa da quando ci andavo io a vent\u2019anni e i nobili e gli industriali ci perdevano le fortune a carte e ci venivano a fare i concerti Ray Charles e Gloria Gaynor. \u00a9 Walter Mori\/Mondadori Portfolio\/Sipa USA\" >\n                        <\/picture>\n                        <figcaption class=\"lg:hidden pswp-caption-content\">C\u2019\u00e8 \u2014 soprattutto c\u2019era \u2014 la Capannina, che per\u00f2 oggi \u00e8 molto diversa da quando ci andavo io a vent\u2019anni e i nobili e gli industriali ci perdevano le fortune a carte e ci venivano a fare i concerti Ray Charles e Gloria Gaynor. \u00a9 Walter Mori\/Mondadori Portfolio\/Sipa USA<\/figcaption>                    <\/figure>\n                <\/a>\n                    \n        <\/div>\n        <div class=\"relative lg:pl-2 lg:w-1\/2\">\n                            <a\n                    href=\"#\"\n                    data-pswp-src=\"https:\/\/legrandcontinent.eu\/it\/wp-content\/uploads\/sites\/2\/2025\/07\/SIPA_sipausa30381791_000001-scaled.jpg\" \n                    class=\"gallery-item no-underline  lg:!absolute lg:h-full lg:right-0 lg:left-2 overflow-hidden\" \n                    data-pswp-width=\"2560\" \n                    data-pswp-height=\"1687\"\n                >\n                    <figure class=\"wp-block-image h-full -mx-2 lg:mx-0 !my-0\">\n                        <picture class=\"block h-full\">\n                            <img decoding=\"async\" src=\"https:\/\/legrandcontinent.eu\/it\/wp-content\/uploads\/sites\/2\/2025\/07\/SIPA_sipausa30381791_000001-scaled.jpg\" alt=\"\u00c8 un tempo felice per l\u2019Italia, prospero e spensierato, e il Forte ne diventa uno dei simboli migliori. Gli son dedicate canzoni, vi si girano film e son molti a sognare di potervi passare le quattro settimane d\u2019agosto in cui la vita si svuota e diventa leggera. \u00a9 Walter Mori\/Mondadori Portfolio\/Sipa USA\" class=\"lg:!h-full object-cover\">\n                        <\/picture>\n                        <figcaption class=\"lg:hidden pswp-caption-content\">\u00c8 un tempo felice per l\u2019Italia, prospero e spensierato, e il Forte ne diventa uno dei simboli migliori. Gli son dedicate canzoni, vi si girano film e son molti a sognare di potervi passare le quattro settimane d\u2019agosto in cui la vita si svuota e diventa leggera. \u00a9 Walter Mori\/Mondadori Portfolio\/Sipa USA<\/figcaption>                    <\/figure>\n                <\/a>\n                    <\/div>\n    <\/div>\n    <!-- Captions -->\n    <div class=\"hidden lg:flex\">\n        <div class=\"relative lg:pr-2 mb-7 lg:mb-0 lg:w-1\/2\">\n                            <figure class=\"wp-block-image -mx-2 lg:mx-0 !my-0\">\n                    <figcaption>C\u2019\u00e8 \u2014 soprattutto c\u2019era \u2014 la Capannina, che per\u00f2 oggi \u00e8 molto diversa da quando ci andavo io a vent\u2019anni e i nobili e gli industriali ci perdevano le fortune a carte e ci venivano a fare i concerti Ray Charles e Gloria Gaynor. \u00a9 Walter Mori\/Mondadori Portfolio\/Sipa USA<\/figcaption>                <\/figure>\n                    \n        <\/div>\n        <div class=\"relative lg:pl-2 lg:w-1\/2\">\n                            <figure class=\"wp-block-image -mx-2 lg:mx-0 !my-0\">   \n                    <figcaption>\u00c8 un tempo felice per l\u2019Italia, prospero e spensierato, e il Forte ne diventa uno dei simboli migliori. Gli son dedicate canzoni, vi si girano film e son molti a sognare di potervi passare le quattro settimane d\u2019agosto in cui la vita si svuota e diventa leggera. \u00a9 Walter Mori\/Mondadori Portfolio\/Sipa USA<\/figcaption>                <\/figure>\n                    <\/div>\n    <\/div>\n<\/div>\n\n\n\n<p>Non \u00e8 il posto pi\u00f9 divertente o tantomeno clamoroso dove passare le vacanze, e non lo \u00e8 mai stato. Si potrebbe forse dire che \u00e8 un posto per famiglie, per quanto disfunzionali e scollate possano essere, non certo per single in cerca d\u2019avventure, poich\u00e9 \u2014 al contrario di quel che succede in molte altre localit\u00e0 di villeggiatura pi\u00f9 grandi, organizzate apposta per stupire e divertire \u2014 durante l\u2019estate a Forte dei Marmi non c\u2019\u00e8 molto da fare.<\/p>\n\n\n\n<p>Cio\u00e8, no. Non \u00e8 vero.<\/p>\n\n\n\n<p>In verit\u00e0 c\u2019\u00e8 molto da fare, ma bisogna andare a cercarselo. Volendo, naturalmente, si pu\u00f2 far tanto. Arrampicarsi con le mountain bike sulle Apuane per vedere paesini e paesaggi incantati. Visitare le grotte del Corchia, le cave di marmo. Salire in automobile e scorrazzare su e gi\u00f9 per la costa, o a vedere Lucca la bella, o Pisa o persino Firenze, e tornare in tempo per un aperitivo sulla spiaggia e una bella cena \u2014 magari a Pietrasanta, dopo aver visitato le tante gallerie d\u2019arte. Andare in bicicletta alla Versiliana, il grande parco che divide Forte dei Marmi da Fiumetto, a vedere gli incontri con i politici e gli scrittori e gli attori del momento. Il mercoled\u00ec e la domenica mattina c\u2019\u00e8 poi l\u2019appuntamento con il mercato nella Piazza dei Cavallini, che mi dicono sia uno dei migliori mercati d\u2019abbigliamento e biancheria per la casa che ci siano in Italia, e dunque nel mondo.<\/p>\n\n\n\n<h3 class=\"wp-block-heading\"><strong>Tutto si pu\u00f2 fare, al Forte.&nbsp;&nbsp;<\/strong><\/h3>\n\n\n\n<p>Giocare a tennis, a golf, a padel, a calcetto. Sfruttare i consigli delle organizzazioni di animatori che sono spuntate negli ultimi anni e ti suggeriscono le cose da fare e da vedere e ti aiutano a pianificare le giornate, se proprio ti annoi. Che ti istradano alle lezioni di pilates e aqua-gym e aqua-fit e aqua-lates e yoga e capoeira e cross fit. Che ti noleggiano quelle maledette moto d\u2019acqua o ti mettono su un materassino gigante e ti fanno trainare da un gommone. Che ti trovano anche il modo di andare in mongolfiera, se vuoi. C\u2019\u00e8 tutto, al Forte, e si pu\u00f2 far tutto. Volendo.<\/p>\n\n\n\n<p>Molti, per\u00f2, evidentemente non vogliono. Delle gran colazioni lunghe e lente, si fanno l\u00ec, e poi si va in spiaggia, giovani e meno giovani, e magari ci si racconta cosa si \u00e8 fatto la sera prima, anche se di locali notturni ce n\u2019\u00e8 uno solo, il Twiga.<\/p>\n\n\n\n<p>A voler esser precisi si trova per\u00f2 qualche metro oltre il confine di Forte dei Marmi e comunque non \u00e8 certo una di quelle immani discoteche che accolgono migliaia di persone e chiudono dopo l\u2019alba e ogni sera ospitano un dj famoso e spazzano il cielo coi fari.<\/p>\n\n\n\n<p>C\u2019\u00e8 \u2014 soprattutto c\u2019era \u2014 la Capannina, che per\u00f2 oggi \u00e8 molto diversa da quando ci andavo io a vent\u2019anni e i nobili e gli industriali ci perdevano le fortune a carte e ci venivano a fare i concerti Ray Charles e Gloria Gaynor.<\/p>\n\n\n\n\n\n<figure class=\"wp-block-image wp-block-image-large\"\n    data-shadow=\"true\"\n    data-use-original-file=\"false\">\n    <a\n        data-pswp-src=\"https:\/\/legrandcontinent.eu\/it\/wp-content\/uploads\/sites\/2\/2025\/07\/SIPA_sipausa30380988_000001-scaled.jpg\"\n        class=\"inline-block gallery-item no-underline \"\n        data-pswp-width=\"2560\"\n        data-pswp-height=\"1692\">\n                                        <picture>\r\n                    <source\r\n                srcset=\"https:\/\/legrandcontinent.eu\/it\/wp-content\/uploads\/sites\/2\/2025\/07\/SIPA_sipausa30380988_000001-330x218.jpg\"\r\n                media=\"(max-width: 374px)\" \/>\r\n                    <source\r\n                srcset=\"https:\/\/legrandcontinent.eu\/it\/wp-content\/uploads\/sites\/2\/2025\/07\/SIPA_sipausa30380988_000001-690x456.jpg\"\r\n                media=\"(max-width: 989px)\" \/>\r\n                    <source\r\n                srcset=\"https:\/\/legrandcontinent.eu\/it\/wp-content\/uploads\/sites\/2\/2025\/07\/SIPA_sipausa30380988_000001-1340x885.jpg\"\r\n                media=\"(min-width: 990px)\" \/>\r\n                <img decoding=\"async\" class=\"!w-auto mx-auto shadow-[-2px_4px_12px_0px_rgba(0,0,0,0.16)]\" src=\"https:\/\/legrandcontinent.eu\/it\/wp-content\/uploads\/sites\/2\/2025\/07\/SIPA_sipausa30380988_000001-125x83.jpg\" \/>\r\n        <\/picture>\r\n                            \n                    <figcaption class=\"pswp-caption-content \">Era l\u2019Italia del boom economico e del benessere diffuso, del futuro che non finiva mai. \u00a9 Walter Mori\/Mondadori Portfolio\/Sipa USA<\/figcaption>\n            <\/a>\n<\/figure>\n\n\n<h3 class=\"wp-block-heading\">Quando hai cominciato ad andarci?<\/h3>\n\n\n\n<p>Da piccino \u2013 era la fine degli anni Sessanta \u2013 andavamo a Vittoria Apuana, il delizioso paesino che sembra apparire di colpo ad abbracciarci mentre dal centro del Forte si va in bicicletta sulla via Mazzini. Ogni estate si affittava una casa diversa. Partivamo a met\u00e0 giugno, io e la mia famiglia e tutti i miei amici con le loro famiglie, appena finite le scuole, e si tornava a Prato a met\u00e0 settembre, ai primi freschi, dopo tre mesi di bagni in mare e partite di calcio sulla spiaggia. Era l\u2019Italia del boom economico e del benessere diffuso, del futuro che non finiva mai.<\/p>\n\n\n\n<h3 class=\"wp-block-heading\">Crescendo, non ti \u00e8 mai venuta voglia di cambiare?<\/h3>\n\n\n\n<p>L\u2019idea viene sempre, per\u00f2 per certe cose \u00e8 difficile batterla Forte dei Marmi. Io mi ci sento a casa. \u00c8 super vicina, da qui \u00e8 come andare a Firenze in centro. In quaranta minuti ci arrivo. Quando ero pi\u00f9 giovane e spericolato ci mettevo anche meno.<\/p>\n\n\n\n<figure class=\"wp-block-pullquote\"><blockquote><p>Si lavorava su delle opere d\u2019arte e si andava in giro su delle opere d\u2019arte. C\u2019era una penetrazione dell\u2019idea di design e quindi d\u2019arte impressionante nelle nostre vite.<\/p><cite>Edoardo Nesi<\/cite><\/blockquote><\/figure>\n\n\n\n<h3 class=\"wp-block-heading\"><strong>Esiste una Forte dei Marmi all\u2019estero?<\/strong><\/h3>\n\n\n\n<p>Santa Monica, per via della spiaggia lunga, assomiglia al Forte dei Marmi. Anche se niente \u00e8 Forte dei Marmi, ho sempre sentito un forte legame fra il Forte e la California, che sono peraltro due capitali del surf. Non so perch\u00e9, forse perch\u00e9 sono i due posti che mi piacciono di pi\u00f9 al mondo. Quando avevamo 14 anni, usc\u00ec <em>Un mercoled\u00ec da leoni<\/em>. La pellicola faceva il giro di tutti i cinema della Versilia. Serravezza, Massarosa. Con le Vespe inseguivamo la pellicola da tutte le parti, per poterlo vedere.<\/p>\n\n\n\n<h3 class=\"wp-block-heading\"><strong>Quindi il film lo vedevate pi\u00f9 volte?<\/strong><\/h3>\n\n\n\n<p>Certo. Uno giorno era al Forte dei Marmi, un giorno al Cinquale, un giorno a Pietrasanta<\/p>\n\n\n\n<h3 class=\"wp-block-heading\"><strong>Che vespa avevi?<\/strong><\/h3>\n\n\n\n<p>A quei tempi la 50. Non ho mai avuto l\u2019ET3, l\u2019ho comprata dopo. Dalla 50 passai alla PX125. La vespa la utilizzavano i ragazzi di 14 anni, ma la utilizzavano molto spesso gli operai per andare a lavorare. Poi \u00e8 finita al Moma come esempio di design. Quindi noi s\u2019andava a giro su un\u2019opera d\u2019arte.<\/p>\n\n\n\n<p>In fabbrica da me lavoravamo sulle macchine Olivetti, anche quelle le hanno messe al Moma. Quindi si lavorava su delle opere d\u2019arte e si andava in giro su delle opere d\u2019arte. C\u2019era una penetrazione dell\u2019idea di design e quindi d\u2019arte impressionante nelle nostre vite.<\/p>\n\n\n\n<p>\u00c8 di quegli anni l\u2019idea che passare le estati al Forte sia diverso \u2014 e migliore \u2014 del passarle in qualsiasi altro posto.<\/p>\n\n\n\n<p>Nasce la fama del Forte dei Marmi e della vita che vi si fa, e via via cresce.<\/p>\n\n\n\n<p>Appena notati nel turbine di quegli anni, vengono a villeggiarvi autori leggendari come Aldous Huxley e il premio Nobel Eugenio Montale.<\/p>\n\n\n\n<p>\u00c8 un tempo felice per l\u2019Italia, prospero e spensierato, e il Forte ne diventa uno dei simboli migliori. Gli son dedicate canzoni, vi si girano film e son molti a sognare di potervi passare le quattro settimane d\u2019agosto in cui la vita si svuota e diventa leggera.<\/p>\n\n\n\n<figure class=\"wp-block-pullquote\"><blockquote><p>Il turismo avvi\u00f2 molto dopo, alla fine dell\u2019Ottocento, nei giorni selvaggi in cui il poeta Gabriele D\u2019Annunzio montava a cavallo e si lanciava \u201ca gran galoppo sulla spiaggia, tra le grida dei bagnanti e dei pescatori\u201d, come scrisse un altro poeta innamorato della Versilia, Piero Bigongiari.<\/p><cite>Edoardo Nesi<\/cite><\/blockquote><\/figure>\n\n\n\n<h3 class=\"wp-block-heading\">Il Forte \u00e8 anche fonte di ispirazione letteraria?<\/h3>\n\n\n\n<p>S\u00ec, perch\u00e9 ha questo incredibile rapporto con il passato. Prova a immaginarti una citt\u00e0 che, se si esclude questi ultimi dieci anni, \u00e8 stata praticamente uguale a s\u00e9 stessa per 40 anni.<\/p>\n\n\n\n<p>Forte dei Marmi \u00e8 rimasta cos\u00ec come quando ero un ragazzino e cominciavo a girare in Vespa finch\u00e9 non sono nati i miei figli, e anche un po\u2019 dopo. Una citt\u00e0 che non cambia mai diventa uno schermo in cui proietti tutta la tua vita, i tuoi pensieri, le tue aspirazioni, perch\u00e9 non cambiando mai sei solo tu la fonte di cambiamento. Come ho scritto in <em>Storia della mia gente<\/em>, Forte dei Marmi era la citt\u00e0 che ti rivendeva a caro prezzo i tuoi ricordi.<\/p>\n\n\n\n<h3 class=\"wp-block-heading\">La tua Prato invece \u00e8 cambiata moltissimo.<\/h3>\n\n\n\n<p>Le due citt\u00e0 in cui ho vissuto di pi\u00f9 nella mia vita hanno avuto due destini completamente diversi. Prato ha avuto una trasformazione vorticosa e immensa fino a vent\u2019anni fa. Mentre Forte dei Marmi, se si esclude questi ultimi dieci anni, \u00e8 rimasta la stessa. Ti bilancia trovarti in due citt\u00e0 che vanno a velocit\u00e0 completamente diverse e in direzioni purtroppo completamente diverse.<\/p>\n\n\n\n<h3 class=\"wp-block-heading\"><strong>Invece i cinque anni a Roma da deputato sono stati angoscianti<\/strong>?<\/h3>\n\n\n\n<p>Io Roma non l\u2019ho amata. Anzi, tutta la sua bellezza mi faceva arrabbiare. Mi sembrava uno spreco totale, che nessuno la guardasse, tantomeno i turisti che venivano apposta per guardarla.<\/p>\n\n\n\n<p>Io a Roma avevo sempre l\u2019idea di essere un discendente di un grande impero nel momento di decadenza dell\u2019impero. \u00c8 difficile non amare una citt\u00e0 cos\u00ec bella, per\u00f2 \u00e8 proprio quello che \u00e8 successo. Non mi \u00e8 scattato mai nulla, non ci sono mai stato bene. Non la conosco neanche, alla fine. Non ho neanche imparato a conoscerla. Non mi sono mai immaginato come fosse viverci davvero. Arrivavo il marted\u00ec e il gioved\u00ec tornavo via. Non riuscivo a scrivere, non mi portavo neanche il computer.<\/p>\n\n\n\n\n\n<figure class=\"wp-block-image wp-block-image-large\"\n    data-shadow=\"true\"\n    data-use-original-file=\"false\">\n    <a\n        data-pswp-src=\"https:\/\/legrandcontinent.eu\/it\/wp-content\/uploads\/sites\/2\/2025\/07\/SIPA_sipausa30431332_000001-scaled.jpg\"\n        class=\"inline-block gallery-item no-underline \"\n        data-pswp-width=\"2560\"\n        data-pswp-height=\"1844\">\n                                        <picture>\r\n                    <source\r\n                srcset=\"https:\/\/legrandcontinent.eu\/it\/wp-content\/uploads\/sites\/2\/2025\/07\/SIPA_sipausa30431332_000001-330x238.jpg\"\r\n                media=\"(max-width: 374px)\" \/>\r\n                    <source\r\n                srcset=\"https:\/\/legrandcontinent.eu\/it\/wp-content\/uploads\/sites\/2\/2025\/07\/SIPA_sipausa30431332_000001-690x497.jpg\"\r\n                media=\"(max-width: 989px)\" \/>\r\n                    <source\r\n                srcset=\"https:\/\/legrandcontinent.eu\/it\/wp-content\/uploads\/sites\/2\/2025\/07\/SIPA_sipausa30431332_000001-1340x965.jpg\"\r\n                media=\"(min-width: 990px)\" \/>\r\n                <img decoding=\"async\" class=\"!w-auto mx-auto shadow-[-2px_4px_12px_0px_rgba(0,0,0,0.16)]\" src=\"https:\/\/legrandcontinent.eu\/it\/wp-content\/uploads\/sites\/2\/2025\/07\/SIPA_sipausa30431332_000001-125x90.jpg\" \/>\r\n        <\/picture>\r\n                            \n                    <figcaption class=\"pswp-caption-content \">Per certe cose \u00e8 difficile batterla Forte dei Marmi. Io mi ci sento a casa. \u00a9 Sergio Del Grande\/Mondadori Portfolio\/Sipa USA<\/figcaption>\n            <\/a>\n<\/figure>\n\n\n<h3 class=\"wp-block-heading\">Al mare invece riesci a scrivere?<\/h3>\n\n\n\n<p>S\u00ec, anche perch\u00e9 devo e voglio.<\/p>\n\n\n\n<p>Se solo non ci fossero tutti questi giardinieri al Forte dei Marmi che fanno casino a tutte le ore\u2026 Finiscono una casa e cominciano in quell\u2019altra. Ecco, quello \u00e8 abbastanza terribile.<\/p>\n\n\n\n<h3 class=\"wp-block-heading\">Scusa?<\/h3>\n\n\n\n<p>Il dominio sonico e acustico dei giardinieri. <\/p>\n\n\n\n<p>Sono loro i veri padroni di Forte dei Marmi.<\/p>\n\n\n\n<h3 class=\"wp-block-heading\"><strong>Hai dei ristoranti di riferimento?<\/strong><\/h3>\n\n\n\n<p>S\u00ec, ne avevo. Un posto storico era Lorenzo, dal nome del proprietario, un personaggio stupendo; cominci\u00f2 ad andarci mio padre, primo fortemarmino della famiglia, quando apr\u00ec. Fa ancora dei piatti apparentemente semplici per\u00f2 straordinari, anche se il proprietario \u00e8 meno presente.<\/p>\n\n\n\n<p>Gli altri ristoranti invece hanno aumentato di livello, soprattutto di costo. Il risultato \u00e8 che dopo un po\u2019 non hai voglia di farti gabbare. Lo stesso ristorante che costava 50 euro poi ha cominciato a costare 80, 100, 120 euro peraltro facendo la solita roba, pi\u00f9 o meno. Essendo stata invasa, Forte dei Marmi, da gente estremamente ricca \u2014 russi, arabi&#8230; \u2014 \u00e8 evidente che i prezzi sono saliti. Per tutto, dalle case ai ristoranti.<\/p>\n\n\n\n<h3 class=\"wp-block-heading\">Ma il mare \u00e8 cos\u00ec bello?<\/h3>\n\n\n\n<p>No, non lo \u00e8. Ma non ci si va per il mare. <\/p>\n\n\n\n<p>Di recente sono stato in Sicilia, vicino Palermo, mai visto un mare cos\u00ec. Meraviglioso. Quello del Forte non \u00e8 certo cos\u00ec.<\/p>\n\n\n\n<h3 class=\"wp-block-heading\"><strong>Il turismo quando \u00e8 arrivato al Forte dei Marmi?<\/strong><\/h3>\n\n\n\n<p>Il turismo avvi\u00f2 molto dopo, alla fine dell\u2019Ottocento, nei giorni selvaggi in cui il poeta Gabriele D\u2019Annunzio montava a cavallo e si lanciava \u201ca gran galoppo sulla spiaggia, tra le grida dei bagnanti e dei pescatori\u201d, come scrisse un altro poeta innamorato della Versilia, Piero Bigongiari.<\/p>\n\n\n\n<p>Era un turismo molto particolare, per\u00f2. Da ricchi, super ricchi, in un\u2019Italia poverissima.<\/p>\n\n\n\n<p>Venne innescato dalla discesa di nobili e industriali tedeschi e inglesi che si innamorarono cos\u00ec tanto del Forte da costruirvi quelle splendide ville sul lungomare che dettero l\u2019inizio alla leggenda di Roma Imperiale \u2013 Villa Siemens su tutte, la grande dimora estiva della famosa dinastia industriale, coi soffitti affrescati da von Hildebrand, l\u2019allievo di Boecklin, il maestro del Simbolismo, che fu spesso ospite del Forte anche lui \u2014 e poi ci fu l\u2019avvento degli Agnelli, che dagli anni Venti avviarono a passarvi ogni estate a Villa Costanza \u2014 oggi diventata l\u2019Hotel Augustus \u2014 arrivando e partendo sull\u2019idrovolante, mentre il premio Nobel Thomas Mann vi portava in vacanza la famiglia, e intellettuali e artisti come Carlo Carr\u00e0, Enrico Pea, Ardengo Soffici, Giovanni Papini e Lorenzo Viani si ritrovavano a ragionare d\u2019arte al Quarto Platano del Caff\u00e8 Roma.<\/p>\n\n\n\n<p>Fu solo molto dopo, finita la seconda guerra mondiale, che a Forte dei Marmi cominci\u00f2 ad arrivare anche il turismo di chi super ricco non era.<\/p>\n","protected":false},"excerpt":{"rendered":"<p>La nostra serie estiva Grand Tour fa tappa in Italia.<\/p>\n<p>Sulle orme di D&#8217;Annunzio, degli Agnelli e di Thomas Mann, lo scrittore Edoardo Nesi (premio Strega 2010) ha fatto di Forte dei Marmi il suo luogo di villeggiatura unico, al punto da sviluppare una dolce ossessione.<\/p>\n<p>Per la sua straordinaria assiduit\u00e0 e fedelt\u00e0 alla citt\u00e0, il sindaco lo ha nominato cittadino d&#8217;onore della localit\u00e0 balneare.<\/p>\n<p>Raccontandoci la ricetta di un Martini magico, i fasti passati di una discoteca ormai in declino, le ville leggendarie, le lunghissime spiagge, Nesi ci svela come si vive l&#8217;estate sulla costa toscana.<\/p>\n","protected":false},"author":47071,"featured_media":36464,"comment_status":"closed","ping_status":"closed","sticky":false,"template":"templates\/post-interviews.php","format":"standard","meta":{"_acf_changed":true,"_trash_the_other_posts":false,"_yoast_wpseo_estimated-reading-time-minutes":15,"footnotes":""},"categories":[2185],"tags":[],"staff":[2098],"editorial_format":[],"serie":[],"audience":[],"geo":[],"class_list":["post-36465","post","type-post","status-publish","format-standard","hentry","category-grand-tour","staff-david-allegranti"],"acf":{"open_in_webview":false,"accent":false},"yoast_head":"<!-- This site is optimized with the Yoast SEO plugin v26.1.1 - https:\/\/yoast.com\/wordpress\/plugins\/seo\/ -->\n<title>&quot;Non si va a Forte per il mare&quot;, Grand Tour con lo scrittore Edoardo Nesi - Il Grand Continent<\/title>\n<meta name=\"robots\" content=\"index, follow, max-snippet:-1, max-image-preview:large, max-video-preview:-1\" \/>\n<link rel=\"canonical\" href=\"https:\/\/legrandcontinent.eu\/it\/2025\/07\/29\/mi-piacerebbe-essere-un-fortemarmino-vero-grand-tour-a-forte-dei-marmi-con-edoardo-nesi\/\" \/>\n<meta property=\"og:locale\" content=\"it_IT\" \/>\n<meta property=\"og:type\" content=\"article\" \/>\n<meta property=\"og:title\" content=\"&quot;Non si va a Forte per il mare&quot;, Grand Tour con lo scrittore Edoardo Nesi - Il Grand Continent\" \/>\n<meta property=\"og:description\" content=\"La nostra serie estiva Grand Tour fa tappa in Italia.  Sulle orme di D&#039;Annunzio, degli Agnelli e di Thomas Mann, lo scrittore Edoardo Nesi (premio Strega 2010) ha fatto di Forte dei Marmi il suo luogo di villeggiatura unico, al punto da sviluppare una dolce ossessione.  Per la sua straordinaria assiduit\u00e0 e fedelt\u00e0 alla citt\u00e0, il sindaco lo ha nominato cittadino d&#039;onore della localit\u00e0 balneare.  Raccontandoci la ricetta di un Martini magico, i fasti passati di una discoteca ormai in declino, le ville leggendarie, le lunghissime spiagge, Nesi ci svela come si vive l&#039;estate sulla costa toscana.\" \/>\n<meta property=\"og:url\" content=\"https:\/\/legrandcontinent.eu\/it\/2025\/07\/29\/mi-piacerebbe-essere-un-fortemarmino-vero-grand-tour-a-forte-dei-marmi-con-edoardo-nesi\/\" \/>\n<meta property=\"og:site_name\" content=\"Il Grand Continent\" \/>\n<meta property=\"article:published_time\" content=\"2025-07-29T06:12:34+00:00\" \/>\n<meta property=\"article:modified_time\" content=\"2025-07-29T09:39:51+00:00\" \/>\n<meta property=\"og:image\" content=\"https:\/\/legrandcontinent.eu\/it\/wp-content\/uploads\/sites\/12\/2025\/07\/Screenshot-2025-07-28-at-16.37.05-990x540.png\" \/>\n\t<meta property=\"og:image:width\" content=\"990\" \/>\n\t<meta property=\"og:image:height\" content=\"540\" \/>\n\t<meta property=\"og:image:type\" content=\"image\/png\" \/>\n<meta name=\"author\" content=\"jechareton\" \/>\n<meta name=\"twitter:card\" content=\"summary_large_image\" \/>\n<meta name=\"twitter:image\" content=\"https:\/\/legrandcontinent.eu\/it\/wp-content\/uploads\/sites\/12\/2025\/07\/Screenshot-2025-07-28-at-16.37.05.png\" \/>\n<meta name=\"twitter:label1\" content=\"Scritto da\" \/>\n\t<meta name=\"twitter:data1\" content=\"jechareton\" \/>\n\t<meta name=\"twitter:label2\" content=\"Tempo di lettura stimato\" \/>\n\t<meta name=\"twitter:data2\" content=\"15 minuti\" \/>\n<script type=\"application\/ld+json\" class=\"yoast-schema-graph\">{\"@context\":\"https:\/\/schema.org\",\"@graph\":[{\"@type\":\"WebPage\",\"@id\":\"https:\/\/legrandcontinent.eu\/it\/2025\/07\/29\/mi-piacerebbe-essere-un-fortemarmino-vero-grand-tour-a-forte-dei-marmi-con-edoardo-nesi\/\",\"url\":\"https:\/\/legrandcontinent.eu\/it\/2025\/07\/29\/mi-piacerebbe-essere-un-fortemarmino-vero-grand-tour-a-forte-dei-marmi-con-edoardo-nesi\/\",\"name\":\"\\\"Non si va a Forte per il mare\\\", Grand Tour con lo scrittore Edoardo Nesi - Il Grand Continent\",\"isPartOf\":{\"@id\":\"https:\/\/legrandcontinent.eu\/it\/#website\"},\"primaryImageOfPage\":{\"@id\":\"https:\/\/legrandcontinent.eu\/it\/2025\/07\/29\/mi-piacerebbe-essere-un-fortemarmino-vero-grand-tour-a-forte-dei-marmi-con-edoardo-nesi\/#primaryimage\"},\"image\":{\"@id\":\"https:\/\/legrandcontinent.eu\/it\/2025\/07\/29\/mi-piacerebbe-essere-un-fortemarmino-vero-grand-tour-a-forte-dei-marmi-con-edoardo-nesi\/#primaryimage\"},\"thumbnailUrl\":\"https:\/\/legrandcontinent.eu\/it\/wp-content\/uploads\/sites\/2\/2025\/07\/Edoardo-Nesi.jpeg\",\"datePublished\":\"2025-07-29T06:12:34+00:00\",\"dateModified\":\"2025-07-29T09:39:51+00:00\",\"author\":{\"@id\":\"https:\/\/legrandcontinent.eu\/it\/#\/schema\/person\/40ae0927228bed19c9f00c8d9eda4efb\"},\"breadcrumb\":{\"@id\":\"https:\/\/legrandcontinent.eu\/it\/2025\/07\/29\/mi-piacerebbe-essere-un-fortemarmino-vero-grand-tour-a-forte-dei-marmi-con-edoardo-nesi\/#breadcrumb\"},\"inLanguage\":\"it-IT\",\"potentialAction\":[{\"@type\":\"ReadAction\",\"target\":[\"https:\/\/legrandcontinent.eu\/it\/2025\/07\/29\/mi-piacerebbe-essere-un-fortemarmino-vero-grand-tour-a-forte-dei-marmi-con-edoardo-nesi\/\"]}]},{\"@type\":\"ImageObject\",\"inLanguage\":\"it-IT\",\"@id\":\"https:\/\/legrandcontinent.eu\/it\/2025\/07\/29\/mi-piacerebbe-essere-un-fortemarmino-vero-grand-tour-a-forte-dei-marmi-con-edoardo-nesi\/#primaryimage\",\"url\":\"https:\/\/legrandcontinent.eu\/it\/wp-content\/uploads\/sites\/2\/2025\/07\/Edoardo-Nesi.jpeg\",\"contentUrl\":\"https:\/\/legrandcontinent.eu\/it\/wp-content\/uploads\/sites\/2\/2025\/07\/Edoardo-Nesi.jpeg\",\"width\":780,\"height\":1170,\"caption\":\"Edoardo Nesi, photographi\u00e9 par le Studio Moggi\"},{\"@type\":\"BreadcrumbList\",\"@id\":\"https:\/\/legrandcontinent.eu\/it\/2025\/07\/29\/mi-piacerebbe-essere-un-fortemarmino-vero-grand-tour-a-forte-dei-marmi-con-edoardo-nesi\/#breadcrumb\",\"itemListElement\":[{\"@type\":\"ListItem\",\"position\":1,\"name\":\"Home\",\"item\":\"https:\/\/legrandcontinent.eu\/it\/\"},{\"@type\":\"ListItem\",\"position\":2,\"name\":\"&#8220;Non si va a Forte per il mare&#8221;, Grand Tour con lo scrittore Edoardo Nesi\"}]},{\"@type\":\"WebSite\",\"@id\":\"https:\/\/legrandcontinent.eu\/it\/#website\",\"url\":\"https:\/\/legrandcontinent.eu\/it\/\",\"name\":\"Il Grand Continent\",\"description\":\"La scala pertinente\",\"potentialAction\":[{\"@type\":\"SearchAction\",\"target\":{\"@type\":\"EntryPoint\",\"urlTemplate\":\"https:\/\/legrandcontinent.eu\/it\/?s={search_term_string}\"},\"query-input\":{\"@type\":\"PropertyValueSpecification\",\"valueRequired\":true,\"valueName\":\"search_term_string\"}}],\"inLanguage\":\"it-IT\"},{\"@type\":\"Person\",\"@id\":\"https:\/\/legrandcontinent.eu\/it\/#\/schema\/person\/40ae0927228bed19c9f00c8d9eda4efb\",\"name\":\"jechareton\",\"image\":{\"@type\":\"ImageObject\",\"inLanguage\":\"it-IT\",\"@id\":\"https:\/\/legrandcontinent.eu\/it\/#\/schema\/person\/image\/\",\"url\":\"https:\/\/secure.gravatar.com\/avatar\/d6eba43b977e6d35baefa5ebd8664d07?s=96&d=mm&r=g\",\"contentUrl\":\"https:\/\/secure.gravatar.com\/avatar\/d6eba43b977e6d35baefa5ebd8664d07?s=96&d=mm&r=g\",\"caption\":\"jechareton\"}}]}<\/script>\n<!-- \/ Yoast SEO plugin. -->","yoast_head_json":{"title":"\"Non si va a Forte per il mare\", Grand Tour con lo scrittore Edoardo Nesi - Il Grand Continent","robots":{"index":"index","follow":"follow","max-snippet":"max-snippet:-1","max-image-preview":"max-image-preview:large","max-video-preview":"max-video-preview:-1"},"canonical":"https:\/\/legrandcontinent.eu\/it\/2025\/07\/29\/mi-piacerebbe-essere-un-fortemarmino-vero-grand-tour-a-forte-dei-marmi-con-edoardo-nesi\/","og_locale":"it_IT","og_type":"article","og_title":"\"Non si va a Forte per il mare\", Grand Tour con lo scrittore Edoardo Nesi - Il Grand Continent","og_description":"La nostra serie estiva Grand Tour fa tappa in Italia.  Sulle orme di D'Annunzio, degli Agnelli e di Thomas Mann, lo scrittore Edoardo Nesi (premio Strega 2010) ha fatto di Forte dei Marmi il suo luogo di villeggiatura unico, al punto da sviluppare una dolce ossessione.  Per la sua straordinaria assiduit\u00e0 e fedelt\u00e0 alla citt\u00e0, il sindaco lo ha nominato cittadino d'onore della localit\u00e0 balneare.  Raccontandoci la ricetta di un Martini magico, i fasti passati di una discoteca ormai in declino, le ville leggendarie, le lunghissime spiagge, Nesi ci svela come si vive l'estate sulla costa toscana.","og_url":"https:\/\/legrandcontinent.eu\/it\/2025\/07\/29\/mi-piacerebbe-essere-un-fortemarmino-vero-grand-tour-a-forte-dei-marmi-con-edoardo-nesi\/","og_site_name":"Il Grand Continent","article_published_time":"2025-07-29T06:12:34+00:00","article_modified_time":"2025-07-29T09:39:51+00:00","og_image":[{"width":990,"height":540,"url":"https:\/\/legrandcontinent.eu\/it\/wp-content\/uploads\/sites\/12\/2025\/07\/Screenshot-2025-07-28-at-16.37.05-990x540.png","type":"image\/png"}],"author":"jechareton","twitter_card":"summary_large_image","twitter_image":"https:\/\/legrandcontinent.eu\/it\/wp-content\/uploads\/sites\/12\/2025\/07\/Screenshot-2025-07-28-at-16.37.05.png","twitter_misc":{"Scritto da":"jechareton","Tempo di lettura stimato":"15 minuti"},"schema":{"@context":"https:\/\/schema.org","@graph":[{"@type":"WebPage","@id":"https:\/\/legrandcontinent.eu\/it\/2025\/07\/29\/mi-piacerebbe-essere-un-fortemarmino-vero-grand-tour-a-forte-dei-marmi-con-edoardo-nesi\/","url":"https:\/\/legrandcontinent.eu\/it\/2025\/07\/29\/mi-piacerebbe-essere-un-fortemarmino-vero-grand-tour-a-forte-dei-marmi-con-edoardo-nesi\/","name":"\"Non si va a Forte per il mare\", Grand Tour con lo scrittore Edoardo Nesi - Il Grand Continent","isPartOf":{"@id":"https:\/\/legrandcontinent.eu\/it\/#website"},"primaryImageOfPage":{"@id":"https:\/\/legrandcontinent.eu\/it\/2025\/07\/29\/mi-piacerebbe-essere-un-fortemarmino-vero-grand-tour-a-forte-dei-marmi-con-edoardo-nesi\/#primaryimage"},"image":{"@id":"https:\/\/legrandcontinent.eu\/it\/2025\/07\/29\/mi-piacerebbe-essere-un-fortemarmino-vero-grand-tour-a-forte-dei-marmi-con-edoardo-nesi\/#primaryimage"},"thumbnailUrl":"https:\/\/legrandcontinent.eu\/it\/wp-content\/uploads\/sites\/2\/2025\/07\/Edoardo-Nesi.jpeg","datePublished":"2025-07-29T06:12:34+00:00","dateModified":"2025-07-29T09:39:51+00:00","author":{"@id":"https:\/\/legrandcontinent.eu\/it\/#\/schema\/person\/40ae0927228bed19c9f00c8d9eda4efb"},"breadcrumb":{"@id":"https:\/\/legrandcontinent.eu\/it\/2025\/07\/29\/mi-piacerebbe-essere-un-fortemarmino-vero-grand-tour-a-forte-dei-marmi-con-edoardo-nesi\/#breadcrumb"},"inLanguage":"it-IT","potentialAction":[{"@type":"ReadAction","target":["https:\/\/legrandcontinent.eu\/it\/2025\/07\/29\/mi-piacerebbe-essere-un-fortemarmino-vero-grand-tour-a-forte-dei-marmi-con-edoardo-nesi\/"]}]},{"@type":"ImageObject","inLanguage":"it-IT","@id":"https:\/\/legrandcontinent.eu\/it\/2025\/07\/29\/mi-piacerebbe-essere-un-fortemarmino-vero-grand-tour-a-forte-dei-marmi-con-edoardo-nesi\/#primaryimage","url":"https:\/\/legrandcontinent.eu\/it\/wp-content\/uploads\/sites\/2\/2025\/07\/Edoardo-Nesi.jpeg","contentUrl":"https:\/\/legrandcontinent.eu\/it\/wp-content\/uploads\/sites\/2\/2025\/07\/Edoardo-Nesi.jpeg","width":780,"height":1170,"caption":"Edoardo Nesi, photographi\u00e9 par le Studio Moggi"},{"@type":"BreadcrumbList","@id":"https:\/\/legrandcontinent.eu\/it\/2025\/07\/29\/mi-piacerebbe-essere-un-fortemarmino-vero-grand-tour-a-forte-dei-marmi-con-edoardo-nesi\/#breadcrumb","itemListElement":[{"@type":"ListItem","position":1,"name":"Home","item":"https:\/\/legrandcontinent.eu\/it\/"},{"@type":"ListItem","position":2,"name":"&#8220;Non si va a Forte per il mare&#8221;, Grand Tour con lo scrittore Edoardo Nesi"}]},{"@type":"WebSite","@id":"https:\/\/legrandcontinent.eu\/it\/#website","url":"https:\/\/legrandcontinent.eu\/it\/","name":"Il Grand Continent","description":"La scala pertinente","potentialAction":[{"@type":"SearchAction","target":{"@type":"EntryPoint","urlTemplate":"https:\/\/legrandcontinent.eu\/it\/?s={search_term_string}"},"query-input":{"@type":"PropertyValueSpecification","valueRequired":true,"valueName":"search_term_string"}}],"inLanguage":"it-IT"},{"@type":"Person","@id":"https:\/\/legrandcontinent.eu\/it\/#\/schema\/person\/40ae0927228bed19c9f00c8d9eda4efb","name":"jechareton","image":{"@type":"ImageObject","inLanguage":"it-IT","@id":"https:\/\/legrandcontinent.eu\/it\/#\/schema\/person\/image\/","url":"https:\/\/secure.gravatar.com\/avatar\/d6eba43b977e6d35baefa5ebd8664d07?s=96&d=mm&r=g","contentUrl":"https:\/\/secure.gravatar.com\/avatar\/d6eba43b977e6d35baefa5ebd8664d07?s=96&d=mm&r=g","caption":"jechareton"}}]}},"lgc_categories":[{"id":2185,"name":"Grand Tour","slug":"grand-tour"}],"lgc_author":{"id":2098,"name":"David Allegranti","slug":"david-allegranti"},"feature_image_summary":{"url":"https:\/\/legrandcontinent.eu\/it\/wp-content\/uploads\/sites\/2\/2025\/07\/Edoardo-Nesi.jpeg","width":780,"height":1170,"alt":""},"feature_image_cover":{"url":"https:\/\/legrandcontinent.eu\/it\/wp-content\/uploads\/sites\/2\/2025\/07\/Edoardo-Nesi.jpeg","width":780,"height":1170,"alt":""},"term_position_data":null,"_links":{"self":[{"href":"https:\/\/legrandcontinent.eu\/it\/wp-json\/wp\/v2\/posts\/36465","targetHints":{"allow":["GET"]}}],"collection":[{"href":"https:\/\/legrandcontinent.eu\/it\/wp-json\/wp\/v2\/posts"}],"about":[{"href":"https:\/\/legrandcontinent.eu\/it\/wp-json\/wp\/v2\/types\/post"}],"author":[{"embeddable":true,"href":"https:\/\/legrandcontinent.eu\/it\/wp-json\/wp\/v2\/users\/47071"}],"replies":[{"embeddable":true,"href":"https:\/\/legrandcontinent.eu\/it\/wp-json\/wp\/v2\/comments?post=36465"}],"version-history":[{"count":0,"href":"https:\/\/legrandcontinent.eu\/it\/wp-json\/wp\/v2\/posts\/36465\/revisions"}],"wp:featuredmedia":[{"embeddable":true,"href":"https:\/\/legrandcontinent.eu\/it\/wp-json\/wp\/v2\/media\/36464"}],"wp:attachment":[{"href":"https:\/\/legrandcontinent.eu\/it\/wp-json\/wp\/v2\/media?parent=36465"}],"wp:term":[{"taxonomy":"category","embeddable":true,"href":"https:\/\/legrandcontinent.eu\/it\/wp-json\/wp\/v2\/categories?post=36465"},{"taxonomy":"post_tag","embeddable":true,"href":"https:\/\/legrandcontinent.eu\/it\/wp-json\/wp\/v2\/tags?post=36465"},{"taxonomy":"staff","embeddable":true,"href":"https:\/\/legrandcontinent.eu\/it\/wp-json\/wp\/v2\/staff?post=36465"},{"taxonomy":"editorial_format","embeddable":true,"href":"https:\/\/legrandcontinent.eu\/it\/wp-json\/wp\/v2\/editorial_format?post=36465"},{"taxonomy":"serie","embeddable":true,"href":"https:\/\/legrandcontinent.eu\/it\/wp-json\/wp\/v2\/serie?post=36465"},{"taxonomy":"audience","embeddable":true,"href":"https:\/\/legrandcontinent.eu\/it\/wp-json\/wp\/v2\/audience?post=36465"},{"taxonomy":"geo","embeddable":true,"href":"https:\/\/legrandcontinent.eu\/it\/wp-json\/wp\/v2\/geo?post=36465"}],"curies":[{"name":"wp","href":"https:\/\/api.w.org\/{rel}","templated":true}]}}