{"id":34436,"date":"2025-06-07T08:29:28","date_gmt":"2025-06-07T06:29:28","guid":{"rendered":"https:\/\/legrandcontinent.eu\/it\/?p=34436"},"modified":"2025-06-16T10:32:20","modified_gmt":"2025-06-16T08:32:20","slug":"la-guerra-e-nei-geni-dei-russi-unintervista-inedita-con-sergej-karaganov-larchitetto-della-geopolitica-di-putin","status":"publish","type":"post","link":"https:\/\/legrandcontinent.eu\/it\/2025\/06\/07\/la-guerra-e-nei-geni-dei-russi-unintervista-inedita-con-sergej-karaganov-larchitetto-della-geopolitica-di-putin\/","title":{"rendered":"\u00abLa guerra \u00e8 nel codice genetico dei russi\u00bb: un&#8217;intervista inedita con Sergej Karaganov, l&#8217;architetto della geopolitica di Putin"},"content":{"rendered":"\n<p class=\"has-drop-cap\"><em>Serghej Karaganov, direttore del Consiglio per la politica estera e di difesa, \u00e8 spesso presentato come il principale architetto della politica estera russa. Vladimir Putin afferma che \u00e8 uno dei rari autori contemporanei che legge regolarmente. Nei circoli del potere russo, \u00e8 una delle autorit\u00e0 intellettuali pi\u00f9 ascoltate e seguite del bellicismo dispiegato dal regime di Vladimir Putin in Ucraina e contro l\u2019Europa.<\/em><\/p>\n\n\n\n<p><em>Conoscere le dottrine concorrenti \u2014 comprendere ci\u00f2 che gli avversari mirano a colpire in noi, dedicandosi alla manipolazione e alla propaganda, armando immaginari potenti \u2014 resta una chiave decisiva per la trasformazione geopolitica del nostro continente. \u00c8 per questa ragione che abbiamo deciso di interrogarlo.<\/em><\/p>\n\n\n\n<h3 class=\"wp-block-heading\">Come interpreta la convergenza tra Trump e Putin?\u00a0<a href=\"https:\/\/legrandcontinent.eu\/fr\/themes\/guerre\/baranov-derriere-la-fiction\/\">Vladislav Surkov<\/a>&nbsp;<span class='whitespace-nowrap'><span id='easy-footnote-1-34436' class='easy-footnote-margin-adjust'><\/span><span class='easy-footnote'><a href='https:\/\/legrandcontinent.eu\/it\/2025\/06\/07\/la-guerra-e-nei-geni-dei-russi-unintervista-inedita-con-sergej-karaganov-larchitetto-della-geopolitica-di-putin\/#easy-footnote-bottom-1-34436' title='Vladislav Surkov, che i lettori europei conoscono nella forma romanesca del \u201cmago del Cremlino\u201d, \u00e8 stato a lungo \u201cl&amp;#8217;eminenza grigia del Cremlino\u201d, responsabile in particolare della questione ucraina durante il periodo cruciale che, a partire dal 2013, ha visto contemporaneamente il Maidan, l&amp;#8217;annessione illegale della Crimea, la guerra nel Donbass e gli accordi di Minsk. Dal 2020, per ragioni che rimangono oscure, \u00e8 stato allontanato dalle alte sfere del potere e, a quanto pare, nel 2022 \u00e8 stato persino assegnato agli arresti domiciliari. Si \u00e8 quindi reinventato come pubblicista-ideologo, pubblicando regolarmente articoli a suo nome.'><sup>1<\/sup><\/a><\/span><\/span>\u00a0sembra pensare, ad esempio, che \u00ab<a href=\"https:\/\/legrandcontinent.eu\/fr\/2025\/01\/05\/retranslatio-imperii-la-tentation-imperiale-apres-le-deuxieme-partage-de-lukraine-selon-vladislav-sourkov\/\">la Russia [di Putin] sia ormai circondata da sosia e imitatori<\/a>\u00bb e che la Casa Bianca stia mettendo in atto una strategia nei confronti del Canada, della Groenlandia o del Canale di Panama che non \u00e8 altro che un&#8217;<a href=\"https:\/\/legrandcontinent.eu\/fr\/2025\/01\/05\/retranslatio-imperii-la-tentation-imperiale-apres-le-deuxieme-partage-de-lukraine-selon-vladislav-sourkov\/\">\u00abimitazione della nostra nazione [la Russia] audace, consolidata, guerriera e \u201csenza frontiere\u201d\u00bb<\/a>?<\/h3>\n\n\n\n<p>Non ho l\u2019abitudine di commentare le dichiarazioni dei miei colleghi, ma mi pare perfettamente idiota porre la questione in questi termini.<\/p>\n\n\n\n<p>Contrariamente a quanto alcuni immaginano, Trump ha una filosofia politica ed economica del tutto personale, sulla base della quale prende decisioni in modo certamente radicale, ma, in fondo, prudente.<\/p>\n\n\n\n<p>La sua filosofia, essenzialmente, non ha nulla a che vedere con la Russia, e i parallelismi di questo tipo mi sembrano pi\u00f9 ridicoli che altro.<\/p>\n\n\n\n<h3 class=\"wp-block-heading\"><strong>Come definisce la \u201cfilosofia\u201d di Donald Trump?<\/strong><\/h3>\n\n\n\n<p>Trump \u00e8 un nazionalista americano che presenta alcune caratteristiche del messianismo tradizionale statunitense. Se a volte pu\u00f2 sorprendere, \u00e8 perch\u00e9 \u00e8 stato vaccinato contro la feccia mondialista-liberale degli ultimi tre o quattro decenni.<\/p>\n\n\n\n<h3 class=\"wp-block-heading\"><strong>Proprio nelle sue invettive contro il liberalismo, egli sembra spesso far emergere valori comuni con la Russia di Putin. Anche sulla guerra in Ucraina, l\u2019amministrazione Trump sembra cercare un riavvicinamento degli Stati Uniti alla Russia. Perch\u00e9? Come comprende questo tentativo?<\/strong><\/h3>\n\n\n\n<p>Si parla molto di un eventuale compromesso e delle sue diverse forme. Anche in Russia, nei media e altrove, si discute con entusiasmo delle opzioni che potrebbe aprire.<\/p>\n\n\n\n<p>Mi sembra tuttavia che, in questa fase, l\u2019amministrazione Trump non abbia alcuna ragione di negoziare con noi secondo le condizioni che abbiamo fissato \u2014 e che, di conseguenza, questo riavvicinamento sar\u00e0 difficile.<\/p>\n\n\n\n<p>Sebbene la guerra in Ucraina sia inutile e persino alquanto nociva per il presidente americano \u2014 che non \u00e8 che un figurante \u2014 dal punto di vista principale per gli Stati Uniti, ovvero quello interno, l\u2019equilibrio degli interessi \u00e8 piuttosto favorevole alla sua prosecuzione.<\/p>\n\n\n\n<h3 class=\"wp-block-heading\">Si spieghi.<\/h3>\n\n\n\n<p>La guerra \u00e8 economicamente vantaggiosa per gli Stati Uniti, perch\u00e9 consente loro di modernizzare il loro complesso militare-industriale, di depredare i loro alleati europei con vigore rinnovato e di imporre i propri interessi economici mediante sanzioni sistematiche contro i Paesi di tutto il mondo.<\/p>\n\n\n\n<p>E, naturalmente, consente agli Stati Uniti di infliggere ulteriori danni alla Russia, nella speranza di esaurirla e, idealmente, di schiacciarla o eliminarla come nucleo militare-strategico della maggioranza mondiale emergente ed emancipata. Senza contare che rappresenta anche un potente sostegno strategico al principale concorrente dell\u2019America: la Cina.<\/p>\n\n\n\n<h3 class=\"wp-block-heading\"><strong>Alcuni osservatori e numerosi sostenitori del presidente americano parlano oggi dell\u2019esistenza di un\u2019operazione complessa, una sorta di Kissinger al contrario: cinquant\u2019anni dopo la visita di Nixon a Pechino, la Casa Bianca cercherebbe di allontanare la Russia dalla Cina, avvicinandosi stavolta al Cremlino. Ritiene che si tratti di un\u2019interpretazione conforme alle tendenze attuali? E quale rischio rappresenta rispetto alla sua dottrina della \u201c<a href=\"https:\/\/legrandcontinent.eu\/fr\/2024\/04\/20\/desoccidentaliser-la-majorite-mondiale-la-doctrine-karaganov\/\">maggioranza mondiale<\/a>\u201d?<\/strong><\/h3>\n\n\n\n<p>Una rottura della Russia con la Cina sarebbe per noi assurda e controproducente.<\/p>\n\n\n\n<p>Contrariamente a quanto alcuni possono riportare, mentre i membri dell\u2019amministrazione Trump del primo mandato avevano cercato di convincerci a farlo, oggi comprendono che la Russia non accetter\u00e0 mai questa condizione.<\/p>\n\n\n\n<h3 class=\"wp-block-heading\"><strong>Non vi \u00e8 dunque, secondo lei, alcuna condizione sufficiente a condurre a un riavvicinamento tra Stati Uniti e Russia?<\/strong><\/h3>\n\n\n\n<p>Tre elementi potrebbero spingere Trump a negoziare un accordo soddisfacente per la Russia sull\u2019Ucraina.<\/p>\n\n\n\n<p>Il primo sarebbe l\u2019uscita <em>de facto<\/em> della Russia dalla sua alleanza con la Cina \u2014 ipotesi che possiamo escludere.<\/p>\n\n\n\n<p>Il secondo, la minaccia di una ripetizione della grottesca ritirata da Kabul, ovvero la sconfitta totale e la capitolazione vergognosa del regime di Kiev e il fallimento evidente dell\u2019Occidente guidato dagli Stati Uniti.<\/p>\n\n\n\n<p>E il terzo \u00e8 il rischio che le ostilit\u00e0 si estendano agli Stati Uniti e ai loro asset vitali in tutto il mondo, con perdite umane americane massicce, inclusa la distruzione di basi militari.<\/p>\n\n\n\n<p>Solo questi ultimi due elementi restano validi al momento.<\/p>\n\n\n\n<p>La sconfitta totale dell\u2019Ucraina \u2014 con la sua capitolazione pura e semplice, che potrebbe avere un effetto domino sull\u2019Europa \u2014 resta il nostro obiettivo, ma sar\u00e0 estremamente costosa, se non proibitiva, perch\u00e9 comporterebbe la morte di migliaia dei nostri migliori figli, a meno che non sia rafforzata da un ricorso pi\u00f9 attivo alla deterrenza nucleare, che io propugno per uscire da questo stallo.<\/p>\n\n\n\n<h3 class=\"wp-block-heading\"><strong>La Russia avrebbe interesse che la Casa Bianca prosegua la sua strategia di annessione della Groenlandia, mettendo in discussione l\u2019integrit\u00e0 territoriale di uno dei suoi alleati nella NATO?<\/strong><\/h3>\n\n\n\n<p>Per dirla francamente, la NATO non \u00e8 solo un relitto della Guerra fredda: \u00e8 soprattutto un cancro che corrode la sicurezza europea.<\/p>\n\n\n\n<p>Ignoro cosa accadr\u00e0 con l\u2019annessione della Groenlandia ma, qualora avvenisse, spero che contribuisca a far finire la NATO nella pattumiera della storia \u2014 e prima sar\u00e0, meglio sar\u00e0. Non merita altro.<\/p>\n\n\n\n<p>Da anni critico i decisori russi che hanno tentato di ristabilire legami con questa organizzazione che \u00e8, per definizione, ostile, produttrice di conflitti e, per di pi\u00f9, criminale, essendosi resa colpevole di aggressioni in serie. Ricorder\u00f2 soltanto lo stupro della Jugoslavia, la guerra mostruosa che l\u2019immensa maggioranza dei paesi della NATO ha condotto in Iraq, dove un milione di persone ha perso la vita e dove le perdite umane continuano tuttora, o ancora l\u2019aggressione della NATO contro la Libia, che ha portato alla distruzione di un paese relativamente prospero, uno dei pi\u00f9 prosperi del Nord Africa&nbsp;<span class='whitespace-nowrap'><span id='easy-footnote-2-34436' class='easy-footnote-margin-adjust'><\/span><span class='easy-footnote'><a href='https:\/\/legrandcontinent.eu\/it\/2025\/06\/07\/la-guerra-e-nei-geni-dei-russi-unintervista-inedita-con-sergej-karaganov-larchitetto-della-geopolitica-di-putin\/#easy-footnote-bottom-2-34436' title='L&amp;#8217;argomentazione di Sergei Karaganov \u00e8 piuttosto classica nella narrativa propagandistica russa, che confonde in un&amp;#8217;unica entit\u00e0, la NATO, una serie di paesi e forze armate indipendenti. Se l&amp;#8217;autore ricorda che la NATO ha effettuato bombardamenti in Jugoslavia, causando diverse migliaia di morti, senza che tale operazione fosse stata autorizzata dall&amp;#8217;ONU, nel caso della guerra in Iraq scatenata dagli Stati Uniti (che non sono la NATO da soli), l&amp;#8217;organizzazione di difesa collettiva non \u00e8 stata all&amp;#8217;origine della campagna n\u00e9 della conduzione delle operazioni, sebbene abbia effettivamente adottato misure militari, essenzialmente nel campo della sorveglianza, della difesa antimissile e della logistica, su richiesta della Turchia e della Polonia. La mancata partecipazione della Francia (che, va detto, a quella data non era ancora rientrata nel comando integrato della NATO) \u00e8 di per s\u00e9 sufficiente a dimostrare che i membri dell&amp;#8217;organizzazione erano divisi sull&amp;#8217;opportunit\u00e0 di un intervento in Iraq. Infine, nell&amp;#8217;ambito dell&amp;#8217;intervento militare in Libia, la NATO, la Francia, il Regno Unito e gli Stati Uniti hanno agito sotto il mandato dell&amp;#8217;ONU per attuare la risoluzione 1973 del Consiglio di sicurezza, alla quale la Russia si era inizialmente opposta prima di astenersi al momento del voto e alla quale, quindi, non aveva posto il veto.'><sup>2<\/sup><\/a><\/span><\/span>.<\/p>\n\n\n\n<p>Spero che la NATO crepi. Questa organizzazione non ha altro futuro. In passato ha potuto svolgere un ruolo piuttosto positivo, contenendo la Germania, limitando l\u2019influenza del comunismo \u2014 che era il suo obiettivo principale \u2014, bilanciando l\u2019URSS all\u2019interno di un sistema relativamente stabile di confronto tra grandi potenze.<\/p>\n\n\n\n<p>Ma ormai da tempo la NATO non \u00e8 pi\u00f9 altro che un\u2019organizzazione nociva, puramente e esclusivamente nociva per la sicurezza mondiale. Pi\u00f9 presto sparir\u00e0, meglio sar\u00e0.<\/p>\n\n\n\n<h3 class=\"wp-block-heading\"><strong><strong>Secondo lei, l&#8217;Unione europea \u00e8 il nemico comune della Casa Bianca e del Cremlino ?\u00a0<\/strong><a href=\"https:\/\/legrandcontinent.eu\/fr\/2025\/03\/15\/leurope-collective-la-nouvelle-cible-de-la-geopolitique-russe\/\"><strong>Il termine \u00abEuropa collettiva\u00bb<\/strong><\/a><strong>\u00a0ha senso per lei ? \u00c8 legato al\u00a0<\/strong><a href=\"https:\/\/legrandcontinent.eu\/fr\/2025\/04\/19\/selon-les-services-russes-la-lutte-contre-leurope-fasciste-doit-structurer-laxe-poutine-trump\/\"><strong>concetto di \u00abeurofascismo\u00bb<\/strong><\/a><strong>\u00a0utilizzato ormai dai servizi russi che invocano una nuova alleanza tra Russia e Stati Uniti?<\/strong><\/strong><\/h3>\n\n\n\n<p>Sono afflitto dalla traiettoria intrapresa dai paesi europei e dall\u2019Unione europea.<\/p>\n\n\n\n<p>A causa della decadenza morale delle sue \u00e9lite, il progetto europeo \u00e8 oggi in un vicolo cieco, dopo aver raggiunto un certo apice. L\u2019attuale generazione politica fallisce su tutti i fronti e cerca la salvezza nell\u2019alimentare un\u2019ostilit\u00e0 crescente, se non addirittura nella preparazione alla guerra contro la Russia, il che \u00e8 semplicemente sconvolgente \u2014 perc\u00e9 \u00e8 una sorta di preparazione a un suicidio rapido. Penso che l\u2019Europa collettiva sia inevitabilmente destinata a dissolversi. Non mi sembra possa reggere a lungo come entit\u00e0 senza disgregarsi.<\/p>\n\n\n\n<p>Questo avr\u00e0 ovviamente delle conseguenze positive. Un\u2019Europa collettiva com\u2019\u00e8 oggi, sotto la doppia direzione di un\u2019\u00e9lite consumista e di un\u2019\u00e9lite fallita che soffia sulle braci dell\u2019isteria bellica, certamente non serve gli interessi della Russia. L\u2019ipostasi precedente, quella di un\u2019Europa pacifica, era molto pi\u00f9 conforme ai nostri interessi. Senza contare che l\u2019attuale politica europea non risponde neanche agli interessi della sua stessa popolazione \u2014 ma non voglio pronunciarmi al loro posto.<\/p>\n\n\n\n<p>Quanto all\u2019\u201ceurofascismo\u201d, \u00e8 chiaro che ne vediamo i sintomi&nbsp;<span class='whitespace-nowrap'><span id='easy-footnote-3-34436' class='easy-footnote-margin-adjust'><\/span><span class='easy-footnote'><a href='https:\/\/legrandcontinent.eu\/it\/2025\/06\/07\/la-guerra-e-nei-geni-dei-russi-unintervista-inedita-con-sergej-karaganov-larchitetto-della-geopolitica-di-putin\/#easy-footnote-bottom-3-34436' title='Questo concetto \u00e8 stato riportato ufficialmente dal regime russo in un testo pubblicato dai servizi segreti russi il 16 aprile. In\u00a0&lt;a href=&quot;https:\/\/legrandcontinent.eu\/fr\/2025\/04\/19\/selon-les-services-russes-la-lutte-contre-leurope-fasciste-doit-structurer-laxe-poutine-trump\/$&quot;&gt;&lt;u&gt;esso si scopre&lt;\/u&gt;&lt;\/a&gt;\u00a0un discorso pseudo-analitico che cerca di presentare l&amp;#8217;Europa come la fonte storica del male, accusata di una predisposizione al totalitarismo e ai conflitti distruttivi. Sostenendo l&amp;#8217;Ucraina, i paesi europei sarebbero oggi complici di un&amp;#8217;eredit\u00e0 nazista, secondo una logica revisionista che inverte i ruoli e accusa l&amp;#8217;Occidente di autoritarismo. L&amp;#8217;obiettivo ideologico \u00e8 chiaro: delegittimare l&amp;#8217;Europa per promuovere un&amp;#8217;alleanza russo-americana contro di essa. A tal fine, il testo distorceva episodi storici (come la guerra di Crimea o la crisi di Suez) per immaginare un&amp;#8217;antica convergenza tra Washington e Mosca, finendo persino per dipingere Churchill come una sorta di euro-fascista responsabile della guerra fredda, con un capovolgimento finale che presentava la Gran Bretagna come il nemico storico degli Stati Uniti.'><sup>3<\/sup><\/a><\/span><\/span>. Lo dico da tempo, da quasi quindici anni. I fallimenti accumulati e il declino dell\u2019Europa nella competizione internazionale fanno s\u00ec che, prima o poi, vedremo questi sintomi manifestarsi in un numero crescente di paesi europei \u2014 spero solo che non sar\u00e0 cos\u00ec ovunque, anche se i segni sono gi\u00e0 visibili. L\u2019ultraliberalismo si \u00e8 sempre realizzato sotto forma del proprio specchio rovesciato.<\/p>\n\n\n\n<p>Per questo ipotizzo una crescita dell\u2019eurofascismo, non nelle forme assunte sotto Franco, Mussolini o Hitler, ma nei tratti del neo-totalitarismo liberale. L\u2019Europa si prepara ad attraversare un periodo difficile: le tendenze fasciste e nazionaliste si rafforzeranno certamente in numerosi paesi. Ho l\u2019impressione che in Russia siamo ben consapevoli di tutto ci\u00f2 e che, stavolta, sapremo farvi fronte, sapremo impedire che l\u2019Europa diventi una minaccia per la nostra sicurezza e per quella del mondo. In ultima istanza, sapremo affrontarla da soli. Ricordo che sono un europeo russo, bench\u00e9 eurasiatico. Ma ci\u00f2 non toglie che l\u2019Europa sia stata la fonte delle principali calamit\u00e0 dell\u2019umanit\u00e0 negli ultimi cinque secoli.<\/p>\n\n\n\n<h3 class=\"wp-block-heading\"><strong><strong>\u00c8 favorevole all&#8217;idea, formulata da\u00a0<\/strong><a href=\"https:\/\/legrandcontinent.eu\/fr\/2025\/04\/05\/curtis-yarvin-grand-entretien-1\/\"><strong>Curtis Yarvin<\/strong><\/a><strong>\u00a0e altri intellettuali trumpisti, secondo cui le nazioni europee\u00a0<\/strong><a href=\"https:\/\/legrandcontinent.eu\/fr\/2025\/03\/15\/trump-va-ceder-leurope-a-poutine-la-prophetie-de-curtis-yarvin\/\"><strong>dovrebbero essere aiutate<\/strong><\/a><strong>\u00a0\u2014 anche attraverso\u00a0<\/strong><a href=\"https:\/\/legrandcontinent.eu\/fr\/2025\/05\/29\/par-un-canal-officiel-les-etats-unis-de-donald-trump-lancent-un-appel-au-changement-de-regime-en-europe-texte-integral\/\"><strong>cambiamenti di regime<\/strong><\/a><strong>\u00a0\u2014 a ripristinare la loro cultura tradizionale e forme di governo pi\u00f9 autoritarie, in linea con la Russia ?<\/strong><\/strong><\/h3>\n\n\n\n<p>Non condivido l\u2019idea che le nazioni europee debbano essere aiutate in tal senso, ma spero che ci riescano da sole, in un modo o nell\u2019altro. Qualsiasi ingerenza esterna rischierebbe piuttosto di rallentare questo movimento&nbsp;<span class='whitespace-nowrap'><span id='easy-footnote-4-34436' class='easy-footnote-margin-adjust'><\/span><span class='easy-footnote'><a href='https:\/\/legrandcontinent.eu\/it\/2025\/06\/07\/la-guerra-e-nei-geni-dei-russi-unintervista-inedita-con-sergej-karaganov-larchitetto-della-geopolitica-di-putin\/#easy-footnote-bottom-4-34436' title='Dalle elezioni europee alle Olimpiadi, passando per la campagna TikTok di C\u0103lin Georgescu in Romania, l&amp;#8217;ingerenza russa nel nostro spazio democratico e informativo \u00e8 diventata una costante ben consolidata.'><sup>4<\/sup><\/a><\/span><\/span>.<\/p>\n\n\n\n<p>L\u2019Europa \u00e8 stata la culla delle peggiori correnti ideologiche, di guerre mostruose, di genocidi di massa. Governi o norme pi\u00f9 autoritarie potrebbero nuovamente avere effetti catastrofici sul resto del mondo. \u00c8 per questo che l\u2019opzione che privilegio consiste piuttosto nel prendere atto della fine dell\u2019avventura europea, affinch\u00e9 la Russia prenda le distanze dall\u2019Europa e riconosca, finalmente, che il suo viaggio europeo \u00e8 giunto al termine. Non abbiamo pi\u00f9 nulla da ottenere dall\u2019Europa, se non minacce militari e l\u2019infezione delle sue pseudo-valori.<\/p>\n\n\n\n<h3 class=\"wp-block-heading\"><strong>Ritiene che l\u2019orizzonte eurasiatico si sia definitivamente chiuso?<\/strong><\/h3>\n\n\n\n<p>L\u2019Europa perde terreno. La sua influenza culturale, un tempo benefica, \u00e8 ormai nociva. Ne sono tanto pi\u00f9 rattristato quanto la Russia resta in larga misura, al 50 o 60%, un paese europeo dal punto di vista culturale.<\/p>\n\n\n\n<p>Il crollo dell\u2019Europa, come fenomeno culturale e morale, rappresenta una vera perdita, anche per la Russia. Ma non dobbiamo preoccuparcene: ci\u00f2 di cui dobbiamo occuparci \u00e8 costruire relazioni costruttive con i diversi paesi europei, individualmente.<\/p>\n\n\n\n<p>Ho il forte presentimento che, tra una decina o una quindicina d\u2019anni \u2014 forse anche prima \u2014, i paesi dell\u2019Europa del Sud e una buona parte dell\u2019Europa orientale si uniranno alla Grande Eurasia.<\/p>\n\n\n\n<p>Quanto ai paesi del Nord-Ovest, continueranno a marcire sul posto e a scomparire dall\u2019arena mondiale, a meno che non riescano a superare i loro impulsi di rigetto verso i propri valori fondamentali.<\/p>\n\n\n\n<p>Il Regno Unito e altri tre o quattro Stati del continente diventeranno la periferia, l\u2019escrescenza europea degli Stati Uniti.<\/p>\n\n\n\n<p>La loro posizione \u00e8 insostenibile e ci si sta cominciando a render conto: fanno sempre pi\u00f9 fatica a ostinarsi nell\u2019attuale vicolo cieco del loro sistema di valori \u2014 un fallimento che si sono autoimposti e che continuano a perpetuare. Ma voglio insistere su questo punto: la degenerazione o la rinascita morale dell\u2019Europa non ci riguarda.<\/p>\n\n\n\n<p>Per ora, meglio allontanarsene, approfittando dell\u2019opportunit\u00e0 storica rappresentata dalla guerra scatenata dall\u2019Occidente in Ucraina&nbsp;<span class='whitespace-nowrap'><span id='easy-footnote-5-34436' class='easy-footnote-margin-adjust'><\/span><span class='easy-footnote'><a href='https:\/\/legrandcontinent.eu\/it\/2025\/06\/07\/la-guerra-e-nei-geni-dei-russi-unintervista-inedita-con-sergej-karaganov-larchitetto-della-geopolitica-di-putin\/#easy-footnote-bottom-5-34436' title='\u00abL&amp;#8217;operazione militare speciale\u00bb, espressione utilizzata dal regime per riferirsi ufficialmente all&amp;#8217;invasione su larga scala dell&amp;#8217;Ucraina da parte dell&amp;#8217;esercito russo, \u00e8 stata avviata il 24 febbraio 2022 da Vladimir Putin. Si tratta solo dell&amp;#8217;ultima manifestazione di una serie di atti ostili e violenti perpetrati sul territorio ucraino da oltre un decennio. Questa lunga guerra in Ucraina, che lo scrittore ucraino Andrej Kurkov definisce \u00ab&lt;a href=&quot;https:\/\/legrandcontinent.eu\/fr\/2024\/02\/24\/ukraine-notre-guerre-de-dix-ans\/&quot;&gt;&lt;u&gt;guerra dei dieci anni&lt;\/u&gt;&lt;\/a&gt;\u00bb, \u00e8 oggetto quasi quotidiano\u00a0&lt;u&gt;&lt;a href=&quot;https:\/\/legrandcontinent.eu\/fr\/themes\/guerre\/la-guerre-en-ukraine-au-jour-le-jour\/&quot;&gt;di articoli sulle nostre pagine&lt;\/a&gt;&lt;\/u&gt; da tre anni.'><sup>5<\/sup><\/a><\/span><\/span>.<\/p>\n\n\n\n<h3 class=\"wp-block-heading\"><strong>Abbiamo ovviamente una divergenza fondamentale sulla responsabilit\u00e0 dell\u2019avvio e del proseguimento dell\u2019aggressione russa contro l\u2019Ucraina. In che modo ritiene che questa guerra \u2014 che il regime russo continua a chiamare &#8220;operazione militare speciale&#8221; per occultare il massacro quotidiano che provoca \u2014 rappresenti un\u2019opportunit\u00e0 storica?<\/strong><\/h3>\n\n\n\n<p>Questa guerra \u00e8 stata estremamente benefica per noi. \u00c8 tragico che tale risultato abbia dovuto costare la vita alla parte migliore del nostro paese, ma questa guerra ci ha permesso di rompere rapidamente con gli ultimi resti di eurocentrismo e occidentalocentrismo.<\/p>\n\n\n\n<p>Attirando su di noi il fuoco, stiamo infine eliminando quell\u2019\u00e9lite consumista che ha definitivamente lasciato la Russia, stiamo restaurando la nostra identit\u00e0, nei suoi aspetti sia tradizionali che rinnovati, mentre ci volgiamo risolutamente verso il Sud e l\u2019Est, l\u00e0 dove si trovano le fonti esterne della nostra civilt\u00e0 e della nostra prosperit\u00e0 futura.<\/p>\n\n\n\n<p>Se l\u2019Europa torner\u00e0 alla propria cultura, ai propri valori tradizionali, a forme di governo pi\u00f9 autoritarie, se riuscir\u00e0 a instaurare un regime decisionale pi\u00f9 efficace senza cadere nel fascismo, ne sar\u00f2 felice. Sar\u00e0 allora pi\u00f9 semplice per noi dialogare con i nostri vicini europei, ristabilire quei rapporti di amicizia con la Russia che oggi sono puramente e semplicemente proibiti agli europei.<\/p>\n\n\n\n<h3 class=\"wp-block-heading\"><strong><strong>La Russia ritiene auspicabile consolidare\u00a0<\/strong><a href=\"https:\/\/legrandcontinent.eu\/fr\/2023\/07\/26\/monde-viktor-orban\/\"><strong>un asse transatlantico illiberale<\/strong><\/a><strong>, sapendo che oggi sembra presentare polarit\u00e0 favorevoli alla Russia, con\u00a0<\/strong><a href=\"https:\/\/legrandcontinent.eu\/fr\/2025\/05\/30\/apres-washington-il-faut-occuper-bruxelles-le-discours-de-viktor-orban-a-la-cpac-de-budapest\/\"><strong>Viktor Orb\u00e1n in Ungheria<\/strong><\/a><strong>, e altre che le sono sfavorevoli, come\u00a0<\/strong><a href=\"https:\/\/legrandcontinent.eu\/fr\/2025\/06\/01\/qui-est-karol-nawrocki-historien-hooligan-et-anti-avortement-le-candidat-du-pis-a-la-presidentielle-polonaise-en-10-phrases-clefs\/\"><strong>il PiS in Polonia<\/strong><\/a><strong>?<\/strong><\/strong><\/h3>\n\n\n\n<p>Sarebbe in effetti auspicabile o vantaggioso per la Russia che emergesse un asse transatlantico \u201cilliberale\u201d, perch\u00e9 il liberalismo ha fatto il suo tempo \u2014 cos\u00ec come, prima di esso, avevano fatto il loro il comunismo e il nazismo.<\/p>\n\n\n\n<p>Quanto al fatto che quest\u2019asse sar\u00e0 pro-russo o anti-russo, si vedr\u00e0.<\/p>\n\n\n\n<p>Osservo inoltre che il contesto in Europa sta cambiando. Non penso, ad esempio, che l\u2019Italia proseguir\u00e0 sulla sua linea anti-russa, almeno nel medio termine.<\/p>\n\n\n\n<p>Spero inoltre che la Francia finir\u00e0 per abbandonare la sua posizione attuale, propriamente delirante e suicida. La conseguenza di questa linea \u00e8 che una parte considerevole dell\u2019Europa si unir\u00e0 alla Grande Eurasia, intesa come spazio che non ha tanto la vocazione a controbilanciare la potenza degli Stati Uniti quanto a far trionfare una politica e dei valori politici normali. Mi auguro sinceramente che la Francia esca da questo momento patetico della sua storia.<\/p>\n\n\n\n<p>Quanto alla Germania, temo fortemente che non sar\u00e0 in grado di uscire dalla crisi in cui si \u00e8 cacciata. Se ci riuscir\u00e0, tanto meglio, ma, personalmente, preferisco escludere la Germania da ogni mio pronostico, pur sperando di sbagliarmi.<\/p>\n\n\n\n<h3 class=\"wp-block-heading\"><strong><strong>\u00c8 evidente che all&#8217;interno della stessa popolazione russa ci sono persone che non condividono\u00a0<\/strong><a href=\"https:\/\/legrandcontinent.eu\/fr\/2025\/03\/17\/un-lebensraum-pour-la-russie-la-geopolitique-de-la-grande-eurasie-selon-karaganov\/\"><strong>la sua \u00abidea-sogno russa\u00bb<\/strong><\/a><strong>. Come concepisce la gestione \u2013 o la possibilit\u00e0 stessa \u2013 del dissenso politico nella Russia di oggi e di domani?<\/strong><\/strong><\/h3>\n\n\n\n<p>Vi sono effettivamente tra i nostri concittadini persone che non condividono la mia concezione personale dell\u2019\u201cidea-sogno russa\u201d, la quale, peraltro, non mi appartiene in proprio. \u00c8 una visione che elaboriamo assiduamente, con decine, centinaia di intellettuali di prim\u2019ordine e di figure politiche del Paese.<\/p>\n\n\n\n<p>Questa concezione \u00e8 piuttosto semplice: afferma che deve esistere nel nostro Paese un\u2019ideologia capace di portarci avanti, un\u2019ideologia condivisa dalla maggioranza della popolazione e obbligatoria per l\u2019\u00e9lite dirigente. Ma n\u00e9 io, n\u00e9 \u2014 spero \u2014 i miei colleghi e amici, pretendiamo di imporre questa ideologia all\u2019insieme dei cittadini, ideologia che chiamiamo \u201cidea-sogno\u201d o \u201cCodice dell\u2019uomo russo\u201d.<\/p>\n\n\n\n<p>Non vogliamo in alcun modo tornare al totalitarismo comunista che ci ha mutilati intellettualmente e che ha contribuito al crollo dell\u2019Unione Sovietica.<\/p>\n\n\n\n<p>Ritengo, invece, che dobbiamo trasmettere, fin dalla pi\u00f9 tenera et\u00e0, un insieme comune di valori determinati: i valori iscritti in questa concezione e che oggi cominciano a diffondersi. Non c\u2019\u00e8 quindi nulla di diverso da quanto si faceva un tempo con i comandamenti divini, poi con il <em>Codice del costruttore del comunismo<\/em>, che venivano trasmessi ai bambini russi&nbsp;<span class='whitespace-nowrap'><span id='easy-footnote-6-34436' class='easy-footnote-margin-adjust'><\/span><span class='easy-footnote'><a href='https:\/\/legrandcontinent.eu\/it\/2025\/06\/07\/la-guerra-e-nei-geni-dei-russi-unintervista-inedita-con-sergej-karaganov-larchitetto-della-geopolitica-di-putin\/#easy-footnote-bottom-6-34436' title='La serie di massime morali che compongono questo\u00a0&lt;em&gt;Codice morale del costruttore del comunismo&lt;\/em&gt;, approvato nel 1961 durante il XXII&lt;sup&gt;\u00b0&lt;\/sup&gt;\u00a0Congresso del PCUS, \u00e8\u00a0&lt;a href=&quot;https:\/\/legrandcontinent.eu\/fr\/2023\/12\/25\/russie-la-morale-de-vladimir-poutine\/&quot;&gt;&lt;u&gt;spesso citata nei discorsi di Vladimir Putin&lt;\/u&gt;&lt;\/a&gt;, che ne fa una delle principali fonti della sua politica in materia di valori.'><sup>6<\/sup><\/a><\/span><\/span>.<\/p>\n\n\n\n<p>Detto ci\u00f2, mi opporr\u00f2 categoricamente a qualsiasi forma di oppressione delle persone che non condividano questa \u201cidea-sogno\u201d&nbsp;<span class='whitespace-nowrap'><span id='easy-footnote-7-34436' class='easy-footnote-margin-adjust'><\/span><span class='easy-footnote'><a href='https:\/\/legrandcontinent.eu\/it\/2025\/06\/07\/la-guerra-e-nei-geni-dei-russi-unintervista-inedita-con-sergej-karaganov-larchitetto-della-geopolitica-di-putin\/#easy-footnote-bottom-7-34436' title='Alexei Anatolyevich Navalny, il pi\u00f9 noto oppositore di Vladimir Putin, \u00e8 stato ucciso in una prigione russa il 16 febbraio 2024.\u00a0&lt;em&gt;Le Grand Continent&lt;\/em&gt;\u00a0aveva pubblicato\u00a0&lt;a href=&quot;https:\/\/legrandcontinent.eu\/fr\/2021\/02\/01\/conversation-avec-alexei-navalny\/&quot;&gt;&lt;u&gt;la sua ultima grande intervista&lt;\/u&gt;&lt;\/a&gt;.'><sup>7<\/sup><\/a><\/span><\/span>. Se non vi aderite, ma pagate le tasse, non agite contro gli interessi dello Stato e non vi mettete al servizio di governi stranieri, allora va benissimo: siete liberi di vivere come volete. <\/p>\n\n\n\n<p>Se per\u00f2 aspirate a far parte della classe dirigente russa, allora dovete condividere questi valori e questa politica, promuovere questa identit\u00e0. Coloro che rifiutano questo dovere devono essere relegati in una sorta di semi-isolamento&nbsp;<span class='whitespace-nowrap'><span id='easy-footnote-8-34436' class='easy-footnote-margin-adjust'><\/span><span class='easy-footnote'><a href='https:\/\/legrandcontinent.eu\/it\/2025\/06\/07\/la-guerra-e-nei-geni-dei-russi-unintervista-inedita-con-sergej-karaganov-larchitetto-della-geopolitica-di-putin\/#easy-footnote-bottom-8-34436' title='Questo \u201cisolamento\u201d equivale in qualche modo a instaurare un&amp;#8217;oligarchia ideologica: come alla fine del XVIII&lt;sup&gt;\u00a0&lt;\/sup&gt;secolo all&amp;#8217;inizio del XIX\u00a0si distingueva tra \u00abcittadini attivi\u00bb e \u00abcittadini passivi\u00bb, o ancora tra cittadini elettori ed eleggibili in base a un criterio censitario, Karaganov propone che il pieno esercizio della cittadinanza sia riservato solo agli individui in grado di dimostrare la loro conformit\u00e0 ideologica.'><sup>8<\/sup><\/a><\/span><\/span>. Che facciano affari o lavorino in fabbrica, purch\u00e9 siano utili alla societ\u00e0 e si prendano cura della loro famiglia, che vivano pure la loro vita. Ma non devono far parte della classe dirigente. E bisogna allontanare quelli che oggi ne fanno parte senza condividere questa visione.<\/p>\n\n\n\n<h3 class=\"wp-block-heading\"><strong>Con quali mezzi vuole allontanarli?<\/strong><\/h3>\n\n\n\n<p>Fortunatamente per noi, i nostri attuali avversari occidentali \u2014 quelli che fino a poco tempo fa chiamavamo ancora \u201cpartner\u201d \u2014 ci stanno rendendo un grande servizio su questo piano. Grazie all\u2019operazione militare, ci siamo liberati in tempo record di una quantit\u00e0 considerevole di persone che io definisco \u201cfeccia\u201d.<\/p>\n\n\n\n<p>Queste persone hanno lasciato la Russia per l\u2019Occidente: li ringrazio.<\/p>\n\n\n\n<p>La parola \u201cfeccia\u201d [<em>\u0161val\u2019<\/em>], ricordo, \u00e8 un termine russo che significa \u201cpersona indegna\u201d e deriva dal francese \u201c<em>chevalier<\/em>\u201d. Fu ascoltando i francesi pronunciarla al tempo napoleonico che i russi finirono per utilizzarla per designare individui indegni di rispetto&nbsp;<span class='whitespace-nowrap'><span id='easy-footnote-9-34436' class='easy-footnote-margin-adjust'><\/span><span class='easy-footnote'><a href='https:\/\/legrandcontinent.eu\/it\/2025\/06\/07\/la-guerra-e-nei-geni-dei-russi-unintervista-inedita-con-sergej-karaganov-larchitetto-della-geopolitica-di-putin\/#easy-footnote-bottom-9-34436' title='Questa interpretazione etimologica, per quanto diffusa, non \u00e8 meno discutibile. Al di l\u00e0 del fatto che\u00a0&lt;em&gt;\u0161val\u2019&lt;\/em&gt; ricorda pi\u00f9 chiaramente la parola \u00abcavallo\u00bb che \u00abcavaliere\u00bb, \u00e8 difficile capire quale capovolgimento linguistico abbia potuto conferire a quest&amp;#8217;ultimo termine una connotazione cos\u00ec fortemente peggiorativa in russo. In definitiva, ci troviamo probabilmente di fronte a una leggenda etimologica analoga a quella che attribuisce la parola francese \u00abbistrot\u00bb al russo\u00a0&lt;em&gt;bystro&lt;\/em&gt;.'><sup>9<\/sup><\/a><\/span><\/span>.<\/p>\n\n\n\n<h3 class=\"wp-block-heading\"><strong>Leggendola e ascoltandola, sembra che la guerra sia ormai diventata la matrice della Russia contemporanea. Ritiene che sar\u00e0 anche la chiave del suo futuro? La Russia \u00e8 entrata in una guerra senza fine?<\/strong><\/h3>\n\n\n\n<p>Attualmente \u00e8 in atto in Russia un processo accelerato di rinascita spirituale, morale e intellettuale, dovuto in grandissima parte alla guerra.<\/p>\n\n\n\n<p>Si pu\u00f2 rammaricare che questo processo non sia potuto emergere in altri modi.<\/p>\n\n\n\n<p>Tuttavia, la Russia \u00e8 un paese di guerrieri, non ha mai saputo vivere fuori dallo stato di guerra. <\/p>\n\n\n\n<p>La guerra \u00e8 nel codice genetco dei russi.<\/p>\n\n\n\n<p>Ecco perch\u00e9, non appena la minaccia \u00e8 divenuta palpabile, ci siamo uniti, abbiamo superato le nostre divisioni e raccolto le nostre forze.<\/p>\n\n\n\n<p>\u00c8 tragico che, per farlo, si debba pagare il tributo di sangue \u2014 la vita dei nostri figli. Ma la storia \u00e8 tragica.<\/p>\n","protected":false},"excerpt":{"rendered":"<p>Per fare fronte alla Russia di Putin \u00e8 necessario comprendere le fonti ideologiche e le dottrine del regime che, invadendo l&#8217;Ucraina, sembra dichiarare una guerra senza fine all&#8217;Europa.<\/p>\n<p>Il principale di questi \u201cproduttori di ideologia\u201d putiniani si chiama Sergej Karaganov. <\/p>\n<p>Un&#8217;intervista esclusiva.<\/p>\n","protected":false},"author":7,"featured_media":34433,"comment_status":"closed","ping_status":"closed","sticky":false,"template":"templates\/post-interviews.php","format":"standard","meta":{"_acf_changed":false,"_trash_the_other_posts":false,"_yoast_wpseo_estimated-reading-time-minutes":20,"footnotes":""},"categories":[2290],"tags":[],"staff":[2032],"editorial_format":[],"serie":[],"audience":[],"geo":[2270],"class_list":["post-34436","post","type-post","status-publish","format-standard","hentry","category-dottrine-della-russia-di-putin","staff-guillaume-lancereau","geo-mosca"],"acf":{"open_in_webview":false,"accent":false},"yoast_head":"<!-- This site is optimized with the Yoast SEO plugin v26.1.1 - https:\/\/yoast.com\/wordpress\/plugins\/seo\/ -->\n<title>\u00abLa guerra \u00e8 nel codice genetico dei russi\u00bb: un&#039;intervista inedita con Sergej Karaganov, l&#039;architetto della geopolitica di Putin - Il Grand Continent<\/title>\n<meta name=\"robots\" content=\"index, follow, max-snippet:-1, max-image-preview:large, max-video-preview:-1\" \/>\n<link rel=\"canonical\" href=\"https:\/\/legrandcontinent.eu\/it\/2025\/06\/07\/la-guerra-e-nei-geni-dei-russi-unintervista-inedita-con-sergej-karaganov-larchitetto-della-geopolitica-di-putin\/\" \/>\n<meta property=\"og:locale\" content=\"it_IT\" \/>\n<meta property=\"og:type\" content=\"article\" \/>\n<meta property=\"og:title\" content=\"\u00abLa guerra \u00e8 nel codice genetico dei russi\u00bb: un&#039;intervista inedita con Sergej Karaganov, l&#039;architetto della geopolitica di Putin - Il Grand Continent\" \/>\n<meta property=\"og:description\" content=\"Per fare fronte alla Russia di Putin \u00e8 necessario comprendere le fonti ideologiche e le dottrine del regime che, invadendo l&#039;Ucraina, sembra dichiarare una guerra senza fine all&#039;Europa.  Il principale di questi \u201cproduttori di ideologia\u201d putiniani si chiama Sergej Karaganov.   Un&#039;intervista esclusiva.\" \/>\n<meta property=\"og:url\" content=\"https:\/\/legrandcontinent.eu\/it\/2025\/06\/07\/la-guerra-e-nei-geni-dei-russi-unintervista-inedita-con-sergej-karaganov-larchitetto-della-geopolitica-di-putin\/\" \/>\n<meta property=\"og:site_name\" content=\"Il Grand Continent\" \/>\n<meta property=\"article:published_time\" content=\"2025-06-07T06:29:28+00:00\" \/>\n<meta property=\"article:modified_time\" content=\"2025-06-16T08:32:20+00:00\" \/>\n<meta property=\"og:image\" content=\"https:\/\/legrandcontinent.eu\/it\/wp-content\/uploads\/sites\/12\/2025\/06\/Grand-Continent-Karaganov-Putin.png\" \/>\n\t<meta property=\"og:image:width\" content=\"1134\" \/>\n\t<meta property=\"og:image:height\" content=\"640\" \/>\n\t<meta property=\"og:image:type\" content=\"image\/png\" \/>\n<meta name=\"author\" content=\"Gilles Gressani\" \/>\n<meta name=\"twitter:card\" content=\"summary_large_image\" \/>\n<meta name=\"twitter:image\" content=\"https:\/\/legrandcontinent.eu\/it\/wp-content\/uploads\/sites\/12\/2025\/06\/Grand-Continent-Karaganov-Putin.png\" \/>\n<meta name=\"twitter:label1\" content=\"Scritto da\" \/>\n\t<meta name=\"twitter:data1\" content=\"Gilles Gressani\" \/>\n\t<meta name=\"twitter:label2\" content=\"Tempo di lettura stimato\" \/>\n\t<meta name=\"twitter:data2\" content=\"20 minuti\" \/>\n<script type=\"application\/ld+json\" class=\"yoast-schema-graph\">{\"@context\":\"https:\/\/schema.org\",\"@graph\":[{\"@type\":\"WebPage\",\"@id\":\"https:\/\/legrandcontinent.eu\/it\/2025\/06\/07\/la-guerra-e-nei-geni-dei-russi-unintervista-inedita-con-sergej-karaganov-larchitetto-della-geopolitica-di-putin\/\",\"url\":\"https:\/\/legrandcontinent.eu\/it\/2025\/06\/07\/la-guerra-e-nei-geni-dei-russi-unintervista-inedita-con-sergej-karaganov-larchitetto-della-geopolitica-di-putin\/\",\"name\":\"\u00abLa guerra \u00e8 nel codice genetico dei russi\u00bb: un'intervista inedita con Sergej Karaganov, l'architetto della geopolitica di Putin - Il Grand Continent\",\"isPartOf\":{\"@id\":\"https:\/\/legrandcontinent.eu\/it\/#website\"},\"primaryImageOfPage\":{\"@id\":\"https:\/\/legrandcontinent.eu\/it\/2025\/06\/07\/la-guerra-e-nei-geni-dei-russi-unintervista-inedita-con-sergej-karaganov-larchitetto-della-geopolitica-di-putin\/#primaryimage\"},\"image\":{\"@id\":\"https:\/\/legrandcontinent.eu\/it\/2025\/06\/07\/la-guerra-e-nei-geni-dei-russi-unintervista-inedita-con-sergej-karaganov-larchitetto-della-geopolitica-di-putin\/#primaryimage\"},\"thumbnailUrl\":\"https:\/\/legrandcontinent.eu\/it\/wp-content\/uploads\/sites\/2\/2025\/06\/img_9470.jpg\",\"datePublished\":\"2025-06-07T06:29:28+00:00\",\"dateModified\":\"2025-06-16T08:32:20+00:00\",\"author\":{\"@id\":\"https:\/\/legrandcontinent.eu\/it\/#\/schema\/person\/cf5b9f219cfb8e49b2923ff0e192682b\"},\"breadcrumb\":{\"@id\":\"https:\/\/legrandcontinent.eu\/it\/2025\/06\/07\/la-guerra-e-nei-geni-dei-russi-unintervista-inedita-con-sergej-karaganov-larchitetto-della-geopolitica-di-putin\/#breadcrumb\"},\"inLanguage\":\"it-IT\",\"potentialAction\":[{\"@type\":\"ReadAction\",\"target\":[\"https:\/\/legrandcontinent.eu\/it\/2025\/06\/07\/la-guerra-e-nei-geni-dei-russi-unintervista-inedita-con-sergej-karaganov-larchitetto-della-geopolitica-di-putin\/\"]}]},{\"@type\":\"ImageObject\",\"inLanguage\":\"it-IT\",\"@id\":\"https:\/\/legrandcontinent.eu\/it\/2025\/06\/07\/la-guerra-e-nei-geni-dei-russi-unintervista-inedita-con-sergej-karaganov-larchitetto-della-geopolitica-di-putin\/#primaryimage\",\"url\":\"https:\/\/legrandcontinent.eu\/it\/wp-content\/uploads\/sites\/2\/2025\/06\/img_9470.jpg\",\"contentUrl\":\"https:\/\/legrandcontinent.eu\/it\/wp-content\/uploads\/sites\/2\/2025\/06\/img_9470.jpg\",\"width\":750,\"height\":984,\"caption\":\"Sergu\u00e9i Karaganov, director del Consejo de Pol\u00edtica Exterior y Defensa, es a menudo presentado como el principal art\u00edfice de la pol\u00edtica exterior rusa.\"},{\"@type\":\"BreadcrumbList\",\"@id\":\"https:\/\/legrandcontinent.eu\/it\/2025\/06\/07\/la-guerra-e-nei-geni-dei-russi-unintervista-inedita-con-sergej-karaganov-larchitetto-della-geopolitica-di-putin\/#breadcrumb\",\"itemListElement\":[{\"@type\":\"ListItem\",\"position\":1,\"name\":\"Home\",\"item\":\"https:\/\/legrandcontinent.eu\/it\/\"},{\"@type\":\"ListItem\",\"position\":2,\"name\":\"\u00abLa guerra \u00e8 nel codice genetico dei russi\u00bb: un&#8217;intervista inedita con Sergej Karaganov, l&#8217;architetto della geopolitica di Putin\"}]},{\"@type\":\"WebSite\",\"@id\":\"https:\/\/legrandcontinent.eu\/it\/#website\",\"url\":\"https:\/\/legrandcontinent.eu\/it\/\",\"name\":\"Il Grand Continent\",\"description\":\"La scala pertinente\",\"potentialAction\":[{\"@type\":\"SearchAction\",\"target\":{\"@type\":\"EntryPoint\",\"urlTemplate\":\"https:\/\/legrandcontinent.eu\/it\/?s={search_term_string}\"},\"query-input\":{\"@type\":\"PropertyValueSpecification\",\"valueRequired\":true,\"valueName\":\"search_term_string\"}}],\"inLanguage\":\"it-IT\"},{\"@type\":\"Person\",\"@id\":\"https:\/\/legrandcontinent.eu\/it\/#\/schema\/person\/cf5b9f219cfb8e49b2923ff0e192682b\",\"name\":\"Gilles Gressani\",\"image\":{\"@type\":\"ImageObject\",\"inLanguage\":\"it-IT\",\"@id\":\"https:\/\/legrandcontinent.eu\/it\/#\/schema\/person\/image\/\",\"url\":\"https:\/\/secure.gravatar.com\/avatar\/ca9dca3417a297a024262b1a2d6d035a?s=96&d=mm&r=g\",\"contentUrl\":\"https:\/\/secure.gravatar.com\/avatar\/ca9dca3417a297a024262b1a2d6d035a?s=96&d=mm&r=g\",\"caption\":\"Gilles Gressani\"}}]}<\/script>\n<!-- \/ Yoast SEO plugin. -->","yoast_head_json":{"title":"\u00abLa guerra \u00e8 nel codice genetico dei russi\u00bb: un'intervista inedita con Sergej Karaganov, l'architetto della geopolitica di Putin - Il Grand Continent","robots":{"index":"index","follow":"follow","max-snippet":"max-snippet:-1","max-image-preview":"max-image-preview:large","max-video-preview":"max-video-preview:-1"},"canonical":"https:\/\/legrandcontinent.eu\/it\/2025\/06\/07\/la-guerra-e-nei-geni-dei-russi-unintervista-inedita-con-sergej-karaganov-larchitetto-della-geopolitica-di-putin\/","og_locale":"it_IT","og_type":"article","og_title":"\u00abLa guerra \u00e8 nel codice genetico dei russi\u00bb: un'intervista inedita con Sergej Karaganov, l'architetto della geopolitica di Putin - Il Grand Continent","og_description":"Per fare fronte alla Russia di Putin \u00e8 necessario comprendere le fonti ideologiche e le dottrine del regime che, invadendo l'Ucraina, sembra dichiarare una guerra senza fine all'Europa.  Il principale di questi \u201cproduttori di ideologia\u201d putiniani si chiama Sergej Karaganov.   Un'intervista esclusiva.","og_url":"https:\/\/legrandcontinent.eu\/it\/2025\/06\/07\/la-guerra-e-nei-geni-dei-russi-unintervista-inedita-con-sergej-karaganov-larchitetto-della-geopolitica-di-putin\/","og_site_name":"Il Grand Continent","article_published_time":"2025-06-07T06:29:28+00:00","article_modified_time":"2025-06-16T08:32:20+00:00","og_image":[{"width":1134,"height":640,"url":"https:\/\/legrandcontinent.eu\/it\/wp-content\/uploads\/sites\/12\/2025\/06\/Grand-Continent-Karaganov-Putin.png","type":"image\/png"}],"author":"Gilles Gressani","twitter_card":"summary_large_image","twitter_image":"https:\/\/legrandcontinent.eu\/it\/wp-content\/uploads\/sites\/12\/2025\/06\/Grand-Continent-Karaganov-Putin.png","twitter_misc":{"Scritto da":"Gilles Gressani","Tempo di lettura stimato":"20 minuti"},"schema":{"@context":"https:\/\/schema.org","@graph":[{"@type":"WebPage","@id":"https:\/\/legrandcontinent.eu\/it\/2025\/06\/07\/la-guerra-e-nei-geni-dei-russi-unintervista-inedita-con-sergej-karaganov-larchitetto-della-geopolitica-di-putin\/","url":"https:\/\/legrandcontinent.eu\/it\/2025\/06\/07\/la-guerra-e-nei-geni-dei-russi-unintervista-inedita-con-sergej-karaganov-larchitetto-della-geopolitica-di-putin\/","name":"\u00abLa guerra \u00e8 nel codice genetico dei russi\u00bb: un'intervista inedita con Sergej Karaganov, l'architetto della geopolitica di Putin - Il Grand Continent","isPartOf":{"@id":"https:\/\/legrandcontinent.eu\/it\/#website"},"primaryImageOfPage":{"@id":"https:\/\/legrandcontinent.eu\/it\/2025\/06\/07\/la-guerra-e-nei-geni-dei-russi-unintervista-inedita-con-sergej-karaganov-larchitetto-della-geopolitica-di-putin\/#primaryimage"},"image":{"@id":"https:\/\/legrandcontinent.eu\/it\/2025\/06\/07\/la-guerra-e-nei-geni-dei-russi-unintervista-inedita-con-sergej-karaganov-larchitetto-della-geopolitica-di-putin\/#primaryimage"},"thumbnailUrl":"https:\/\/legrandcontinent.eu\/it\/wp-content\/uploads\/sites\/2\/2025\/06\/img_9470.jpg","datePublished":"2025-06-07T06:29:28+00:00","dateModified":"2025-06-16T08:32:20+00:00","author":{"@id":"https:\/\/legrandcontinent.eu\/it\/#\/schema\/person\/cf5b9f219cfb8e49b2923ff0e192682b"},"breadcrumb":{"@id":"https:\/\/legrandcontinent.eu\/it\/2025\/06\/07\/la-guerra-e-nei-geni-dei-russi-unintervista-inedita-con-sergej-karaganov-larchitetto-della-geopolitica-di-putin\/#breadcrumb"},"inLanguage":"it-IT","potentialAction":[{"@type":"ReadAction","target":["https:\/\/legrandcontinent.eu\/it\/2025\/06\/07\/la-guerra-e-nei-geni-dei-russi-unintervista-inedita-con-sergej-karaganov-larchitetto-della-geopolitica-di-putin\/"]}]},{"@type":"ImageObject","inLanguage":"it-IT","@id":"https:\/\/legrandcontinent.eu\/it\/2025\/06\/07\/la-guerra-e-nei-geni-dei-russi-unintervista-inedita-con-sergej-karaganov-larchitetto-della-geopolitica-di-putin\/#primaryimage","url":"https:\/\/legrandcontinent.eu\/it\/wp-content\/uploads\/sites\/2\/2025\/06\/img_9470.jpg","contentUrl":"https:\/\/legrandcontinent.eu\/it\/wp-content\/uploads\/sites\/2\/2025\/06\/img_9470.jpg","width":750,"height":984,"caption":"Sergu\u00e9i Karaganov, director del Consejo de Pol\u00edtica Exterior y Defensa, es a menudo presentado como el principal art\u00edfice de la pol\u00edtica exterior rusa."},{"@type":"BreadcrumbList","@id":"https:\/\/legrandcontinent.eu\/it\/2025\/06\/07\/la-guerra-e-nei-geni-dei-russi-unintervista-inedita-con-sergej-karaganov-larchitetto-della-geopolitica-di-putin\/#breadcrumb","itemListElement":[{"@type":"ListItem","position":1,"name":"Home","item":"https:\/\/legrandcontinent.eu\/it\/"},{"@type":"ListItem","position":2,"name":"\u00abLa guerra \u00e8 nel codice genetico dei russi\u00bb: un&#8217;intervista inedita con Sergej Karaganov, l&#8217;architetto della geopolitica di Putin"}]},{"@type":"WebSite","@id":"https:\/\/legrandcontinent.eu\/it\/#website","url":"https:\/\/legrandcontinent.eu\/it\/","name":"Il Grand Continent","description":"La scala pertinente","potentialAction":[{"@type":"SearchAction","target":{"@type":"EntryPoint","urlTemplate":"https:\/\/legrandcontinent.eu\/it\/?s={search_term_string}"},"query-input":{"@type":"PropertyValueSpecification","valueRequired":true,"valueName":"search_term_string"}}],"inLanguage":"it-IT"},{"@type":"Person","@id":"https:\/\/legrandcontinent.eu\/it\/#\/schema\/person\/cf5b9f219cfb8e49b2923ff0e192682b","name":"Gilles Gressani","image":{"@type":"ImageObject","inLanguage":"it-IT","@id":"https:\/\/legrandcontinent.eu\/it\/#\/schema\/person\/image\/","url":"https:\/\/secure.gravatar.com\/avatar\/ca9dca3417a297a024262b1a2d6d035a?s=96&d=mm&r=g","contentUrl":"https:\/\/secure.gravatar.com\/avatar\/ca9dca3417a297a024262b1a2d6d035a?s=96&d=mm&r=g","caption":"Gilles Gressani"}}]}},"lgc_categories":[{"id":2290,"name":"Dottrine della Russia di Putin","slug":"dottrine-della-russia-di-putin"}],"lgc_author":{"id":2032,"name":"Guillaume Lancereau","slug":"guillaume-lancereau"},"feature_image_summary":{"url":"https:\/\/legrandcontinent.eu\/it\/wp-content\/uploads\/sites\/2\/2025\/06\/img_9470.jpg","width":750,"height":984,"alt":""},"feature_image_cover":{"url":"https:\/\/legrandcontinent.eu\/it\/wp-content\/uploads\/sites\/2\/2025\/06\/img_9470.jpg","width":750,"height":984,"alt":""},"term_position_data":null,"_links":{"self":[{"href":"https:\/\/legrandcontinent.eu\/it\/wp-json\/wp\/v2\/posts\/34436","targetHints":{"allow":["GET"]}}],"collection":[{"href":"https:\/\/legrandcontinent.eu\/it\/wp-json\/wp\/v2\/posts"}],"about":[{"href":"https:\/\/legrandcontinent.eu\/it\/wp-json\/wp\/v2\/types\/post"}],"author":[{"embeddable":true,"href":"https:\/\/legrandcontinent.eu\/it\/wp-json\/wp\/v2\/users\/7"}],"replies":[{"embeddable":true,"href":"https:\/\/legrandcontinent.eu\/it\/wp-json\/wp\/v2\/comments?post=34436"}],"version-history":[{"count":0,"href":"https:\/\/legrandcontinent.eu\/it\/wp-json\/wp\/v2\/posts\/34436\/revisions"}],"wp:featuredmedia":[{"embeddable":true,"href":"https:\/\/legrandcontinent.eu\/it\/wp-json\/wp\/v2\/media\/34433"}],"wp:attachment":[{"href":"https:\/\/legrandcontinent.eu\/it\/wp-json\/wp\/v2\/media?parent=34436"}],"wp:term":[{"taxonomy":"category","embeddable":true,"href":"https:\/\/legrandcontinent.eu\/it\/wp-json\/wp\/v2\/categories?post=34436"},{"taxonomy":"post_tag","embeddable":true,"href":"https:\/\/legrandcontinent.eu\/it\/wp-json\/wp\/v2\/tags?post=34436"},{"taxonomy":"staff","embeddable":true,"href":"https:\/\/legrandcontinent.eu\/it\/wp-json\/wp\/v2\/staff?post=34436"},{"taxonomy":"editorial_format","embeddable":true,"href":"https:\/\/legrandcontinent.eu\/it\/wp-json\/wp\/v2\/editorial_format?post=34436"},{"taxonomy":"serie","embeddable":true,"href":"https:\/\/legrandcontinent.eu\/it\/wp-json\/wp\/v2\/serie?post=34436"},{"taxonomy":"audience","embeddable":true,"href":"https:\/\/legrandcontinent.eu\/it\/wp-json\/wp\/v2\/audience?post=34436"},{"taxonomy":"geo","embeddable":true,"href":"https:\/\/legrandcontinent.eu\/it\/wp-json\/wp\/v2\/geo?post=34436"}],"curies":[{"name":"wp","href":"https:\/\/api.w.org\/{rel}","templated":true}]}}