{"id":24116,"date":"2024-09-08T10:00:00","date_gmt":"2024-09-08T08:00:00","guid":{"rendered":"https:\/\/legrandcontinent.eu\/it\/?p=24116"},"modified":"2024-09-09T21:16:57","modified_gmt":"2024-09-09T19:16:57","slug":"dietro-la-competizione-apple-huawei-la-guerra-dei-semiconduttori","status":"publish","type":"post","link":"https:\/\/legrandcontinent.eu\/it\/2024\/09\/08\/dietro-la-competizione-apple-huawei-la-guerra-dei-semiconduttori\/","title":{"rendered":"Dietro la competizione Apple-Huawei, la guerra dei semiconduttori"},"content":{"rendered":"\n<p>La presentazione del nuovo modello di iPhone e dell&#8217;aggiornamento del sistema operativo iOS \u00e8 sempre stato un evento mediatico, finanziario e commerciale, ma quest&#8217;anno ha una particolarit\u00e0: il principale concorrente cinese, Huawei, presenter\u00e0 i suoi nuovi smartphone solo poche ore dopo, marted\u00ec 10 settembre.<\/p>\n\n\n\n<ul class=\"wp-block-list\">\n<li>I profitti del gigante cinese sono aumentati per sei trimestri consecutivi, mentre i suoi smartphone stanno guadagnando quote di mercato in Cina a spese di Apple.<\/li>\n\n\n\n<li>Al contrario, la domanda di iPhone \u00e8 scesa di oltre il 10% nei primi tre mesi dell&#8217;anno, in tutte le regioni tranne che in Europa.<\/li>\n<\/ul>\n\n\n\n<div class=\"iframe-container wp-block-image wp-block-image-medium  iframe-dw\">\n\t<div>\n\t\t<iframe class=\"absolute w-full h-full pin-t pin-l\" title=\"titolo\" aria-label=\"Interactive line chart\" src=\"\/\/datawrapper.dwcdn.net\/RiCPf\" scrolling=\"no\" frameborder=\"0\"><\/iframe>\n\t<\/div>\n<\/div>\n\n\n\n<p>Il nuovo smartphone di Huawei sar\u00e0 oggetto di un attento esame per verificare eventuali progressi nello sviluppo dei semiconduttori. Mentre le sanzioni imposte dagli Stati Uniti durante l&#8217;amministrazione Trump hanno quasi paralizzato Huawei, facendo crollare le sue vendite di quasi il 30% entro il 2021, Pechino fa ora sempre pi\u00f9 affidamento sull&#8217;azienda per creare un ecosistema di semiconduttori indipendente. In particolare, Huawei sta per completare la costruzione di un centro di ricerca e sviluppo da 1,4 miliardi di dollari dedicato ai microprocessori a Shanghai.<\/p>\n\n\n\n<ul class=\"wp-block-list\">\n<li>Nell&#8217;autunno del 2023, un microprocessore avanzato utilizzato nel suo telefono cellulare Mate 60 Pro e prodotto dall&#8217;azienda cinese SMIC, utilizzando in parte la tecnologia del produttore olandese ASML, ha scatenato una nuova ondata di indagini negli Stati Uniti e ha sollevato preoccupazioni sull&#8217;efficacia delle sanzioni statunitensi.<\/li>\n\n\n\n<li>Nella primavera del 2024, Washington ha revocato le licenze che consentivano a Huawei di acquistare semiconduttori Qualcomm e Intel.<\/li>\n<\/ul>\n\n\n\n<div class=\"iframe-container wp-block-image wp-block-image-medium  iframe-dw\">\n\t<div>\n\t\t<iframe class=\"absolute w-full h-full pin-t pin-l\" title=\"titolo\" aria-label=\"Interactive line chart\" src=\"\/\/datawrapper.dwcdn.net\/2b1MN\" scrolling=\"no\" frameborder=\"0\"><\/iframe>\n\t<\/div>\n<\/div>\n\n\n\n<p>Venerd\u00ec scorso, 6 settembre, il governo olandese ha annunciato l&#8217;intenzione di ampliare i requisiti di licenza di esportazione per gli strumenti di litografia a immersione DUV (Deep Ultraviolet) 1970i e 1980i di ASML. Nel secondo trimestre del 2024, la Cina ha rappresentato quasi il 50% delle vendite dell&#8217;azienda, soprattutto grazie agli ordini di aziende cinesi per macchine pi\u00f9 vecchie, attualmente non soggette a restrizioni.<\/p>\n","protected":false},"excerpt":{"rendered":"<p>Apple presenta domani, luned\u00ec 9 settembre, il suo sedicesimo iPhone, poche ore prima che Huawei sveli i suoi ultimi smartphone. Mentre il produttore cinese guadagna quote di mercato, Amsterdam ha annunciato venerd\u00ec 6 nuove misure per limitare l&#8217;esportazione in Cina di macchine per l&#8217;industria dei semiconduttori costruite dall&#8217;ammiraglia olandese ASML.<\/p>\n","protected":false},"author":23898,"featured_media":24118,"comment_status":"closed","ping_status":"closed","sticky":false,"template":"templates\/post-briefings.php","format":"standard","meta":{"_acf_changed":true,"_trash_the_other_posts":false,"_yoast_wpseo_estimated-reading-time-minutes":2,"footnotes":""},"categories":[1940],"tags":[],"staff":[],"editorial_format":[],"serie":[],"audience":[],"geo":[2171],"class_list":["post-24116","post","type-post","status-publish","format-standard","hentry","category-digitale","geo-mondo"],"acf":{"open_in_webview":false,"accent":false},"yoast_head":"<!-- This site is optimized with the Yoast SEO plugin v26.1.1 - https:\/\/yoast.com\/wordpress\/plugins\/seo\/ -->\n<title>Dietro la competizione Apple-Huawei, la guerra dei semiconduttori - Il Grand Continent<\/title>\n<meta name=\"robots\" content=\"index, follow, max-snippet:-1, max-image-preview:large, max-video-preview:-1\" \/>\n<link rel=\"canonical\" href=\"https:\/\/legrandcontinent.eu\/it\/2024\/09\/08\/dietro-la-competizione-apple-huawei-la-guerra-dei-semiconduttori\/\" \/>\n<meta property=\"og:locale\" content=\"it_IT\" \/>\n<meta property=\"og:type\" content=\"article\" \/>\n<meta property=\"og:title\" content=\"Dietro la competizione Apple-Huawei, la guerra dei semiconduttori - Il Grand Continent\" \/>\n<meta property=\"og:description\" content=\"Apple presenta domani, luned\u00ec 9 settembre, il suo sedicesimo iPhone, poche ore prima che Huawei sveli i suoi ultimi smartphone. Mentre il produttore cinese guadagna quote di mercato, Amsterdam ha annunciato venerd\u00ec 6 nuove misure per limitare l&#039;esportazione in Cina di macchine per l&#039;industria dei semiconduttori costruite dall&#039;ammiraglia olandese ASML.\" \/>\n<meta property=\"og:url\" content=\"https:\/\/legrandcontinent.eu\/it\/2024\/09\/08\/dietro-la-competizione-apple-huawei-la-guerra-dei-semiconduttori\/\" \/>\n<meta property=\"og:site_name\" content=\"Il Grand Continent\" \/>\n<meta property=\"article:published_time\" content=\"2024-09-08T08:00:00+00:00\" \/>\n<meta property=\"article:modified_time\" content=\"2024-09-09T19:16:57+00:00\" \/>\n<meta property=\"og:image\" content=\"https:\/\/legrandcontinent.eu\/it\/wp-content\/uploads\/sites\/12\/2024\/09\/Capture-decran-2024-09-09-164834.png\" \/>\n\t<meta property=\"og:image:width\" content=\"789\" \/>\n\t<meta property=\"og:image:height\" content=\"482\" \/>\n\t<meta property=\"og:image:type\" content=\"image\/png\" \/>\n<meta name=\"author\" content=\"henrigasquet\" \/>\n<meta name=\"twitter:card\" content=\"summary_large_image\" \/>\n<meta name=\"twitter:label1\" content=\"Scritto da\" \/>\n\t<meta name=\"twitter:data1\" content=\"henrigasquet\" \/>\n\t<meta name=\"twitter:label2\" content=\"Tempo di lettura stimato\" \/>\n\t<meta name=\"twitter:data2\" content=\"2 minuti\" \/>\n<script type=\"application\/ld+json\" class=\"yoast-schema-graph\">{\"@context\":\"https:\/\/schema.org\",\"@graph\":[{\"@type\":\"WebPage\",\"@id\":\"https:\/\/legrandcontinent.eu\/it\/2024\/09\/08\/dietro-la-competizione-apple-huawei-la-guerra-dei-semiconduttori\/\",\"url\":\"https:\/\/legrandcontinent.eu\/it\/2024\/09\/08\/dietro-la-competizione-apple-huawei-la-guerra-dei-semiconduttori\/\",\"name\":\"Dietro la competizione Apple-Huawei, la guerra dei semiconduttori - Il Grand Continent\",\"isPartOf\":{\"@id\":\"https:\/\/legrandcontinent.eu\/it\/#website\"},\"primaryImageOfPage\":{\"@id\":\"https:\/\/legrandcontinent.eu\/it\/2024\/09\/08\/dietro-la-competizione-apple-huawei-la-guerra-dei-semiconduttori\/#primaryimage\"},\"image\":{\"@id\":\"https:\/\/legrandcontinent.eu\/it\/2024\/09\/08\/dietro-la-competizione-apple-huawei-la-guerra-dei-semiconduttori\/#primaryimage\"},\"thumbnailUrl\":\"https:\/\/legrandcontinent.eu\/it\/wp-content\/uploads\/sites\/12\/2024\/09\/Capture-decran-2024-09-09-164810.png\",\"datePublished\":\"2024-09-08T08:00:00+00:00\",\"dateModified\":\"2024-09-09T19:16:57+00:00\",\"author\":{\"@id\":\"https:\/\/legrandcontinent.eu\/it\/#\/schema\/person\/cea98f71417d384cddb305ab1a85dab6\"},\"breadcrumb\":{\"@id\":\"https:\/\/legrandcontinent.eu\/it\/2024\/09\/08\/dietro-la-competizione-apple-huawei-la-guerra-dei-semiconduttori\/#breadcrumb\"},\"inLanguage\":\"it-IT\",\"potentialAction\":[{\"@type\":\"ReadAction\",\"target\":[\"https:\/\/legrandcontinent.eu\/it\/2024\/09\/08\/dietro-la-competizione-apple-huawei-la-guerra-dei-semiconduttori\/\"]}]},{\"@type\":\"ImageObject\",\"inLanguage\":\"it-IT\",\"@id\":\"https:\/\/legrandcontinent.eu\/it\/2024\/09\/08\/dietro-la-competizione-apple-huawei-la-guerra-dei-semiconduttori\/#primaryimage\",\"url\":\"https:\/\/legrandcontinent.eu\/it\/wp-content\/uploads\/sites\/12\/2024\/09\/Capture-decran-2024-09-09-164810.png\",\"contentUrl\":\"https:\/\/legrandcontinent.eu\/it\/wp-content\/uploads\/sites\/12\/2024\/09\/Capture-decran-2024-09-09-164810.png\",\"width\":748,\"height\":467},{\"@type\":\"BreadcrumbList\",\"@id\":\"https:\/\/legrandcontinent.eu\/it\/2024\/09\/08\/dietro-la-competizione-apple-huawei-la-guerra-dei-semiconduttori\/#breadcrumb\",\"itemListElement\":[{\"@type\":\"ListItem\",\"position\":1,\"name\":\"Home\",\"item\":\"https:\/\/legrandcontinent.eu\/it\/\"},{\"@type\":\"ListItem\",\"position\":2,\"name\":\"Dietro la competizione Apple-Huawei, la guerra dei semiconduttori\"}]},{\"@type\":\"WebSite\",\"@id\":\"https:\/\/legrandcontinent.eu\/it\/#website\",\"url\":\"https:\/\/legrandcontinent.eu\/it\/\",\"name\":\"Il Grand Continent\",\"description\":\"La scala pertinente\",\"potentialAction\":[{\"@type\":\"SearchAction\",\"target\":{\"@type\":\"EntryPoint\",\"urlTemplate\":\"https:\/\/legrandcontinent.eu\/it\/?s={search_term_string}\"},\"query-input\":{\"@type\":\"PropertyValueSpecification\",\"valueRequired\":true,\"valueName\":\"search_term_string\"}}],\"inLanguage\":\"it-IT\"},{\"@type\":\"Person\",\"@id\":\"https:\/\/legrandcontinent.eu\/it\/#\/schema\/person\/cea98f71417d384cddb305ab1a85dab6\",\"name\":\"henrigasquet\",\"image\":{\"@type\":\"ImageObject\",\"inLanguage\":\"it-IT\",\"@id\":\"https:\/\/legrandcontinent.eu\/it\/#\/schema\/person\/image\/\",\"url\":\"https:\/\/secure.gravatar.com\/avatar\/97f9b27bc3f12eaf1f8edbc4f508ca6d?s=96&d=mm&r=g\",\"contentUrl\":\"https:\/\/secure.gravatar.com\/avatar\/97f9b27bc3f12eaf1f8edbc4f508ca6d?s=96&d=mm&r=g\",\"caption\":\"henrigasquet\"}}]}<\/script>\n<!-- \/ Yoast SEO plugin. -->","yoast_head_json":{"title":"Dietro la competizione Apple-Huawei, la guerra dei semiconduttori - Il Grand Continent","robots":{"index":"index","follow":"follow","max-snippet":"max-snippet:-1","max-image-preview":"max-image-preview:large","max-video-preview":"max-video-preview:-1"},"canonical":"https:\/\/legrandcontinent.eu\/it\/2024\/09\/08\/dietro-la-competizione-apple-huawei-la-guerra-dei-semiconduttori\/","og_locale":"it_IT","og_type":"article","og_title":"Dietro la competizione Apple-Huawei, la guerra dei semiconduttori - Il Grand Continent","og_description":"Apple presenta domani, luned\u00ec 9 settembre, il suo sedicesimo iPhone, poche ore prima che Huawei sveli i suoi ultimi smartphone. Mentre il produttore cinese guadagna quote di mercato, Amsterdam ha annunciato venerd\u00ec 6 nuove misure per limitare l'esportazione in Cina di macchine per l'industria dei semiconduttori costruite dall'ammiraglia olandese ASML.","og_url":"https:\/\/legrandcontinent.eu\/it\/2024\/09\/08\/dietro-la-competizione-apple-huawei-la-guerra-dei-semiconduttori\/","og_site_name":"Il Grand Continent","article_published_time":"2024-09-08T08:00:00+00:00","article_modified_time":"2024-09-09T19:16:57+00:00","og_image":[{"width":789,"height":482,"url":"https:\/\/legrandcontinent.eu\/it\/wp-content\/uploads\/sites\/12\/2024\/09\/Capture-decran-2024-09-09-164834.png","type":"image\/png"}],"author":"henrigasquet","twitter_card":"summary_large_image","twitter_misc":{"Scritto da":"henrigasquet","Tempo di lettura stimato":"2 minuti"},"schema":{"@context":"https:\/\/schema.org","@graph":[{"@type":"WebPage","@id":"https:\/\/legrandcontinent.eu\/it\/2024\/09\/08\/dietro-la-competizione-apple-huawei-la-guerra-dei-semiconduttori\/","url":"https:\/\/legrandcontinent.eu\/it\/2024\/09\/08\/dietro-la-competizione-apple-huawei-la-guerra-dei-semiconduttori\/","name":"Dietro la competizione Apple-Huawei, la guerra dei semiconduttori - Il Grand Continent","isPartOf":{"@id":"https:\/\/legrandcontinent.eu\/it\/#website"},"primaryImageOfPage":{"@id":"https:\/\/legrandcontinent.eu\/it\/2024\/09\/08\/dietro-la-competizione-apple-huawei-la-guerra-dei-semiconduttori\/#primaryimage"},"image":{"@id":"https:\/\/legrandcontinent.eu\/it\/2024\/09\/08\/dietro-la-competizione-apple-huawei-la-guerra-dei-semiconduttori\/#primaryimage"},"thumbnailUrl":"https:\/\/legrandcontinent.eu\/it\/wp-content\/uploads\/sites\/12\/2024\/09\/Capture-decran-2024-09-09-164810.png","datePublished":"2024-09-08T08:00:00+00:00","dateModified":"2024-09-09T19:16:57+00:00","author":{"@id":"https:\/\/legrandcontinent.eu\/it\/#\/schema\/person\/cea98f71417d384cddb305ab1a85dab6"},"breadcrumb":{"@id":"https:\/\/legrandcontinent.eu\/it\/2024\/09\/08\/dietro-la-competizione-apple-huawei-la-guerra-dei-semiconduttori\/#breadcrumb"},"inLanguage":"it-IT","potentialAction":[{"@type":"ReadAction","target":["https:\/\/legrandcontinent.eu\/it\/2024\/09\/08\/dietro-la-competizione-apple-huawei-la-guerra-dei-semiconduttori\/"]}]},{"@type":"ImageObject","inLanguage":"it-IT","@id":"https:\/\/legrandcontinent.eu\/it\/2024\/09\/08\/dietro-la-competizione-apple-huawei-la-guerra-dei-semiconduttori\/#primaryimage","url":"https:\/\/legrandcontinent.eu\/it\/wp-content\/uploads\/sites\/12\/2024\/09\/Capture-decran-2024-09-09-164810.png","contentUrl":"https:\/\/legrandcontinent.eu\/it\/wp-content\/uploads\/sites\/12\/2024\/09\/Capture-decran-2024-09-09-164810.png","width":748,"height":467},{"@type":"BreadcrumbList","@id":"https:\/\/legrandcontinent.eu\/it\/2024\/09\/08\/dietro-la-competizione-apple-huawei-la-guerra-dei-semiconduttori\/#breadcrumb","itemListElement":[{"@type":"ListItem","position":1,"name":"Home","item":"https:\/\/legrandcontinent.eu\/it\/"},{"@type":"ListItem","position":2,"name":"Dietro la competizione Apple-Huawei, la guerra dei semiconduttori"}]},{"@type":"WebSite","@id":"https:\/\/legrandcontinent.eu\/it\/#website","url":"https:\/\/legrandcontinent.eu\/it\/","name":"Il Grand Continent","description":"La scala pertinente","potentialAction":[{"@type":"SearchAction","target":{"@type":"EntryPoint","urlTemplate":"https:\/\/legrandcontinent.eu\/it\/?s={search_term_string}"},"query-input":{"@type":"PropertyValueSpecification","valueRequired":true,"valueName":"search_term_string"}}],"inLanguage":"it-IT"},{"@type":"Person","@id":"https:\/\/legrandcontinent.eu\/it\/#\/schema\/person\/cea98f71417d384cddb305ab1a85dab6","name":"henrigasquet","image":{"@type":"ImageObject","inLanguage":"it-IT","@id":"https:\/\/legrandcontinent.eu\/it\/#\/schema\/person\/image\/","url":"https:\/\/secure.gravatar.com\/avatar\/97f9b27bc3f12eaf1f8edbc4f508ca6d?s=96&d=mm&r=g","contentUrl":"https:\/\/secure.gravatar.com\/avatar\/97f9b27bc3f12eaf1f8edbc4f508ca6d?s=96&d=mm&r=g","caption":"henrigasquet"}}]}},"lgc_categories":[{"id":1940,"name":"Digitale","slug":"digitale"}],"lgc_author":null,"feature_image_summary":{"url":"https:\/\/legrandcontinent.eu\/it\/wp-content\/uploads\/sites\/12\/2024\/09\/Capture-decran-2024-09-09-164810.png","width":748,"height":467,"alt":""},"feature_image_cover":null,"term_position_data":null,"_links":{"self":[{"href":"https:\/\/legrandcontinent.eu\/it\/wp-json\/wp\/v2\/posts\/24116","targetHints":{"allow":["GET"]}}],"collection":[{"href":"https:\/\/legrandcontinent.eu\/it\/wp-json\/wp\/v2\/posts"}],"about":[{"href":"https:\/\/legrandcontinent.eu\/it\/wp-json\/wp\/v2\/types\/post"}],"author":[{"embeddable":true,"href":"https:\/\/legrandcontinent.eu\/it\/wp-json\/wp\/v2\/users\/23898"}],"replies":[{"embeddable":true,"href":"https:\/\/legrandcontinent.eu\/it\/wp-json\/wp\/v2\/comments?post=24116"}],"version-history":[{"count":0,"href":"https:\/\/legrandcontinent.eu\/it\/wp-json\/wp\/v2\/posts\/24116\/revisions"}],"wp:featuredmedia":[{"embeddable":true,"href":"https:\/\/legrandcontinent.eu\/it\/wp-json\/wp\/v2\/media\/24118"}],"wp:attachment":[{"href":"https:\/\/legrandcontinent.eu\/it\/wp-json\/wp\/v2\/media?parent=24116"}],"wp:term":[{"taxonomy":"category","embeddable":true,"href":"https:\/\/legrandcontinent.eu\/it\/wp-json\/wp\/v2\/categories?post=24116"},{"taxonomy":"post_tag","embeddable":true,"href":"https:\/\/legrandcontinent.eu\/it\/wp-json\/wp\/v2\/tags?post=24116"},{"taxonomy":"staff","embeddable":true,"href":"https:\/\/legrandcontinent.eu\/it\/wp-json\/wp\/v2\/staff?post=24116"},{"taxonomy":"editorial_format","embeddable":true,"href":"https:\/\/legrandcontinent.eu\/it\/wp-json\/wp\/v2\/editorial_format?post=24116"},{"taxonomy":"serie","embeddable":true,"href":"https:\/\/legrandcontinent.eu\/it\/wp-json\/wp\/v2\/serie?post=24116"},{"taxonomy":"audience","embeddable":true,"href":"https:\/\/legrandcontinent.eu\/it\/wp-json\/wp\/v2\/audience?post=24116"},{"taxonomy":"geo","embeddable":true,"href":"https:\/\/legrandcontinent.eu\/it\/wp-json\/wp\/v2\/geo?post=24116"}],"curies":[{"name":"wp","href":"https:\/\/api.w.org\/{rel}","templated":true}]}}