{"id":21901,"date":"2024-07-07T10:23:48","date_gmt":"2024-07-07T08:23:48","guid":{"rendered":"https:\/\/legrandcontinent.eu\/it\/?p=21901"},"modified":"2024-07-07T10:25:27","modified_gmt":"2024-07-07T08:25:27","slug":"antisemitismo-meloni-fratelli-ditalia-e-la-sfida-del-passato-in-10-frasi","status":"publish","type":"post","link":"https:\/\/legrandcontinent.eu\/it\/2024\/07\/07\/antisemitismo-meloni-fratelli-ditalia-e-la-sfida-del-passato-in-10-frasi\/","title":{"rendered":"Antisemitismo: Meloni, Fratelli d&#8217;Italia e la sfida del passato in 10 frasi"},"content":{"rendered":"\n<p class=\"has-drop-cap\">Fratelli d\u2019Italia, nonostante i suoi tentativi di istituzionalizzazione conservatrice \u2014 in Italia e in Europa \u2014 e il saldo atlantismo di Giorgia Meloni in politica estera, \u00e8 un partito contaminato dall\u2019estremismo di destra, dalla nostalgia fascista e dall\u2019antisemitismo oppure si tratta solo di qualche mela marcia? Una video-inchiesta di Fanpage in due puntate&nbsp;<span class='whitespace-nowrap'><span id='easy-footnote-1-21901' class='easy-footnote-margin-adjust'><\/span><span class='easy-footnote'><a href='https:\/\/legrandcontinent.eu\/it\/2024\/07\/07\/antisemitismo-meloni-fratelli-ditalia-e-la-sfida-del-passato-in-10-frasi\/#easy-footnote-bottom-1-21901' title='L\u2019inchiesta si pu\u00f2 vedere a &lt;a href=&quot;https:\/\/www.fanpage.it\/politica\/saluti-romani-inni-al-duce-e-sieg-heil-dentro-gioventu-nazionale-il-movimento-giovanile-di-fratelli-ditalia\/&quot; target=&quot;_blank&quot; rel=&quot;noreferrer noopener&quot;&gt;questo link&lt;\/a&gt;.'><sup>1<\/sup><\/a><\/span><\/span> ha raccontato da dentro \u2014 con una insider della testata diretta da Francesco Cancellato che si \u00e8 finta una militante \u2014 i ragazzi di Giovent\u00f9 Nazionale, la formazione giovanile di Fratelli d\u2019Italia, tra insulti agli ebrei, ai neri e cori nazisti. Il caso \u00e8 diventato particolarmente eclatante dopo la seconda puntata, nella quale viene insultata anche Ester Mieli, senatrice di Fratelli d\u2019Italia, ebrea.<\/p>\n\n\n\n<p>Il governo ha prima risposto ufficialmente in Parlamento \u2014 dopo un\u2019interrogazione del Partito Democratico \u2014 attraverso il ministro per i Rapporti con il Parlamento Luca Ciriani, per il quale si tratta solo di \u00abstrumentalizzazione\u00bb e \u00abintossicazione del confronto democratico\u00bb. Per Ciriani, il servizio \u00e8 stato realizzato sulla base di immagini \u00abframmentate decontestualizzate e riprese in un ambito privato\u00bb. Nel frattempo, alcune delle giovani dirigenti del movimento meloniano hanno lasciato i loro incarichi istituzionali. Flaminia Pace, presidente di GN Pinciano, si \u00e8 dimessa dal Consiglio nazionale dei giovani (\u00abLa cosa pi\u00f9 bella \u00e8 stata ieri a prendersi per il culo per le svastiche e poi io che avevo fatto il comunicato stampa di solidariet\u00e0 a Ester Mieli\u00bb) ed Elisa Segnini (\u00abNon ho mai smesso di essere razzista e fascista\u00bb) si \u00e8 dimessa da capo segreteria di Ylenja Lucaselli, capogruppo di Fratelli d\u2019Italia in commissione bilancio alla Camera. Un\u2019altra dirigente dell\u2019organizzazione, Ilaria Partipilo, collaboratrice dell\u2019onorevole Giovanni Donzelli, responsabile nazionale dell\u2019organizzazione di Fratelli d\u2019Italia, e vicina al sottosegretario alla Salute Marcello Gemmato, \u00e8 stata accusata di essere l\u2019autrice di alcuni messaggi razzisti e antisemiti scritti via Whatsapp riportati dalla video-inchiesta.<\/p>\n\n\n\n<p>Di seguito, abbiamo selezionato e contestualizzato dieci frasi che descrivono il rapporto del partito di Meloni, che dopo 8 giorni di silenzio \u00e8 poi intervenuta con una lettera, con i propri fardelli storici. Per capire come il maggior partito italiano oggi si raffronta con nostalgie e scorie estremiste presenti al proprio interno. Bisogna per\u00f2 mettere in chiaro, da subito, alcune premesse, come fa lo storico Claudio Vercelli nel suo <em>Neofascismo in grigio. La destra radicale tra l\u2019Italia e l\u2019Europa<\/em> (Einaudi): \u00abNon ha alcun fondamento politico, e ancor meno storico, preconizzare e richiamarsi al \u2018ritorno del fascismo\u2019. Ci\u00f2 almeno per due ordini di motivi: un fenomeno storico non si ripete mai nel medesimo modo; del pari, non si pu\u00f2 parlare del ritorno di qualcosa che non se ne \u00e8 mai andato via del tutto dalle societ\u00e0 continentali, neanche con la frattura epocale del 1945.\u00bb&nbsp;<span class='whitespace-nowrap'><span id='easy-footnote-2-21901' class='easy-footnote-margin-adjust'><\/span><span class='easy-footnote'><a href='https:\/\/legrandcontinent.eu\/it\/2024\/07\/07\/antisemitismo-meloni-fratelli-ditalia-e-la-sfida-del-passato-in-10-frasi\/#easy-footnote-bottom-2-21901' title='Claudio Vercelli, &lt;em&gt;Neofascismo in grigio. La destra radicale tra l&amp;#8217;Italia e l&amp;#8217;Europa&lt;\/em&gt;, Einaudi, 2021.'><sup>2<\/sup><\/a><\/span><\/span><\/p>\n\n\n\n<h3 class=\"wp-block-heading\"><strong>1 \u2014&nbsp;\u00abNon ho mai smesso di essere razzista n\u00e9 fascista, quindi non ti preoccupare, mi stanno sempre sui coglioni i negri e i comunisti\u00bb (Elisa Segnini Bocchia)<\/strong><\/h3>\n\n\n\n<p>Classe 1995, di nobili origini. Bergamasca, un master in Affari e relazioni internazionali alla Luiss, Segnini non ha evidentemente letto le tesi politiche per il XII Congresso Nazionale del MSI-DN, intitolate \u00abPensiamo l\u2019Italia. Il domani c\u2019\u00e8 gi\u00e0. Valori, idee e progetti per l\u2019Alleanza Nazionale\u00bb. Sono le tesi che portarono alla svolta di Fiuggi e allo scioglimento del Movimento Sociale Italiano, avvenuta nel 1995. \u00abL\u2019odio razziale \u00e8 una forma di totalitarismo: la pi\u00f9 crudele, \u00e8 il mancato riconoscimento della dignit\u00e0 del \u2018diverso\u2019, dell\u2019estraneo, dello straniero\u00bb, c&#8217;\u00e8 scritto a pagina 9 del capitolo secondo, \u00abValori e principii\u00bb: \u00abLa nostra condanna del razzismo \u00e8 nella condanna del totalitarismo, della forza come mezzo di prevaricazione\u00bb&nbsp;<span class='whitespace-nowrap'><span id='easy-footnote-3-21901' class='easy-footnote-margin-adjust'><\/span><span class='easy-footnote'><a href='https:\/\/legrandcontinent.eu\/it\/2024\/07\/07\/antisemitismo-meloni-fratelli-ditalia-e-la-sfida-del-passato-in-10-frasi\/#easy-footnote-bottom-3-21901' title='Archives: MSI, 66 XVII Congresso nazionale, Fiuggi, 1995, &lt;a href=&quot;https:\/\/patrimonio.archivio.senato.it\/inventario\/scheda\/movimento-sociale-italiano-msi\/IT-AFS-049-000073\/xvii-congresso-nazionale-fiuggi-1995#lg=1&amp;amp;slide=7&quot; target=&quot;_blank&quot; rel=&quot;noreferrer noopener&quot;&gt;online&lt;\/a&gt;.'><sup>3<\/sup><\/a><\/span><\/span>. La nascita di Alleanza Nazionale rappresent\u00f2 un momento di rottura con la tradizione post-missima e l\u2019avvio di un percorso che ha portato all\u2019istituzionalizzazione della destra politica, che oggi \u00e8 riuscita ad arrivare a Palazzo Chigi grazie a Giorgia Meloni.<\/p>\n\n\n\n<h3 class=\"wp-block-heading\">2 \u2014 \u00abQuei ragazzi hanno sbagliato partito ed \u00e8 giusto che vengano messi alla porta. Antisemitismo e razzismo sono incompatibili con la nostra natura, prima ancora che con il nostro progetto\u00bb (Fabio Rampelli, vicepresidente della Camera, in un\u2019intervista al <em>Corriere della Sera<\/em>&nbsp;<span class='whitespace-nowrap'><span id='easy-footnote-4-21901' class='easy-footnote-margin-adjust'><\/span><span class='easy-footnote'><a href='https:\/\/legrandcontinent.eu\/it\/2024\/07\/07\/antisemitismo-meloni-fratelli-ditalia-e-la-sfida-del-passato-in-10-frasi\/#easy-footnote-bottom-4-21901' title='\u2018Fabio Rampelli sui giovani di Fratelli d\u2019Italia coinvolti nell\u2019inchiesta di Fanpage: \u00abHanno sbagliato partito, \u00e8 giusto metterli alla porta\u00bb\u2019, Open, 30 giugno 2024, &lt;a href=&quot;https:\/\/www.open.online\/2024\/06\/30\/fabio-rampelli-giovani-fdi-fanpage-inchiesta\/&quot; target=&quot;_blank&quot; rel=&quot;noreferrer noopener&quot;&gt;online&lt;\/a&gt;.'><sup>4<\/sup><\/a><\/span><\/span>)<\/h3>\n\n\n\n<p>Fabio Rampelli, romano, deputato dal 2005, \u00e8 uno dei maestri di Giorgia Meloni, ancorch\u00e9 adesso escluso dal cerchio ristretto della presidente del Consiglio. Viene dal Fronte della Giovent\u00f9, organizzazione giovanile del MSI, e dalla sezione romana di Colle Oppio. Una sezione politicamente eterodossa, al punto tale che all\u2019epoca veniva considerata persino \u00abdi sinistra\u00bb per via di una forte attenzione ai temi ambientali e sociali. Rampelli pi\u00f9 volte ha detto di essere infastidito dai richiami al passato nero di Fratelli d\u2019Italia. Una volta ha detto di voler replicare a queste accuse \u00abcon la mia amicizia con don Luigi Di Liegro\u00bb&nbsp;<span class='whitespace-nowrap'><span id='easy-footnote-5-21901' class='easy-footnote-margin-adjust'><\/span><span class='easy-footnote'><a href='https:\/\/legrandcontinent.eu\/it\/2024\/07\/07\/antisemitismo-meloni-fratelli-ditalia-e-la-sfida-del-passato-in-10-frasi\/#easy-footnote-bottom-5-21901' title='\u2018Fdi, Rampelli: ombre nere su Meloni? Ma di che si parla\u2026 Don Di Liegro venne nella sezione Colle Oppio a parlare di antirazzismo insieme a noi del dg\u2019, Conquiste del lavoro, 12 agosto 2022, &lt;a href=&quot;http:\/\/www.conquistedellavoro.it\/breaking-news\/fdi-rampelli-ombre-nere-su-meloni-ma-di-che-si-parla-br-don-di-liegro-venne-nella-sezione-colle-oppio-a-parlare-di-antirazzismo-insieme-a-noi-del-dg-1.2968202&quot; target=&quot;_blank&quot; rel=&quot;noreferrer noopener&quot;&gt;online&lt;\/a&gt;.'><sup>5<\/sup><\/a><\/span><\/span>, fondatore della Caritas diocesana di Roma, di cui \u00e8 stato direttore, scomparso nel 1997: \u00abEro segretario del Fronte della giovent\u00f9 quando un comitato dei Parioli capeggiato da due parlamentari missini cerc\u00f2 di assaltare il suo centro per malati di Aids a Villa Glori. Io portai tutti i ragazzi del giovanile del Msi dentro il centro, per difenderlo. Il Fdg contro il Msi\u2026, una pagina memorabile di una giovent\u00f9 che era stufa della destra becera\u00bb, ha ricordato Rampelli, che negli anni Ottanta fond\u00f2 insieme allo scomparso Paolo Colli l\u2019associazione ambientalista \u00abFare Verde\u00bb.<\/p>\n\n\n\n<h3 class=\"wp-block-heading\">3 \u2014 \u00abComunque non siamo noi che siamo razzisti sono loro che sono negri\u00bb (dice ancora Segnini)<\/h3>\n\n\n\n<p>Il fiorentino Achille Totaro, ex parlamentare di lungo corso di Fratelli d\u2019Italia, ha spiegato\u00a0 una volta che la sezione di Colle Oppio era considerata quella pi\u00f9 di sinistra nel mondo della destra politica, perch\u00e9 su certe battaglie\u00a0 \u2013 come l\u2019ecologia, la difesa ambiente \u2013 era all\u2019avanguardia: \u00abMa penso anche all\u2019immigrazione. Era una sezione che rifiutava razzismo e discriminazione. Anzi, da quelle parti si pensava che gli immigrati che arrivavano qui fossero sfruttati da un certo tipo di colonialismo e capitalismo; erano vittime, non persone da trattare male. Mi ricordo che in quella sezione Rampelli e gli altri facevano raccolta di aiuti umanitari per quei poveracci, rifiutando quindi un certo stereotipo della destra, che pure esisteva\u00bb&nbsp;<span class='whitespace-nowrap'><span id='easy-footnote-6-21901' class='easy-footnote-margin-adjust'><\/span><span class='easy-footnote'><a href='https:\/\/legrandcontinent.eu\/it\/2024\/07\/07\/antisemitismo-meloni-fratelli-ditalia-e-la-sfida-del-passato-in-10-frasi\/#easy-footnote-bottom-6-21901' title='David Allegranti, \u2018Il problema principale di Meloni saranno i suoi alleati, Public Policy, 24 ottobre 2022, &lt;a href=&quot;https:\/\/www.publicpolicy.it\/il-problema-principale-di-meloni-saranno-i-suoi-alleati-96768.html&quot;&gt;online&lt;\/a&gt;.'><sup>6<\/sup><\/a><\/span><\/span>.\u00a0<\/p>\n\n\n\n<p>Meloni ha insomma \u00abvissuto in quegli ambienti in cui era molto sentita la difesa sociale dei pi\u00f9 deboli\u00bb, ha spiegato ancora Totaro: \u00abNon erano posizioni facili da tenere, a quei tempi, perch\u00e9 minoritarie nella destra. Ma la domanda che si facevano era: perch\u00e9 mai essere trucidi nei confronti degli immigrati?\u00bb.<\/p>\n\n\n\n<h3 class=\"wp-block-heading\">4 \u2014 \u00abQuello che ho, che avevo da dire sul fascismo l\u2019ho detto cento volte e non ritengo di doverlo ulteriormente ripetere\u00bb (Giorgia Meloni, il 18 aprile di quest\u2019anno, rispondendo alla domanda di un cronista: \u2018Si dichiara antifascista?\u2019)<\/h3>\n\n\n\n<p>Il motto di Giorgio Almirante, storico segretario dell\u2019Msi prima di Gianfranco Fini, era \u00abNon rinnegare e non restaurare\u00bb. Uno slogan che ciclicamente sembra tornare nel discorso pubblico degli eredi della tradizione post-missina, ancorch\u00e9 in forme diverse, nell\u2019analisi politico-storica della destra italiana. Anche tra le tesi politiche per il XII Congresso Nazionale del MSI-DN: \u00abSe \u00e8 giusto chiedere alla Destra italiana di affermare senza reticenza che l\u2019antifascismo fu il movimento storicamente essenziale per il ritorno dei valori democratici che il fascismo aveva conculcato, altrettanto giusto e speculare \u00e8 chiedere a tutti di riconoscere che l\u2019antifascismo non \u00e8 un valore a s\u00e9 stante e fondante e che la promozione dell\u2019antifascismo da momento storico contingente a ideologia fu operata dai paesi comunisti e dal Pci per legittimarsi durante tutto il dopoguerra. Nel dopoguerra non tutto l\u2019antifascismo \u00e8 stato infatti antotalitarismo\u00bb.<\/p>\n\n\n\n<h3 class=\"wp-block-heading\">5 \u2014\u00a0\u00abNon c\u2019\u00e8 spazio, in Fratelli d\u2019Italia, per posizioni razziste o antisemite, come non c\u2019\u00e8 spazio per i nostalgici dei totalitarismi del \u2018900, o per qualsiasi manifestazione di stupido folklore. I partiti di destra dai quali molti di noi provengono hanno fatto i conti con il passato e con il ventennio fascista gi\u00e0 diversi decenni fa e a maggior ragione questo vale per un movimento politico giovane come il nostro, che fin dalla sua fondazione ha peraltro fatto la scelta di aprirsi a culture politiche compatibili con la nostra, accogliendo persone che arrivavano anche da percorsi politici diversi da quello della destra storica\u00bb. (Giorgia Meloni in una lettera inviata ai dirigenti di Fratelli d\u2019Italia il 2 luglio)<\/h3>\n\n\n\n<p>Non \u00e8 la prima volta che Meloni cerca di catechizzare i suoi dirigenti di partito. \u00abSar\u00f2 implacabile, caccer\u00f2 i nostalgici: quando andremo al governo dovremo essere impeccabili\u00bb, ha detto nel febbraio del 2022, riunendo la direzione di Fratelli d\u2019Italia. Un concetto ribadito nell\u2019ottobre del 2022 dopo aver vinto le elezioni, davanti ai suoi parlamentari eletti: \u00abFuori chi sgarra\u00bb. Ancora una volta, la presidente del Consiglio \u00e8 costretta a prendere le distanze dagli spiacevoli comportamenti di alcuni suoi dirigenti di partito.<\/p>\n\n\n\n<h3 class=\"wp-block-heading\">6 \u2014 \u00abSono felice che dopo un\u2019esitazione iniziale si siano prese contromisure. E in alcuni casi le espulsioni sono doverose. Ma bisogna arrivare a un\u2019azione di tipo pedagogico. Far capire che la destra \u00e8 incompatibile con questi atteggiamenti che non vanno derubricati a goliardate\u00bb. E ancora: \u00abCi\u00f2 che mi ha pi\u00f9 disgustato \u00e8 stato lo scherno a Ester Mieli dopo averla applaudita. N\u00e9 si pu\u00f2 dire che in questi anni \u00e8 mancata l\u2019informazione su cosa sia stato l\u2019antisemitismo nazifascista. Vado orgoglioso di aver fatto parlare nell\u2019aula della Camera, il nobel Elie Wiesel\u00bb. (Gianfranco Fini al <em>Corriere<\/em>&nbsp;<span class='whitespace-nowrap'><span id='easy-footnote-7-21901' class='easy-footnote-margin-adjust'><\/span><span class='easy-footnote'><a href='https:\/\/legrandcontinent.eu\/it\/2024\/07\/07\/antisemitismo-meloni-fratelli-ditalia-e-la-sfida-del-passato-in-10-frasi\/#easy-footnote-bottom-7-21901' title='Virginia Piccolillo, \u2018Fini sull&amp;#8217;inchiesta di Fanpage: \u00abOscenit\u00e0 impensabili, Giorgia Meloni deve fare di tutto per estirpare quel virus\u00bb\u2019, Corriere, 29 giugno 2024, &lt;a href=&quot;https:\/\/roma.corriere.it\/notizie\/cronaca\/24_giugno_29\/fini-inchiesta-fanpage-meloni-intervista-91f61ace-365c-4d98-83ed-20c9acdb0xlk.shtml&quot; target=&quot;_blank&quot; rel=&quot;noreferrer noopener&quot;&gt;online&lt;\/a&gt;.'><sup>7<\/sup><\/a><\/span><\/span>)<\/h3>\n\n\n\n<p>Per la verit\u00e0 non c\u2019\u00e8 soltanto un problema con i giovani, come emerge dall\u2019inchiesta di Fanpage. Nel 2016 fu resa pubblica una foto di Galeazzo Bignami, attuale viceministro dei Trasporti e delle Infrastrutture, che lo ritraeva, in anni precedenti, vestito da nazista. Ai tempi, quando scoppi\u00f2 la polemica, Bignami spieg\u00f2 che si trattava di \u00abuna festa di addio al celibato, una goliardata tra amici\u00bb. Non \u00e8 stato tuttavia un episodio isolato per il viceministro;&nbsp; nel 2019 fece discutere un video in cui Bignami passava in rassegna i citofoni delle case popolari di Bologna, mettendo all\u2019indice gli inquilini stranieri. Non tutti, comunque, sembrano condividere la stessa sensibilit\u00e0 di Fini che pure, ha osservato Marco Tarchi sul Foglio, \u00abnon ha prodotto alcuna autentica innovazione nel suo ambiente politico.&nbsp;<\/p>\n\n\n\n<p>Si \u00e8 limitato ad adeguarsi alle circostanze. Ha avuto senso tattico ma nessuna visione strategica, dall\u2019inizio alla fine della sua avventura\u00bb. Il ministro dell\u2019Interno, Matteo Piantedosi, ex prefetto di Roma, scelto in quota Lega, ha cercato di sminuire il caso. \u00abQuando la questione viene sottoposta al ministro dell\u2019Interno, ecco, fermiamoci sull\u2019antisemitismo che \u00e8 uno dei sentimenti pi\u00f9 preoccupanti che stanno emergendo anche all&#8217;indomani del 7 ottobre\u00bb, ha detto Piantedosi in un\u2019intervista a SkyTg24&nbsp;<span class='whitespace-nowrap'><span id='easy-footnote-8-21901' class='easy-footnote-margin-adjust'><\/span><span class='easy-footnote'><a href='https:\/\/legrandcontinent.eu\/it\/2024\/07\/07\/antisemitismo-meloni-fratelli-ditalia-e-la-sfida-del-passato-in-10-frasi\/#easy-footnote-bottom-8-21901' title='\u2018Piantedosi fa la classifica dell&amp;#8217;antisemitismo: peggio gli studenti che Giovent\u00f9 nazionale\u2019, Huffpost, 1mo luglio 2024, &lt;a href=&quot;https:\/\/www.huffingtonpost.it\/politica\/2024\/07\/01\/news\/piantedosi_fanpage_preoccupa_piu_antisemitismo_in_piazze-16332368\/&quot; target=&quot;_blank&quot; rel=&quot;noreferrer noopener&quot;&gt;online&lt;\/a&gt;.'><sup>8<\/sup><\/a><\/span><\/span>.<\/p>\n\n\n\n<p>\u00abSe vediamo dei dati si debbono poi tradurre, ferma restando l&#8217;inaccettabilit\u00e0 di quel che si \u00e8 visto in quelle immagini, anche in azioni che possono mettere a repentaglio i requisiti di sicurezza e ordine pubblico oltre che di convivenza civile. Va registrato che dal punto di vista dei comportamenti pericolosi, dal punto di vista del rinascere dell&#8217;antisemitismo, non si sono evidenziati da quel gruppo giovanile ma da ben altri che nelle nostre piazze, qualche volta anche nelle universit\u00e0\u00bb. Dal punto di vista delle immagini e dal punto di vista delle affermazioni, ha aggiunto il ministro dell\u2019Interno, \u00abnon c&#8217;\u00e8 dubbio, va censurato senza nessuna indulgenza. Per\u00f2 se parliamo di antisemitismo che pu\u00f2 preoccupare il ministro dell\u2019Interno, mi preoccupa quello che talvolta \u00e8 emerso nelle piazze, gli incendi alle bandiere di Israele, l\u2019assalto alla Brigata ebraica il 25 aprile, tutte cose dal punto di vista operativo, concreto, molto pi\u00f9 pericolose che non sono state poste in essere da quel gruppo giovanile ferma restando la censura a cui vanno assoggettate le persone che si sono viste compiere gesti e fare dei riferimenti condannati dalla storia\u00bb. Insomma, prima di guardare in casa dei Fratelli d\u2019Italia, bisognerebbe guardare che cosa succede a sinistra, dice il titolare dell\u2019Interno.&nbsp;<\/p>\n\n\n\n<p>Si pu\u00f2 tuttavia guardare un po\u2019 dappertutto e constatare con amarezza con le parole della sociologa Betti Guetta e dei ricercatori dell\u2019Osservatorio antisemitismo della Fondazione Cdec di Milano che \u00abqualcosa non ha funzionato nel lavoro per contrastare l\u2019antisemitismo in Italia\u00bb. Il giudizio emerge sulla base della Relazione annuale su atti e discorsi antisemiti in Italia presentata a febbraio di quest\u2019anno. \u00abI dati raccolti nell\u2019indagine del 2023 sono preoccupanti: c\u2019\u00e8 stato un netto aumento degli atti di antisemitismo rispetto al passato. A seguito di 923 segnalazioni, sono 454 gli episodi individuati lo scorso anno: 259 in rete, 195 offline, tra cui una aggressione e 40 casi di minacce. Nel complesso, quasi il doppio rispetto ai 241 del 2022\u00bb, c\u2019\u00e8 scritto nella ricerca. L\u2019antisemitismo oggi \u00e8 molto pi\u00f9 aggressivo e allo stesso tempo meno nascosto: \u00abOffendere gli ebrei non \u00e8 pi\u00f9 un tab\u00f9. In particolare dopo il 7 ottobre, che ha dato la stura a questa ondata d\u2019odio. C\u2019\u00e8 stato quasi un senso di liberazione: il conflitto a Gaza \u00e8 stato usato come scudo per offendere senza doversi giustificare\u00bb, ha detto Guetta, responsabile dell\u2019Osservatorio. \u00abSondaggi alla mano, la ricerca evidenzia come il 10% degli italiani esprima esplicitamente il proprio antisemitismo, a cui si aggiunge un\u2019ampia area grigia di pregiudizi antiebraici. Si va dai complotti sugli ebrei ricchi che tirano le fila dell\u2019economia e dell\u2019informazione, all\u2019immagine dell\u2019ebreo vendicativo. La matrice ideologica in Italia dell\u2019antisemitismo \u00e8 soprattutto di estrema destra, a cui si affiancano l\u2019estrema sinistra, il radicalismo islamico, l\u2019antigiudaismo cattolico\u00bb.<\/p>\n\n\n\n<h3 class=\"wp-block-heading\">7 \u2014 \u00abLei ha valutato nel 2% in FdI la \u00abfascisteria\u00bb. Sicuro di questa percentuale?\u2014Direi anche meno. Ci sono voti che si contano: nostalgici, antisistema, populisti. E voti che pesano: il mondo internazionale che ci guarda, quello produttivo, ci\u00f2 che compone il corpo elettorale di FdI. Si pu\u00f2 tranquillamente rinunciare a quel 2%, con la sua inconsistenza antistorica e col tradimento che infligge a un partito liberalconservatore di massa quale \u00e8 ora FdI, per passare dalla logica dei governati a quella dei governanti\u00bb, (Alessandro Giuli, presidente del MAXXI, al <em>Corriere<\/em>&nbsp;<span class='whitespace-nowrap'><span id='easy-footnote-9-21901' class='easy-footnote-margin-adjust'><\/span><span class='easy-footnote'><a href='https:\/\/legrandcontinent.eu\/it\/2024\/07\/07\/antisemitismo-meloni-fratelli-ditalia-e-la-sfida-del-passato-in-10-frasi\/#easy-footnote-bottom-9-21901' title='Paolo Conti, \u2018Giuli: \u00abBisogna prosciugare le pozzanghere di fascismo. Il partito sostenga Meloni\u00bb\u2019, &lt;em&gt;Corriere&lt;\/em&gt;, 24 giugno 2024, &lt;a href=&quot;https:\/\/roma.corriere.it\/notizie\/politica\/24_giugno_30\/giuli-bisogna-prosciugare-le-pozzanghere-di-fascismo-il-partito-sostenga-meloni-321c3f1a-a35d-4aac-8064-9e31f6d0exlk.shtml&quot; target=&quot;_blank&quot; rel=&quot;noreferrer noopener&quot;&gt;online&lt;\/a&gt;.'><sup>9<\/sup><\/a><\/span><\/span>).<\/h3>\n\n\n\n<p>Giuli, ex condirettore del Foglio e attuale presidente della Fondazione MAXXI, \u00e8 uno degli intellettuali pi\u00f9 vicini alla destra di governo, insieme a Pietrangelo Buttafuoco, presidente della Fondazione La Biennale di Venezia. Impossibile verificare se la percentuale individuata dall\u2019autore di <em>Gramsci \u00e8 vivo. Sillabario per un\u2019egemonia contemporanea<\/em> (Rizzoli) corrisponda alla realt\u00e0. Certamente c\u2019\u00e8 un problema di selezione della classe dirigente. Ilaria Partipilo, presidente di Giovent\u00f9 Nazionale a Bari, collaboratrice di Giovanni Donzelli, parlamentare e responsabile narzionale organizzazione di Fratelli d\u2019Italia, e vicina al sottosegretario alla Salute, Marcello Gemmato, secondo Fanpage<em> <\/em>nelle sue chat con i militanti avrebbe postato foto di Mussolini e Hitler e avrebbe scritto che \u00abi down sono menomati\u00bb. Inoltre, sempre nelle chat, avrebbe parlato di un \u00abnegro\u00bb e di un \u00abebreo infame\u00bb. Sar\u00e0 anche una percentuale irrisoria, ma senz\u2019altro si fa molto notare.<\/p>\n\n\n\n<h3 class=\"wp-block-heading\">8 \u2014 \u00abSiamo la testimonianza concreta che la destra conservatrice pu\u00f2 ben governare in Patria e al contempo rafforzare il quadro di alleanze internazionali e attrarre i grandi investitori. Siamo la dimostrazione che la narrazione fatta dai grandi media e dagli osservatori di parte era falsa, che esiste una alternativa credibile alla palude socialdemocratica europea e occidentale. \u00c8 esattamente per questo che facciamo tanta paura, non solo in Italia, a chi vuole difendere lo status quo. \u00c8 questa la grandiosa sfida che stiamo combattendo. \u00c8 questa la rivoluzione per la quale molti di noi stanno sacrificando intere porzioni della loro vita, senza lamentarsi. Ed \u00e8 questo, soprattutto, il motivo per il quale riceviamo attacchi di ogni genere, senza regole, senza limiti, senza esclusione di colpi. Non possiamo fermare questi attacchi ma possiamo fare tutto il possibile per essere adeguati al ruolo che gli italiani ci hanno affidato\u00bb.<\/h3>\n\n\n\n<p>Ai politici capita di sentirsi accerchiati. E pi\u00f9 si ricopre una posizione istituzionalmente rilevante e pi\u00f9 l\u2019accerchiamento, o quantomeno la sensazione dell\u2019accerchiamento, aumenta. Giorgia Meloni vede avversari dappertutto e probabilmente pi\u00f9 di uno ce l\u2019ha. La presidente del Consiglio e i suoi Fratelli d\u2019Italia indulgono tuttavia con facilit\u00e0 nella sindrome del \u00abpersonaggio scomodo\u00bb, tipicamente auto attribuita. C\u2019\u00e8 il giornalista scomodo, c\u2019\u00e8 lo scrittore scomodo, c\u2019\u00e8 il cantautore scomodo, e c\u2019\u00e8 il politico scomodo. Non di rado tuttavia l\u2019accerchiamento diventa auto accerchiamento. \u00abCe l\u2019hanno con noi\u00bb \u00e8 la frase-manifesto della paranoia del potere. Attenzione, la paranoia serve alla politica. Pu\u00f2 essere uno strumento prezioso perch\u00e9 permette di vivere in uno stato di vigilanza utile. Entro certi limiti, naturalmente, superati i quali diventa sindrome e retorica del complotto.<\/p>\n\n\n\n<h3 class=\"wp-block-heading\">9 \u2014 \u00abS\u00ec, ma quella fiamma?\u2014\u00c8 lo storico simbolo che accompagna la storia della destra repubblicana, prima Msi poi An e siccome andiamo in continuit\u00e0 con quella storia, l&#8217;abbiamo stilizzata e ripresa\u00bb (Meloni in un\u2019intervista a Skuola.net&nbsp;<span class='whitespace-nowrap'><span id='easy-footnote-10-21901' class='easy-footnote-margin-adjust'><\/span><span class='easy-footnote'><a href='https:\/\/legrandcontinent.eu\/it\/2024\/07\/07\/antisemitismo-meloni-fratelli-ditalia-e-la-sfida-del-passato-in-10-frasi\/#easy-footnote-bottom-10-21901' title='\u2018Meloni: \u201cLa fiamma nel simbolo di Fdi segna la continuit\u00e0 con Msi e An\u00bb\u2019, &lt;em&gt;La\u00a0 Stampa&lt;\/em&gt;, 31 maggio 2024, &lt;a href=&quot;https:\/\/www.lastampa.it\/politica\/2024\/05\/31\/news\/meloni_fdi_simbolo_fiamma-14350539\/&quot; target=&quot;_blank&quot; rel=&quot;noreferrer noopener&quot;&gt;online&lt;\/a&gt;.'><sup>10<\/sup><\/a><\/span><\/span>)<\/h3>\n\n\n\n<p>La senatrice a vita Liliana Segre aveva invitato Meloni a \u00abtogliere la fiamma dal logo del suo partito\u00bb&nbsp;<span class='whitespace-nowrap'><span id='easy-footnote-11-21901' class='easy-footnote-margin-adjust'><\/span><span class='easy-footnote'><a href='https:\/\/legrandcontinent.eu\/it\/2024\/07\/07\/antisemitismo-meloni-fratelli-ditalia-e-la-sfida-del-passato-in-10-frasi\/#easy-footnote-bottom-11-21901' title='\u2018Liliana Segre: \u00abMeloni inizi a togliere la fiamma dal logo\u00bb\u2019, ANSA, 12 agosto 2022, &lt;a href=&quot;https:\/\/www.ansa.it\/lombardia\/notizie\/2022\/08\/12\/liliana-segre-meloni-inizi-a-togliere-la-fiamma-dal-logo_d53bc83a-df21-449b-89e0-ba1b3286fd80.html&quot; target=&quot;_blank&quot; rel=&quot;noreferrer noopener&quot;&gt;online&lt;\/a&gt;.'><sup>11<\/sup><\/a><\/span><\/span> dopo che la non ancora presidente del Consiglio, nel 2022, si era espressa in termini molto netti sul fascismo: \u00abLa destra italiana ha consegnato il fascismo alla storia ormai da decenni, condannando senza ambiguit\u00e0 la privazione della democrazia e le infami leggi anti-ebraiche\u00bb. Epper\u00f2, come ha notato una volta Andrea Romano, storico, ex deputato del Pd, quella fiamma, come Giorgia Meloni sa perfettamente, \u00ab\u00e8 da sempre un riferimento esplicito alla fiammella che arde sulla tomba di Benito Mussoli e per questo \u00e8 il principale simbolo del neofascismo italiano\u00bb.<\/p>\n\n\n\n<h3 class=\"wp-block-heading\">10 \u2014 \u00abIl 30 maggio 1924, Giacomo Matteotti ha pronunciato nell\u2019Aula della Camera il suo ultimo discorso, che gli sarebbe poi costato la vita. In quel discorso, Matteotti difese la libert\u00e0 politica, incarnata nella rappresentanza parlamentare e in libere elezioni. Oggi siamo qui a commemorare un uomo libero e coraggioso ucciso da squadristi fascisti per le sue idee. Onorare il suo ricordo \u00e8 fondamentale per ricordarci ogni giorno a distanza di 100 anni da quel discorso il valore della libert\u00e0 di parola e di pensiero contro chi vorrebbe arrogarsi il diritto di stabilire cosa \u00e8 consentito dire e pensare e cosa no. La lezione di Matteotti, oggi pi\u00f9 che mai, ci ricorda che la nostra democrazia \u00e8 tale se si fonda sul rispetto dell\u2019altro, sul confronto, sulla libert\u00e0, non sulla violenza, la sopraffazione, l\u2019intolleranza e l\u2019odio per l\u2019avversario politico\u00bb. (Giorgia Meloni il 30 maggio 2024&nbsp;<span class='whitespace-nowrap'><span id='easy-footnote-12-21901' class='easy-footnote-margin-adjust'><\/span><span class='easy-footnote'><a href='https:\/\/legrandcontinent.eu\/it\/2024\/07\/07\/antisemitismo-meloni-fratelli-ditalia-e-la-sfida-del-passato-in-10-frasi\/#easy-footnote-bottom-12-21901' title='Presidenza del Consiglio, \u2018Cerimonia celebrativa del centenario della morte di Giacomo Matteotti presso la Camera dei deputati, dichiarazione del Presidente Meloni\u2019, 30 maggio 2024, &lt;a href=&quot;https:\/\/www.governo.it\/it\/articolo\/cerimonia-celebrativa-del-centenario-della-morte-di-giacomo-matteotti-presso-la-camera-dei&quot; target=&quot;_blank&quot; rel=&quot;noreferrer noopener&quot;&gt;online&lt;\/a&gt;.'><sup>12<\/sup><\/a><\/span><\/span>)<\/h3>\n\n\n\n<p>Si \u00e8 molto speculato su questa nota della presidenza del Consiglio in occasione delle commemorazioni per i cento anni dalla morte di Giacomo Matteotti. Una lettura interessante l\u2019ha fornita Fabio Martini sulla Stampa: \u00abPer lei Matteotti fu \u2018ucciso da squadristi fascisti\u2019. Dunque, eliminato non per ordine del Duce, ma da un gruppo di \u2018teste calde\u2019: \u00e8 la teoria sulla quale si \u00e8 attestata dal 1946 in poi la storiografia di cultura missina. Potrebbe apparire una disquisizione da filologi incalliti ma dentro c\u2019\u00e8 un passaggio chiave. Dal 1946 in poi la narrazione della destra italiana \u00e8 sempre stata attraversata da un\u2019idea: il fascismo seppe ricostruire lo Stato nazionale e la sua caduta fu determinata da una serie di gravi errori concentrati nella fase finale del regime: le leggi razziali e l\u2019ingresso in guerra a fianco di Hitler. Ovviamente la Presidente del Consiglio non aveva alcun obbligo \u2018formale\u2019 di esprimere un giudizio compiuto sul ventennio ma l\u2019espressione da lei usata lascia aperta una questione cruciale: la resistenza della destra italiana a convergere su quanto ripetono storici di ogni tendenza, che non ci fu nel fascismo un prima \u2018buono\u2019 e un dopo \u2018cattivo\u2019 e proprio l\u2019assassinio di Giacomo Matteotti fu il Rubicone, il vero punto di non ritorno\u00bb&nbsp;<span class='whitespace-nowrap'><span id='easy-footnote-13-21901' class='easy-footnote-margin-adjust'><\/span><span class='easy-footnote'><a href='https:\/\/legrandcontinent.eu\/it\/2024\/07\/07\/antisemitismo-meloni-fratelli-ditalia-e-la-sfida-del-passato-in-10-frasi\/#easy-footnote-bottom-13-21901' title='Fabio Martini, \u2018Matteotti, la svolta di Meloni: \u00abFu squadrismo fascista\u00bb\u2019, &lt;em&gt;La Stampa&lt;\/em&gt;, 31 maggio 2024, &lt;a href=&quot;https:\/\/www.lastampa.it\/politica\/2024\/05\/31\/news\/matteotti_svolta_meloni_squadrismo_fascista-14348806\/&quot; target=&quot;_blank&quot; rel=&quot;noreferrer noopener&quot;&gt;online&lt;\/a&gt;.'><sup>13<\/sup><\/a><\/span><\/span>.<\/p>\n","protected":false},"excerpt":{"rendered":"<p>Giorgia Meloni ha un problema con il suo partito: l&#8217;antisemitismo.<\/p>\n<p>\u00c8 diventato difficile capire come il Presidente del Consiglio italiano riuscir\u00e0 a tirarsi fuori dalla crisi in cui si trova la sua famiglia politica, per la prima volta cos\u00ec direttamente confrontata con il peso della propria eredit\u00e0 storica. <\/p>\n","protected":false},"author":10,"featured_media":21900,"comment_status":"closed","ping_status":"closed","sticky":false,"template":"templates\/post-studies.php","format":"standard","meta":{"_acf_changed":false,"_trash_the_other_posts":false,"_yoast_wpseo_estimated-reading-time-minutes":19,"footnotes":""},"categories":[1571],"tags":[],"staff":[2098],"editorial_format":[],"serie":[],"audience":[],"geo":[2086],"class_list":["post-21901","post","type-post","status-publish","format-standard","hentry","category-politica","staff-david-allegranti","geo-europa"],"acf":{"open_in_webview":false,"accent":false},"yoast_head":"<!-- This site is optimized with the Yoast SEO plugin v26.1.1 - https:\/\/yoast.com\/wordpress\/plugins\/seo\/ -->\n<title>Antisemitismo: Meloni, Fratelli d&#039;Italia e la sfida del passato in 10 frasi - Il Grand Continent<\/title>\n<meta name=\"robots\" content=\"index, follow, max-snippet:-1, max-image-preview:large, max-video-preview:-1\" \/>\n<link rel=\"canonical\" href=\"https:\/\/legrandcontinent.eu\/it\/2024\/07\/07\/antisemitismo-meloni-fratelli-ditalia-e-la-sfida-del-passato-in-10-frasi\/\" \/>\n<meta property=\"og:locale\" content=\"it_IT\" \/>\n<meta property=\"og:type\" content=\"article\" \/>\n<meta property=\"og:title\" content=\"Antisemitismo: Meloni, Fratelli d&#039;Italia e la sfida del passato in 10 frasi - Il Grand Continent\" \/>\n<meta property=\"og:description\" content=\"Giorgia Meloni ha un problema con il suo partito: l&#039;antisemitismo.  \u00c8 diventato difficile capire come il Presidente del Consiglio italiano riuscir\u00e0 a tirarsi fuori dalla crisi in cui si trova la sua famiglia politica, per la prima volta cos\u00ec direttamente confrontata con il peso della propria eredit\u00e0 storica.\" \/>\n<meta property=\"og:url\" content=\"https:\/\/legrandcontinent.eu\/it\/2024\/07\/07\/antisemitismo-meloni-fratelli-ditalia-e-la-sfida-del-passato-in-10-frasi\/\" \/>\n<meta property=\"og:site_name\" content=\"Il Grand Continent\" \/>\n<meta property=\"article:published_time\" content=\"2024-07-07T08:23:48+00:00\" \/>\n<meta property=\"article:modified_time\" content=\"2024-07-07T08:25:27+00:00\" \/>\n<meta property=\"og:image\" content=\"https:\/\/legrandcontinent.eu\/it\/wp-content\/uploads\/sites\/12\/2024\/07\/gc-melonit-scaled.jpg\" \/>\n\t<meta property=\"og:image:width\" content=\"2560\" \/>\n\t<meta property=\"og:image:height\" content=\"1438\" \/>\n\t<meta property=\"og:image:type\" content=\"image\/jpeg\" \/>\n<meta name=\"author\" content=\"Matheo Malik\" \/>\n<meta name=\"twitter:card\" content=\"summary_large_image\" \/>\n<meta name=\"twitter:image\" content=\"https:\/\/legrandcontinent.eu\/it\/wp-content\/uploads\/sites\/12\/2024\/07\/gc-melonit-scaled.jpg\" \/>\n<meta name=\"twitter:label1\" content=\"Scritto da\" \/>\n\t<meta name=\"twitter:data1\" content=\"Matheo Malik\" \/>\n\t<meta name=\"twitter:label2\" content=\"Tempo di lettura stimato\" \/>\n\t<meta name=\"twitter:data2\" content=\"19 minuti\" \/>\n<script type=\"application\/ld+json\" class=\"yoast-schema-graph\">{\"@context\":\"https:\/\/schema.org\",\"@graph\":[{\"@type\":\"WebPage\",\"@id\":\"https:\/\/legrandcontinent.eu\/it\/2024\/07\/07\/antisemitismo-meloni-fratelli-ditalia-e-la-sfida-del-passato-in-10-frasi\/\",\"url\":\"https:\/\/legrandcontinent.eu\/it\/2024\/07\/07\/antisemitismo-meloni-fratelli-ditalia-e-la-sfida-del-passato-in-10-frasi\/\",\"name\":\"Antisemitismo: Meloni, Fratelli d'Italia e la sfida del passato in 10 frasi - Il Grand Continent\",\"isPartOf\":{\"@id\":\"https:\/\/legrandcontinent.eu\/it\/#website\"},\"primaryImageOfPage\":{\"@id\":\"https:\/\/legrandcontinent.eu\/it\/2024\/07\/07\/antisemitismo-meloni-fratelli-ditalia-e-la-sfida-del-passato-in-10-frasi\/#primaryimage\"},\"image\":{\"@id\":\"https:\/\/legrandcontinent.eu\/it\/2024\/07\/07\/antisemitismo-meloni-fratelli-ditalia-e-la-sfida-del-passato-in-10-frasi\/#primaryimage\"},\"thumbnailUrl\":\"https:\/\/legrandcontinent.eu\/it\/wp-content\/uploads\/sites\/2\/2022\/11\/SIPA_01089151_000096-scaled.jpg\",\"datePublished\":\"2024-07-07T08:23:48+00:00\",\"dateModified\":\"2024-07-07T08:25:27+00:00\",\"author\":{\"@id\":\"https:\/\/legrandcontinent.eu\/it\/#\/schema\/person\/a1c2123a1ef5abd663fcde8f63063d45\"},\"breadcrumb\":{\"@id\":\"https:\/\/legrandcontinent.eu\/it\/2024\/07\/07\/antisemitismo-meloni-fratelli-ditalia-e-la-sfida-del-passato-in-10-frasi\/#breadcrumb\"},\"inLanguage\":\"it-IT\",\"potentialAction\":[{\"@type\":\"ReadAction\",\"target\":[\"https:\/\/legrandcontinent.eu\/it\/2024\/07\/07\/antisemitismo-meloni-fratelli-ditalia-e-la-sfida-del-passato-in-10-frasi\/\"]}]},{\"@type\":\"ImageObject\",\"inLanguage\":\"it-IT\",\"@id\":\"https:\/\/legrandcontinent.eu\/it\/2024\/07\/07\/antisemitismo-meloni-fratelli-ditalia-e-la-sfida-del-passato-in-10-frasi\/#primaryimage\",\"url\":\"https:\/\/legrandcontinent.eu\/it\/wp-content\/uploads\/sites\/2\/2022\/11\/SIPA_01089151_000096-scaled.jpg\",\"contentUrl\":\"https:\/\/legrandcontinent.eu\/it\/wp-content\/uploads\/sites\/2\/2022\/11\/SIPA_01089151_000096-scaled.jpg\",\"width\":2560,\"height\":1707,\"caption\":\"\u00a9 Francesco Fotia\/AGF\/SIPA\"},{\"@type\":\"BreadcrumbList\",\"@id\":\"https:\/\/legrandcontinent.eu\/it\/2024\/07\/07\/antisemitismo-meloni-fratelli-ditalia-e-la-sfida-del-passato-in-10-frasi\/#breadcrumb\",\"itemListElement\":[{\"@type\":\"ListItem\",\"position\":1,\"name\":\"Home\",\"item\":\"https:\/\/legrandcontinent.eu\/it\/\"},{\"@type\":\"ListItem\",\"position\":2,\"name\":\"Antisemitismo: Meloni, Fratelli d&#8217;Italia e la sfida del passato in 10 frasi\"}]},{\"@type\":\"WebSite\",\"@id\":\"https:\/\/legrandcontinent.eu\/it\/#website\",\"url\":\"https:\/\/legrandcontinent.eu\/it\/\",\"name\":\"Il Grand Continent\",\"description\":\"La scala pertinente\",\"potentialAction\":[{\"@type\":\"SearchAction\",\"target\":{\"@type\":\"EntryPoint\",\"urlTemplate\":\"https:\/\/legrandcontinent.eu\/it\/?s={search_term_string}\"},\"query-input\":{\"@type\":\"PropertyValueSpecification\",\"valueRequired\":true,\"valueName\":\"search_term_string\"}}],\"inLanguage\":\"it-IT\"},{\"@type\":\"Person\",\"@id\":\"https:\/\/legrandcontinent.eu\/it\/#\/schema\/person\/a1c2123a1ef5abd663fcde8f63063d45\",\"name\":\"Matheo Malik\",\"image\":{\"@type\":\"ImageObject\",\"inLanguage\":\"it-IT\",\"@id\":\"https:\/\/legrandcontinent.eu\/it\/#\/schema\/person\/image\/\",\"url\":\"https:\/\/secure.gravatar.com\/avatar\/62cbadb9f7f0804282928747d8d2051d?s=96&d=mm&r=g\",\"contentUrl\":\"https:\/\/secure.gravatar.com\/avatar\/62cbadb9f7f0804282928747d8d2051d?s=96&d=mm&r=g\",\"caption\":\"Matheo Malik\"}}]}<\/script>\n<!-- \/ Yoast SEO plugin. -->","yoast_head_json":{"title":"Antisemitismo: Meloni, Fratelli d'Italia e la sfida del passato in 10 frasi - Il Grand Continent","robots":{"index":"index","follow":"follow","max-snippet":"max-snippet:-1","max-image-preview":"max-image-preview:large","max-video-preview":"max-video-preview:-1"},"canonical":"https:\/\/legrandcontinent.eu\/it\/2024\/07\/07\/antisemitismo-meloni-fratelli-ditalia-e-la-sfida-del-passato-in-10-frasi\/","og_locale":"it_IT","og_type":"article","og_title":"Antisemitismo: Meloni, Fratelli d'Italia e la sfida del passato in 10 frasi - Il Grand Continent","og_description":"Giorgia Meloni ha un problema con il suo partito: l'antisemitismo.  \u00c8 diventato difficile capire come il Presidente del Consiglio italiano riuscir\u00e0 a tirarsi fuori dalla crisi in cui si trova la sua famiglia politica, per la prima volta cos\u00ec direttamente confrontata con il peso della propria eredit\u00e0 storica.","og_url":"https:\/\/legrandcontinent.eu\/it\/2024\/07\/07\/antisemitismo-meloni-fratelli-ditalia-e-la-sfida-del-passato-in-10-frasi\/","og_site_name":"Il Grand Continent","article_published_time":"2024-07-07T08:23:48+00:00","article_modified_time":"2024-07-07T08:25:27+00:00","og_image":[{"width":2560,"height":1438,"url":"https:\/\/legrandcontinent.eu\/it\/wp-content\/uploads\/sites\/12\/2024\/07\/gc-melonit-scaled.jpg","type":"image\/jpeg"}],"author":"Matheo Malik","twitter_card":"summary_large_image","twitter_image":"https:\/\/legrandcontinent.eu\/it\/wp-content\/uploads\/sites\/12\/2024\/07\/gc-melonit-scaled.jpg","twitter_misc":{"Scritto da":"Matheo Malik","Tempo di lettura stimato":"19 minuti"},"schema":{"@context":"https:\/\/schema.org","@graph":[{"@type":"WebPage","@id":"https:\/\/legrandcontinent.eu\/it\/2024\/07\/07\/antisemitismo-meloni-fratelli-ditalia-e-la-sfida-del-passato-in-10-frasi\/","url":"https:\/\/legrandcontinent.eu\/it\/2024\/07\/07\/antisemitismo-meloni-fratelli-ditalia-e-la-sfida-del-passato-in-10-frasi\/","name":"Antisemitismo: Meloni, Fratelli d'Italia e la sfida del passato in 10 frasi - Il Grand Continent","isPartOf":{"@id":"https:\/\/legrandcontinent.eu\/it\/#website"},"primaryImageOfPage":{"@id":"https:\/\/legrandcontinent.eu\/it\/2024\/07\/07\/antisemitismo-meloni-fratelli-ditalia-e-la-sfida-del-passato-in-10-frasi\/#primaryimage"},"image":{"@id":"https:\/\/legrandcontinent.eu\/it\/2024\/07\/07\/antisemitismo-meloni-fratelli-ditalia-e-la-sfida-del-passato-in-10-frasi\/#primaryimage"},"thumbnailUrl":"https:\/\/legrandcontinent.eu\/it\/wp-content\/uploads\/sites\/2\/2022\/11\/SIPA_01089151_000096-scaled.jpg","datePublished":"2024-07-07T08:23:48+00:00","dateModified":"2024-07-07T08:25:27+00:00","author":{"@id":"https:\/\/legrandcontinent.eu\/it\/#\/schema\/person\/a1c2123a1ef5abd663fcde8f63063d45"},"breadcrumb":{"@id":"https:\/\/legrandcontinent.eu\/it\/2024\/07\/07\/antisemitismo-meloni-fratelli-ditalia-e-la-sfida-del-passato-in-10-frasi\/#breadcrumb"},"inLanguage":"it-IT","potentialAction":[{"@type":"ReadAction","target":["https:\/\/legrandcontinent.eu\/it\/2024\/07\/07\/antisemitismo-meloni-fratelli-ditalia-e-la-sfida-del-passato-in-10-frasi\/"]}]},{"@type":"ImageObject","inLanguage":"it-IT","@id":"https:\/\/legrandcontinent.eu\/it\/2024\/07\/07\/antisemitismo-meloni-fratelli-ditalia-e-la-sfida-del-passato-in-10-frasi\/#primaryimage","url":"https:\/\/legrandcontinent.eu\/it\/wp-content\/uploads\/sites\/2\/2022\/11\/SIPA_01089151_000096-scaled.jpg","contentUrl":"https:\/\/legrandcontinent.eu\/it\/wp-content\/uploads\/sites\/2\/2022\/11\/SIPA_01089151_000096-scaled.jpg","width":2560,"height":1707,"caption":"\u00a9 Francesco Fotia\/AGF\/SIPA"},{"@type":"BreadcrumbList","@id":"https:\/\/legrandcontinent.eu\/it\/2024\/07\/07\/antisemitismo-meloni-fratelli-ditalia-e-la-sfida-del-passato-in-10-frasi\/#breadcrumb","itemListElement":[{"@type":"ListItem","position":1,"name":"Home","item":"https:\/\/legrandcontinent.eu\/it\/"},{"@type":"ListItem","position":2,"name":"Antisemitismo: Meloni, Fratelli d&#8217;Italia e la sfida del passato in 10 frasi"}]},{"@type":"WebSite","@id":"https:\/\/legrandcontinent.eu\/it\/#website","url":"https:\/\/legrandcontinent.eu\/it\/","name":"Il Grand Continent","description":"La scala pertinente","potentialAction":[{"@type":"SearchAction","target":{"@type":"EntryPoint","urlTemplate":"https:\/\/legrandcontinent.eu\/it\/?s={search_term_string}"},"query-input":{"@type":"PropertyValueSpecification","valueRequired":true,"valueName":"search_term_string"}}],"inLanguage":"it-IT"},{"@type":"Person","@id":"https:\/\/legrandcontinent.eu\/it\/#\/schema\/person\/a1c2123a1ef5abd663fcde8f63063d45","name":"Matheo Malik","image":{"@type":"ImageObject","inLanguage":"it-IT","@id":"https:\/\/legrandcontinent.eu\/it\/#\/schema\/person\/image\/","url":"https:\/\/secure.gravatar.com\/avatar\/62cbadb9f7f0804282928747d8d2051d?s=96&d=mm&r=g","contentUrl":"https:\/\/secure.gravatar.com\/avatar\/62cbadb9f7f0804282928747d8d2051d?s=96&d=mm&r=g","caption":"Matheo Malik"}}]}},"lgc_categories":[{"id":1571,"name":"Politica","slug":"politica"}],"lgc_author":{"id":2098,"name":"David Allegranti","slug":"david-allegranti","first_name":"David","last_name":"Allegranti","picture":{"url":"https:\/\/legrandcontinent.eu\/it\/wp-content\/uploads\/sites\/2\/2023\/12\/GC_Allegranti.png","width":534,"height":528,"alt":""}},"feature_image_summary":{"url":"https:\/\/legrandcontinent.eu\/it\/wp-content\/uploads\/sites\/2\/2022\/11\/SIPA_01089151_000096-scaled.jpg","width":2560,"height":1707,"alt":""},"feature_image_cover":{"url":"https:\/\/legrandcontinent.eu\/it\/wp-content\/uploads\/sites\/2\/2022\/11\/SIPA_01089151_000096-scaled.jpg","width":2560,"height":1707,"alt":""},"term_position_data":null,"_links":{"self":[{"href":"https:\/\/legrandcontinent.eu\/it\/wp-json\/wp\/v2\/posts\/21901","targetHints":{"allow":["GET"]}}],"collection":[{"href":"https:\/\/legrandcontinent.eu\/it\/wp-json\/wp\/v2\/posts"}],"about":[{"href":"https:\/\/legrandcontinent.eu\/it\/wp-json\/wp\/v2\/types\/post"}],"author":[{"embeddable":true,"href":"https:\/\/legrandcontinent.eu\/it\/wp-json\/wp\/v2\/users\/10"}],"replies":[{"embeddable":true,"href":"https:\/\/legrandcontinent.eu\/it\/wp-json\/wp\/v2\/comments?post=21901"}],"version-history":[{"count":0,"href":"https:\/\/legrandcontinent.eu\/it\/wp-json\/wp\/v2\/posts\/21901\/revisions"}],"wp:featuredmedia":[{"embeddable":true,"href":"https:\/\/legrandcontinent.eu\/it\/wp-json\/wp\/v2\/media\/21900"}],"wp:attachment":[{"href":"https:\/\/legrandcontinent.eu\/it\/wp-json\/wp\/v2\/media?parent=21901"}],"wp:term":[{"taxonomy":"category","embeddable":true,"href":"https:\/\/legrandcontinent.eu\/it\/wp-json\/wp\/v2\/categories?post=21901"},{"taxonomy":"post_tag","embeddable":true,"href":"https:\/\/legrandcontinent.eu\/it\/wp-json\/wp\/v2\/tags?post=21901"},{"taxonomy":"staff","embeddable":true,"href":"https:\/\/legrandcontinent.eu\/it\/wp-json\/wp\/v2\/staff?post=21901"},{"taxonomy":"editorial_format","embeddable":true,"href":"https:\/\/legrandcontinent.eu\/it\/wp-json\/wp\/v2\/editorial_format?post=21901"},{"taxonomy":"serie","embeddable":true,"href":"https:\/\/legrandcontinent.eu\/it\/wp-json\/wp\/v2\/serie?post=21901"},{"taxonomy":"audience","embeddable":true,"href":"https:\/\/legrandcontinent.eu\/it\/wp-json\/wp\/v2\/audience?post=21901"},{"taxonomy":"geo","embeddable":true,"href":"https:\/\/legrandcontinent.eu\/it\/wp-json\/wp\/v2\/geo?post=21901"}],"curies":[{"name":"wp","href":"https:\/\/api.w.org\/{rel}","templated":true}]}}