{"id":21761,"date":"2024-07-02T17:59:26","date_gmt":"2024-07-02T15:59:26","guid":{"rendered":"https:\/\/legrandcontinent.eu\/it\/?p=21761"},"modified":"2024-07-02T18:05:39","modified_gmt":"2024-07-02T16:05:39","slug":"legislative-in-francia-le-pen-potrebbe-non-ottenere-la-maggioranza-assoluta-prima-proiezione-dopo-le-desistenze","status":"publish","type":"post","link":"https:\/\/legrandcontinent.eu\/it\/2024\/07\/02\/legislative-in-francia-le-pen-potrebbe-non-ottenere-la-maggioranza-assoluta-prima-proiezione-dopo-le-desistenze\/","title":{"rendered":"Legislative in Francia: Le Pen potrebbe non ottenere la maggioranza assoluta (prima proiezione dopo le desistenze)"},"content":{"rendered":"\n<p>La proiezione che segue \u00e8 stata elaborata sulla base dei risultati del primo turno (pubblicati dal Ministero dell&#8217;Interno), del conteggio dei ritiri effettuato da <em>Le Monde<\/em> e delle matrici di transizione tra il primo e il secondo turno pubblicate da Cluster 17 il 28 giugno. Non si tratta quindi di una previsione e occorre prendere le consuete precauzioni in assenza di dati relativi alla principale incognita e al fattore pi\u00f9 decisivo: l&#8217;affluenza alle urne.<\/p>\n\n\n\n<div class=\"iframe-container wp-block-image wp-block-image-medium \">\n\t<div>\n\t\t<iframe class=\"absolute w-full h-full pin-t pin-l\" title=\"titolo\" aria-label=\"Interactive line chart\" src=\"\/\/flo.uri.sh\/visualisation\/18593460\/embed\" scrolling=\"no\" frameborder=\"0\"><\/iframe>\n\t<\/div>\n<\/div>\n\n\n\n<p>Le circoscrizioni sono state quindi considerate una per una e per ognuna di esse \u00e8 stato determinato manualmente un risultato, tenendo conto: del vincitore statisticamente probabile in considerazione del riporto di voti; del vantaggio del candidato arrivato primo al primo turno; dell&#8217;affiliazione partitica dei candidati del PNF; di alcune specifiche configurazioni locali. Nei casi di grande incertezza, sono stati determinati diversi potenziali vincitori, ottenendo una gamma di seggi per ciascun partito.<\/p>\n\n\n\n<div class=\"iframe-container wp-block-image wp-block-image-medium  iframe-dw\">\n\t<div>\n\t\t<iframe class=\"absolute w-full h-full pin-t pin-l\" title=\"titolo\" aria-label=\"Interactive line chart\" src=\"\/\/datawrapper.dwcdn.net\/TkL5p\/ \" scrolling=\"no\" frameborder=\"0\"><\/iframe>\n\t<\/div>\n<\/div>\n\n\n\n<ul class=\"wp-block-list\">\n<li>In uno scenario massimalista, il numero di seggi conquistati dai candidati RN e LR-RN (262) sarebbe insufficiente per raggiungere la maggioranza assoluta (289) nell&#8217;Assemblea.<\/li>\n\n\n\n<li>Lo scenario medio conferma l&#8217;emergere di tre blocchi principali (PN, ENS, RN) che sarebbero per\u00f2 molto diseguali: le coalizioni di partiti di centro-sinistra avrebbero una ventina di deputati in pi\u00f9 rispetto all&#8217;alleanza tra RN e <a href=\"https:\/\/legrandcontinent.eu\/fr\/2024\/06\/21\/qui-sont-les-amis-de-ciotti-7-points-sur-le-bloc-de-deputes-lr-rn\/\">Amici di Ciotti<\/a>.<\/li>\n<\/ul>\n\n\n\n<div class=\"iframe-container wp-block-image wp-block-image-medium  iframe-dw\">\n\t<div>\n\t\t<iframe class=\"absolute w-full h-full pin-t pin-l\" title=\"titolo\" aria-label=\"Interactive line chart\" src=\"\/\/datawrapper.dwcdn.net\/Tk5UD\/\" scrolling=\"no\" frameborder=\"0\"><\/iframe>\n\t<\/div>\n<\/div>\n\n\n\n<p>La principale incertezza riguarda il trasferimento di voti dagli elettori di centro e di sinistra al RN in caso di duello RN-NFP e RN-Ensemble al secondo turno.<\/p>\n\n\n\n<ul class=\"wp-block-list\">\n<li>In particolare, gli spostamenti degli elettori di sinistra verso il RN sono dati a livelli molto pi\u00f9 bassi (&lt; 10%) nei sondaggi recenti rispetto ad alcuni sondaggi &#8220;polling day&#8221; del 2022, dove potrebbero raggiungere il 30%.<\/li>\n\n\n\n<li>Se questi spostamenti dovessero raggiungere un tale livello nel 2024, una maggioranza assoluta del RN tornerebbe ad essere possibile, se non probabile.<\/li>\n<\/ul>\n\n\n\n<p>L&#8217;astensione (o l&#8217;affluenza) al secondo turno sar\u00e0 particolarmente decisiva e difficile da prevedere.<\/p>\n\n\n\n<ul class=\"wp-block-list\">\n<li>In <a href=\"https:\/\/legrandcontinent.eu\/fr\/2024\/07\/01\/legislatives-le-rn-a-t-il-deja-gagne-7-clefs-pour-decoder-lentre-deux-tours\/\">un sondaggio di Cluster 17 del 28 giugno<\/a>, il 58% degli elettori di Ensemble ha dichiarato che preferirebbe astenersi in un secondo turno che contrapponga un candidato del Rassemblement National a un candidato del Nouveau Front Populaire.<\/li>\n\n\n\n<li>Gli elettori di sinistra hanno seguito uno schema simile di astensione: quando \u00e8 stato chiesto loro di scegliere tra Ensemble e il RN, il 54% ha dichiarato che si sarebbe astenuto, il 42% avrebbe scelto Ensemble e il 4% il Rassemblement National.<\/li>\n<\/ul>\n","protected":false},"excerpt":{"rendered":"<p>Secondo una proiezione esclusiva dopo l&#8217;annuncio delle desistenze, lo scenario medio vedrebbe emergere tre blocchi.<\/p>\n<p>Se questo scenario fosse confermato, non si potrebbe escludere la possibilit\u00e0 di una \u00abgrande coalizione\u00bb.<\/p>\n<p>A questo punto, l&#8217;affluenza alle urne rimane la principale incognita e potrebbe influenzare la composizione dell&#8217;Assemblea.<\/p>\n","protected":false},"author":7,"featured_media":21760,"comment_status":"closed","ping_status":"closed","sticky":false,"template":"templates\/post-briefings.php","format":"standard","meta":{"_acf_changed":true,"_trash_the_other_posts":false,"_yoast_wpseo_estimated-reading-time-minutes":3,"footnotes":""},"categories":[2187],"tags":[],"staff":[1577],"editorial_format":[],"serie":[],"audience":[],"geo":[2086],"class_list":["post-21761","post","type-post","status-publish","format-standard","hentry","category-elezioni","staff-francois-hublet","geo-europa"],"acf":{"open_in_webview":false,"accent":false,"_thumbnail_id":21760,"excerpt":"Secondo una proiezione esclusiva dopo l'annuncio delle desistenze, lo scenario medio vedrebbe emergere tre blocchi.\r\n\r\nSe questo scenario fosse confermato, non si potrebbe escludere la possibilit\u00e0 di una \u00abgrande coalizione\u00bb.\r\n\r\nA questo punto, l'affluenza alle urne rimane la principale incognita e potrebbe influenzare la composizione dell'Assemblea.","display_date":"","new_abstract":true},"yoast_head":"<!-- This site is optimized with the Yoast SEO plugin v26.1.1 - https:\/\/yoast.com\/wordpress\/plugins\/seo\/ -->\n<title>Legislative in Francia: Le Pen potrebbe non ottenere la maggioranza assoluta (prima proiezione dopo le desistenze) - Il Grand Continent<\/title>\n<meta name=\"robots\" content=\"index, follow, max-snippet:-1, max-image-preview:large, max-video-preview:-1\" \/>\n<link rel=\"canonical\" href=\"https:\/\/legrandcontinent.eu\/it\/2024\/07\/02\/legislative-in-francia-le-pen-potrebbe-non-ottenere-la-maggioranza-assoluta-prima-proiezione-dopo-le-desistenze\/\" \/>\n<meta property=\"og:locale\" content=\"it_IT\" \/>\n<meta property=\"og:type\" content=\"article\" \/>\n<meta property=\"og:title\" content=\"Legislative in Francia: Le Pen potrebbe non ottenere la maggioranza assoluta (prima proiezione dopo le desistenze) - Il Grand Continent\" \/>\n<meta property=\"og:description\" content=\"Secondo una proiezione esclusiva dopo l&#039;annuncio delle desistenze, lo scenario medio vedrebbe emergere tre blocchi.  Se questo scenario fosse confermato, non si potrebbe escludere la possibilit\u00e0 di una \u00abgrande coalizione\u00bb.  A questo punto, l&#039;affluenza alle urne rimane la principale incognita e potrebbe influenzare la composizione dell&#039;Assemblea.\" \/>\n<meta property=\"og:url\" content=\"https:\/\/legrandcontinent.eu\/it\/2024\/07\/02\/legislative-in-francia-le-pen-potrebbe-non-ottenere-la-maggioranza-assoluta-prima-proiezione-dopo-le-desistenze\/\" \/>\n<meta property=\"og:site_name\" content=\"Il Grand Continent\" \/>\n<meta property=\"article:published_time\" content=\"2024-07-02T15:59:26+00:00\" \/>\n<meta property=\"article:modified_time\" content=\"2024-07-02T16:05:39+00:00\" \/>\n<meta property=\"og:image\" content=\"https:\/\/legrandcontinent.eu\/it\/wp-content\/uploads\/sites\/2\/2024\/07\/Capture-decran-2024-07-02-a-3.28.10\u202fPM.png\" \/>\n\t<meta property=\"og:image:width\" content=\"4096\" \/>\n\t<meta property=\"og:image:height\" content=\"2304\" \/>\n\t<meta property=\"og:image:type\" content=\"image\/png\" \/>\n<meta name=\"author\" content=\"Gilles Gressani\" \/>\n<meta name=\"twitter:card\" content=\"summary_large_image\" \/>\n<meta name=\"twitter:label1\" content=\"Scritto da\" \/>\n\t<meta name=\"twitter:data1\" content=\"Gilles Gressani\" \/>\n\t<meta name=\"twitter:label2\" content=\"Tempo di lettura stimato\" \/>\n\t<meta name=\"twitter:data2\" content=\"3 minuti\" \/>\n<script type=\"application\/ld+json\" class=\"yoast-schema-graph\">{\"@context\":\"https:\/\/schema.org\",\"@graph\":[{\"@type\":\"WebPage\",\"@id\":\"https:\/\/legrandcontinent.eu\/it\/2024\/07\/02\/legislative-in-francia-le-pen-potrebbe-non-ottenere-la-maggioranza-assoluta-prima-proiezione-dopo-le-desistenze\/\",\"url\":\"https:\/\/legrandcontinent.eu\/it\/2024\/07\/02\/legislative-in-francia-le-pen-potrebbe-non-ottenere-la-maggioranza-assoluta-prima-proiezione-dopo-le-desistenze\/\",\"name\":\"Legislative in Francia: Le Pen potrebbe non ottenere la maggioranza assoluta (prima proiezione dopo le desistenze) - Il Grand Continent\",\"isPartOf\":{\"@id\":\"https:\/\/legrandcontinent.eu\/it\/#website\"},\"primaryImageOfPage\":{\"@id\":\"https:\/\/legrandcontinent.eu\/it\/2024\/07\/02\/legislative-in-francia-le-pen-potrebbe-non-ottenere-la-maggioranza-assoluta-prima-proiezione-dopo-le-desistenze\/#primaryimage\"},\"image\":{\"@id\":\"https:\/\/legrandcontinent.eu\/it\/2024\/07\/02\/legislative-in-francia-le-pen-potrebbe-non-ottenere-la-maggioranza-assoluta-prima-proiezione-dopo-le-desistenze\/#primaryimage\"},\"thumbnailUrl\":\"https:\/\/legrandcontinent.eu\/it\/wp-content\/uploads\/sites\/2\/2024\/07\/Capture-decran-2024-07-02-a-3.28.10\u202fPM.png\",\"datePublished\":\"2024-07-02T15:59:26+00:00\",\"dateModified\":\"2024-07-02T16:05:39+00:00\",\"author\":{\"@id\":\"https:\/\/legrandcontinent.eu\/it\/#\/schema\/person\/cf5b9f219cfb8e49b2923ff0e192682b\"},\"breadcrumb\":{\"@id\":\"https:\/\/legrandcontinent.eu\/it\/2024\/07\/02\/legislative-in-francia-le-pen-potrebbe-non-ottenere-la-maggioranza-assoluta-prima-proiezione-dopo-le-desistenze\/#breadcrumb\"},\"inLanguage\":\"it-IT\",\"potentialAction\":[{\"@type\":\"ReadAction\",\"target\":[\"https:\/\/legrandcontinent.eu\/it\/2024\/07\/02\/legislative-in-francia-le-pen-potrebbe-non-ottenere-la-maggioranza-assoluta-prima-proiezione-dopo-le-desistenze\/\"]}]},{\"@type\":\"ImageObject\",\"inLanguage\":\"it-IT\",\"@id\":\"https:\/\/legrandcontinent.eu\/it\/2024\/07\/02\/legislative-in-francia-le-pen-potrebbe-non-ottenere-la-maggioranza-assoluta-prima-proiezione-dopo-le-desistenze\/#primaryimage\",\"url\":\"https:\/\/legrandcontinent.eu\/it\/wp-content\/uploads\/sites\/2\/2024\/07\/Capture-decran-2024-07-02-a-3.28.10\u202fPM.png\",\"contentUrl\":\"https:\/\/legrandcontinent.eu\/it\/wp-content\/uploads\/sites\/2\/2024\/07\/Capture-decran-2024-07-02-a-3.28.10\u202fPM.png\",\"width\":4096,\"height\":2304},{\"@type\":\"BreadcrumbList\",\"@id\":\"https:\/\/legrandcontinent.eu\/it\/2024\/07\/02\/legislative-in-francia-le-pen-potrebbe-non-ottenere-la-maggioranza-assoluta-prima-proiezione-dopo-le-desistenze\/#breadcrumb\",\"itemListElement\":[{\"@type\":\"ListItem\",\"position\":1,\"name\":\"Home\",\"item\":\"https:\/\/legrandcontinent.eu\/it\/\"},{\"@type\":\"ListItem\",\"position\":2,\"name\":\"Legislative in Francia: Le Pen potrebbe non ottenere la maggioranza assoluta (prima proiezione dopo le desistenze)\"}]},{\"@type\":\"WebSite\",\"@id\":\"https:\/\/legrandcontinent.eu\/it\/#website\",\"url\":\"https:\/\/legrandcontinent.eu\/it\/\",\"name\":\"Il Grand Continent\",\"description\":\"La scala pertinente\",\"potentialAction\":[{\"@type\":\"SearchAction\",\"target\":{\"@type\":\"EntryPoint\",\"urlTemplate\":\"https:\/\/legrandcontinent.eu\/it\/?s={search_term_string}\"},\"query-input\":{\"@type\":\"PropertyValueSpecification\",\"valueRequired\":true,\"valueName\":\"search_term_string\"}}],\"inLanguage\":\"it-IT\"},{\"@type\":\"Person\",\"@id\":\"https:\/\/legrandcontinent.eu\/it\/#\/schema\/person\/cf5b9f219cfb8e49b2923ff0e192682b\",\"name\":\"Gilles Gressani\",\"image\":{\"@type\":\"ImageObject\",\"inLanguage\":\"it-IT\",\"@id\":\"https:\/\/legrandcontinent.eu\/it\/#\/schema\/person\/image\/\",\"url\":\"https:\/\/secure.gravatar.com\/avatar\/ca9dca3417a297a024262b1a2d6d035a?s=96&d=mm&r=g\",\"contentUrl\":\"https:\/\/secure.gravatar.com\/avatar\/ca9dca3417a297a024262b1a2d6d035a?s=96&d=mm&r=g\",\"caption\":\"Gilles Gressani\"}}]}<\/script>\n<!-- \/ Yoast SEO plugin. -->","yoast_head_json":{"title":"Legislative in Francia: Le Pen potrebbe non ottenere la maggioranza assoluta (prima proiezione dopo le desistenze) - Il Grand Continent","robots":{"index":"index","follow":"follow","max-snippet":"max-snippet:-1","max-image-preview":"max-image-preview:large","max-video-preview":"max-video-preview:-1"},"canonical":"https:\/\/legrandcontinent.eu\/it\/2024\/07\/02\/legislative-in-francia-le-pen-potrebbe-non-ottenere-la-maggioranza-assoluta-prima-proiezione-dopo-le-desistenze\/","og_locale":"it_IT","og_type":"article","og_title":"Legislative in Francia: Le Pen potrebbe non ottenere la maggioranza assoluta (prima proiezione dopo le desistenze) - Il Grand Continent","og_description":"Secondo una proiezione esclusiva dopo l'annuncio delle desistenze, lo scenario medio vedrebbe emergere tre blocchi.  Se questo scenario fosse confermato, non si potrebbe escludere la possibilit\u00e0 di una \u00abgrande coalizione\u00bb.  A questo punto, l'affluenza alle urne rimane la principale incognita e potrebbe influenzare la composizione dell'Assemblea.","og_url":"https:\/\/legrandcontinent.eu\/it\/2024\/07\/02\/legislative-in-francia-le-pen-potrebbe-non-ottenere-la-maggioranza-assoluta-prima-proiezione-dopo-le-desistenze\/","og_site_name":"Il Grand Continent","article_published_time":"2024-07-02T15:59:26+00:00","article_modified_time":"2024-07-02T16:05:39+00:00","og_image":[{"width":4096,"height":2304,"url":"https:\/\/legrandcontinent.eu\/it\/wp-content\/uploads\/sites\/2\/2024\/07\/Capture-decran-2024-07-02-a-3.28.10\u202fPM.png","type":"image\/png"}],"author":"Gilles Gressani","twitter_card":"summary_large_image","twitter_misc":{"Scritto da":"Gilles Gressani","Tempo di lettura stimato":"3 minuti"},"schema":{"@context":"https:\/\/schema.org","@graph":[{"@type":"WebPage","@id":"https:\/\/legrandcontinent.eu\/it\/2024\/07\/02\/legislative-in-francia-le-pen-potrebbe-non-ottenere-la-maggioranza-assoluta-prima-proiezione-dopo-le-desistenze\/","url":"https:\/\/legrandcontinent.eu\/it\/2024\/07\/02\/legislative-in-francia-le-pen-potrebbe-non-ottenere-la-maggioranza-assoluta-prima-proiezione-dopo-le-desistenze\/","name":"Legislative in Francia: Le Pen potrebbe non ottenere la maggioranza assoluta (prima proiezione dopo le desistenze) - Il Grand Continent","isPartOf":{"@id":"https:\/\/legrandcontinent.eu\/it\/#website"},"primaryImageOfPage":{"@id":"https:\/\/legrandcontinent.eu\/it\/2024\/07\/02\/legislative-in-francia-le-pen-potrebbe-non-ottenere-la-maggioranza-assoluta-prima-proiezione-dopo-le-desistenze\/#primaryimage"},"image":{"@id":"https:\/\/legrandcontinent.eu\/it\/2024\/07\/02\/legislative-in-francia-le-pen-potrebbe-non-ottenere-la-maggioranza-assoluta-prima-proiezione-dopo-le-desistenze\/#primaryimage"},"thumbnailUrl":"https:\/\/legrandcontinent.eu\/it\/wp-content\/uploads\/sites\/2\/2024\/07\/Capture-decran-2024-07-02-a-3.28.10\u202fPM.png","datePublished":"2024-07-02T15:59:26+00:00","dateModified":"2024-07-02T16:05:39+00:00","author":{"@id":"https:\/\/legrandcontinent.eu\/it\/#\/schema\/person\/cf5b9f219cfb8e49b2923ff0e192682b"},"breadcrumb":{"@id":"https:\/\/legrandcontinent.eu\/it\/2024\/07\/02\/legislative-in-francia-le-pen-potrebbe-non-ottenere-la-maggioranza-assoluta-prima-proiezione-dopo-le-desistenze\/#breadcrumb"},"inLanguage":"it-IT","potentialAction":[{"@type":"ReadAction","target":["https:\/\/legrandcontinent.eu\/it\/2024\/07\/02\/legislative-in-francia-le-pen-potrebbe-non-ottenere-la-maggioranza-assoluta-prima-proiezione-dopo-le-desistenze\/"]}]},{"@type":"ImageObject","inLanguage":"it-IT","@id":"https:\/\/legrandcontinent.eu\/it\/2024\/07\/02\/legislative-in-francia-le-pen-potrebbe-non-ottenere-la-maggioranza-assoluta-prima-proiezione-dopo-le-desistenze\/#primaryimage","url":"https:\/\/legrandcontinent.eu\/it\/wp-content\/uploads\/sites\/2\/2024\/07\/Capture-decran-2024-07-02-a-3.28.10\u202fPM.png","contentUrl":"https:\/\/legrandcontinent.eu\/it\/wp-content\/uploads\/sites\/2\/2024\/07\/Capture-decran-2024-07-02-a-3.28.10\u202fPM.png","width":4096,"height":2304},{"@type":"BreadcrumbList","@id":"https:\/\/legrandcontinent.eu\/it\/2024\/07\/02\/legislative-in-francia-le-pen-potrebbe-non-ottenere-la-maggioranza-assoluta-prima-proiezione-dopo-le-desistenze\/#breadcrumb","itemListElement":[{"@type":"ListItem","position":1,"name":"Home","item":"https:\/\/legrandcontinent.eu\/it\/"},{"@type":"ListItem","position":2,"name":"Legislative in Francia: Le Pen potrebbe non ottenere la maggioranza assoluta (prima proiezione dopo le desistenze)"}]},{"@type":"WebSite","@id":"https:\/\/legrandcontinent.eu\/it\/#website","url":"https:\/\/legrandcontinent.eu\/it\/","name":"Il Grand Continent","description":"La scala pertinente","potentialAction":[{"@type":"SearchAction","target":{"@type":"EntryPoint","urlTemplate":"https:\/\/legrandcontinent.eu\/it\/?s={search_term_string}"},"query-input":{"@type":"PropertyValueSpecification","valueRequired":true,"valueName":"search_term_string"}}],"inLanguage":"it-IT"},{"@type":"Person","@id":"https:\/\/legrandcontinent.eu\/it\/#\/schema\/person\/cf5b9f219cfb8e49b2923ff0e192682b","name":"Gilles Gressani","image":{"@type":"ImageObject","inLanguage":"it-IT","@id":"https:\/\/legrandcontinent.eu\/it\/#\/schema\/person\/image\/","url":"https:\/\/secure.gravatar.com\/avatar\/ca9dca3417a297a024262b1a2d6d035a?s=96&d=mm&r=g","contentUrl":"https:\/\/secure.gravatar.com\/avatar\/ca9dca3417a297a024262b1a2d6d035a?s=96&d=mm&r=g","caption":"Gilles Gressani"}}]}},"lgc_categories":[{"id":2187,"name":"Elezioni","slug":"elezioni"}],"lgc_author":{"id":1577,"name":"Fran\u00e7ois Hublet","slug":"francois-hublet","description":"Fran\u00e7ois Hublet \u00e8 redattore in capo dei <em>Bulletins des \u00e9lections de l\u2019Union Europ\u00e9enne<\/em> (BLUE), pubblicazione Groupe d\u2019\u00e9tudes g\u00e9opolitiques. Si \u00e8 laureato all'\u00c9cole polytechnique (Palaiseau) e allo ETH Zurich.","first_name":"Fran\u00e7ois","last_name":"Hublet","picture":{"url":"https:\/\/legrandcontinent.eu\/it\/wp-content\/uploads\/sites\/12\/2023\/11\/Hublet.png","width":230,"height":331,"alt":""}},"feature_image_summary":{"url":"https:\/\/legrandcontinent.eu\/it\/wp-content\/uploads\/sites\/2\/2024\/07\/Capture-decran-2024-07-02-a-3.28.10\u202fPM.png","width":4096,"height":2304,"alt":""},"feature_image_cover":null,"term_position_data":null,"_links":{"self":[{"href":"https:\/\/legrandcontinent.eu\/it\/wp-json\/wp\/v2\/posts\/21761","targetHints":{"allow":["GET"]}}],"collection":[{"href":"https:\/\/legrandcontinent.eu\/it\/wp-json\/wp\/v2\/posts"}],"about":[{"href":"https:\/\/legrandcontinent.eu\/it\/wp-json\/wp\/v2\/types\/post"}],"author":[{"embeddable":true,"href":"https:\/\/legrandcontinent.eu\/it\/wp-json\/wp\/v2\/users\/7"}],"replies":[{"embeddable":true,"href":"https:\/\/legrandcontinent.eu\/it\/wp-json\/wp\/v2\/comments?post=21761"}],"version-history":[{"count":0,"href":"https:\/\/legrandcontinent.eu\/it\/wp-json\/wp\/v2\/posts\/21761\/revisions"}],"wp:featuredmedia":[{"embeddable":true,"href":"https:\/\/legrandcontinent.eu\/it\/wp-json\/wp\/v2\/media\/21760"}],"wp:attachment":[{"href":"https:\/\/legrandcontinent.eu\/it\/wp-json\/wp\/v2\/media?parent=21761"}],"wp:term":[{"taxonomy":"category","embeddable":true,"href":"https:\/\/legrandcontinent.eu\/it\/wp-json\/wp\/v2\/categories?post=21761"},{"taxonomy":"post_tag","embeddable":true,"href":"https:\/\/legrandcontinent.eu\/it\/wp-json\/wp\/v2\/tags?post=21761"},{"taxonomy":"staff","embeddable":true,"href":"https:\/\/legrandcontinent.eu\/it\/wp-json\/wp\/v2\/staff?post=21761"},{"taxonomy":"editorial_format","embeddable":true,"href":"https:\/\/legrandcontinent.eu\/it\/wp-json\/wp\/v2\/editorial_format?post=21761"},{"taxonomy":"serie","embeddable":true,"href":"https:\/\/legrandcontinent.eu\/it\/wp-json\/wp\/v2\/serie?post=21761"},{"taxonomy":"audience","embeddable":true,"href":"https:\/\/legrandcontinent.eu\/it\/wp-json\/wp\/v2\/audience?post=21761"},{"taxonomy":"geo","embeddable":true,"href":"https:\/\/legrandcontinent.eu\/it\/wp-json\/wp\/v2\/geo?post=21761"}],"curies":[{"name":"wp","href":"https:\/\/api.w.org\/{rel}","templated":true}]}}