{"id":16001,"date":"2023-12-04T13:16:06","date_gmt":"2023-12-04T12:16:06","guid":{"rendered":"https:\/\/legrandcontinent.eu\/it\/?p=16001"},"modified":"2023-12-04T18:31:17","modified_gmt":"2023-12-04T17:31:17","slug":"limpossibile-internazionale-sovranista","status":"publish","type":"post","link":"https:\/\/legrandcontinent.eu\/it\/2023\/12\/04\/limpossibile-internazionale-sovranista\/","title":{"rendered":"Firenze: l\u2019impossibile internazionale sovranista?"},"content":{"rendered":"\n<p class=\"has-drop-cap\">Leonardo Grifoni, studente di storia dell\u2019arte a Siena, ma originario di Firenze, sogna il ritorno della monarchia. Biondo, sembra un nobile (\u00abTranne per le Timberland\u00bb), e dice, entrando alla Fortezza da Basso, a Firenze, dove sono riuniti gli euro-sovranisti: \u00abIo sono monarchico. Non riconosco Mattarella. Non riconosco la Costituzione\u00bb. Non \u00e8 iscritto alla Lega, non \u00e8 iscritto in realt\u00e0 a nessun partito. Dice che un re perfetto c\u2019\u00e8 gi\u00e0 per l\u2019Italia, \u00e8 Emanuele Filiberto di Savoia. Vuole un\u2019\u00abEuropa diversa\u00bb, che poi \u00e8 uno dei <em>leitmotiv<\/em> della giornata organizzata da Matteo Salvini insieme all\u2019internazionale sovranista, una contraddizione in termini, dal titolo \u00abFree Europe!\u00bb. Accanto al giovane Grifoni campeggia lo striscione: \u00abJobs, security, common sense\u00bb. Lavoro, sicurezza, buonsenso. Contro la deindustrializzazione, contro la spinta alle auto elettriche voluta dalla Commissione Europea a partire dal 2035 (norma fortemente difesa dal commissario all\u2019Economia Paolo Gentiloni), che \u00e8 un aiuto alla Cina, ripetono all\u2019unisono i sovranisti. Contro la tecnocrazia, contro l\u2019immigrazione, contro la burocrazia. Guglielmo Picchi, oggi semplice cittadino ma un tempo vice-ministro degli Esteri della Lega, prevede che alle prossime elezioni europee la media dei partiti che compongono il gruppo di Identit\u00e0 e Democrazia \u2013 l\u2019estrema destra europea \u2013 \u00abvarr\u00e0 il 15 per cento e non potr\u00e0 essere ignorata\u00bb. Ma l\u2019architrave dei sovranisti non sar\u00e0, come cinque anni fa, la Lega, che prese il 34 per cento. L\u2019austriaco Harald Vilimsky, capo delegazione al Parlamento Europeo di FP\u00d6, rilascia interviste ai media austriaci, ma dice che non vuole parlare con gli stranieri. Nel suo intervento, dal palco, pi\u00f9 tardi si far\u00e0 riconoscere, affermando che \u00e8 \u00absbagliato sostenere l\u2019Ucraina ed \u00e8 sbagliato anche sostenere la guerra di Israele contro la Palestina\u00bb. Filo-russo, come i tedeschi di AfD. Una prima differenza, la pi\u00f9 importante forse, all\u2019interno della famiglia sovranista, quella fra chi \u00e8 filo-russo e chi no.&nbsp;<\/p>\n\n\n\n<p>Arriva Matteo Salvini, il padrone di casa, mano nella mano con la fidanzata Francesca Verdini, che poi in disparte gira video con il cellulare mentre la selva dei giornalisti interroga il ministro dei Trasporti, non particolarmente tenero nei confronti degli alleati della maggioranza, assai critici \u2013 da Fratelli d\u2019Italia a Forza Italia \u2013 verso questa convention. Il ministro degli Esteri, il forzista Antonio Tajani, mesi fa se l\u2019era presa con i tedeschi di AfD (\u00abMi fanno schifo, hanno una cultura nazista\u00bb) e, in un\u2019intervista a Repubblica, ha detto pochi giorni fa che con la Lega non ci sono problemi, tant\u2019\u00e8 che in Italia il governo \u00e8 comune. I problemi sono per\u00f2 altri: \u00abAltre forze non sono in sintonia con il Ppe. Ma forse neppure con la Lega, che con una sua ministra, Locatelli, porta avanti politiche opposte a quelle di AfD, che vuole classi separate per i bambini disabili. Una cosa che fa ribrezzo\u00bb. Chi nel centrodestra preferisce la sinistra alla Lega e ai suoi alleati in Europa, ribatte Salvini, \u00abcommette un errore incredibile perch\u00e9 questa Europa con la sinistra al governo \u00e8 quella dei tagli alla salute, alla scuola, \u00e8 quella dell\u2019immigrazione incontrollata, dello strizzare l\u2019occhio a un fanatismo islamico che anche ieri ha fatto una vittima nel cuore dell\u2019Europa. Mi dispiacerebbe che qualcuno di centrodestra preferisse la sinistra ad alleati di centrodestra\u00bb. A chi gli fa notare che, appunto, pure il leader di Forza Italia, Tajani, condivide questa preclusione, Salvini obietta ancora: \u00abSbaglia, chi sceglier\u00e0 la Lega alle Europee sceglie l&#8217;alternativa alla sinistra, a Macron e ai comunisti. La Lega non governer\u00e0 mai con i socialisti. Faccio un invito al centrodestra unito in Italia a essere unito in Europa poi non posso imporre niente controvoglia a nessuno\u00bb.<\/p>\n\n\n\n<figure class=\"wp-block-pullquote\"><blockquote><p>Una prima differenza, la pi\u00f9 importante forse, all\u2019interno della famiglia sovranista, \u00e8 quella fra chi \u00e8 filo-russo e chi no<\/p><cite>David Allegranti<\/cite><\/blockquote><\/figure>\n\n\n\n<p>Antonio Maria Rinaldi, europarlamentare, twitta una foto con Alberto Bagnai e Claudio Borghi, il dinamico duo che sognava l\u2019Italexit quando nella Lega spadroneggiavano i No Euro. Altri tempi, i tempi del \u00abTramonto dell\u2019euro\u00bb (Imprimatur), opera di Bagnai, bibbia dei combattenti per la libert\u00e0 dalla moneta unica contro gli \u00abeuroinomani\u00bb. \u00abSul palco Marco Zanni e si comincia. Gli occhi di tutta l\u2019Europa sinistra in via di sfratto guardano qui con timore e hanno ragione\u00bb, twitta Borghi. Sono le 11 e mezzo, si comincia. I giornalisti, stipati nella sala accanto, non possono entrare. Acqua e caff\u00e8 sul tavolo. La colonna sonora \u00e8 di Giorgio Gaber: \u00abLa libert\u00e0 non \u00e8 star sopra un albero \/ Non \u00e8 neanche il volo di un moscone \/ La libert\u00e0 non \u00e8 uno spazio libero \/ Libert\u00e0 \u00e8 partecipazione\u00bb. Michele Serra, tra gli intervistati del docu-film uscito pochi giorni fa al cinema su Gaber, potrebbe avere qualcosa da obiettare.&nbsp;<\/p>\n\n\n\n\n\n<figure class=\"wp-block-image wp-block-image-large\"\n    data-shadow=\"false\"\n    data-use-original-file=\"false\">\n    <a\n        data-pswp-src=\"https:\/\/legrandcontinent.eu\/it\/wp-content\/uploads\/sites\/2\/2023\/12\/SIPA_01137004_000013-scaled.jpg\"\n        class=\"inline-block gallery-item no-underline \"\n        data-pswp-width=\"2560\"\n        data-pswp-height=\"1701\">\n                                        <picture>\r\n                    <source\r\n                srcset=\"https:\/\/legrandcontinent.eu\/it\/wp-content\/uploads\/sites\/2\/2023\/12\/SIPA_01137004_000013-330x219.jpg\"\r\n                media=\"(max-width: 374px)\" \/>\r\n                    <source\r\n                srcset=\"https:\/\/legrandcontinent.eu\/it\/wp-content\/uploads\/sites\/2\/2023\/12\/SIPA_01137004_000013-690x458.jpg\"\r\n                media=\"(max-width: 989px)\" \/>\r\n                    <source\r\n                srcset=\"https:\/\/legrandcontinent.eu\/it\/wp-content\/uploads\/sites\/2\/2023\/12\/SIPA_01137004_000013-1340x890.jpg\"\r\n                media=\"(min-width: 990px)\" \/>\r\n                <img decoding=\"async\" src=\"https:\/\/legrandcontinent.eu\/it\/wp-content\/uploads\/sites\/2\/2023\/12\/SIPA_01137004_000013-125x83.jpg\" \/>\r\n        <\/picture>\r\n                            \n                    <figcaption class=\"pswp-caption-content \">Harold Vilimisky, capo della delegazione del FP\u00d6 al Parlamento europeo, a Firenze il 3 dicembre 2023. \u00a9 Aleandro Biagianti\/AGF\/SIPA<\/figcaption>\n            <\/a>\n<\/figure>\n\n\n<p>Si contano le assenze degli invitati, e le assenze pesano. <a href=\"https:\/\/legrandcontinent.eu\/it\/2023\/11\/24\/10-punti-e-12-mappe-e-grafici-per-capire-i-risultati-delle-elezioni-olandesi\/\">Geert Wilders, che ha appena vinto le elezioni in Olanda con il suo Partito per la Libert\u00e0 e sta cercando di capire se riuscir\u00e0 a fare il primo ministro<\/a>, manda un video. L\u2019estremista olandese \u00e8 una vecchia conoscenza delle convention sovraniste organizzate dalla Lega. Nel 2016 l\u2019euro-destra si ritrov\u00f2 a Milano all\u2019incontro \u00abPi\u00f9 liberi, pi\u00f9 forti!\u00bb (accompagnato da un sottotitolo di quelli altermondialisti, quasi no global: \u00abUn\u2019altra Europa \u00e8 possibile\u00bb). C\u2019erano davvero tutti, compresi gli assenti di stavolta. \u00abSono contento di essere a Milano, perch\u00e9 \u00e8 la citt\u00e0 in cui nel 2005 \u00e8 stato assegnato a Oriana Fallaci il massimo premio cittadino, l\u2019Ambrogino d\u2019oro. E se lo meritava, perch\u00e9 \u00e8 stata una delle giornaliste pi\u00f9 coraggiose\u00bb, spieg\u00f2 Wilders, aggiungendo che il libro della giornalista e scrittrice fiorentina, <em>La rabbia e l\u2019orgoglio<\/em>, lo aveva ispirato a fondare il suo partito. Con Salvini condivide una stessa visione sulla pericolosit\u00e0 sociale e culturale dell\u2019Islam radicale.<\/p>\n\n\n\n<figure class=\"wp-block-pullquote\"><blockquote><p>Si contano le assenze degli invitati, e le assenze pesano<\/p><cite>David Allegranti<\/cite><\/blockquote><\/figure>\n\n\n\n<p>Pure Marine Le Pen manda un video. <a href=\"https:\/\/legrandcontinent.eu\/fr\/2018\/11\/24\/quand-salvini-reve-de-refaire-leurope\/\">D\u2019altronde a settembre \u00e8 stata a Pontida, ospite di Salvini<\/a>, ed \u00e8 appena rientrata dal Portogallo, <a href=\"https:\/\/legrandcontinent.eu\/it\/2023\/11\/08\/dimissioni-di-antonio-costa-il-portogallo-entra-nellinterregno\/\">dove \u00e8 andata a far campagna elettorale per Andr\u00e9 Ventura, presidente di Chega, formazione sovranista lusitana<\/a>. In presenza per\u00f2 c\u2019\u00e8 il giovane Jordan Bardella, classe 1995, presidente di Rassemblement National (\u00abParla un italiano pi\u00f9 corretto rispetto a qualche giornalista italiano\u00bb, dice Salvini). La signora Le Pen nel video non esce dal copione preannunciato, dallo schema classico degli antisistema, parla dell\u2019Unione Europea che \u00abagisce contro\u00bb i cittadini, quell\u2019Europa \u00abtecnocratica\u00bb che vuole renderci tutti \u00abconsumatori intercambiabili\u00bb. \u00abPer la signora Von Der Leyen l\u2019immigrazione non \u00e8 un problema, ma un progetto\u00bb, dice Le Pen, prima di concludere con una citazione autorevole: \u00abMachiavelli ci aveva avvertito che la forza dei tiranni \u00e8 l\u2019inerzia del popolo\u00bb. Siamo a Firenze, e tutti o quasi i leader sovranisti sentono il bisogno di citare il capoluogo toscano, Machiavelli o Dante, all\u2019inizio dei loro interventi (e ringraziano \u00abil Capitano\u00bb, cio\u00e8 Salvini). Il Rinascimento, la culla dell\u2019Europa, eccetera. Il sabato, giorno prima della manifestazione, le delegazioni hanno fatto un giro agli Uffizi. Poi, cena all\u2019hotel fiorentino Baglioni, quattro stelle.&nbsp;<\/p>\n\n\n\n<p>Il direttore degli Uffizi, Eike Schmidt, possibile candidato del destra-centro alle elezioni fiorentine del 2024 (ha appena ottenuto la cittadinanza italiana), ha salutato Salvini ma non ha preso parte al tour serale in museo con le delegazioni di ID, perch\u00e9 impegnato in un evento sulla musica sacra nel Rinacimento con donatori internazionali. Visita pagata, \u00abe anche tanto\u00bb, ci dice Susanna Ceccardi, europarlamentare della Lega, che pur convalescente dopo una brutta influenza ha fatto da cicerone insieme ad altri colleghi. Sulla visita c\u2019\u00e8 stata non poca polemica da parte di Dario Nardella, sindaco di Firenze al secondo mandato, possibile candidato alle Europee, che ha chiamato la cittadinanza a manifestare. \u00abAncora una volta gli Uffizi che sono simbolo di cultura, di apertura, di internazionalit\u00e0, universalit\u00e0, vengono piegati a operazioni di marketing politico. Io non userei mai gli Uffizi per fare politica, purtroppo c\u2019\u00e8 chi lo fa e questa cosa fa male alla citt\u00e0\u00bb, ha detto il sindaco dando il buongiorno ai sovranisti. Dagli Uffizi per\u00f2 fanno sapere che la visita \u00e8 stata \u00abrichiesta e pagata regolarmente come avviene ordinariamente nei frequenti casi di visita a museo chiuso\u00bb. Schmidt ha per\u00f2 fatto sempre gli onori di casa con tutti: ministri, presidenti e ambasciatori. Nel 2021, ricordano dagli Uffizi, arriv\u00f2 Edi Rama, primo ministro albanese, peraltro insieme a Nardella. \u00abA Lisbona abbiamo fatto un tour&nbsp; e nessuno ha detto niente, a Parigi siamo stati al museo Rodin e nessuno ha detto niente\u00bb, ci dice ancora Ceccardi.<\/p>\n\n\n\n<p>In platea, nella Fortezza da Basso che un tempo ospit\u00f2 la Festa nazionale del Pd (quando c\u2019erano Massimo D\u2019Alema e Walter Veltroni in attivit\u00e0), sono seduti i vertici della Lega. A Roma e sui territori. Lorenzo Fontana, presidente della Camera. Attilio Fontana, presidente della Regione Lombardia, Massimiliano Fedriga, presidente della Regione Friuli Venezia Giulia, Luca Zaia, presidente della Regione Veneto. Anche i militanti arrivano da varie parti della penisola.<\/p>\n\n\n\n<p>\u00abSiamo i normali\u00bb, afferma l\u2019estone Martin Helme, leader del Partito Popolare Conservatore. \u00abL\u2019Unione Europea \u00e8 una minaccia per l\u2019Europa\u00bb, dice il bulgaro Kostadin Kostadinov, leader di Rinascita, partito filo-russo, che parla della crisi demografica: \u00abNon esiste stato europeo che non \u00e8 toccato da questo problema\u00bb. Arriva il rumeno George Simion, leader di AUR, che per\u00f2 ha annunciato l\u2019adesione al gruppo dei Conservatori. L\u2019intervento lo fa in italiano, ringrazia anche lui \u00abil Capitano\u00bb e dice di voler difendere \u00abDio, patria e famiglia\u00bb, oltre che la libert\u00e0. Cita Dante Alighieri, la Divina Commedia, \u00abuna allegoria piena di lezioni preziose\u00bb: \u00abL\u2019Europa \u00e8 l\u2019inferno. Inferno perch\u00e9 abbiamo i migranti irregolari, inferno perch\u00e9 abbiamo la deindustrializzazione, inferno perch\u00e9 abbiamo la distruzione dell\u2019identit\u00e0 nazionale, inferno perch\u00e9 abbiamo il declino del cristianesimo\u00bb. Arriva la sindaca di Monfalcone Anna Maria Cisint, che ha appena chiuso due moschee, e spiega perch\u00e9 \u00abl\u2019islamismo integralista \u00e8 un pericolo per le citt\u00e0 e la nostra storia\u00bb. Applausi dal pubblico.<\/p>\n\n\n\n\n\n<figure class=\"wp-block-image wp-block-image-large\"\n    data-shadow=\"false\"\n    data-use-original-file=\"false\">\n    <a\n        data-pswp-src=\"https:\/\/legrandcontinent.eu\/it\/wp-content\/uploads\/sites\/2\/2023\/12\/SIPA_01137004_000004-scaled.jpg\"\n        class=\"inline-block gallery-item no-underline \"\n        data-pswp-width=\"2560\"\n        data-pswp-height=\"1701\">\n                                        <picture>\r\n                    <source\r\n                srcset=\"https:\/\/legrandcontinent.eu\/it\/wp-content\/uploads\/sites\/2\/2023\/12\/SIPA_01137004_000004-330x219.jpg\"\r\n                media=\"(max-width: 374px)\" \/>\r\n                    <source\r\n                srcset=\"https:\/\/legrandcontinent.eu\/it\/wp-content\/uploads\/sites\/2\/2023\/12\/SIPA_01137004_000004-690x458.jpg\"\r\n                media=\"(max-width: 989px)\" \/>\r\n                    <source\r\n                srcset=\"https:\/\/legrandcontinent.eu\/it\/wp-content\/uploads\/sites\/2\/2023\/12\/SIPA_01137004_000004-1340x890.jpg\"\r\n                media=\"(min-width: 990px)\" \/>\r\n                <img decoding=\"async\" src=\"https:\/\/legrandcontinent.eu\/it\/wp-content\/uploads\/sites\/2\/2023\/12\/SIPA_01137004_000004-125x83.jpg\" \/>\r\n        <\/picture>\r\n                            \n                    <figcaption class=\"pswp-caption-content \">L\u2019influencer conservatrice Ashley St Clair a Firenze il 3 dicembre 2023. \u00a9 Aleandro Biagianti\/AGF\/SIPA<\/figcaption>\n            <\/a>\n<\/figure>\n\n\n<p>A questo punto della giornata, chiamiamo il professor Marco Tarchi dell\u2019Universit\u00e0 di Firenze, politologo, tra i massimi esperti europei di populismo, per capire come pu\u00f2 essere letta l\u2019assemblea di Salvini. La sensazione \u00e8 che la prima sfida \u2013 in vista delle Europee ma non solo \u2013 sia rivolta a Giorgia Meloni e ai suoi conservatori. \u00abMi sembra un\u2019ipotesi non infondata\u00bb, ci dice Tarchi: \u00abFra i conservatori dell\u2019eurogruppo di Meloni e i nazional-populisti di Identit\u00e0 e Democrazia c\u2019\u00e8 un\u2019evidente concorrenza, e anche nel recente passato non sono mancati colpi bassi, con il passaggio all\u2019Ecr di partiti in precedenza legati a Le Pen e soci: i casi svedese e finlandese, ovviamente favoriti dalla guerra russo-ucraina, ne sono un esempio. <a href=\"https:\/\/legrandcontinent.eu\/fr\/2023\/07\/10\/hegemonie-quelle-droite-gouvernera-leurope\/\">Il progetto di Meloni di avere, nel 2024, una massa d\u2019urto tale da poter varare nel parlamento di Strasburgo una Commissione di centrodestra<\/a>, imponendo un\u2019alleanza al Ppe, <a href=\"https:\/\/legrandcontinent.eu\/it\/2023\/10\/16\/tusk-contro-il-pis-su-un-terreno-minato-la-polonia-dopo-le-elezioni-x-r\/\">ha sub\u00ecto una dura battuta d\u2019arresto con la sconfitta del PiS in Polonia<\/a>, e continua a scontrarsi con i veti di pi\u00f9 d\u2019uno dei partiti aderenti al gruppo dei popolari. In questa situazione di stallo, un successo \u2013 probabile, visti l\u2019exploit olandese e i sondaggi in Francia e in Germania \u2013 dei populisti alle europee potrebbe provocare un riflusso di adesioni a loro vantaggio e mettere Meloni in difficolt\u00e0 nel suo stesso campo. Favorendo, di riflesso, le quotazioni di Salvini in Italia\u00bb.&nbsp;<\/p>\n\n\n\n<p>C\u2019\u00e8 anche una dimensione locale in questa convention, osserviamo. Non \u00e8 forse un caso che l\u2019incontro fra Salvini, Wilders e gli altri avvenga proprio nel capoluogo toscano. La destra vuole vincere non pi\u00f9 soltanto nelle aree rurali, diciamo cos\u00ec, ma anche in citt\u00e0? Da questo punto di vista, che significato avrebbe per la destra una vittoria a Firenze? Lo chiediamo al professore, autore di un fondamentale saggio sull\u2019Italia populista: \u00abIl discorso qui si fa pi\u00f9 complicato, perch\u00e9, se si intende l\u2019incontro fiorentino come una sorta di sfida della Lega a Fratelli d\u2019Italia, \u00e8 difficile pensare che lo si possa collocare nel quadro di una strategia unitaria delle destre in vista delle elezioni locali\u00bb, risponde Tarchi: \u00abN\u00e9 credo che riunire a Firenze una parte della classe dirigente del nazional-populismo europeo possa avere anche un minimo impatto sull\u2019opinione pubblica cittadina. Semmai, pu\u00f2 galvanizzare i militanti leghisti in vista dei prossimi appuntamenti elettorali. Si tratta di un\u2019iniziativa quasi esclusivamente simbolica. Certo, se la sinistra perdesse Firenze \u2013 prospettiva che ad oggi mi pare improbabile \u2013 l\u2019effetto sarebbe catastrofico e aprirebbe la strada a una sconfitta in Regione\u00bb.&nbsp;<\/p>\n\n\n\n<figure class=\"wp-block-pullquote\"><blockquote><p>La destra vuole vincere non pi\u00f9 soltanto nelle aree rurali, ma anche in citt\u00e0?<\/p><cite>David Allegranti<\/cite><\/blockquote><\/figure>\n\n\n\n<p>Ma come sta il sovranismo oggi? E come si presenta alle elezioni europee? Si pu\u00f2 dire che esista oggi una internazionale sovranista, un movimento sovranista? Chiediamo a Tarchi: \u00abDi fatto, no. Lo si vede nella dispersione di partiti che osservatori superficiali spesso includono in una stessa categoria in due gruppi, per non dire tre (perch\u00e9 c\u2019\u00e8 da considerare il Fidesz di Orb\u00e1n, e anche qualche formazione minore che non sta n\u00e9 con l\u2019Ecr n\u00e9 con Id) in sede europarlamentare. I conservatori sono in genere sovranisti senza essere populisti. Il contrario \u00e8 pi\u00f9 raro, ma non impossibile. E, in ogni caso, il coordinamento delle forze \u00e8 molto arduo, perch\u00e9 ognuna di queste formazioni guarda quasi esclusivamente al <em>suo<\/em> popolo e agli interessi della <em>sua<\/em> nazione, che spesso non coincidono con quelli di altre. Le posizioni opposte sul ricollocamento degli immigrati fra i paesi del gruppo di Visegr\u00e1d e i loro ipotetici confratelli dell\u2019Europa meridionale e occidentale non sono che uno degli esempi di questa difficile compatibilit\u00e0. Una vera internazionale di sovranisti e\/o populisti \u00e8 una contraddizione logica\u00bb.&nbsp;<\/p>\n\n\n\n\n\n<figure class=\"wp-block-image wp-block-image-large\"\n    data-shadow=\"false\"\n    data-use-original-file=\"false\">\n    <a\n        data-pswp-src=\"https:\/\/legrandcontinent.eu\/it\/wp-content\/uploads\/sites\/2\/2023\/12\/SIPA_01137004_000010-scaled.jpg\"\n        class=\"inline-block gallery-item no-underline \"\n        data-pswp-width=\"2560\"\n        data-pswp-height=\"1701\">\n                                        <picture>\r\n                    <source\r\n                srcset=\"https:\/\/legrandcontinent.eu\/it\/wp-content\/uploads\/sites\/2\/2023\/12\/SIPA_01137004_000010-330x219.jpg\"\r\n                media=\"(max-width: 374px)\" \/>\r\n                    <source\r\n                srcset=\"https:\/\/legrandcontinent.eu\/it\/wp-content\/uploads\/sites\/2\/2023\/12\/SIPA_01137004_000010-690x458.jpg\"\r\n                media=\"(max-width: 989px)\" \/>\r\n                    <source\r\n                srcset=\"https:\/\/legrandcontinent.eu\/it\/wp-content\/uploads\/sites\/2\/2023\/12\/SIPA_01137004_000010-1340x890.jpg\"\r\n                media=\"(min-width: 990px)\" \/>\r\n                <img decoding=\"async\" src=\"https:\/\/legrandcontinent.eu\/it\/wp-content\/uploads\/sites\/2\/2023\/12\/SIPA_01137004_000010-125x83.jpg\" \/>\r\n        <\/picture>\r\n                            \n                    <figcaption class=\"pswp-caption-content \">Jordan Bardella, presidente del Rassemblement national, a Firenze il 3 dicembre 2023. \u00a9 Aleandro Biagianti\/AGF\/SIPA<\/figcaption>\n            <\/a>\n<\/figure>\n\n\n<p>Ma quale potrebbe essere il ruolo di Salvini in questa compagine? Non \u00e8 pi\u00f9 la stagione del 2018-2019, almeno per la Lega\u2026 \u00abSe ci si limita al fronte nazional-populista, non c\u2019\u00e8 dubbio che ormai lo scettro sia saldamente in mano a Marine Le Pen e al suo efficace delfino Bardella. Salvini, in questo contesto, pu\u00f2 vivere solo di riflesso e giocando la carta delle buone relazioni personali con la leader del Rassemblement national. Che, non dimentichiamolo, non suscita affatto la stessa simpatia in esponenti leghisti come Giorgetti e Zaia, che desidererebbero semmai aperture, oggi impraticabili, verso il centrodestra europeo\u00bb.<\/p>\n\n\n\n<p>In ogni caso la sensazione \u00e8 che la destra dia risposte a domande e problemi che esistono ma che la sinistra non vuole vedere. Pu\u00f2 essere una chiave di interpretazione per capire il successo di Geert Wilders in Olanda? \u00abCertamente. E l\u2019elenco di questi temi sarebbe lungo: non ci sono solo immigrazione, sicurezza, insofferenza verso le invasioni di campo dell\u2019Unione europea. Ci sono anche le questioni legate alla cosiddetta \u00absvolta green\u00bb del campo progressista, che rischia di far pagare prezzi salati a quegli strati meno privilegiati della societ\u00e0 che un tempo erano serbatoi di voti per socialisti e comunisti. Ci sono le preoccupazioni per la deindustrializzazione causata dai continui sviluppi tecnologici. E molte altre questioni a cui la sinistra, arroccata intorno ai \u2018temi etici\u2019 che toccano solo minoranze di classe medio-alta, appare sorda\u00bb, ci dice ancora Tarchi, che salutiamo per tornare alla convention.&nbsp;<\/p>\n\n\n\n<figure class=\"wp-block-pullquote\"><blockquote><p>Si pu\u00f2 dire che esista oggi una internazionale sovranista?<\/p><cite>David Allegranti<\/cite><\/blockquote><\/figure>\n\n\n\n<p>Giusto in tempo, sta per parlare il capo della Lega. Identit\u00e0 e Democrazia \u00abnon \u00e8 una caserma\u00bb, spiega Salvini nel suo intervento finale, dove rispolvera il solito George Soros, paragonandolo al colossale Golia (mentre lui e i soci sovranisti sono i piccoli ma combattivi Davide). Dolcevita scuro, giacca scura. Ci sono culture diverse, storie diverse in platea e sul palco, spiega. Ma noialtri ci sentiamo di aggiungere che ci sono pure delle notevoli contraddizioni. E anche delle attese diverse. Dei momenti diversi nella vita di questi partiti. La Lega \u00e8 un partito di governo, gli altri ancora no. La signora Le Pen aspira a diventare presidente in Francia, Wilders prova a diventare primo ministro in Olanda. Andr\u00e9 Ventura \u2013 anche lui ha mandato un video \u2013 potrebbe vincere le elezioni portoghesi del marzo 2024.&nbsp; Ognuno ha il proprio <em>particulare<\/em> da difendere, i propri interessi e le proprie prerogative da tutelare. <a href=\"http:\/\/v\">L\u2019internazionale sovranista procede in ordine sparso a differenza del Partito Popolare Europe, che ha centralizzato in questi anni le sue risorse, non solo politiche, cercando di mantenere una certa omogeneit\u00e0 sulle <em>policies<\/em><\/a>. L\u2019obiettivo \u00e8 non perdere il controllo sull\u2019Europarlamento. Ma chiss\u00e0 che alla fine non si torni di nuovo alla \u00abmaggioranza Ursula\u00bb che gi\u00e0 ora governa l\u2019Unione.&nbsp;<\/p>\n\n\n\n<p>Mentre sentiamo parlare i vari leader e ascoltiamo l\u2019intervento di Salvini, una domanda ci sorge spontanea: ma a chi \u00e8 servito questo evento? La giornata fiorentina \u00e8 servita poco ai leader sovranisti, che si sono fatti un giro per una delle capitali mondiali dell&#8217;arte. E infatti chi aveva altro da fare non \u00e8 venuto al \u00abcantiere nero\u00bb (macch\u00e9 nero, assicura Salvini, \u00e8 \u00abun\u2019onda blu\u00bb). Perch\u00e9, fondamentalmente, l\u2019iniziativa serviva sopratutto a Salvini. E forse perch\u00e9 non si vuole disturbare troppo Meloni, per ora, poi chiss\u00e0. Sicuramente, tra i due \u00e8 il capo della Lega quello in difficolt\u00e0. Dopo i fasti della stagione 2018 (17,4 per cento alle Politiche) e i fasti della stagione 2019 (34,3 per cento alle Europee), Salvini si \u00e8 arenato sulla spiaggia del Papeete Beach. Per lui \u00e8 quindi normale essere in competizione \u2013 una competizione politica ma anche culturale \u2013 con Giorgia Meloni. Il leader della Lega e la presidente del Consiglio discutono su tutto. Dalla gestione dei migranti agli alleati europei. Mentre Meloni rivendica un conservatorismo istituzionalizzato, Salvini cerca una corrispondenza d\u2019amorosi sensi con l\u2019estremismo di destra. \u00abPreferisco la seriet\u00e0 della Le Pen alle politiche di Macron e dei socialisti europei\u00bb, ripete sempre Salvini.<\/p>\n\n\n\n\n\n<figure class=\"wp-block-image wp-block-image-large\"\n    data-shadow=\"false\"\n    data-use-original-file=\"false\">\n    <a\n        data-pswp-src=\"https:\/\/legrandcontinent.eu\/it\/wp-content\/uploads\/sites\/2\/2023\/12\/SIPA_01137004_000007-scaled.jpg\"\n        class=\"inline-block gallery-item no-underline \"\n        data-pswp-width=\"2560\"\n        data-pswp-height=\"1701\">\n                                        <picture>\r\n                    <source\r\n                srcset=\"https:\/\/legrandcontinent.eu\/it\/wp-content\/uploads\/sites\/2\/2023\/12\/SIPA_01137004_000007-330x219.jpg\"\r\n                media=\"(max-width: 374px)\" \/>\r\n                    <source\r\n                srcset=\"https:\/\/legrandcontinent.eu\/it\/wp-content\/uploads\/sites\/2\/2023\/12\/SIPA_01137004_000007-690x458.jpg\"\r\n                media=\"(max-width: 989px)\" \/>\r\n                    <source\r\n                srcset=\"https:\/\/legrandcontinent.eu\/it\/wp-content\/uploads\/sites\/2\/2023\/12\/SIPA_01137004_000007-1340x890.jpg\"\r\n                media=\"(min-width: 990px)\" \/>\r\n                <img decoding=\"async\" src=\"https:\/\/legrandcontinent.eu\/it\/wp-content\/uploads\/sites\/2\/2023\/12\/SIPA_01137004_000007-125x83.jpg\" \/>\r\n        <\/picture>\r\n                            \n                    <figcaption class=\"pswp-caption-content \">Tino Chrupalla, portavoce dell\u2019AfD, a Firenze il 3 dicembre. \u00a9 Aleandro Biagianti\/AGF\/SIPA<\/figcaption>\n            <\/a>\n<\/figure>\n\n\n<p>Assai rappresentativo dello stato di salute dei rapporti fra la presidente del Consiglio e il leader leghista \u00e8 stato, nei mesi scorsi, il caso del generale Roberto Vannacci, appena nominato comandante delle forze operative terrestri dell\u2019esercito. Matteo Salvini ha difeso pubblicamente il controverso generale, <a href=\"https:\/\/legrandcontinent.eu\/it\/2023\/08\/30\/vannacci-un-best-seller-dellitalia-meloniana\/\">autore di un bestseller che gi\u00e0 a settembre aveva venduto centomila copie<\/a>, invitandolo a candidarsi con la Lega alle Europee. Vannacci, a un certo punto, era diventato uno degli strumenti della Lega per infastidire Fratelli d\u2019Italia. Non \u00e8 l\u2019unico, appunto, come dimostra la convention fiorentina, e certamente ne arriveranno altri. Meloni si trova tutt\u2019ora accerchiata: da una parte c\u2019\u00e8 Salvini, ma dall\u2019altra c\u2019\u00e8 la pressione della destra a destra di Fratelli d\u2019Italia. Qualcuno evidentemente sognava la rivoluzione, che non c\u2019\u00e8 stata (per qualcun altro, per la verit\u00e0, a destra della destra, l\u2019accusa di tradimento esiste dai tempi della svolta di Fiuggi). \u00abC\u2019\u00e8 un clima di disillusione che si respira in tutto quel mondo che attendeva un cambiamento rispetto al passato e perci\u00f2 ha votato Giorgia Meloni\u00bb, ha detto di recente l\u2019ex sindaco di Roma Gianni Alemanno in un\u2019intervista a Repubblica: \u00abA destra c\u2019\u00e8 una spaccatura, tant\u2019\u00e8 che noi con il Forum dell\u2019Indipendenza italiana abbiamo preso posizione contro molte delle scelte politiche del governo che \u00e8 in continuit\u00e0 con l\u2019agenda Draghi\u00bb.&nbsp;<\/p>\n\n\n\n<figure class=\"wp-block-pullquote\"><blockquote><p>Mentre sentiamo parlare i vari leader e ascoltiamo l\u2019intervento di Salvini, una domanda ci sorge spontanea: ma a chi \u00e8 servito questo evento?<\/p><cite>David Allegranti<\/cite><\/blockquote><\/figure>\n\n\n\n<p>La presidente del Consiglio ha scelto una certa strada: collocazione atlantica, sostegno all\u2019Ucraina, alleanze conservatrici in Europa. Salvini cerca evidentemente il sorpasso a destra. Con la convention alla Fortezza da Basso \u00e8 iniziata la campagna elettorale di Salvini per le Europee, ma anche la stagione per provare a logorare la leadership di Meloni. Anche sul fronte pi\u00f9 localista. L\u2019anno prossimo non ci sono soltanto le Europee, ma, in Italia, anche le elezioni amministrative. Tra le citt\u00e0 che vanno al voto c\u2019\u00e8 anche Firenze, considerata strategica non solo dal Pd, che in Toscana \u2013 ex regione rossa \u2013 ormai governa pochi capoluoghi di provincia, ma anche dal destra-centro. Il candidato potrebbe insomma essere Schmidt, direttore degli Uffizi, fresco di cittadinanza italiana. Candidatura civica, ma scelta da Fratelli d\u2019Italia. Le elezioni fiorentine del 2024, in una terra in cui la destra saldamente governa quasi tutte le citt\u00e0 (da Pisa a Siena, un tempo territori progressisti), sono uno spartiacque. Vincere a Firenze nel 2024 significa vincere le elezioni regionali del 2025. Il candidato contro Eugenio Giani, presidente della Regione uscente, potrebbe essere il sindaco di Pistoia Alessandro Tomasi (sempre di FdI). Per questo Salvini non vuole farsi trovare impreparato. Anche se l\u2019elettorato di destra \u00e8 gi\u00e0 passato dalla Lega a Fratelli d\u2019Italia. Anche nella Toscana periferica, per parafrasare un libro del francese Christophe Guilluy.<\/p>\n\n\n\n<p>Da parte del Pd c\u2019\u00e8 consapevolezza della posta in gioco, come testimonia un certo nervosismo dei vertici fiorentini del Pd, che proprio domani, luned\u00ec 4 dicembre, si riuniranno in uno storico circolo, la casa del popolo di San Bartolo a Cintoia, per decidere il futuro della candidatura a sindaco di Firenze. Una consapevolezza che si evince dalle parole di Emiliano Fossi, deputato del Pd e segretario regionale toscano, affidate a \u00abQuale Pd\u00bb (Laterza): \u00abCi siamo molto baloccati con l\u2019idea che la Toscana fosse contendibile, ma penso che sia una versione parecchio addolcita. La Toscana \u00e8 contesa e in buona parte conquistata. Sono almeno 12 anni che ci sono segnali di progressivo sgretolamento del consenso nei confronti del centrosinistra e del Pd. A ogni passaggio elettorale, abbiamo perso parti importanti della nostra regione. Quindi continuare a raccontarci che siamo un partito forte rischia di essere una novella che ci raccontiamo, mentre il mondo cambia e noi non ce ne accorgiamo. E io, come si dice dalle nostre parti, preferisco aver paura che toccarne. Questo processo \u00e8 storicamente in corso e non si arresta da solo. Vedo con preoccupazione le prossime scadenze elettorali, come le Regionali del 2025. Sappiamo bene che se perdiamo la Toscana il Pd \u00e8 finito. Non solo il Pd toscano, ma il Pd nazionale\u00bb.<\/p>\n\n\n\n<p>La destra ne \u00e8 altrettanto consapevole e intravede una possibilit\u00e0 concreta di vittoria. D\u2019altronde, come ha spiegato di recente Ian Buruma in un\u2019intervista a La Stampa: \u00abGli elettori non sono interessati a quello che accade fuori dai confini nazionali, non pensano ai riflessi sull&#8217;Ucraina o alle questioni europee. Per loro contano le questioni domestiche, lavoro, sicurezza, economia. E il messaggio che lanciano \u00e8 chiarissimo: lasciateci stare, non vogliano restare invischiati negli affari internazionali. \u00c8 la rivalsa delle province contro le \u00e9lite liberal delle citt\u00e0. Quanto accaduto nei Paesi Bassi non \u00e8 diverso dall\u2019America. E vedo un sintomo simile anche nella galassia che ha appoggiato Meloni\u00bb. Un fenomeno che attraversa i territori, dalla Toscana all\u2019Europa e oltre.<\/p>\n","protected":false},"excerpt":{"rendered":"<p>Ieri Matteo Salvini ha voluto riunire a Firenze i suoi alleati. Questa grande adunata dei partiti sovranisti e populisti europei sarebbe dovuta essere una dimostrazione di forza a sei mesi dalle elezioni europee. Il risultato \u00e8 stato per\u00f2 contrastante, tanto da farci chiedere a chi giovasse davvero questo raduno. Muovendosi su tutte le scale \u2013 locale, nazionale, europea \u2013 David Allegranti ci d\u00e0 gli strumenti per capire questo nuovo episodio nel processo di ricomposizione delle destre europee.<\/p>\n","protected":false},"author":10633,"featured_media":15998,"comment_status":"closed","ping_status":"closed","sticky":false,"template":"templates\/post-angles.php","format":"standard","meta":{"_acf_changed":false,"_trash_the_other_posts":false,"_yoast_wpseo_estimated-reading-time-minutes":19,"footnotes":""},"categories":[1571],"tags":[],"staff":[2098],"editorial_format":[],"serie":[],"audience":[],"geo":[2086],"class_list":["post-16001","post","type-post","status-publish","format-standard","hentry","category-politica","staff-david-allegranti","geo-europa"],"acf":{"open_in_webview":false,"accent":false},"yoast_head":"<!-- This site is optimized with the Yoast SEO plugin v26.1.1 - https:\/\/yoast.com\/wordpress\/plugins\/seo\/ -->\n<title>Firenze: l\u2019impossibile internazionale sovranista? - Il Grand Continent<\/title>\n<meta name=\"robots\" content=\"index, follow, max-snippet:-1, max-image-preview:large, max-video-preview:-1\" \/>\n<link rel=\"canonical\" href=\"https:\/\/legrandcontinent.eu\/it\/2023\/12\/04\/limpossibile-internazionale-sovranista\/\" \/>\n<meta property=\"og:locale\" content=\"it_IT\" \/>\n<meta property=\"og:type\" content=\"article\" \/>\n<meta property=\"og:title\" content=\"Firenze: l\u2019impossibile internazionale sovranista? - Il Grand Continent\" \/>\n<meta property=\"og:description\" content=\"Ieri Matteo Salvini ha voluto riunire a Firenze i suoi alleati. Questa grande adunata dei partiti sovranisti e populisti europei sarebbe dovuta essere una dimostrazione di forza a sei mesi dalle elezioni europee. Il risultato \u00e8 stato per\u00f2 contrastante, tanto da farci chiedere a chi giovasse davvero questo raduno. Muovendosi su tutte le scale \u2013 locale, nazionale, europea \u2013 David Allegranti ci d\u00e0 gli strumenti per capire questo nuovo episodio nel processo di ricomposizione delle destre europee.\" \/>\n<meta property=\"og:url\" content=\"https:\/\/legrandcontinent.eu\/it\/2023\/12\/04\/limpossibile-internazionale-sovranista\/\" \/>\n<meta property=\"og:site_name\" content=\"Il Grand Continent\" \/>\n<meta property=\"article:published_time\" content=\"2023-12-04T12:16:06+00:00\" \/>\n<meta property=\"article:modified_time\" content=\"2023-12-04T17:31:17+00:00\" \/>\n<meta property=\"og:image\" content=\"https:\/\/legrandcontinent.eu\/it\/wp-content\/uploads\/sites\/12\/2023\/12\/Salvini-Allegranti-share.jpg\" \/>\n\t<meta property=\"og:image:width\" content=\"1276\" \/>\n\t<meta property=\"og:image:height\" content=\"718\" \/>\n\t<meta property=\"og:image:type\" content=\"image\/jpeg\" \/>\n<meta name=\"author\" content=\"aburatti\" \/>\n<meta name=\"twitter:card\" content=\"summary_large_image\" \/>\n<meta name=\"twitter:label1\" content=\"Scritto da\" \/>\n\t<meta name=\"twitter:data1\" content=\"aburatti\" \/>\n\t<meta name=\"twitter:label2\" content=\"Tempo di lettura stimato\" \/>\n\t<meta name=\"twitter:data2\" content=\"19 minuti\" \/>\n<script type=\"application\/ld+json\" class=\"yoast-schema-graph\">{\"@context\":\"https:\/\/schema.org\",\"@graph\":[{\"@type\":\"WebPage\",\"@id\":\"https:\/\/legrandcontinent.eu\/it\/2023\/12\/04\/limpossibile-internazionale-sovranista\/\",\"url\":\"https:\/\/legrandcontinent.eu\/it\/2023\/12\/04\/limpossibile-internazionale-sovranista\/\",\"name\":\"Firenze: l\u2019impossibile internazionale sovranista? - Il Grand Continent\",\"isPartOf\":{\"@id\":\"https:\/\/legrandcontinent.eu\/it\/#website\"},\"primaryImageOfPage\":{\"@id\":\"https:\/\/legrandcontinent.eu\/it\/2023\/12\/04\/limpossibile-internazionale-sovranista\/#primaryimage\"},\"image\":{\"@id\":\"https:\/\/legrandcontinent.eu\/it\/2023\/12\/04\/limpossibile-internazionale-sovranista\/#primaryimage\"},\"thumbnailUrl\":\"https:\/\/legrandcontinent.eu\/it\/wp-content\/uploads\/sites\/2\/2023\/12\/SIPA_01137004_000015-scaled.jpg\",\"datePublished\":\"2023-12-04T12:16:06+00:00\",\"dateModified\":\"2023-12-04T17:31:17+00:00\",\"author\":{\"@id\":\"https:\/\/legrandcontinent.eu\/it\/#\/schema\/person\/b70352884e4ad6f2a76729e9051dd9f6\"},\"breadcrumb\":{\"@id\":\"https:\/\/legrandcontinent.eu\/it\/2023\/12\/04\/limpossibile-internazionale-sovranista\/#breadcrumb\"},\"inLanguage\":\"it-IT\",\"potentialAction\":[{\"@type\":\"ReadAction\",\"target\":[\"https:\/\/legrandcontinent.eu\/it\/2023\/12\/04\/limpossibile-internazionale-sovranista\/\"]}]},{\"@type\":\"ImageObject\",\"inLanguage\":\"it-IT\",\"@id\":\"https:\/\/legrandcontinent.eu\/it\/2023\/12\/04\/limpossibile-internazionale-sovranista\/#primaryimage\",\"url\":\"https:\/\/legrandcontinent.eu\/it\/wp-content\/uploads\/sites\/2\/2023\/12\/SIPA_01137004_000015-scaled.jpg\",\"contentUrl\":\"https:\/\/legrandcontinent.eu\/it\/wp-content\/uploads\/sites\/2\/2023\/12\/SIPA_01137004_000015-scaled.jpg\",\"width\":2560,\"height\":1701,\"caption\":\"Matteo Salvini, organisateur du grand rassemblement eurosouverainiste \u00e0 Florence le 3 d\u00e9cembre 2023. \u00a9\"},{\"@type\":\"BreadcrumbList\",\"@id\":\"https:\/\/legrandcontinent.eu\/it\/2023\/12\/04\/limpossibile-internazionale-sovranista\/#breadcrumb\",\"itemListElement\":[{\"@type\":\"ListItem\",\"position\":1,\"name\":\"Home\",\"item\":\"https:\/\/legrandcontinent.eu\/it\/\"},{\"@type\":\"ListItem\",\"position\":2,\"name\":\"Firenze: l\u2019impossibile internazionale sovranista?\"}]},{\"@type\":\"WebSite\",\"@id\":\"https:\/\/legrandcontinent.eu\/it\/#website\",\"url\":\"https:\/\/legrandcontinent.eu\/it\/\",\"name\":\"Il Grand Continent\",\"description\":\"La scala pertinente\",\"potentialAction\":[{\"@type\":\"SearchAction\",\"target\":{\"@type\":\"EntryPoint\",\"urlTemplate\":\"https:\/\/legrandcontinent.eu\/it\/?s={search_term_string}\"},\"query-input\":{\"@type\":\"PropertyValueSpecification\",\"valueRequired\":true,\"valueName\":\"search_term_string\"}}],\"inLanguage\":\"it-IT\"},{\"@type\":\"Person\",\"@id\":\"https:\/\/legrandcontinent.eu\/it\/#\/schema\/person\/b70352884e4ad6f2a76729e9051dd9f6\",\"name\":\"aburatti\",\"image\":{\"@type\":\"ImageObject\",\"inLanguage\":\"it-IT\",\"@id\":\"https:\/\/legrandcontinent.eu\/it\/#\/schema\/person\/image\/\",\"url\":\"https:\/\/secure.gravatar.com\/avatar\/fa34e55e0507c2ca67b9a65ed781903d?s=96&d=mm&r=g\",\"contentUrl\":\"https:\/\/secure.gravatar.com\/avatar\/fa34e55e0507c2ca67b9a65ed781903d?s=96&d=mm&r=g\",\"caption\":\"aburatti\"}}]}<\/script>\n<!-- \/ Yoast SEO plugin. -->","yoast_head_json":{"title":"Firenze: l\u2019impossibile internazionale sovranista? - Il Grand Continent","robots":{"index":"index","follow":"follow","max-snippet":"max-snippet:-1","max-image-preview":"max-image-preview:large","max-video-preview":"max-video-preview:-1"},"canonical":"https:\/\/legrandcontinent.eu\/it\/2023\/12\/04\/limpossibile-internazionale-sovranista\/","og_locale":"it_IT","og_type":"article","og_title":"Firenze: l\u2019impossibile internazionale sovranista? - Il Grand Continent","og_description":"Ieri Matteo Salvini ha voluto riunire a Firenze i suoi alleati. Questa grande adunata dei partiti sovranisti e populisti europei sarebbe dovuta essere una dimostrazione di forza a sei mesi dalle elezioni europee. Il risultato \u00e8 stato per\u00f2 contrastante, tanto da farci chiedere a chi giovasse davvero questo raduno. Muovendosi su tutte le scale \u2013 locale, nazionale, europea \u2013 David Allegranti ci d\u00e0 gli strumenti per capire questo nuovo episodio nel processo di ricomposizione delle destre europee.","og_url":"https:\/\/legrandcontinent.eu\/it\/2023\/12\/04\/limpossibile-internazionale-sovranista\/","og_site_name":"Il Grand Continent","article_published_time":"2023-12-04T12:16:06+00:00","article_modified_time":"2023-12-04T17:31:17+00:00","og_image":[{"width":1276,"height":718,"url":"https:\/\/legrandcontinent.eu\/it\/wp-content\/uploads\/sites\/12\/2023\/12\/Salvini-Allegranti-share.jpg","type":"image\/jpeg"}],"author":"aburatti","twitter_card":"summary_large_image","twitter_misc":{"Scritto da":"aburatti","Tempo di lettura stimato":"19 minuti"},"schema":{"@context":"https:\/\/schema.org","@graph":[{"@type":"WebPage","@id":"https:\/\/legrandcontinent.eu\/it\/2023\/12\/04\/limpossibile-internazionale-sovranista\/","url":"https:\/\/legrandcontinent.eu\/it\/2023\/12\/04\/limpossibile-internazionale-sovranista\/","name":"Firenze: l\u2019impossibile internazionale sovranista? - Il Grand Continent","isPartOf":{"@id":"https:\/\/legrandcontinent.eu\/it\/#website"},"primaryImageOfPage":{"@id":"https:\/\/legrandcontinent.eu\/it\/2023\/12\/04\/limpossibile-internazionale-sovranista\/#primaryimage"},"image":{"@id":"https:\/\/legrandcontinent.eu\/it\/2023\/12\/04\/limpossibile-internazionale-sovranista\/#primaryimage"},"thumbnailUrl":"https:\/\/legrandcontinent.eu\/it\/wp-content\/uploads\/sites\/2\/2023\/12\/SIPA_01137004_000015-scaled.jpg","datePublished":"2023-12-04T12:16:06+00:00","dateModified":"2023-12-04T17:31:17+00:00","author":{"@id":"https:\/\/legrandcontinent.eu\/it\/#\/schema\/person\/b70352884e4ad6f2a76729e9051dd9f6"},"breadcrumb":{"@id":"https:\/\/legrandcontinent.eu\/it\/2023\/12\/04\/limpossibile-internazionale-sovranista\/#breadcrumb"},"inLanguage":"it-IT","potentialAction":[{"@type":"ReadAction","target":["https:\/\/legrandcontinent.eu\/it\/2023\/12\/04\/limpossibile-internazionale-sovranista\/"]}]},{"@type":"ImageObject","inLanguage":"it-IT","@id":"https:\/\/legrandcontinent.eu\/it\/2023\/12\/04\/limpossibile-internazionale-sovranista\/#primaryimage","url":"https:\/\/legrandcontinent.eu\/it\/wp-content\/uploads\/sites\/2\/2023\/12\/SIPA_01137004_000015-scaled.jpg","contentUrl":"https:\/\/legrandcontinent.eu\/it\/wp-content\/uploads\/sites\/2\/2023\/12\/SIPA_01137004_000015-scaled.jpg","width":2560,"height":1701,"caption":"Matteo Salvini, organisateur du grand rassemblement eurosouverainiste \u00e0 Florence le 3 d\u00e9cembre 2023. \u00a9"},{"@type":"BreadcrumbList","@id":"https:\/\/legrandcontinent.eu\/it\/2023\/12\/04\/limpossibile-internazionale-sovranista\/#breadcrumb","itemListElement":[{"@type":"ListItem","position":1,"name":"Home","item":"https:\/\/legrandcontinent.eu\/it\/"},{"@type":"ListItem","position":2,"name":"Firenze: l\u2019impossibile internazionale sovranista?"}]},{"@type":"WebSite","@id":"https:\/\/legrandcontinent.eu\/it\/#website","url":"https:\/\/legrandcontinent.eu\/it\/","name":"Il Grand Continent","description":"La scala pertinente","potentialAction":[{"@type":"SearchAction","target":{"@type":"EntryPoint","urlTemplate":"https:\/\/legrandcontinent.eu\/it\/?s={search_term_string}"},"query-input":{"@type":"PropertyValueSpecification","valueRequired":true,"valueName":"search_term_string"}}],"inLanguage":"it-IT"},{"@type":"Person","@id":"https:\/\/legrandcontinent.eu\/it\/#\/schema\/person\/b70352884e4ad6f2a76729e9051dd9f6","name":"aburatti","image":{"@type":"ImageObject","inLanguage":"it-IT","@id":"https:\/\/legrandcontinent.eu\/it\/#\/schema\/person\/image\/","url":"https:\/\/secure.gravatar.com\/avatar\/fa34e55e0507c2ca67b9a65ed781903d?s=96&d=mm&r=g","contentUrl":"https:\/\/secure.gravatar.com\/avatar\/fa34e55e0507c2ca67b9a65ed781903d?s=96&d=mm&r=g","caption":"aburatti"}}]}},"lgc_categories":[{"id":1571,"name":"Politica","slug":"politica"}],"lgc_author":{"id":2098,"name":"David Allegranti","slug":"david-allegranti"},"feature_image_summary":{"url":"https:\/\/legrandcontinent.eu\/it\/wp-content\/uploads\/sites\/2\/2023\/12\/SIPA_01137004_000015-scaled.jpg","width":2560,"height":1701,"alt":""},"feature_image_cover":{"url":"https:\/\/legrandcontinent.eu\/it\/wp-content\/uploads\/sites\/2\/2023\/12\/SIPA_01137004_000015-scaled.jpg","width":2560,"height":1701,"alt":""},"term_position_data":null,"_links":{"self":[{"href":"https:\/\/legrandcontinent.eu\/it\/wp-json\/wp\/v2\/posts\/16001","targetHints":{"allow":["GET"]}}],"collection":[{"href":"https:\/\/legrandcontinent.eu\/it\/wp-json\/wp\/v2\/posts"}],"about":[{"href":"https:\/\/legrandcontinent.eu\/it\/wp-json\/wp\/v2\/types\/post"}],"author":[{"embeddable":true,"href":"https:\/\/legrandcontinent.eu\/it\/wp-json\/wp\/v2\/users\/10633"}],"replies":[{"embeddable":true,"href":"https:\/\/legrandcontinent.eu\/it\/wp-json\/wp\/v2\/comments?post=16001"}],"version-history":[{"count":0,"href":"https:\/\/legrandcontinent.eu\/it\/wp-json\/wp\/v2\/posts\/16001\/revisions"}],"wp:featuredmedia":[{"embeddable":true,"href":"https:\/\/legrandcontinent.eu\/it\/wp-json\/wp\/v2\/media\/15998"}],"wp:attachment":[{"href":"https:\/\/legrandcontinent.eu\/it\/wp-json\/wp\/v2\/media?parent=16001"}],"wp:term":[{"taxonomy":"category","embeddable":true,"href":"https:\/\/legrandcontinent.eu\/it\/wp-json\/wp\/v2\/categories?post=16001"},{"taxonomy":"post_tag","embeddable":true,"href":"https:\/\/legrandcontinent.eu\/it\/wp-json\/wp\/v2\/tags?post=16001"},{"taxonomy":"staff","embeddable":true,"href":"https:\/\/legrandcontinent.eu\/it\/wp-json\/wp\/v2\/staff?post=16001"},{"taxonomy":"editorial_format","embeddable":true,"href":"https:\/\/legrandcontinent.eu\/it\/wp-json\/wp\/v2\/editorial_format?post=16001"},{"taxonomy":"serie","embeddable":true,"href":"https:\/\/legrandcontinent.eu\/it\/wp-json\/wp\/v2\/serie?post=16001"},{"taxonomy":"audience","embeddable":true,"href":"https:\/\/legrandcontinent.eu\/it\/wp-json\/wp\/v2\/audience?post=16001"},{"taxonomy":"geo","embeddable":true,"href":"https:\/\/legrandcontinent.eu\/it\/wp-json\/wp\/v2\/geo?post=16001"}],"curies":[{"name":"wp","href":"https:\/\/api.w.org\/{rel}","templated":true}]}}