{"id":10248,"date":"2023-08-30T09:29:04","date_gmt":"2023-08-30T08:29:04","guid":{"rendered":"https:\/\/legrandcontinent.eu\/ita\/?p=10248"},"modified":"2023-09-18T15:39:53","modified_gmt":"2023-09-18T14:39:53","slug":"vannacci-un-best-seller-dellitalia-meloniana","status":"publish","type":"post","link":"https:\/\/legrandcontinent.eu\/it\/2023\/08\/30\/vannacci-un-best-seller-dellitalia-meloniana\/","title":{"rendered":"Vannacci, un best seller dell\u2019Italia meloniana"},"content":{"rendered":"\n<p class=\"has-drop-cap\">Il libro si intitola \u201cil mondo al contrario\u201d, l\u2019autore \u00e8 Roberto Vannacci, e da una settimana \u00e8 in testa alla classifica di Amazon Italia, con pi\u00f9 di 20mila copie vendute. Il fenomeno non \u00e8 soltanto editoriale, ma ha una connotazione politica molto profonda: le tesi sostenute nel lungo pamphlet (373 pagine), sono in larga parte omofobe, razziste e violente, rivendicate con forza dall\u2019autore, che non \u00e8 un personaggio qualunque, ma un generale dell\u2019esercito italiano con una carriera piuttosto prestigiosa alle spalle, in particolare all\u2019estero. Vannacci \u00e8 stato comandante dell\u2019unit\u00e0 militare Task Force 45 nella guerra in Afghanistan, del contingente italiano durante la guerra in Iraq, della Folgore e del reggimento paracadutisti Col Moschin; il generale rappresenta insomma un individuo isolato nelle Forze Armate italiane, ma ha ricevuto persino delle onorificenze, come l\u2019Ordine al merito della Repubblica italiana, il pi\u00f9 alto degli ordini italiani. Da qui, la valenza politica del successo del libro, che ha raggiunto quasi 1000 recensioni su Amazon, la maggior parte delle quali entusiastiche.<\/p>\n\n\n\n<p>Nel saggio, autoprodotto e pubblicato senza autorizzazione dell\u2019esercito, Vannacci scrive con un linguaggio marziale e a tratti piuttosto colorito, rivendicando di voler \u00abprovocatoriamente rappresentare lo stato d\u2019animo di tutti quelli che percepiscono negli accadimenti di tutti i giorni una dissonante e fastidiosa tendenza generale che si discosta ampiamente da quello che percepiamo come sentire comune, come logica e razionalit\u00e0\u00bb.<\/p>\n\n\n\n<p>Il generale dedica diversi passaggi del suo pamphlet alle storture che oggi rendono il mondo \u00abal contrario\u00bb, essendo stati smarriti i valori fondanti della societ\u00e0 occidentale: \u00abPatria, sacrificio, gavetta e merito\u00bb. In particolare, Vannacci spende diverse righe per sottolineare il suo disprezzo per gli omosessuali: \u00abSe non \u00e8 nella natura dell\u2019uomo essere cannibale, perch\u00e9 dovrebbe esserlo per il diritto alla genitorialit\u00e0? Le coppie arcobaleno non sono normali. La normalit\u00e0 \u00e8 l\u2019eterosessualit\u00e0. Se a voi tutto sembra normale, invece, \u00e8 colpa delle trame della lobby gay internazionale\u00bb. Insomma, riassume il militare: \u00abCari omosessuali, normali non lo siete, fatevene una ragione!\u00bb. Ecco dunque quali sarebbero le caratteristiche del \u00abmondo al contrario\u00bb che d\u00e0 il titolo al saggio.\u00a0<\/p>\n\n\n\n<figure class=\"wp-block-pullquote\"><blockquote><p> Il fenomeno non \u00e8 soltanto editoriale, ma ha una connotazione politica molto profonda: le tesi sostenute nel lungo pamphlet (373 pagine), sono in larga parte omofobe, razziste e violente, rivendicate con forza dall\u2019autore, che non \u00e8 un personaggio qualunque, ma un generale dell\u2019esercito italiano con una carriera piuttosto prestigiosa alle spalle<\/p><cite>Francesco Maselli<\/cite><\/blockquote><\/figure>\n\n\n\n<p>Vannacci sostiene di aver scritto il libro durante il tempo libero per manifestare il proprio dissenso al \u00abpensiero unico\u00bb e al \u00abpoliticamente corretto\u00bb che restituiscono agli italiani che crede di rappresentare una certa \u00abinadeguatezza\u00bb rispetto alla societ\u00e0 attuale. Non mancano riferimenti nazionalisti. Il generale \u00e8 orgoglioso, per esempio, di essere italiano da generazioni, avendo \u00abgocce del sangue di Enea, Romolo, Giulio Cesare, Mazzini e Garibaldi nelle vene\u00bb, mentre oggi \u00e8 in corso un \u00ablavaggio del cervello di chi vorrebbe favorire l\u2019eliminazione di ogni differenza compresa quella tra etnie, per non chiamarle razze\u00bb. Cos\u00ec, il militare si lancia in un attacco gratuito alla alla campionessa italiana di pallavolo, Paola Egonu, certo \u00abitaliana di cittadinanza\u00bb, ma a cui, secondo Vannacci, manca qualcosa per poterlo essere fino in fondo \u00ab\u00e8 evidente che i suoi tratti somatici non rappresentano l\u2019italianit\u00e0\u00bb.&nbsp;<\/p>\n\n\n\n<p>Vannacci definisce i dibattiti contemporanei sui diritti civili \u00ablavaggio del cervello di chi vorrebbe favorire l\u2019eliminazione di ogni differenza compresa quella tra etnie, per non chiamarle razze\u00bb e ritiene che le proprie opinioni siano \u00absaggezza\u00bb e \u00abverit\u00e0 oggettive\u00bb, per sottolineare poi \u00abse questa \u00e8 l\u2019era dei diritti allora, come lo fece Oriana Fallaci, rivendico a gran voce anche il diritto all\u2019odio e al disprezzo e a poterli manifestare liberamente nei toni e nelle maniere dovute\u00bb.&nbsp;<\/p>\n\n\n\n<p>Le posizioni estreme del libro hanno spinto il ministero della Difesa a prendere dei provvedimenti. Il ministro Guido Crosetto aveva inizialmente definito il libro pieno di \u00abfarneticazioni personali\u00bb, per poi destituire il generale Vannacci dal ruolo di comandante dell\u2019Istituto geografico militare. La vicenda sembrava dunque chiusa, ma la reazione molto dura del ministro (e delle opposizioni), hanno rapidamente diviso la maggioranza di destra, a dimostrazione di quanto opinioni come quelle del generale non siano affatto a dimostrazione di quanto opinioni come quelle del generale non siano affatto estranee al panorama politico italiano. Il capogruppo alla Camera di Fratelli d\u2019Italia, Giovanni Donzelli, ha dichiarato che \u00abNon \u00e8 compito della politica vagliare la correttezza morale dei contenuti degli scritti\u00bb, difendendo di fatto il comportamento di Vannacci, che ha sfruttato la polemica per rilasciare decine di interviste ai media italiani e partecipare a eventi pubblici. \u00c8 probabile che la sua esposizione mediatica aumenter\u00e0 nelle prossime settimane: \u00e8 infatti previsto un tour in autunno per presentare il libro nelle principali citt\u00e0 italiane, aiutato dall\u2019effetto Streisand tipico di queste situazioni. Pi\u00f9 l\u2019opposizione e la stampa di sinistra condannano e deprecano la diffusione delle idee del generale nello spazio pubblico italiano, pi\u00f9 il generale si assicura copertura mediatica.<\/p>\n\n\n\n<figure class=\"wp-block-pullquote\"><blockquote><p>Dopo la sanzione nei confronti di Vannacci la vicenda sembrava dunque chiusa, ma in realt\u00e0 la reazione del ministro della Difesa ha rapidamente diviso la maggioranza di destra, a dimostrazione di quanto opinioni come quelle del generale non siano affatto estranee al panorama politico italiano<\/p><cite>Francesco Maselli<\/cite><\/blockquote><\/figure>\n\n\n\n<p>Non solo, il ministro delle Infrastrutture, Matteo Salvini, ha difeso pubblicamente il generale: \u00abLegger\u00f2 il suo libro, \u00e8 stato additato come un pericolo, ma prima di commentare \u00e8 giusto leggere e capire\u00bb, e ha fatto sapere alla stampa di averlo chiamato. Non \u00e8 escluso che la Lega proporr\u00e0 a Vannacci una candidatura alle elezioni europee della primavera 2024, ipotesi che il diretto interessato ha spiegato di essere pronto a considerare.<\/p>\n\n\n\n<p>La vicenda ha causato anche una reazione da parte del Presidente della Repubblica, Sergio Mattarella, che in un discorso al meeting di Rimini organizzato da Comunione e Liberazione ha ricordato come la costituzione italiana sia nata: \u00abPer superare ed espellere l\u2019odio\u00bb, anche perch\u00e9 l\u2019Italia \u00e8 il \u00abfrutto dell\u2019incontro di pi\u00f9 etnie, consuetudini, esperienze, religioni\u00bb. Mattarella \u00e8 anche il capo delle Forze Armate, e le sue parole, pur se non esplicitamente rivolte al generale, sono indicative, perch\u00e9 mostrano una certa frattura (peraltro evidente in pi\u00f9 occasioni) tra il Quirinale e alcune correnti del governo. In questo contesto, Giorgia Meloni ha evitato di intervenire, in un silenzio piuttosto indicativo, anche perch\u00e9 nel pamphlet sono contenute anche diverse critiche alla \u00abnormalizzazione atlantista\u00bb della Presidente del Consiglio, che tuttavia ha puntato moltissimo proprio su questo posizionamento per rendere pi\u00f9 accettabile il suo partito e il suo governo sul piano internazionale.<\/p>\n\n\n\n<p>Le posizioni di Vannacci e la solidariet\u00e0 a lui manifestata da molti esponenti della maggioranza mostrano ancora una volta la contraddizione del governo guidato da Giorgia Meloni: arrivata al potere dopo anni di opposizione dura, con toni non molto distanti dal libro del generale, oggi la destra italiana deve fare i conti con la realt\u00e0 del governo e con un profilo pubblico molto pi\u00f9 moderato, che rischia lasciare dello spazio alla propria destra per un nuovo movimento radicale capace di intaccare il consenso della coalizione.<\/p>\n","protected":false},"excerpt":{"rendered":"<p>Ne \u201cIl mondo al contrario\u201d, un generale dell\u2019esercito italiano traccia la sua visione pessimistica della societ\u00e0 contemporanea, mettendo in fila con un linguaggio marziale e piuttosto colorito una serie di passaggi razzisti, xenofobi e omofobi. Il libro \u00e8 in testa alle classifiche italiane e ha diviso profondamente il governo di Giorgia Meloni: il ministro della Difesa Guido Crosetto ha sollevato il militare dal suo incarico, ma molti esponenti dell\u2019esecutivo lo hanno difeso<\/p>\n","protected":false},"author":6720,"featured_media":10888,"comment_status":"closed","ping_status":"closed","sticky":false,"template":"templates\/post-reviews.php","format":"standard","meta":{"_acf_changed":false,"_trash_the_other_posts":false,"_yoast_wpseo_estimated-reading-time-minutes":7,"footnotes":""},"categories":[1571],"tags":[],"staff":[2099],"editorial_format":[],"serie":[],"audience":[],"geo":[],"class_list":["post-10248","post","type-post","status-publish","format-standard","hentry","category-politica","staff-francesco-maselli"],"acf":{"open_in_webview":false,"accent":false},"yoast_head":"<!-- This site is optimized with the Yoast SEO plugin v26.1.1 - https:\/\/yoast.com\/wordpress\/plugins\/seo\/ -->\n<title>Vannacci, un best seller dell\u2019Italia meloniana - Il Grand Continent<\/title>\n<meta name=\"robots\" content=\"index, follow, max-snippet:-1, max-image-preview:large, max-video-preview:-1\" \/>\n<link rel=\"canonical\" href=\"https:\/\/legrandcontinent.eu\/it\/2023\/08\/30\/vannacci-un-best-seller-dellitalia-meloniana\/\" \/>\n<meta property=\"og:locale\" content=\"it_IT\" \/>\n<meta property=\"og:type\" content=\"article\" \/>\n<meta property=\"og:title\" content=\"Vannacci, un best seller dell\u2019Italia meloniana - Il Grand Continent\" \/>\n<meta property=\"og:description\" content=\"Ne \u201cIl mondo al contrario\u201d, un generale dell\u2019esercito italiano traccia la sua visione pessimistica della societ\u00e0 contemporanea, mettendo in fila con un linguaggio marziale e piuttosto colorito una serie di passaggi razzisti, xenofobi e omofobi. Il libro \u00e8 in testa alle classifiche italiane e ha diviso profondamente il governo di Giorgia Meloni: il ministro della Difesa Guido Crosetto ha sollevato il militare dal suo incarico, ma molti esponenti dell\u2019esecutivo lo hanno difeso\" \/>\n<meta property=\"og:url\" content=\"https:\/\/legrandcontinent.eu\/it\/2023\/08\/30\/vannacci-un-best-seller-dellitalia-meloniana\/\" \/>\n<meta property=\"og:site_name\" content=\"Il Grand Continent\" \/>\n<meta property=\"article:published_time\" content=\"2023-08-30T08:29:04+00:00\" \/>\n<meta property=\"article:modified_time\" content=\"2023-09-18T14:39:53+00:00\" \/>\n<meta property=\"og:image\" content=\"https:\/\/legrandcontinent.eu\/it\/wp-content\/uploads\/sites\/12\/2023\/08\/vannacci_ilgc-scaled.jpg\" \/>\n\t<meta property=\"og:image:width\" content=\"2560\" \/>\n\t<meta property=\"og:image:height\" content=\"1437\" \/>\n\t<meta property=\"og:image:type\" content=\"image\/jpeg\" \/>\n<meta name=\"author\" content=\"Francesco Maselli\" \/>\n<meta name=\"twitter:card\" content=\"summary_large_image\" \/>\n<meta name=\"twitter:image\" content=\"https:\/\/legrandcontinent.eu\/it\/wp-content\/uploads\/sites\/12\/2023\/08\/vannacci_ilgc-scaled.jpg\" \/>\n<meta name=\"twitter:label1\" content=\"Scritto da\" \/>\n\t<meta name=\"twitter:data1\" content=\"Francesco Maselli\" \/>\n\t<meta name=\"twitter:label2\" content=\"Tempo di lettura stimato\" \/>\n\t<meta name=\"twitter:data2\" content=\"7 minuti\" \/>\n<script type=\"application\/ld+json\" class=\"yoast-schema-graph\">{\"@context\":\"https:\/\/schema.org\",\"@graph\":[{\"@type\":\"WebPage\",\"@id\":\"https:\/\/legrandcontinent.eu\/it\/2023\/08\/30\/vannacci-un-best-seller-dellitalia-meloniana\/\",\"url\":\"https:\/\/legrandcontinent.eu\/it\/2023\/08\/30\/vannacci-un-best-seller-dellitalia-meloniana\/\",\"name\":\"Vannacci, un best seller dell\u2019Italia meloniana - Il Grand Continent\",\"isPartOf\":{\"@id\":\"https:\/\/legrandcontinent.eu\/it\/#website\"},\"primaryImageOfPage\":{\"@id\":\"https:\/\/legrandcontinent.eu\/it\/2023\/08\/30\/vannacci-un-best-seller-dellitalia-meloniana\/#primaryimage\"},\"image\":{\"@id\":\"https:\/\/legrandcontinent.eu\/it\/2023\/08\/30\/vannacci-un-best-seller-dellitalia-meloniana\/#primaryimage\"},\"thumbnailUrl\":\"https:\/\/legrandcontinent.eu\/it\/wp-content\/uploads\/sites\/2\/2023\/08\/methode-times-prod-web-bin-38d34a98-3dd9-11ee-a531-67c16c100280.jpg\",\"datePublished\":\"2023-08-30T08:29:04+00:00\",\"dateModified\":\"2023-09-18T14:39:53+00:00\",\"author\":{\"@id\":\"https:\/\/legrandcontinent.eu\/it\/#\/schema\/person\/8d64a968e68e8332254b33c7afb28774\"},\"breadcrumb\":{\"@id\":\"https:\/\/legrandcontinent.eu\/it\/2023\/08\/30\/vannacci-un-best-seller-dellitalia-meloniana\/#breadcrumb\"},\"inLanguage\":\"it-IT\",\"potentialAction\":[{\"@type\":\"ReadAction\",\"target\":[\"https:\/\/legrandcontinent.eu\/it\/2023\/08\/30\/vannacci-un-best-seller-dellitalia-meloniana\/\"]}]},{\"@type\":\"ImageObject\",\"inLanguage\":\"it-IT\",\"@id\":\"https:\/\/legrandcontinent.eu\/it\/2023\/08\/30\/vannacci-un-best-seller-dellitalia-meloniana\/#primaryimage\",\"url\":\"https:\/\/legrandcontinent.eu\/it\/wp-content\/uploads\/sites\/2\/2023\/08\/methode-times-prod-web-bin-38d34a98-3dd9-11ee-a531-67c16c100280.jpg\",\"contentUrl\":\"https:\/\/legrandcontinent.eu\/it\/wp-content\/uploads\/sites\/2\/2023\/08\/methode-times-prod-web-bin-38d34a98-3dd9-11ee-a531-67c16c100280.jpg\",\"width\":2394,\"height\":1596},{\"@type\":\"BreadcrumbList\",\"@id\":\"https:\/\/legrandcontinent.eu\/it\/2023\/08\/30\/vannacci-un-best-seller-dellitalia-meloniana\/#breadcrumb\",\"itemListElement\":[{\"@type\":\"ListItem\",\"position\":1,\"name\":\"Home\",\"item\":\"https:\/\/legrandcontinent.eu\/it\/\"},{\"@type\":\"ListItem\",\"position\":2,\"name\":\"Vannacci, un best seller dell\u2019Italia meloniana\"}]},{\"@type\":\"WebSite\",\"@id\":\"https:\/\/legrandcontinent.eu\/it\/#website\",\"url\":\"https:\/\/legrandcontinent.eu\/it\/\",\"name\":\"Il Grand Continent\",\"description\":\"La scala pertinente\",\"potentialAction\":[{\"@type\":\"SearchAction\",\"target\":{\"@type\":\"EntryPoint\",\"urlTemplate\":\"https:\/\/legrandcontinent.eu\/it\/?s={search_term_string}\"},\"query-input\":{\"@type\":\"PropertyValueSpecification\",\"valueRequired\":true,\"valueName\":\"search_term_string\"}}],\"inLanguage\":\"it-IT\"},{\"@type\":\"Person\",\"@id\":\"https:\/\/legrandcontinent.eu\/it\/#\/schema\/person\/8d64a968e68e8332254b33c7afb28774\",\"name\":\"Francesco Maselli\",\"image\":{\"@type\":\"ImageObject\",\"inLanguage\":\"it-IT\",\"@id\":\"https:\/\/legrandcontinent.eu\/it\/#\/schema\/person\/image\/\",\"url\":\"https:\/\/secure.gravatar.com\/avatar\/994d5c9942a5785b20f067fb9d4945df?s=96&d=mm&r=g\",\"contentUrl\":\"https:\/\/secure.gravatar.com\/avatar\/994d5c9942a5785b20f067fb9d4945df?s=96&d=mm&r=g\",\"caption\":\"Francesco Maselli\"}}]}<\/script>\n<!-- \/ Yoast SEO plugin. -->","yoast_head_json":{"title":"Vannacci, un best seller dell\u2019Italia meloniana - Il Grand Continent","robots":{"index":"index","follow":"follow","max-snippet":"max-snippet:-1","max-image-preview":"max-image-preview:large","max-video-preview":"max-video-preview:-1"},"canonical":"https:\/\/legrandcontinent.eu\/it\/2023\/08\/30\/vannacci-un-best-seller-dellitalia-meloniana\/","og_locale":"it_IT","og_type":"article","og_title":"Vannacci, un best seller dell\u2019Italia meloniana - Il Grand Continent","og_description":"Ne \u201cIl mondo al contrario\u201d, un generale dell\u2019esercito italiano traccia la sua visione pessimistica della societ\u00e0 contemporanea, mettendo in fila con un linguaggio marziale e piuttosto colorito una serie di passaggi razzisti, xenofobi e omofobi. Il libro \u00e8 in testa alle classifiche italiane e ha diviso profondamente il governo di Giorgia Meloni: il ministro della Difesa Guido Crosetto ha sollevato il militare dal suo incarico, ma molti esponenti dell\u2019esecutivo lo hanno difeso","og_url":"https:\/\/legrandcontinent.eu\/it\/2023\/08\/30\/vannacci-un-best-seller-dellitalia-meloniana\/","og_site_name":"Il Grand Continent","article_published_time":"2023-08-30T08:29:04+00:00","article_modified_time":"2023-09-18T14:39:53+00:00","og_image":[{"width":2560,"height":1437,"url":"https:\/\/legrandcontinent.eu\/it\/wp-content\/uploads\/sites\/12\/2023\/08\/vannacci_ilgc-scaled.jpg","type":"image\/jpeg"}],"author":"Francesco Maselli","twitter_card":"summary_large_image","twitter_image":"https:\/\/legrandcontinent.eu\/it\/wp-content\/uploads\/sites\/12\/2023\/08\/vannacci_ilgc-scaled.jpg","twitter_misc":{"Scritto da":"Francesco Maselli","Tempo di lettura stimato":"7 minuti"},"schema":{"@context":"https:\/\/schema.org","@graph":[{"@type":"WebPage","@id":"https:\/\/legrandcontinent.eu\/it\/2023\/08\/30\/vannacci-un-best-seller-dellitalia-meloniana\/","url":"https:\/\/legrandcontinent.eu\/it\/2023\/08\/30\/vannacci-un-best-seller-dellitalia-meloniana\/","name":"Vannacci, un best seller dell\u2019Italia meloniana - Il Grand Continent","isPartOf":{"@id":"https:\/\/legrandcontinent.eu\/it\/#website"},"primaryImageOfPage":{"@id":"https:\/\/legrandcontinent.eu\/it\/2023\/08\/30\/vannacci-un-best-seller-dellitalia-meloniana\/#primaryimage"},"image":{"@id":"https:\/\/legrandcontinent.eu\/it\/2023\/08\/30\/vannacci-un-best-seller-dellitalia-meloniana\/#primaryimage"},"thumbnailUrl":"https:\/\/legrandcontinent.eu\/it\/wp-content\/uploads\/sites\/2\/2023\/08\/methode-times-prod-web-bin-38d34a98-3dd9-11ee-a531-67c16c100280.jpg","datePublished":"2023-08-30T08:29:04+00:00","dateModified":"2023-09-18T14:39:53+00:00","author":{"@id":"https:\/\/legrandcontinent.eu\/it\/#\/schema\/person\/8d64a968e68e8332254b33c7afb28774"},"breadcrumb":{"@id":"https:\/\/legrandcontinent.eu\/it\/2023\/08\/30\/vannacci-un-best-seller-dellitalia-meloniana\/#breadcrumb"},"inLanguage":"it-IT","potentialAction":[{"@type":"ReadAction","target":["https:\/\/legrandcontinent.eu\/it\/2023\/08\/30\/vannacci-un-best-seller-dellitalia-meloniana\/"]}]},{"@type":"ImageObject","inLanguage":"it-IT","@id":"https:\/\/legrandcontinent.eu\/it\/2023\/08\/30\/vannacci-un-best-seller-dellitalia-meloniana\/#primaryimage","url":"https:\/\/legrandcontinent.eu\/it\/wp-content\/uploads\/sites\/2\/2023\/08\/methode-times-prod-web-bin-38d34a98-3dd9-11ee-a531-67c16c100280.jpg","contentUrl":"https:\/\/legrandcontinent.eu\/it\/wp-content\/uploads\/sites\/2\/2023\/08\/methode-times-prod-web-bin-38d34a98-3dd9-11ee-a531-67c16c100280.jpg","width":2394,"height":1596},{"@type":"BreadcrumbList","@id":"https:\/\/legrandcontinent.eu\/it\/2023\/08\/30\/vannacci-un-best-seller-dellitalia-meloniana\/#breadcrumb","itemListElement":[{"@type":"ListItem","position":1,"name":"Home","item":"https:\/\/legrandcontinent.eu\/it\/"},{"@type":"ListItem","position":2,"name":"Vannacci, un best seller dell\u2019Italia meloniana"}]},{"@type":"WebSite","@id":"https:\/\/legrandcontinent.eu\/it\/#website","url":"https:\/\/legrandcontinent.eu\/it\/","name":"Il Grand Continent","description":"La scala pertinente","potentialAction":[{"@type":"SearchAction","target":{"@type":"EntryPoint","urlTemplate":"https:\/\/legrandcontinent.eu\/it\/?s={search_term_string}"},"query-input":{"@type":"PropertyValueSpecification","valueRequired":true,"valueName":"search_term_string"}}],"inLanguage":"it-IT"},{"@type":"Person","@id":"https:\/\/legrandcontinent.eu\/it\/#\/schema\/person\/8d64a968e68e8332254b33c7afb28774","name":"Francesco Maselli","image":{"@type":"ImageObject","inLanguage":"it-IT","@id":"https:\/\/legrandcontinent.eu\/it\/#\/schema\/person\/image\/","url":"https:\/\/secure.gravatar.com\/avatar\/994d5c9942a5785b20f067fb9d4945df?s=96&d=mm&r=g","contentUrl":"https:\/\/secure.gravatar.com\/avatar\/994d5c9942a5785b20f067fb9d4945df?s=96&d=mm&r=g","caption":"Francesco Maselli"}}]}},"lgc_categories":[{"id":1571,"name":"Politica","slug":"politica"}],"lgc_author":{"id":2099,"name":"Francesco Maselli","slug":"francesco-maselli"},"feature_image_summary":{"url":"https:\/\/legrandcontinent.eu\/it\/wp-content\/uploads\/sites\/2\/2023\/08\/methode-times-prod-web-bin-38d34a98-3dd9-11ee-a531-67c16c100280.jpg","width":2394,"height":1596,"alt":""},"feature_image_cover":{"url":"https:\/\/legrandcontinent.eu\/it\/wp-content\/uploads\/sites\/2\/2023\/08\/41Ip2hSrCwL._SX322_BO1204203200_.jpg","width":324,"height":499,"alt":""},"term_position_data":null,"_links":{"self":[{"href":"https:\/\/legrandcontinent.eu\/it\/wp-json\/wp\/v2\/posts\/10248","targetHints":{"allow":["GET"]}}],"collection":[{"href":"https:\/\/legrandcontinent.eu\/it\/wp-json\/wp\/v2\/posts"}],"about":[{"href":"https:\/\/legrandcontinent.eu\/it\/wp-json\/wp\/v2\/types\/post"}],"author":[{"embeddable":true,"href":"https:\/\/legrandcontinent.eu\/it\/wp-json\/wp\/v2\/users\/6720"}],"replies":[{"embeddable":true,"href":"https:\/\/legrandcontinent.eu\/it\/wp-json\/wp\/v2\/comments?post=10248"}],"version-history":[{"count":0,"href":"https:\/\/legrandcontinent.eu\/it\/wp-json\/wp\/v2\/posts\/10248\/revisions"}],"wp:featuredmedia":[{"embeddable":true,"href":"https:\/\/legrandcontinent.eu\/it\/wp-json\/wp\/v2\/media\/10888"}],"wp:attachment":[{"href":"https:\/\/legrandcontinent.eu\/it\/wp-json\/wp\/v2\/media?parent=10248"}],"wp:term":[{"taxonomy":"category","embeddable":true,"href":"https:\/\/legrandcontinent.eu\/it\/wp-json\/wp\/v2\/categories?post=10248"},{"taxonomy":"post_tag","embeddable":true,"href":"https:\/\/legrandcontinent.eu\/it\/wp-json\/wp\/v2\/tags?post=10248"},{"taxonomy":"staff","embeddable":true,"href":"https:\/\/legrandcontinent.eu\/it\/wp-json\/wp\/v2\/staff?post=10248"},{"taxonomy":"editorial_format","embeddable":true,"href":"https:\/\/legrandcontinent.eu\/it\/wp-json\/wp\/v2\/editorial_format?post=10248"},{"taxonomy":"serie","embeddable":true,"href":"https:\/\/legrandcontinent.eu\/it\/wp-json\/wp\/v2\/serie?post=10248"},{"taxonomy":"audience","embeddable":true,"href":"https:\/\/legrandcontinent.eu\/it\/wp-json\/wp\/v2\/audience?post=10248"},{"taxonomy":"geo","embeddable":true,"href":"https:\/\/legrandcontinent.eu\/it\/wp-json\/wp\/v2\/geo?post=10248"}],"curies":[{"name":"wp","href":"https:\/\/api.w.org\/{rel}","templated":true}]}}