{"id":5131,"count":1,"description":"Sandrine V\u00e9zilier-Dussart est conseill\u00e8re pour les mus\u00e9es de la Drac Provence Alpes C\u00f4te-d\u2019Azur. Elle est \u00e9galement conservatrice en chef au Conseil g\u00e9n\u00e9ral du Nord. ","link":"https:\/\/legrandcontinent.eu\/fr\/p\/sandrine-vezilier-dussart\/","name":"Sandrine V\u00e9zilier-Dussart","slug":"sandrine-vezilier-dussart","taxonomy":"staff","meta":[],"acf":{"name_title":"","first_name":"Sandrine ","last_name":"V\u00e9zilier-Dussart","key_figure_template":"standard","cardinal_type":[],"picture":356015,"job_role":"Historienne de l'art","lgc_editorial_staff":false,"full_description":"Sandrine V\u00e9zilier-Dussart a occup\u00e9 les postes de conservatrice, puis de directrice du mus\u00e9e de Flandre Cassel, jusqu'en mai 2022. Sp\u00e9cialiste de l'art flamand, elle a \u00e9crit de nombreux livres sur les peintres de Flandre et sa repr\u00e9sentation picturale. ","side_image":"","side_text_1":"","side_text_2":"","page_content":"","linkedin_url":"https:\/\/www.linkedin.com\/in\/sandrine-vezilier-dussart-9988ba111\/","twitter_url":"","articles_authored":[355704],"articles_interviewed":"","articles_speech_author":"","books_authored":"","events_authored":"","videos_authored":"","posts_related":"","events_related":"","elections_related":""},"yoast_head":"<!-- This site is optimized with the Yoast SEO plugin v26.1.1 - https:\/\/yoast.com\/wordpress\/plugins\/seo\/ -->\n<title>Sandrine V\u00e9zilier-Dussart | Le Grand Continent<\/title>\n<meta name=\"robots\" content=\"index, follow, max-snippet:-1, max-image-preview:large, max-video-preview:-1\" \/>\n<link rel=\"canonical\" href=\"https:\/\/legrandcontinent.eu\/fr\/p\/sandrine-vezilier-dussart\/\" \/>\n<meta property=\"og:locale\" content=\"fr_FR\" \/>\n<meta property=\"og:type\" content=\"article\" \/>\n<meta property=\"og:title\" content=\"Sandrine V\u00e9zilier-Dussart | Le Grand Continent\" \/>\n<meta property=\"og:description\" content=\"Sandrine V\u00e9zilier-Dussart est conseill\u00e8re pour les mus\u00e9es de la Drac Provence Alpes C\u00f4te-d\u2019Azur. Elle est \u00e9galement conservatrice en chef au Conseil g\u00e9n\u00e9ral du Nord.\" \/>\n<meta property=\"og:url\" content=\"https:\/\/legrandcontinent.eu\/fr\/p\/sandrine-vezilier-dussart\/\" \/>\n<meta property=\"og:site_name\" content=\"Le Grand Continent\" \/>\n<meta name=\"twitter:card\" content=\"summary_large_image\" \/>\n<script type=\"application\/ld+json\" class=\"yoast-schema-graph\">{\"@context\":\"https:\/\/schema.org\",\"@graph\":[{\"@type\":\"CollectionPage\",\"@id\":\"https:\/\/legrandcontinent.eu\/fr\/p\/sandrine-vezilier-dussart\/\",\"url\":\"https:\/\/legrandcontinent.eu\/fr\/p\/sandrine-vezilier-dussart\/\",\"name\":\"Sandrine V\u00e9zilier-Dussart | Le Grand Continent\",\"isPartOf\":{\"@id\":\"https:\/\/legrandcontinent.eu\/fr\/#website\"},\"breadcrumb\":{\"@id\":\"https:\/\/legrandcontinent.eu\/fr\/p\/sandrine-vezilier-dussart\/#breadcrumb\"},\"inLanguage\":\"fr-FR\"},{\"@type\":\"BreadcrumbList\",\"@id\":\"https:\/\/legrandcontinent.eu\/fr\/p\/sandrine-vezilier-dussart\/#breadcrumb\",\"itemListElement\":[{\"@type\":\"ListItem\",\"position\":1,\"name\":\"Accueil\",\"item\":\"https:\/\/legrandcontinent.eu\/fr\/\"},{\"@type\":\"ListItem\",\"position\":2,\"name\":\"Sandrine V\u00e9zilier-Dussart\"}]},{\"@type\":\"WebSite\",\"@id\":\"https:\/\/legrandcontinent.eu\/fr\/#website\",\"url\":\"https:\/\/legrandcontinent.eu\/fr\/\",\"name\":\"Le Grand Continent\",\"description\":\"L&#039;\u00e9chelle pertinente\",\"potentialAction\":[{\"@type\":\"SearchAction\",\"target\":{\"@type\":\"EntryPoint\",\"urlTemplate\":\"https:\/\/legrandcontinent.eu\/fr\/?s={search_term_string}\"},\"query-input\":{\"@type\":\"PropertyValueSpecification\",\"valueRequired\":true,\"valueName\":\"search_term_string\"}}],\"inLanguage\":\"fr-FR\"}]}<\/script>\n<!-- \/ Yoast SEO plugin. -->","yoast_head_json":{"title":"Sandrine V\u00e9zilier-Dussart | Le Grand Continent","robots":{"index":"index","follow":"follow","max-snippet":"max-snippet:-1","max-image-preview":"max-image-preview:large","max-video-preview":"max-video-preview:-1"},"canonical":"https:\/\/legrandcontinent.eu\/fr\/p\/sandrine-vezilier-dussart\/","og_locale":"fr_FR","og_type":"article","og_title":"Sandrine V\u00e9zilier-Dussart | Le Grand Continent","og_description":"Sandrine V\u00e9zilier-Dussart est conseill\u00e8re pour les mus\u00e9es de la Drac Provence Alpes C\u00f4te-d\u2019Azur. Elle est \u00e9galement conservatrice en chef au Conseil g\u00e9n\u00e9ral du Nord.","og_url":"https:\/\/legrandcontinent.eu\/fr\/p\/sandrine-vezilier-dussart\/","og_site_name":"Le Grand Continent","twitter_card":"summary_large_image","schema":{"@context":"https:\/\/schema.org","@graph":[{"@type":"CollectionPage","@id":"https:\/\/legrandcontinent.eu\/fr\/p\/sandrine-vezilier-dussart\/","url":"https:\/\/legrandcontinent.eu\/fr\/p\/sandrine-vezilier-dussart\/","name":"Sandrine V\u00e9zilier-Dussart | Le Grand Continent","isPartOf":{"@id":"https:\/\/legrandcontinent.eu\/fr\/#website"},"breadcrumb":{"@id":"https:\/\/legrandcontinent.eu\/fr\/p\/sandrine-vezilier-dussart\/#breadcrumb"},"inLanguage":"fr-FR"},{"@type":"BreadcrumbList","@id":"https:\/\/legrandcontinent.eu\/fr\/p\/sandrine-vezilier-dussart\/#breadcrumb","itemListElement":[{"@type":"ListItem","position":1,"name":"Accueil","item":"https:\/\/legrandcontinent.eu\/fr\/"},{"@type":"ListItem","position":2,"name":"Sandrine V\u00e9zilier-Dussart"}]},{"@type":"WebSite","@id":"https:\/\/legrandcontinent.eu\/fr\/#website","url":"https:\/\/legrandcontinent.eu\/fr\/","name":"Le Grand Continent","description":"L&#039;\u00e9chelle pertinente","potentialAction":[{"@type":"SearchAction","target":{"@type":"EntryPoint","urlTemplate":"https:\/\/legrandcontinent.eu\/fr\/?s={search_term_string}"},"query-input":{"@type":"PropertyValueSpecification","valueRequired":true,"valueName":"search_term_string"}}],"inLanguage":"fr-FR"}]}},"first_name":"Sandrine ","last_name":"V\u00e9zilier-Dussart","picture":{"url":"https:\/\/legrandcontinent.eu\/fr\/wp-content\/uploads\/sites\/2\/2026\/09\/Sandrine-Vezilier-Dussart.png","width":748,"height":748,"alt":""},"_links":{"self":[{"href":"https:\/\/legrandcontinent.eu\/fr\/wp-json\/wp\/v2\/staff\/5131","targetHints":{"allow":["GET"]}}],"collection":[{"href":"https:\/\/legrandcontinent.eu\/fr\/wp-json\/wp\/v2\/staff"}],"about":[{"href":"https:\/\/legrandcontinent.eu\/fr\/wp-json\/wp\/v2\/taxonomies\/staff"}],"acf:post":[{"embeddable":true,"href":"https:\/\/legrandcontinent.eu\/fr\/wp-json\/wp\/v2\/sunday\/355704"}],"wp:post_type":[{"href":"https:\/\/legrandcontinent.eu\/fr\/wp-json\/wp\/v2\/posts?staff=5131"},{"href":"https:\/\/legrandcontinent.eu\/fr\/wp-json\/wp\/v2\/sunday?staff=5131"}],"curies":[{"name":"wp","href":"https:\/\/api.w.org\/{rel}","templated":true}]}}