{"id":5128,"count":1,"description":"Emma Carenini est agr\u00e9g\u00e9e de philosophie, conseill\u00e8re discours et \u00e9ducation artistique et culturelle au sein du Cabinet du Ministre de l'\u00c9ducation nationale et de la Jeunesse.","link":"https:\/\/legrandcontinent.eu\/fr\/p\/emma-carenini\/","name":"Emma Carenini","slug":"emma-carenini","taxonomy":"staff","meta":[],"acf":{"name_title":"","first_name":"Emma","last_name":"Carenini","key_figure_template":"standard","cardinal_type":[],"picture":355781,"job_role":"Philosophe ","lgc_editorial_staff":false,"full_description":"Emma Carenini est une ancienne enseignante, devenue conseill\u00e8re au cabinet du ministre de l'Education nationale. Elle a publi\u00e9 plusieurs manuels de philosophie ainsi que <em>Soleil. Mythes, histoire, soci\u00e9t\u00e9s<\/em> (Pommier, 2022). Elle donne des conf\u00e9rences \u00e0 travers la France et intervient r\u00e9guli\u00e8rement dans les plus grands m\u00e9dias nationaux.\r\n\r\nEmma Carenini prend au cours de l'\u00e9t\u00e9 2026 la t\u00eate de la cellule de prospective et d'anticipation du minist\u00e8re de l'\u00c9ducation nationale.","side_image":"","side_text_1":"","side_text_2":"","page_content":"<p><br data-mce-bogus=\"1\"><\/p>","linkedin_url":"https:\/\/www.linkedin.com\/in\/emma-carenini-b9b80984\/","twitter_url":"https:\/\/x.com\/CareniniE","articles_authored":[355988],"articles_interviewed":"","articles_speech_author":"","books_authored":"","events_authored":"","videos_authored":"","posts_related":"","events_related":"","elections_related":""},"yoast_head":"<!-- This site is optimized with the Yoast SEO plugin v26.1.1 - https:\/\/yoast.com\/wordpress\/plugins\/seo\/ -->\n<title>Emma Carenini | Le Grand Continent<\/title>\n<meta name=\"robots\" content=\"index, follow, max-snippet:-1, max-image-preview:large, max-video-preview:-1\" \/>\n<link rel=\"canonical\" href=\"https:\/\/legrandcontinent.eu\/fr\/p\/emma-carenini\/\" \/>\n<meta property=\"og:locale\" content=\"fr_FR\" \/>\n<meta property=\"og:type\" content=\"article\" \/>\n<meta property=\"og:title\" content=\"Emma Carenini | Le Grand Continent\" \/>\n<meta property=\"og:description\" content=\"Emma Carenini est agr\u00e9g\u00e9e de philosophie, conseill\u00e8re discours et \u00e9ducation artistique et culturelle au sein du Cabinet du Ministre de l&rsquo;\u00c9ducation nationale et de la Jeunesse.\" \/>\n<meta property=\"og:url\" content=\"https:\/\/legrandcontinent.eu\/fr\/p\/emma-carenini\/\" \/>\n<meta property=\"og:site_name\" content=\"Le Grand Continent\" \/>\n<meta name=\"twitter:card\" content=\"summary_large_image\" \/>\n<script type=\"application\/ld+json\" class=\"yoast-schema-graph\">{\"@context\":\"https:\/\/schema.org\",\"@graph\":[{\"@type\":\"CollectionPage\",\"@id\":\"https:\/\/legrandcontinent.eu\/fr\/p\/emma-carenini\/\",\"url\":\"https:\/\/legrandcontinent.eu\/fr\/p\/emma-carenini\/\",\"name\":\"Emma Carenini | Le Grand Continent\",\"isPartOf\":{\"@id\":\"https:\/\/legrandcontinent.eu\/fr\/#website\"},\"breadcrumb\":{\"@id\":\"https:\/\/legrandcontinent.eu\/fr\/p\/emma-carenini\/#breadcrumb\"},\"inLanguage\":\"fr-FR\"},{\"@type\":\"BreadcrumbList\",\"@id\":\"https:\/\/legrandcontinent.eu\/fr\/p\/emma-carenini\/#breadcrumb\",\"itemListElement\":[{\"@type\":\"ListItem\",\"position\":1,\"name\":\"Accueil\",\"item\":\"https:\/\/legrandcontinent.eu\/fr\/\"},{\"@type\":\"ListItem\",\"position\":2,\"name\":\"Emma Carenini\"}]},{\"@type\":\"WebSite\",\"@id\":\"https:\/\/legrandcontinent.eu\/fr\/#website\",\"url\":\"https:\/\/legrandcontinent.eu\/fr\/\",\"name\":\"Le Grand Continent\",\"description\":\"L&#039;\u00e9chelle pertinente\",\"potentialAction\":[{\"@type\":\"SearchAction\",\"target\":{\"@type\":\"EntryPoint\",\"urlTemplate\":\"https:\/\/legrandcontinent.eu\/fr\/?s={search_term_string}\"},\"query-input\":{\"@type\":\"PropertyValueSpecification\",\"valueRequired\":true,\"valueName\":\"search_term_string\"}}],\"inLanguage\":\"fr-FR\"}]}<\/script>\n<!-- \/ Yoast SEO plugin. -->","yoast_head_json":{"title":"Emma Carenini | Le Grand Continent","robots":{"index":"index","follow":"follow","max-snippet":"max-snippet:-1","max-image-preview":"max-image-preview:large","max-video-preview":"max-video-preview:-1"},"canonical":"https:\/\/legrandcontinent.eu\/fr\/p\/emma-carenini\/","og_locale":"fr_FR","og_type":"article","og_title":"Emma Carenini | Le Grand Continent","og_description":"Emma Carenini est agr\u00e9g\u00e9e de philosophie, conseill\u00e8re discours et \u00e9ducation artistique et culturelle au sein du Cabinet du Ministre de l&rsquo;\u00c9ducation nationale et de la Jeunesse.","og_url":"https:\/\/legrandcontinent.eu\/fr\/p\/emma-carenini\/","og_site_name":"Le Grand Continent","twitter_card":"summary_large_image","schema":{"@context":"https:\/\/schema.org","@graph":[{"@type":"CollectionPage","@id":"https:\/\/legrandcontinent.eu\/fr\/p\/emma-carenini\/","url":"https:\/\/legrandcontinent.eu\/fr\/p\/emma-carenini\/","name":"Emma Carenini | Le Grand Continent","isPartOf":{"@id":"https:\/\/legrandcontinent.eu\/fr\/#website"},"breadcrumb":{"@id":"https:\/\/legrandcontinent.eu\/fr\/p\/emma-carenini\/#breadcrumb"},"inLanguage":"fr-FR"},{"@type":"BreadcrumbList","@id":"https:\/\/legrandcontinent.eu\/fr\/p\/emma-carenini\/#breadcrumb","itemListElement":[{"@type":"ListItem","position":1,"name":"Accueil","item":"https:\/\/legrandcontinent.eu\/fr\/"},{"@type":"ListItem","position":2,"name":"Emma Carenini"}]},{"@type":"WebSite","@id":"https:\/\/legrandcontinent.eu\/fr\/#website","url":"https:\/\/legrandcontinent.eu\/fr\/","name":"Le Grand Continent","description":"L&#039;\u00e9chelle pertinente","potentialAction":[{"@type":"SearchAction","target":{"@type":"EntryPoint","urlTemplate":"https:\/\/legrandcontinent.eu\/fr\/?s={search_term_string}"},"query-input":{"@type":"PropertyValueSpecification","valueRequired":true,"valueName":"search_term_string"}}],"inLanguage":"fr-FR"}]}},"first_name":"Emma","last_name":"Carenini","picture":{"url":"https:\/\/legrandcontinent.eu\/fr\/wp-content\/uploads\/sites\/2\/2026\/09\/Emma-Carenini.png","width":751,"height":751,"alt":""},"_links":{"self":[{"href":"https:\/\/legrandcontinent.eu\/fr\/wp-json\/wp\/v2\/staff\/5128","targetHints":{"allow":["GET"]}}],"collection":[{"href":"https:\/\/legrandcontinent.eu\/fr\/wp-json\/wp\/v2\/staff"}],"about":[{"href":"https:\/\/legrandcontinent.eu\/fr\/wp-json\/wp\/v2\/taxonomies\/staff"}],"acf:post":[{"embeddable":true,"href":"https:\/\/legrandcontinent.eu\/fr\/wp-json\/wp\/v2\/sunday\/355988"}],"wp:post_type":[{"href":"https:\/\/legrandcontinent.eu\/fr\/wp-json\/wp\/v2\/posts?staff=5128"},{"href":"https:\/\/legrandcontinent.eu\/fr\/wp-json\/wp\/v2\/sunday?staff=5128"}],"curies":[{"name":"wp","href":"https:\/\/api.w.org\/{rel}","templated":true}]}}