{"id":5122,"count":1,"description":"Tomas Wyns est chercheur senior \u00e0 la Brussels School of Governance (BSOG) de la Vrije Universiteit Brussel (VUB), sp\u00e9cialiste de la politique climatique europ\u00e9enne et internationale.","link":"https:\/\/legrandcontinent.eu\/fr\/p\/tomas-wyns\/","name":"Tomas Wyns","slug":"tomas-wyns","taxonomy":"staff","meta":[],"acf":{"name_title":"","first_name":"Tomas","last_name":"Wyns","key_figure_template":"standard","cardinal_type":[],"picture":355677,"job_role":"Politologue","lgc_editorial_staff":false,"full_description":"Tomas Wyns est doctorant au sein du p\u00f4le \u00ab Environnement et d\u00e9veloppement durable \u00bb de la BSOG. Titulaire d\u2019un master en physique, il est sp\u00e9cialis\u00e9 dans les relations internationales et la gestion des conflits.\r\n\r\nAvant de rejoindre la Brussels School of Governance, Tomas Wyns a travaill\u00e9 pendant cinq ans en tant que charg\u00e9 de mission en politique climatique au sein de l\u2019administration environnementale du gouvernement flamand en Belgique, o\u00f9 il \u00e9tait responsable de la mise en \u0153uvre du syst\u00e8me europ\u00e9en d\u2019\u00e9change de quotas d\u2019\u00e9mission et des politiques d\u2019efficacit\u00e9 \u00e9nerg\u00e9tique dans l\u2019industrie. ","side_image":"","side_text_1":"","side_text_2":"","page_content":"","linkedin_url":"https:\/\/www.linkedin.com\/in\/tomas-wyns-3b2b196\/","twitter_url":"https:\/\/x.com\/TomasWyns","articles_authored":[355676],"articles_interviewed":"","articles_speech_author":"","books_authored":"","events_authored":"","videos_authored":"","posts_related":"","events_related":"","elections_related":""},"yoast_head":"<!-- This site is optimized with the Yoast SEO plugin v26.1.1 - https:\/\/yoast.com\/wordpress\/plugins\/seo\/ -->\n<title>Tomas Wyns | Le Grand Continent<\/title>\n<meta name=\"robots\" content=\"index, follow, max-snippet:-1, max-image-preview:large, max-video-preview:-1\" \/>\n<link rel=\"canonical\" href=\"https:\/\/legrandcontinent.eu\/fr\/p\/tomas-wyns\/\" \/>\n<meta property=\"og:locale\" content=\"fr_FR\" \/>\n<meta property=\"og:type\" content=\"article\" \/>\n<meta property=\"og:title\" content=\"Tomas Wyns | Le Grand Continent\" \/>\n<meta property=\"og:description\" content=\"Tomas Wyns est chercheur senior \u00e0 la Brussels School of Governance (BSOG) de la Vrije Universiteit Brussel (VUB), sp\u00e9cialiste de la politique climatique europ\u00e9enne et internationale.\" \/>\n<meta property=\"og:url\" content=\"https:\/\/legrandcontinent.eu\/fr\/p\/tomas-wyns\/\" \/>\n<meta property=\"og:site_name\" content=\"Le Grand Continent\" \/>\n<meta name=\"twitter:card\" content=\"summary_large_image\" \/>\n<script type=\"application\/ld+json\" class=\"yoast-schema-graph\">{\"@context\":\"https:\/\/schema.org\",\"@graph\":[{\"@type\":\"CollectionPage\",\"@id\":\"https:\/\/legrandcontinent.eu\/fr\/p\/tomas-wyns\/\",\"url\":\"https:\/\/legrandcontinent.eu\/fr\/p\/tomas-wyns\/\",\"name\":\"Tomas Wyns | Le Grand Continent\",\"isPartOf\":{\"@id\":\"https:\/\/legrandcontinent.eu\/fr\/#website\"},\"breadcrumb\":{\"@id\":\"https:\/\/legrandcontinent.eu\/fr\/p\/tomas-wyns\/#breadcrumb\"},\"inLanguage\":\"fr-FR\"},{\"@type\":\"BreadcrumbList\",\"@id\":\"https:\/\/legrandcontinent.eu\/fr\/p\/tomas-wyns\/#breadcrumb\",\"itemListElement\":[{\"@type\":\"ListItem\",\"position\":1,\"name\":\"Accueil\",\"item\":\"https:\/\/legrandcontinent.eu\/fr\/\"},{\"@type\":\"ListItem\",\"position\":2,\"name\":\"Tomas Wyns\"}]},{\"@type\":\"WebSite\",\"@id\":\"https:\/\/legrandcontinent.eu\/fr\/#website\",\"url\":\"https:\/\/legrandcontinent.eu\/fr\/\",\"name\":\"Le Grand Continent\",\"description\":\"L&#039;\u00e9chelle pertinente\",\"potentialAction\":[{\"@type\":\"SearchAction\",\"target\":{\"@type\":\"EntryPoint\",\"urlTemplate\":\"https:\/\/legrandcontinent.eu\/fr\/?s={search_term_string}\"},\"query-input\":{\"@type\":\"PropertyValueSpecification\",\"valueRequired\":true,\"valueName\":\"search_term_string\"}}],\"inLanguage\":\"fr-FR\"}]}<\/script>\n<!-- \/ Yoast SEO plugin. -->","yoast_head_json":{"title":"Tomas Wyns | Le Grand Continent","robots":{"index":"index","follow":"follow","max-snippet":"max-snippet:-1","max-image-preview":"max-image-preview:large","max-video-preview":"max-video-preview:-1"},"canonical":"https:\/\/legrandcontinent.eu\/fr\/p\/tomas-wyns\/","og_locale":"fr_FR","og_type":"article","og_title":"Tomas Wyns | Le Grand Continent","og_description":"Tomas Wyns est chercheur senior \u00e0 la Brussels School of Governance (BSOG) de la Vrije Universiteit Brussel (VUB), sp\u00e9cialiste de la politique climatique europ\u00e9enne et internationale.","og_url":"https:\/\/legrandcontinent.eu\/fr\/p\/tomas-wyns\/","og_site_name":"Le Grand Continent","twitter_card":"summary_large_image","schema":{"@context":"https:\/\/schema.org","@graph":[{"@type":"CollectionPage","@id":"https:\/\/legrandcontinent.eu\/fr\/p\/tomas-wyns\/","url":"https:\/\/legrandcontinent.eu\/fr\/p\/tomas-wyns\/","name":"Tomas Wyns | Le Grand Continent","isPartOf":{"@id":"https:\/\/legrandcontinent.eu\/fr\/#website"},"breadcrumb":{"@id":"https:\/\/legrandcontinent.eu\/fr\/p\/tomas-wyns\/#breadcrumb"},"inLanguage":"fr-FR"},{"@type":"BreadcrumbList","@id":"https:\/\/legrandcontinent.eu\/fr\/p\/tomas-wyns\/#breadcrumb","itemListElement":[{"@type":"ListItem","position":1,"name":"Accueil","item":"https:\/\/legrandcontinent.eu\/fr\/"},{"@type":"ListItem","position":2,"name":"Tomas Wyns"}]},{"@type":"WebSite","@id":"https:\/\/legrandcontinent.eu\/fr\/#website","url":"https:\/\/legrandcontinent.eu\/fr\/","name":"Le Grand Continent","description":"L&#039;\u00e9chelle pertinente","potentialAction":[{"@type":"SearchAction","target":{"@type":"EntryPoint","urlTemplate":"https:\/\/legrandcontinent.eu\/fr\/?s={search_term_string}"},"query-input":{"@type":"PropertyValueSpecification","valueRequired":true,"valueName":"search_term_string"}}],"inLanguage":"fr-FR"}]}},"first_name":"Tomas","last_name":"Wyns","picture":{"url":"https:\/\/legrandcontinent.eu\/fr\/wp-content\/uploads\/sites\/2\/2026\/09\/Tomas-Wyns.png","width":1472,"height":1472,"alt":""},"_links":{"self":[{"href":"https:\/\/legrandcontinent.eu\/fr\/wp-json\/wp\/v2\/staff\/5122","targetHints":{"allow":["GET"]}}],"collection":[{"href":"https:\/\/legrandcontinent.eu\/fr\/wp-json\/wp\/v2\/staff"}],"about":[{"href":"https:\/\/legrandcontinent.eu\/fr\/wp-json\/wp\/v2\/taxonomies\/staff"}],"acf:post":[{"embeddable":true,"href":"https:\/\/legrandcontinent.eu\/fr\/wp-json\/wp\/v2\/posts\/355676"}],"wp:post_type":[{"href":"https:\/\/legrandcontinent.eu\/fr\/wp-json\/wp\/v2\/posts?staff=5122"},{"href":"https:\/\/legrandcontinent.eu\/fr\/wp-json\/wp\/v2\/sunday?staff=5122"}],"curies":[{"name":"wp","href":"https:\/\/api.w.org\/{rel}","templated":true}]}}