{"id":4926,"count":0,"description":"Historien, directeur d'\u00e9tudes \u00e0 l'EHESS, directeur du Centre d'\u00e9tudes sociologiques et politiques Raymond Aron - CESPRA\r\n","link":"https:\/\/legrandcontinent.eu\/fr\/p\/stephane-audoin-rouzeau\/","name":"St\u00e9phane Audoin-Rouzeau","slug":"stephane-audoin-rouzeau","taxonomy":"staff","meta":[],"acf":{"name_title":"","first_name":"St\u00e9phane","last_name":"Audoin-Rouzeau","key_figure_template":"standard","cardinal_type":[],"picture":330030,"job_role":"Historien, directeur d'\u00e9tudes \u00e0 l'EHESS","lgc_editorial_staff":false,"full_description":"Historien, directeur d\u2019\u00e9tudes \u00e0 l\u2019EHESS, chercheur sur la Premi\u00e8re Guerre mondiale et, plus g\u00e9n\u00e9ralement, sur le combat et le \u00ab corps guerrier \u00bb dans la guerre moderne et contemporaine, dans une perspective anthropologique. Ses recherches se sont \u00e9galement centr\u00e9es sur la question du g\u00e9nocide des Tutsi au Rwanda. \r\n","side_image":"","side_text_1":"","side_text_2":"","page_content":"","linkedin_url":"","twitter_url":"","articles_authored":"","articles_interviewed":"","articles_speech_author":"","books_authored":"","events_authored":[330086],"videos_authored":"","posts_related":"","events_related":"","elections_related":""},"yoast_head":"<!-- This site is optimized with the Yoast SEO plugin v26.1.1 - https:\/\/yoast.com\/wordpress\/plugins\/seo\/ -->\n<title>St\u00e9phane Audoin-Rouzeau | Le Grand Continent<\/title>\n<meta name=\"robots\" content=\"index, follow, max-snippet:-1, max-image-preview:large, max-video-preview:-1\" \/>\n<link rel=\"canonical\" href=\"https:\/\/legrandcontinent.eu\/fr\/p\/stephane-audoin-rouzeau\/\" \/>\n<meta property=\"og:locale\" content=\"fr_FR\" \/>\n<meta property=\"og:type\" content=\"article\" \/>\n<meta property=\"og:title\" content=\"St\u00e9phane Audoin-Rouzeau | Le Grand Continent\" \/>\n<meta property=\"og:description\" content=\"Historien, directeur d&rsquo;\u00e9tudes \u00e0 l&rsquo;EHESS, directeur du Centre d&rsquo;\u00e9tudes sociologiques et politiques Raymond Aron &#8211; CESPRA\" \/>\n<meta property=\"og:url\" content=\"https:\/\/legrandcontinent.eu\/fr\/p\/stephane-audoin-rouzeau\/\" \/>\n<meta property=\"og:site_name\" content=\"Le Grand Continent\" \/>\n<meta name=\"twitter:card\" content=\"summary_large_image\" \/>\n<script type=\"application\/ld+json\" class=\"yoast-schema-graph\">{\"@context\":\"https:\/\/schema.org\",\"@graph\":[{\"@type\":\"CollectionPage\",\"@id\":\"https:\/\/legrandcontinent.eu\/fr\/p\/stephane-audoin-rouzeau\/\",\"url\":\"https:\/\/legrandcontinent.eu\/fr\/p\/stephane-audoin-rouzeau\/\",\"name\":\"St\u00e9phane Audoin-Rouzeau | Le Grand Continent\",\"isPartOf\":{\"@id\":\"https:\/\/legrandcontinent.eu\/fr\/#website\"},\"breadcrumb\":{\"@id\":\"https:\/\/legrandcontinent.eu\/fr\/p\/stephane-audoin-rouzeau\/#breadcrumb\"},\"inLanguage\":\"fr-FR\"},{\"@type\":\"BreadcrumbList\",\"@id\":\"https:\/\/legrandcontinent.eu\/fr\/p\/stephane-audoin-rouzeau\/#breadcrumb\",\"itemListElement\":[{\"@type\":\"ListItem\",\"position\":1,\"name\":\"Accueil\",\"item\":\"https:\/\/legrandcontinent.eu\/fr\/\"},{\"@type\":\"ListItem\",\"position\":2,\"name\":\"St\u00e9phane Audoin-Rouzeau\"}]},{\"@type\":\"WebSite\",\"@id\":\"https:\/\/legrandcontinent.eu\/fr\/#website\",\"url\":\"https:\/\/legrandcontinent.eu\/fr\/\",\"name\":\"Le Grand Continent\",\"description\":\"L&#039;\u00e9chelle pertinente\",\"potentialAction\":[{\"@type\":\"SearchAction\",\"target\":{\"@type\":\"EntryPoint\",\"urlTemplate\":\"https:\/\/legrandcontinent.eu\/fr\/?s={search_term_string}\"},\"query-input\":{\"@type\":\"PropertyValueSpecification\",\"valueRequired\":true,\"valueName\":\"search_term_string\"}}],\"inLanguage\":\"fr-FR\"}]}<\/script>\n<!-- \/ Yoast SEO plugin. -->","yoast_head_json":{"title":"St\u00e9phane Audoin-Rouzeau | Le Grand Continent","robots":{"index":"index","follow":"follow","max-snippet":"max-snippet:-1","max-image-preview":"max-image-preview:large","max-video-preview":"max-video-preview:-1"},"canonical":"https:\/\/legrandcontinent.eu\/fr\/p\/stephane-audoin-rouzeau\/","og_locale":"fr_FR","og_type":"article","og_title":"St\u00e9phane Audoin-Rouzeau | Le Grand Continent","og_description":"Historien, directeur d&rsquo;\u00e9tudes \u00e0 l&rsquo;EHESS, directeur du Centre d&rsquo;\u00e9tudes sociologiques et politiques Raymond Aron &#8211; CESPRA","og_url":"https:\/\/legrandcontinent.eu\/fr\/p\/stephane-audoin-rouzeau\/","og_site_name":"Le Grand Continent","twitter_card":"summary_large_image","schema":{"@context":"https:\/\/schema.org","@graph":[{"@type":"CollectionPage","@id":"https:\/\/legrandcontinent.eu\/fr\/p\/stephane-audoin-rouzeau\/","url":"https:\/\/legrandcontinent.eu\/fr\/p\/stephane-audoin-rouzeau\/","name":"St\u00e9phane Audoin-Rouzeau | Le Grand Continent","isPartOf":{"@id":"https:\/\/legrandcontinent.eu\/fr\/#website"},"breadcrumb":{"@id":"https:\/\/legrandcontinent.eu\/fr\/p\/stephane-audoin-rouzeau\/#breadcrumb"},"inLanguage":"fr-FR"},{"@type":"BreadcrumbList","@id":"https:\/\/legrandcontinent.eu\/fr\/p\/stephane-audoin-rouzeau\/#breadcrumb","itemListElement":[{"@type":"ListItem","position":1,"name":"Accueil","item":"https:\/\/legrandcontinent.eu\/fr\/"},{"@type":"ListItem","position":2,"name":"St\u00e9phane Audoin-Rouzeau"}]},{"@type":"WebSite","@id":"https:\/\/legrandcontinent.eu\/fr\/#website","url":"https:\/\/legrandcontinent.eu\/fr\/","name":"Le Grand Continent","description":"L&#039;\u00e9chelle pertinente","potentialAction":[{"@type":"SearchAction","target":{"@type":"EntryPoint","urlTemplate":"https:\/\/legrandcontinent.eu\/fr\/?s={search_term_string}"},"query-input":{"@type":"PropertyValueSpecification","valueRequired":true,"valueName":"search_term_string"}}],"inLanguage":"fr-FR"}]}},"_links":{"self":[{"href":"https:\/\/legrandcontinent.eu\/fr\/wp-json\/wp\/v2\/staff\/4926","targetHints":{"allow":["GET"]}}],"collection":[{"href":"https:\/\/legrandcontinent.eu\/fr\/wp-json\/wp\/v2\/staff"}],"about":[{"href":"https:\/\/legrandcontinent.eu\/fr\/wp-json\/wp\/v2\/taxonomies\/staff"}],"acf:post":[{"embeddable":true,"href":"https:\/\/legrandcontinent.eu\/fr\/wp-json\/wp\/v2\/event\/330086"}],"wp:post_type":[{"href":"https:\/\/legrandcontinent.eu\/fr\/wp-json\/wp\/v2\/posts?staff=4926"},{"href":"https:\/\/legrandcontinent.eu\/fr\/wp-json\/wp\/v2\/sunday?staff=4926"}],"curies":[{"name":"wp","href":"https:\/\/api.w.org\/{rel}","templated":true}]}}