{"id":4925,"count":0,"description":"Commandant supr\u00eame alli\u00e9 pour la transformation de l'OTAN","link":"https:\/\/legrandcontinent.eu\/fr\/p\/pierre-vandier\/","name":"Pierre Vandier","slug":"pierre-vandier","taxonomy":"staff","meta":[],"acf":{"name_title":"","first_name":"Pierre","last_name":"Vandier","key_figure_template":"standard","cardinal_type":[],"picture":330029,"job_role":"Amiral","lgc_editorial_staff":false,"full_description":"Pierre Vandier est re\u00e7u premier au concours de l'\u00c9cole navale en 1987, et en sort major en 1989. Il effectue son \u00e9cole d'application sur le porte-h\u00e9licopt\u00e8res Jeanne d'Arc lors de la premi\u00e8re guerre du Golfe.\r\n\r\nBrevet\u00e9 pilote de l'a\u00e9ronautique navale en 1993, Pierre Vandier m\u00e8ne diverses missions de guerre en Bosnie, au Kosovo et en Afghanistan. Devenu officier \u00e0 l'Allied Joint Force Command Naples de l'OTAN en 2011, il est charg\u00e9 de superviser les op\u00e9rations a\u00e9riennes fran\u00e7aises men\u00e9es dans le cadre de l'intervention militaire en Libye.\r\n\r\nDu 24 juillet 2013 au 31 juillet 2015, Pierre Vandier commande le porte-avions Charles de Gaulle. Il est promu successivement contre-amiral, vice-amiral d\u2019escadre, et amiral entre 2017 et 2020. Le 1er septembre 2023, il est nomm\u00e9 major g\u00e9n\u00e9ral des Arm\u00e9es.\r\n\r\nL\u2019amiral Vandier est commandeur de la L\u00e9gion d\u2019honneur et du M\u00e9rite maritime. Il est d\u00e9cor\u00e9 de la croix de guerre des th\u00e9\u00e2tres d\u2019op\u00e9rations ext\u00e9rieures, de la croix de la Valeur militaire, de la m\u00e9daille du combattant, de la m\u00e9daille de l\u2019a\u00e9ronautique et de la m\u00e9daille d\u2019or de la D\u00e9fense nationale. \r\n\r\nPierre Vandier occupe le poste de Commandant supr\u00eame alli\u00e9 pour la transformation au sein de l'OTAN depuis septembre 2024.","side_image":"","side_text_1":"","side_text_2":"","page_content":"","linkedin_url":"https:\/\/www.linkedin.com\/in\/pierre-vandier\/","twitter_url":"","articles_authored":"","articles_interviewed":"","articles_speech_author":[330040],"books_authored":"","events_authored":[330086],"videos_authored":"","posts_related":"","events_related":"","elections_related":""},"yoast_head":"<!-- This site is optimized with the Yoast SEO plugin v26.1.1 - https:\/\/yoast.com\/wordpress\/plugins\/seo\/ -->\n<title>Pierre Vandier | Le Grand Continent<\/title>\n<meta name=\"robots\" content=\"index, follow, max-snippet:-1, max-image-preview:large, max-video-preview:-1\" \/>\n<link rel=\"canonical\" href=\"https:\/\/legrandcontinent.eu\/fr\/p\/pierre-vandier\/\" \/>\n<meta property=\"og:locale\" content=\"fr_FR\" \/>\n<meta property=\"og:type\" content=\"article\" \/>\n<meta property=\"og:title\" content=\"Pierre Vandier | Le Grand Continent\" \/>\n<meta property=\"og:description\" content=\"Commandant supr\u00eame alli\u00e9 pour la transformation de l&rsquo;OTAN\" \/>\n<meta property=\"og:url\" content=\"https:\/\/legrandcontinent.eu\/fr\/p\/pierre-vandier\/\" \/>\n<meta property=\"og:site_name\" content=\"Le Grand Continent\" \/>\n<meta name=\"twitter:card\" content=\"summary_large_image\" \/>\n<script type=\"application\/ld+json\" class=\"yoast-schema-graph\">{\"@context\":\"https:\/\/schema.org\",\"@graph\":[{\"@type\":\"CollectionPage\",\"@id\":\"https:\/\/legrandcontinent.eu\/fr\/p\/pierre-vandier\/\",\"url\":\"https:\/\/legrandcontinent.eu\/fr\/p\/pierre-vandier\/\",\"name\":\"Pierre Vandier | Le Grand Continent\",\"isPartOf\":{\"@id\":\"https:\/\/legrandcontinent.eu\/fr\/#website\"},\"breadcrumb\":{\"@id\":\"https:\/\/legrandcontinent.eu\/fr\/p\/pierre-vandier\/#breadcrumb\"},\"inLanguage\":\"fr-FR\"},{\"@type\":\"BreadcrumbList\",\"@id\":\"https:\/\/legrandcontinent.eu\/fr\/p\/pierre-vandier\/#breadcrumb\",\"itemListElement\":[{\"@type\":\"ListItem\",\"position\":1,\"name\":\"Accueil\",\"item\":\"https:\/\/legrandcontinent.eu\/fr\/\"},{\"@type\":\"ListItem\",\"position\":2,\"name\":\"Pierre Vandier\"}]},{\"@type\":\"WebSite\",\"@id\":\"https:\/\/legrandcontinent.eu\/fr\/#website\",\"url\":\"https:\/\/legrandcontinent.eu\/fr\/\",\"name\":\"Le Grand Continent\",\"description\":\"L&#039;\u00e9chelle pertinente\",\"potentialAction\":[{\"@type\":\"SearchAction\",\"target\":{\"@type\":\"EntryPoint\",\"urlTemplate\":\"https:\/\/legrandcontinent.eu\/fr\/?s={search_term_string}\"},\"query-input\":{\"@type\":\"PropertyValueSpecification\",\"valueRequired\":true,\"valueName\":\"search_term_string\"}}],\"inLanguage\":\"fr-FR\"}]}<\/script>\n<!-- \/ Yoast SEO plugin. -->","yoast_head_json":{"title":"Pierre Vandier | Le Grand Continent","robots":{"index":"index","follow":"follow","max-snippet":"max-snippet:-1","max-image-preview":"max-image-preview:large","max-video-preview":"max-video-preview:-1"},"canonical":"https:\/\/legrandcontinent.eu\/fr\/p\/pierre-vandier\/","og_locale":"fr_FR","og_type":"article","og_title":"Pierre Vandier | Le Grand Continent","og_description":"Commandant supr\u00eame alli\u00e9 pour la transformation de l&rsquo;OTAN","og_url":"https:\/\/legrandcontinent.eu\/fr\/p\/pierre-vandier\/","og_site_name":"Le Grand Continent","twitter_card":"summary_large_image","schema":{"@context":"https:\/\/schema.org","@graph":[{"@type":"CollectionPage","@id":"https:\/\/legrandcontinent.eu\/fr\/p\/pierre-vandier\/","url":"https:\/\/legrandcontinent.eu\/fr\/p\/pierre-vandier\/","name":"Pierre Vandier | Le Grand Continent","isPartOf":{"@id":"https:\/\/legrandcontinent.eu\/fr\/#website"},"breadcrumb":{"@id":"https:\/\/legrandcontinent.eu\/fr\/p\/pierre-vandier\/#breadcrumb"},"inLanguage":"fr-FR"},{"@type":"BreadcrumbList","@id":"https:\/\/legrandcontinent.eu\/fr\/p\/pierre-vandier\/#breadcrumb","itemListElement":[{"@type":"ListItem","position":1,"name":"Accueil","item":"https:\/\/legrandcontinent.eu\/fr\/"},{"@type":"ListItem","position":2,"name":"Pierre Vandier"}]},{"@type":"WebSite","@id":"https:\/\/legrandcontinent.eu\/fr\/#website","url":"https:\/\/legrandcontinent.eu\/fr\/","name":"Le Grand Continent","description":"L&#039;\u00e9chelle pertinente","potentialAction":[{"@type":"SearchAction","target":{"@type":"EntryPoint","urlTemplate":"https:\/\/legrandcontinent.eu\/fr\/?s={search_term_string}"},"query-input":{"@type":"PropertyValueSpecification","valueRequired":true,"valueName":"search_term_string"}}],"inLanguage":"fr-FR"}]}},"_links":{"self":[{"href":"https:\/\/legrandcontinent.eu\/fr\/wp-json\/wp\/v2\/staff\/4925","targetHints":{"allow":["GET"]}}],"collection":[{"href":"https:\/\/legrandcontinent.eu\/fr\/wp-json\/wp\/v2\/staff"}],"about":[{"href":"https:\/\/legrandcontinent.eu\/fr\/wp-json\/wp\/v2\/taxonomies\/staff"}],"acf:post":[{"embeddable":true,"href":"https:\/\/legrandcontinent.eu\/fr\/wp-json\/wp\/v2\/event\/330086"},{"embeddable":true,"href":"https:\/\/legrandcontinent.eu\/fr\/wp-json\/wp\/v2\/posts\/330040"}],"wp:post_type":[{"href":"https:\/\/legrandcontinent.eu\/fr\/wp-json\/wp\/v2\/posts?staff=4925"},{"href":"https:\/\/legrandcontinent.eu\/fr\/wp-json\/wp\/v2\/sunday?staff=4925"}],"curies":[{"name":"wp","href":"https:\/\/api.w.org\/{rel}","templated":true}]}}