{"id":4904,"count":1,"description":"Stephen E. Hanson est titulaire de la chaire Lettie Pate Evans au d\u00e9partement de sciences politiques de l'universit\u00e9 William & Mary, en Virginie, aux \u00c9tats-Unis. Il y a occup\u00e9 le poste de vice-recteur charg\u00e9 des affaires acad\u00e9miques et internationales de 2011 \u00e0 2022.","link":"https:\/\/legrandcontinent.eu\/fr\/p\/stephen-hanson\/","name":"Stephen E. Hanson","slug":"stephen-hanson","taxonomy":"staff","meta":[],"acf":{"name_title":"","first_name":"Stephen","last_name":"Hanson","key_figure_template":"standard","cardinal_type":[],"picture":328794,"job_role":"Professeur en sciences politiques ","lgc_editorial_staff":false,"full_description":"Stephen E. Hanson est titulaire de la chaire Lettie Pate Evans au d\u00e9partement de sciences politiques de l'universit\u00e9 William & Mary, en Virginie, aux \u00c9tats-Unis. Il y a occup\u00e9 le poste de vice-recteur charg\u00e9 des affaires acad\u00e9miques et internationales de 2011 \u00e0 2022. \r\nStephen E. Hanson a obtenu une licence en sciences sociales \u00e0 l'universit\u00e9 Harvard (1985) et un doctorat en sciences politiques \u00e0 l'universit\u00e9 de Californie \u00e0 Berkeley (1991).\r\nHanson est l'auteur de Post-Imperial Democracies: Ideology and Party Formation in Third Republic France, Weimar Germany, and Post-Soviet Russia (Cambridge University Press, 2010) et de Time and Revolution: Marxism and the Design of Soviet Institutions (University of North Carolina Press, 1997), qui a re\u00e7u le prix Wayne S. Vucinich 1998 d\u00e9cern\u00e9 par l\u2019Association for Slavic, East European and Eurasian Studies. Il est coauteur (avec Richard Anderson Jr., M. Steven Fish et Philip Roeder) de Postcommunism and the Theory of Democracy (Princeton University Press, 2001).","side_image":"","side_text_1":"","side_text_2":"","page_content":"","linkedin_url":"","twitter_url":"","articles_authored":[330284],"articles_interviewed":"","articles_speech_author":"","books_authored":"","events_authored":"","videos_authored":"","posts_related":"","events_related":"","elections_related":""},"yoast_head":"\nStephen E. Hanson | Le Grand Continent<\/title>\n<meta name=\"robots\" content=\"index, follow, max-snippet:-1, max-image-preview:large, max-video-preview:-1\" \/>\n<link rel=\"canonical\" href=\"https:\/\/legrandcontinent.eu\/fr\/p\/stephen-hanson\/\" \/>\n<meta property=\"og:locale\" content=\"fr_FR\" \/>\n<meta property=\"og:type\" content=\"article\" \/>\n<meta property=\"og:title\" content=\"Stephen E. Hanson | Le Grand Continent\" \/>\n<meta property=\"og:description\" content=\"Stephen E. Hanson est titulaire de la chaire Lettie Pate Evans au d\u00e9partement de sciences politiques de l’universit\u00e9 William & Mary, en Virginie, aux \u00c9tats-Unis. Il y a occup\u00e9 le poste de vice-recteur charg\u00e9 des affaires acad\u00e9miques et internationales de 2011 \u00e0 2022.\" \/>\n<meta property=\"og:url\" content=\"https:\/\/legrandcontinent.eu\/fr\/p\/stephen-hanson\/\" \/>\n<meta property=\"og:site_name\" content=\"Le Grand Continent\" \/>\n<meta name=\"twitter:card\" content=\"summary_large_image\" \/>\n<script type=\"application\/ld+json\" class=\"yoast-schema-graph\">{\"@context\":\"https:\/\/schema.org\",\"@graph\":[{\"@type\":\"CollectionPage\",\"@id\":\"https:\/\/legrandcontinent.eu\/fr\/p\/stephen-hanson\/\",\"url\":\"https:\/\/legrandcontinent.eu\/fr\/p\/stephen-hanson\/\",\"name\":\"Stephen E. Hanson | Le Grand Continent\",\"isPartOf\":{\"@id\":\"https:\/\/legrandcontinent.eu\/fr\/#website\"},\"breadcrumb\":{\"@id\":\"https:\/\/legrandcontinent.eu\/fr\/p\/stephen-hanson\/#breadcrumb\"},\"inLanguage\":\"fr-FR\"},{\"@type\":\"BreadcrumbList\",\"@id\":\"https:\/\/legrandcontinent.eu\/fr\/p\/stephen-hanson\/#breadcrumb\",\"itemListElement\":[{\"@type\":\"ListItem\",\"position\":1,\"name\":\"Accueil\",\"item\":\"https:\/\/legrandcontinent.eu\/fr\/\"},{\"@type\":\"ListItem\",\"position\":2,\"name\":\"Stephen E. Hanson\"}]},{\"@type\":\"WebSite\",\"@id\":\"https:\/\/legrandcontinent.eu\/fr\/#website\",\"url\":\"https:\/\/legrandcontinent.eu\/fr\/\",\"name\":\"Le Grand Continent\",\"description\":\"L'\u00e9chelle pertinente\",\"potentialAction\":[{\"@type\":\"SearchAction\",\"target\":{\"@type\":\"EntryPoint\",\"urlTemplate\":\"https:\/\/legrandcontinent.eu\/fr\/?s={search_term_string}\"},\"query-input\":{\"@type\":\"PropertyValueSpecification\",\"valueRequired\":true,\"valueName\":\"search_term_string\"}}],\"inLanguage\":\"fr-FR\"}]}<\/script>\n<!-- \/ Yoast SEO plugin. -->","yoast_head_json":{"title":"Stephen E. Hanson | Le Grand Continent","robots":{"index":"index","follow":"follow","max-snippet":"max-snippet:-1","max-image-preview":"max-image-preview:large","max-video-preview":"max-video-preview:-1"},"canonical":"https:\/\/legrandcontinent.eu\/fr\/p\/stephen-hanson\/","og_locale":"fr_FR","og_type":"article","og_title":"Stephen E. Hanson | Le Grand Continent","og_description":"Stephen E. Hanson est titulaire de la chaire Lettie Pate Evans au d\u00e9partement de sciences politiques de l’universit\u00e9 William & Mary, en Virginie, aux \u00c9tats-Unis. Il y a occup\u00e9 le poste de vice-recteur charg\u00e9 des affaires acad\u00e9miques et internationales de 2011 \u00e0 2022.","og_url":"https:\/\/legrandcontinent.eu\/fr\/p\/stephen-hanson\/","og_site_name":"Le Grand Continent","twitter_card":"summary_large_image","schema":{"@context":"https:\/\/schema.org","@graph":[{"@type":"CollectionPage","@id":"https:\/\/legrandcontinent.eu\/fr\/p\/stephen-hanson\/","url":"https:\/\/legrandcontinent.eu\/fr\/p\/stephen-hanson\/","name":"Stephen E. Hanson | Le Grand Continent","isPartOf":{"@id":"https:\/\/legrandcontinent.eu\/fr\/#website"},"breadcrumb":{"@id":"https:\/\/legrandcontinent.eu\/fr\/p\/stephen-hanson\/#breadcrumb"},"inLanguage":"fr-FR"},{"@type":"BreadcrumbList","@id":"https:\/\/legrandcontinent.eu\/fr\/p\/stephen-hanson\/#breadcrumb","itemListElement":[{"@type":"ListItem","position":1,"name":"Accueil","item":"https:\/\/legrandcontinent.eu\/fr\/"},{"@type":"ListItem","position":2,"name":"Stephen E. Hanson"}]},{"@type":"WebSite","@id":"https:\/\/legrandcontinent.eu\/fr\/#website","url":"https:\/\/legrandcontinent.eu\/fr\/","name":"Le Grand Continent","description":"L'\u00e9chelle pertinente","potentialAction":[{"@type":"SearchAction","target":{"@type":"EntryPoint","urlTemplate":"https:\/\/legrandcontinent.eu\/fr\/?s={search_term_string}"},"query-input":{"@type":"PropertyValueSpecification","valueRequired":true,"valueName":"search_term_string"}}],"inLanguage":"fr-FR"}]}},"_links":{"self":[{"href":"https:\/\/legrandcontinent.eu\/fr\/wp-json\/wp\/v2\/staff\/4904","targetHints":{"allow":["GET"]}}],"collection":[{"href":"https:\/\/legrandcontinent.eu\/fr\/wp-json\/wp\/v2\/staff"}],"about":[{"href":"https:\/\/legrandcontinent.eu\/fr\/wp-json\/wp\/v2\/taxonomies\/staff"}],"acf:post":[{"embeddable":true,"href":"https:\/\/legrandcontinent.eu\/fr\/wp-json\/wp\/v2\/posts\/330284"}],"wp:post_type":[{"href":"https:\/\/legrandcontinent.eu\/fr\/wp-json\/wp\/v2\/posts?staff=4904"},{"href":"https:\/\/legrandcontinent.eu\/fr\/wp-json\/wp\/v2\/sunday?staff=4904"}],"curies":[{"name":"wp","href":"https:\/\/api.w.org\/{rel}","templated":true}]}}