{"id":4739,"count":0,"description":"<span style=\"font-weight: 400\">Hanno Pevkur est ministre de la D\u00e9fense estonien depuis juillet 2022, adh\u00e9rent au Parti de la r\u00e9forme depuis 2000. Il est nomm\u00e9 ministre des Affaires sociales en 2009, puis ministre de la Justice en 2012, et ministre de l'Int\u00e9rieur et des Affaires r\u00e9gionales lors des \u00e9lections de 2014. Il dirige le Parti de la r\u00e9forme depuis 2017.<\/span>","link":"https:\/\/legrandcontinent.eu\/fr\/p\/hanno-pevkur\/","name":"Hanno Pevkur","slug":"hanno-pevkur","taxonomy":"staff","meta":[],"acf":{"name_title":"","first_name":"","last_name":"","key_figure_template":"standard","cardinal_type":[],"picture":307084,"job_role":"Ministre de la D\u00e9fense estonien","lgc_editorial_staff":false,"full_description":"","side_image":"","side_text_1":"","side_text_2":"","page_content":"","linkedin_url":"https:\/\/www.linkedin.com\/in\/hanno-pevkur-698b50147\/","twitter_url":"https:\/\/x.com\/HPevkur","articles_authored":"","articles_interviewed":"","articles_speech_author":"","books_authored":"","events_authored":"","videos_authored":"","posts_related":"","events_related":"","elections_related":""},"yoast_head":"<!-- This site is optimized with the Yoast SEO plugin v26.1.1 - https:\/\/yoast.com\/wordpress\/plugins\/seo\/ -->\n<title>Hanno Pevkur | Le Grand Continent<\/title>\n<meta name=\"robots\" content=\"index, follow, max-snippet:-1, max-image-preview:large, max-video-preview:-1\" \/>\n<link rel=\"canonical\" href=\"https:\/\/legrandcontinent.eu\/fr\/p\/hanno-pevkur\/\" \/>\n<meta property=\"og:locale\" content=\"fr_FR\" \/>\n<meta property=\"og:type\" content=\"article\" \/>\n<meta property=\"og:title\" content=\"Hanno Pevkur | Le Grand Continent\" \/>\n<meta property=\"og:description\" content=\"Hanno Pevkur est ministre de la D\u00e9fense estonien depuis juillet 2022, adh\u00e9rent au Parti de la r\u00e9forme depuis 2000. Il est nomm\u00e9 ministre des Affaires sociales en 2009, puis ministre de la Justice en 2012, et ministre de l&rsquo;Int\u00e9rieur et des Affaires r\u00e9gionales lors des \u00e9lections de 2014. Il dirige le Parti de la r\u00e9forme depuis 2017.\" \/>\n<meta property=\"og:url\" content=\"https:\/\/legrandcontinent.eu\/fr\/p\/hanno-pevkur\/\" \/>\n<meta property=\"og:site_name\" content=\"Le Grand Continent\" \/>\n<meta name=\"twitter:card\" content=\"summary_large_image\" \/>\n<script type=\"application\/ld+json\" class=\"yoast-schema-graph\">{\"@context\":\"https:\/\/schema.org\",\"@graph\":[{\"@type\":\"CollectionPage\",\"@id\":\"https:\/\/legrandcontinent.eu\/fr\/p\/hanno-pevkur\/\",\"url\":\"https:\/\/legrandcontinent.eu\/fr\/p\/hanno-pevkur\/\",\"name\":\"Hanno Pevkur | Le Grand Continent\",\"isPartOf\":{\"@id\":\"https:\/\/legrandcontinent.eu\/fr\/#website\"},\"breadcrumb\":{\"@id\":\"https:\/\/legrandcontinent.eu\/fr\/p\/hanno-pevkur\/#breadcrumb\"},\"inLanguage\":\"fr-FR\"},{\"@type\":\"BreadcrumbList\",\"@id\":\"https:\/\/legrandcontinent.eu\/fr\/p\/hanno-pevkur\/#breadcrumb\",\"itemListElement\":[{\"@type\":\"ListItem\",\"position\":1,\"name\":\"Accueil\",\"item\":\"https:\/\/legrandcontinent.eu\/fr\/\"},{\"@type\":\"ListItem\",\"position\":2,\"name\":\"Hanno Pevkur\"}]},{\"@type\":\"WebSite\",\"@id\":\"https:\/\/legrandcontinent.eu\/fr\/#website\",\"url\":\"https:\/\/legrandcontinent.eu\/fr\/\",\"name\":\"Le Grand Continent\",\"description\":\"L&#039;\u00e9chelle pertinente\",\"potentialAction\":[{\"@type\":\"SearchAction\",\"target\":{\"@type\":\"EntryPoint\",\"urlTemplate\":\"https:\/\/legrandcontinent.eu\/fr\/?s={search_term_string}\"},\"query-input\":{\"@type\":\"PropertyValueSpecification\",\"valueRequired\":true,\"valueName\":\"search_term_string\"}}],\"inLanguage\":\"fr-FR\"}]}<\/script>\n<!-- \/ Yoast SEO plugin. -->","yoast_head_json":{"title":"Hanno Pevkur | Le Grand Continent","robots":{"index":"index","follow":"follow","max-snippet":"max-snippet:-1","max-image-preview":"max-image-preview:large","max-video-preview":"max-video-preview:-1"},"canonical":"https:\/\/legrandcontinent.eu\/fr\/p\/hanno-pevkur\/","og_locale":"fr_FR","og_type":"article","og_title":"Hanno Pevkur | Le Grand Continent","og_description":"Hanno Pevkur est ministre de la D\u00e9fense estonien depuis juillet 2022, adh\u00e9rent au Parti de la r\u00e9forme depuis 2000. Il est nomm\u00e9 ministre des Affaires sociales en 2009, puis ministre de la Justice en 2012, et ministre de l&rsquo;Int\u00e9rieur et des Affaires r\u00e9gionales lors des \u00e9lections de 2014. Il dirige le Parti de la r\u00e9forme depuis 2017.","og_url":"https:\/\/legrandcontinent.eu\/fr\/p\/hanno-pevkur\/","og_site_name":"Le Grand Continent","twitter_card":"summary_large_image","schema":{"@context":"https:\/\/schema.org","@graph":[{"@type":"CollectionPage","@id":"https:\/\/legrandcontinent.eu\/fr\/p\/hanno-pevkur\/","url":"https:\/\/legrandcontinent.eu\/fr\/p\/hanno-pevkur\/","name":"Hanno Pevkur | Le Grand Continent","isPartOf":{"@id":"https:\/\/legrandcontinent.eu\/fr\/#website"},"breadcrumb":{"@id":"https:\/\/legrandcontinent.eu\/fr\/p\/hanno-pevkur\/#breadcrumb"},"inLanguage":"fr-FR"},{"@type":"BreadcrumbList","@id":"https:\/\/legrandcontinent.eu\/fr\/p\/hanno-pevkur\/#breadcrumb","itemListElement":[{"@type":"ListItem","position":1,"name":"Accueil","item":"https:\/\/legrandcontinent.eu\/fr\/"},{"@type":"ListItem","position":2,"name":"Hanno Pevkur"}]},{"@type":"WebSite","@id":"https:\/\/legrandcontinent.eu\/fr\/#website","url":"https:\/\/legrandcontinent.eu\/fr\/","name":"Le Grand Continent","description":"L&#039;\u00e9chelle pertinente","potentialAction":[{"@type":"SearchAction","target":{"@type":"EntryPoint","urlTemplate":"https:\/\/legrandcontinent.eu\/fr\/?s={search_term_string}"},"query-input":{"@type":"PropertyValueSpecification","valueRequired":true,"valueName":"search_term_string"}}],"inLanguage":"fr-FR"}]}},"first_name":null,"last_name":null,"picture":{"url":"https:\/\/legrandcontinent.eu\/fr\/wp-content\/uploads\/sites\/2\/2025\/12\/Hanno-Pevkur.png","width":881,"height":917,"alt":""},"_links":{"self":[{"href":"https:\/\/legrandcontinent.eu\/fr\/wp-json\/wp\/v2\/staff\/4739","targetHints":{"allow":["GET"]}}],"collection":[{"href":"https:\/\/legrandcontinent.eu\/fr\/wp-json\/wp\/v2\/staff"}],"about":[{"href":"https:\/\/legrandcontinent.eu\/fr\/wp-json\/wp\/v2\/taxonomies\/staff"}],"wp:post_type":[{"href":"https:\/\/legrandcontinent.eu\/fr\/wp-json\/wp\/v2\/posts?staff=4739"},{"href":"https:\/\/legrandcontinent.eu\/fr\/wp-json\/wp\/v2\/sunday?staff=4739"}],"curies":[{"name":"wp","href":"https:\/\/api.w.org\/{rel}","templated":true}]}}