{"id":4726,"count":0,"description":"Odile Renaud-Basso est une haute fonctionnaire fran\u00e7aise qui occupe le poste de pr\u00e9sidente de la Banque europ\u00e9enne pour la reconstruction et le d\u00e9veloppement. Apr\u00e8s avoir \u00e9t\u00e9 auditrice \u00e0 la Cour des comptes entre 1990 et 1994, elle a rejoint la direction g\u00e9n\u00e9rale du Tr\u00e9sor entre 1994 et 2005. Elle a ensuite occup\u00e9 le poste de directrice des affaires \u00e9conomiques et financi\u00e8res \u00e0 la Commission europ\u00e9enne jusqu\u2019en 2010, puis celui de chef de cabinet adjoint du pr\u00e9sident du Conseil europ\u00e9en, Herman Van Rompuy, jusqu\u2019en 2012.","link":"https:\/\/legrandcontinent.eu\/fr\/p\/odile-renaud-basso\/","name":"Odile Renaud-Basso","slug":"odile-renaud-basso","taxonomy":"staff","meta":[],"acf":{"name_title":"","first_name":"","last_name":"","key_figure_template":"standard","cardinal_type":[],"picture":307065,"job_role":"Pr\u00e9sidente de la Banque europ\u00e9enne pour la reconstruction et le d\u00e9veloppement","lgc_editorial_staff":false,"full_description":"En juin 2016, elle est devenue la premi\u00e8re femme \u00e0 occuper le poste de directrice g\u00e9n\u00e9rale du Tr\u00e9sor, puis, en 2020, celui de pr\u00e9sidente de la Banque europ\u00e9enne pour la reconstruction et le d\u00e9veloppement.","side_image":"","side_text_1":"","side_text_2":"","page_content":"","linkedin_url":"https:\/\/www.linkedin.com\/in\/odile-renaud-basso-6871b69a\/","twitter_url":"https:\/\/x.com\/Grand_Continent","articles_authored":"","articles_interviewed":"","articles_speech_author":"","books_authored":"","events_authored":"","videos_authored":"","posts_related":"","events_related":"","elections_related":""},"yoast_head":"<!-- This site is optimized with the Yoast SEO plugin v26.1.1 - https:\/\/yoast.com\/wordpress\/plugins\/seo\/ -->\n<title>Odile Renaud-Basso | Le Grand Continent<\/title>\n<meta name=\"robots\" content=\"index, follow, max-snippet:-1, max-image-preview:large, max-video-preview:-1\" \/>\n<link rel=\"canonical\" href=\"https:\/\/legrandcontinent.eu\/fr\/p\/odile-renaud-basso\/\" \/>\n<meta property=\"og:locale\" content=\"fr_FR\" \/>\n<meta property=\"og:type\" content=\"article\" \/>\n<meta property=\"og:title\" content=\"Odile Renaud-Basso | Le Grand Continent\" \/>\n<meta property=\"og:description\" content=\"Odile Renaud-Basso est une haute fonctionnaire fran\u00e7aise qui occupe le poste de pr\u00e9sidente de la Banque europ\u00e9enne pour la reconstruction et le d\u00e9veloppement. Apr\u00e8s avoir \u00e9t\u00e9 auditrice \u00e0 la Cour des comptes entre 1990 et 1994, elle a rejoint la direction g\u00e9n\u00e9rale du Tr\u00e9sor entre 1994 et 2005. Elle a ensuite occup\u00e9 le poste de directrice des affaires \u00e9conomiques et financi\u00e8res \u00e0 la Commission europ\u00e9enne jusqu\u2019en 2010, puis celui de chef de cabinet adjoint du pr\u00e9sident du Conseil europ\u00e9en, Herman Van Rompuy, jusqu\u2019en 2012.\" \/>\n<meta property=\"og:url\" content=\"https:\/\/legrandcontinent.eu\/fr\/p\/odile-renaud-basso\/\" \/>\n<meta property=\"og:site_name\" content=\"Le Grand Continent\" \/>\n<meta name=\"twitter:card\" content=\"summary_large_image\" \/>\n<script type=\"application\/ld+json\" class=\"yoast-schema-graph\">{\"@context\":\"https:\/\/schema.org\",\"@graph\":[{\"@type\":\"CollectionPage\",\"@id\":\"https:\/\/legrandcontinent.eu\/fr\/p\/odile-renaud-basso\/\",\"url\":\"https:\/\/legrandcontinent.eu\/fr\/p\/odile-renaud-basso\/\",\"name\":\"Odile Renaud-Basso | Le Grand Continent\",\"isPartOf\":{\"@id\":\"https:\/\/legrandcontinent.eu\/fr\/#website\"},\"breadcrumb\":{\"@id\":\"https:\/\/legrandcontinent.eu\/fr\/p\/odile-renaud-basso\/#breadcrumb\"},\"inLanguage\":\"fr-FR\"},{\"@type\":\"BreadcrumbList\",\"@id\":\"https:\/\/legrandcontinent.eu\/fr\/p\/odile-renaud-basso\/#breadcrumb\",\"itemListElement\":[{\"@type\":\"ListItem\",\"position\":1,\"name\":\"Accueil\",\"item\":\"https:\/\/legrandcontinent.eu\/fr\/\"},{\"@type\":\"ListItem\",\"position\":2,\"name\":\"Odile Renaud-Basso\"}]},{\"@type\":\"WebSite\",\"@id\":\"https:\/\/legrandcontinent.eu\/fr\/#website\",\"url\":\"https:\/\/legrandcontinent.eu\/fr\/\",\"name\":\"Le Grand Continent\",\"description\":\"L&#039;\u00e9chelle pertinente\",\"potentialAction\":[{\"@type\":\"SearchAction\",\"target\":{\"@type\":\"EntryPoint\",\"urlTemplate\":\"https:\/\/legrandcontinent.eu\/fr\/?s={search_term_string}\"},\"query-input\":{\"@type\":\"PropertyValueSpecification\",\"valueRequired\":true,\"valueName\":\"search_term_string\"}}],\"inLanguage\":\"fr-FR\"}]}<\/script>\n<!-- \/ Yoast SEO plugin. -->","yoast_head_json":{"title":"Odile Renaud-Basso | Le Grand Continent","robots":{"index":"index","follow":"follow","max-snippet":"max-snippet:-1","max-image-preview":"max-image-preview:large","max-video-preview":"max-video-preview:-1"},"canonical":"https:\/\/legrandcontinent.eu\/fr\/p\/odile-renaud-basso\/","og_locale":"fr_FR","og_type":"article","og_title":"Odile Renaud-Basso | Le Grand Continent","og_description":"Odile Renaud-Basso est une haute fonctionnaire fran\u00e7aise qui occupe le poste de pr\u00e9sidente de la Banque europ\u00e9enne pour la reconstruction et le d\u00e9veloppement. Apr\u00e8s avoir \u00e9t\u00e9 auditrice \u00e0 la Cour des comptes entre 1990 et 1994, elle a rejoint la direction g\u00e9n\u00e9rale du Tr\u00e9sor entre 1994 et 2005. Elle a ensuite occup\u00e9 le poste de directrice des affaires \u00e9conomiques et financi\u00e8res \u00e0 la Commission europ\u00e9enne jusqu\u2019en 2010, puis celui de chef de cabinet adjoint du pr\u00e9sident du Conseil europ\u00e9en, Herman Van Rompuy, jusqu\u2019en 2012.","og_url":"https:\/\/legrandcontinent.eu\/fr\/p\/odile-renaud-basso\/","og_site_name":"Le Grand Continent","twitter_card":"summary_large_image","schema":{"@context":"https:\/\/schema.org","@graph":[{"@type":"CollectionPage","@id":"https:\/\/legrandcontinent.eu\/fr\/p\/odile-renaud-basso\/","url":"https:\/\/legrandcontinent.eu\/fr\/p\/odile-renaud-basso\/","name":"Odile Renaud-Basso | Le Grand Continent","isPartOf":{"@id":"https:\/\/legrandcontinent.eu\/fr\/#website"},"breadcrumb":{"@id":"https:\/\/legrandcontinent.eu\/fr\/p\/odile-renaud-basso\/#breadcrumb"},"inLanguage":"fr-FR"},{"@type":"BreadcrumbList","@id":"https:\/\/legrandcontinent.eu\/fr\/p\/odile-renaud-basso\/#breadcrumb","itemListElement":[{"@type":"ListItem","position":1,"name":"Accueil","item":"https:\/\/legrandcontinent.eu\/fr\/"},{"@type":"ListItem","position":2,"name":"Odile Renaud-Basso"}]},{"@type":"WebSite","@id":"https:\/\/legrandcontinent.eu\/fr\/#website","url":"https:\/\/legrandcontinent.eu\/fr\/","name":"Le Grand Continent","description":"L&#039;\u00e9chelle pertinente","potentialAction":[{"@type":"SearchAction","target":{"@type":"EntryPoint","urlTemplate":"https:\/\/legrandcontinent.eu\/fr\/?s={search_term_string}"},"query-input":{"@type":"PropertyValueSpecification","valueRequired":true,"valueName":"search_term_string"}}],"inLanguage":"fr-FR"}]}},"first_name":null,"last_name":null,"picture":{"url":"https:\/\/legrandcontinent.eu\/fr\/wp-content\/uploads\/sites\/2\/2025\/12\/Odile-Renaud-Basso-1.png","width":3445,"height":3454,"alt":""},"_links":{"self":[{"href":"https:\/\/legrandcontinent.eu\/fr\/wp-json\/wp\/v2\/staff\/4726","targetHints":{"allow":["GET"]}}],"collection":[{"href":"https:\/\/legrandcontinent.eu\/fr\/wp-json\/wp\/v2\/staff"}],"about":[{"href":"https:\/\/legrandcontinent.eu\/fr\/wp-json\/wp\/v2\/taxonomies\/staff"}],"wp:post_type":[{"href":"https:\/\/legrandcontinent.eu\/fr\/wp-json\/wp\/v2\/posts?staff=4726"},{"href":"https:\/\/legrandcontinent.eu\/fr\/wp-json\/wp\/v2\/sunday?staff=4726"}],"curies":[{"name":"wp","href":"https:\/\/api.w.org\/{rel}","templated":true}]}}