{"id":4725,"count":0,"description":"Mo Ibrahim est un entrepreneur anglo-soudanais, qui a cr\u00e9e Celtel, l\u2019un des principaux op\u00e9rateurs mobiles d\u2019Afrique, en 1998. Il fonde la Fondation Mo Ibrahim en 2006, dont le but est d\u2019aider les pays africains \u00e0 assurer une gouvernance stable.","link":"https:\/\/legrandcontinent.eu\/fr\/p\/mo-ibrahim\/","name":"Mo Ibrahim","slug":"mo-ibrahim","taxonomy":"staff","meta":[],"acf":{"name_title":"","first_name":"","last_name":"","key_figure_template":"standard","cardinal_type":[],"picture":306994,"job_role":"Dirigeant de la Fondation Mo Ibrahim ; dirigeant et co-fondateur de la Fondation Afrique-Europe","lgc_editorial_staff":false,"full_description":"En 2007, la Fondation inaugure le Prix Ibrahim pour un leadership d\u2019excellence en Afrique. L\u2019Indice Ibrahim publi\u00e9 par la Fondation sert \u00e0 classer les performances des diff\u00e9rents r\u00e9gimes africains. Il co-fonde en 2020 la Fondation Africa-Europe, afin de renforcer les liens entre pays europ\u00e9ens et africains. ","side_image":"","side_text_1":"","side_text_2":"","page_content":"<p><br><\/p>","linkedin_url":"","twitter_url":"","articles_authored":"","articles_interviewed":"","articles_speech_author":"","books_authored":"","events_authored":"","videos_authored":"","posts_related":"","events_related":"","elections_related":""},"yoast_head":"<!-- This site is optimized with the Yoast SEO plugin v26.1.1 - https:\/\/yoast.com\/wordpress\/plugins\/seo\/ -->\n<title>Mo Ibrahim | Le Grand Continent<\/title>\n<meta name=\"robots\" content=\"index, follow, max-snippet:-1, max-image-preview:large, max-video-preview:-1\" \/>\n<link rel=\"canonical\" href=\"https:\/\/legrandcontinent.eu\/fr\/p\/mo-ibrahim\/\" \/>\n<meta property=\"og:locale\" content=\"fr_FR\" \/>\n<meta property=\"og:type\" content=\"article\" \/>\n<meta property=\"og:title\" content=\"Mo Ibrahim | Le Grand Continent\" \/>\n<meta property=\"og:description\" content=\"Mo Ibrahim est un entrepreneur anglo-soudanais, qui a cr\u00e9e Celtel, l\u2019un des principaux op\u00e9rateurs mobiles d\u2019Afrique, en 1998. Il fonde la Fondation Mo Ibrahim en 2006, dont le but est d\u2019aider les pays africains \u00e0 assurer une gouvernance stable.\" \/>\n<meta property=\"og:url\" content=\"https:\/\/legrandcontinent.eu\/fr\/p\/mo-ibrahim\/\" \/>\n<meta property=\"og:site_name\" content=\"Le Grand Continent\" \/>\n<meta name=\"twitter:card\" content=\"summary_large_image\" \/>\n<script type=\"application\/ld+json\" class=\"yoast-schema-graph\">{\"@context\":\"https:\/\/schema.org\",\"@graph\":[{\"@type\":\"CollectionPage\",\"@id\":\"https:\/\/legrandcontinent.eu\/fr\/p\/mo-ibrahim\/\",\"url\":\"https:\/\/legrandcontinent.eu\/fr\/p\/mo-ibrahim\/\",\"name\":\"Mo Ibrahim | Le Grand Continent\",\"isPartOf\":{\"@id\":\"https:\/\/legrandcontinent.eu\/fr\/#website\"},\"breadcrumb\":{\"@id\":\"https:\/\/legrandcontinent.eu\/fr\/p\/mo-ibrahim\/#breadcrumb\"},\"inLanguage\":\"fr-FR\"},{\"@type\":\"BreadcrumbList\",\"@id\":\"https:\/\/legrandcontinent.eu\/fr\/p\/mo-ibrahim\/#breadcrumb\",\"itemListElement\":[{\"@type\":\"ListItem\",\"position\":1,\"name\":\"Accueil\",\"item\":\"https:\/\/legrandcontinent.eu\/fr\/\"},{\"@type\":\"ListItem\",\"position\":2,\"name\":\"Mo Ibrahim\"}]},{\"@type\":\"WebSite\",\"@id\":\"https:\/\/legrandcontinent.eu\/fr\/#website\",\"url\":\"https:\/\/legrandcontinent.eu\/fr\/\",\"name\":\"Le Grand Continent\",\"description\":\"L&#039;\u00e9chelle pertinente\",\"potentialAction\":[{\"@type\":\"SearchAction\",\"target\":{\"@type\":\"EntryPoint\",\"urlTemplate\":\"https:\/\/legrandcontinent.eu\/fr\/?s={search_term_string}\"},\"query-input\":{\"@type\":\"PropertyValueSpecification\",\"valueRequired\":true,\"valueName\":\"search_term_string\"}}],\"inLanguage\":\"fr-FR\"}]}<\/script>\n<!-- \/ Yoast SEO plugin. -->","yoast_head_json":{"title":"Mo Ibrahim | Le Grand Continent","robots":{"index":"index","follow":"follow","max-snippet":"max-snippet:-1","max-image-preview":"max-image-preview:large","max-video-preview":"max-video-preview:-1"},"canonical":"https:\/\/legrandcontinent.eu\/fr\/p\/mo-ibrahim\/","og_locale":"fr_FR","og_type":"article","og_title":"Mo Ibrahim | Le Grand Continent","og_description":"Mo Ibrahim est un entrepreneur anglo-soudanais, qui a cr\u00e9e Celtel, l\u2019un des principaux op\u00e9rateurs mobiles d\u2019Afrique, en 1998. Il fonde la Fondation Mo Ibrahim en 2006, dont le but est d\u2019aider les pays africains \u00e0 assurer une gouvernance stable.","og_url":"https:\/\/legrandcontinent.eu\/fr\/p\/mo-ibrahim\/","og_site_name":"Le Grand Continent","twitter_card":"summary_large_image","schema":{"@context":"https:\/\/schema.org","@graph":[{"@type":"CollectionPage","@id":"https:\/\/legrandcontinent.eu\/fr\/p\/mo-ibrahim\/","url":"https:\/\/legrandcontinent.eu\/fr\/p\/mo-ibrahim\/","name":"Mo Ibrahim | Le Grand Continent","isPartOf":{"@id":"https:\/\/legrandcontinent.eu\/fr\/#website"},"breadcrumb":{"@id":"https:\/\/legrandcontinent.eu\/fr\/p\/mo-ibrahim\/#breadcrumb"},"inLanguage":"fr-FR"},{"@type":"BreadcrumbList","@id":"https:\/\/legrandcontinent.eu\/fr\/p\/mo-ibrahim\/#breadcrumb","itemListElement":[{"@type":"ListItem","position":1,"name":"Accueil","item":"https:\/\/legrandcontinent.eu\/fr\/"},{"@type":"ListItem","position":2,"name":"Mo Ibrahim"}]},{"@type":"WebSite","@id":"https:\/\/legrandcontinent.eu\/fr\/#website","url":"https:\/\/legrandcontinent.eu\/fr\/","name":"Le Grand Continent","description":"L&#039;\u00e9chelle pertinente","potentialAction":[{"@type":"SearchAction","target":{"@type":"EntryPoint","urlTemplate":"https:\/\/legrandcontinent.eu\/fr\/?s={search_term_string}"},"query-input":{"@type":"PropertyValueSpecification","valueRequired":true,"valueName":"search_term_string"}}],"inLanguage":"fr-FR"}]}},"_links":{"self":[{"href":"https:\/\/legrandcontinent.eu\/fr\/wp-json\/wp\/v2\/staff\/4725","targetHints":{"allow":["GET"]}}],"collection":[{"href":"https:\/\/legrandcontinent.eu\/fr\/wp-json\/wp\/v2\/staff"}],"about":[{"href":"https:\/\/legrandcontinent.eu\/fr\/wp-json\/wp\/v2\/taxonomies\/staff"}],"wp:post_type":[{"href":"https:\/\/legrandcontinent.eu\/fr\/wp-json\/wp\/v2\/posts?staff=4725"},{"href":"https:\/\/legrandcontinent.eu\/fr\/wp-json\/wp\/v2\/sunday?staff=4725"}],"curies":[{"name":"wp","href":"https:\/\/api.w.org\/{rel}","templated":true}]}}