{"id":4718,"count":0,"description":"<span style=\"font-weight: 400\">Diego Mart\u00ednez Bel\u00edo est secr\u00e9taire d'\u00c9tat aux Affaires \u00e9trang\u00e8res et globales du minist\u00e8re espagnol des Affaires \u00e9trang\u00e8res, de l'Union europ\u00e9enne et de la Coop\u00e9ration.<\/span>\r\n\r\n&nbsp;","link":"https:\/\/legrandcontinent.eu\/fr\/p\/diego-martinez-belio\/","name":"Diego Mart\u00ednez Bel\u00edo","slug":"diego-martinez-belio","taxonomy":"staff","meta":[],"acf":{"name_title":"","first_name":"","last_name":"","key_figure_template":"standard","cardinal_type":[],"picture":306970,"job_role":"Secr\u00e9tariat d'\u00c9tat aux Affaires \u00e9trang\u00e8res et mondiales d'Espagne","lgc_editorial_staff":false,"full_description":"Dipl\u00f4m\u00e9 en Droit de l\u2019universit\u00e9 de Complutense \u00e0 Madrid et de l\u2019universit\u00e9 de la Sorbonne, il obtient une ma\u00eetrise de Droit \u00c9conomique International. Il rejoint les services diplomatiques en 2007, et acc\u00e8de au rang de Secr\u00e9taire d\u2019Etat en d\u00e9cembre 2023.\u00a0","side_image":"","side_text_1":"","side_text_2":"","page_content":"","linkedin_url":"https:\/\/www.linkedin.com\/in\/diego-mart%C3%ADnez-bel%C3%ADo-b95b7a61\/","twitter_url":"","articles_authored":"","articles_interviewed":"","articles_speech_author":"","books_authored":"","events_authored":"","videos_authored":"","posts_related":"","events_related":"","elections_related":""},"yoast_head":"<!-- This site is optimized with the Yoast SEO plugin v26.1.1 - https:\/\/yoast.com\/wordpress\/plugins\/seo\/ -->\n<title>Diego Mart\u00ednez Bel\u00edo | Le Grand Continent<\/title>\n<meta name=\"robots\" content=\"index, follow, max-snippet:-1, max-image-preview:large, max-video-preview:-1\" \/>\n<link rel=\"canonical\" href=\"https:\/\/legrandcontinent.eu\/fr\/p\/diego-martinez-belio\/\" \/>\n<meta property=\"og:locale\" content=\"fr_FR\" \/>\n<meta property=\"og:type\" content=\"article\" \/>\n<meta property=\"og:title\" content=\"Diego Mart\u00ednez Bel\u00edo | Le Grand Continent\" \/>\n<meta property=\"og:description\" content=\"Diego Mart\u00ednez Bel\u00edo est secr\u00e9taire d&rsquo;\u00c9tat aux Affaires \u00e9trang\u00e8res et globales du minist\u00e8re espagnol des Affaires \u00e9trang\u00e8res, de l&rsquo;Union europ\u00e9enne et de la Coop\u00e9ration. &nbsp;\" \/>\n<meta property=\"og:url\" content=\"https:\/\/legrandcontinent.eu\/fr\/p\/diego-martinez-belio\/\" \/>\n<meta property=\"og:site_name\" content=\"Le Grand Continent\" \/>\n<meta name=\"twitter:card\" content=\"summary_large_image\" \/>\n<script type=\"application\/ld+json\" class=\"yoast-schema-graph\">{\"@context\":\"https:\/\/schema.org\",\"@graph\":[{\"@type\":\"CollectionPage\",\"@id\":\"https:\/\/legrandcontinent.eu\/fr\/p\/diego-martinez-belio\/\",\"url\":\"https:\/\/legrandcontinent.eu\/fr\/p\/diego-martinez-belio\/\",\"name\":\"Diego Mart\u00ednez Bel\u00edo | Le Grand Continent\",\"isPartOf\":{\"@id\":\"https:\/\/legrandcontinent.eu\/fr\/#website\"},\"breadcrumb\":{\"@id\":\"https:\/\/legrandcontinent.eu\/fr\/p\/diego-martinez-belio\/#breadcrumb\"},\"inLanguage\":\"fr-FR\"},{\"@type\":\"BreadcrumbList\",\"@id\":\"https:\/\/legrandcontinent.eu\/fr\/p\/diego-martinez-belio\/#breadcrumb\",\"itemListElement\":[{\"@type\":\"ListItem\",\"position\":1,\"name\":\"Accueil\",\"item\":\"https:\/\/legrandcontinent.eu\/fr\/\"},{\"@type\":\"ListItem\",\"position\":2,\"name\":\"Diego Mart\u00ednez Bel\u00edo\"}]},{\"@type\":\"WebSite\",\"@id\":\"https:\/\/legrandcontinent.eu\/fr\/#website\",\"url\":\"https:\/\/legrandcontinent.eu\/fr\/\",\"name\":\"Le Grand Continent\",\"description\":\"L&#039;\u00e9chelle pertinente\",\"potentialAction\":[{\"@type\":\"SearchAction\",\"target\":{\"@type\":\"EntryPoint\",\"urlTemplate\":\"https:\/\/legrandcontinent.eu\/fr\/?s={search_term_string}\"},\"query-input\":{\"@type\":\"PropertyValueSpecification\",\"valueRequired\":true,\"valueName\":\"search_term_string\"}}],\"inLanguage\":\"fr-FR\"}]}<\/script>\n<!-- \/ Yoast SEO plugin. -->","yoast_head_json":{"title":"Diego Mart\u00ednez Bel\u00edo | Le Grand Continent","robots":{"index":"index","follow":"follow","max-snippet":"max-snippet:-1","max-image-preview":"max-image-preview:large","max-video-preview":"max-video-preview:-1"},"canonical":"https:\/\/legrandcontinent.eu\/fr\/p\/diego-martinez-belio\/","og_locale":"fr_FR","og_type":"article","og_title":"Diego Mart\u00ednez Bel\u00edo | Le Grand Continent","og_description":"Diego Mart\u00ednez Bel\u00edo est secr\u00e9taire d&rsquo;\u00c9tat aux Affaires \u00e9trang\u00e8res et globales du minist\u00e8re espagnol des Affaires \u00e9trang\u00e8res, de l&rsquo;Union europ\u00e9enne et de la Coop\u00e9ration. &nbsp;","og_url":"https:\/\/legrandcontinent.eu\/fr\/p\/diego-martinez-belio\/","og_site_name":"Le Grand Continent","twitter_card":"summary_large_image","schema":{"@context":"https:\/\/schema.org","@graph":[{"@type":"CollectionPage","@id":"https:\/\/legrandcontinent.eu\/fr\/p\/diego-martinez-belio\/","url":"https:\/\/legrandcontinent.eu\/fr\/p\/diego-martinez-belio\/","name":"Diego Mart\u00ednez Bel\u00edo | Le Grand Continent","isPartOf":{"@id":"https:\/\/legrandcontinent.eu\/fr\/#website"},"breadcrumb":{"@id":"https:\/\/legrandcontinent.eu\/fr\/p\/diego-martinez-belio\/#breadcrumb"},"inLanguage":"fr-FR"},{"@type":"BreadcrumbList","@id":"https:\/\/legrandcontinent.eu\/fr\/p\/diego-martinez-belio\/#breadcrumb","itemListElement":[{"@type":"ListItem","position":1,"name":"Accueil","item":"https:\/\/legrandcontinent.eu\/fr\/"},{"@type":"ListItem","position":2,"name":"Diego Mart\u00ednez Bel\u00edo"}]},{"@type":"WebSite","@id":"https:\/\/legrandcontinent.eu\/fr\/#website","url":"https:\/\/legrandcontinent.eu\/fr\/","name":"Le Grand Continent","description":"L&#039;\u00e9chelle pertinente","potentialAction":[{"@type":"SearchAction","target":{"@type":"EntryPoint","urlTemplate":"https:\/\/legrandcontinent.eu\/fr\/?s={search_term_string}"},"query-input":{"@type":"PropertyValueSpecification","valueRequired":true,"valueName":"search_term_string"}}],"inLanguage":"fr-FR"}]}},"first_name":null,"last_name":null,"picture":{"url":"https:\/\/legrandcontinent.eu\/fr\/wp-content\/uploads\/sites\/2\/2025\/12\/Diego-Martinez-Belio.png","width":461,"height":466,"alt":""},"_links":{"self":[{"href":"https:\/\/legrandcontinent.eu\/fr\/wp-json\/wp\/v2\/staff\/4718","targetHints":{"allow":["GET"]}}],"collection":[{"href":"https:\/\/legrandcontinent.eu\/fr\/wp-json\/wp\/v2\/staff"}],"about":[{"href":"https:\/\/legrandcontinent.eu\/fr\/wp-json\/wp\/v2\/taxonomies\/staff"}],"wp:post_type":[{"href":"https:\/\/legrandcontinent.eu\/fr\/wp-json\/wp\/v2\/posts?staff=4718"},{"href":"https:\/\/legrandcontinent.eu\/fr\/wp-json\/wp\/v2\/sunday?staff=4718"}],"curies":[{"name":"wp","href":"https:\/\/api.w.org\/{rel}","templated":true}]}}