{"id":4708,"count":0,"description":"Jean-Fran\u00e7ois Kerv\u00e9gan est un philosophe fran\u00e7ais du droit, professeur \u00e9m\u00e9rite \u00e0 l\u2019Universit\u00e9 Panth\u00e9on-Sorbonne, o\u00f9 il a fond\u00e9 le groupe de recherche NoSoPhi (Normes, Soci\u00e9t\u00e9s, Philosophies). Ancien \u00e9l\u00e8ve de l\u2019\u00c9cole normale sup\u00e9rieure de Saint-Cloud, agr\u00e9g\u00e9 de philosophie et docteur d\u2019\u00c9tat, il est \u00e9galement membre honoraire de l\u2019Institut universitaire de France. Il codirige, avec Olivier Beaud, la collection \u00ab Biblioth\u00e8que de la pens\u00e9e juridique \u00bb aux \u00e9ditions Classiques Garnier.","link":"https:\/\/legrandcontinent.eu\/fr\/p\/jean-francois-kervegan\/","name":"Jean-Fran\u00e7ois Kerv\u00e9gan","slug":"jean-francois-kervegan","taxonomy":"staff","meta":[],"acf":{"name_title":"","first_name":"","last_name":"","key_figure_template":"standard","cardinal_type":[],"picture":305856,"job_role":"Philosophe du droit, professeur \u00e9m\u00e9rite \u00e0 l'universit\u00e9 Panth\u00e9on-Sorbonne","lgc_editorial_staff":false,"full_description":"Ses travaux se situent \u00e0 la crois\u00e9e de la philosophie du droit, de la philosophie politique et de la philosophie allemande classique, notamment autour de Hegel, Kant et Carl Schmitt. Auteur de nombreux ouvrages de r\u00e9f\u00e9rence, parmi lesquels Hegel, Carl Schmitt : le politique entre sp\u00e9culation et positivit\u00e9 (1992), La raison des normes (2015) et Puissance des droits (2025), il s\u2019int\u00e9resse aux rapports entre normativit\u00e9 juridique, \u00e9thique et politique, \u00e0 la th\u00e9orie des droits et \u00e0 l\u2019actualit\u00e9 de la pens\u00e9e h\u00e9g\u00e9lienne dans le monde contemporain.","side_image":"","side_text_1":"","side_text_2":"","page_content":"","linkedin_url":"","twitter_url":"","articles_authored":"","articles_interviewed":[305813],"articles_speech_author":"","books_authored":"","events_authored":"","videos_authored":"","posts_related":"","events_related":"","elections_related":""},"yoast_head":"<!-- This site is optimized with the Yoast SEO plugin v26.1.1 - https:\/\/yoast.com\/wordpress\/plugins\/seo\/ -->\n<title>Jean-Fran\u00e7ois Kerv\u00e9gan | Le Grand Continent<\/title>\n<meta name=\"robots\" content=\"index, follow, max-snippet:-1, max-image-preview:large, max-video-preview:-1\" \/>\n<link rel=\"canonical\" href=\"https:\/\/legrandcontinent.eu\/fr\/p\/jean-francois-kervegan\/\" \/>\n<meta property=\"og:locale\" content=\"fr_FR\" \/>\n<meta property=\"og:type\" content=\"article\" \/>\n<meta property=\"og:title\" content=\"Jean-Fran\u00e7ois Kerv\u00e9gan | Le Grand Continent\" \/>\n<meta property=\"og:description\" content=\"Jean-Fran\u00e7ois Kerv\u00e9gan est un philosophe fran\u00e7ais du droit, professeur \u00e9m\u00e9rite \u00e0 l\u2019Universit\u00e9 Panth\u00e9on-Sorbonne, o\u00f9 il a fond\u00e9 le groupe de recherche NoSoPhi (Normes, Soci\u00e9t\u00e9s, Philosophies). Ancien \u00e9l\u00e8ve de l\u2019\u00c9cole normale sup\u00e9rieure de Saint-Cloud, agr\u00e9g\u00e9 de philosophie et docteur d\u2019\u00c9tat, il est \u00e9galement membre honoraire de l\u2019Institut universitaire de France. Il codirige, avec Olivier Beaud, la collection \u00ab Biblioth\u00e8que de la pens\u00e9e juridique \u00bb aux \u00e9ditions Classiques Garnier.\" \/>\n<meta property=\"og:url\" content=\"https:\/\/legrandcontinent.eu\/fr\/p\/jean-francois-kervegan\/\" \/>\n<meta property=\"og:site_name\" content=\"Le Grand Continent\" \/>\n<meta name=\"twitter:card\" content=\"summary_large_image\" \/>\n<script type=\"application\/ld+json\" class=\"yoast-schema-graph\">{\"@context\":\"https:\/\/schema.org\",\"@graph\":[{\"@type\":\"CollectionPage\",\"@id\":\"https:\/\/legrandcontinent.eu\/fr\/p\/jean-francois-kervegan\/\",\"url\":\"https:\/\/legrandcontinent.eu\/fr\/p\/jean-francois-kervegan\/\",\"name\":\"Jean-Fran\u00e7ois Kerv\u00e9gan | Le Grand Continent\",\"isPartOf\":{\"@id\":\"https:\/\/legrandcontinent.eu\/fr\/#website\"},\"breadcrumb\":{\"@id\":\"https:\/\/legrandcontinent.eu\/fr\/p\/jean-francois-kervegan\/#breadcrumb\"},\"inLanguage\":\"fr-FR\"},{\"@type\":\"BreadcrumbList\",\"@id\":\"https:\/\/legrandcontinent.eu\/fr\/p\/jean-francois-kervegan\/#breadcrumb\",\"itemListElement\":[{\"@type\":\"ListItem\",\"position\":1,\"name\":\"Accueil\",\"item\":\"https:\/\/legrandcontinent.eu\/fr\/\"},{\"@type\":\"ListItem\",\"position\":2,\"name\":\"Jean-Fran\u00e7ois Kerv\u00e9gan\"}]},{\"@type\":\"WebSite\",\"@id\":\"https:\/\/legrandcontinent.eu\/fr\/#website\",\"url\":\"https:\/\/legrandcontinent.eu\/fr\/\",\"name\":\"Le Grand Continent\",\"description\":\"L&#039;\u00e9chelle pertinente\",\"potentialAction\":[{\"@type\":\"SearchAction\",\"target\":{\"@type\":\"EntryPoint\",\"urlTemplate\":\"https:\/\/legrandcontinent.eu\/fr\/?s={search_term_string}\"},\"query-input\":{\"@type\":\"PropertyValueSpecification\",\"valueRequired\":true,\"valueName\":\"search_term_string\"}}],\"inLanguage\":\"fr-FR\"}]}<\/script>\n<!-- \/ Yoast SEO plugin. -->","yoast_head_json":{"title":"Jean-Fran\u00e7ois Kerv\u00e9gan | Le Grand Continent","robots":{"index":"index","follow":"follow","max-snippet":"max-snippet:-1","max-image-preview":"max-image-preview:large","max-video-preview":"max-video-preview:-1"},"canonical":"https:\/\/legrandcontinent.eu\/fr\/p\/jean-francois-kervegan\/","og_locale":"fr_FR","og_type":"article","og_title":"Jean-Fran\u00e7ois Kerv\u00e9gan | Le Grand Continent","og_description":"Jean-Fran\u00e7ois Kerv\u00e9gan est un philosophe fran\u00e7ais du droit, professeur \u00e9m\u00e9rite \u00e0 l\u2019Universit\u00e9 Panth\u00e9on-Sorbonne, o\u00f9 il a fond\u00e9 le groupe de recherche NoSoPhi (Normes, Soci\u00e9t\u00e9s, Philosophies). Ancien \u00e9l\u00e8ve de l\u2019\u00c9cole normale sup\u00e9rieure de Saint-Cloud, agr\u00e9g\u00e9 de philosophie et docteur d\u2019\u00c9tat, il est \u00e9galement membre honoraire de l\u2019Institut universitaire de France. Il codirige, avec Olivier Beaud, la collection \u00ab Biblioth\u00e8que de la pens\u00e9e juridique \u00bb aux \u00e9ditions Classiques Garnier.","og_url":"https:\/\/legrandcontinent.eu\/fr\/p\/jean-francois-kervegan\/","og_site_name":"Le Grand Continent","twitter_card":"summary_large_image","schema":{"@context":"https:\/\/schema.org","@graph":[{"@type":"CollectionPage","@id":"https:\/\/legrandcontinent.eu\/fr\/p\/jean-francois-kervegan\/","url":"https:\/\/legrandcontinent.eu\/fr\/p\/jean-francois-kervegan\/","name":"Jean-Fran\u00e7ois Kerv\u00e9gan | Le Grand Continent","isPartOf":{"@id":"https:\/\/legrandcontinent.eu\/fr\/#website"},"breadcrumb":{"@id":"https:\/\/legrandcontinent.eu\/fr\/p\/jean-francois-kervegan\/#breadcrumb"},"inLanguage":"fr-FR"},{"@type":"BreadcrumbList","@id":"https:\/\/legrandcontinent.eu\/fr\/p\/jean-francois-kervegan\/#breadcrumb","itemListElement":[{"@type":"ListItem","position":1,"name":"Accueil","item":"https:\/\/legrandcontinent.eu\/fr\/"},{"@type":"ListItem","position":2,"name":"Jean-Fran\u00e7ois Kerv\u00e9gan"}]},{"@type":"WebSite","@id":"https:\/\/legrandcontinent.eu\/fr\/#website","url":"https:\/\/legrandcontinent.eu\/fr\/","name":"Le Grand Continent","description":"L&#039;\u00e9chelle pertinente","potentialAction":[{"@type":"SearchAction","target":{"@type":"EntryPoint","urlTemplate":"https:\/\/legrandcontinent.eu\/fr\/?s={search_term_string}"},"query-input":{"@type":"PropertyValueSpecification","valueRequired":true,"valueName":"search_term_string"}}],"inLanguage":"fr-FR"}]}},"_links":{"self":[{"href":"https:\/\/legrandcontinent.eu\/fr\/wp-json\/wp\/v2\/staff\/4708","targetHints":{"allow":["GET"]}}],"collection":[{"href":"https:\/\/legrandcontinent.eu\/fr\/wp-json\/wp\/v2\/staff"}],"about":[{"href":"https:\/\/legrandcontinent.eu\/fr\/wp-json\/wp\/v2\/taxonomies\/staff"}],"acf:post":[{"embeddable":true,"href":"https:\/\/legrandcontinent.eu\/fr\/wp-json\/wp\/v2\/posts\/305813"}],"wp:post_type":[{"href":"https:\/\/legrandcontinent.eu\/fr\/wp-json\/wp\/v2\/posts?staff=4708"},{"href":"https:\/\/legrandcontinent.eu\/fr\/wp-json\/wp\/v2\/sunday?staff=4708"}],"curies":[{"name":"wp","href":"https:\/\/api.w.org\/{rel}","templated":true}]}}