{"id":4617,"count":0,"description":"Emmanuelle Loyer est historienne et professeure des universit\u00e9s \u00e0 Sciences Po, o\u00f9 elle a \u00e9t\u00e9 directrice des \u00e9tudes doctorales en histoire.\r\n\r\nAncienne \u00e9l\u00e8ve de l\u2019\u00c9cole normale sup\u00e9rieure de Fontenay-Saint-Cloud et de l\u2019IEP de Paris. Agr\u00e9g\u00e9e d\u2019histoire, elle a soutenu en 1996 une th\u00e8se consacr\u00e9e au Th\u00e9\u00e2tre national populaire, avant d\u2019obtenir son habilitation \u00e0 diriger des recherches en 2004.\r\n\r\nSp\u00e9cialiste d\u2019histoire culturelle, elle a travaill\u00e9 sur les pratiques et politiques artistiques, notamment \u00e0 travers Le Th\u00e9\u00e2tre national de Jean Vilar : Une utopie d\u2019apr\u00e8s-guerre (1997) et, avec Antoine de Baecque, Histoire du festival d\u2019Avignon (2007, r\u00e9\u00e9d. 2016).","link":"https:\/\/legrandcontinent.eu\/fr\/p\/emmanuelle-loyer\/","name":"Emmanuelle Loyer","slug":"emmanuelle-loyer","taxonomy":"staff","meta":[],"acf":{"name_title":"","first_name":"Emmanuelle","last_name":"Loyer","key_figure_template":"standard","cardinal_type":[],"picture":296371,"job_role":"Historienne et professeure \u00e0 Sciences Po","lgc_editorial_staff":false,"full_description":"Ses recherches l\u2019ont \u00e9galement conduite \u00e0 explorer les ph\u00e9nom\u00e8nes d\u2019exil et d\u2019intellectuels transnationaux, en particulier dans Paris \u00e0 New York. Artistes et intellectuels en exil, 1940-1947 (2005).\r\n\r\nElle a publi\u00e9 en 2015 une biographie remarqu\u00e9e de Claude L\u00e9vi-Strauss (Flammarion), puis L\u2019impitoyable aujourd\u2019hui (2022), enqu\u00eate croisant sciences sociales et litt\u00e9rature.\r\n\r\nEmmanuelle Loyer est membre du Conseil scientifique de la BNF ainsi que de l'Academic Committee de la House of European History (Bruxelles).","side_image":"","side_text_1":"","side_text_2":"","page_content":"","linkedin_url":"","twitter_url":"","articles_authored":"","articles_interviewed":"","articles_speech_author":"","books_authored":"","events_authored":[300213],"videos_authored":"","posts_related":"","events_related":"","elections_related":""},"yoast_head":"<!-- This site is optimized with the Yoast SEO plugin v26.1.1 - https:\/\/yoast.com\/wordpress\/plugins\/seo\/ -->\n<title>Emmanuelle Loyer | Le Grand Continent<\/title>\n<meta name=\"robots\" content=\"index, follow, max-snippet:-1, max-image-preview:large, max-video-preview:-1\" \/>\n<link rel=\"canonical\" href=\"https:\/\/legrandcontinent.eu\/fr\/p\/emmanuelle-loyer\/\" \/>\n<meta property=\"og:locale\" content=\"fr_FR\" \/>\n<meta property=\"og:type\" content=\"article\" \/>\n<meta property=\"og:title\" content=\"Emmanuelle Loyer | Le Grand Continent\" \/>\n<meta property=\"og:description\" content=\"Emmanuelle Loyer est historienne et professeure des universit\u00e9s \u00e0 Sciences Po, o\u00f9 elle a \u00e9t\u00e9 directrice des \u00e9tudes doctorales en histoire. Ancienne \u00e9l\u00e8ve de l\u2019\u00c9cole normale sup\u00e9rieure de Fontenay-Saint-Cloud et de l\u2019IEP de Paris. Agr\u00e9g\u00e9e d\u2019histoire, elle a soutenu en 1996 une th\u00e8se consacr\u00e9e au Th\u00e9\u00e2tre national populaire, avant d\u2019obtenir son habilitation \u00e0 diriger des recherches en 2004. Sp\u00e9cialiste d\u2019histoire culturelle, elle a travaill\u00e9 sur les pratiques et politiques artistiques, notamment \u00e0 travers Le Th\u00e9\u00e2tre national de Jean Vilar : Une utopie d\u2019apr\u00e8s-guerre (1997) et, avec Antoine de Baecque, Histoire du festival d\u2019Avignon (2007, r\u00e9\u00e9d. 2016).\" \/>\n<meta property=\"og:url\" content=\"https:\/\/legrandcontinent.eu\/fr\/p\/emmanuelle-loyer\/\" \/>\n<meta property=\"og:site_name\" content=\"Le Grand Continent\" \/>\n<meta name=\"twitter:card\" content=\"summary_large_image\" \/>\n<script type=\"application\/ld+json\" class=\"yoast-schema-graph\">{\"@context\":\"https:\/\/schema.org\",\"@graph\":[{\"@type\":\"CollectionPage\",\"@id\":\"https:\/\/legrandcontinent.eu\/fr\/p\/emmanuelle-loyer\/\",\"url\":\"https:\/\/legrandcontinent.eu\/fr\/p\/emmanuelle-loyer\/\",\"name\":\"Emmanuelle Loyer | Le Grand Continent\",\"isPartOf\":{\"@id\":\"https:\/\/legrandcontinent.eu\/fr\/#website\"},\"breadcrumb\":{\"@id\":\"https:\/\/legrandcontinent.eu\/fr\/p\/emmanuelle-loyer\/#breadcrumb\"},\"inLanguage\":\"fr-FR\"},{\"@type\":\"BreadcrumbList\",\"@id\":\"https:\/\/legrandcontinent.eu\/fr\/p\/emmanuelle-loyer\/#breadcrumb\",\"itemListElement\":[{\"@type\":\"ListItem\",\"position\":1,\"name\":\"Accueil\",\"item\":\"https:\/\/legrandcontinent.eu\/fr\/\"},{\"@type\":\"ListItem\",\"position\":2,\"name\":\"Emmanuelle Loyer\"}]},{\"@type\":\"WebSite\",\"@id\":\"https:\/\/legrandcontinent.eu\/fr\/#website\",\"url\":\"https:\/\/legrandcontinent.eu\/fr\/\",\"name\":\"Le Grand Continent\",\"description\":\"L&#039;\u00e9chelle pertinente\",\"potentialAction\":[{\"@type\":\"SearchAction\",\"target\":{\"@type\":\"EntryPoint\",\"urlTemplate\":\"https:\/\/legrandcontinent.eu\/fr\/?s={search_term_string}\"},\"query-input\":{\"@type\":\"PropertyValueSpecification\",\"valueRequired\":true,\"valueName\":\"search_term_string\"}}],\"inLanguage\":\"fr-FR\"}]}<\/script>\n<!-- \/ Yoast SEO plugin. -->","yoast_head_json":{"title":"Emmanuelle Loyer | Le Grand Continent","robots":{"index":"index","follow":"follow","max-snippet":"max-snippet:-1","max-image-preview":"max-image-preview:large","max-video-preview":"max-video-preview:-1"},"canonical":"https:\/\/legrandcontinent.eu\/fr\/p\/emmanuelle-loyer\/","og_locale":"fr_FR","og_type":"article","og_title":"Emmanuelle Loyer | Le Grand Continent","og_description":"Emmanuelle Loyer est historienne et professeure des universit\u00e9s \u00e0 Sciences Po, o\u00f9 elle a \u00e9t\u00e9 directrice des \u00e9tudes doctorales en histoire. Ancienne \u00e9l\u00e8ve de l\u2019\u00c9cole normale sup\u00e9rieure de Fontenay-Saint-Cloud et de l\u2019IEP de Paris. Agr\u00e9g\u00e9e d\u2019histoire, elle a soutenu en 1996 une th\u00e8se consacr\u00e9e au Th\u00e9\u00e2tre national populaire, avant d\u2019obtenir son habilitation \u00e0 diriger des recherches en 2004. Sp\u00e9cialiste d\u2019histoire culturelle, elle a travaill\u00e9 sur les pratiques et politiques artistiques, notamment \u00e0 travers Le Th\u00e9\u00e2tre national de Jean Vilar : Une utopie d\u2019apr\u00e8s-guerre (1997) et, avec Antoine de Baecque, Histoire du festival d\u2019Avignon (2007, r\u00e9\u00e9d. 2016).","og_url":"https:\/\/legrandcontinent.eu\/fr\/p\/emmanuelle-loyer\/","og_site_name":"Le Grand Continent","twitter_card":"summary_large_image","schema":{"@context":"https:\/\/schema.org","@graph":[{"@type":"CollectionPage","@id":"https:\/\/legrandcontinent.eu\/fr\/p\/emmanuelle-loyer\/","url":"https:\/\/legrandcontinent.eu\/fr\/p\/emmanuelle-loyer\/","name":"Emmanuelle Loyer | Le Grand Continent","isPartOf":{"@id":"https:\/\/legrandcontinent.eu\/fr\/#website"},"breadcrumb":{"@id":"https:\/\/legrandcontinent.eu\/fr\/p\/emmanuelle-loyer\/#breadcrumb"},"inLanguage":"fr-FR"},{"@type":"BreadcrumbList","@id":"https:\/\/legrandcontinent.eu\/fr\/p\/emmanuelle-loyer\/#breadcrumb","itemListElement":[{"@type":"ListItem","position":1,"name":"Accueil","item":"https:\/\/legrandcontinent.eu\/fr\/"},{"@type":"ListItem","position":2,"name":"Emmanuelle Loyer"}]},{"@type":"WebSite","@id":"https:\/\/legrandcontinent.eu\/fr\/#website","url":"https:\/\/legrandcontinent.eu\/fr\/","name":"Le Grand Continent","description":"L&#039;\u00e9chelle pertinente","potentialAction":[{"@type":"SearchAction","target":{"@type":"EntryPoint","urlTemplate":"https:\/\/legrandcontinent.eu\/fr\/?s={search_term_string}"},"query-input":{"@type":"PropertyValueSpecification","valueRequired":true,"valueName":"search_term_string"}}],"inLanguage":"fr-FR"}]}},"first_name":"Emmanuelle","last_name":"Loyer","picture":{"url":"https:\/\/legrandcontinent.eu\/fr\/wp-content\/uploads\/sites\/2\/2025\/09\/1280.png","width":739,"height":767,"alt":""},"_links":{"self":[{"href":"https:\/\/legrandcontinent.eu\/fr\/wp-json\/wp\/v2\/staff\/4617","targetHints":{"allow":["GET"]}}],"collection":[{"href":"https:\/\/legrandcontinent.eu\/fr\/wp-json\/wp\/v2\/staff"}],"about":[{"href":"https:\/\/legrandcontinent.eu\/fr\/wp-json\/wp\/v2\/taxonomies\/staff"}],"acf:post":[{"embeddable":true,"href":"https:\/\/legrandcontinent.eu\/fr\/wp-json\/wp\/v2\/event\/300213"}],"wp:post_type":[{"href":"https:\/\/legrandcontinent.eu\/fr\/wp-json\/wp\/v2\/posts?staff=4617"},{"href":"https:\/\/legrandcontinent.eu\/fr\/wp-json\/wp\/v2\/sunday?staff=4617"}],"curies":[{"name":"wp","href":"https:\/\/api.w.org\/{rel}","templated":true}]}}