{"id":4288,"count":0,"description":"<div class=\"cmp-text cmp-text__chapeau\">\r\n\r\nArnoldo Andr\u00e9 Tinoco est le ministre des Relations ext\u00e9rieures et du Culte du Costa Rica depuis mai 2022.\r\n\r\n<\/div>","link":"https:\/\/legrandcontinent.eu\/fr\/p\/arnoldo-andre-tinoco\/","name":"Arnoldo Andr\u00e9 Tinoco","slug":"arnoldo-andre-tinoco","taxonomy":"staff","meta":[],"acf":{"name_title":"","first_name":"Arnoldo Andr\u00e9","last_name":"Tinoco","key_figure_template":"standard","cardinal_type":[],"picture":"","job_role":"Ministre des Affaires \u00e9trang\u00e8res du Costa Rica","lgc_editorial_staff":false,"full_description":"Titulaire d'un doctorat en droit (Magna Cum Laude) de l'Universit\u00e9 de Hambourg, en Allemagne, il est \u00e9galement dipl\u00f4m\u00e9 en droit et notaire public de l'Universit\u00e9 du Costa Rica. \r\n\r\nAncien pr\u00e9sident de la Chambre de commerce du Costa Rica (2010-2013), il a \u00e9t\u00e9 l'Arbitre international pour l'accord de libre-\u00e9change entre la R\u00e9publique du Costa Rica et la R\u00e9publique du Chili (2007). Il a \u00e9galement \u00e9t\u00e9 professeur de droit international \u00e0 l'Universit\u00e9 du Costa Rica (1984-1994).","side_image":"","side_text_1":"","side_text_2":"","page_content":"","linkedin_url":"","twitter_url":"","articles_authored":"","articles_interviewed":[267954],"articles_speech_author":"","books_authored":"","events_authored":"","videos_authored":"","posts_related":"","events_related":"","elections_related":""},"yoast_head":"<!-- This site is optimized with the Yoast SEO plugin v26.1.1 - https:\/\/yoast.com\/wordpress\/plugins\/seo\/ -->\n<title>Arnoldo Andr\u00e9 Tinoco | Le Grand Continent<\/title>\n<meta name=\"robots\" content=\"index, follow, max-snippet:-1, max-image-preview:large, max-video-preview:-1\" \/>\n<link rel=\"canonical\" href=\"https:\/\/legrandcontinent.eu\/fr\/p\/arnoldo-andre-tinoco\/\" \/>\n<meta property=\"og:locale\" content=\"fr_FR\" \/>\n<meta property=\"og:type\" content=\"article\" \/>\n<meta property=\"og:title\" content=\"Arnoldo Andr\u00e9 Tinoco | Le Grand Continent\" \/>\n<meta property=\"og:description\" content=\"Arnoldo Andr\u00e9 Tinoco est le ministre des Relations ext\u00e9rieures et du Culte du Costa Rica depuis mai 2022.\" \/>\n<meta property=\"og:url\" content=\"https:\/\/legrandcontinent.eu\/fr\/p\/arnoldo-andre-tinoco\/\" \/>\n<meta property=\"og:site_name\" content=\"Le Grand Continent\" \/>\n<meta name=\"twitter:card\" content=\"summary_large_image\" \/>\n<script type=\"application\/ld+json\" class=\"yoast-schema-graph\">{\"@context\":\"https:\/\/schema.org\",\"@graph\":[{\"@type\":\"CollectionPage\",\"@id\":\"https:\/\/legrandcontinent.eu\/fr\/p\/arnoldo-andre-tinoco\/\",\"url\":\"https:\/\/legrandcontinent.eu\/fr\/p\/arnoldo-andre-tinoco\/\",\"name\":\"Arnoldo Andr\u00e9 Tinoco | Le Grand Continent\",\"isPartOf\":{\"@id\":\"https:\/\/legrandcontinent.eu\/fr\/#website\"},\"breadcrumb\":{\"@id\":\"https:\/\/legrandcontinent.eu\/fr\/p\/arnoldo-andre-tinoco\/#breadcrumb\"},\"inLanguage\":\"fr-FR\"},{\"@type\":\"BreadcrumbList\",\"@id\":\"https:\/\/legrandcontinent.eu\/fr\/p\/arnoldo-andre-tinoco\/#breadcrumb\",\"itemListElement\":[{\"@type\":\"ListItem\",\"position\":1,\"name\":\"Accueil\",\"item\":\"https:\/\/legrandcontinent.eu\/fr\/\"},{\"@type\":\"ListItem\",\"position\":2,\"name\":\"Arnoldo Andr\u00e9 Tinoco\"}]},{\"@type\":\"WebSite\",\"@id\":\"https:\/\/legrandcontinent.eu\/fr\/#website\",\"url\":\"https:\/\/legrandcontinent.eu\/fr\/\",\"name\":\"Le Grand Continent\",\"description\":\"L&#039;\u00e9chelle pertinente\",\"potentialAction\":[{\"@type\":\"SearchAction\",\"target\":{\"@type\":\"EntryPoint\",\"urlTemplate\":\"https:\/\/legrandcontinent.eu\/fr\/?s={search_term_string}\"},\"query-input\":{\"@type\":\"PropertyValueSpecification\",\"valueRequired\":true,\"valueName\":\"search_term_string\"}}],\"inLanguage\":\"fr-FR\"}]}<\/script>\n<!-- \/ Yoast SEO plugin. -->","yoast_head_json":{"title":"Arnoldo Andr\u00e9 Tinoco | Le Grand Continent","robots":{"index":"index","follow":"follow","max-snippet":"max-snippet:-1","max-image-preview":"max-image-preview:large","max-video-preview":"max-video-preview:-1"},"canonical":"https:\/\/legrandcontinent.eu\/fr\/p\/arnoldo-andre-tinoco\/","og_locale":"fr_FR","og_type":"article","og_title":"Arnoldo Andr\u00e9 Tinoco | Le Grand Continent","og_description":"Arnoldo Andr\u00e9 Tinoco est le ministre des Relations ext\u00e9rieures et du Culte du Costa Rica depuis mai 2022.","og_url":"https:\/\/legrandcontinent.eu\/fr\/p\/arnoldo-andre-tinoco\/","og_site_name":"Le Grand Continent","twitter_card":"summary_large_image","schema":{"@context":"https:\/\/schema.org","@graph":[{"@type":"CollectionPage","@id":"https:\/\/legrandcontinent.eu\/fr\/p\/arnoldo-andre-tinoco\/","url":"https:\/\/legrandcontinent.eu\/fr\/p\/arnoldo-andre-tinoco\/","name":"Arnoldo Andr\u00e9 Tinoco | Le Grand Continent","isPartOf":{"@id":"https:\/\/legrandcontinent.eu\/fr\/#website"},"breadcrumb":{"@id":"https:\/\/legrandcontinent.eu\/fr\/p\/arnoldo-andre-tinoco\/#breadcrumb"},"inLanguage":"fr-FR"},{"@type":"BreadcrumbList","@id":"https:\/\/legrandcontinent.eu\/fr\/p\/arnoldo-andre-tinoco\/#breadcrumb","itemListElement":[{"@type":"ListItem","position":1,"name":"Accueil","item":"https:\/\/legrandcontinent.eu\/fr\/"},{"@type":"ListItem","position":2,"name":"Arnoldo Andr\u00e9 Tinoco"}]},{"@type":"WebSite","@id":"https:\/\/legrandcontinent.eu\/fr\/#website","url":"https:\/\/legrandcontinent.eu\/fr\/","name":"Le Grand Continent","description":"L&#039;\u00e9chelle pertinente","potentialAction":[{"@type":"SearchAction","target":{"@type":"EntryPoint","urlTemplate":"https:\/\/legrandcontinent.eu\/fr\/?s={search_term_string}"},"query-input":{"@type":"PropertyValueSpecification","valueRequired":true,"valueName":"search_term_string"}}],"inLanguage":"fr-FR"}]}},"first_name":"Arnoldo Andr\u00e9","last_name":"Tinoco","picture":null,"_links":{"self":[{"href":"https:\/\/legrandcontinent.eu\/fr\/wp-json\/wp\/v2\/staff\/4288","targetHints":{"allow":["GET"]}}],"collection":[{"href":"https:\/\/legrandcontinent.eu\/fr\/wp-json\/wp\/v2\/staff"}],"about":[{"href":"https:\/\/legrandcontinent.eu\/fr\/wp-json\/wp\/v2\/taxonomies\/staff"}],"acf:post":[{"embeddable":true,"href":"https:\/\/legrandcontinent.eu\/fr\/wp-json\/wp\/v2\/posts\/267954"}],"wp:post_type":[{"href":"https:\/\/legrandcontinent.eu\/fr\/wp-json\/wp\/v2\/posts?staff=4288"},{"href":"https:\/\/legrandcontinent.eu\/fr\/wp-json\/wp\/v2\/sunday?staff=4288"}],"curies":[{"name":"wp","href":"https:\/\/api.w.org\/{rel}","templated":true}]}}