{"id":4235,"count":0,"description":"Haute fonctionnaire fran\u00e7aise, propos\u00e9e comme candidate au poste de Premier ministre par le Nouveau Front Populaire depuis le 23 juillet 2024. ","link":"https:\/\/legrandcontinent.eu\/fr\/p\/lucie-castets\/","name":"Lucie Castets","slug":"lucie-castets","taxonomy":"staff","meta":[],"acf":{"name_title":"","first_name":"Lucie","last_name":"Castets","key_figure_template":"0","cardinal_type":[],"picture":261374,"job_role":"Candidate du Nouveau Front populaire (NFP) au poste de Premi\u00e8re ministre","lgc_editorial_staff":false,"full_description":"Apr\u00e8s des \u00e9tudes \u00e0 SciencesPo Paris et \u00e0 l'\u00c9cole nationale d'administration, elle est nomm\u00e9e \u00e0 plusieurs postes au sein de l'administration fran\u00e7aise : d'abord \u00e0 la direction g\u00e9n\u00e9rale du Tr\u00e9sor, puis, en tant que directrice d'une des branches du service de renseignement Tracfin ; elle est ensuite conseill\u00e8re aux finances et du budget \u00e0 la mairie de Paris.\r\n\r\nElle cofonde, en 2021, le collectif Nos services publics, consacr\u00e9 \u00e0 la lutte contre les coupes budg\u00e9taires et le \u00ab caract\u00e8re gestionnaire \u00bb de l'\u00c9tat avec les services publics et dont elle est l'une des porte-paroles jusqu'en 2024.\r\n\r\nLe 23 juillet 2024, \u00e0 la suite des \u00e9lections l\u00e9gislatives, elle est propos\u00e9e par la coalition de gauche du Nouveau Front populaire comme candidate au poste de Premier ministre.\r\n\r\n","side_image":null,"side_text_1":"","side_text_2":"","page_content":"","linkedin_url":"https:\/\/www.linkedin.com\/in\/lucie-castets-3b782086","twitter_url":"https:\/\/x.com\/CastetsLucie","articles_authored":"","articles_interviewed":"","articles_speech_author":"","books_authored":"","events_authored":[261674],"videos_authored":"","posts_related":"","events_related":"","elections_related":""},"yoast_head":"<!-- This site is optimized with the Yoast SEO plugin v26.1.1 - https:\/\/yoast.com\/wordpress\/plugins\/seo\/ -->\n<title>Lucie Castets | Le Grand Continent<\/title>\n<meta name=\"robots\" content=\"index, follow, max-snippet:-1, max-image-preview:large, max-video-preview:-1\" \/>\n<link rel=\"canonical\" href=\"https:\/\/legrandcontinent.eu\/fr\/p\/lucie-castets\/\" \/>\n<meta property=\"og:locale\" content=\"fr_FR\" \/>\n<meta property=\"og:type\" content=\"article\" \/>\n<meta property=\"og:title\" content=\"Lucie Castets | Le Grand Continent\" \/>\n<meta property=\"og:description\" content=\"Haute fonctionnaire fran\u00e7aise, propos\u00e9e comme candidate au poste de Premier ministre par le Nouveau Front Populaire depuis le 23 juillet 2024.\" \/>\n<meta property=\"og:url\" content=\"https:\/\/legrandcontinent.eu\/fr\/p\/lucie-castets\/\" \/>\n<meta property=\"og:site_name\" content=\"Le Grand Continent\" \/>\n<meta name=\"twitter:card\" content=\"summary_large_image\" \/>\n<script type=\"application\/ld+json\" class=\"yoast-schema-graph\">{\"@context\":\"https:\/\/schema.org\",\"@graph\":[{\"@type\":\"CollectionPage\",\"@id\":\"https:\/\/legrandcontinent.eu\/fr\/p\/lucie-castets\/\",\"url\":\"https:\/\/legrandcontinent.eu\/fr\/p\/lucie-castets\/\",\"name\":\"Lucie Castets | Le Grand Continent\",\"isPartOf\":{\"@id\":\"https:\/\/legrandcontinent.eu\/fr\/#website\"},\"breadcrumb\":{\"@id\":\"https:\/\/legrandcontinent.eu\/fr\/p\/lucie-castets\/#breadcrumb\"},\"inLanguage\":\"fr-FR\"},{\"@type\":\"BreadcrumbList\",\"@id\":\"https:\/\/legrandcontinent.eu\/fr\/p\/lucie-castets\/#breadcrumb\",\"itemListElement\":[{\"@type\":\"ListItem\",\"position\":1,\"name\":\"Accueil\",\"item\":\"https:\/\/legrandcontinent.eu\/fr\/\"},{\"@type\":\"ListItem\",\"position\":2,\"name\":\"Lucie Castets\"}]},{\"@type\":\"WebSite\",\"@id\":\"https:\/\/legrandcontinent.eu\/fr\/#website\",\"url\":\"https:\/\/legrandcontinent.eu\/fr\/\",\"name\":\"Le Grand Continent\",\"description\":\"L&#039;\u00e9chelle pertinente\",\"potentialAction\":[{\"@type\":\"SearchAction\",\"target\":{\"@type\":\"EntryPoint\",\"urlTemplate\":\"https:\/\/legrandcontinent.eu\/fr\/?s={search_term_string}\"},\"query-input\":{\"@type\":\"PropertyValueSpecification\",\"valueRequired\":true,\"valueName\":\"search_term_string\"}}],\"inLanguage\":\"fr-FR\"}]}<\/script>\n<!-- \/ Yoast SEO plugin. -->","yoast_head_json":{"title":"Lucie Castets | Le Grand Continent","robots":{"index":"index","follow":"follow","max-snippet":"max-snippet:-1","max-image-preview":"max-image-preview:large","max-video-preview":"max-video-preview:-1"},"canonical":"https:\/\/legrandcontinent.eu\/fr\/p\/lucie-castets\/","og_locale":"fr_FR","og_type":"article","og_title":"Lucie Castets | Le Grand Continent","og_description":"Haute fonctionnaire fran\u00e7aise, propos\u00e9e comme candidate au poste de Premier ministre par le Nouveau Front Populaire depuis le 23 juillet 2024.","og_url":"https:\/\/legrandcontinent.eu\/fr\/p\/lucie-castets\/","og_site_name":"Le Grand Continent","twitter_card":"summary_large_image","schema":{"@context":"https:\/\/schema.org","@graph":[{"@type":"CollectionPage","@id":"https:\/\/legrandcontinent.eu\/fr\/p\/lucie-castets\/","url":"https:\/\/legrandcontinent.eu\/fr\/p\/lucie-castets\/","name":"Lucie Castets | Le Grand Continent","isPartOf":{"@id":"https:\/\/legrandcontinent.eu\/fr\/#website"},"breadcrumb":{"@id":"https:\/\/legrandcontinent.eu\/fr\/p\/lucie-castets\/#breadcrumb"},"inLanguage":"fr-FR"},{"@type":"BreadcrumbList","@id":"https:\/\/legrandcontinent.eu\/fr\/p\/lucie-castets\/#breadcrumb","itemListElement":[{"@type":"ListItem","position":1,"name":"Accueil","item":"https:\/\/legrandcontinent.eu\/fr\/"},{"@type":"ListItem","position":2,"name":"Lucie Castets"}]},{"@type":"WebSite","@id":"https:\/\/legrandcontinent.eu\/fr\/#website","url":"https:\/\/legrandcontinent.eu\/fr\/","name":"Le Grand Continent","description":"L&#039;\u00e9chelle pertinente","potentialAction":[{"@type":"SearchAction","target":{"@type":"EntryPoint","urlTemplate":"https:\/\/legrandcontinent.eu\/fr\/?s={search_term_string}"},"query-input":{"@type":"PropertyValueSpecification","valueRequired":true,"valueName":"search_term_string"}}],"inLanguage":"fr-FR"}]}},"first_name":"Lucie","last_name":"Castets","picture":{"url":"https:\/\/legrandcontinent.eu\/fr\/wp-content\/uploads\/sites\/2\/2025\/02\/Lucie-Castets.png","width":448,"height":448,"alt":""},"_links":{"self":[{"href":"https:\/\/legrandcontinent.eu\/fr\/wp-json\/wp\/v2\/staff\/4235","targetHints":{"allow":["GET"]}}],"collection":[{"href":"https:\/\/legrandcontinent.eu\/fr\/wp-json\/wp\/v2\/staff"}],"about":[{"href":"https:\/\/legrandcontinent.eu\/fr\/wp-json\/wp\/v2\/taxonomies\/staff"}],"acf:post":[{"embeddable":true,"href":"https:\/\/legrandcontinent.eu\/fr\/wp-json\/wp\/v2\/event\/261674"}],"wp:post_type":[{"href":"https:\/\/legrandcontinent.eu\/fr\/wp-json\/wp\/v2\/posts?staff=4235"},{"href":"https:\/\/legrandcontinent.eu\/fr\/wp-json\/wp\/v2\/sunday?staff=4235"}],"curies":[{"name":"wp","href":"https:\/\/api.w.org\/{rel}","templated":true}]}}