{"id":3850,"count":0,"description":"Chercheur et professeur assistant d\u2019\u00e9conomie \u00e0 THEMA (Universit\u00e9 CY Cergy Paris, S\u00e9bastien Lafitte est aussi membre de l\u2019Observatoire fiscal de l\u2019UE. Ses recherches portent sur les interactions entre les politiques publiques et la mondialisation et les mani\u00e8res de r\u00e9guler les activit\u00e9s des multinationales.","link":"https:\/\/legrandcontinent.eu\/fr\/p\/sebastien-lafitte\/","name":"S\u00e9bastien Lafitte","slug":"sebastien-lafitte","taxonomy":"staff","meta":[],"acf":{"name_title":"","first_name":"S\u00e9bastien","last_name":"Lafitte","key_figure_template":"0","cardinal_type":[],"picture":244101,"job_role":"Chercheur et professeur d\u2019\u00e9conomie","lgc_editorial_staff":false,"full_description":"Normalien de formation, S\u00e9bastien Lafitte commence sa carri\u00e8re \u00e0 Sciences en tant que professeur et chercheur. Il obtient ensuite une bourse Fulbright pour partir \u00e0 UC Berkeley. En 2022, il int\u00e8gre l\u2019Observatoire fiscal de l\u2019UE. \r\n\r\nApr\u00e8s un an \u00e0 l\u2019Universit\u00e9 libre de Bruxelles comme professeur postdoctoral, il int\u00e8gre l\u2019universit\u00e9 CY Cergy Paris. ","side_image":null,"side_text_1":"","side_text_2":"","page_content":"","linkedin_url":"","twitter_url":"","articles_authored":"","articles_interviewed":"","articles_speech_author":"","books_authored":"","events_authored":"","videos_authored":"","posts_related":"","events_related":"","elections_related":""},"yoast_head":"<!-- This site is optimized with the Yoast SEO plugin v26.1.1 - https:\/\/yoast.com\/wordpress\/plugins\/seo\/ -->\n<title>S\u00e9bastien Lafitte | Le Grand Continent<\/title>\n<meta name=\"robots\" content=\"index, follow, max-snippet:-1, max-image-preview:large, max-video-preview:-1\" \/>\n<link rel=\"canonical\" href=\"https:\/\/legrandcontinent.eu\/fr\/p\/sebastien-lafitte\/\" \/>\n<meta property=\"og:locale\" content=\"fr_FR\" \/>\n<meta property=\"og:type\" content=\"article\" \/>\n<meta property=\"og:title\" content=\"S\u00e9bastien Lafitte | Le Grand Continent\" \/>\n<meta property=\"og:description\" content=\"Chercheur et professeur assistant d\u2019\u00e9conomie \u00e0 THEMA (Universit\u00e9 CY Cergy Paris, S\u00e9bastien Lafitte est aussi membre de l\u2019Observatoire fiscal de l\u2019UE. Ses recherches portent sur les interactions entre les politiques publiques et la mondialisation et les mani\u00e8res de r\u00e9guler les activit\u00e9s des multinationales.\" \/>\n<meta property=\"og:url\" content=\"https:\/\/legrandcontinent.eu\/fr\/p\/sebastien-lafitte\/\" \/>\n<meta property=\"og:site_name\" content=\"Le Grand Continent\" \/>\n<meta name=\"twitter:card\" content=\"summary_large_image\" \/>\n<script type=\"application\/ld+json\" class=\"yoast-schema-graph\">{\"@context\":\"https:\/\/schema.org\",\"@graph\":[{\"@type\":\"CollectionPage\",\"@id\":\"https:\/\/legrandcontinent.eu\/fr\/p\/sebastien-lafitte\/\",\"url\":\"https:\/\/legrandcontinent.eu\/fr\/p\/sebastien-lafitte\/\",\"name\":\"S\u00e9bastien Lafitte | Le Grand Continent\",\"isPartOf\":{\"@id\":\"https:\/\/legrandcontinent.eu\/fr\/#website\"},\"breadcrumb\":{\"@id\":\"https:\/\/legrandcontinent.eu\/fr\/p\/sebastien-lafitte\/#breadcrumb\"},\"inLanguage\":\"fr-FR\"},{\"@type\":\"BreadcrumbList\",\"@id\":\"https:\/\/legrandcontinent.eu\/fr\/p\/sebastien-lafitte\/#breadcrumb\",\"itemListElement\":[{\"@type\":\"ListItem\",\"position\":1,\"name\":\"Accueil\",\"item\":\"https:\/\/legrandcontinent.eu\/fr\/\"},{\"@type\":\"ListItem\",\"position\":2,\"name\":\"S\u00e9bastien Lafitte\"}]},{\"@type\":\"WebSite\",\"@id\":\"https:\/\/legrandcontinent.eu\/fr\/#website\",\"url\":\"https:\/\/legrandcontinent.eu\/fr\/\",\"name\":\"Le Grand Continent\",\"description\":\"L&#039;\u00e9chelle pertinente\",\"potentialAction\":[{\"@type\":\"SearchAction\",\"target\":{\"@type\":\"EntryPoint\",\"urlTemplate\":\"https:\/\/legrandcontinent.eu\/fr\/?s={search_term_string}\"},\"query-input\":{\"@type\":\"PropertyValueSpecification\",\"valueRequired\":true,\"valueName\":\"search_term_string\"}}],\"inLanguage\":\"fr-FR\"}]}<\/script>\n<!-- \/ Yoast SEO plugin. -->","yoast_head_json":{"title":"S\u00e9bastien Lafitte | Le Grand Continent","robots":{"index":"index","follow":"follow","max-snippet":"max-snippet:-1","max-image-preview":"max-image-preview:large","max-video-preview":"max-video-preview:-1"},"canonical":"https:\/\/legrandcontinent.eu\/fr\/p\/sebastien-lafitte\/","og_locale":"fr_FR","og_type":"article","og_title":"S\u00e9bastien Lafitte | Le Grand Continent","og_description":"Chercheur et professeur assistant d\u2019\u00e9conomie \u00e0 THEMA (Universit\u00e9 CY Cergy Paris, S\u00e9bastien Lafitte est aussi membre de l\u2019Observatoire fiscal de l\u2019UE. Ses recherches portent sur les interactions entre les politiques publiques et la mondialisation et les mani\u00e8res de r\u00e9guler les activit\u00e9s des multinationales.","og_url":"https:\/\/legrandcontinent.eu\/fr\/p\/sebastien-lafitte\/","og_site_name":"Le Grand Continent","twitter_card":"summary_large_image","schema":{"@context":"https:\/\/schema.org","@graph":[{"@type":"CollectionPage","@id":"https:\/\/legrandcontinent.eu\/fr\/p\/sebastien-lafitte\/","url":"https:\/\/legrandcontinent.eu\/fr\/p\/sebastien-lafitte\/","name":"S\u00e9bastien Lafitte | Le Grand Continent","isPartOf":{"@id":"https:\/\/legrandcontinent.eu\/fr\/#website"},"breadcrumb":{"@id":"https:\/\/legrandcontinent.eu\/fr\/p\/sebastien-lafitte\/#breadcrumb"},"inLanguage":"fr-FR"},{"@type":"BreadcrumbList","@id":"https:\/\/legrandcontinent.eu\/fr\/p\/sebastien-lafitte\/#breadcrumb","itemListElement":[{"@type":"ListItem","position":1,"name":"Accueil","item":"https:\/\/legrandcontinent.eu\/fr\/"},{"@type":"ListItem","position":2,"name":"S\u00e9bastien Lafitte"}]},{"@type":"WebSite","@id":"https:\/\/legrandcontinent.eu\/fr\/#website","url":"https:\/\/legrandcontinent.eu\/fr\/","name":"Le Grand Continent","description":"L&#039;\u00e9chelle pertinente","potentialAction":[{"@type":"SearchAction","target":{"@type":"EntryPoint","urlTemplate":"https:\/\/legrandcontinent.eu\/fr\/?s={search_term_string}"},"query-input":{"@type":"PropertyValueSpecification","valueRequired":true,"valueName":"search_term_string"}}],"inLanguage":"fr-FR"}]}},"first_name":"S\u00e9bastien","last_name":"Lafitte","picture":{"url":"https:\/\/legrandcontinent.eu\/fr\/wp-content\/uploads\/sites\/2\/2024\/09\/Design-sans-titre-34.png","width":1080,"height":1080,"alt":""},"_links":{"self":[{"href":"https:\/\/legrandcontinent.eu\/fr\/wp-json\/wp\/v2\/staff\/3850","targetHints":{"allow":["GET"]}}],"collection":[{"href":"https:\/\/legrandcontinent.eu\/fr\/wp-json\/wp\/v2\/staff"}],"about":[{"href":"https:\/\/legrandcontinent.eu\/fr\/wp-json\/wp\/v2\/taxonomies\/staff"}],"wp:post_type":[{"href":"https:\/\/legrandcontinent.eu\/fr\/wp-json\/wp\/v2\/posts?staff=3850"},{"href":"https:\/\/legrandcontinent.eu\/fr\/wp-json\/wp\/v2\/sunday?staff=3850"}],"curies":[{"name":"wp","href":"https:\/\/api.w.org\/{rel}","templated":true}]}}