{"id":3038,"count":4,"description":"Doctorant en science politique au Centre d'\u00e9tudes europ\u00e9ennes (CEE) \u00e0 Sciences Po Paris ainsi qu'\u00e0 la Central European University (CEU) de Vienne en Autriche. Ancien journaliste correspondant bas\u00e9 \u00e0 Budapest.","link":"https:\/\/legrandcontinent.eu\/fr\/p\/thomas-laffitte\/","name":"Thomas Laffitte","slug":"thomas-laffitte","taxonomy":"staff","meta":[],"acf":{"name_title":"","first_name":"","last_name":"","key_figure_template":"0","cardinal_type":[],"picture":245803,"job_role":"Doctorant en science politique","lgc_editorial_staff":false,"full_description":"Son travail de recherche porte sur l'\u00e9mergence d'une dette commune europ\u00e9enne durant la pand\u00e9mie du Covid-19, et plus g\u00e9n\u00e9ralement sur l'histoire r\u00e9cente de l'int\u00e9gration fiscale europ\u00e9enne.","side_image":null,"side_text_1":"","side_text_2":"","page_content":"","linkedin_url":"https:\/\/www.linkedin.com\/in\/thomas-laffitte-68510316b\/?original_referer=https%3A%2F%2Fwww%2Egoogle%2Ecom%2F&amp;originalSubdomain=fr","twitter_url":"https:\/\/twitterhttps:\/\/x.com\/laffittetoma.com\/laffittetoma","articles_authored":"","articles_interviewed":"","articles_speech_author":"","books_authored":"","events_authored":"","videos_authored":"","posts_related":"","events_related":"","elections_related":""},"yoast_head":"<!-- This site is optimized with the Yoast SEO plugin v26.1.1 - https:\/\/yoast.com\/wordpress\/plugins\/seo\/ -->\n<title>Thomas Laffitte | Le Grand Continent<\/title>\n<meta name=\"robots\" content=\"index, follow, max-snippet:-1, max-image-preview:large, max-video-preview:-1\" \/>\n<link rel=\"canonical\" href=\"https:\/\/legrandcontinent.eu\/fr\/p\/thomas-laffitte\/\" \/>\n<meta property=\"og:locale\" content=\"fr_FR\" \/>\n<meta property=\"og:type\" content=\"article\" \/>\n<meta property=\"og:title\" content=\"Thomas Laffitte | Le Grand Continent\" \/>\n<meta property=\"og:description\" content=\"Doctorant en science politique au Centre d&rsquo;\u00e9tudes europ\u00e9ennes (CEE) \u00e0 Sciences Po Paris ainsi qu&rsquo;\u00e0 la Central European University (CEU) de Vienne en Autriche. Ancien journaliste correspondant bas\u00e9 \u00e0 Budapest.\" \/>\n<meta property=\"og:url\" content=\"https:\/\/legrandcontinent.eu\/fr\/p\/thomas-laffitte\/\" \/>\n<meta property=\"og:site_name\" content=\"Le Grand Continent\" \/>\n<meta name=\"twitter:card\" content=\"summary_large_image\" \/>\n<script type=\"application\/ld+json\" class=\"yoast-schema-graph\">{\"@context\":\"https:\/\/schema.org\",\"@graph\":[{\"@type\":\"CollectionPage\",\"@id\":\"https:\/\/legrandcontinent.eu\/fr\/p\/thomas-laffitte\/\",\"url\":\"https:\/\/legrandcontinent.eu\/fr\/p\/thomas-laffitte\/\",\"name\":\"Thomas Laffitte | Le Grand Continent\",\"isPartOf\":{\"@id\":\"https:\/\/legrandcontinent.eu\/fr\/#website\"},\"breadcrumb\":{\"@id\":\"https:\/\/legrandcontinent.eu\/fr\/p\/thomas-laffitte\/#breadcrumb\"},\"inLanguage\":\"fr-FR\"},{\"@type\":\"BreadcrumbList\",\"@id\":\"https:\/\/legrandcontinent.eu\/fr\/p\/thomas-laffitte\/#breadcrumb\",\"itemListElement\":[{\"@type\":\"ListItem\",\"position\":1,\"name\":\"Accueil\",\"item\":\"https:\/\/legrandcontinent.eu\/fr\/\"},{\"@type\":\"ListItem\",\"position\":2,\"name\":\"Thomas Laffitte\"}]},{\"@type\":\"WebSite\",\"@id\":\"https:\/\/legrandcontinent.eu\/fr\/#website\",\"url\":\"https:\/\/legrandcontinent.eu\/fr\/\",\"name\":\"Le Grand Continent\",\"description\":\"L&#039;\u00e9chelle pertinente\",\"potentialAction\":[{\"@type\":\"SearchAction\",\"target\":{\"@type\":\"EntryPoint\",\"urlTemplate\":\"https:\/\/legrandcontinent.eu\/fr\/?s={search_term_string}\"},\"query-input\":{\"@type\":\"PropertyValueSpecification\",\"valueRequired\":true,\"valueName\":\"search_term_string\"}}],\"inLanguage\":\"fr-FR\"}]}<\/script>\n<!-- \/ Yoast SEO plugin. -->","yoast_head_json":{"title":"Thomas Laffitte | Le Grand Continent","robots":{"index":"index","follow":"follow","max-snippet":"max-snippet:-1","max-image-preview":"max-image-preview:large","max-video-preview":"max-video-preview:-1"},"canonical":"https:\/\/legrandcontinent.eu\/fr\/p\/thomas-laffitte\/","og_locale":"fr_FR","og_type":"article","og_title":"Thomas Laffitte | Le Grand Continent","og_description":"Doctorant en science politique au Centre d&rsquo;\u00e9tudes europ\u00e9ennes (CEE) \u00e0 Sciences Po Paris ainsi qu&rsquo;\u00e0 la Central European University (CEU) de Vienne en Autriche. Ancien journaliste correspondant bas\u00e9 \u00e0 Budapest.","og_url":"https:\/\/legrandcontinent.eu\/fr\/p\/thomas-laffitte\/","og_site_name":"Le Grand Continent","twitter_card":"summary_large_image","schema":{"@context":"https:\/\/schema.org","@graph":[{"@type":"CollectionPage","@id":"https:\/\/legrandcontinent.eu\/fr\/p\/thomas-laffitte\/","url":"https:\/\/legrandcontinent.eu\/fr\/p\/thomas-laffitte\/","name":"Thomas Laffitte | Le Grand Continent","isPartOf":{"@id":"https:\/\/legrandcontinent.eu\/fr\/#website"},"breadcrumb":{"@id":"https:\/\/legrandcontinent.eu\/fr\/p\/thomas-laffitte\/#breadcrumb"},"inLanguage":"fr-FR"},{"@type":"BreadcrumbList","@id":"https:\/\/legrandcontinent.eu\/fr\/p\/thomas-laffitte\/#breadcrumb","itemListElement":[{"@type":"ListItem","position":1,"name":"Accueil","item":"https:\/\/legrandcontinent.eu\/fr\/"},{"@type":"ListItem","position":2,"name":"Thomas Laffitte"}]},{"@type":"WebSite","@id":"https:\/\/legrandcontinent.eu\/fr\/#website","url":"https:\/\/legrandcontinent.eu\/fr\/","name":"Le Grand Continent","description":"L&#039;\u00e9chelle pertinente","potentialAction":[{"@type":"SearchAction","target":{"@type":"EntryPoint","urlTemplate":"https:\/\/legrandcontinent.eu\/fr\/?s={search_term_string}"},"query-input":{"@type":"PropertyValueSpecification","valueRequired":true,"valueName":"search_term_string"}}],"inLanguage":"fr-FR"}]}},"first_name":null,"last_name":null,"picture":{"url":"https:\/\/legrandcontinent.eu\/fr\/wp-content\/uploads\/sites\/2\/2024\/09\/gc-Laffitte.png","width":336,"height":330,"alt":""},"_links":{"self":[{"href":"https:\/\/legrandcontinent.eu\/fr\/wp-json\/wp\/v2\/staff\/3038","targetHints":{"allow":["GET"]}}],"collection":[{"href":"https:\/\/legrandcontinent.eu\/fr\/wp-json\/wp\/v2\/staff"}],"about":[{"href":"https:\/\/legrandcontinent.eu\/fr\/wp-json\/wp\/v2\/taxonomies\/staff"}],"wp:post_type":[{"href":"https:\/\/legrandcontinent.eu\/fr\/wp-json\/wp\/v2\/posts?staff=3038"},{"href":"https:\/\/legrandcontinent.eu\/fr\/wp-json\/wp\/v2\/sunday?staff=3038"}],"curies":[{"name":"wp","href":"https:\/\/api.w.org\/{rel}","templated":true}]}}