{"id":99249,"date":"2021-02-05T19:02:53","date_gmt":"2021-02-05T18:02:53","guid":{"rendered":"https:\/\/legrandcontinent.eu\/fr\/?p=99249"},"modified":"2021-02-05T19:03:05","modified_gmt":"2021-02-05T18:03:05","slug":"green-deal-et-covid-19","status":"publish","type":"post","link":"https:\/\/legrandcontinent.eu\/fr\/2021\/02\/05\/green-deal-et-covid-19\/","title":{"rendered":"Green Deal et Covid-19"},"content":{"rendered":"\n<p>La strat\u00e9gie du Pacte vert, pr\u00e9sent\u00e9e par la Commission von der Leyen il y a plus d\u2019un an, est parvenue \u00e0 rester une priorit\u00e9 malgr\u00e9 la pand\u00e9mie.<\/p>\n\n\n\n<ul class=\"wp-block-list\"><li><strong>La transformation transforme la transformation.<\/strong>\u00a0Durant la premi\u00e8re vague du coronavirus, de nombreuses voix institutionnelles, notamment en Pologne et en R\u00e9publique tch\u00e8que, se sont \u00e9lev\u00e9es contre la pr\u00e9sence du Pacte Vert, arguant que la priorit\u00e9 devait \u00eatre donn\u00e9e \u00e0 la crise sanitaire, mais la Commission n\u2019a pas chang\u00e9 de cap.&nbsp;<span class='whitespace-nowrap'><span id='easy-footnote-1-99249' class='easy-footnote-margin-adjust'><\/span><span class='easy-footnote'><a href='https:\/\/legrandcontinent.eu\/fr\/2021\/02\/05\/green-deal-et-covid-19\/#easy-footnote-bottom-1-99249' title='BOUCART Th\u00e9o, &lt;a href=&quot;https:\/\/legrandcontinent.eu\/fr\/2021\/01\/28\/pacte-vert-pour-leurope-malgre-la-covid-19-un-premier-bilan-encourageant\/?mc_cid=bb45930f83&amp;amp;mc_eid=9d9d57a1aa&quot;&gt;Pacte vert pour l\u2019Europe&amp;#160;: malgr\u00e9 la COVID-19, un premier bilan encourageant&lt;\/a&gt;, Le Grand Continent, 28 janvier 2021'><sup>1<\/sup><\/a><\/span><\/span><\/li><\/ul>\n\n\n\n\n\n<figure class=\"wp-block-image wp-block-image-large\"\n    data-shadow=\"false\"\n    data-use-original-file=\"false\">\n    <a\n        data-pswp-src=\"https:\/\/legrandcontinent.eu\/fr\/wp-content\/uploads\/sites\/2\/2019\/12\/GEG_performanceenvironnementale_environnement_europe-scaled-1.png\"\n        class=\"inline-block gallery-item no-underline \"\n        data-pswp-width=\"2560\"\n        data-pswp-height=\"2353\">\n                                        <picture>\r\n                    <source\r\n                srcset=\"https:\/\/legrandcontinent.eu\/fr\/wp-content\/uploads\/sites\/2\/2019\/12\/GEG_performanceenvironnementale_environnement_europe-scaled-1-330x303.png\"\r\n                media=\"(max-width: 374px)\" \/>\r\n                    <source\r\n                srcset=\"https:\/\/legrandcontinent.eu\/fr\/wp-content\/uploads\/sites\/2\/2019\/12\/GEG_performanceenvironnementale_environnement_europe-scaled-1-690x634.png\"\r\n                media=\"(max-width: 989px)\" \/>\r\n                    <source\r\n                srcset=\"https:\/\/legrandcontinent.eu\/fr\/wp-content\/uploads\/sites\/2\/2019\/12\/GEG_performanceenvironnementale_environnement_europe-scaled-1-1340x1232.png\"\r\n                media=\"(min-width: 990px)\" \/>\r\n                <img decoding=\"async\" alt=\"Les pays europ\u00e9ens, bon indice de performance environnementale\" src=\"https:\/\/legrandcontinent.eu\/fr\/wp-content\/uploads\/sites\/2\/2019\/12\/GEG_performanceenvironnementale_environnement_europe-scaled-1-125x115.png\" \/>\r\n        <\/picture>\r\n                            \n            <\/a>\n<\/figure>\n\n\n<ul class=\"wp-block-list\"><li><strong>L\u2019un des piliers du plan de relance<\/strong>\u00a0et l\u2019une des priorit\u00e9s d\u00e9clar\u00e9es par la pr\u00e9sidence portugaise du Conseil est la transition \u00e9cologique, au c\u00f4t\u00e9 de la transition num\u00e9rique. Le volet \u00ab&#160;ressources naturelles et environnement&#160;\u00bb compte pour 30&#160;% du Cadre financier pluriannuel 2021-2027 (356 milliards d\u2019euros).&nbsp;<span class='whitespace-nowrap'><span id='easy-footnote-2-99249' class='easy-footnote-margin-adjust'><\/span><span class='easy-footnote'><a href='https:\/\/legrandcontinent.eu\/fr\/2021\/02\/05\/green-deal-et-covid-19\/#easy-footnote-bottom-2-99249' title='SANCHO Hugo, &lt;a href=&quot;https:\/\/legrandcontinent.eu\/fr\/2020\/04\/16\/quelle-place-pour-le-green-deal-dans-la-relance-economique-europeenne\/?mc_cid=bb45930f83&amp;amp;mc_eid=9d9d57a1aa&quot;&gt;Quelle place pour le Green Deal dans la relance \u00e9conomique europ\u00e9enne&amp;#160;?&lt;\/a&gt;, Le Grand Continent, 16 avril 2020'><sup>2<\/sup><\/a><\/span><\/span><\/li><\/ul>\n\n\n\n<div class=\"iframe-container wp-block-image wp-block-image-large  iframe-dw\">\n\t<div>\n\t\t<iframe class=\"absolute w-full h-full pin-t pin-l\" title=\"titolo\" aria-label=\"Interactive line chart\" src=\"\/\/datawrapper.dwcdn.net\/cKrcA\/1\/\" scrolling=\"no\" frameborder=\"0\"><\/iframe>\n\t<\/div>\n<\/div>\n\n\n\n<ul class=\"wp-block-list\"><li><strong>Le Pacte sera-t-il social&#160;?<\/strong>\u00a0Les architectes du Green Deal mettent en avant sa prise en compte du caract\u00e8re juste de la transition (avec notamment la mise en place du Fonds de transition Juste). \u00ab&#160;La seule fa\u00e7on de proc\u00e9der, et c\u2019est peut-\u00eatre le plus grand d\u00e9fi du Green Deal, est que les gens per\u00e7oivent notre action comme \u00e9tant socialement juste&#160;\u00bb, nous d\u00e9clarait Frans Timmermans, vice-pr\u00e9sident de la Commission europ\u00e9enne charg\u00e9 du Green Deal.&nbsp;<span class='whitespace-nowrap'><span id='easy-footnote-3-99249' class='easy-footnote-margin-adjust'><\/span><span class='easy-footnote'><a href='https:\/\/legrandcontinent.eu\/fr\/2021\/02\/05\/green-deal-et-covid-19\/#easy-footnote-bottom-3-99249' title='&lt;a href=&quot;https:\/\/legrandcontinent.eu\/fr\/2019\/10\/08\/green-new-deal-quatre-questions-a-frans-timmermans\/?mc_cid=bb45930f83&amp;amp;mc_eid=9d9d57a1aa&quot;&gt;Green New Deal&amp;#160;: quatre questions \u00e0 Frans Timmermans, &lt;\/a&gt;Le Grand Continent, 8 octobre 2019'><sup>3<\/sup><\/a><\/span><\/span><\/li><li><strong>Le <em>Green Deal <\/em><\/strong>est aussi une arme diplomatique europ\u00e9enne.&nbsp;<span class='whitespace-nowrap'><span id='easy-footnote-4-99249' class='easy-footnote-margin-adjust'><\/span><span class='easy-footnote'><a href='https:\/\/legrandcontinent.eu\/fr\/2021\/02\/05\/green-deal-et-covid-19\/#easy-footnote-bottom-4-99249' title='BOUCART Th\u00e9o, &lt;a href=&quot;https:\/\/legrandcontinent.eu\/fr\/2020\/01\/18\/le-green-deal-arme-diplomatique-europeenne\/?mc_cid=bb45930f83&amp;amp;mc_eid=9d9d57a1aa&quot;&gt;Le Green deal, arme diplomatique europ\u00e9enne&amp;#160;?,&lt;\/a&gt; Le Grand Continent, 18 janvier 2020'><sup>4<\/sup><\/a><\/span><\/span><\/li><\/ul>\n","protected":false},"excerpt":{"rendered":"<p>La strat\u00e9gie du Pacte vert, pr\u00e9sent\u00e9e par la Commission von der Leyen il y a plus d\u2019un an, est parvenue \u00e0 rester une priorit\u00e9 malgr\u00e9 la pand\u00e9mie.<\/p>\n","protected":false},"author":175,"featured_media":79761,"comment_status":"closed","ping_status":"closed","sticky":false,"template":"templates\/post-briefings.php","format":"standard","meta":{"_acf_changed":false,"_trash_the_other_posts":false,"_yoast_wpseo_estimated-reading-time-minutes":2,"footnotes":""},"categories":[1730],"tags":[],"staff":[1780],"editorial_format":[],"serie":[],"audience":[],"geo":[1917],"class_list":["post-99249","post","type-post","status-publish","format-standard","hentry","category-energie-et-environnement","staff-le-grand-continent","geo-europe"],"acf":{"open_in_webview":false,"accent":false,"_thumbnail_id":79761,"excerpt":"La strat\u00e9gie du Pacte vert, pr\u00e9sent\u00e9e par la Commission von der Leyen il y a plus d\u2019un an, est parvenue \u00e0 rester une priorit\u00e9 malgr\u00e9 la pand\u00e9mie.","display_date":"","new_abstract":true},"yoast_head":"<!-- This site is optimized with the Yoast SEO plugin v26.1.1 - https:\/\/yoast.com\/wordpress\/plugins\/seo\/ -->\n<title>Green Deal et Covid-19 | Le Grand Continent<\/title>\n<meta name=\"robots\" content=\"index, follow, max-snippet:-1, max-image-preview:large, max-video-preview:-1\" \/>\n<link rel=\"canonical\" href=\"https:\/\/legrandcontinent.eu\/fr\/2021\/02\/05\/green-deal-et-covid-19\/\" \/>\n<meta property=\"og:locale\" content=\"fr_FR\" \/>\n<meta property=\"og:type\" content=\"article\" \/>\n<meta property=\"og:title\" content=\"Green Deal et Covid-19 | Le Grand Continent\" \/>\n<meta property=\"og:description\" content=\"La strat\u00e9gie du Pacte vert, pr\u00e9sent\u00e9e par la Commission von der Leyen il y a plus d\u2019un an, est parvenue \u00e0 rester une priorit\u00e9 malgr\u00e9 la pand\u00e9mie.\" \/>\n<meta property=\"og:url\" content=\"https:\/\/legrandcontinent.eu\/fr\/2021\/02\/05\/green-deal-et-covid-19\/\" \/>\n<meta property=\"og:site_name\" content=\"Le Grand Continent\" \/>\n<meta property=\"article:published_time\" content=\"2021-02-05T18:02:53+00:00\" \/>\n<meta property=\"article:modified_time\" content=\"2021-02-05T18:03:05+00:00\" \/>\n<meta property=\"og:image\" content=\"https:\/\/legrandcontinent.eu\/fr\/wp-content\/uploads\/sites\/2\/2020\/07\/GC-template-share-1-19.jpg\" \/>\n\t<meta property=\"og:image:width\" content=\"1200\" \/>\n\t<meta property=\"og:image:height\" content=\"693\" \/>\n\t<meta property=\"og:image:type\" content=\"image\/jpeg\" \/>\n<meta name=\"author\" content=\"Giovanni Collot\" \/>\n<meta name=\"twitter:card\" content=\"summary_large_image\" \/>\n<meta name=\"twitter:image\" content=\"https:\/\/legrandcontinent.eu\/fr\/wp-content\/uploads\/sites\/2\/2020\/07\/GC-template-share-1-19.jpg\" \/>\n<meta name=\"twitter:label1\" content=\"\u00c9crit par\" \/>\n\t<meta name=\"twitter:data1\" content=\"Giovanni Collot\" \/>\n\t<meta name=\"twitter:label2\" content=\"Dur\u00e9e de lecture estim\u00e9e\" \/>\n\t<meta name=\"twitter:data2\" content=\"2 minutes\" \/>\n<script type=\"application\/ld+json\" class=\"yoast-schema-graph\">{\"@context\":\"https:\/\/schema.org\",\"@graph\":[{\"@type\":\"WebPage\",\"@id\":\"https:\/\/legrandcontinent.eu\/fr\/2021\/02\/05\/green-deal-et-covid-19\/\",\"url\":\"https:\/\/legrandcontinent.eu\/fr\/2021\/02\/05\/green-deal-et-covid-19\/\",\"name\":\"Green Deal et Covid-19 | Le Grand Continent\",\"isPartOf\":{\"@id\":\"https:\/\/legrandcontinent.eu\/fr\/#website\"},\"primaryImageOfPage\":{\"@id\":\"https:\/\/legrandcontinent.eu\/fr\/2021\/02\/05\/green-deal-et-covid-19\/#primaryimage\"},\"image\":{\"@id\":\"https:\/\/legrandcontinent.eu\/fr\/2021\/02\/05\/green-deal-et-covid-19\/#primaryimage\"},\"thumbnailUrl\":\"https:\/\/legrandcontinent.eu\/fr\/wp-content\/uploads\/sites\/2\/2020\/07\/GC-template-share-1-19.jpg\",\"datePublished\":\"2021-02-05T18:02:53+00:00\",\"dateModified\":\"2021-02-05T18:03:05+00:00\",\"author\":{\"@id\":\"https:\/\/legrandcontinent.eu\/fr\/#\/schema\/person\/953192c3de3c2331be3997745a2f12ef\"},\"breadcrumb\":{\"@id\":\"https:\/\/legrandcontinent.eu\/fr\/2021\/02\/05\/green-deal-et-covid-19\/#breadcrumb\"},\"inLanguage\":\"fr-FR\",\"potentialAction\":[{\"@type\":\"ReadAction\",\"target\":[\"https:\/\/legrandcontinent.eu\/fr\/2021\/02\/05\/green-deal-et-covid-19\/\"]}]},{\"@type\":\"ImageObject\",\"inLanguage\":\"fr-FR\",\"@id\":\"https:\/\/legrandcontinent.eu\/fr\/2021\/02\/05\/green-deal-et-covid-19\/#primaryimage\",\"url\":\"https:\/\/legrandcontinent.eu\/fr\/wp-content\/uploads\/sites\/2\/2020\/07\/GC-template-share-1-19.jpg\",\"contentUrl\":\"https:\/\/legrandcontinent.eu\/fr\/wp-content\/uploads\/sites\/2\/2020\/07\/GC-template-share-1-19.jpg\",\"width\":1200,\"height\":693},{\"@type\":\"BreadcrumbList\",\"@id\":\"https:\/\/legrandcontinent.eu\/fr\/2021\/02\/05\/green-deal-et-covid-19\/#breadcrumb\",\"itemListElement\":[{\"@type\":\"ListItem\",\"position\":1,\"name\":\"Accueil\",\"item\":\"https:\/\/legrandcontinent.eu\/fr\/\"},{\"@type\":\"ListItem\",\"position\":2,\"name\":\"Green Deal et Covid-19\"}]},{\"@type\":\"WebSite\",\"@id\":\"https:\/\/legrandcontinent.eu\/fr\/#website\",\"url\":\"https:\/\/legrandcontinent.eu\/fr\/\",\"name\":\"Le Grand Continent\",\"description\":\"L&#039;\u00e9chelle pertinente\",\"potentialAction\":[{\"@type\":\"SearchAction\",\"target\":{\"@type\":\"EntryPoint\",\"urlTemplate\":\"https:\/\/legrandcontinent.eu\/fr\/?s={search_term_string}\"},\"query-input\":{\"@type\":\"PropertyValueSpecification\",\"valueRequired\":true,\"valueName\":\"search_term_string\"}}],\"inLanguage\":\"fr-FR\"},{\"@type\":\"Person\",\"@id\":\"https:\/\/legrandcontinent.eu\/fr\/#\/schema\/person\/953192c3de3c2331be3997745a2f12ef\",\"name\":\"Giovanni Collot\",\"image\":{\"@type\":\"ImageObject\",\"inLanguage\":\"fr-FR\",\"@id\":\"https:\/\/legrandcontinent.eu\/fr\/#\/schema\/person\/image\/\",\"url\":\"https:\/\/secure.gravatar.com\/avatar\/d93cac37237065a8de4498df3db60dde?s=96&d=mm&r=g\",\"contentUrl\":\"https:\/\/secure.gravatar.com\/avatar\/d93cac37237065a8de4498df3db60dde?s=96&d=mm&r=g\",\"caption\":\"Giovanni Collot\"}}]}<\/script>\n<!-- \/ Yoast SEO plugin. -->","yoast_head_json":{"title":"Green Deal et Covid-19 | Le Grand Continent","robots":{"index":"index","follow":"follow","max-snippet":"max-snippet:-1","max-image-preview":"max-image-preview:large","max-video-preview":"max-video-preview:-1"},"canonical":"https:\/\/legrandcontinent.eu\/fr\/2021\/02\/05\/green-deal-et-covid-19\/","og_locale":"fr_FR","og_type":"article","og_title":"Green Deal et Covid-19 | Le Grand Continent","og_description":"La strat\u00e9gie du Pacte vert, pr\u00e9sent\u00e9e par la Commission von der Leyen il y a plus d\u2019un an, est parvenue \u00e0 rester une priorit\u00e9 malgr\u00e9 la pand\u00e9mie.","og_url":"https:\/\/legrandcontinent.eu\/fr\/2021\/02\/05\/green-deal-et-covid-19\/","og_site_name":"Le Grand Continent","article_published_time":"2021-02-05T18:02:53+00:00","article_modified_time":"2021-02-05T18:03:05+00:00","og_image":[{"width":1200,"height":693,"url":"https:\/\/legrandcontinent.eu\/fr\/wp-content\/uploads\/sites\/2\/2020\/07\/GC-template-share-1-19.jpg","type":"image\/jpeg"}],"author":"Giovanni Collot","twitter_card":"summary_large_image","twitter_image":"https:\/\/legrandcontinent.eu\/fr\/wp-content\/uploads\/sites\/2\/2020\/07\/GC-template-share-1-19.jpg","twitter_misc":{"\u00c9crit par":"Giovanni Collot","Dur\u00e9e de lecture estim\u00e9e":"2 minutes"},"schema":{"@context":"https:\/\/schema.org","@graph":[{"@type":"WebPage","@id":"https:\/\/legrandcontinent.eu\/fr\/2021\/02\/05\/green-deal-et-covid-19\/","url":"https:\/\/legrandcontinent.eu\/fr\/2021\/02\/05\/green-deal-et-covid-19\/","name":"Green Deal et Covid-19 | Le Grand Continent","isPartOf":{"@id":"https:\/\/legrandcontinent.eu\/fr\/#website"},"primaryImageOfPage":{"@id":"https:\/\/legrandcontinent.eu\/fr\/2021\/02\/05\/green-deal-et-covid-19\/#primaryimage"},"image":{"@id":"https:\/\/legrandcontinent.eu\/fr\/2021\/02\/05\/green-deal-et-covid-19\/#primaryimage"},"thumbnailUrl":"https:\/\/legrandcontinent.eu\/fr\/wp-content\/uploads\/sites\/2\/2020\/07\/GC-template-share-1-19.jpg","datePublished":"2021-02-05T18:02:53+00:00","dateModified":"2021-02-05T18:03:05+00:00","author":{"@id":"https:\/\/legrandcontinent.eu\/fr\/#\/schema\/person\/953192c3de3c2331be3997745a2f12ef"},"breadcrumb":{"@id":"https:\/\/legrandcontinent.eu\/fr\/2021\/02\/05\/green-deal-et-covid-19\/#breadcrumb"},"inLanguage":"fr-FR","potentialAction":[{"@type":"ReadAction","target":["https:\/\/legrandcontinent.eu\/fr\/2021\/02\/05\/green-deal-et-covid-19\/"]}]},{"@type":"ImageObject","inLanguage":"fr-FR","@id":"https:\/\/legrandcontinent.eu\/fr\/2021\/02\/05\/green-deal-et-covid-19\/#primaryimage","url":"https:\/\/legrandcontinent.eu\/fr\/wp-content\/uploads\/sites\/2\/2020\/07\/GC-template-share-1-19.jpg","contentUrl":"https:\/\/legrandcontinent.eu\/fr\/wp-content\/uploads\/sites\/2\/2020\/07\/GC-template-share-1-19.jpg","width":1200,"height":693},{"@type":"BreadcrumbList","@id":"https:\/\/legrandcontinent.eu\/fr\/2021\/02\/05\/green-deal-et-covid-19\/#breadcrumb","itemListElement":[{"@type":"ListItem","position":1,"name":"Accueil","item":"https:\/\/legrandcontinent.eu\/fr\/"},{"@type":"ListItem","position":2,"name":"Green Deal et Covid-19"}]},{"@type":"WebSite","@id":"https:\/\/legrandcontinent.eu\/fr\/#website","url":"https:\/\/legrandcontinent.eu\/fr\/","name":"Le Grand Continent","description":"L&#039;\u00e9chelle pertinente","potentialAction":[{"@type":"SearchAction","target":{"@type":"EntryPoint","urlTemplate":"https:\/\/legrandcontinent.eu\/fr\/?s={search_term_string}"},"query-input":{"@type":"PropertyValueSpecification","valueRequired":true,"valueName":"search_term_string"}}],"inLanguage":"fr-FR"},{"@type":"Person","@id":"https:\/\/legrandcontinent.eu\/fr\/#\/schema\/person\/953192c3de3c2331be3997745a2f12ef","name":"Giovanni Collot","image":{"@type":"ImageObject","inLanguage":"fr-FR","@id":"https:\/\/legrandcontinent.eu\/fr\/#\/schema\/person\/image\/","url":"https:\/\/secure.gravatar.com\/avatar\/d93cac37237065a8de4498df3db60dde?s=96&d=mm&r=g","contentUrl":"https:\/\/secure.gravatar.com\/avatar\/d93cac37237065a8de4498df3db60dde?s=96&d=mm&r=g","caption":"Giovanni Collot"}}]}},"lgc_categories":[{"id":1730,"name":"\u00c9nergie et environnement","slug":"energie-et-environnement"}],"lgc_author":{"id":1780,"name":"Le Grand Continent","slug":"le-grand-continent","description":null,"first_name":null,"last_name":null,"picture":null},"feature_image_summary":{"url":"https:\/\/legrandcontinent.eu\/fr\/wp-content\/uploads\/sites\/2\/2020\/07\/GC-template-share-1-19.jpg","width":1200,"height":693,"alt":""},"feature_image_cover":null,"term_position_data":null,"_links":{"self":[{"href":"https:\/\/legrandcontinent.eu\/fr\/wp-json\/wp\/v2\/posts\/99249","targetHints":{"allow":["GET"]}}],"collection":[{"href":"https:\/\/legrandcontinent.eu\/fr\/wp-json\/wp\/v2\/posts"}],"about":[{"href":"https:\/\/legrandcontinent.eu\/fr\/wp-json\/wp\/v2\/types\/post"}],"author":[{"embeddable":true,"href":"https:\/\/legrandcontinent.eu\/fr\/wp-json\/wp\/v2\/users\/175"}],"replies":[{"embeddable":true,"href":"https:\/\/legrandcontinent.eu\/fr\/wp-json\/wp\/v2\/comments?post=99249"}],"version-history":[{"count":0,"href":"https:\/\/legrandcontinent.eu\/fr\/wp-json\/wp\/v2\/posts\/99249\/revisions"}],"wp:featuredmedia":[{"embeddable":true,"href":"https:\/\/legrandcontinent.eu\/fr\/wp-json\/wp\/v2\/media\/79761"}],"wp:attachment":[{"href":"https:\/\/legrandcontinent.eu\/fr\/wp-json\/wp\/v2\/media?parent=99249"}],"wp:term":[{"taxonomy":"category","embeddable":true,"href":"https:\/\/legrandcontinent.eu\/fr\/wp-json\/wp\/v2\/categories?post=99249"},{"taxonomy":"post_tag","embeddable":true,"href":"https:\/\/legrandcontinent.eu\/fr\/wp-json\/wp\/v2\/tags?post=99249"},{"taxonomy":"staff","embeddable":true,"href":"https:\/\/legrandcontinent.eu\/fr\/wp-json\/wp\/v2\/staff?post=99249"},{"taxonomy":"editorial_format","embeddable":true,"href":"https:\/\/legrandcontinent.eu\/fr\/wp-json\/wp\/v2\/editorial_format?post=99249"},{"taxonomy":"serie","embeddable":true,"href":"https:\/\/legrandcontinent.eu\/fr\/wp-json\/wp\/v2\/serie?post=99249"},{"taxonomy":"audience","embeddable":true,"href":"https:\/\/legrandcontinent.eu\/fr\/wp-json\/wp\/v2\/audience?post=99249"},{"taxonomy":"geo","embeddable":true,"href":"https:\/\/legrandcontinent.eu\/fr\/wp-json\/wp\/v2\/geo?post=99249"}],"curies":[{"name":"wp","href":"https:\/\/api.w.org\/{rel}","templated":true}]}}