{"id":99110,"date":"2021-02-04T14:40:49","date_gmt":"2021-02-04T13:40:49","guid":{"rendered":"https:\/\/legrandcontinent.eu\/fr\/?p=99110"},"modified":"2021-02-22T09:56:22","modified_gmt":"2021-02-22T08:56:22","slug":"explosions-au-port-de-beyrouth-justice-rendue","status":"publish","type":"post","link":"https:\/\/legrandcontinent.eu\/fr\/2021\/02\/04\/explosions-au-port-de-beyrouth-justice-rendue\/","title":{"rendered":"Explosions au port de Beyrouth&#160;: justice rendue&#160;?"},"content":{"rendered":"\n<p>Le 4 ao\u00fbt 2020, deux explosions touchent le port de Beyrouth, ravageant la capitale et ses alentours. Ressenties jusqu\u2019\u00e0 Chypre et r\u00e9sonnant dans la t\u00eate des Libanais, ces deux d\u00e9tonations intriguent une population libanaise sans r\u00e9ponses. Les lignes t\u00e9l\u00e9phoniques sont coup\u00e9es et les cha\u00eenes t\u00e9l\u00e9vis\u00e9es perturb\u00e9es pour une dizaine de minutes, le calvaire des libanais ne fait que commencer. Tr\u00e8s vite, le bilan est \u00e9tabli&#160;: 2750 tonnes de nitrate d\u2019ammonium stock\u00e9es \u00e0 l\u2019entrep\u00f4t num\u00e9ro 12 auraient explos\u00e9es, faisant plus de 200 morts et des milliers de bless\u00e9s.&nbsp;<span class='whitespace-nowrap'><span id='easy-footnote-1-99110' class='easy-footnote-margin-adjust'><\/span><span class='easy-footnote'><a href='https:\/\/legrandcontinent.eu\/fr\/2021\/02\/04\/explosions-au-port-de-beyrouth-justice-rendue\/#easy-footnote-bottom-1-99110' title='Zenia Antonios, &lt;a href=&quot;https:\/\/www.france24.com\/fr\/%C3%A9missions\/reporters\/20201211-explosions-de-beyrouth-l-arm%C3%A9e-libanaise-au-chevet-de-la-population&quot;&gt;Explosions au port de Beyrouth&amp;#160;: l\u2019arm\u00e9e libanaise au chevet de la population&lt;\/a&gt;, &lt;em&gt;France 24&lt;\/em&gt;, 11 d\u00e9cembre 2020'><sup>1<\/sup><\/a><\/span><\/span><\/p>\n\n\n\n<p>Quelques jours apr\u00e8s le drame, les Libanais regagnent la rue, de grandes manifestations sont annonc\u00e9es pour le samedi 8 ao\u00fbt. Les manifestants brandissent des potences&#160;; ils r\u00e9clament justice, des d\u00e9missions et parfois des ex\u00e9cutions. Deux jours plus tard, le Premier ministre Hassan Diab annonce la d\u00e9mission du gouvernement. Il s\u2019av\u00e8re que ce gouvernement \u00e9tait inform\u00e9 de la pr\u00e9sence des tonnes de nitrate d\u2019ammonium dans le port, et qu\u2019il avait \u00e9t\u00e9 pr\u00e9venu maintes fois de la dangerosit\u00e9 de ce stockage. Comment est-ce que ces substances chimiques sont arriv\u00e9es au port de Beyrouth&#160;? Qui tenir pour responsable&#160;?<\/p>\n\n\n\n<h4 class=\"wp-block-heading\">Les premiers \u00e9l\u00e9ments de l\u2019enqu\u00eate<\/h4>\n\n\n\n<p>Les deux d\u00e9flagrations ont fait \u00e9cho dans le monde entier, et la communaut\u00e9 internationale ne tarde pas \u00e0 se mobiliser pour un pays rong\u00e9 par la dette, la corruption, une pand\u00e9mie, et la d\u00e9vastation de sa capitale. Les premi\u00e8res aides arrivent moins de 24 heures apr\u00e8s le drame, le pr\u00e9sident fran\u00e7ais Emmanuel Macron se rend lui-m\u00eame sur place moins de deux jours apr\u00e8s l\u2019accident. Si l\u2019aide internationale envers le Liban est g\u00e9n\u00e9ralement financi\u00e8re, elle aurait pu \u00eatre de nature juridique, si les autorit\u00e9s libanaises avaient accept\u00e9 de recourir \u00e0 une enqu\u00eate internationale. Cependant, cela n\u2019a pas \u00e9t\u00e9 fait, et seuls des enqu\u00eateurs fran\u00e7ais et ceux du FBI am\u00e9ricain ont eu l\u2019autorisation de participer aux investigations pr\u00e9liminaires.&nbsp;<span class='whitespace-nowrap'><span id='easy-footnote-2-99110' class='easy-footnote-margin-adjust'><\/span><span class='easy-footnote'><a href='https:\/\/legrandcontinent.eu\/fr\/2021\/02\/04\/explosions-au-port-de-beyrouth-justice-rendue\/#easy-footnote-bottom-2-99110' title='&lt;a href=&quot;https:\/\/www.francetvinfo.fr\/monde\/proche-orient\/liban\/explosions-a-beyrouth\/beyrouth-pour-le-fbi-l-explosion-a-ete-provoquee-par-500-tonnes-de-nitrate-d-ammonium_4237709.html&quot;&gt;Beyrouth&amp;#160;: pour le FBI, l&amp;rsquo;explosion a \u00e9t\u00e9 provoqu\u00e9e par 500 tonnes de nitrate d&amp;rsquo;ammonium&lt;\/a&gt;, &lt;em&gt;Franceinfo&lt;\/em&gt;, 29 d\u00e9cembre 2020.'><sup>2<\/sup><\/a><\/span><\/span><\/p>\n\n\n\n<p>L\u2019histoire des 2750 tonnes ne date pas d\u2019hier, elle remonte \u00e0 2013. Le 29 septembre 2013, le Rhosus quitte la G\u00e9orgie avec sa cargaison explosive en direction du Mozambique. Le propri\u00e9taire russe, ne pouvant plus payer l\u2019entretien du bateau ni les salaires, demande \u00e0 l\u2019\u00e9quipage arriv\u00e9 en Gr\u00e8ce de modifier l\u2019itin\u00e9raire. Nouvelle destination&#160;: Beyrouth, un tour de passe-passe pour transporter davantage de cargaison en se faisant payer de quoi pouvoir continuer la travers\u00e9e. Dans la capitale libanaise, le bateau s\u2019arr\u00eate d\u00e9finitivement, n\u2019\u00e9tant pas en r\u00e8gle pour prendre le large, et l\u2019\u00e9quipage se retrouve bloqu\u00e9 au Liban. Un an plus tard, les marins ont obtenu le droit de retourner chez eux, la cargaison explosive est stock\u00e9e dans l\u2019entrep\u00f4t 12, et le Rhosus coule.<\/p>\n\n\n\n<p>Selon l\u2019enqu\u00eate du FBI, seules 500 tonnes seraient \u00e0 l\u2019origine de cette explosion, et non pas 2750. O\u00f9 est le reste de la mati\u00e8re&#160;? L\u2019enqu\u00eate laisse les Libanais avec plus de questions que de r\u00e9ponses. Seuls quelques fonctionnaires du port et des autorit\u00e9s douani\u00e8res sont d\u00e9tenus&nbsp;<span class='whitespace-nowrap'><span id='easy-footnote-3-99110' class='easy-footnote-margin-adjust'><\/span><span class='easy-footnote'><a href='https:\/\/legrandcontinent.eu\/fr\/2021\/02\/04\/explosions-au-port-de-beyrouth-justice-rendue\/#easy-footnote-bottom-3-99110' title='&lt;a href=&quot;https:\/\/www.letemps.ch\/monde\/explosions-beyrouth-seize-fonctionnaires-port-places-detention&quot;&gt;Explosions \u00e0 Beyrouth&amp;#160;: seize fonctionnaires du port plac\u00e9s en d\u00e9tention&lt;\/a&gt;, &lt;em&gt;Le Temps&lt;\/em&gt;, 7 ao\u00fbt 2020'><sup>3<\/sup><\/a><\/span><\/span>. Les employ\u00e9s de l\u2019Etat, ayant ob\u00e9i aux ordres donn\u00e9s par l\u2019Etat sont plac\u00e9s en d\u00e9tention. Qu\u2019en est-il de l\u2019Etat&#160;? Qu\u2019en est-il du gouvernement&#160;? Maints avertissements ont \u00e9t\u00e9 envoy\u00e9s aux autorit\u00e9s portuaires, aux minist\u00e8res, au gouvernement&nbsp;<span class='whitespace-nowrap'><span id='easy-footnote-4-99110' class='easy-footnote-margin-adjust'><\/span><span class='easy-footnote'><a href='https:\/\/legrandcontinent.eu\/fr\/2021\/02\/04\/explosions-au-port-de-beyrouth-justice-rendue\/#easy-footnote-bottom-4-99110' title='Matthias Masini, &lt;a href=&quot;https:\/\/www.lecho.be\/economie-politique\/international\/moyen-orient\/l-explosion-du-port-de-beyrouth-a-finalement-souffle-le-gouvernement-libanais\/10244331.html&quot;&gt;L&amp;rsquo;explosion du port de Beyrouth a finalement souffl\u00e9 le gouvernement libanais&lt;\/a&gt;, &lt;em&gt;L&amp;rsquo;Echo&lt;\/em&gt;, 10 ao\u00fbt 2020'><sup>4<\/sup><\/a><\/span><\/span> et \u00e9galement au Pr\u00e9sident de la R\u00e9publique. Certains avaient largement le temps d\u2019agir, d\u2019autres moins, mais aucune autorit\u00e9 n\u2019a agi. Les responsables se rejettent la responsabilit\u00e9 et les quelques arrestations ne satisfont pas les libanais.<\/p>\n\n\n\n<p>En effet, les autorit\u00e9s portuaires affirment avoir envoy\u00e9 des mises en garde, ils ont m\u00eame propos\u00e9 de vendre la cargaison. Sans succ\u00e8s. Le directeur g\u00e9n\u00e9ral du port de Beyrouth, Hassan Koraytem, a expliqu\u00e9 qu\u2019on lui avait affirm\u00e9 qu\u2019une vente aux ench\u00e8res sera organis\u00e9e, elle n\u2019a jamais eu lieu. Hassan Koraytem affirme \u00e9galement que la direction du port n\u2019avait pas le droit de disposer de la marchandise plac\u00e9e sous la garde d\u2019un repr\u00e9sentant de justice. Badri Daher, directeur des douanes, plac\u00e9 en d\u00e9tention pour plus d\u2019un mois, certifie avoir alert\u00e9 la justice plus de six fois sur la n\u00e9cessit\u00e9 de r\u00e9exporter la cargaison d\u00e9charg\u00e9e \u00e0 la suite d\u2019une d\u00e9cision de justice.&nbsp;<span class='whitespace-nowrap'><span id='easy-footnote-5-99110' class='easy-footnote-margin-adjust'><\/span><span class='easy-footnote'><a href='https:\/\/legrandcontinent.eu\/fr\/2021\/02\/04\/explosions-au-port-de-beyrouth-justice-rendue\/#easy-footnote-bottom-5-99110' title='Matthieu Karam, &lt;a href=&quot;https:\/\/www.lorientlejour.com\/article\/1228338\/nous-avons-alerte-la-justice-a-six-reprises-sur-la-dangerosite-de-stockage-du-nitrate-dammonium-au-port-en-vain-affirme-le-directeur-des-douanes.html&quot;&gt;\u00a0\u00bbNous avons alert\u00e9 six fois la justice sur la dangerosit\u00e9 du nitrate d&amp;rsquo;ammonium. En vain&amp;#160;\u00bb , affirme le directeur des douanes&lt;\/a&gt;, &lt;em&gt;L&amp;rsquo;Orient-Le Jour&lt;\/em&gt;, 5 ao\u00fbt 2020. '><sup>5<\/sup><\/a><\/span><\/span><\/p>\n\n\n\n<h4 class=\"wp-block-heading\">Une responsabilit\u00e9 politique&#160;?<\/h4>\n\n\n\n<p>Les autorit\u00e9s politiques se d\u00e9chargent \u00e9galement de toute responsabilit\u00e9. Le Hezbollah est point\u00e9 du doigt. Accus\u00e9 d\u2019avoir plein contr\u00f4le sur le port, il d\u00e9ment formellement toute accusation. Quant au ministre des travaux publics, au Premier ministre et au Pr\u00e9sident de la r\u00e9publique, ils affirment qu\u2019ils auraient fait ce qu\u2019ils pouvaient faire.<\/p>\n\n\n\n<p>Suite \u00e0 une enqu\u00eate de la s\u00e9curit\u00e9 de l\u2019Etat, un rapport sur la dangerosit\u00e9 de la mati\u00e8re avait \u00e9t\u00e9 demand\u00e9. Le rapport est communiqu\u00e9 assez tardivement, le 20 juillet, au Premier ministre Hassan Diab, ainsi qu\u2019au Pr\u00e9sident de la R\u00e9publique, Michel Aoun. Le Pr\u00e9sident l\u2019envoie par la suite au Conseil sup\u00e9rieur de d\u00e9fense, qui s\u2019adresse ensuite au Ministre des travaux publics&#160;: cette derni\u00e8re transmission ne parviendra au ministre que 24 heures avant le drame. Il r\u00e9clamera les documents relatifs \u00e0 l\u2019administration du port et les recevra. L\u2019administration se d\u00e9cide alors \u00e0 ex\u00e9cuter une directive envoy\u00e9e trois mois plut t\u00f4t par la suret\u00e9 g\u00e9n\u00e9rale, avec le r\u00e9sultat qu\u2019on conna\u00eet.<\/p>\n\n\n\n<p>L\u2019enqu\u00eate pi\u00e9tine, tourne en rond, et apr\u00e8s quatre mois, il n\u2019y a toujours aucune pr\u00e9misse de justice nationale. La question de l\u2019immunit\u00e9 minist\u00e9rielle se pose. Est-ce que des ministres ou le Premier ministre peuvent \u00eatre inculp\u00e9s&#160;? Ou est-ce que cela violerait la Constitution libanaise&#160;? Ce n\u2019est qu\u2019apr\u00e8s cinq mois qu\u2019une r\u00e9ponse sera donn\u00e9e, lorsque le juge charg\u00e9 de la proc\u00e9dure, Fadi Sawan, inculpe quatre responsables politiques&#160;: le Premier ministre Hassan Diab, et trois autres ministres&#160;: Ali Hassan Khalil, Ghazi Zeaiter et Youssef Fenianos. Cela a \u00e9t\u00e9 rendu possible par la lev\u00e9e de leur immunit\u00e9, un cas permis pour des affaires p\u00e9nales&nbsp;<span class='whitespace-nowrap'><span id='easy-footnote-6-99110' class='easy-footnote-margin-adjust'><\/span><span class='easy-footnote'><a href='https:\/\/legrandcontinent.eu\/fr\/2021\/02\/04\/explosions-au-port-de-beyrouth-justice-rendue\/#easy-footnote-bottom-6-99110' title='Hala, Kodmani, &lt;a href=&quot;https:\/\/www.liberation.fr\/planete\/2020\/12\/18\/au-liban-l-enquete-sur-l-explosion-du-port-de-beyrouth-prend-l-eau_1809051&quot;&gt;Au Liban, l&amp;rsquo;enqu\u00eate sur l&amp;rsquo;explosion du port de Beyrouth prend l&amp;rsquo;eau&lt;\/a&gt;, &lt;em&gt;Lib\u00e9ration&lt;\/em&gt;, 18 d\u00e9cembre 2020. '><sup>6<\/sup><\/a><\/span><\/span>. Ces derniers auraient re\u00e7u plusieurs \u00ab&#160;rapports \u00e9crits les mettant en garde [\u2026] pour se d\u00e9barrasser du nitrate d\u2019ammonium&#160;\u00bb, a communiqu\u00e9 une source judiciaire \u00e0 l\u2019AFP. Ils sont accus\u00e9s de n\u00e9gligence.&nbsp;<span class='whitespace-nowrap'><span id='easy-footnote-7-99110' class='easy-footnote-margin-adjust'><\/span><span class='easy-footnote'><a href='https:\/\/legrandcontinent.eu\/fr\/2021\/02\/04\/explosions-au-port-de-beyrouth-justice-rendue\/#easy-footnote-bottom-7-99110' title='Benjamin Barthe, &lt;a href=&quot;https:\/\/www.lemonde.fr\/international\/article\/2020\/12\/11\/inculpations-dans-l-affaire-de-l-explosion-du-port-de-beyrouth-la-justice-se-ressaisit_6063022_3210.html&quot;&gt;Inculpations dans l\u2019affaire de l\u2019explosion du port de Beyrouth&amp;#160;: \u00ab&amp;#160;La justice se ressaisit&amp;#160;\u00bb&lt;\/a&gt;, &lt;em&gt;Le Monde&lt;\/em&gt;, 11 d\u00e9cembre 2020.'><sup>7<\/sup><\/a><\/span><\/span><\/p>\n\n\n\n<p>Cette enqu\u00eate portera-t-elle ses fruits ou est-ce qu\u2019une loi d\u2019amnistie sera impos\u00e9e comme ce f\u00fbt le cas en 1991 \u00e0 la suite de la guerre civile&nbsp;<span class='whitespace-nowrap'><span id='easy-footnote-8-99110' class='easy-footnote-margin-adjust'><\/span><span class='easy-footnote'><a href='https:\/\/legrandcontinent.eu\/fr\/2021\/02\/04\/explosions-au-port-de-beyrouth-justice-rendue\/#easy-footnote-bottom-8-99110' title='Charbel Jean Skaff, &lt;a href=&quot;https:\/\/journals.openedition.org\/leportique\/2686#quotation&quot;&gt;\u00ab&amp;#160;&amp;nbsp;L\u2019amnistie et la justice transitionnelle&amp;nbsp;&amp;#160;\u00bb&lt;\/a&gt;, &lt;em&gt;Le Portique&lt;\/em&gt;, 31&amp;nbsp;|&amp;nbsp;2013, 175-186.'><sup>8<\/sup><\/a><\/span><\/span>&#160;? L\u2019oubli peut-il \u00eatre impos\u00e9 \u00e0 un peuple qui ne veut pas pardonner la mort de ces proches&#160;?<\/p>\n","protected":false},"excerpt":{"rendered":"<p>Les deux explosions au port de Beyrouth le 4 ao\u00fbt 2020 ont secou\u00e9 tout le Liban. Si le monde entier est au courant de ce qu\u2019il s\u2019est pass\u00e9, nul n\u2019en connait encore la raison. La liste des hypoth\u00e8ses est cependant tr\u00e8s longue. Six mois apr\u00e8s cette heure maudite de 18h07, la cause de cette trag\u00e9die ayant fait plus 7500 bless\u00e9s et plus de 200 d\u00e9c\u00e8s reste inconnue. Y a-t-il un responsable&#160;&#160;? Justice sera-t-elle rendue&#160;&#160;? Les Libanais ont besoin de r\u00e9ponses.<\/p>\n","protected":false},"author":175,"featured_media":100770,"comment_status":"closed","ping_status":"closed","sticky":false,"template":"templates\/post-studies.php","format":"standard","meta":{"_acf_changed":false,"_trash_the_other_posts":false,"_yoast_wpseo_estimated-reading-time-minutes":5,"footnotes":""},"categories":[1731],"tags":[],"staff":[2781],"editorial_format":[],"serie":[],"audience":[],"geo":[543],"class_list":["post-99110","post","type-post","status-publish","format-standard","hentry","category-politique","staff-maya-abouchebl","geo-mediterranee"],"acf":{"open_in_webview":false,"accent":false,"_thumbnail_id":100770,"excerpt":"Les deux explosions au port de Beyrouth le 4 ao\u00fbt 2020 ont secou\u00e9 tout le Liban. Si le monde entier est au courant de ce qu\u2019il s\u2019est pass\u00e9, nul n\u2019en connait encore la raison. La liste des hypoth\u00e8ses est cependant tr\u00e8s longue. Six mois apr\u00e8s cette heure maudite de 18h07, la cause de cette trag\u00e9die ayant fait plus 7500 bless\u00e9s et plus de 200 d\u00e9c\u00e8s reste inconnue. Y a-t-il un responsable ? Justice sera-t-elle rendue ? Les Libanais ont besoin de r\u00e9ponses.","display_date":"","new_abstract":true},"yoast_head":"<!-- This site is optimized with the Yoast SEO plugin v26.1.1 - https:\/\/yoast.com\/wordpress\/plugins\/seo\/ -->\n<title>Explosions au port de Beyrouth : justice rendue ? | Le Grand Continent<\/title>\n<meta name=\"robots\" content=\"index, follow, max-snippet:-1, max-image-preview:large, max-video-preview:-1\" \/>\n<link rel=\"canonical\" href=\"https:\/\/legrandcontinent.eu\/fr\/2021\/02\/04\/explosions-au-port-de-beyrouth-justice-rendue\/\" \/>\n<meta property=\"og:locale\" content=\"fr_FR\" \/>\n<meta property=\"og:type\" content=\"article\" \/>\n<meta property=\"og:title\" content=\"Explosions au port de Beyrouth : justice rendue ? | Le Grand Continent\" \/>\n<meta property=\"og:description\" content=\"Les deux explosions au port de Beyrouth le 4 ao\u00fbt 2020 ont secou\u00e9 tout le Liban. Si le monde entier est au courant de ce qu\u2019il s\u2019est pass\u00e9, nul n\u2019en connait encore la raison. La liste des hypoth\u00e8ses est cependant tr\u00e8s longue. Six mois apr\u00e8s cette heure maudite de 18h07, la cause de cette trag\u00e9die ayant fait plus 7500 bless\u00e9s et plus de 200 d\u00e9c\u00e8s reste inconnue. Y a-t-il un responsable&#160;? Justice sera-t-elle rendue&#160;? Les Libanais ont besoin de r\u00e9ponses.\" \/>\n<meta property=\"og:url\" content=\"https:\/\/legrandcontinent.eu\/fr\/2021\/02\/04\/explosions-au-port-de-beyrouth-justice-rendue\/\" \/>\n<meta property=\"og:site_name\" content=\"Le Grand Continent\" \/>\n<meta property=\"article:published_time\" content=\"2021-02-04T13:40:49+00:00\" \/>\n<meta property=\"article:modified_time\" content=\"2021-02-22T08:56:22+00:00\" \/>\n<meta property=\"og:image\" content=\"https:\/\/legrandcontinent.eu\/fr\/wp-content\/uploads\/sites\/2\/2021\/02\/gc-beirut.jpg\" \/>\n\t<meta property=\"og:image:width\" content=\"1200\" \/>\n\t<meta property=\"og:image:height\" content=\"693\" \/>\n\t<meta property=\"og:image:type\" content=\"image\/jpeg\" \/>\n<meta name=\"author\" content=\"Giovanni Collot\" \/>\n<meta name=\"twitter:card\" content=\"summary_large_image\" \/>\n<meta name=\"twitter:image\" content=\"https:\/\/legrandcontinent.eu\/fr\/wp-content\/uploads\/sites\/2\/2021\/02\/gc-beirut.jpg\" \/>\n<meta name=\"twitter:label1\" content=\"\u00c9crit par\" \/>\n\t<meta name=\"twitter:data1\" content=\"Giovanni Collot\" \/>\n\t<meta name=\"twitter:label2\" content=\"Dur\u00e9e de lecture estim\u00e9e\" \/>\n\t<meta name=\"twitter:data2\" content=\"5 minutes\" \/>\n<script type=\"application\/ld+json\" class=\"yoast-schema-graph\">{\"@context\":\"https:\/\/schema.org\",\"@graph\":[{\"@type\":\"WebPage\",\"@id\":\"https:\/\/legrandcontinent.eu\/fr\/2021\/02\/04\/explosions-au-port-de-beyrouth-justice-rendue\/\",\"url\":\"https:\/\/legrandcontinent.eu\/fr\/2021\/02\/04\/explosions-au-port-de-beyrouth-justice-rendue\/\",\"name\":\"Explosions au port de Beyrouth : justice rendue ? | Le Grand Continent\",\"isPartOf\":{\"@id\":\"https:\/\/legrandcontinent.eu\/fr\/#website\"},\"primaryImageOfPage\":{\"@id\":\"https:\/\/legrandcontinent.eu\/fr\/2021\/02\/04\/explosions-au-port-de-beyrouth-justice-rendue\/#primaryimage\"},\"image\":{\"@id\":\"https:\/\/legrandcontinent.eu\/fr\/2021\/02\/04\/explosions-au-port-de-beyrouth-justice-rendue\/#primaryimage\"},\"thumbnailUrl\":\"https:\/\/legrandcontinent.eu\/fr\/wp-content\/uploads\/sites\/2\/2021\/02\/skynews-lebanon-beirut-explosion-harbour_5058188.jpg\",\"datePublished\":\"2021-02-04T13:40:49+00:00\",\"dateModified\":\"2021-02-22T08:56:22+00:00\",\"author\":{\"@id\":\"https:\/\/legrandcontinent.eu\/fr\/#\/schema\/person\/953192c3de3c2331be3997745a2f12ef\"},\"breadcrumb\":{\"@id\":\"https:\/\/legrandcontinent.eu\/fr\/2021\/02\/04\/explosions-au-port-de-beyrouth-justice-rendue\/#breadcrumb\"},\"inLanguage\":\"fr-FR\",\"potentialAction\":[{\"@type\":\"ReadAction\",\"target\":[\"https:\/\/legrandcontinent.eu\/fr\/2021\/02\/04\/explosions-au-port-de-beyrouth-justice-rendue\/\"]}]},{\"@type\":\"ImageObject\",\"inLanguage\":\"fr-FR\",\"@id\":\"https:\/\/legrandcontinent.eu\/fr\/2021\/02\/04\/explosions-au-port-de-beyrouth-justice-rendue\/#primaryimage\",\"url\":\"https:\/\/legrandcontinent.eu\/fr\/wp-content\/uploads\/sites\/2\/2021\/02\/skynews-lebanon-beirut-explosion-harbour_5058188.jpg\",\"contentUrl\":\"https:\/\/legrandcontinent.eu\/fr\/wp-content\/uploads\/sites\/2\/2021\/02\/skynews-lebanon-beirut-explosion-harbour_5058188.jpg\",\"width\":2048,\"height\":1152},{\"@type\":\"BreadcrumbList\",\"@id\":\"https:\/\/legrandcontinent.eu\/fr\/2021\/02\/04\/explosions-au-port-de-beyrouth-justice-rendue\/#breadcrumb\",\"itemListElement\":[{\"@type\":\"ListItem\",\"position\":1,\"name\":\"Accueil\",\"item\":\"https:\/\/legrandcontinent.eu\/fr\/\"},{\"@type\":\"ListItem\",\"position\":2,\"name\":\"Explosions au port de Beyrouth&#160;: justice rendue&#160;?\"}]},{\"@type\":\"WebSite\",\"@id\":\"https:\/\/legrandcontinent.eu\/fr\/#website\",\"url\":\"https:\/\/legrandcontinent.eu\/fr\/\",\"name\":\"Le Grand Continent\",\"description\":\"L&#039;\u00e9chelle pertinente\",\"potentialAction\":[{\"@type\":\"SearchAction\",\"target\":{\"@type\":\"EntryPoint\",\"urlTemplate\":\"https:\/\/legrandcontinent.eu\/fr\/?s={search_term_string}\"},\"query-input\":{\"@type\":\"PropertyValueSpecification\",\"valueRequired\":true,\"valueName\":\"search_term_string\"}}],\"inLanguage\":\"fr-FR\"},{\"@type\":\"Person\",\"@id\":\"https:\/\/legrandcontinent.eu\/fr\/#\/schema\/person\/953192c3de3c2331be3997745a2f12ef\",\"name\":\"Giovanni Collot\",\"image\":{\"@type\":\"ImageObject\",\"inLanguage\":\"fr-FR\",\"@id\":\"https:\/\/legrandcontinent.eu\/fr\/#\/schema\/person\/image\/\",\"url\":\"https:\/\/secure.gravatar.com\/avatar\/d93cac37237065a8de4498df3db60dde?s=96&d=mm&r=g\",\"contentUrl\":\"https:\/\/secure.gravatar.com\/avatar\/d93cac37237065a8de4498df3db60dde?s=96&d=mm&r=g\",\"caption\":\"Giovanni Collot\"}}]}<\/script>\n<!-- \/ Yoast SEO plugin. -->","yoast_head_json":{"title":"Explosions au port de Beyrouth : justice rendue ? | Le Grand Continent","robots":{"index":"index","follow":"follow","max-snippet":"max-snippet:-1","max-image-preview":"max-image-preview:large","max-video-preview":"max-video-preview:-1"},"canonical":"https:\/\/legrandcontinent.eu\/fr\/2021\/02\/04\/explosions-au-port-de-beyrouth-justice-rendue\/","og_locale":"fr_FR","og_type":"article","og_title":"Explosions au port de Beyrouth : justice rendue ? | Le Grand Continent","og_description":"Les deux explosions au port de Beyrouth le 4 ao\u00fbt 2020 ont secou\u00e9 tout le Liban. Si le monde entier est au courant de ce qu\u2019il s\u2019est pass\u00e9, nul n\u2019en connait encore la raison. La liste des hypoth\u00e8ses est cependant tr\u00e8s longue. Six mois apr\u00e8s cette heure maudite de 18h07, la cause de cette trag\u00e9die ayant fait plus 7500 bless\u00e9s et plus de 200 d\u00e9c\u00e8s reste inconnue. Y a-t-il un responsable&#160;? Justice sera-t-elle rendue&#160;? Les Libanais ont besoin de r\u00e9ponses.","og_url":"https:\/\/legrandcontinent.eu\/fr\/2021\/02\/04\/explosions-au-port-de-beyrouth-justice-rendue\/","og_site_name":"Le Grand Continent","article_published_time":"2021-02-04T13:40:49+00:00","article_modified_time":"2021-02-22T08:56:22+00:00","og_image":[{"width":1200,"height":693,"url":"https:\/\/legrandcontinent.eu\/fr\/wp-content\/uploads\/sites\/2\/2021\/02\/gc-beirut.jpg","type":"image\/jpeg"}],"author":"Giovanni Collot","twitter_card":"summary_large_image","twitter_image":"https:\/\/legrandcontinent.eu\/fr\/wp-content\/uploads\/sites\/2\/2021\/02\/gc-beirut.jpg","twitter_misc":{"\u00c9crit par":"Giovanni Collot","Dur\u00e9e de lecture estim\u00e9e":"5 minutes"},"schema":{"@context":"https:\/\/schema.org","@graph":[{"@type":"WebPage","@id":"https:\/\/legrandcontinent.eu\/fr\/2021\/02\/04\/explosions-au-port-de-beyrouth-justice-rendue\/","url":"https:\/\/legrandcontinent.eu\/fr\/2021\/02\/04\/explosions-au-port-de-beyrouth-justice-rendue\/","name":"Explosions au port de Beyrouth : justice rendue ? | Le Grand Continent","isPartOf":{"@id":"https:\/\/legrandcontinent.eu\/fr\/#website"},"primaryImageOfPage":{"@id":"https:\/\/legrandcontinent.eu\/fr\/2021\/02\/04\/explosions-au-port-de-beyrouth-justice-rendue\/#primaryimage"},"image":{"@id":"https:\/\/legrandcontinent.eu\/fr\/2021\/02\/04\/explosions-au-port-de-beyrouth-justice-rendue\/#primaryimage"},"thumbnailUrl":"https:\/\/legrandcontinent.eu\/fr\/wp-content\/uploads\/sites\/2\/2021\/02\/skynews-lebanon-beirut-explosion-harbour_5058188.jpg","datePublished":"2021-02-04T13:40:49+00:00","dateModified":"2021-02-22T08:56:22+00:00","author":{"@id":"https:\/\/legrandcontinent.eu\/fr\/#\/schema\/person\/953192c3de3c2331be3997745a2f12ef"},"breadcrumb":{"@id":"https:\/\/legrandcontinent.eu\/fr\/2021\/02\/04\/explosions-au-port-de-beyrouth-justice-rendue\/#breadcrumb"},"inLanguage":"fr-FR","potentialAction":[{"@type":"ReadAction","target":["https:\/\/legrandcontinent.eu\/fr\/2021\/02\/04\/explosions-au-port-de-beyrouth-justice-rendue\/"]}]},{"@type":"ImageObject","inLanguage":"fr-FR","@id":"https:\/\/legrandcontinent.eu\/fr\/2021\/02\/04\/explosions-au-port-de-beyrouth-justice-rendue\/#primaryimage","url":"https:\/\/legrandcontinent.eu\/fr\/wp-content\/uploads\/sites\/2\/2021\/02\/skynews-lebanon-beirut-explosion-harbour_5058188.jpg","contentUrl":"https:\/\/legrandcontinent.eu\/fr\/wp-content\/uploads\/sites\/2\/2021\/02\/skynews-lebanon-beirut-explosion-harbour_5058188.jpg","width":2048,"height":1152},{"@type":"BreadcrumbList","@id":"https:\/\/legrandcontinent.eu\/fr\/2021\/02\/04\/explosions-au-port-de-beyrouth-justice-rendue\/#breadcrumb","itemListElement":[{"@type":"ListItem","position":1,"name":"Accueil","item":"https:\/\/legrandcontinent.eu\/fr\/"},{"@type":"ListItem","position":2,"name":"Explosions au port de Beyrouth&#160;: justice rendue&#160;?"}]},{"@type":"WebSite","@id":"https:\/\/legrandcontinent.eu\/fr\/#website","url":"https:\/\/legrandcontinent.eu\/fr\/","name":"Le Grand Continent","description":"L&#039;\u00e9chelle pertinente","potentialAction":[{"@type":"SearchAction","target":{"@type":"EntryPoint","urlTemplate":"https:\/\/legrandcontinent.eu\/fr\/?s={search_term_string}"},"query-input":{"@type":"PropertyValueSpecification","valueRequired":true,"valueName":"search_term_string"}}],"inLanguage":"fr-FR"},{"@type":"Person","@id":"https:\/\/legrandcontinent.eu\/fr\/#\/schema\/person\/953192c3de3c2331be3997745a2f12ef","name":"Giovanni Collot","image":{"@type":"ImageObject","inLanguage":"fr-FR","@id":"https:\/\/legrandcontinent.eu\/fr\/#\/schema\/person\/image\/","url":"https:\/\/secure.gravatar.com\/avatar\/d93cac37237065a8de4498df3db60dde?s=96&d=mm&r=g","contentUrl":"https:\/\/secure.gravatar.com\/avatar\/d93cac37237065a8de4498df3db60dde?s=96&d=mm&r=g","caption":"Giovanni Collot"}}]}},"lgc_categories":[{"id":1731,"name":"Politique","slug":"politique"}],"lgc_author":{"id":2781,"name":"Maya Abou Chebl","slug":"maya-abouchebl","description":null,"first_name":null,"last_name":null,"picture":null},"feature_image_summary":{"url":"https:\/\/legrandcontinent.eu\/fr\/wp-content\/uploads\/sites\/2\/2021\/02\/skynews-lebanon-beirut-explosion-harbour_5058188.jpg","width":2048,"height":1152,"alt":""},"feature_image_cover":null,"term_position_data":null,"_links":{"self":[{"href":"https:\/\/legrandcontinent.eu\/fr\/wp-json\/wp\/v2\/posts\/99110","targetHints":{"allow":["GET"]}}],"collection":[{"href":"https:\/\/legrandcontinent.eu\/fr\/wp-json\/wp\/v2\/posts"}],"about":[{"href":"https:\/\/legrandcontinent.eu\/fr\/wp-json\/wp\/v2\/types\/post"}],"author":[{"embeddable":true,"href":"https:\/\/legrandcontinent.eu\/fr\/wp-json\/wp\/v2\/users\/175"}],"replies":[{"embeddable":true,"href":"https:\/\/legrandcontinent.eu\/fr\/wp-json\/wp\/v2\/comments?post=99110"}],"version-history":[{"count":0,"href":"https:\/\/legrandcontinent.eu\/fr\/wp-json\/wp\/v2\/posts\/99110\/revisions"}],"wp:featuredmedia":[{"embeddable":true,"href":"https:\/\/legrandcontinent.eu\/fr\/wp-json\/wp\/v2\/media\/100770"}],"wp:attachment":[{"href":"https:\/\/legrandcontinent.eu\/fr\/wp-json\/wp\/v2\/media?parent=99110"}],"wp:term":[{"taxonomy":"category","embeddable":true,"href":"https:\/\/legrandcontinent.eu\/fr\/wp-json\/wp\/v2\/categories?post=99110"},{"taxonomy":"post_tag","embeddable":true,"href":"https:\/\/legrandcontinent.eu\/fr\/wp-json\/wp\/v2\/tags?post=99110"},{"taxonomy":"staff","embeddable":true,"href":"https:\/\/legrandcontinent.eu\/fr\/wp-json\/wp\/v2\/staff?post=99110"},{"taxonomy":"editorial_format","embeddable":true,"href":"https:\/\/legrandcontinent.eu\/fr\/wp-json\/wp\/v2\/editorial_format?post=99110"},{"taxonomy":"serie","embeddable":true,"href":"https:\/\/legrandcontinent.eu\/fr\/wp-json\/wp\/v2\/serie?post=99110"},{"taxonomy":"audience","embeddable":true,"href":"https:\/\/legrandcontinent.eu\/fr\/wp-json\/wp\/v2\/audience?post=99110"},{"taxonomy":"geo","embeddable":true,"href":"https:\/\/legrandcontinent.eu\/fr\/wp-json\/wp\/v2\/geo?post=99110"}],"curies":[{"name":"wp","href":"https:\/\/api.w.org\/{rel}","templated":true}]}}