{"id":98022,"date":"2021-01-20T23:33:09","date_gmt":"2021-01-20T22:33:09","guid":{"rendered":"https:\/\/legrandcontinent.eu\/fr\/?p=98022"},"modified":"2021-01-20T23:34:04","modified_gmt":"2021-01-20T22:34:04","slug":"covid-19-et-coree-du-nord-une-catastrophe-humanitaire-passant-presque-inapercue","status":"publish","type":"post","link":"https:\/\/legrandcontinent.eu\/fr\/2021\/01\/20\/covid-19-et-coree-du-nord-une-catastrophe-humanitaire-passant-presque-inapercue\/","title":{"rendered":"Covid-19 et Cor\u00e9e du Nord&#160;: une catastrophe humanitaire passant (presque) inaper\u00e7ue"},"content":{"rendered":"\n<p>\u00c0 l\u2019occasion du congr\u00e8s du Parti du travail de Cor\u00e9e, le 5 janvier,\u00a0 Kim Jong-un a reconnu l\u2019\u00e9chec de son plan quinquennal \u00e9conomique et la difficult\u00e9 de la situation \u00e9conomique de la Cor\u00e9e du Nord en temps de pand\u00e9mie. Un aveu surprenant alors que le r\u00e9gime pr\u00e9tend avoir atteint l\u2019utopie communiste depuis 2012&#160;; <strong>un v\u00e9ritable tournant pour une Cor\u00e9e du Nord faisant face \u00e0 la pand\u00e9mie&#160;?<\/strong>&nbsp;<span class='whitespace-nowrap'><span id='easy-footnote-1-98022' class='easy-footnote-margin-adjust'><\/span><span class='easy-footnote'><a href='https:\/\/legrandcontinent.eu\/fr\/2021\/01\/20\/covid-19-et-coree-du-nord-une-catastrophe-humanitaire-passant-presque-inapercue\/#easy-footnote-bottom-1-98022' title='&lt;a href=&quot;https:\/\/www.courrierinternational.com\/article\/video-kim-jong-un-reconnait-lechec-de-son-plan-quinquennal-pendant-le-huitieme-congres-de&quot;&gt;https:\/\/www.courrierinternational.com\/article\/video-kim-jong-un-reconnait-lechec-de-son-plan-quinquennal-pendant-le-huitieme-congres-de&lt;\/a&gt;'><sup>1<\/sup><\/a><\/span><\/span><\/p>\n\n\n\n<ul class=\"wp-block-list\"><li><strong>En effet, des mesures drastiques ont \u00e9t\u00e9 mises en place pour emp\u00eacher la propagation du virus en Cor\u00e9e du Nord<\/strong>. D\u00e8s janvier 2020, le r\u00e9gime a d\u00e9cr\u00e9t\u00e9 l\u2019arr\u00eat de tous les \u00e9changes commerciaux avec l\u2019\u00e9tranger, tout particuli\u00e8rement avec la Chine. \u00c0 cette interdiction formelle d\u2019importer des marchandises, s\u2019est ajout\u00e9e une surveillance accrue des fronti\u00e8res. Fait divers qui a montr\u00e9 la force de cette alerte en septembre 2020&#160;: un officier sud-cor\u00e9en a \u00e9t\u00e9 abattu \u00e0 vue apr\u00e8s avoir \u00e9t\u00e9 localis\u00e9 dans les eaux territoriales de la Cor\u00e9e du Nord et son cadavre br\u00fbl\u00e9 pour \u00e9viter toute contamination.&nbsp;<span class='whitespace-nowrap'><span id='easy-footnote-2-98022' class='easy-footnote-margin-adjust'><\/span><span class='easy-footnote'><a href='https:\/\/legrandcontinent.eu\/fr\/2021\/01\/20\/covid-19-et-coree-du-nord-une-catastrophe-humanitaire-passant-presque-inapercue\/#easy-footnote-bottom-2-98022' title='&lt;a href=&quot;https:\/\/www.courrierinternational.com\/article\/vu-de-coree-du-sud-la-coree-du-nord-en-pleine-paranoia-sanitaire-et-politique&quot;&gt;https:\/\/www.courrierinternational.com\/article\/vu-de-coree-du-sud-la-coree-du-nord-en-pleine-paranoia-sanitaire-et-politique&lt;\/a&gt;'><sup>2<\/sup><\/a><\/span><\/span><\/li><li><strong>Mais le virus n\u2019a pas de fronti\u00e8re<\/strong>. Si elle est toujours ni\u00e9e par les autorit\u00e9s nord-cor\u00e9ennes, l\u2019arriv\u00e9e du virus en Cor\u00e9e du Nord ne fait plus beaucoup de doute depuis septembre 2020. L\u2019instauration de mesures drastiques de confinement ainsi que des photos r\u00e9v\u00e9lant un port du masque g\u00e9n\u00e9ralis\u00e9es, en attestent &nbsp;<span class='whitespace-nowrap'><span id='easy-footnote-3-98022' class='easy-footnote-margin-adjust'><\/span><span class='easy-footnote'><a href='https:\/\/legrandcontinent.eu\/fr\/2021\/01\/20\/covid-19-et-coree-du-nord-une-catastrophe-humanitaire-passant-presque-inapercue\/#easy-footnote-bottom-3-98022' title='&lt;a href=&quot;https:\/\/www.businessinsider.com\/north-korea-coronavirus-lockdown-photos-kim-jong-un-2020-4?IR=T&quot;&gt;https:\/\/www.businessinsider.com\/north-korea-coronavirus-lockdown-photos-kim-jong-un-2020-4?IR=T&lt;\/a&gt; '><sup>3<\/sup><\/a><\/span><\/span>. De ce fait, le pouvoir proc\u00e8de \u00e0 l\u2019ex\u00e9cution publique des citoyens ne respectant pas les r\u00e8gles et \u00e0 l\u2019envoi des malades dans des camps d\u2019isolation avec peu voire aucun traitement ni nourriture. Il s\u2019agit de prot\u00e9ger les \u00e9lites de la capitale Pyongyang (dont l\u2019acc\u00e8s est fortement r\u00e9glement\u00e9, y vivre n\u00e9cessite un statut privil\u00e9gi\u00e9 et un permis accord\u00e9 par l\u2019Etat), ce sont avant tout les individus les plus pauvres et vivant en r\u00e9gion rurale qui en souffrent. Cela repr\u00e9sente un risque sanitaire important, en consid\u00e9rant une population particuli\u00e8rement fragile, encore grandement touch\u00e9e par la pneumonie.&nbsp;<\/li><li><strong>Une catastrophe humanitaire de grande ampleur. <\/strong>L\u2019impact sur les \u00e9changes avec la Chine mais aussi sur les activit\u00e9s agricoles risque d\u2019\u00eatre \u00e0 l\u2019origine d\u2019une deuxi\u00e8me grande famine d\u2019une ampleur similaire \u00e0 celle des ann\u00e9es 1990, venant s\u2019ajouter aux inondations d\u00e9vastatrices survenues par le pays en ao\u00fbt. En effet, l\u2019effondrement du bloc communiste a provoqu\u00e9 un effondrement catastrophique des denr\u00e9es alimentaires au cours des ann\u00e9es 1990, dont les r\u00e9percussions ont \u00e9t\u00e9 estim\u00e9es \u00e0 3 millions de morts (sur 20 \u00e0 25 millions d\u2019habitants), soit plus de 10&#160;% de la population&nbsp;<span class='whitespace-nowrap'><span id='easy-footnote-4-98022' class='easy-footnote-margin-adjust'><\/span><span class='easy-footnote'><a href='https:\/\/legrandcontinent.eu\/fr\/2021\/01\/20\/covid-19-et-coree-du-nord-une-catastrophe-humanitaire-passant-presque-inapercue\/#easy-footnote-bottom-4-98022' title='&lt;a href=&quot;https:\/\/www.asianstudies.org\/publications\/eaa\/archives\/north-koreas-1990s-famine-in-historical-perspective\/&quot;&gt;https:\/\/www.asianstudies.org\/publications\/eaa\/archives\/north-koreas-1990s-famine-in-historical-perspective\/&lt;\/a&gt;'><sup>4<\/sup><\/a><\/span><\/span>. Cette p\u00e9riode a durablement marqu\u00e9 la Cor\u00e9e du Nord&#160;: elle a \u00e9t\u00e9 \u00e0 l\u2019origine de l&rsquo;effondrement d\u00e9finitif du syst\u00e8me communiste de distribution alimentaire, difficilement substitu\u00e9 par l\u2019essor des march\u00e9s informels&nbsp;<span class='whitespace-nowrap'><span id='easy-footnote-5-98022' class='easy-footnote-margin-adjust'><\/span><span class='easy-footnote'><a href='https:\/\/legrandcontinent.eu\/fr\/2021\/01\/20\/covid-19-et-coree-du-nord-une-catastrophe-humanitaire-passant-presque-inapercue\/#easy-footnote-bottom-5-98022' title='&lt;a href=&quot;https:\/\/beyondparallel.csis.org\/paradise-evaporated-escaping-no-income-trap-north-korea\/&quot;&gt;https:\/\/beyondparallel.csis.org\/paradise-evaporated-escaping-no-income-trap-north-korea\/&lt;\/a&gt;'><sup>5<\/sup><\/a><\/span><\/span>, et for\u00e7ant de plus les populations les plus fragiles \u00e0 d\u00e9pendre de la cueillette en plus des ressources agricoles. La crise actuelle semble plonger la Cor\u00e9e du Nord dans une situation parall\u00e8le, renforc\u00e9e par l\u2019interdiction formelle de sortir de chez soi, rendant ces formes de subsistance alimentaire impossibles, passibles d\u2019ex\u00e9cution publique. Et pourtant, les aides alimentaires offertes par la Chine et surtout la Cor\u00e9e du Sud continuent \u00e0 \u00eatre formellement refus\u00e9es, par peur de contamination, bien que des \u00e9changes avec la Chine puissent avoir en partie repris&#8230;<\/li><li><strong>Une fronti\u00e8re d\u00e9sormais infranchissable<\/strong>. Le renforcement de la surveillance aux fronti\u00e8res est \u00e9galement \u00e0 l\u2019origine d\u2019un tarissement complet des flux de personnes fuyant la Cor\u00e9e du Nord, qui avait augment\u00e9 depuis la grande famine des ann\u00e9es 1990. L\u2019\u00e9vasion est en effet l\u2019unique porte de survie pour les individus les plus pr\u00e9caires faisant face \u00e0 la famine, mais \u00e9galement une source d\u2019information pr\u00e9cieuse. Ce tarissement inqui\u00e8te.<\/li><li><strong>Un aveu d\u2019\u00e9chec du plan quinquennal difficile \u00e0 interpr\u00e9ter comme le commencement d\u2019un changement,<\/strong> face \u00e0 cette r\u00e9action \u00e0 la crise sanitaire. Le retour des invectives aux \u00c9tats-Unis (d\u00e9sign\u00e9s comme \u00ab&#160;plus grand ennemi&#160;\u00bb de la Cor\u00e9e du Nord par Kim Jong-un le 9 janvier) plaide pour une attitude \u00ab&#160;<em>business as usual<\/em>&#160;\u00bb pour le dictateur nord-cor\u00e9en. Pour Kim Jong-un, comme il l\u2019a d\u00e9clar\u00e9 au 8e congr\u00e8s du Parti le 5 janvier, il s\u2019agit avant tout de renforcer les ressources d\u00e9volues \u00e0 l\u2019arm\u00e9e et \u00e0 la recherche nucl\u00e9aire pour r\u00e9pondre \u00e0 la situation.<\/li><\/ul>\n","protected":false},"excerpt":{"rendered":"<p>\u00c0 l\u2019occasion du congr\u00e8s du Parti du travail de Cor\u00e9e, le 5 janvier,  Kim Jong-un a reconnu l\u2019\u00e9chec de son plan quinquennal \u00e9conomique et la difficult\u00e9 de la situation \u00e9conomique de la Cor\u00e9e du Nord en temps de pand\u00e9mie. Un aveu surprenant alors que le r\u00e9gime pr\u00e9tend avoir atteint l\u2019utopie communiste depuis 2012&#160;&#160;; un v\u00e9ritable tournant pour une Cor\u00e9e du Nord faisant face \u00e0 la pand\u00e9mie&#160;&#160;?<\/p>\n","protected":false},"author":175,"featured_media":98024,"comment_status":"closed","ping_status":"closed","sticky":false,"template":"templates\/post-briefings.php","format":"standard","meta":{"_acf_changed":false,"_trash_the_other_posts":false,"_yoast_wpseo_estimated-reading-time-minutes":3,"footnotes":""},"categories":[2210],"tags":[2281],"staff":[2759],"editorial_format":[],"serie":[],"audience":[],"geo":[531],"class_list":["post-98022","post","type-post","status-publish","format-standard","hentry","category-sante-publique","tag-coronavirus","staff-ariane-sessego","geo-chine"],"acf":{"open_in_webview":false,"accent":false,"_thumbnail_id":98024,"excerpt":"\u00c0 l\u2019occasion du congr\u00e8s du Parti du travail de Cor\u00e9e, le 5 janvier,  Kim Jong-un a reconnu l\u2019\u00e9chec de son plan quinquennal \u00e9conomique et la difficult\u00e9 de la situation \u00e9conomique de la Cor\u00e9e du Nord en temps de pand\u00e9mie. Un aveu surprenant alors que le r\u00e9gime pr\u00e9tend avoir atteint l\u2019utopie communiste depuis 2012 ; un v\u00e9ritable tournant pour une Cor\u00e9e du Nord faisant face \u00e0 la pand\u00e9mie ?","display_date":"","new_abstract":true},"yoast_head":"<!-- This site is optimized with the Yoast SEO plugin v26.1.1 - https:\/\/yoast.com\/wordpress\/plugins\/seo\/ -->\n<title>Covid-19 et Cor\u00e9e du Nord : une catastrophe humanitaire passant (presque) inaper\u00e7ue | Le Grand Continent<\/title>\n<meta name=\"robots\" content=\"index, follow, max-snippet:-1, max-image-preview:large, max-video-preview:-1\" \/>\n<link rel=\"canonical\" href=\"https:\/\/legrandcontinent.eu\/fr\/2021\/01\/20\/covid-19-et-coree-du-nord-une-catastrophe-humanitaire-passant-presque-inapercue\/\" \/>\n<meta property=\"og:locale\" content=\"fr_FR\" \/>\n<meta property=\"og:type\" content=\"article\" \/>\n<meta property=\"og:title\" content=\"Covid-19 et Cor\u00e9e du Nord : une catastrophe humanitaire passant (presque) inaper\u00e7ue | Le Grand Continent\" \/>\n<meta property=\"og:description\" content=\"\u00c0 l\u2019occasion du congr\u00e8s du Parti du travail de Cor\u00e9e, le 5 janvier, Kim Jong-un a reconnu l\u2019\u00e9chec de son plan quinquennal \u00e9conomique et la difficult\u00e9 de la situation \u00e9conomique de la Cor\u00e9e du Nord en temps de pand\u00e9mie. Un aveu surprenant alors que le r\u00e9gime pr\u00e9tend avoir atteint l\u2019utopie communiste depuis 2012&#160;; un v\u00e9ritable tournant pour une Cor\u00e9e du Nord faisant face \u00e0 la pand\u00e9mie&#160;?\" \/>\n<meta property=\"og:url\" content=\"https:\/\/legrandcontinent.eu\/fr\/2021\/01\/20\/covid-19-et-coree-du-nord-une-catastrophe-humanitaire-passant-presque-inapercue\/\" \/>\n<meta property=\"og:site_name\" content=\"Le Grand Continent\" \/>\n<meta property=\"article:published_time\" content=\"2021-01-20T22:33:09+00:00\" \/>\n<meta property=\"article:modified_time\" content=\"2021-01-20T22:34:04+00:00\" \/>\n<meta property=\"og:image\" content=\"https:\/\/legrandcontinent.eu\/fr\/wp-content\/uploads\/sites\/2\/2021\/01\/Grafica-2021-01-20-alle-23.31.51.jpg\" \/>\n\t<meta property=\"og:image:width\" content=\"1862\" \/>\n\t<meta property=\"og:image:height\" content=\"1078\" \/>\n\t<meta property=\"og:image:type\" content=\"image\/jpeg\" \/>\n<meta name=\"author\" content=\"Giovanni Collot\" \/>\n<meta name=\"twitter:card\" content=\"summary_large_image\" \/>\n<meta name=\"twitter:image\" content=\"https:\/\/legrandcontinent.eu\/fr\/wp-content\/uploads\/sites\/2\/2021\/01\/Grafica-2021-01-20-alle-23.31.51.jpg\" \/>\n<meta name=\"twitter:label1\" content=\"\u00c9crit par\" \/>\n\t<meta name=\"twitter:data1\" content=\"Giovanni Collot\" \/>\n\t<meta name=\"twitter:label2\" content=\"Dur\u00e9e de lecture estim\u00e9e\" \/>\n\t<meta name=\"twitter:data2\" content=\"3 minutes\" \/>\n<script type=\"application\/ld+json\" class=\"yoast-schema-graph\">{\"@context\":\"https:\/\/schema.org\",\"@graph\":[{\"@type\":\"WebPage\",\"@id\":\"https:\/\/legrandcontinent.eu\/fr\/2021\/01\/20\/covid-19-et-coree-du-nord-une-catastrophe-humanitaire-passant-presque-inapercue\/\",\"url\":\"https:\/\/legrandcontinent.eu\/fr\/2021\/01\/20\/covid-19-et-coree-du-nord-une-catastrophe-humanitaire-passant-presque-inapercue\/\",\"name\":\"Covid-19 et Cor\u00e9e du Nord : une catastrophe humanitaire passant (presque) inaper\u00e7ue | Le Grand Continent\",\"isPartOf\":{\"@id\":\"https:\/\/legrandcontinent.eu\/fr\/#website\"},\"primaryImageOfPage\":{\"@id\":\"https:\/\/legrandcontinent.eu\/fr\/2021\/01\/20\/covid-19-et-coree-du-nord-une-catastrophe-humanitaire-passant-presque-inapercue\/#primaryimage\"},\"image\":{\"@id\":\"https:\/\/legrandcontinent.eu\/fr\/2021\/01\/20\/covid-19-et-coree-du-nord-une-catastrophe-humanitaire-passant-presque-inapercue\/#primaryimage\"},\"thumbnailUrl\":\"https:\/\/legrandcontinent.eu\/fr\/wp-content\/uploads\/sites\/2\/2021\/01\/Grafica-2021-01-20-alle-23.31.51.jpg\",\"datePublished\":\"2021-01-20T22:33:09+00:00\",\"dateModified\":\"2021-01-20T22:34:04+00:00\",\"author\":{\"@id\":\"https:\/\/legrandcontinent.eu\/fr\/#\/schema\/person\/953192c3de3c2331be3997745a2f12ef\"},\"breadcrumb\":{\"@id\":\"https:\/\/legrandcontinent.eu\/fr\/2021\/01\/20\/covid-19-et-coree-du-nord-une-catastrophe-humanitaire-passant-presque-inapercue\/#breadcrumb\"},\"inLanguage\":\"fr-FR\",\"potentialAction\":[{\"@type\":\"ReadAction\",\"target\":[\"https:\/\/legrandcontinent.eu\/fr\/2021\/01\/20\/covid-19-et-coree-du-nord-une-catastrophe-humanitaire-passant-presque-inapercue\/\"]}]},{\"@type\":\"ImageObject\",\"inLanguage\":\"fr-FR\",\"@id\":\"https:\/\/legrandcontinent.eu\/fr\/2021\/01\/20\/covid-19-et-coree-du-nord-une-catastrophe-humanitaire-passant-presque-inapercue\/#primaryimage\",\"url\":\"https:\/\/legrandcontinent.eu\/fr\/wp-content\/uploads\/sites\/2\/2021\/01\/Grafica-2021-01-20-alle-23.31.51.jpg\",\"contentUrl\":\"https:\/\/legrandcontinent.eu\/fr\/wp-content\/uploads\/sites\/2\/2021\/01\/Grafica-2021-01-20-alle-23.31.51.jpg\",\"width\":1862,\"height\":1078},{\"@type\":\"BreadcrumbList\",\"@id\":\"https:\/\/legrandcontinent.eu\/fr\/2021\/01\/20\/covid-19-et-coree-du-nord-une-catastrophe-humanitaire-passant-presque-inapercue\/#breadcrumb\",\"itemListElement\":[{\"@type\":\"ListItem\",\"position\":1,\"name\":\"Accueil\",\"item\":\"https:\/\/legrandcontinent.eu\/fr\/\"},{\"@type\":\"ListItem\",\"position\":2,\"name\":\"Covid-19 et Cor\u00e9e du Nord&#160;: une catastrophe humanitaire passant (presque) inaper\u00e7ue\"}]},{\"@type\":\"WebSite\",\"@id\":\"https:\/\/legrandcontinent.eu\/fr\/#website\",\"url\":\"https:\/\/legrandcontinent.eu\/fr\/\",\"name\":\"Le Grand Continent\",\"description\":\"L&#039;\u00e9chelle pertinente\",\"potentialAction\":[{\"@type\":\"SearchAction\",\"target\":{\"@type\":\"EntryPoint\",\"urlTemplate\":\"https:\/\/legrandcontinent.eu\/fr\/?s={search_term_string}\"},\"query-input\":{\"@type\":\"PropertyValueSpecification\",\"valueRequired\":true,\"valueName\":\"search_term_string\"}}],\"inLanguage\":\"fr-FR\"},{\"@type\":\"Person\",\"@id\":\"https:\/\/legrandcontinent.eu\/fr\/#\/schema\/person\/953192c3de3c2331be3997745a2f12ef\",\"name\":\"Giovanni Collot\",\"image\":{\"@type\":\"ImageObject\",\"inLanguage\":\"fr-FR\",\"@id\":\"https:\/\/legrandcontinent.eu\/fr\/#\/schema\/person\/image\/\",\"url\":\"https:\/\/secure.gravatar.com\/avatar\/d93cac37237065a8de4498df3db60dde?s=96&d=mm&r=g\",\"contentUrl\":\"https:\/\/secure.gravatar.com\/avatar\/d93cac37237065a8de4498df3db60dde?s=96&d=mm&r=g\",\"caption\":\"Giovanni Collot\"}}]}<\/script>\n<!-- \/ Yoast SEO plugin. -->","yoast_head_json":{"title":"Covid-19 et Cor\u00e9e du Nord : une catastrophe humanitaire passant (presque) inaper\u00e7ue | Le Grand Continent","robots":{"index":"index","follow":"follow","max-snippet":"max-snippet:-1","max-image-preview":"max-image-preview:large","max-video-preview":"max-video-preview:-1"},"canonical":"https:\/\/legrandcontinent.eu\/fr\/2021\/01\/20\/covid-19-et-coree-du-nord-une-catastrophe-humanitaire-passant-presque-inapercue\/","og_locale":"fr_FR","og_type":"article","og_title":"Covid-19 et Cor\u00e9e du Nord : une catastrophe humanitaire passant (presque) inaper\u00e7ue | Le Grand Continent","og_description":"\u00c0 l\u2019occasion du congr\u00e8s du Parti du travail de Cor\u00e9e, le 5 janvier, Kim Jong-un a reconnu l\u2019\u00e9chec de son plan quinquennal \u00e9conomique et la difficult\u00e9 de la situation \u00e9conomique de la Cor\u00e9e du Nord en temps de pand\u00e9mie. Un aveu surprenant alors que le r\u00e9gime pr\u00e9tend avoir atteint l\u2019utopie communiste depuis 2012&#160;; un v\u00e9ritable tournant pour une Cor\u00e9e du Nord faisant face \u00e0 la pand\u00e9mie&#160;?","og_url":"https:\/\/legrandcontinent.eu\/fr\/2021\/01\/20\/covid-19-et-coree-du-nord-une-catastrophe-humanitaire-passant-presque-inapercue\/","og_site_name":"Le Grand Continent","article_published_time":"2021-01-20T22:33:09+00:00","article_modified_time":"2021-01-20T22:34:04+00:00","og_image":[{"width":1862,"height":1078,"url":"https:\/\/legrandcontinent.eu\/fr\/wp-content\/uploads\/sites\/2\/2021\/01\/Grafica-2021-01-20-alle-23.31.51.jpg","type":"image\/jpeg"}],"author":"Giovanni Collot","twitter_card":"summary_large_image","twitter_image":"https:\/\/legrandcontinent.eu\/fr\/wp-content\/uploads\/sites\/2\/2021\/01\/Grafica-2021-01-20-alle-23.31.51.jpg","twitter_misc":{"\u00c9crit par":"Giovanni Collot","Dur\u00e9e de lecture estim\u00e9e":"3 minutes"},"schema":{"@context":"https:\/\/schema.org","@graph":[{"@type":"WebPage","@id":"https:\/\/legrandcontinent.eu\/fr\/2021\/01\/20\/covid-19-et-coree-du-nord-une-catastrophe-humanitaire-passant-presque-inapercue\/","url":"https:\/\/legrandcontinent.eu\/fr\/2021\/01\/20\/covid-19-et-coree-du-nord-une-catastrophe-humanitaire-passant-presque-inapercue\/","name":"Covid-19 et Cor\u00e9e du Nord : une catastrophe humanitaire passant (presque) inaper\u00e7ue | Le Grand Continent","isPartOf":{"@id":"https:\/\/legrandcontinent.eu\/fr\/#website"},"primaryImageOfPage":{"@id":"https:\/\/legrandcontinent.eu\/fr\/2021\/01\/20\/covid-19-et-coree-du-nord-une-catastrophe-humanitaire-passant-presque-inapercue\/#primaryimage"},"image":{"@id":"https:\/\/legrandcontinent.eu\/fr\/2021\/01\/20\/covid-19-et-coree-du-nord-une-catastrophe-humanitaire-passant-presque-inapercue\/#primaryimage"},"thumbnailUrl":"https:\/\/legrandcontinent.eu\/fr\/wp-content\/uploads\/sites\/2\/2021\/01\/Grafica-2021-01-20-alle-23.31.51.jpg","datePublished":"2021-01-20T22:33:09+00:00","dateModified":"2021-01-20T22:34:04+00:00","author":{"@id":"https:\/\/legrandcontinent.eu\/fr\/#\/schema\/person\/953192c3de3c2331be3997745a2f12ef"},"breadcrumb":{"@id":"https:\/\/legrandcontinent.eu\/fr\/2021\/01\/20\/covid-19-et-coree-du-nord-une-catastrophe-humanitaire-passant-presque-inapercue\/#breadcrumb"},"inLanguage":"fr-FR","potentialAction":[{"@type":"ReadAction","target":["https:\/\/legrandcontinent.eu\/fr\/2021\/01\/20\/covid-19-et-coree-du-nord-une-catastrophe-humanitaire-passant-presque-inapercue\/"]}]},{"@type":"ImageObject","inLanguage":"fr-FR","@id":"https:\/\/legrandcontinent.eu\/fr\/2021\/01\/20\/covid-19-et-coree-du-nord-une-catastrophe-humanitaire-passant-presque-inapercue\/#primaryimage","url":"https:\/\/legrandcontinent.eu\/fr\/wp-content\/uploads\/sites\/2\/2021\/01\/Grafica-2021-01-20-alle-23.31.51.jpg","contentUrl":"https:\/\/legrandcontinent.eu\/fr\/wp-content\/uploads\/sites\/2\/2021\/01\/Grafica-2021-01-20-alle-23.31.51.jpg","width":1862,"height":1078},{"@type":"BreadcrumbList","@id":"https:\/\/legrandcontinent.eu\/fr\/2021\/01\/20\/covid-19-et-coree-du-nord-une-catastrophe-humanitaire-passant-presque-inapercue\/#breadcrumb","itemListElement":[{"@type":"ListItem","position":1,"name":"Accueil","item":"https:\/\/legrandcontinent.eu\/fr\/"},{"@type":"ListItem","position":2,"name":"Covid-19 et Cor\u00e9e du Nord&#160;: une catastrophe humanitaire passant (presque) inaper\u00e7ue"}]},{"@type":"WebSite","@id":"https:\/\/legrandcontinent.eu\/fr\/#website","url":"https:\/\/legrandcontinent.eu\/fr\/","name":"Le Grand Continent","description":"L&#039;\u00e9chelle pertinente","potentialAction":[{"@type":"SearchAction","target":{"@type":"EntryPoint","urlTemplate":"https:\/\/legrandcontinent.eu\/fr\/?s={search_term_string}"},"query-input":{"@type":"PropertyValueSpecification","valueRequired":true,"valueName":"search_term_string"}}],"inLanguage":"fr-FR"},{"@type":"Person","@id":"https:\/\/legrandcontinent.eu\/fr\/#\/schema\/person\/953192c3de3c2331be3997745a2f12ef","name":"Giovanni Collot","image":{"@type":"ImageObject","inLanguage":"fr-FR","@id":"https:\/\/legrandcontinent.eu\/fr\/#\/schema\/person\/image\/","url":"https:\/\/secure.gravatar.com\/avatar\/d93cac37237065a8de4498df3db60dde?s=96&d=mm&r=g","contentUrl":"https:\/\/secure.gravatar.com\/avatar\/d93cac37237065a8de4498df3db60dde?s=96&d=mm&r=g","caption":"Giovanni Collot"}}]}},"lgc_categories":[{"id":2210,"name":"Sant\u00e9 publique","slug":"sante-publique"}],"lgc_author":{"id":2759,"name":"Ariane Sessego","slug":"ariane-sessego","description":null,"first_name":null,"last_name":null,"picture":null},"feature_image_summary":{"url":"https:\/\/legrandcontinent.eu\/fr\/wp-content\/uploads\/sites\/2\/2021\/01\/Grafica-2021-01-20-alle-23.31.51.jpg","width":1862,"height":1078,"alt":""},"feature_image_cover":null,"term_position_data":null,"_links":{"self":[{"href":"https:\/\/legrandcontinent.eu\/fr\/wp-json\/wp\/v2\/posts\/98022","targetHints":{"allow":["GET"]}}],"collection":[{"href":"https:\/\/legrandcontinent.eu\/fr\/wp-json\/wp\/v2\/posts"}],"about":[{"href":"https:\/\/legrandcontinent.eu\/fr\/wp-json\/wp\/v2\/types\/post"}],"author":[{"embeddable":true,"href":"https:\/\/legrandcontinent.eu\/fr\/wp-json\/wp\/v2\/users\/175"}],"replies":[{"embeddable":true,"href":"https:\/\/legrandcontinent.eu\/fr\/wp-json\/wp\/v2\/comments?post=98022"}],"version-history":[{"count":0,"href":"https:\/\/legrandcontinent.eu\/fr\/wp-json\/wp\/v2\/posts\/98022\/revisions"}],"wp:featuredmedia":[{"embeddable":true,"href":"https:\/\/legrandcontinent.eu\/fr\/wp-json\/wp\/v2\/media\/98024"}],"wp:attachment":[{"href":"https:\/\/legrandcontinent.eu\/fr\/wp-json\/wp\/v2\/media?parent=98022"}],"wp:term":[{"taxonomy":"category","embeddable":true,"href":"https:\/\/legrandcontinent.eu\/fr\/wp-json\/wp\/v2\/categories?post=98022"},{"taxonomy":"post_tag","embeddable":true,"href":"https:\/\/legrandcontinent.eu\/fr\/wp-json\/wp\/v2\/tags?post=98022"},{"taxonomy":"staff","embeddable":true,"href":"https:\/\/legrandcontinent.eu\/fr\/wp-json\/wp\/v2\/staff?post=98022"},{"taxonomy":"editorial_format","embeddable":true,"href":"https:\/\/legrandcontinent.eu\/fr\/wp-json\/wp\/v2\/editorial_format?post=98022"},{"taxonomy":"serie","embeddable":true,"href":"https:\/\/legrandcontinent.eu\/fr\/wp-json\/wp\/v2\/serie?post=98022"},{"taxonomy":"audience","embeddable":true,"href":"https:\/\/legrandcontinent.eu\/fr\/wp-json\/wp\/v2\/audience?post=98022"},{"taxonomy":"geo","embeddable":true,"href":"https:\/\/legrandcontinent.eu\/fr\/wp-json\/wp\/v2\/geo?post=98022"}],"curies":[{"name":"wp","href":"https:\/\/api.w.org\/{rel}","templated":true}]}}