{"id":96496,"date":"2021-01-01T22:38:08","date_gmt":"2021-01-01T21:38:08","guid":{"rendered":"https:\/\/legrandcontinent.eu\/fr\/?p=96496"},"modified":"2021-01-01T22:39:37","modified_gmt":"2021-01-01T21:39:37","slug":"2020-lannee-de-lembrasement-en-juillet-un-plan-de-relance-historique","status":"publish","type":"post","link":"https:\/\/legrandcontinent.eu\/fr\/2021\/01\/01\/2020-lannee-de-lembrasement-en-juillet-un-plan-de-relance-historique\/","title":{"rendered":"2020, l\u2019ann\u00e9e de l\u2019embrasement. En juillet, un plan de relance historique"},"content":{"rendered":"\n<p>En juillet, l\u2019Union a marqu\u00e9 un pas d\u00e9cisif avec le sommet extraordinaire des chefs d\u2019\u00c9tat, du 17 au 21, qui a abouti \u00e0 un accord sur le plan de relance (Next Generation EU) et l\u2019\u00e9mission d\u2019une dette commune.<\/p>\n\n\n\n<ul class=\"wp-block-list\"><li><strong>Un plan de relance historique<\/strong>. \u00ab&#160;Le plan de relance est bien historique parce que, pour la premi\u00e8re fois depuis la crise de la zone euro, (i) il autorise des transferts entre les \u00c9tats membres, [&#8230;] (ii) il lance un emprunt commun par la Commission europ\u00e9enne [&#8230;], et permet (iii) une mutualisation certes insuffisante et partielle de la r\u00e9ponse \u00e0 la crise, mais une mutualisation tout de m\u00eame.&#160;\u00bb&nbsp;<span class='whitespace-nowrap'><span id='easy-footnote-1-96496' class='easy-footnote-margin-adjust'><\/span><span class='easy-footnote'><a href='https:\/\/legrandcontinent.eu\/fr\/2021\/01\/01\/2020-lannee-de-lembrasement-en-juillet-un-plan-de-relance-historique\/#easy-footnote-bottom-1-96496' title='VALLEE Shahin, &lt;a href=&quot;https:\/\/legrandcontinent.eu\/fr\/2020\/08\/11\/la-double-impasse-du-debat-francais-sur-le-plan-de-relance-europeen\/?mc_cid=7b87c1297d&amp;amp;mc_eid=9d9d57a1aa&quot;&gt;La double impasse du d\u00e9bat fran\u00e7ais sur le plan de relance europ\u00e9en, &lt;\/a&gt;Le Grand Continent, 11 aout 2020'><sup>1<\/sup><\/a><\/span><\/span><\/li><\/ul>\n\n\n\n<div class=\"iframe-container wp-block-image wp-block-image-large  iframe-dw\">\n\t<div>\n\t\t<iframe class=\"absolute w-full h-full pin-t pin-l\" title=\"titolo\" aria-label=\"Interactive line chart\" src=\"\/\/datawrapper.dwcdn.net\/03HKF\/4\/\" scrolling=\"no\" frameborder=\"0\"><\/iframe>\n\t<\/div>\n<\/div>\n\n\n\n<ul class=\"wp-block-list\"><li><strong>La tectonique des plaques institutionnelles<\/strong>\u00a0a \u00e9t\u00e9 particuli\u00e8rement mouvante. Quand bien m\u00eame les trois institutions devaient se mettre d&rsquo;accord et prendre toutes les mesures n\u00e9cessaires pour en faciliter l&rsquo;adoption, la Commission a jou\u00e9 le r\u00f4le d&rsquo;arbitre entre un Conseil qui a demeur\u00e9 ma\u00eetre du jeu, et un Parlement qui a eu particuli\u00e8rement int\u00e9r\u00eat \u00e0 se montrer proactif et incisif.&nbsp;<span class='whitespace-nowrap'><span id='easy-footnote-2-96496' class='easy-footnote-margin-adjust'><\/span><span class='easy-footnote'><a href='https:\/\/legrandcontinent.eu\/fr\/2021\/01\/01\/2020-lannee-de-lembrasement-en-juillet-un-plan-de-relance-historique\/#easy-footnote-bottom-2-96496' title='LUMET S\u00e9bastien, &lt;a href=&quot;https:\/\/legrandcontinent.eu\/fr\/2019\/12\/09\/comprendre-les-rapports-de-force-des-negociations-du-cadre-financier-pluriannuel-de-lue\/?mc_cid=ce14359b8a&amp;amp;mc_eid=0e81cd6eb7&quot;&gt;Comprendre les rapports de force des n\u00e9gociations du cadre financier pluriannuel de l\u2019UE&lt;\/a&gt;, Le Grand Continent, 9 d\u00e9cembre 2020'><sup>2<\/sup><\/a><\/span><\/span><\/li><li><strong>Un tournant historique de la politisation de l\u2019Union<\/strong>. \u00ab&#160;\u00c0 mesure que l\u2019impact des \u00e9v\u00e9nements europ\u00e9ens sur les politiques nationales s\u2019accro\u00eet, un espace politique proprement europ\u00e9en se forge en internalisant les d\u00e9bats dans un cadre de r\u00e9f\u00e9rence qui d\u00e9passe celui de la politique nationale ou de la seule diplomatie bilat\u00e9rale. [&#8230;] Les peuples prennent conscience de leur europ\u00e9anit\u00e9 \u00e0 mesure que les \u00e9v\u00e9nements exacerbent les tensions nationales.&#160;\u00bb&nbsp;<span class='whitespace-nowrap'><span id='easy-footnote-3-96496' class='easy-footnote-margin-adjust'><\/span><span class='easy-footnote'><a href='https:\/\/legrandcontinent.eu\/fr\/2021\/01\/01\/2020-lannee-de-lembrasement-en-juillet-un-plan-de-relance-historique\/#easy-footnote-bottom-3-96496' title='LUMET S\u00e9bastien, &lt;a href=&quot;https:\/\/legrandcontinent.eu\/fr\/2020\/07\/21\/apres-le-conseil-10-points-sur-la-politisation-de-lunion-et-sa-geopolitique-interne\/?mc_cid=71f80c6661&amp;amp;mc_eid=0e81cd6eb7&amp;amp;mc_cid=7b87c1297d&amp;amp;mc_eid=9d9d57a1aa&quot;&gt;Apr\u00e8s ce Conseil. 10 points sur la politisation de l\u2019Union et sa g\u00e9opolitique interne&lt;\/a&gt;, Le Grand Continent, 21 juillet 2020'><sup>3<\/sup><\/a><\/span><\/span><\/li><\/ul>\n\n\n\n<h4 class=\"wp-block-heading\">En juillet 2020, il s\u2019est aussi pass\u00e9 ceci&#160;:<\/h4>\n\n\n\n<ul class=\"wp-block-list\"><li><strong>Le 1er juillet<\/strong>, la pr\u00e9sidence allemande du Conseil a d\u00e9but\u00e9.<\/li><li><strong>Le 1er juillet,<\/strong>\u00a0un r\u00e9f\u00e9rendum organis\u00e9 en Russie a permis \u00e0 <a href=\"https:\/\/lldl.us14.list-manage.com\/track\/click?u=10762824cc6c812ec1f389f08&amp;id=e1d588e3bf&amp;e=9d9d57a1aa\">Vladimir Poutine <\/a>de demeurer potentiellement pr\u00e9sident jusqu\u2019en 2036.<\/li><li><strong>Le 12 juillet<\/strong>, Andrzej Duda a \u00e9t\u00e9 r\u00e9\u00e9lu \u00e0 la <a href=\"https:\/\/legrandcontinent.eu\/fr\/2020\/07\/12\/en-pologne-une-victoire-fragile\/?mc_cid=7b87c1297d&amp;mc_eid=9d9d57a1aa\">pr\u00e9sidence de la Pologne<\/a>.<\/li><li><strong>\u00c0 partir du 24 juillet 2020<\/strong>, la pri\u00e8re musulmane est c\u00e9l\u00e9br\u00e9e \u00e0 Sainte-Sophie.<\/li><\/ul>\n","protected":false},"excerpt":{"rendered":"<p>2020 a \u00e9t\u00e9 l\u2019ann\u00e9e de l\u2019embrasement. En juillet, l\u2019Union a marqu\u00e9 un pas d\u00e9cisif avec le sommet extraordinaire des chefs d\u2019\u00c9tat, du 17 au 21, qui a abouti \u00e0 un accord sur le plan de relance (Next Generation EU) et l\u2019\u00e9mission d\u2019une dette commune.<\/p>\n","protected":false},"author":175,"featured_media":85359,"comment_status":"closed","ping_status":"closed","sticky":false,"template":"templates\/post-briefings.php","format":"standard","meta":{"_acf_changed":false,"_trash_the_other_posts":false,"_yoast_wpseo_estimated-reading-time-minutes":0,"footnotes":""},"categories":[1727,1731],"tags":[],"staff":[1780],"editorial_format":[],"serie":[],"audience":[],"geo":[534],"class_list":["post-96496","post","type-post","status-publish","format-standard","hentry","category-economie","category-politique","staff-le-grand-continent","geo-bulles"],"acf":{"open_in_webview":false,"accent":false,"_thumbnail_id":85359,"excerpt":"2020 a \u00e9t\u00e9 l\u2019ann\u00e9e de l\u2019embrasement. En juillet, l\u2019Union a marqu\u00e9 un pas d\u00e9cisif avec le sommet extraordinaire des chefs d\u2019\u00c9tat, du 17 au 21, qui a abouti \u00e0 un accord sur le plan de relance (Next Generation EU) et l\u2019\u00e9mission d\u2019une dette commune.","display_date":"","new_abstract":true},"yoast_head":"<!-- This site is optimized with the Yoast SEO plugin v26.1.1 - https:\/\/yoast.com\/wordpress\/plugins\/seo\/ -->\n<title>2020, l\u2019ann\u00e9e de l\u2019embrasement. En juillet, un plan de relance historique | Le Grand Continent<\/title>\n<meta name=\"robots\" content=\"index, follow, max-snippet:-1, max-image-preview:large, max-video-preview:-1\" \/>\n<link rel=\"canonical\" href=\"https:\/\/legrandcontinent.eu\/fr\/2021\/01\/01\/2020-lannee-de-lembrasement-en-juillet-un-plan-de-relance-historique\/\" \/>\n<meta property=\"og:locale\" content=\"fr_FR\" \/>\n<meta property=\"og:type\" content=\"article\" \/>\n<meta property=\"og:title\" content=\"2020, l\u2019ann\u00e9e de l\u2019embrasement. En juillet, un plan de relance historique | Le Grand Continent\" \/>\n<meta property=\"og:description\" content=\"2020 a \u00e9t\u00e9 l\u2019ann\u00e9e de l\u2019embrasement. En juillet, l\u2019Union a marqu\u00e9 un pas d\u00e9cisif avec le sommet extraordinaire des chefs d\u2019\u00c9tat, du 17 au 21, qui a abouti \u00e0 un accord sur le plan de relance (Next Generation EU) et l\u2019\u00e9mission d\u2019une dette commune.\" \/>\n<meta property=\"og:url\" content=\"https:\/\/legrandcontinent.eu\/fr\/2021\/01\/01\/2020-lannee-de-lembrasement-en-juillet-un-plan-de-relance-historique\/\" \/>\n<meta property=\"og:site_name\" content=\"Le Grand Continent\" \/>\n<meta property=\"article:published_time\" content=\"2021-01-01T21:38:08+00:00\" \/>\n<meta property=\"article:modified_time\" content=\"2021-01-01T21:39:37+00:00\" \/>\n<meta property=\"og:image\" content=\"https:\/\/legrandcontinent.eu\/fr\/wp-content\/uploads\/sites\/2\/2020\/10\/gc-conseilue.jpg\" \/>\n\t<meta property=\"og:image:width\" content=\"1200\" \/>\n\t<meta property=\"og:image:height\" content=\"693\" \/>\n\t<meta property=\"og:image:type\" content=\"image\/jpeg\" \/>\n<meta name=\"author\" content=\"Giovanni Collot\" \/>\n<meta name=\"twitter:card\" content=\"summary_large_image\" \/>\n<meta name=\"twitter:image\" content=\"https:\/\/legrandcontinent.eu\/fr\/wp-content\/uploads\/sites\/2\/2020\/10\/gc-conseilue.jpg\" \/>\n<meta name=\"twitter:label1\" content=\"\u00c9crit par\" \/>\n\t<meta name=\"twitter:data1\" content=\"Giovanni Collot\" \/>\n\t<meta name=\"twitter:label2\" content=\"Dur\u00e9e de lecture estim\u00e9e\" \/>\n\t<meta name=\"twitter:data2\" content=\"2 minutes\" \/>\n<script type=\"application\/ld+json\" class=\"yoast-schema-graph\">{\"@context\":\"https:\/\/schema.org\",\"@graph\":[{\"@type\":\"WebPage\",\"@id\":\"https:\/\/legrandcontinent.eu\/fr\/2021\/01\/01\/2020-lannee-de-lembrasement-en-juillet-un-plan-de-relance-historique\/\",\"url\":\"https:\/\/legrandcontinent.eu\/fr\/2021\/01\/01\/2020-lannee-de-lembrasement-en-juillet-un-plan-de-relance-historique\/\",\"name\":\"2020, l\u2019ann\u00e9e de l\u2019embrasement. En juillet, un plan de relance historique | Le Grand Continent\",\"isPartOf\":{\"@id\":\"https:\/\/legrandcontinent.eu\/fr\/#website\"},\"primaryImageOfPage\":{\"@id\":\"https:\/\/legrandcontinent.eu\/fr\/2021\/01\/01\/2020-lannee-de-lembrasement-en-juillet-un-plan-de-relance-historique\/#primaryimage\"},\"image\":{\"@id\":\"https:\/\/legrandcontinent.eu\/fr\/2021\/01\/01\/2020-lannee-de-lembrasement-en-juillet-un-plan-de-relance-historique\/#primaryimage\"},\"thumbnailUrl\":\"https:\/\/legrandcontinent.eu\/fr\/wp-content\/uploads\/sites\/2\/2020\/10\/gc-conseilue.jpg\",\"datePublished\":\"2021-01-01T21:38:08+00:00\",\"dateModified\":\"2021-01-01T21:39:37+00:00\",\"author\":{\"@id\":\"https:\/\/legrandcontinent.eu\/fr\/#\/schema\/person\/953192c3de3c2331be3997745a2f12ef\"},\"breadcrumb\":{\"@id\":\"https:\/\/legrandcontinent.eu\/fr\/2021\/01\/01\/2020-lannee-de-lembrasement-en-juillet-un-plan-de-relance-historique\/#breadcrumb\"},\"inLanguage\":\"fr-FR\",\"potentialAction\":[{\"@type\":\"ReadAction\",\"target\":[\"https:\/\/legrandcontinent.eu\/fr\/2021\/01\/01\/2020-lannee-de-lembrasement-en-juillet-un-plan-de-relance-historique\/\"]}]},{\"@type\":\"ImageObject\",\"inLanguage\":\"fr-FR\",\"@id\":\"https:\/\/legrandcontinent.eu\/fr\/2021\/01\/01\/2020-lannee-de-lembrasement-en-juillet-un-plan-de-relance-historique\/#primaryimage\",\"url\":\"https:\/\/legrandcontinent.eu\/fr\/wp-content\/uploads\/sites\/2\/2020\/10\/gc-conseilue.jpg\",\"contentUrl\":\"https:\/\/legrandcontinent.eu\/fr\/wp-content\/uploads\/sites\/2\/2020\/10\/gc-conseilue.jpg\",\"width\":1200,\"height\":693},{\"@type\":\"BreadcrumbList\",\"@id\":\"https:\/\/legrandcontinent.eu\/fr\/2021\/01\/01\/2020-lannee-de-lembrasement-en-juillet-un-plan-de-relance-historique\/#breadcrumb\",\"itemListElement\":[{\"@type\":\"ListItem\",\"position\":1,\"name\":\"Accueil\",\"item\":\"https:\/\/legrandcontinent.eu\/fr\/\"},{\"@type\":\"ListItem\",\"position\":2,\"name\":\"2020, l\u2019ann\u00e9e de l\u2019embrasement. En juillet, un plan de relance historique\"}]},{\"@type\":\"WebSite\",\"@id\":\"https:\/\/legrandcontinent.eu\/fr\/#website\",\"url\":\"https:\/\/legrandcontinent.eu\/fr\/\",\"name\":\"Le Grand Continent\",\"description\":\"L&#039;\u00e9chelle pertinente\",\"potentialAction\":[{\"@type\":\"SearchAction\",\"target\":{\"@type\":\"EntryPoint\",\"urlTemplate\":\"https:\/\/legrandcontinent.eu\/fr\/?s={search_term_string}\"},\"query-input\":{\"@type\":\"PropertyValueSpecification\",\"valueRequired\":true,\"valueName\":\"search_term_string\"}}],\"inLanguage\":\"fr-FR\"},{\"@type\":\"Person\",\"@id\":\"https:\/\/legrandcontinent.eu\/fr\/#\/schema\/person\/953192c3de3c2331be3997745a2f12ef\",\"name\":\"Giovanni Collot\",\"image\":{\"@type\":\"ImageObject\",\"inLanguage\":\"fr-FR\",\"@id\":\"https:\/\/legrandcontinent.eu\/fr\/#\/schema\/person\/image\/\",\"url\":\"https:\/\/secure.gravatar.com\/avatar\/d93cac37237065a8de4498df3db60dde?s=96&d=mm&r=g\",\"contentUrl\":\"https:\/\/secure.gravatar.com\/avatar\/d93cac37237065a8de4498df3db60dde?s=96&d=mm&r=g\",\"caption\":\"Giovanni Collot\"}}]}<\/script>\n<!-- \/ Yoast SEO plugin. -->","yoast_head_json":{"title":"2020, l\u2019ann\u00e9e de l\u2019embrasement. En juillet, un plan de relance historique | Le Grand Continent","robots":{"index":"index","follow":"follow","max-snippet":"max-snippet:-1","max-image-preview":"max-image-preview:large","max-video-preview":"max-video-preview:-1"},"canonical":"https:\/\/legrandcontinent.eu\/fr\/2021\/01\/01\/2020-lannee-de-lembrasement-en-juillet-un-plan-de-relance-historique\/","og_locale":"fr_FR","og_type":"article","og_title":"2020, l\u2019ann\u00e9e de l\u2019embrasement. En juillet, un plan de relance historique | Le Grand Continent","og_description":"2020 a \u00e9t\u00e9 l\u2019ann\u00e9e de l\u2019embrasement. En juillet, l\u2019Union a marqu\u00e9 un pas d\u00e9cisif avec le sommet extraordinaire des chefs d\u2019\u00c9tat, du 17 au 21, qui a abouti \u00e0 un accord sur le plan de relance (Next Generation EU) et l\u2019\u00e9mission d\u2019une dette commune.","og_url":"https:\/\/legrandcontinent.eu\/fr\/2021\/01\/01\/2020-lannee-de-lembrasement-en-juillet-un-plan-de-relance-historique\/","og_site_name":"Le Grand Continent","article_published_time":"2021-01-01T21:38:08+00:00","article_modified_time":"2021-01-01T21:39:37+00:00","og_image":[{"width":1200,"height":693,"url":"https:\/\/legrandcontinent.eu\/fr\/wp-content\/uploads\/sites\/2\/2020\/10\/gc-conseilue.jpg","type":"image\/jpeg"}],"author":"Giovanni Collot","twitter_card":"summary_large_image","twitter_image":"https:\/\/legrandcontinent.eu\/fr\/wp-content\/uploads\/sites\/2\/2020\/10\/gc-conseilue.jpg","twitter_misc":{"\u00c9crit par":"Giovanni Collot","Dur\u00e9e de lecture estim\u00e9e":"2 minutes"},"schema":{"@context":"https:\/\/schema.org","@graph":[{"@type":"WebPage","@id":"https:\/\/legrandcontinent.eu\/fr\/2021\/01\/01\/2020-lannee-de-lembrasement-en-juillet-un-plan-de-relance-historique\/","url":"https:\/\/legrandcontinent.eu\/fr\/2021\/01\/01\/2020-lannee-de-lembrasement-en-juillet-un-plan-de-relance-historique\/","name":"2020, l\u2019ann\u00e9e de l\u2019embrasement. En juillet, un plan de relance historique | Le Grand Continent","isPartOf":{"@id":"https:\/\/legrandcontinent.eu\/fr\/#website"},"primaryImageOfPage":{"@id":"https:\/\/legrandcontinent.eu\/fr\/2021\/01\/01\/2020-lannee-de-lembrasement-en-juillet-un-plan-de-relance-historique\/#primaryimage"},"image":{"@id":"https:\/\/legrandcontinent.eu\/fr\/2021\/01\/01\/2020-lannee-de-lembrasement-en-juillet-un-plan-de-relance-historique\/#primaryimage"},"thumbnailUrl":"https:\/\/legrandcontinent.eu\/fr\/wp-content\/uploads\/sites\/2\/2020\/10\/gc-conseilue.jpg","datePublished":"2021-01-01T21:38:08+00:00","dateModified":"2021-01-01T21:39:37+00:00","author":{"@id":"https:\/\/legrandcontinent.eu\/fr\/#\/schema\/person\/953192c3de3c2331be3997745a2f12ef"},"breadcrumb":{"@id":"https:\/\/legrandcontinent.eu\/fr\/2021\/01\/01\/2020-lannee-de-lembrasement-en-juillet-un-plan-de-relance-historique\/#breadcrumb"},"inLanguage":"fr-FR","potentialAction":[{"@type":"ReadAction","target":["https:\/\/legrandcontinent.eu\/fr\/2021\/01\/01\/2020-lannee-de-lembrasement-en-juillet-un-plan-de-relance-historique\/"]}]},{"@type":"ImageObject","inLanguage":"fr-FR","@id":"https:\/\/legrandcontinent.eu\/fr\/2021\/01\/01\/2020-lannee-de-lembrasement-en-juillet-un-plan-de-relance-historique\/#primaryimage","url":"https:\/\/legrandcontinent.eu\/fr\/wp-content\/uploads\/sites\/2\/2020\/10\/gc-conseilue.jpg","contentUrl":"https:\/\/legrandcontinent.eu\/fr\/wp-content\/uploads\/sites\/2\/2020\/10\/gc-conseilue.jpg","width":1200,"height":693},{"@type":"BreadcrumbList","@id":"https:\/\/legrandcontinent.eu\/fr\/2021\/01\/01\/2020-lannee-de-lembrasement-en-juillet-un-plan-de-relance-historique\/#breadcrumb","itemListElement":[{"@type":"ListItem","position":1,"name":"Accueil","item":"https:\/\/legrandcontinent.eu\/fr\/"},{"@type":"ListItem","position":2,"name":"2020, l\u2019ann\u00e9e de l\u2019embrasement. En juillet, un plan de relance historique"}]},{"@type":"WebSite","@id":"https:\/\/legrandcontinent.eu\/fr\/#website","url":"https:\/\/legrandcontinent.eu\/fr\/","name":"Le Grand Continent","description":"L&#039;\u00e9chelle pertinente","potentialAction":[{"@type":"SearchAction","target":{"@type":"EntryPoint","urlTemplate":"https:\/\/legrandcontinent.eu\/fr\/?s={search_term_string}"},"query-input":{"@type":"PropertyValueSpecification","valueRequired":true,"valueName":"search_term_string"}}],"inLanguage":"fr-FR"},{"@type":"Person","@id":"https:\/\/legrandcontinent.eu\/fr\/#\/schema\/person\/953192c3de3c2331be3997745a2f12ef","name":"Giovanni Collot","image":{"@type":"ImageObject","inLanguage":"fr-FR","@id":"https:\/\/legrandcontinent.eu\/fr\/#\/schema\/person\/image\/","url":"https:\/\/secure.gravatar.com\/avatar\/d93cac37237065a8de4498df3db60dde?s=96&d=mm&r=g","contentUrl":"https:\/\/secure.gravatar.com\/avatar\/d93cac37237065a8de4498df3db60dde?s=96&d=mm&r=g","caption":"Giovanni Collot"}}]}},"lgc_categories":[{"id":1727,"name":"\u00c9conomie","slug":"economie"},{"id":1731,"name":"Politique","slug":"politique"}],"lgc_author":{"id":1780,"name":"Le Grand Continent","slug":"le-grand-continent","description":null,"first_name":null,"last_name":null,"picture":null},"feature_image_summary":{"url":"https:\/\/legrandcontinent.eu\/fr\/wp-content\/uploads\/sites\/2\/2020\/10\/gc-conseilue.jpg","width":1200,"height":693,"alt":""},"feature_image_cover":null,"term_position_data":null,"_links":{"self":[{"href":"https:\/\/legrandcontinent.eu\/fr\/wp-json\/wp\/v2\/posts\/96496","targetHints":{"allow":["GET"]}}],"collection":[{"href":"https:\/\/legrandcontinent.eu\/fr\/wp-json\/wp\/v2\/posts"}],"about":[{"href":"https:\/\/legrandcontinent.eu\/fr\/wp-json\/wp\/v2\/types\/post"}],"author":[{"embeddable":true,"href":"https:\/\/legrandcontinent.eu\/fr\/wp-json\/wp\/v2\/users\/175"}],"replies":[{"embeddable":true,"href":"https:\/\/legrandcontinent.eu\/fr\/wp-json\/wp\/v2\/comments?post=96496"}],"version-history":[{"count":0,"href":"https:\/\/legrandcontinent.eu\/fr\/wp-json\/wp\/v2\/posts\/96496\/revisions"}],"wp:featuredmedia":[{"embeddable":true,"href":"https:\/\/legrandcontinent.eu\/fr\/wp-json\/wp\/v2\/media\/85359"}],"wp:attachment":[{"href":"https:\/\/legrandcontinent.eu\/fr\/wp-json\/wp\/v2\/media?parent=96496"}],"wp:term":[{"taxonomy":"category","embeddable":true,"href":"https:\/\/legrandcontinent.eu\/fr\/wp-json\/wp\/v2\/categories?post=96496"},{"taxonomy":"post_tag","embeddable":true,"href":"https:\/\/legrandcontinent.eu\/fr\/wp-json\/wp\/v2\/tags?post=96496"},{"taxonomy":"staff","embeddable":true,"href":"https:\/\/legrandcontinent.eu\/fr\/wp-json\/wp\/v2\/staff?post=96496"},{"taxonomy":"editorial_format","embeddable":true,"href":"https:\/\/legrandcontinent.eu\/fr\/wp-json\/wp\/v2\/editorial_format?post=96496"},{"taxonomy":"serie","embeddable":true,"href":"https:\/\/legrandcontinent.eu\/fr\/wp-json\/wp\/v2\/serie?post=96496"},{"taxonomy":"audience","embeddable":true,"href":"https:\/\/legrandcontinent.eu\/fr\/wp-json\/wp\/v2\/audience?post=96496"},{"taxonomy":"geo","embeddable":true,"href":"https:\/\/legrandcontinent.eu\/fr\/wp-json\/wp\/v2\/geo?post=96496"}],"curies":[{"name":"wp","href":"https:\/\/api.w.org\/{rel}","templated":true}]}}