{"id":96490,"date":"2021-01-01T17:54:42","date_gmt":"2021-01-01T16:54:42","guid":{"rendered":"https:\/\/legrandcontinent.eu\/fr\/?p=96490"},"modified":"2021-01-01T17:55:13","modified_gmt":"2021-01-01T16:55:13","slug":"2020-lannee-de-lembrasement-en-juin-un-mouvement-mondial","status":"publish","type":"post","link":"https:\/\/legrandcontinent.eu\/fr\/2021\/01\/01\/2020-lannee-de-lembrasement-en-juin-un-mouvement-mondial\/","title":{"rendered":"2020, l\u2019ann\u00e9e de l\u2019embrasement. En juin, un mouvement mondial"},"content":{"rendered":"\n<p>\u00c0 la suite de la mort de George Floyd aux \u00c9tats-Unis, le mois de juin fut un mois de manifestations sur tous les continents.&nbsp;<\/p>\n\n\n\n<ul class=\"wp-block-list\"><li><strong>Black Lives Matter&nbsp;<\/strong>&#160;: ces trois mots et les manifestations antiracistes sont all\u00e9s bien au-del\u00e0 des fronti\u00e8res des \u00c9tats-Unis.&nbsp;<\/li><\/ul>\n\n\n\n<div class=\"iframe-container wp-block-image wp-block-image-medium  iframe-dw\">\n\t<div>\n\t\t<iframe class=\"absolute w-full h-full pin-t pin-l\" title=\"titolo\" aria-label=\"Interactive line chart\" src=\"\/\/datawrapper.dwcdn.net\/5WUTO\/4\/\" scrolling=\"no\" frameborder=\"0\"><\/iframe>\n\t<\/div>\n<\/div>\n\n\n\n<ul class=\"wp-block-list\"><li><strong>La loi et l\u2019ordre<\/strong>&nbsp;&#160;: comme les discours de Trump hostiles aux manifestants, la r\u00e9pression a \u00e9t\u00e9 violente. Pour B. Harcourt, c\u2019est que les gouvernements am\u00e9ricains successifs sont entr\u00e9s depuis le 11 septembre dans l\u2019\u00e8re de la contre-r\u00e9volution&#160;: \u00ab&#160;Nous avons ramen\u00e9 chez nous les mentalit\u00e9s, les logiques, les tactiques et les \u00e9quipements des guerres en Irak et en Afghanistan&#160;\u00bb.&nbsp;<span class='whitespace-nowrap'><span id='easy-footnote-1-96490' class='easy-footnote-margin-adjust'><\/span><span class='easy-footnote'><a href='https:\/\/legrandcontinent.eu\/fr\/2021\/01\/01\/2020-lannee-de-lembrasement-en-juin-un-mouvement-mondial\/#easy-footnote-bottom-1-96490' title='HARCOURT Bernard E., L&lt;a href=&quot;https:\/\/legrandcontinent.eu\/fr\/2018\/06\/06\/la-contre-revolution-americaine\/?mc_cid=ce302dd9de&amp;amp;mc_eid=0e81cd6eb7&amp;amp;mc_cid=f3a29b549e&amp;amp;mc_eid=9d9d57a1aa&amp;amp;mc_cid=7b87c1297d&amp;amp;mc_eid=9d9d57a1aa&quot;&gt;a contre-r\u00e9volution am\u00e9ricaine,&lt;\/a&gt; Le Grand Continent, 6 juin 2018'><sup>1<\/sup><\/a><\/span><\/span><\/li><li><strong>Militarisation de la police&nbsp;<\/strong>&#160;: l\u2019interpellation de G. Floyd, puis les manifestations et les \u00e9meutes qui ont suivi, ont mis en lumi\u00e8re des moyens et des m\u00e9thodes de maintien de l\u2019ordre public brutales qui peuvent para\u00eetre ill\u00e9gitimes pour un \u00e9tat de droit. Nous sommes revenus sur les facteurs et les cons\u00e9quences de cette \u00e9volution.&nbsp;<span class='whitespace-nowrap'><span id='easy-footnote-2-96490' class='easy-footnote-margin-adjust'><\/span><span class='easy-footnote'><a href='https:\/\/legrandcontinent.eu\/fr\/2021\/01\/01\/2020-lannee-de-lembrasement-en-juin-un-mouvement-mondial\/#easy-footnote-bottom-2-96490' title='DOLAIN Matthieu,&lt;a href=&quot;https:\/\/legrandcontinent.eu\/fr\/2020\/06\/15\/militarisation-de-la-police\/?mc_cid=7b87c1297d&amp;amp;mc_eid=9d9d57a1aa&quot;&gt; 10 points sur la \u00ab&amp;#160;&amp;nbsp;militarisation&amp;nbsp;&amp;#160;\u00bb de la police&lt;\/a&gt;, Le Grand Continent, 15 juin 2020'><sup>2<\/sup><\/a><\/span><\/span><\/li><li><strong>R\u00e9formes&nbsp;<\/strong>&#160;: des changements concrets ont tout de m\u00eame eu lieu aux \u00c9tats-Unis, \u00e0 commencer par le d\u00e9mant\u00e8lement partiel de la police de Minneapolis.&nbsp;<\/li><\/ul>\n\n\n\n<h4 class=\"wp-block-heading\">&nbsp;En juin 2020, il s\u2019est aussi pass\u00e9 ceci&nbsp;&#160;:<\/h4>\n\n\n\n<ul class=\"wp-block-list\"><li><strong>Le tourisme reprenait<\/strong>, avec une ouverture des fronti\u00e8res en Italie le 3 juin.&nbsp;<span class='whitespace-nowrap'><span id='easy-footnote-3-96490' class='easy-footnote-margin-adjust'><\/span><span class='easy-footnote'><a href='https:\/\/legrandcontinent.eu\/fr\/2021\/01\/01\/2020-lannee-de-lembrasement-en-juin-un-mouvement-mondial\/#easy-footnote-bottom-3-96490' title='HUBLET Fran\u00e7ois, &lt;a href=&quot;https:\/\/legrandcontinent.eu\/fr\/2020\/05\/09\/sauver-le-tourisme\/?mc_cid=7b87c1297d&amp;amp;mc_eid=9d9d57a1aa&quot;&gt;Ouvrir les fronti\u00e8res pour sauver le tourisme&amp;#160;?&lt;\/a&gt;, Le Grand Continent, 9 avril 2020'><sup>3<\/sup><\/a><\/span><\/span><\/li><li><strong>La quatri\u00e8me conf\u00e9rence<\/strong>\u00a0sur l\u2019avenir de la Syrie a eu lieu \u00e0 Bruxelles, pr\u00e9sid\u00e9e par l\u2019Union et l\u2019ONU. Elle avait notamment vocation \u00e0 traiter la question de l\u2019urgence humanitaire \u00e0 laquelle font face les populations sur place.&nbsp;<span class='whitespace-nowrap'><span id='easy-footnote-4-96490' class='easy-footnote-margin-adjust'><\/span><span class='easy-footnote'><a href='https:\/\/legrandcontinent.eu\/fr\/2021\/01\/01\/2020-lannee-de-lembrasement-en-juin-un-mouvement-mondial\/#easy-footnote-bottom-4-96490' title='DUCLOS Michel, &lt;a href=&quot;https:\/\/legrandcontinent.eu\/fr\/2019\/11\/15\/la-contamination-syrienne-et-les-nouveaux-autoritaires\/?mc_cid=e3c831bf72&amp;amp;mc_eid=bb85d9cc40&amp;amp;mc_cid=7b87c1297d&amp;amp;mc_eid=9d9d57a1aa&quot;&gt;La contamination syrienne et les nouveaux autoritaires,&lt;\/a&gt; Le Grand Continent, 15 novembre 2019'><sup>4<\/sup><\/a><\/span><\/span><\/li><\/ul>\n","protected":false},"excerpt":{"rendered":"<p>2020 est l\u2019ann\u00e9e de l\u2019embrasement. \u00c0 la suite de la mort de George Floyd aux \u00c9tats-Unis, le mois de juin fut un mois de manifestations sur tous les continents. <\/p>\n","protected":false},"author":175,"featured_media":96491,"comment_status":"closed","ping_status":"closed","sticky":false,"template":"templates\/post-briefings.php","format":"standard","meta":{"_acf_changed":false,"_trash_the_other_posts":false,"_yoast_wpseo_estimated-reading-time-minutes":0,"footnotes":""},"categories":[1731],"tags":[],"staff":[1780],"editorial_format":[],"serie":[],"audience":[],"geo":[525],"class_list":["post-96490","post","type-post","status-publish","format-standard","hentry","category-politique","staff-le-grand-continent","geo-ameriques"],"acf":{"open_in_webview":false,"accent":false,"_thumbnail_id":96491,"excerpt":"2020 est l\u2019ann\u00e9e de l\u2019embrasement. \u00c0 la suite de la mort de George Floyd aux \u00c9tats-Unis, le mois de juin fut un mois de manifestations sur tous les continents. ","display_date":"","new_abstract":true},"yoast_head":"<!-- This site is optimized with the Yoast SEO plugin v26.1.1 - https:\/\/yoast.com\/wordpress\/plugins\/seo\/ -->\n<title>2020, l\u2019ann\u00e9e de l\u2019embrasement. En juin, un mouvement mondial | Le Grand Continent<\/title>\n<meta name=\"robots\" content=\"index, follow, max-snippet:-1, max-image-preview:large, max-video-preview:-1\" \/>\n<link rel=\"canonical\" href=\"https:\/\/legrandcontinent.eu\/fr\/2021\/01\/01\/2020-lannee-de-lembrasement-en-juin-un-mouvement-mondial\/\" \/>\n<meta property=\"og:locale\" content=\"fr_FR\" \/>\n<meta property=\"og:type\" content=\"article\" \/>\n<meta property=\"og:title\" content=\"2020, l\u2019ann\u00e9e de l\u2019embrasement. En juin, un mouvement mondial | Le Grand Continent\" \/>\n<meta property=\"og:description\" content=\"2020 est l\u2019ann\u00e9e de l\u2019embrasement. \u00c0 la suite de la mort de George Floyd aux \u00c9tats-Unis, le mois de juin fut un mois de manifestations sur tous les continents.\" \/>\n<meta property=\"og:url\" content=\"https:\/\/legrandcontinent.eu\/fr\/2021\/01\/01\/2020-lannee-de-lembrasement-en-juin-un-mouvement-mondial\/\" \/>\n<meta property=\"og:site_name\" content=\"Le Grand Continent\" \/>\n<meta property=\"article:published_time\" content=\"2021-01-01T16:54:42+00:00\" \/>\n<meta property=\"article:modified_time\" content=\"2021-01-01T16:55:13+00:00\" \/>\n<meta property=\"og:image\" content=\"https:\/\/legrandcontinent.eu\/fr\/wp-content\/uploads\/sites\/2\/2021\/01\/Grafica-2021-01-01-alle-17.53.46.jpg\" \/>\n\t<meta property=\"og:image:width\" content=\"2560\" \/>\n\t<meta property=\"og:image:height\" content=\"1472\" \/>\n\t<meta property=\"og:image:type\" content=\"image\/jpeg\" \/>\n<meta name=\"author\" content=\"Giovanni Collot\" \/>\n<meta name=\"twitter:card\" content=\"summary_large_image\" \/>\n<meta name=\"twitter:image\" content=\"https:\/\/legrandcontinent.eu\/fr\/wp-content\/uploads\/sites\/2\/2021\/01\/Grafica-2021-01-01-alle-17.53.46.jpg\" \/>\n<meta name=\"twitter:label1\" content=\"\u00c9crit par\" \/>\n\t<meta name=\"twitter:data1\" content=\"Giovanni Collot\" \/>\n\t<meta name=\"twitter:label2\" content=\"Dur\u00e9e de lecture estim\u00e9e\" \/>\n\t<meta name=\"twitter:data2\" content=\"2 minutes\" \/>\n<script type=\"application\/ld+json\" class=\"yoast-schema-graph\">{\"@context\":\"https:\/\/schema.org\",\"@graph\":[{\"@type\":\"WebPage\",\"@id\":\"https:\/\/legrandcontinent.eu\/fr\/2021\/01\/01\/2020-lannee-de-lembrasement-en-juin-un-mouvement-mondial\/\",\"url\":\"https:\/\/legrandcontinent.eu\/fr\/2021\/01\/01\/2020-lannee-de-lembrasement-en-juin-un-mouvement-mondial\/\",\"name\":\"2020, l\u2019ann\u00e9e de l\u2019embrasement. En juin, un mouvement mondial | Le Grand Continent\",\"isPartOf\":{\"@id\":\"https:\/\/legrandcontinent.eu\/fr\/#website\"},\"primaryImageOfPage\":{\"@id\":\"https:\/\/legrandcontinent.eu\/fr\/2021\/01\/01\/2020-lannee-de-lembrasement-en-juin-un-mouvement-mondial\/#primaryimage\"},\"image\":{\"@id\":\"https:\/\/legrandcontinent.eu\/fr\/2021\/01\/01\/2020-lannee-de-lembrasement-en-juin-un-mouvement-mondial\/#primaryimage\"},\"thumbnailUrl\":\"https:\/\/legrandcontinent.eu\/fr\/wp-content\/uploads\/sites\/2\/2021\/01\/Grafica-2021-01-01-alle-17.53.46.jpg\",\"datePublished\":\"2021-01-01T16:54:42+00:00\",\"dateModified\":\"2021-01-01T16:55:13+00:00\",\"author\":{\"@id\":\"https:\/\/legrandcontinent.eu\/fr\/#\/schema\/person\/953192c3de3c2331be3997745a2f12ef\"},\"breadcrumb\":{\"@id\":\"https:\/\/legrandcontinent.eu\/fr\/2021\/01\/01\/2020-lannee-de-lembrasement-en-juin-un-mouvement-mondial\/#breadcrumb\"},\"inLanguage\":\"fr-FR\",\"potentialAction\":[{\"@type\":\"ReadAction\",\"target\":[\"https:\/\/legrandcontinent.eu\/fr\/2021\/01\/01\/2020-lannee-de-lembrasement-en-juin-un-mouvement-mondial\/\"]}]},{\"@type\":\"ImageObject\",\"inLanguage\":\"fr-FR\",\"@id\":\"https:\/\/legrandcontinent.eu\/fr\/2021\/01\/01\/2020-lannee-de-lembrasement-en-juin-un-mouvement-mondial\/#primaryimage\",\"url\":\"https:\/\/legrandcontinent.eu\/fr\/wp-content\/uploads\/sites\/2\/2021\/01\/Grafica-2021-01-01-alle-17.53.46.jpg\",\"contentUrl\":\"https:\/\/legrandcontinent.eu\/fr\/wp-content\/uploads\/sites\/2\/2021\/01\/Grafica-2021-01-01-alle-17.53.46.jpg\",\"width\":2560,\"height\":1472},{\"@type\":\"BreadcrumbList\",\"@id\":\"https:\/\/legrandcontinent.eu\/fr\/2021\/01\/01\/2020-lannee-de-lembrasement-en-juin-un-mouvement-mondial\/#breadcrumb\",\"itemListElement\":[{\"@type\":\"ListItem\",\"position\":1,\"name\":\"Accueil\",\"item\":\"https:\/\/legrandcontinent.eu\/fr\/\"},{\"@type\":\"ListItem\",\"position\":2,\"name\":\"2020, l\u2019ann\u00e9e de l\u2019embrasement. En juin, un mouvement mondial\"}]},{\"@type\":\"WebSite\",\"@id\":\"https:\/\/legrandcontinent.eu\/fr\/#website\",\"url\":\"https:\/\/legrandcontinent.eu\/fr\/\",\"name\":\"Le Grand Continent\",\"description\":\"L&#039;\u00e9chelle pertinente\",\"potentialAction\":[{\"@type\":\"SearchAction\",\"target\":{\"@type\":\"EntryPoint\",\"urlTemplate\":\"https:\/\/legrandcontinent.eu\/fr\/?s={search_term_string}\"},\"query-input\":{\"@type\":\"PropertyValueSpecification\",\"valueRequired\":true,\"valueName\":\"search_term_string\"}}],\"inLanguage\":\"fr-FR\"},{\"@type\":\"Person\",\"@id\":\"https:\/\/legrandcontinent.eu\/fr\/#\/schema\/person\/953192c3de3c2331be3997745a2f12ef\",\"name\":\"Giovanni Collot\",\"image\":{\"@type\":\"ImageObject\",\"inLanguage\":\"fr-FR\",\"@id\":\"https:\/\/legrandcontinent.eu\/fr\/#\/schema\/person\/image\/\",\"url\":\"https:\/\/secure.gravatar.com\/avatar\/d93cac37237065a8de4498df3db60dde?s=96&d=mm&r=g\",\"contentUrl\":\"https:\/\/secure.gravatar.com\/avatar\/d93cac37237065a8de4498df3db60dde?s=96&d=mm&r=g\",\"caption\":\"Giovanni Collot\"}}]}<\/script>\n<!-- \/ Yoast SEO plugin. -->","yoast_head_json":{"title":"2020, l\u2019ann\u00e9e de l\u2019embrasement. En juin, un mouvement mondial | Le Grand Continent","robots":{"index":"index","follow":"follow","max-snippet":"max-snippet:-1","max-image-preview":"max-image-preview:large","max-video-preview":"max-video-preview:-1"},"canonical":"https:\/\/legrandcontinent.eu\/fr\/2021\/01\/01\/2020-lannee-de-lembrasement-en-juin-un-mouvement-mondial\/","og_locale":"fr_FR","og_type":"article","og_title":"2020, l\u2019ann\u00e9e de l\u2019embrasement. En juin, un mouvement mondial | Le Grand Continent","og_description":"2020 est l\u2019ann\u00e9e de l\u2019embrasement. \u00c0 la suite de la mort de George Floyd aux \u00c9tats-Unis, le mois de juin fut un mois de manifestations sur tous les continents.","og_url":"https:\/\/legrandcontinent.eu\/fr\/2021\/01\/01\/2020-lannee-de-lembrasement-en-juin-un-mouvement-mondial\/","og_site_name":"Le Grand Continent","article_published_time":"2021-01-01T16:54:42+00:00","article_modified_time":"2021-01-01T16:55:13+00:00","og_image":[{"width":2560,"height":1472,"url":"https:\/\/legrandcontinent.eu\/fr\/wp-content\/uploads\/sites\/2\/2021\/01\/Grafica-2021-01-01-alle-17.53.46.jpg","type":"image\/jpeg"}],"author":"Giovanni Collot","twitter_card":"summary_large_image","twitter_image":"https:\/\/legrandcontinent.eu\/fr\/wp-content\/uploads\/sites\/2\/2021\/01\/Grafica-2021-01-01-alle-17.53.46.jpg","twitter_misc":{"\u00c9crit par":"Giovanni Collot","Dur\u00e9e de lecture estim\u00e9e":"2 minutes"},"schema":{"@context":"https:\/\/schema.org","@graph":[{"@type":"WebPage","@id":"https:\/\/legrandcontinent.eu\/fr\/2021\/01\/01\/2020-lannee-de-lembrasement-en-juin-un-mouvement-mondial\/","url":"https:\/\/legrandcontinent.eu\/fr\/2021\/01\/01\/2020-lannee-de-lembrasement-en-juin-un-mouvement-mondial\/","name":"2020, l\u2019ann\u00e9e de l\u2019embrasement. En juin, un mouvement mondial | Le Grand Continent","isPartOf":{"@id":"https:\/\/legrandcontinent.eu\/fr\/#website"},"primaryImageOfPage":{"@id":"https:\/\/legrandcontinent.eu\/fr\/2021\/01\/01\/2020-lannee-de-lembrasement-en-juin-un-mouvement-mondial\/#primaryimage"},"image":{"@id":"https:\/\/legrandcontinent.eu\/fr\/2021\/01\/01\/2020-lannee-de-lembrasement-en-juin-un-mouvement-mondial\/#primaryimage"},"thumbnailUrl":"https:\/\/legrandcontinent.eu\/fr\/wp-content\/uploads\/sites\/2\/2021\/01\/Grafica-2021-01-01-alle-17.53.46.jpg","datePublished":"2021-01-01T16:54:42+00:00","dateModified":"2021-01-01T16:55:13+00:00","author":{"@id":"https:\/\/legrandcontinent.eu\/fr\/#\/schema\/person\/953192c3de3c2331be3997745a2f12ef"},"breadcrumb":{"@id":"https:\/\/legrandcontinent.eu\/fr\/2021\/01\/01\/2020-lannee-de-lembrasement-en-juin-un-mouvement-mondial\/#breadcrumb"},"inLanguage":"fr-FR","potentialAction":[{"@type":"ReadAction","target":["https:\/\/legrandcontinent.eu\/fr\/2021\/01\/01\/2020-lannee-de-lembrasement-en-juin-un-mouvement-mondial\/"]}]},{"@type":"ImageObject","inLanguage":"fr-FR","@id":"https:\/\/legrandcontinent.eu\/fr\/2021\/01\/01\/2020-lannee-de-lembrasement-en-juin-un-mouvement-mondial\/#primaryimage","url":"https:\/\/legrandcontinent.eu\/fr\/wp-content\/uploads\/sites\/2\/2021\/01\/Grafica-2021-01-01-alle-17.53.46.jpg","contentUrl":"https:\/\/legrandcontinent.eu\/fr\/wp-content\/uploads\/sites\/2\/2021\/01\/Grafica-2021-01-01-alle-17.53.46.jpg","width":2560,"height":1472},{"@type":"BreadcrumbList","@id":"https:\/\/legrandcontinent.eu\/fr\/2021\/01\/01\/2020-lannee-de-lembrasement-en-juin-un-mouvement-mondial\/#breadcrumb","itemListElement":[{"@type":"ListItem","position":1,"name":"Accueil","item":"https:\/\/legrandcontinent.eu\/fr\/"},{"@type":"ListItem","position":2,"name":"2020, l\u2019ann\u00e9e de l\u2019embrasement. En juin, un mouvement mondial"}]},{"@type":"WebSite","@id":"https:\/\/legrandcontinent.eu\/fr\/#website","url":"https:\/\/legrandcontinent.eu\/fr\/","name":"Le Grand Continent","description":"L&#039;\u00e9chelle pertinente","potentialAction":[{"@type":"SearchAction","target":{"@type":"EntryPoint","urlTemplate":"https:\/\/legrandcontinent.eu\/fr\/?s={search_term_string}"},"query-input":{"@type":"PropertyValueSpecification","valueRequired":true,"valueName":"search_term_string"}}],"inLanguage":"fr-FR"},{"@type":"Person","@id":"https:\/\/legrandcontinent.eu\/fr\/#\/schema\/person\/953192c3de3c2331be3997745a2f12ef","name":"Giovanni Collot","image":{"@type":"ImageObject","inLanguage":"fr-FR","@id":"https:\/\/legrandcontinent.eu\/fr\/#\/schema\/person\/image\/","url":"https:\/\/secure.gravatar.com\/avatar\/d93cac37237065a8de4498df3db60dde?s=96&d=mm&r=g","contentUrl":"https:\/\/secure.gravatar.com\/avatar\/d93cac37237065a8de4498df3db60dde?s=96&d=mm&r=g","caption":"Giovanni Collot"}}]}},"lgc_categories":[{"id":1731,"name":"Politique","slug":"politique"}],"lgc_author":{"id":1780,"name":"Le Grand Continent","slug":"le-grand-continent","description":null,"first_name":null,"last_name":null,"picture":null},"feature_image_summary":{"url":"https:\/\/legrandcontinent.eu\/fr\/wp-content\/uploads\/sites\/2\/2021\/01\/Grafica-2021-01-01-alle-17.53.46.jpg","width":2560,"height":1472,"alt":""},"feature_image_cover":null,"term_position_data":null,"_links":{"self":[{"href":"https:\/\/legrandcontinent.eu\/fr\/wp-json\/wp\/v2\/posts\/96490","targetHints":{"allow":["GET"]}}],"collection":[{"href":"https:\/\/legrandcontinent.eu\/fr\/wp-json\/wp\/v2\/posts"}],"about":[{"href":"https:\/\/legrandcontinent.eu\/fr\/wp-json\/wp\/v2\/types\/post"}],"author":[{"embeddable":true,"href":"https:\/\/legrandcontinent.eu\/fr\/wp-json\/wp\/v2\/users\/175"}],"replies":[{"embeddable":true,"href":"https:\/\/legrandcontinent.eu\/fr\/wp-json\/wp\/v2\/comments?post=96490"}],"version-history":[{"count":0,"href":"https:\/\/legrandcontinent.eu\/fr\/wp-json\/wp\/v2\/posts\/96490\/revisions"}],"wp:featuredmedia":[{"embeddable":true,"href":"https:\/\/legrandcontinent.eu\/fr\/wp-json\/wp\/v2\/media\/96491"}],"wp:attachment":[{"href":"https:\/\/legrandcontinent.eu\/fr\/wp-json\/wp\/v2\/media?parent=96490"}],"wp:term":[{"taxonomy":"category","embeddable":true,"href":"https:\/\/legrandcontinent.eu\/fr\/wp-json\/wp\/v2\/categories?post=96490"},{"taxonomy":"post_tag","embeddable":true,"href":"https:\/\/legrandcontinent.eu\/fr\/wp-json\/wp\/v2\/tags?post=96490"},{"taxonomy":"staff","embeddable":true,"href":"https:\/\/legrandcontinent.eu\/fr\/wp-json\/wp\/v2\/staff?post=96490"},{"taxonomy":"editorial_format","embeddable":true,"href":"https:\/\/legrandcontinent.eu\/fr\/wp-json\/wp\/v2\/editorial_format?post=96490"},{"taxonomy":"serie","embeddable":true,"href":"https:\/\/legrandcontinent.eu\/fr\/wp-json\/wp\/v2\/serie?post=96490"},{"taxonomy":"audience","embeddable":true,"href":"https:\/\/legrandcontinent.eu\/fr\/wp-json\/wp\/v2\/audience?post=96490"},{"taxonomy":"geo","embeddable":true,"href":"https:\/\/legrandcontinent.eu\/fr\/wp-json\/wp\/v2\/geo?post=96490"}],"curies":[{"name":"wp","href":"https:\/\/api.w.org\/{rel}","templated":true}]}}