{"id":96476,"date":"2021-01-01T10:22:52","date_gmt":"2021-01-01T09:22:52","guid":{"rendered":"https:\/\/legrandcontinent.eu\/fr\/?p=96476"},"modified":"2021-01-01T10:23:57","modified_gmt":"2021-01-01T09:23:57","slug":"2020-lannee-de-lembrasement-en-mai-20-ans-de-poutine","status":"publish","type":"post","link":"https:\/\/legrandcontinent.eu\/fr\/2021\/01\/01\/2020-lannee-de-lembrasement-en-mai-20-ans-de-poutine\/","title":{"rendered":"2020, l\u2019ann\u00e9e de l\u2019embrasement. En mai, 20 ans de Poutine"},"content":{"rendered":"\n<p>Le 7 mai 2020 a marqu\u00e9 les 20 ans de l\u2019arriv\u00e9e au pouvoir de Vladimir Poutine comme pr\u00e9sident de la f\u00e9d\u00e9ration de Russie.&nbsp;<\/p>\n\n\n\n<ul class=\"wp-block-list\"><li><strong>Et encore 20 ans<\/strong>&nbsp;&#160;: par le r\u00e9f\u00e9rendum constitutionnel qui a eu lieu au mois de juillet, une r\u00e9forme constitutionnelle abrogeant la limite de deux mandats cons\u00e9cutifs et permettant \u00e0 Poutine de rester au pouvoir jusqu\u2019en 2036 a \u00e9t\u00e9 adopt\u00e9e.<\/li><li><strong>Immunit\u00e9 \u00e0 vie<\/strong>&nbsp;&#160;: une nouvelle loi adopt\u00e9e en d\u00e9cembre a donn\u00e9 l\u2019immunit\u00e9 \u00e0 vie aux anciens pr\u00e9sidents sur les actes effectu\u00e9s pendant comme hors de leurs mandats.<\/li><li><strong>Non alternance&nbsp;<\/strong>&#160;: \u00ab&#160;L\u2019id\u00e9e du pouvoir qui r\u00e8gne au Kremlin, c\u2019est la non alternance parce que Poutine et son gouvernement croient qu\u2019ils savent ce qu\u2019il faut faire&#160;\u00bb, analyse Galina Ackerman. \u00ab&#160;Un haut fonctionnaire a formul\u00e9 cela tr\u00e8s bri\u00e8vement&#160;: Il y a Poutine, il y a la Russie. Et il n\u2019y a pas de Poutine, il n\u2019y a pas de Russie&#160;\u00bb.&nbsp;<span class='whitespace-nowrap'><span id='easy-footnote-1-96476' class='easy-footnote-margin-adjust'><\/span><span class='easy-footnote'><a href='https:\/\/legrandcontinent.eu\/fr\/2021\/01\/01\/2020-lannee-de-lembrasement-en-mai-20-ans-de-poutine\/#easy-footnote-bottom-1-96476' title='&lt;a href=&quot;https:\/\/legrandcontinent.eu\/fr\/2020\/05\/07\/20-ans-apres-poutine-une-conversation-entre-vimont-tenzer-ackerman\/?mc_cid=7b87c1297d&amp;amp;mc_eid=9d9d57a1aa&quot;&gt;20 ans apr\u00e8s Poutine&amp;nbsp;&amp;#160;: une conversation entre Vimont, Tenzer, Ackerman&lt;\/a&gt;, Le Grand Continent, 7 mai 2020'><sup>1<\/sup><\/a><\/span><\/span><\/li><\/ul>\n\n\n\n<div class=\"iframe-container wp-block-image wp-block-image-medium  iframe-dw\">\n\t<div>\n\t\t<iframe class=\"absolute w-full h-full pin-t pin-l\" title=\"titolo\" aria-label=\"Interactive line chart\" src=\"\/\/datawrapper.dwcdn.net\/cy9rC\/1\/\" scrolling=\"no\" frameborder=\"0\"><\/iframe>\n\t<\/div>\n<\/div>\n\n\n\n<ul class=\"wp-block-list\"><li><strong>Gestion de la pand\u00e9mie<\/strong>. Le Kremlin a choisi de d\u00e9centraliser la r\u00e9ponse \u00e0 la crise sanitaire en laissant une certaine autonomie aux collectivit\u00e9s locales, une mani\u00e8re \u00e9galement d\u2019att\u00e9nuer sa responsabilit\u00e9 politique face au bilan sanitaire. D\u00e9but d\u00e9cembre, Moscou a commenc\u00e9 \u00e0 distribuer le vaccin Spoutnik V contre le Covid-19.&nbsp;<span class='whitespace-nowrap'><span id='easy-footnote-2-96476' class='easy-footnote-margin-adjust'><\/span><span class='easy-footnote'><a href='https:\/\/legrandcontinent.eu\/fr\/2021\/01\/01\/2020-lannee-de-lembrasement-en-mai-20-ans-de-poutine\/#easy-footnote-bottom-2-96476' title='COLLOT Giovanni, &lt;a href=&quot;https:\/\/legrandcontinent.eu\/fr\/2020\/07\/18\/en-russie-un-deconfinement-sur-base-regionale\/?mc_cid=7b87c1297d&amp;amp;mc_eid=9d9d57a1aa&quot;&gt;En Russie, un d\u00e9confinement sur base r\u00e9gionale,&lt;\/a&gt; Le Grand Continent, 18 juillet 2020'><sup>2<\/sup><\/a><\/span><\/span><\/li><li><strong>La s\u00e9quence du Covid-19<\/strong>&nbsp;intervient en Russie dans un contexte de difficult\u00e9s \u00e9conomiques. Avant d\u2019\u00eatre confront\u00e9e aux cons\u00e9quences \u00e9conomiques de l\u2019arr\u00eat de l\u2019activit\u00e9 durant la crise sanitaire, la Russie \u00e9tait frapp\u00e9e par la chute drastique du prix du baril de p\u00e9trole, dans la continuit\u00e9 des sanctions \u00e9conomiques occidentales.&nbsp;<\/li><li><strong>\u00c0 suivre.<\/strong>&nbsp;Les \u00e9lections l\u00e9gislatives russes sont pr\u00e9vues pour septembre 2021.<\/li><\/ul>\n\n\n\n<h4 class=\"wp-block-heading\">En mai 2020, il s\u2019est aussi pass\u00e9 ceci&nbsp;&#160;:<\/h4>\n\n\n\n<ul class=\"wp-block-list\"><li><strong>Les pays europ\u00e9ens<\/strong>&nbsp;commen\u00e7aient leur (premier) d\u00e9confinement.&nbsp;<span class='whitespace-nowrap'><span id='easy-footnote-3-96476' class='easy-footnote-margin-adjust'><\/span><span class='easy-footnote'><a href='https:\/\/legrandcontinent.eu\/fr\/2021\/01\/01\/2020-lannee-de-lembrasement-en-mai-20-ans-de-poutine\/#easy-footnote-bottom-3-96476' title='&lt;a href=&quot;https:\/\/legrandcontinent.eu\/fr\/2020\/05\/11\/le-deconfinement-a-lechelle-pertinente\/?mc_cid=7b87c1297d&amp;amp;mc_eid=9d9d57a1aa&quot;&gt;Le d\u00e9confinement \u00e0 l\u2019\u00e9chelle pertinente,&lt;\/a&gt; Le Grand Continent, 11 mai 2020'><sup>3<\/sup><\/a><\/span><\/span><\/li><li><strong>Le Parlement chinois<\/strong>&nbsp;a tenu sa session annuelle.&nbsp;<span class='whitespace-nowrap'><span id='easy-footnote-4-96476' class='easy-footnote-margin-adjust'><\/span><span class='easy-footnote'><a href='https:\/\/legrandcontinent.eu\/fr\/2021\/01\/01\/2020-lannee-de-lembrasement-en-mai-20-ans-de-poutine\/#easy-footnote-bottom-4-96476' title='LINCOT Emmanuel, VERON Emmanuel, &lt;a href=&quot;https:\/\/legrandcontinent.eu\/fr\/2020\/05\/06\/reprise-en-main-du-pcc-par-xi-jinping-avant-le-20e-congres\/?mc_cid=7b87c1297d&amp;amp;mc_eid=9d9d57a1aa&quot;&gt;Reprise en main du PCC par Xi Jinping avant le 20e congr\u00e8s&lt;\/a&gt;, Le Grand Continent, 6 mai 2020'><sup>4<\/sup><\/a><\/span><\/span><\/li><\/ul>\n","protected":false},"excerpt":{"rendered":"<p>2020 est l\u2019ann\u00e9e de l\u2019embrasement. Le 7 mai 2020 a marqu\u00e9 les 20 ans de l\u2019arriv\u00e9e au pouvoir de Vladimir Poutine comme pr\u00e9sident de la f\u00e9d\u00e9ration de Russie. <\/p>\n","protected":false},"author":175,"featured_media":96477,"comment_status":"closed","ping_status":"closed","sticky":false,"template":"templates\/post-briefings.php","format":"standard","meta":{"_acf_changed":false,"_trash_the_other_posts":false,"_yoast_wpseo_estimated-reading-time-minutes":0,"footnotes":""},"categories":[1731],"tags":[2706],"staff":[1780],"editorial_format":[],"serie":[],"audience":[],"geo":[550,1880],"class_list":["post-96476","post","type-post","status-publish","format-standard","hentry","category-politique","tag-poutine","staff-le-grand-continent","geo-russie","geo-moscou"],"acf":{"open_in_webview":false,"accent":false},"yoast_head":"<!-- This site is optimized with the Yoast SEO plugin v26.1.1 - https:\/\/yoast.com\/wordpress\/plugins\/seo\/ -->\n<title>2020, l\u2019ann\u00e9e de l\u2019embrasement. En mai, 20 ans de Poutine | Le Grand Continent<\/title>\n<meta name=\"robots\" content=\"index, follow, max-snippet:-1, max-image-preview:large, max-video-preview:-1\" \/>\n<link rel=\"canonical\" href=\"https:\/\/legrandcontinent.eu\/fr\/2021\/01\/01\/2020-lannee-de-lembrasement-en-mai-20-ans-de-poutine\/\" \/>\n<meta property=\"og:locale\" content=\"fr_FR\" \/>\n<meta property=\"og:type\" content=\"article\" \/>\n<meta property=\"og:title\" content=\"2020, l\u2019ann\u00e9e de l\u2019embrasement. En mai, 20 ans de Poutine | Le Grand Continent\" \/>\n<meta property=\"og:description\" content=\"2020 est l\u2019ann\u00e9e de l\u2019embrasement. Le 7 mai 2020 a marqu\u00e9 les 20 ans de l\u2019arriv\u00e9e au pouvoir de Vladimir Poutine comme pr\u00e9sident de la f\u00e9d\u00e9ration de Russie.\" \/>\n<meta property=\"og:url\" content=\"https:\/\/legrandcontinent.eu\/fr\/2021\/01\/01\/2020-lannee-de-lembrasement-en-mai-20-ans-de-poutine\/\" \/>\n<meta property=\"og:site_name\" content=\"Le Grand Continent\" \/>\n<meta property=\"article:published_time\" content=\"2021-01-01T09:22:52+00:00\" \/>\n<meta property=\"article:modified_time\" content=\"2021-01-01T09:23:57+00:00\" \/>\n<meta property=\"og:image\" content=\"https:\/\/legrandcontinent.eu\/fr\/wp-content\/uploads\/sites\/2\/2021\/01\/Grafica-2021-01-01-alle-10.20.46.jpg\" \/>\n\t<meta property=\"og:image:width\" content=\"2560\" \/>\n\t<meta property=\"og:image:height\" content=\"1476\" \/>\n\t<meta property=\"og:image:type\" content=\"image\/jpeg\" \/>\n<meta name=\"author\" content=\"Giovanni Collot\" \/>\n<meta name=\"twitter:card\" content=\"summary_large_image\" \/>\n<meta name=\"twitter:image\" content=\"https:\/\/legrandcontinent.eu\/fr\/wp-content\/uploads\/sites\/2\/2021\/01\/Grafica-2021-01-01-alle-10.20.46.jpg\" \/>\n<meta name=\"twitter:label1\" content=\"\u00c9crit par\" \/>\n\t<meta name=\"twitter:data1\" content=\"Giovanni Collot\" \/>\n\t<meta name=\"twitter:label2\" content=\"Dur\u00e9e de lecture estim\u00e9e\" \/>\n\t<meta name=\"twitter:data2\" content=\"2 minutes\" \/>\n<script type=\"application\/ld+json\" class=\"yoast-schema-graph\">{\"@context\":\"https:\/\/schema.org\",\"@graph\":[{\"@type\":\"WebPage\",\"@id\":\"https:\/\/legrandcontinent.eu\/fr\/2021\/01\/01\/2020-lannee-de-lembrasement-en-mai-20-ans-de-poutine\/\",\"url\":\"https:\/\/legrandcontinent.eu\/fr\/2021\/01\/01\/2020-lannee-de-lembrasement-en-mai-20-ans-de-poutine\/\",\"name\":\"2020, l\u2019ann\u00e9e de l\u2019embrasement. En mai, 20 ans de Poutine | Le Grand Continent\",\"isPartOf\":{\"@id\":\"https:\/\/legrandcontinent.eu\/fr\/#website\"},\"primaryImageOfPage\":{\"@id\":\"https:\/\/legrandcontinent.eu\/fr\/2021\/01\/01\/2020-lannee-de-lembrasement-en-mai-20-ans-de-poutine\/#primaryimage\"},\"image\":{\"@id\":\"https:\/\/legrandcontinent.eu\/fr\/2021\/01\/01\/2020-lannee-de-lembrasement-en-mai-20-ans-de-poutine\/#primaryimage\"},\"thumbnailUrl\":\"https:\/\/legrandcontinent.eu\/fr\/wp-content\/uploads\/sites\/2\/2021\/01\/Grafica-2021-01-01-alle-10.20.46.jpg\",\"datePublished\":\"2021-01-01T09:22:52+00:00\",\"dateModified\":\"2021-01-01T09:23:57+00:00\",\"author\":{\"@id\":\"https:\/\/legrandcontinent.eu\/fr\/#\/schema\/person\/953192c3de3c2331be3997745a2f12ef\"},\"breadcrumb\":{\"@id\":\"https:\/\/legrandcontinent.eu\/fr\/2021\/01\/01\/2020-lannee-de-lembrasement-en-mai-20-ans-de-poutine\/#breadcrumb\"},\"inLanguage\":\"fr-FR\",\"potentialAction\":[{\"@type\":\"ReadAction\",\"target\":[\"https:\/\/legrandcontinent.eu\/fr\/2021\/01\/01\/2020-lannee-de-lembrasement-en-mai-20-ans-de-poutine\/\"]}]},{\"@type\":\"ImageObject\",\"inLanguage\":\"fr-FR\",\"@id\":\"https:\/\/legrandcontinent.eu\/fr\/2021\/01\/01\/2020-lannee-de-lembrasement-en-mai-20-ans-de-poutine\/#primaryimage\",\"url\":\"https:\/\/legrandcontinent.eu\/fr\/wp-content\/uploads\/sites\/2\/2021\/01\/Grafica-2021-01-01-alle-10.20.46.jpg\",\"contentUrl\":\"https:\/\/legrandcontinent.eu\/fr\/wp-content\/uploads\/sites\/2\/2021\/01\/Grafica-2021-01-01-alle-10.20.46.jpg\",\"width\":2560,\"height\":1476},{\"@type\":\"BreadcrumbList\",\"@id\":\"https:\/\/legrandcontinent.eu\/fr\/2021\/01\/01\/2020-lannee-de-lembrasement-en-mai-20-ans-de-poutine\/#breadcrumb\",\"itemListElement\":[{\"@type\":\"ListItem\",\"position\":1,\"name\":\"Accueil\",\"item\":\"https:\/\/legrandcontinent.eu\/fr\/\"},{\"@type\":\"ListItem\",\"position\":2,\"name\":\"2020, l\u2019ann\u00e9e de l\u2019embrasement. En mai, 20 ans de Poutine\"}]},{\"@type\":\"WebSite\",\"@id\":\"https:\/\/legrandcontinent.eu\/fr\/#website\",\"url\":\"https:\/\/legrandcontinent.eu\/fr\/\",\"name\":\"Le Grand Continent\",\"description\":\"L&#039;\u00e9chelle pertinente\",\"potentialAction\":[{\"@type\":\"SearchAction\",\"target\":{\"@type\":\"EntryPoint\",\"urlTemplate\":\"https:\/\/legrandcontinent.eu\/fr\/?s={search_term_string}\"},\"query-input\":{\"@type\":\"PropertyValueSpecification\",\"valueRequired\":true,\"valueName\":\"search_term_string\"}}],\"inLanguage\":\"fr-FR\"},{\"@type\":\"Person\",\"@id\":\"https:\/\/legrandcontinent.eu\/fr\/#\/schema\/person\/953192c3de3c2331be3997745a2f12ef\",\"name\":\"Giovanni Collot\",\"image\":{\"@type\":\"ImageObject\",\"inLanguage\":\"fr-FR\",\"@id\":\"https:\/\/legrandcontinent.eu\/fr\/#\/schema\/person\/image\/\",\"url\":\"https:\/\/secure.gravatar.com\/avatar\/d93cac37237065a8de4498df3db60dde?s=96&d=mm&r=g\",\"contentUrl\":\"https:\/\/secure.gravatar.com\/avatar\/d93cac37237065a8de4498df3db60dde?s=96&d=mm&r=g\",\"caption\":\"Giovanni Collot\"}}]}<\/script>\n<!-- \/ Yoast SEO plugin. -->","yoast_head_json":{"title":"2020, l\u2019ann\u00e9e de l\u2019embrasement. En mai, 20 ans de Poutine | Le Grand Continent","robots":{"index":"index","follow":"follow","max-snippet":"max-snippet:-1","max-image-preview":"max-image-preview:large","max-video-preview":"max-video-preview:-1"},"canonical":"https:\/\/legrandcontinent.eu\/fr\/2021\/01\/01\/2020-lannee-de-lembrasement-en-mai-20-ans-de-poutine\/","og_locale":"fr_FR","og_type":"article","og_title":"2020, l\u2019ann\u00e9e de l\u2019embrasement. En mai, 20 ans de Poutine | Le Grand Continent","og_description":"2020 est l\u2019ann\u00e9e de l\u2019embrasement. Le 7 mai 2020 a marqu\u00e9 les 20 ans de l\u2019arriv\u00e9e au pouvoir de Vladimir Poutine comme pr\u00e9sident de la f\u00e9d\u00e9ration de Russie.","og_url":"https:\/\/legrandcontinent.eu\/fr\/2021\/01\/01\/2020-lannee-de-lembrasement-en-mai-20-ans-de-poutine\/","og_site_name":"Le Grand Continent","article_published_time":"2021-01-01T09:22:52+00:00","article_modified_time":"2021-01-01T09:23:57+00:00","og_image":[{"width":2560,"height":1476,"url":"https:\/\/legrandcontinent.eu\/fr\/wp-content\/uploads\/sites\/2\/2021\/01\/Grafica-2021-01-01-alle-10.20.46.jpg","type":"image\/jpeg"}],"author":"Giovanni Collot","twitter_card":"summary_large_image","twitter_image":"https:\/\/legrandcontinent.eu\/fr\/wp-content\/uploads\/sites\/2\/2021\/01\/Grafica-2021-01-01-alle-10.20.46.jpg","twitter_misc":{"\u00c9crit par":"Giovanni Collot","Dur\u00e9e de lecture estim\u00e9e":"2 minutes"},"schema":{"@context":"https:\/\/schema.org","@graph":[{"@type":"WebPage","@id":"https:\/\/legrandcontinent.eu\/fr\/2021\/01\/01\/2020-lannee-de-lembrasement-en-mai-20-ans-de-poutine\/","url":"https:\/\/legrandcontinent.eu\/fr\/2021\/01\/01\/2020-lannee-de-lembrasement-en-mai-20-ans-de-poutine\/","name":"2020, l\u2019ann\u00e9e de l\u2019embrasement. En mai, 20 ans de Poutine | Le Grand Continent","isPartOf":{"@id":"https:\/\/legrandcontinent.eu\/fr\/#website"},"primaryImageOfPage":{"@id":"https:\/\/legrandcontinent.eu\/fr\/2021\/01\/01\/2020-lannee-de-lembrasement-en-mai-20-ans-de-poutine\/#primaryimage"},"image":{"@id":"https:\/\/legrandcontinent.eu\/fr\/2021\/01\/01\/2020-lannee-de-lembrasement-en-mai-20-ans-de-poutine\/#primaryimage"},"thumbnailUrl":"https:\/\/legrandcontinent.eu\/fr\/wp-content\/uploads\/sites\/2\/2021\/01\/Grafica-2021-01-01-alle-10.20.46.jpg","datePublished":"2021-01-01T09:22:52+00:00","dateModified":"2021-01-01T09:23:57+00:00","author":{"@id":"https:\/\/legrandcontinent.eu\/fr\/#\/schema\/person\/953192c3de3c2331be3997745a2f12ef"},"breadcrumb":{"@id":"https:\/\/legrandcontinent.eu\/fr\/2021\/01\/01\/2020-lannee-de-lembrasement-en-mai-20-ans-de-poutine\/#breadcrumb"},"inLanguage":"fr-FR","potentialAction":[{"@type":"ReadAction","target":["https:\/\/legrandcontinent.eu\/fr\/2021\/01\/01\/2020-lannee-de-lembrasement-en-mai-20-ans-de-poutine\/"]}]},{"@type":"ImageObject","inLanguage":"fr-FR","@id":"https:\/\/legrandcontinent.eu\/fr\/2021\/01\/01\/2020-lannee-de-lembrasement-en-mai-20-ans-de-poutine\/#primaryimage","url":"https:\/\/legrandcontinent.eu\/fr\/wp-content\/uploads\/sites\/2\/2021\/01\/Grafica-2021-01-01-alle-10.20.46.jpg","contentUrl":"https:\/\/legrandcontinent.eu\/fr\/wp-content\/uploads\/sites\/2\/2021\/01\/Grafica-2021-01-01-alle-10.20.46.jpg","width":2560,"height":1476},{"@type":"BreadcrumbList","@id":"https:\/\/legrandcontinent.eu\/fr\/2021\/01\/01\/2020-lannee-de-lembrasement-en-mai-20-ans-de-poutine\/#breadcrumb","itemListElement":[{"@type":"ListItem","position":1,"name":"Accueil","item":"https:\/\/legrandcontinent.eu\/fr\/"},{"@type":"ListItem","position":2,"name":"2020, l\u2019ann\u00e9e de l\u2019embrasement. En mai, 20 ans de Poutine"}]},{"@type":"WebSite","@id":"https:\/\/legrandcontinent.eu\/fr\/#website","url":"https:\/\/legrandcontinent.eu\/fr\/","name":"Le Grand Continent","description":"L&#039;\u00e9chelle pertinente","potentialAction":[{"@type":"SearchAction","target":{"@type":"EntryPoint","urlTemplate":"https:\/\/legrandcontinent.eu\/fr\/?s={search_term_string}"},"query-input":{"@type":"PropertyValueSpecification","valueRequired":true,"valueName":"search_term_string"}}],"inLanguage":"fr-FR"},{"@type":"Person","@id":"https:\/\/legrandcontinent.eu\/fr\/#\/schema\/person\/953192c3de3c2331be3997745a2f12ef","name":"Giovanni Collot","image":{"@type":"ImageObject","inLanguage":"fr-FR","@id":"https:\/\/legrandcontinent.eu\/fr\/#\/schema\/person\/image\/","url":"https:\/\/secure.gravatar.com\/avatar\/d93cac37237065a8de4498df3db60dde?s=96&d=mm&r=g","contentUrl":"https:\/\/secure.gravatar.com\/avatar\/d93cac37237065a8de4498df3db60dde?s=96&d=mm&r=g","caption":"Giovanni Collot"}}]}},"lgc_categories":[{"id":1731,"name":"Politique","slug":"politique"}],"lgc_author":{"id":1780,"name":"Le Grand Continent","slug":"le-grand-continent"},"feature_image_summary":{"url":"https:\/\/legrandcontinent.eu\/fr\/wp-content\/uploads\/sites\/2\/2021\/01\/Grafica-2021-01-01-alle-10.20.46.jpg","width":2560,"height":1476,"alt":""},"feature_image_cover":null,"term_position_data":null,"_links":{"self":[{"href":"https:\/\/legrandcontinent.eu\/fr\/wp-json\/wp\/v2\/posts\/96476","targetHints":{"allow":["GET"]}}],"collection":[{"href":"https:\/\/legrandcontinent.eu\/fr\/wp-json\/wp\/v2\/posts"}],"about":[{"href":"https:\/\/legrandcontinent.eu\/fr\/wp-json\/wp\/v2\/types\/post"}],"author":[{"embeddable":true,"href":"https:\/\/legrandcontinent.eu\/fr\/wp-json\/wp\/v2\/users\/175"}],"replies":[{"embeddable":true,"href":"https:\/\/legrandcontinent.eu\/fr\/wp-json\/wp\/v2\/comments?post=96476"}],"version-history":[{"count":0,"href":"https:\/\/legrandcontinent.eu\/fr\/wp-json\/wp\/v2\/posts\/96476\/revisions"}],"wp:featuredmedia":[{"embeddable":true,"href":"https:\/\/legrandcontinent.eu\/fr\/wp-json\/wp\/v2\/media\/96477"}],"wp:attachment":[{"href":"https:\/\/legrandcontinent.eu\/fr\/wp-json\/wp\/v2\/media?parent=96476"}],"wp:term":[{"taxonomy":"category","embeddable":true,"href":"https:\/\/legrandcontinent.eu\/fr\/wp-json\/wp\/v2\/categories?post=96476"},{"taxonomy":"post_tag","embeddable":true,"href":"https:\/\/legrandcontinent.eu\/fr\/wp-json\/wp\/v2\/tags?post=96476"},{"taxonomy":"staff","embeddable":true,"href":"https:\/\/legrandcontinent.eu\/fr\/wp-json\/wp\/v2\/staff?post=96476"},{"taxonomy":"editorial_format","embeddable":true,"href":"https:\/\/legrandcontinent.eu\/fr\/wp-json\/wp\/v2\/editorial_format?post=96476"},{"taxonomy":"serie","embeddable":true,"href":"https:\/\/legrandcontinent.eu\/fr\/wp-json\/wp\/v2\/serie?post=96476"},{"taxonomy":"audience","embeddable":true,"href":"https:\/\/legrandcontinent.eu\/fr\/wp-json\/wp\/v2\/audience?post=96476"},{"taxonomy":"geo","embeddable":true,"href":"https:\/\/legrandcontinent.eu\/fr\/wp-json\/wp\/v2\/geo?post=96476"}],"curies":[{"name":"wp","href":"https:\/\/api.w.org\/{rel}","templated":true}]}}