{"id":9593,"date":"2018-04-06T18:00:24","date_gmt":"2018-04-06T16:00:24","guid":{"rendered":"https:\/\/legrandcontinent.eu\/?p=9593"},"modified":"2019-10-14T00:04:44","modified_gmt":"2019-10-13T22:04:44","slug":"quest-ce-que-le-momentum","status":"publish","type":"post","link":"https:\/\/legrandcontinent.eu\/fr\/2018\/04\/06\/quest-ce-que-le-momentum\/","title":{"rendered":"Qu\u2019est-ce que le Momentum&#160;?"},"content":{"rendered":"\n<p><em>En janvier 2017, un nouveau parti politique, dirig\u00e9 par le jeune juriste Andr\u00e1s Fekete Gy\u0151r, appara\u00eet sur la sc\u00e8ne politique hongroise&#160;: le Momentum Mozgalom (MoMo). Ce parti cherche \u00e0 renouveler la vie politique hongroise et \u00e0 d\u00e9passer les clivages gauche-droite.<\/em><\/p>\n\n\n\n<p><em>Le Momentum devient connu \u00e0 l\u2019\u00e9chelle nationale et europ\u00e9enne lors de sa campagne \u00ab&#160;<a href=\"https:\/\/nolimpia.com\/?lang=en#\">NOlimpia<\/a>&#160;\u00bb dont le but est de pousser le gouvernement \u00e0 retirer la candidature de Budapest comme ville organisatrice des Jeux Olympiques d\u2019\u00e9t\u00e9 2024. D\u2019apr\u00e8s les dirigeants du Momentum, l\u2019obtention du droit d\u2019organisation des JO entra\u00eenerait une crise financi\u00e8re irr\u00e9m\u00e9diable pour la Hongrie. De plus, sous pr\u00e9texte de cette organisation l\u2019\u00e9lite politique pourrait s\u2019emparer \u2013 sans aucune transparence \u2013 des fonds d\u00e9di\u00e9s \u00e0 la construction des \u00e9tablissements sportifs pour les jeux. D\u00e8s lors, au printemps 2017, le MoMo commence \u00e0 recueillir les signatures pour r\u00e9clamer un r\u00e9f\u00e9rendum municipal quant \u00e0 <a href=\"https:\/\/legrandcontinent.eu\/fr\/2019\/09\/29\/paris-2024-une-metropolisation-sans-metropole\/\">l&rsquo;organisation des JO 2024<\/a>. <\/em><\/p>\n\n\n\n<p><em>Les <a href=\"http:\/\/www.rfi.fr\/europe\/20170217-2024-petition-candidature-budapest-hongrie-orban-jeux-olympiques-nolimpia\">266 000 signatures<\/a> recueillies, suffisantes pour organiser un r\u00e9f\u00e9rendum, et la pol\u00e9mique de plus en plus importante suscit\u00e9e par le sujet, contraignent le gouvernement du Premier ministre Viktor Orb\u00e1n \u00e0 faire marche arri\u00e8re et \u00e0 retirer la candidature de Budapest.<\/em><\/p>\n\n\n\n<p><em>\u00c0 la suite de ce succ\u00e8s important, le Momentum d\u00e9cide de pr\u00e9senter des candidats aux \u00e9lections l\u00e9gislatives d\u2019avril 2018. Ces \u00e9lections seront d\u00e9cisives quant \u00e0 l\u2019avenir de la Hongrie et de sa position au sein de l\u2019Union europ\u00e9enne. Dans le cadre de ces scrutins, le Momentum cherche \u00e0 concurrencer le Fidesz et son dirigeant populiste, le conservateur Viktor Orb\u00e1n qui est au pouvoir depuis 2010 en tenant deux tiers des si\u00e8ges au Parlement.<\/em><\/p>\n\n\n\n<p><em>Quelques semaines avant les \u00e9lections l\u00e9gislatives d&rsquo;avril 2018, nous avions rencontr\u00e9 le porte-parole du Momentum, Mikl\u00f3s Hajnal, afin de mieux comprendre la ligne directrice et les aspirations de leur parti.<\/em><\/p>\n\n\n\n<p><em>Au lendemain des \u00e9lections municipales en Hongrie, comprendre le Momentum est plus que jamais n\u00e9cessaire.<\/em><\/p>\n\n\n\n<h3 class=\"wp-block-heading\">Si vous deviez formuler votre devise politique en quelques mots pour qu\u2019elle tienne sur une bo\u00eete d\u2019allumettes, quelle serait-elle&#160;?<\/h3>\n\n\n\n<p>En quelques mots ce serait difficile, mais je vais essayer d\u2019\u00eatre synth\u00e9tique. Notre but est de faire un grand m\u00e9nage politique. Nous repr\u00e9sentons une g\u00e9n\u00e9ration politique nouvelle qui cherche \u00e0 aboutir \u00e0 des changements op\u00e9rationnels dans notre syst\u00e8me politique actuel. Il faut oser toucher aux domaines qui n\u2019ont jamais \u00e9t\u00e9 r\u00e9form\u00e9s afin de cr\u00e9er un r\u00e9gime stable et un consensus social qui ne s\u2019effondre pas tous les quatre ans suite aux \u00e9lections l\u00e9gislatives.<\/p>\n\n\n\n<figure class=\"wp-block-pullquote\"><blockquote><p>\u00ab&#160;Nous repr\u00e9sentons une g\u00e9n\u00e9ration politique nouvelle qui cherche \u00e0 aboutir \u00e0 des changements op\u00e9rationnels dans notre syst\u00e8me politique actuel.&#160;\u00bb<\/p><cite>Mikl\u00f3s Hajnal<\/cite><\/blockquote><\/figure>\n\n\n\n<h3 class=\"wp-block-heading\">Parlons alors plus concr\u00e8tement des \u00e9lections. Sur les 106 circonscriptions \u00e9lectorales, dans combien pourrez-vous pr\u00e9senter un candidat individuel&#160;? Pensez-vous parvenir \u00e9galement \u00e0 faire une liste \u00e9lectorale nationale&#160;? Avez-vous une chance r\u00e9elle de d\u00e9passer le seuil d\u2019entr\u00e9e au Parlement, qui est de 5&#160;%&#160;?<\/h3>\n\n\n\n<p>Je r\u00e9pondrais oui aux deux questions. Nous aurons des candidats individuels dans toutes les 106 circonscriptions et pour le moment nous pensons que la plupart de ces candidats seront sur notre liste \u00e9lectorale nationale.<\/p>\n\n\n\n<p>En ce qui concerne le seuil de 5&#160;%, je trouve que c\u2019est tout \u00e0 fait faisable. N\u00e9anmoins, en ce moment il est impossible de pr\u00e9voir le pourcentage exact que l\u2019on pourrait obtenir.<\/p>\n\n\n\n<h3 class=\"wp-block-heading\">Au cours des \u00e9lections envisagez-vous de cr\u00e9er une alliance \u00e9lectorale avec certains partis pour nommer des candidats communs&#160;?<\/h3>\n\n\n\n<p>Non. Nous ne voyons pas l\u2019utilit\u00e9 d\u2019entrer dans une alliance \u00e9lectorale. Cependant nous trouvons qu\u2019une certaine coop\u00e9ration au cours de la campagne peut \u00eatre envisageable et utile pour les diff\u00e9rents partis.<\/p>\n\n\n\n<figure class=\"wp-block-pullquote\"><blockquote><p>\u00ab&#160;Nous ne voyons pas l\u2019utilit\u00e9 d\u2019entrer dans une alliance \u00e9lectorale.&#160;\u00bb<\/p><cite>Mikl\u00f3s Hajnal<\/cite><\/blockquote><\/figure>\n\n\n\n<h3 class=\"wp-block-heading\">Concernant votre base \u00e9lectorale \u00e0 l\u2019\u00e9chelle nationale, dans quelles r\u00e9gions pouvez-vous d\u00e9j\u00e0 \u00e9tablir une base solide&#160;?<\/h3>\n\n\n\n<p>En premier lieu, je dirais Budapest, mais bien \u00e9videmment Budapest ne suffit pas pour obtenir un bon r\u00e9sultat. Dans certains chefs lieux et villes universitaires nous sommes tr\u00e8s forts, comme \u00e0 Szeged ou \u00e0 Debrecen. Nous avons \u00e9galement une base solide dans la r\u00e9gion de la Grande Plaine m\u00e9ridionale (B\u00e9k\u00e9scsaba). En revanche, dans le Nord-Est et l\u2019Est de la Hongrie, c\u2019est une autre histoire&#160;: dans les micro-communes (3 000-5 000 habitants) de cette r\u00e9gion c\u2019est le parti d\u2019extr\u00eame droite \u2013 le Jobbik \u2013 qui est le plus populaire. On n\u2019a pas pu \u00e9tablir un canal de communication avec les habitants de ces micro-communes qui se trouvaient spatialement tr\u00e8s \u00e9loign\u00e9es les unes des autres. D\u00e8s lors, les clivages qu\u2019on observe actuellement ne sont pas entre la campagne et Budapest mais plut\u00f4t entre les villes et les villages.<\/p>\n\n\n\n<figure class=\"wp-block-pullquote\"><blockquote><p>\u00ab&#160;Les clivages qu\u2019on observe actuellement ne sont pas entre la campagne et Budapest mais plut\u00f4t entre les villes et les villages.&#160;\u00bb<\/p><cite>Mikl\u00f3s Hajnal<\/cite><\/blockquote><\/figure>\n\n\n\n<h3 class=\"wp-block-heading\">Quittons maintenant le territoire national et parlons de votre base \u00e9lectorale au sein d\u2019une part la diaspora hongroise \u2013 c\u2019est-\u00e0-dire des Hongrois \u00e9migr\u00e9s \u2013 et d\u2019autre part des Hongrois d&rsquo;outre-fronti\u00e8res&#160;: ceux qui vivent en Roumanie (Transilvanie), en Ukraine (Oblast de Transcarpatie) ou encore en Slovaquie (Feldiv\u00e9k) et en Serbie (Vajdas\u00e1g). Vous les ciblez avec votre campagne&#160;?<\/h3>\n\n\n\n<p>D\u00e8s le d\u00e9but, on a mis un accent particulier sur cette question et on cherche \u00e0 \u00e9tablir des liens r\u00e9els avec ces Hongrois. En ce qui concerne les Hongrois d\u2019outre-fronti\u00e8res, jusqu\u2019ici il n\u2019y avait que le Fidesz qui s\u2019occupait d\u2019eux et visait \u00e0 gagner leur voix. Quant \u00e0 la diaspora, c\u2019est un peu diff\u00e9rent car presque tous les partis aspirent \u00e0 obtenir leur vote mais sans disposer pour autant d\u2019une installation principale dans les pays concern\u00e9s, notamment en Allemagne et en Grande-Bretagne. Nous, au contraire, nous avons des installations dans quatre villes allemandes, par exemple. Ce que les autres partis font \u00e0 l\u2019\u00e9tranger pour gagner la sympathie de la diaspora, je le d\u00e9finirais comme un \u00ab&#160;<em>show business<\/em>&#160;\u00bb et pas un travail r\u00e9el sur l\u2019\u00e9tablissement de liens v\u00e9ritables avec ces gens.<\/p>\n\n\n\n<h3 class=\"wp-block-heading\">En ce qui concerne le profil socio-professionnel de vos partisans et de vos \u00e9lecteurs, comment le d\u00e9cririez-vous&#160;?<\/h3>\n\n\n\n<p>En ce qui concerne la tranche d\u2019\u00e2ge de nos partisans, ce sont plut\u00f4t les jeunes qui sympathisent avec nous, mais pas que. L\u2019\u00e2ge moyen de nos partisans est pass\u00e9 de 26 ans \u00e0 35 ans. Il n\u2019y a pas d\u2019\u00e2ge limite. Notre candidat le plus \u00e2g\u00e9 a 84 ans.<\/p>\n\n\n\n<p>Pourtant, nous visons principalement les jeunes \u00e9lecteurs. Nous pensons qu\u2019il y a un potentiel tr\u00e8s significatif dans la jeunesse, qui n\u2019est pas encore tr\u00e8s active politiquement. Ainsi l\u2019une de nos priorit\u00e9s est de politiser les jeunes et de communiquer avec eux d\u2019une mani\u00e8re efficace.<\/p>\n\n\n\n<p>En ce qui concerne le profil et l\u2019attitude politique de nos sympathisants, d\u2019une part, ils sont plut\u00f4t de ceux qui ont encore confiance dans les nouveaux partis politiques qui n\u2019ont jamais gouvern\u00e9 ou m\u00eame qui n\u2019ont jamais obtenu un si\u00e8ge au Parlement (les \u00e9lecteurs \u00ab&#160;protest&#160;\u00bb). D\u2019autre part, nos sympathisants sont aussi des \u00e9lecteurs ayant une certaine sensibilit\u00e9 sociale et qui votent traditionnellement plut\u00f4t pour les partis lib\u00e9raux de gauche. Je pense que nous avons gagn\u00e9 la sympathie de ce dernier groupe avec notre campagne anticorruption, par exemple. En troisi\u00e8me lieu je voudrais \u00e9galement mentionner qu\u2019il se trouve parmi nos sympathisants des \u00e9lecteurs d\u00e9\u00e7us de droite dont le nombre est consid\u00e9rable. Eux, ils sont des \u00e9lecteurs cl\u00e9s qui votent plus pour le Fidesz.<\/p>\n\n\n\n<h3 class=\"wp-block-heading\">D\u2019apr\u00e8s vous, quels sont les principaux clivages sociaux qui divisent les \u00e9lecteurs&#160;?<\/h3>\n\n\n\n<p>Je ne dirais pas qu\u2019il y a des clivages fixes et d\u00e9finitifs vraiment clairs. Ce que je vois, c\u2019est qu\u2019Orb\u00e1n cr\u00e9e des clivages et joue avec eux comme il veut. Nous avons plut\u00f4t des th\u00e8mes \u00ab&#160;fant\u00f4mes&#160;\u00bb qui sont cr\u00e9\u00e9s d\u2019une mani\u00e8re artificielle par le Fidesz. N\u00e9anmoins, si je devais identifier un clivage je dirais que c\u2019est la relation de la Hongrie avec l\u2019Occident. On observe, que m\u00eame si quelqu\u2019un est pro-europ\u00e9en, il n\u2019est pas forc\u00e9ment contre l\u2019\u00ab&#160;ouverture \u00e0 l\u2019Est&#160;\u00bb et l\u2019\u00e9tablissement de liens \u00e9troits avec la Russie ou la Chine.<\/p>\n\n\n\n<figure class=\"wp-block-pullquote\"><blockquote><p>\u00ab&#160;Orb\u00e1n cr\u00e9e des clivages et joue avec eux comme il veut.&#160;\u00bb<\/p><cite>Mikl\u00f3s Hajnal<\/cite><\/blockquote><\/figure>\n\n\n\n<h3 class=\"wp-block-heading\">Si vous pouviez r\u00e9former le syst\u00e8me \u00e9lectoral afin de le rendre plus d\u00e9mocratique quelles seraient vos principales propositions&#160;?<\/h3>\n\n\n\n<p>En premier lieu nous voudrions un pr\u00e9sident de la R\u00e9publique directement \u00e9lu par les citoyens. Ce Pr\u00e9sident nommerait par la suite trois de neuf magistrats de la Cour constitutionnelle. De ce fait, nous imaginons un r\u00e9gime semi-pr\u00e9sidentiel \u00e0 la place de notre r\u00e9gime actuel ou le Pr\u00e9sident a uniquement un r\u00f4le symbolique.<\/p>\n\n\n\n<p>En deuxi\u00e8me lieu nous aimerions cr\u00e9er un poste de candidat individuel pour la Transylvanie, car actuellement la minorit\u00e9 hongroise peut uniquement voter sur la liste \u00e9lectorale nationale mais n\u2019a pas de candidat individuel.<\/p>\n\n\n\n<p>Finalement, en troisi\u00e8me lieu, il serait n\u00e9cessaire de modifier la loi sur le financement des partis politiques dont le contenu est devenu archa\u00efque et d\u00e9pass\u00e9. Personne n\u2019a touch\u00e9 \u00e0 cette loi depuis le changement de r\u00e9gime en 1989.<\/p>\n\n\n\n<h3 class=\"wp-block-heading\">Passons enfin de l\u2019\u00e9chelle nationale \u00e0 l\u2019\u00e9chelle europ\u00e9enne. Le Momentum voudrait-il de se pr\u00e9senter aux \u00e9lections du Parlement europ\u00e9en de 2019&#160;? Au sein de quel groupe politique envisage-t-il de si\u00e9ger&#160;?<\/h3>\n\n\n\n<p>Il est facile \u00e0 r\u00e9pondre \u00e0 votre premi\u00e8re question&#160;: oui, c\u2019est s\u00fbr et certain que nous participerons aux \u00e9lections de 2019. Cependant, j\u2019ai du mal \u00e0 r\u00e9pondre \u00e0 votre deuxi\u00e8me question, car cela n\u2019a pas encore \u00e9t\u00e9 d\u00e9cid\u00e9 au sein du Momentum. Je n\u2019ai d\u00e8s lors pas de r\u00e9ponse d\u00e9finitive. Nous sommes face \u00e0 un certain certain dilemme. Peut-\u00eatre que nous si\u00e9gerons dans l\u2019Alliance des D\u00e9mocrates et des Lib\u00e9raux pour l&rsquo;Europe ou dans le PPE. Pourtant, \u00e9tant donn\u00e9 que le Fidesz fait \u00e9galement partie du PPE, cela ne serait pas forc\u00e9ment une bonne id\u00e9e ni politiquement acceptable au niveau national.<\/p>\n\n\n\n<h3 class=\"wp-block-heading\">Par ailleurs, \u00e0 quel point vos liens avec les partis politiques \u00e9trangers et notamment avec la \u00ab&#160;R\u00e9publique en Marche&#160;\u00bb sont-ils forts et vos contacts r\u00e9guliers&#160;?<\/h3>\n\n\n\n<p>Nous trouvons l\u2019activit\u00e9 de Monsieur Macron et de son parti tr\u00e8s sympathique. Malheureusement en Hongrie nous n\u2019avons pas un Macron. Je trouve que le message principal du succ\u00e8s d\u2019En Marche est l\u2019espoir&#160;: on peut remarquer certaines similarit\u00e9s avec la premi\u00e8re campagne d\u2019Obama. Cependant, comme la Hongrie n\u2019est pas un r\u00e9gime pr\u00e9sidentiel, on ne peut pas copier le m\u00eame mod\u00e8le. La victoire de Macron nous a montr\u00e9 qu\u2019on peut mener une politique centriste sympathique pour les citoyens.<\/p>\n\n\n\n<p>Et en ce qui concerne la r\u00e9gularit\u00e9 des liens entre le Momentum et la R\u00e9publique en Marche, je dirais qu\u2019on est en contact mensuel.<\/p>\n\n\n\n<h3 class=\"wp-block-heading\">Souhaitez-vous participer aux Conventions d\u00e9mocratiques d\u2019Emmanuel Macron&#160;?<\/h3>\n\n\n\n<p>Th\u00e9oriquement, oui. Cependant, pour le moment nous n\u2019avons pas de plan avec des \u00e9tapes pratiques.<\/p>\n\n\n\n<h3 class=\"wp-block-heading\">Finalement, la derni\u00e8re question, plus populaire que les pr\u00e9c\u00e9dentes. Pourquoi avoir choisi le pourpre comme couleur&#160;?<\/h3>\n\n\n\n<p>On voulait une couleur assez moderne et nouvelle sur la sc\u00e8ne politique. Pour nous, le pourpre symbolise le renouveau et le \u00ab&#160;grand m\u00e9nage&#160;\u00bb politique dont nous avons parl\u00e9 au d\u00e9but de l\u2019entretien.<\/p>\n","protected":false},"excerpt":{"rendered":"<p>\u00ab&#160;&#160;On voulait une couleur assez moderne et nouvelle sur la sc\u00e8ne politique. Pour nous, le pourpre symbolise le renouveau et le grand m\u00e9nage politique.&#160;&#160;\u00bb Nous avons rencontr\u00e9 Mikl\u00f3s Hajnal, porte parole du Momentum Mozgalom (MoMo). Au lendemain des municipales en Hongrie, il est plus que jamais n\u00e9cessaire de comprendre le Momentum.<\/p>\n","protected":false},"author":4,"featured_media":9609,"comment_status":"closed","ping_status":"closed","sticky":false,"template":"templates\/post-interviews.php","format":"standard","meta":{"_acf_changed":false,"_trash_the_other_posts":false,"_yoast_wpseo_estimated-reading-time-minutes":0,"footnotes":""},"categories":[1731],"tags":[],"staff":[1624],"editorial_format":[],"serie":[],"audience":[],"geo":[536],"class_list":["post-9593","post","type-post","status-publish","format-standard","hentry","category-politique","staff-eszter-karacsony","geo-centres"],"acf":{"open_in_webview":false,"accent":false},"yoast_head":"<!-- This site is optimized with the Yoast SEO plugin v26.1.1 - https:\/\/yoast.com\/wordpress\/plugins\/seo\/ -->\n<title>Qu\u2019est-ce que le Momentum ? | Le Grand Continent<\/title>\n<meta name=\"robots\" content=\"index, follow, max-snippet:-1, max-image-preview:large, max-video-preview:-1\" \/>\n<link rel=\"canonical\" href=\"https:\/\/legrandcontinent.eu\/fr\/2018\/04\/06\/quest-ce-que-le-momentum\/\" \/>\n<meta property=\"og:locale\" content=\"fr_FR\" \/>\n<meta property=\"og:type\" content=\"article\" \/>\n<meta property=\"og:title\" content=\"Qu\u2019est-ce que le Momentum ? | Le Grand Continent\" \/>\n<meta property=\"og:description\" content=\"\u00ab&#160;On voulait une couleur assez moderne et nouvelle sur la sc\u00e8ne politique. Pour nous, le pourpre symbolise le renouveau et le grand m\u00e9nage politique.&#160;\u00bb Nous avons rencontr\u00e9 Mikl\u00f3s Hajnal, porte parole du Momentum Mozgalom (MoMo). Au lendemain des municipales en Hongrie, il est plus que jamais n\u00e9cessaire de comprendre le Momentum.\" \/>\n<meta property=\"og:url\" content=\"https:\/\/legrandcontinent.eu\/fr\/2018\/04\/06\/quest-ce-que-le-momentum\/\" \/>\n<meta property=\"og:site_name\" content=\"Le Grand Continent\" \/>\n<meta property=\"article:published_time\" content=\"2018-04-06T16:00:24+00:00\" \/>\n<meta property=\"article:modified_time\" content=\"2019-10-13T22:04:44+00:00\" \/>\n<meta property=\"og:image\" content=\"https:\/\/legrandcontinent.eu\/fr\/wp-content\/uploads\/sites\/2\/2018\/04\/cri_000000150952.jpg\" \/>\n\t<meta property=\"og:image:width\" content=\"1687\" \/>\n\t<meta property=\"og:image:height\" content=\"2000\" \/>\n\t<meta property=\"og:image:type\" content=\"image\/jpeg\" \/>\n<meta name=\"author\" content=\"gegeurope\" \/>\n<meta name=\"twitter:card\" content=\"summary_large_image\" \/>\n<meta name=\"twitter:label1\" content=\"\u00c9crit par\" \/>\n\t<meta name=\"twitter:data1\" content=\"gegeurope\" \/>\n\t<meta name=\"twitter:label2\" content=\"Dur\u00e9e de lecture estim\u00e9e\" \/>\n\t<meta name=\"twitter:data2\" content=\"10 minutes\" \/>\n<script type=\"application\/ld+json\" class=\"yoast-schema-graph\">{\"@context\":\"https:\/\/schema.org\",\"@graph\":[{\"@type\":\"WebPage\",\"@id\":\"https:\/\/legrandcontinent.eu\/fr\/2018\/04\/06\/quest-ce-que-le-momentum\/\",\"url\":\"https:\/\/legrandcontinent.eu\/fr\/2018\/04\/06\/quest-ce-que-le-momentum\/\",\"name\":\"Qu\u2019est-ce que le Momentum ? | Le Grand Continent\",\"isPartOf\":{\"@id\":\"https:\/\/legrandcontinent.eu\/fr\/#website\"},\"primaryImageOfPage\":{\"@id\":\"https:\/\/legrandcontinent.eu\/fr\/2018\/04\/06\/quest-ce-que-le-momentum\/#primaryimage\"},\"image\":{\"@id\":\"https:\/\/legrandcontinent.eu\/fr\/2018\/04\/06\/quest-ce-que-le-momentum\/#primaryimage\"},\"thumbnailUrl\":\"https:\/\/legrandcontinent.eu\/fr\/wp-content\/uploads\/sites\/2\/2018\/04\/cri_000000150952.jpg\",\"datePublished\":\"2018-04-06T16:00:24+00:00\",\"dateModified\":\"2019-10-13T22:04:44+00:00\",\"author\":{\"@id\":\"https:\/\/legrandcontinent.eu\/fr\/#\/schema\/person\/25753fbf57948f81eb98a2daaf0a1f44\"},\"breadcrumb\":{\"@id\":\"https:\/\/legrandcontinent.eu\/fr\/2018\/04\/06\/quest-ce-que-le-momentum\/#breadcrumb\"},\"inLanguage\":\"fr-FR\",\"potentialAction\":[{\"@type\":\"ReadAction\",\"target\":[\"https:\/\/legrandcontinent.eu\/fr\/2018\/04\/06\/quest-ce-que-le-momentum\/\"]}]},{\"@type\":\"ImageObject\",\"inLanguage\":\"fr-FR\",\"@id\":\"https:\/\/legrandcontinent.eu\/fr\/2018\/04\/06\/quest-ce-que-le-momentum\/#primaryimage\",\"url\":\"https:\/\/legrandcontinent.eu\/fr\/wp-content\/uploads\/sites\/2\/2018\/04\/cri_000000150952.jpg\",\"contentUrl\":\"https:\/\/legrandcontinent.eu\/fr\/wp-content\/uploads\/sites\/2\/2018\/04\/cri_000000150952.jpg\",\"width\":1687,\"height\":2000},{\"@type\":\"BreadcrumbList\",\"@id\":\"https:\/\/legrandcontinent.eu\/fr\/2018\/04\/06\/quest-ce-que-le-momentum\/#breadcrumb\",\"itemListElement\":[{\"@type\":\"ListItem\",\"position\":1,\"name\":\"Accueil\",\"item\":\"https:\/\/legrandcontinent.eu\/fr\/\"},{\"@type\":\"ListItem\",\"position\":2,\"name\":\"Qu\u2019est-ce que le Momentum&#160;?\"}]},{\"@type\":\"WebSite\",\"@id\":\"https:\/\/legrandcontinent.eu\/fr\/#website\",\"url\":\"https:\/\/legrandcontinent.eu\/fr\/\",\"name\":\"Le Grand Continent\",\"description\":\"L&#039;\u00e9chelle pertinente\",\"potentialAction\":[{\"@type\":\"SearchAction\",\"target\":{\"@type\":\"EntryPoint\",\"urlTemplate\":\"https:\/\/legrandcontinent.eu\/fr\/?s={search_term_string}\"},\"query-input\":{\"@type\":\"PropertyValueSpecification\",\"valueRequired\":true,\"valueName\":\"search_term_string\"}}],\"inLanguage\":\"fr-FR\"},{\"@type\":\"Person\",\"@id\":\"https:\/\/legrandcontinent.eu\/fr\/#\/schema\/person\/25753fbf57948f81eb98a2daaf0a1f44\",\"name\":\"gegeurope\",\"image\":{\"@type\":\"ImageObject\",\"inLanguage\":\"fr-FR\",\"@id\":\"https:\/\/legrandcontinent.eu\/fr\/#\/schema\/person\/image\/\",\"url\":\"https:\/\/secure.gravatar.com\/avatar\/332bc77b348876050983d79aac818e16?s=96&d=mm&r=g\",\"contentUrl\":\"https:\/\/secure.gravatar.com\/avatar\/332bc77b348876050983d79aac818e16?s=96&d=mm&r=g\",\"caption\":\"gegeurope\"}}]}<\/script>\n<!-- \/ Yoast SEO plugin. -->","yoast_head_json":{"title":"Qu\u2019est-ce que le Momentum ? | Le Grand Continent","robots":{"index":"index","follow":"follow","max-snippet":"max-snippet:-1","max-image-preview":"max-image-preview:large","max-video-preview":"max-video-preview:-1"},"canonical":"https:\/\/legrandcontinent.eu\/fr\/2018\/04\/06\/quest-ce-que-le-momentum\/","og_locale":"fr_FR","og_type":"article","og_title":"Qu\u2019est-ce que le Momentum ? | Le Grand Continent","og_description":"\u00ab&#160;On voulait une couleur assez moderne et nouvelle sur la sc\u00e8ne politique. Pour nous, le pourpre symbolise le renouveau et le grand m\u00e9nage politique.&#160;\u00bb Nous avons rencontr\u00e9 Mikl\u00f3s Hajnal, porte parole du Momentum Mozgalom (MoMo). Au lendemain des municipales en Hongrie, il est plus que jamais n\u00e9cessaire de comprendre le Momentum.","og_url":"https:\/\/legrandcontinent.eu\/fr\/2018\/04\/06\/quest-ce-que-le-momentum\/","og_site_name":"Le Grand Continent","article_published_time":"2018-04-06T16:00:24+00:00","article_modified_time":"2019-10-13T22:04:44+00:00","og_image":[{"width":1687,"height":2000,"url":"https:\/\/legrandcontinent.eu\/fr\/wp-content\/uploads\/sites\/2\/2018\/04\/cri_000000150952.jpg","type":"image\/jpeg"}],"author":"gegeurope","twitter_card":"summary_large_image","twitter_misc":{"\u00c9crit par":"gegeurope","Dur\u00e9e de lecture estim\u00e9e":"10 minutes"},"schema":{"@context":"https:\/\/schema.org","@graph":[{"@type":"WebPage","@id":"https:\/\/legrandcontinent.eu\/fr\/2018\/04\/06\/quest-ce-que-le-momentum\/","url":"https:\/\/legrandcontinent.eu\/fr\/2018\/04\/06\/quest-ce-que-le-momentum\/","name":"Qu\u2019est-ce que le Momentum ? | Le Grand Continent","isPartOf":{"@id":"https:\/\/legrandcontinent.eu\/fr\/#website"},"primaryImageOfPage":{"@id":"https:\/\/legrandcontinent.eu\/fr\/2018\/04\/06\/quest-ce-que-le-momentum\/#primaryimage"},"image":{"@id":"https:\/\/legrandcontinent.eu\/fr\/2018\/04\/06\/quest-ce-que-le-momentum\/#primaryimage"},"thumbnailUrl":"https:\/\/legrandcontinent.eu\/fr\/wp-content\/uploads\/sites\/2\/2018\/04\/cri_000000150952.jpg","datePublished":"2018-04-06T16:00:24+00:00","dateModified":"2019-10-13T22:04:44+00:00","author":{"@id":"https:\/\/legrandcontinent.eu\/fr\/#\/schema\/person\/25753fbf57948f81eb98a2daaf0a1f44"},"breadcrumb":{"@id":"https:\/\/legrandcontinent.eu\/fr\/2018\/04\/06\/quest-ce-que-le-momentum\/#breadcrumb"},"inLanguage":"fr-FR","potentialAction":[{"@type":"ReadAction","target":["https:\/\/legrandcontinent.eu\/fr\/2018\/04\/06\/quest-ce-que-le-momentum\/"]}]},{"@type":"ImageObject","inLanguage":"fr-FR","@id":"https:\/\/legrandcontinent.eu\/fr\/2018\/04\/06\/quest-ce-que-le-momentum\/#primaryimage","url":"https:\/\/legrandcontinent.eu\/fr\/wp-content\/uploads\/sites\/2\/2018\/04\/cri_000000150952.jpg","contentUrl":"https:\/\/legrandcontinent.eu\/fr\/wp-content\/uploads\/sites\/2\/2018\/04\/cri_000000150952.jpg","width":1687,"height":2000},{"@type":"BreadcrumbList","@id":"https:\/\/legrandcontinent.eu\/fr\/2018\/04\/06\/quest-ce-que-le-momentum\/#breadcrumb","itemListElement":[{"@type":"ListItem","position":1,"name":"Accueil","item":"https:\/\/legrandcontinent.eu\/fr\/"},{"@type":"ListItem","position":2,"name":"Qu\u2019est-ce que le Momentum&#160;?"}]},{"@type":"WebSite","@id":"https:\/\/legrandcontinent.eu\/fr\/#website","url":"https:\/\/legrandcontinent.eu\/fr\/","name":"Le Grand Continent","description":"L&#039;\u00e9chelle pertinente","potentialAction":[{"@type":"SearchAction","target":{"@type":"EntryPoint","urlTemplate":"https:\/\/legrandcontinent.eu\/fr\/?s={search_term_string}"},"query-input":{"@type":"PropertyValueSpecification","valueRequired":true,"valueName":"search_term_string"}}],"inLanguage":"fr-FR"},{"@type":"Person","@id":"https:\/\/legrandcontinent.eu\/fr\/#\/schema\/person\/25753fbf57948f81eb98a2daaf0a1f44","name":"gegeurope","image":{"@type":"ImageObject","inLanguage":"fr-FR","@id":"https:\/\/legrandcontinent.eu\/fr\/#\/schema\/person\/image\/","url":"https:\/\/secure.gravatar.com\/avatar\/332bc77b348876050983d79aac818e16?s=96&d=mm&r=g","contentUrl":"https:\/\/secure.gravatar.com\/avatar\/332bc77b348876050983d79aac818e16?s=96&d=mm&r=g","caption":"gegeurope"}}]}},"lgc_categories":[{"id":1731,"name":"Politique","slug":"politique"}],"lgc_author":{"id":1624,"name":"Eszter Karacsony","slug":"eszter-karacsony"},"feature_image_summary":{"url":"https:\/\/legrandcontinent.eu\/fr\/wp-content\/uploads\/sites\/2\/2018\/04\/cri_000000150952.jpg","width":1687,"height":2000,"alt":""},"feature_image_cover":{"url":"https:\/\/legrandcontinent.eu\/fr\/wp-content\/uploads\/sites\/2\/2018\/04\/cri_000000150952.jpg","width":1687,"height":2000,"alt":""},"term_position_data":null,"_links":{"self":[{"href":"https:\/\/legrandcontinent.eu\/fr\/wp-json\/wp\/v2\/posts\/9593","targetHints":{"allow":["GET"]}}],"collection":[{"href":"https:\/\/legrandcontinent.eu\/fr\/wp-json\/wp\/v2\/posts"}],"about":[{"href":"https:\/\/legrandcontinent.eu\/fr\/wp-json\/wp\/v2\/types\/post"}],"author":[{"embeddable":true,"href":"https:\/\/legrandcontinent.eu\/fr\/wp-json\/wp\/v2\/users\/4"}],"replies":[{"embeddable":true,"href":"https:\/\/legrandcontinent.eu\/fr\/wp-json\/wp\/v2\/comments?post=9593"}],"version-history":[{"count":0,"href":"https:\/\/legrandcontinent.eu\/fr\/wp-json\/wp\/v2\/posts\/9593\/revisions"}],"wp:featuredmedia":[{"embeddable":true,"href":"https:\/\/legrandcontinent.eu\/fr\/wp-json\/wp\/v2\/media\/9609"}],"wp:attachment":[{"href":"https:\/\/legrandcontinent.eu\/fr\/wp-json\/wp\/v2\/media?parent=9593"}],"wp:term":[{"taxonomy":"category","embeddable":true,"href":"https:\/\/legrandcontinent.eu\/fr\/wp-json\/wp\/v2\/categories?post=9593"},{"taxonomy":"post_tag","embeddable":true,"href":"https:\/\/legrandcontinent.eu\/fr\/wp-json\/wp\/v2\/tags?post=9593"},{"taxonomy":"staff","embeddable":true,"href":"https:\/\/legrandcontinent.eu\/fr\/wp-json\/wp\/v2\/staff?post=9593"},{"taxonomy":"editorial_format","embeddable":true,"href":"https:\/\/legrandcontinent.eu\/fr\/wp-json\/wp\/v2\/editorial_format?post=9593"},{"taxonomy":"serie","embeddable":true,"href":"https:\/\/legrandcontinent.eu\/fr\/wp-json\/wp\/v2\/serie?post=9593"},{"taxonomy":"audience","embeddable":true,"href":"https:\/\/legrandcontinent.eu\/fr\/wp-json\/wp\/v2\/audience?post=9593"},{"taxonomy":"geo","embeddable":true,"href":"https:\/\/legrandcontinent.eu\/fr\/wp-json\/wp\/v2\/geo?post=9593"}],"curies":[{"name":"wp","href":"https:\/\/api.w.org\/{rel}","templated":true}]}}