{"id":9399,"date":"2018-10-28T22:00:22","date_gmt":"2018-10-28T21:00:22","guid":{"rendered":"https:\/\/lldl.eu\/?p=9399"},"modified":"2019-04-06T00:11:29","modified_gmt":"2019-04-05T22:11:29","slug":"arabie-saoudite-le-davos-du-desert-dans-lombre-de-laffaire-khashoggi","status":"publish","type":"post","link":"https:\/\/legrandcontinent.eu\/fr\/2018\/10\/28\/arabie-saoudite-le-davos-du-desert-dans-lombre-de-laffaire-khashoggi\/","title":{"rendered":"Arabie Saoudite&#160;: le \u201cDavos du d\u00e9sert\u201d dans l&rsquo;ombre de l&rsquo;affaire Khashoggi"},"content":{"rendered":"\n<p><em>Riyad<\/em>. Du 23 au 25 octobre s&rsquo;est tenue dans la capitale du royaume saoudien la deuxi\u00e8me \u00e9dition de la Future Investment Initiative (Fii), forum \u00e9conomique et financier multilat\u00e9ral cr\u00e9\u00e9 par le Prince h\u00e9ritier Mohammed bin Salman dans le double but de donner de la visibilit\u00e9 aux projets de diversification \u00e9conomique pr\u00e9vus par la Vision 2030 de Riyad et d&rsquo;attirer des investissements \u00e9trangers dans les diff\u00e9rents secteurs de son d\u00e9veloppement \u00e9conomique. Mais, cette ann\u00e9e, le \u201cDavos du d\u00e9sert\u201d a connu une baisse de la fr\u00e9quentation internationale en raison du meurtre controvers\u00e9 du journaliste saoudien Jamal Khashoggi&#160;: on d\u00e9nombre beaucoup d&rsquo;absents parmi les grandes entreprises (comme Hsbc, Cr\u00e9dit Suisse, Standard Chartered, Bnp, Deutsche Bank, Uber Technologies et Abb), les groupes d&rsquo;\u00e9dition et les journaux (Cnn et Financial Times) et les politiciens des pays occidentaux (comme le Secr\u00e9taire au Tr\u00e9sor am\u00e9ricain Steve Mnuchin, le secr\u00e9taire britannique au Commerce international Liam Fox, et la pr\u00e9sidente du Fonds mon\u00e9taire international Christine Lagarde). Le directeur du Fonds russe d&rsquo;investissement direct Kirill Dmitriyev, le Pdg du g\u00e9ant p\u00e9trolier fran\u00e7ais Total Patrick Pouyann\u00e9, et le premier ministre pakistanais Imran Khan, dont l&rsquo;\u00e9conomie d\u00e9pend \u00e9norm\u00e9ment de l&rsquo;aide saoudienne, \u00e9taient cependant pr\u00e9sents. Enfin, un grand nombre d&rsquo;entrepreneurs asiatiques, principalement chinois et japonais, sont int\u00e9ress\u00e9s depuis longtemps par des investissements dans le secteur saoudien de l&rsquo;\u00e9nergie et des infrastructures (<strong>4<\/strong>).<\/p>\n\n\n\n<p>La conf\u00e9rence a \u00e9t\u00e9 ouverte par un discours de Yasir al-Rumayyan, directeur du Public Investment Fund (Pif), le fonds d&rsquo;investissement souverain saoudien. Le prince h\u00e9ritier, qui est apparu \u00e0 l&rsquo;ouverture des trois jours, a \u00e9t\u00e9 accueilli par une chaleureuse ovation, dont le but principal \u00e9tait de r\u00e9futer les insinuations lanc\u00e9es par le pr\u00e9sident turc Recep Tayyip Erdo\u011fan, qui, depuis l&rsquo;explosion de l&rsquo;affaire Khashoggi, a \u00e9mis des hypoth\u00e8ses sur une faiblesse substantielle de Mohammed ben Salmane (MbS) dans la gestion du processus de transition politique et \u00e9conomique qu\u2019il revendique depuis sa propre ascension en en 2015. C&rsquo;est pour cette raison \u00e9galement que le gouvernement saoudien s&rsquo;est engag\u00e9 \u00e0 faire en sorte que la conf\u00e9rence internationale se tienne r\u00e9guli\u00e8rement, \u00e0 la fois pour ne pas nuire \u00e0 la r\u00e9putation du prince et pour tenter en vain de d\u00e9tourner l&rsquo;attention de l&rsquo;affaire Khashoggi.<\/p>\n\n\n\n<p>Bien que la Fii n&rsquo;ait pas grand-chose \u00e0 dire en termes de contenu, elle a n\u00e9anmoins permis aux analystes et commentateurs d&rsquo;appr\u00e9cier trois points importants&#160;: tout d&rsquo;abord, le retour sur la sc\u00e8ne publique du prince al-Waleed bin Talal &#8211; qui a fini par \u00eatre arr\u00eat\u00e9 l&rsquo;ann\u00e9e derni\u00e8re dans le cadre de la campagne anti-corruption lanc\u00e9e par MbS &#8211; qui est apparu aux c\u00f4t\u00e9s du prince h\u00e9ritier pendant le forum&#160;; d&rsquo;autre part, les propos rassurants prononc\u00e9s par le ministre de l&rsquo;\u00e9nergie, Khalid al-Falih, qui a donn\u00e9 des assurances sur la future cotation boursi\u00e8re de Saudi Aramco et sur la mise en \u0153uvre des r\u00e9formes \u00e9conomiques&#160;; enfin, l&rsquo;annonce par al-Rumayyan des accords sign\u00e9s par le royaume saoudien avec les investisseurs internationaux pr\u00e9sents, pour une valeur totale sup\u00e9rieure \u00e0 50 milliards de dollars (<strong>5<\/strong>).<\/p>\n\n\n\n<p>Au-del\u00e0 des d\u00e9fections et de la valeur plus ou moins symbolique de l&rsquo;\u00e9v\u00e9nement, il est ind\u00e9niable de cacher que lors l\u2019ombre de l&rsquo;affaire Khashoggi planait sur l\u2019\u00e9v\u00e9nement, au point de masquer le contenu du Fii. Le d\u00e9c\u00e8s du journaliste saoudien a ouvert une s\u00e9rie de r\u00e9flexions sur le r\u00f4le des al-Saoud, sur leurs ambitions politiques internes et r\u00e9gionales, ainsi que sur les r\u00e9percussions possibles sur les relations bilat\u00e9rales avec les grands noms de la sc\u00e8ne internationale. En m\u00eame temps, on ne peut nier que cet \u00e9v\u00e9nement pourrait repr\u00e9senter un boomerang, surtout pour les Saoudiens, qui ont tout int\u00e9r\u00eat \u00e0 clore au plus vite un dossier qui cr\u00e9e de plus en plus d&#8217;embarras chaque jour qui passe.<\/p>\n\n\n\n<p>Si l&rsquo;on y ajoute les complexit\u00e9s du processus de transformation \u00e9conomique et financi\u00e8re d&rsquo;une soci\u00e9t\u00e9 et d&rsquo;un \u00c9tat fortement rentiers, les tensions g\u00e9opolitiques sur diverses questions r\u00e9gionales (de l&rsquo;Iran au Qatar en passant par le Y\u00e9men, la crise libanaise et le processus de paix palestinien), les probl\u00e8mes internes li\u00e9s \u00e0 une lutte familiale physiologique pour le contr\u00f4le du pouvoir, accentu\u00e9 apr\u00e8s les arrestations de novembre 2017, il est facile de pr\u00e9dire que l&rsquo;Arabie saoudite a grand int\u00e9r\u00eat \u00e0 ce que l&rsquo;affaire Khashoggi tombe bient\u00f4t dans l&rsquo;oubli afin de ne pas compromettre ses ambitions r\u00e9formatrices et l&rsquo;image du pays qui s&rsquo;est lentement construite dans les chancelleries de l&rsquo;Ouest. La mauvaise publicit\u00e9 cr\u00e9\u00e9e par l&rsquo;affaire Khashoggi met en effet en p\u00e9ril la capacit\u00e9 m\u00eame de Riyad d&rsquo;attirer les investissements \u00e9trangers, les comp\u00e9tences et la technologie dont elle a besoin pour (re)construire son \u00e9conomie dans l&rsquo;\u00e8re post-p\u00e9troli\u00e8re (<strong>3<\/strong>).<\/p>\n\n\n\n<p>En ce sens, l&rsquo;affaire Khashoggi risque de d\u00e9cider du sort des ambitions de Mohammed bin Salman, de r\u00e9duire ses intentions, au cas o\u00f9 l&rsquo;affaire durerait longtemps, ou m\u00eame de renforcer sa position dans la nomenclature saoudienne, si le prince est capable de bien jouer la partie la plus importante de sa jeune carri\u00e8re politique.<\/p>\n\n\n\n<h4 class=\"wp-block-heading\"><strong>Perspectives&#160;: <\/strong><\/h4>\n\n\n\n<ul class=\"wp-block-list\"><li>L&rsquo;impact \u00e9motionnel de l&rsquo;affaire Khashoggi a \u00e9videmment eu des r\u00e9percussions n\u00e9gatives sur le plan politico-\u00e9conomique. Le Pif, qui s&rsquo;est av\u00e9r\u00e9 au fil du temps \u00eatre une arme \u00e0 la fois politique et \u00e9conomique importante, parall\u00e8le \u00e0 l&rsquo;\u00c9tat, et un instrument de la volont\u00e9 du Prince h\u00e9ritier, a \u00e9t\u00e9 endommag\u00e9. L&rsquo;attention suscit\u00e9e par l&rsquo;assassinat du journaliste saoudien a \u00e9galement eu un effet perturbateur \u00e0 la conf\u00e9rence. Les boycotts doivent \u00eatre lus sous cet angle et repr\u00e9sentent un s\u00e9rieux revers en termes d&rsquo;image pour la strat\u00e9gie d&rsquo;attraction de partenariats \u00e9trangers lanc\u00e9e par le prince Salman. Essentiellement, la concentration du pouvoir entre les mains du Pif refl\u00e8te aussi la capacit\u00e9 et le d\u00e9sir de MbS lui-m\u00eame de pouvoir contr\u00f4ler toutes les sph\u00e8res nerveuses du royaume, c&rsquo;est-\u00e0-dire les canaux traditionnels de la finance et du p\u00e9trole.<\/li><li>Le Pif a \u00e9t\u00e9 cr\u00e9\u00e9 en 1971, avec un r\u00f4le visant \u00e0 s\u00e9curiser les projets de d\u00e9veloppement interne par le biais de participations gouvernementales dans des entreprises publiques, comme dans le cas de la Sabic, de la Banque commerciale nationale et de Saudi Telecom. Avec l&rsquo;arriv\u00e9e de MbS, le Pif est devenu un fonds d&rsquo;investissement souverain, l&rsquo;un des plus riches au monde (on parle d&rsquo;un portefeuille potentiel capable de g\u00e9rer un chiffre d&rsquo;affaires de 600 milliards de dollars d&rsquo;ici 2020) et entre les mains du prince dans le cadre de la Saudi Vision 2030. Tant que l&rsquo;\u00e9conomie reste entre les mains de l&rsquo;\u00c9tat, le fonds saoudien n&rsquo;a pas de probl\u00e8mes de gestion fondamentaux, mais il dispose de peu de liquidit\u00e9s pour financer des projets internes. Mais il en va tout autrement lorsqu\u2019il s\u2019agit de privatiser des parties strat\u00e9giques de la machine \u00e9conomique nationale complexe, comme dans le cas de Saudi Aramco, qui a mis en \u00e9vidence une s\u00e9rie de probl\u00e8mes qui englobent les questions politiques et les rapports de force internes.<\/li><li>Ces situations de tensions politiques internes, avec des r\u00e9percussions \u00e9galement au niveau r\u00e9gional et international, montrent une fois de plus combien le r\u00f4le jou\u00e9 par les franges non align\u00e9es avec MbS est d\u00e9licat et subtil. Par leur d\u00e9saccord avec les ambitieux plans de renouvellement du prince, elles pourraient l&rsquo;affaiblir substantiellement dans ses fonctions publiques et politiques.<\/li><\/ul>\n\n\n\n<h4 class=\"wp-block-heading\"><strong>Sources&#160;: <\/strong><\/h4>\n\n\n\n<ol class=\"wp-block-list\"><li>CAFIERO Giorgio, <a href=\"https:\/\/insidearabia.com\/mohammed-bin-salman-is-a-saudi-not-a-western-reformer\/amp\/?fbclid=IwAR1-5eRAPq5UrgJgx_qho3TZ1bFF1vdpvRdJUdDIeFVPEqK7CITq0JGUt4s\">Mohammed bin Salman is a Saudi (not a Western) Reformer,<\/a> <em>InsideArabia<\/em>, 23 octobre 2018.<\/li><li>DENTICE Giuseppe, <a href=\"https:\/\/lldl.eu\/it\/le-difficolta-della-visione-saudita\/\">Le difficolt\u00e0 della visione saudita<\/a>, Lettre du Lundi, 16 septembre 2018.<\/li><li>ENGLAND Andrew, KERR Simon, <a href=\"https:\/\/www.ft.com\/content\/227c99dc-d2b5-11e8-a9f2-7574db66bcd5\">Saudi Arabia&#160;: how the Khashoggi killing threatens the prince\u2019s project<\/a>, <em>Financial Times<\/em>, 22 octobre 2018.<\/li><li><a href=\"https:\/\/www.bbc.com\/news\/business-45944854\">Saudi summit begins amid boycott,<\/a> <em>BBC<\/em>, 23 octobre 2018.<\/li><li>TORCHIA Andrew, EL GAMAL Rania, RASHAD Marwa, <a href=\"https:\/\/www.reuters.com\/article\/us-saudi-investment\/saudi-crown-prince-proclaims-investment-conference-despite-boycott-idUSKCN1MW2TW\">Saudi crown prince proclaims investment conference despite boycott<\/a>, <em>Reuters<\/em>, octobre 22, 2018.<\/li><\/ol>\n\n\n\n<p><strong>Giuseppe Dentice<\/strong><\/p>\n","protected":false},"excerpt":{"rendered":"<p>L&rsquo;assassinat de Khashoggi a occult\u00e9 la Future Investment Initiative (Fii) tant attendue, le Davos du d\u00e9sert qui, dans l&rsquo;intention de son cr\u00e9ateur, le prince h\u00e9ritier Mohammed bin Salman, devait donner une visibilit\u00e9 aux projets de diversification \u00e9conomique fournis par Vision 2030 de Riyad et relancer une strat\u00e9gie efficace pour attirer des capitaux \u00e9trangers dans diff\u00e9rents secteurs de son d\u00e9veloppement \u00e9conomique.<\/p>\n","protected":false},"author":1,"featured_media":0,"comment_status":"closed","ping_status":"closed","sticky":false,"template":"templates\/post-briefings.php","format":"standard","meta":{"_acf_changed":false,"_trash_the_other_posts":false,"_yoast_wpseo_estimated-reading-time-minutes":0,"footnotes":""},"categories":[1731],"tags":[],"staff":[1646],"editorial_format":[],"serie":[],"audience":[],"geo":[530],"class_list":["post-9399","post","type-post","status-publish","format-standard","hentry","category-politique","staff-giuseppe-dentice","geo-asie-intermediaire"],"acf":{"open_in_webview":false,"accent":false},"yoast_head":"<!-- This site is optimized with the Yoast SEO plugin v26.1.1 - https:\/\/yoast.com\/wordpress\/plugins\/seo\/ -->\n<title>Arabie Saoudite : le \u201cDavos du d\u00e9sert\u201d dans l&#039;ombre de l&#039;affaire Khashoggi | Le Grand Continent<\/title>\n<meta name=\"robots\" content=\"index, follow, max-snippet:-1, max-image-preview:large, max-video-preview:-1\" \/>\n<link rel=\"canonical\" href=\"https:\/\/legrandcontinent.eu\/fr\/2018\/10\/28\/arabie-saoudite-le-davos-du-desert-dans-lombre-de-laffaire-khashoggi\/\" \/>\n<meta property=\"og:locale\" content=\"fr_FR\" \/>\n<meta property=\"og:type\" content=\"article\" \/>\n<meta property=\"og:title\" content=\"Arabie Saoudite : le \u201cDavos du d\u00e9sert\u201d dans l&#039;ombre de l&#039;affaire Khashoggi | Le Grand Continent\" \/>\n<meta property=\"og:description\" content=\"L&#039;assassinat de Khashoggi a occult\u00e9 la Future Investment Initiative (Fii) tant attendue, le Davos du d\u00e9sert qui, dans l&#039;intention de son cr\u00e9ateur, le prince h\u00e9ritier Mohammed bin Salman, devait donner une visibilit\u00e9 aux projets de diversification \u00e9conomique fournis par Vision 2030 de Riyad et relancer une strat\u00e9gie efficace pour attirer des capitaux \u00e9trangers dans diff\u00e9rents secteurs de son d\u00e9veloppement \u00e9conomique.\" \/>\n<meta property=\"og:url\" content=\"https:\/\/legrandcontinent.eu\/fr\/2018\/10\/28\/arabie-saoudite-le-davos-du-desert-dans-lombre-de-laffaire-khashoggi\/\" \/>\n<meta property=\"og:site_name\" content=\"Le Grand Continent\" \/>\n<meta property=\"article:published_time\" content=\"2018-10-28T21:00:22+00:00\" \/>\n<meta property=\"article:modified_time\" content=\"2019-04-05T22:11:29+00:00\" \/>\n<meta name=\"twitter:card\" content=\"summary_large_image\" \/>\n<meta name=\"twitter:label1\" content=\"\u00c9crit par\" \/>\n\t<meta name=\"twitter:data1\" content=\"\" \/>\n\t<meta name=\"twitter:label2\" content=\"Dur\u00e9e de lecture estim\u00e9e\" \/>\n\t<meta name=\"twitter:data2\" content=\"7 minutes\" \/>\n<script type=\"application\/ld+json\" class=\"yoast-schema-graph\">{\"@context\":\"https:\/\/schema.org\",\"@graph\":[{\"@type\":\"WebPage\",\"@id\":\"https:\/\/legrandcontinent.eu\/fr\/2018\/10\/28\/arabie-saoudite-le-davos-du-desert-dans-lombre-de-laffaire-khashoggi\/\",\"url\":\"https:\/\/legrandcontinent.eu\/fr\/2018\/10\/28\/arabie-saoudite-le-davos-du-desert-dans-lombre-de-laffaire-khashoggi\/\",\"name\":\"Arabie Saoudite : le \u201cDavos du d\u00e9sert\u201d dans l'ombre de l'affaire Khashoggi | Le Grand Continent\",\"isPartOf\":{\"@id\":\"https:\/\/legrandcontinent.eu\/fr\/#website\"},\"datePublished\":\"2018-10-28T21:00:22+00:00\",\"dateModified\":\"2019-04-05T22:11:29+00:00\",\"author\":{\"@id\":\"\"},\"breadcrumb\":{\"@id\":\"https:\/\/legrandcontinent.eu\/fr\/2018\/10\/28\/arabie-saoudite-le-davos-du-desert-dans-lombre-de-laffaire-khashoggi\/#breadcrumb\"},\"inLanguage\":\"fr-FR\",\"potentialAction\":[{\"@type\":\"ReadAction\",\"target\":[\"https:\/\/legrandcontinent.eu\/fr\/2018\/10\/28\/arabie-saoudite-le-davos-du-desert-dans-lombre-de-laffaire-khashoggi\/\"]}]},{\"@type\":\"BreadcrumbList\",\"@id\":\"https:\/\/legrandcontinent.eu\/fr\/2018\/10\/28\/arabie-saoudite-le-davos-du-desert-dans-lombre-de-laffaire-khashoggi\/#breadcrumb\",\"itemListElement\":[{\"@type\":\"ListItem\",\"position\":1,\"name\":\"Accueil\",\"item\":\"https:\/\/legrandcontinent.eu\/fr\/\"},{\"@type\":\"ListItem\",\"position\":2,\"name\":\"Arabie Saoudite&#160;: le \u201cDavos du d\u00e9sert\u201d dans l&rsquo;ombre de l&rsquo;affaire Khashoggi\"}]},{\"@type\":\"WebSite\",\"@id\":\"https:\/\/legrandcontinent.eu\/fr\/#website\",\"url\":\"https:\/\/legrandcontinent.eu\/fr\/\",\"name\":\"Le Grand Continent\",\"description\":\"L&#039;\u00e9chelle pertinente\",\"potentialAction\":[{\"@type\":\"SearchAction\",\"target\":{\"@type\":\"EntryPoint\",\"urlTemplate\":\"https:\/\/legrandcontinent.eu\/fr\/?s={search_term_string}\"},\"query-input\":{\"@type\":\"PropertyValueSpecification\",\"valueRequired\":true,\"valueName\":\"search_term_string\"}}],\"inLanguage\":\"fr-FR\"},{\"@type\":\"Person\",\"@id\":\"\"}]}<\/script>\n<!-- \/ Yoast SEO plugin. -->","yoast_head_json":{"title":"Arabie Saoudite : le \u201cDavos du d\u00e9sert\u201d dans l'ombre de l'affaire Khashoggi | Le Grand Continent","robots":{"index":"index","follow":"follow","max-snippet":"max-snippet:-1","max-image-preview":"max-image-preview:large","max-video-preview":"max-video-preview:-1"},"canonical":"https:\/\/legrandcontinent.eu\/fr\/2018\/10\/28\/arabie-saoudite-le-davos-du-desert-dans-lombre-de-laffaire-khashoggi\/","og_locale":"fr_FR","og_type":"article","og_title":"Arabie Saoudite : le \u201cDavos du d\u00e9sert\u201d dans l'ombre de l'affaire Khashoggi | Le Grand Continent","og_description":"L'assassinat de Khashoggi a occult\u00e9 la Future Investment Initiative (Fii) tant attendue, le Davos du d\u00e9sert qui, dans l'intention de son cr\u00e9ateur, le prince h\u00e9ritier Mohammed bin Salman, devait donner une visibilit\u00e9 aux projets de diversification \u00e9conomique fournis par Vision 2030 de Riyad et relancer une strat\u00e9gie efficace pour attirer des capitaux \u00e9trangers dans diff\u00e9rents secteurs de son d\u00e9veloppement \u00e9conomique.","og_url":"https:\/\/legrandcontinent.eu\/fr\/2018\/10\/28\/arabie-saoudite-le-davos-du-desert-dans-lombre-de-laffaire-khashoggi\/","og_site_name":"Le Grand Continent","article_published_time":"2018-10-28T21:00:22+00:00","article_modified_time":"2019-04-05T22:11:29+00:00","twitter_card":"summary_large_image","twitter_misc":{"\u00c9crit par":"","Dur\u00e9e de lecture estim\u00e9e":"7 minutes"},"schema":{"@context":"https:\/\/schema.org","@graph":[{"@type":"WebPage","@id":"https:\/\/legrandcontinent.eu\/fr\/2018\/10\/28\/arabie-saoudite-le-davos-du-desert-dans-lombre-de-laffaire-khashoggi\/","url":"https:\/\/legrandcontinent.eu\/fr\/2018\/10\/28\/arabie-saoudite-le-davos-du-desert-dans-lombre-de-laffaire-khashoggi\/","name":"Arabie Saoudite : le \u201cDavos du d\u00e9sert\u201d dans l'ombre de l'affaire Khashoggi | Le Grand Continent","isPartOf":{"@id":"https:\/\/legrandcontinent.eu\/fr\/#website"},"datePublished":"2018-10-28T21:00:22+00:00","dateModified":"2019-04-05T22:11:29+00:00","author":{"@id":""},"breadcrumb":{"@id":"https:\/\/legrandcontinent.eu\/fr\/2018\/10\/28\/arabie-saoudite-le-davos-du-desert-dans-lombre-de-laffaire-khashoggi\/#breadcrumb"},"inLanguage":"fr-FR","potentialAction":[{"@type":"ReadAction","target":["https:\/\/legrandcontinent.eu\/fr\/2018\/10\/28\/arabie-saoudite-le-davos-du-desert-dans-lombre-de-laffaire-khashoggi\/"]}]},{"@type":"BreadcrumbList","@id":"https:\/\/legrandcontinent.eu\/fr\/2018\/10\/28\/arabie-saoudite-le-davos-du-desert-dans-lombre-de-laffaire-khashoggi\/#breadcrumb","itemListElement":[{"@type":"ListItem","position":1,"name":"Accueil","item":"https:\/\/legrandcontinent.eu\/fr\/"},{"@type":"ListItem","position":2,"name":"Arabie Saoudite&#160;: le \u201cDavos du d\u00e9sert\u201d dans l&rsquo;ombre de l&rsquo;affaire Khashoggi"}]},{"@type":"WebSite","@id":"https:\/\/legrandcontinent.eu\/fr\/#website","url":"https:\/\/legrandcontinent.eu\/fr\/","name":"Le Grand Continent","description":"L&#039;\u00e9chelle pertinente","potentialAction":[{"@type":"SearchAction","target":{"@type":"EntryPoint","urlTemplate":"https:\/\/legrandcontinent.eu\/fr\/?s={search_term_string}"},"query-input":{"@type":"PropertyValueSpecification","valueRequired":true,"valueName":"search_term_string"}}],"inLanguage":"fr-FR"},{"@type":"Person","@id":""}]}},"lgc_categories":[{"id":1731,"name":"Politique","slug":"politique"}],"lgc_author":{"id":1646,"name":"Giuseppe Dentice","slug":"giuseppe-dentice"},"feature_image_summary":null,"feature_image_cover":null,"term_position_data":null,"_links":{"self":[{"href":"https:\/\/legrandcontinent.eu\/fr\/wp-json\/wp\/v2\/posts\/9399","targetHints":{"allow":["GET"]}}],"collection":[{"href":"https:\/\/legrandcontinent.eu\/fr\/wp-json\/wp\/v2\/posts"}],"about":[{"href":"https:\/\/legrandcontinent.eu\/fr\/wp-json\/wp\/v2\/types\/post"}],"author":[{"embeddable":true,"href":"https:\/\/legrandcontinent.eu\/fr\/wp-json\/wp\/v2\/users\/1"}],"replies":[{"embeddable":true,"href":"https:\/\/legrandcontinent.eu\/fr\/wp-json\/wp\/v2\/comments?post=9399"}],"version-history":[{"count":0,"href":"https:\/\/legrandcontinent.eu\/fr\/wp-json\/wp\/v2\/posts\/9399\/revisions"}],"wp:attachment":[{"href":"https:\/\/legrandcontinent.eu\/fr\/wp-json\/wp\/v2\/media?parent=9399"}],"wp:term":[{"taxonomy":"category","embeddable":true,"href":"https:\/\/legrandcontinent.eu\/fr\/wp-json\/wp\/v2\/categories?post=9399"},{"taxonomy":"post_tag","embeddable":true,"href":"https:\/\/legrandcontinent.eu\/fr\/wp-json\/wp\/v2\/tags?post=9399"},{"taxonomy":"staff","embeddable":true,"href":"https:\/\/legrandcontinent.eu\/fr\/wp-json\/wp\/v2\/staff?post=9399"},{"taxonomy":"editorial_format","embeddable":true,"href":"https:\/\/legrandcontinent.eu\/fr\/wp-json\/wp\/v2\/editorial_format?post=9399"},{"taxonomy":"serie","embeddable":true,"href":"https:\/\/legrandcontinent.eu\/fr\/wp-json\/wp\/v2\/serie?post=9399"},{"taxonomy":"audience","embeddable":true,"href":"https:\/\/legrandcontinent.eu\/fr\/wp-json\/wp\/v2\/audience?post=9399"},{"taxonomy":"geo","embeddable":true,"href":"https:\/\/legrandcontinent.eu\/fr\/wp-json\/wp\/v2\/geo?post=9399"}],"curies":[{"name":"wp","href":"https:\/\/api.w.org\/{rel}","templated":true}]}}