{"id":89201,"date":"2020-10-26T16:19:55","date_gmt":"2020-10-26T15:19:55","guid":{"rendered":"https:\/\/legrandcontinent.eu\/fr\/?p=89201"},"modified":"2020-11-20T22:01:56","modified_gmt":"2020-11-20T21:01:56","slug":"turquie-ue-lescalade-est-europeenne","status":"publish","type":"post","link":"https:\/\/legrandcontinent.eu\/fr\/2020\/10\/26\/turquie-ue-lescalade-est-europeenne\/","title":{"rendered":"Turquie-UE&#160;: l&rsquo;escalade est europ\u00e9enne"},"content":{"rendered":"\n<p>\u00c0 la suite de l\u2019attentat terroriste de Conflans-Sainte-Honorine, une crise diplomatique a d\u00e9but\u00e9 par les propos du Pr\u00e9sident turc Erdogan \u00e0 l\u2019encontre du Pr\u00e9sident fran\u00e7ais. Elle prend d\u00e9sormais une dimension europ\u00e9enne.&nbsp;<\/p>\n\n\n\n<ul class=\"wp-block-list\"><li><strong>Le pr\u00e9sident Erdogan a attaqu\u00e9 Emmanuel Macron<\/strong>&nbsp;suite \u00e0 ses mesures annonc\u00e9es dans le cadre de la \u00ab&#160;loi sur le s\u00e9paratisme&#160;\u00bb, notamment dans une premi\u00e8re d\u00e9claration l\u2019appelant \u00e0 faire \u00ab&#160;examiner sa sant\u00e9 mentale&#160;\u00bb concernant son attitude envers les musulmans.<\/li><li><strong>Le Quai d\u2019Orsay<\/strong>&nbsp;a r\u00e9agi en d\u00e9non\u00e7ant une \u00ab&#160;propagande haineuse et calomnieuse&#160;\u00bb et l\u2019ambassadeur de France en Turquie a \u00e9t\u00e9 rappel\u00e9. Le pr\u00e9sident Macron a r\u00e9agi hier dans la soir\u00e9e en d\u00e9clarant \u00ab&#160;ne pas accepter les discours de haine&#160;\u00bb et \u00ab&#160;d\u00e9fendre le d\u00e9bat raisonnable&#160;\u00bb.&nbsp;<\/li><li><strong>L\u2019Europe riposte.<\/strong>&nbsp;Aux&nbsp;<a href=\"https:\/\/lldl.us14.list-manage.com\/track\/click?u=10762824cc6c812ec1f389f08&amp;id=1f5769714e&amp;e=f9b412825a\" target=\"_blank\" rel=\"noreferrer noopener\">d\u00e9clarations<\/a>&nbsp;du directeur de la communication d\u2019Erdogan Fahrettin Altun, qui d\u00e9non\u00e7aient une attaque de la France envers les \u00ab&#160;valeurs sacr\u00e9es et les \u00e9critures de l\u2019Islam&#160;\u00bb et \u00ab&#160;nos modes de vie&#160;\u00bb (<em>our way of life<\/em>), le commissaire europ\u00e9en Margaritis Schinas a&nbsp;<a href=\"https:\/\/lldl.us14.list-manage.com\/track\/click?u=10762824cc6c812ec1f389f08&amp;id=85fc28addf&amp;e=f9b412825a\" target=\"_blank\" rel=\"noreferrer noopener\">r\u00e9pondu<\/a>&nbsp;en lui opposant \u00ab&#160;<em>The European Way of Life<\/em>&#160;\u00bb et en citant l\u2019article 2 du trait\u00e9 de Maastricht d\u00e9finissant les principes communs aux \u00c9tats membres (dont le respect pour l\u2019\u00c9tat de droit et les droits des minorit\u00e9s). Le Haut repr\u00e9sentant Josep Borrell et le pr\u00e9sident du Conseil Charles Michel ont \u00e9galement r\u00e9agi.&nbsp;<\/li><\/ul>\n\n\n\n\n\n<figure class=\"wp-block-image wp-block-image-medium\"\n    data-shadow=\"false\"\n    data-use-original-file=\"false\">\n    <a\n        data-pswp-src=\"https:\/\/legrandcontinent.eu\/fr\/wp-content\/uploads\/sites\/2\/2020\/10\/unnamed-11.png\"\n        class=\"inline-block gallery-item no-underline \"\n        data-pswp-width=\"1184\"\n        data-pswp-height=\"970\">\n                                        <picture>\r\n                    <source\r\n                srcset=\"https:\/\/legrandcontinent.eu\/fr\/wp-content\/uploads\/sites\/2\/2020\/10\/unnamed-11-330x270.png\"\r\n                media=\"(max-width:  374px)\" \/>\r\n                    <source\r\n                srcset=\"https:\/\/legrandcontinent.eu\/fr\/wp-content\/uploads\/sites\/2\/2020\/10\/unnamed-11-690x565.png\"\r\n                media=\"(max-width:  989px)\" \/>\r\n                    <source\r\n                srcset=\"https:\/\/legrandcontinent.eu\/fr\/wp-content\/uploads\/sites\/2\/2020\/10\/unnamed-11-990x811.png\"\r\n                media=\"(max-width: 1319px)\" \/>\r\n                    <source\r\n                srcset=\"https:\/\/legrandcontinent.eu\/fr\/wp-content\/uploads\/sites\/2\/2020\/10\/unnamed-11-690x565.png\"\r\n                media=\"(max-width: 1599px)\" \/>\r\n                    <source\r\n                srcset=\"https:\/\/legrandcontinent.eu\/fr\/wp-content\/uploads\/sites\/2\/2020\/10\/unnamed-11-990x811.png\"\r\n                media=\"(min-width: 1600px)\" \/>\r\n                <img decoding=\"async\" alt=\"Tweet TFUE Turquie-UE : l&#039;escalade est europ\u00e9enne attentat de Conflans Samuel Paty Erdogan appel au boycott des produits fran\u00e7ais politique europ\u00e9enne tensions g\u00e9opolitiques Macron\" src=\"https:\/\/legrandcontinent.eu\/fr\/wp-content\/uploads\/sites\/2\/2020\/10\/unnamed-11-125x102.png\" \/>\r\n        <\/picture>\r\n                            \n            <\/a>\n<\/figure>\n\n\n<ul class=\"wp-block-list\"><li><strong>Une orientation in\u00e9dite.<\/strong>&nbsp;Le contexte est pleinement g\u00e9opolitique&#160;: Shinas et quelques autres acteurs \u00ab&#160;proches de Paris&#160;\u00bb \u00e0 la Commission croient \u00e0 la n\u00e9cessit\u00e9 d\u2019un ennemi pour susciter un sentiment d\u2019appartenance et contribuer \u00e0 la l\u00e9gitimation d\u2019une commission g\u00e9opolitique.<\/li><li><strong>La Turquie devient une superpuissance r\u00e9gionale<\/strong>. Si elle est parfois qualifi\u00e9e de \u00ab&#160;&nbsp;<a href=\"https:\/\/lldl.us14.list-manage.com\/track\/click?u=10762824cc6c812ec1f389f08&amp;id=738aae05de&amp;e=f9b412825a\" target=\"_blank\" rel=\"noreferrer noopener\">N\u00e9o-Ottomane<\/a>&nbsp;&#160;\u00bb&nbsp;vis-\u00e0-vis du monde musulman sunnite, le pr\u00e9sident Erdogan est aussi l&rsquo;h\u00e9ritier d&rsquo;Atat\u00fcrk, et fier de son appartenance au G20. En bref&#160;: la puissance turque joue sur tous les fronts.<\/li><\/ul>\n\n\n\n<p><em><strong>Nota bene\u00a0<\/strong>&#160;:\u00a0Quand l&rsquo;Europe improvise&#160;: \u00e0\u00a0 la m\u00e9canique institutionnelle communautaire tourn\u00e9e vers le temps long du consensus, vient s\u2019adjoindre une capacit\u00e9 \u00e0 prendre des d\u00e9cisions improvis\u00e9es dans un contexte in\u00e9dit et soudain.<\/em>&nbsp;<span class='whitespace-nowrap'><span id='easy-footnote-1-89201' class='easy-footnote-margin-adjust'><\/span><span class='easy-footnote'><a href='https:\/\/legrandcontinent.eu\/fr\/2020\/10\/26\/turquie-ue-lescalade-est-europeenne\/#easy-footnote-bottom-1-89201' title='LUMET S\u00e9bastien,&lt;a href=&quot;https:\/\/legrandcontinent.eu\/fr\/2019\/08\/30\/quand-leurope-improvise\/?mc_cid=e19828c880&amp;amp;mc_eid=f9b412825a&quot;&gt; Quand l\u2019Europe improvise, &lt;\/a&gt;Le Grand Continent, 30 aout 2019'><sup>1<\/sup><\/a><\/span><\/span>.<\/p>\n","protected":false},"excerpt":{"rendered":"<p>\u00c0 la suite de l\u2019attentat terroriste de Conflans-Sainte-Honorine, une crise diplomatique a d\u00e9but\u00e9 par les propos du Pr\u00e9sident turc Erdogan \u00e0 l\u2019encontre du Pr\u00e9sident fran\u00e7ais. Elle prend d\u00e9sormais une dimension europ\u00e9enne. <\/p>\n","protected":false},"author":175,"featured_media":89203,"comment_status":"closed","ping_status":"closed","sticky":false,"template":"templates\/post-briefings.php","format":"standard","meta":{"_acf_changed":false,"_trash_the_other_posts":false,"_yoast_wpseo_estimated-reading-time-minutes":0,"footnotes":""},"categories":[1731],"tags":[],"staff":[1780],"editorial_format":[],"serie":[],"audience":[],"geo":[1917,543],"class_list":["post-89201","post","type-post","status-publish","format-standard","hentry","category-politique","staff-le-grand-continent","geo-europe","geo-mediterranee"],"acf":{"open_in_webview":false,"accent":false},"yoast_head":"<!-- This site is optimized with the Yoast SEO plugin v26.1.1 - https:\/\/yoast.com\/wordpress\/plugins\/seo\/ -->\n<title>Turquie-UE : l&#039;escalade est europ\u00e9enne | Le Grand Continent<\/title>\n<meta name=\"robots\" content=\"index, follow, max-snippet:-1, max-image-preview:large, max-video-preview:-1\" \/>\n<link rel=\"canonical\" href=\"https:\/\/legrandcontinent.eu\/fr\/2020\/10\/26\/turquie-ue-lescalade-est-europeenne\/\" \/>\n<meta property=\"og:locale\" content=\"fr_FR\" \/>\n<meta property=\"og:type\" content=\"article\" \/>\n<meta property=\"og:title\" content=\"Turquie-UE : l&#039;escalade est europ\u00e9enne | Le Grand Continent\" \/>\n<meta property=\"og:description\" content=\"\u00c0 la suite de l\u2019attentat terroriste de Conflans-Sainte-Honorine, une crise diplomatique a d\u00e9but\u00e9 par les propos du Pr\u00e9sident turc Erdogan \u00e0 l\u2019encontre du Pr\u00e9sident fran\u00e7ais. Elle prend d\u00e9sormais une dimension europ\u00e9enne.\" \/>\n<meta property=\"og:url\" content=\"https:\/\/legrandcontinent.eu\/fr\/2020\/10\/26\/turquie-ue-lescalade-est-europeenne\/\" \/>\n<meta property=\"og:site_name\" content=\"Le Grand Continent\" \/>\n<meta property=\"article:published_time\" content=\"2020-10-26T15:19:55+00:00\" \/>\n<meta property=\"article:modified_time\" content=\"2020-11-20T21:01:56+00:00\" \/>\n<meta property=\"og:image\" content=\"https:\/\/legrandcontinent.eu\/fr\/wp-content\/uploads\/sites\/2\/2020\/10\/gc-erdogan.jpg\" \/>\n\t<meta property=\"og:image:width\" content=\"1200\" \/>\n\t<meta property=\"og:image:height\" content=\"693\" \/>\n\t<meta property=\"og:image:type\" content=\"image\/jpeg\" \/>\n<meta name=\"author\" content=\"Giovanni Collot\" \/>\n<meta name=\"twitter:card\" content=\"summary_large_image\" \/>\n<meta name=\"twitter:image\" content=\"https:\/\/legrandcontinent.eu\/fr\/wp-content\/uploads\/sites\/2\/2020\/10\/gc-erdogan.jpg\" \/>\n<meta name=\"twitter:label1\" content=\"\u00c9crit par\" \/>\n\t<meta name=\"twitter:data1\" content=\"Giovanni Collot\" \/>\n\t<meta name=\"twitter:label2\" content=\"Dur\u00e9e de lecture estim\u00e9e\" \/>\n\t<meta name=\"twitter:data2\" content=\"2 minutes\" \/>\n<script type=\"application\/ld+json\" class=\"yoast-schema-graph\">{\"@context\":\"https:\/\/schema.org\",\"@graph\":[{\"@type\":\"WebPage\",\"@id\":\"https:\/\/legrandcontinent.eu\/fr\/2020\/10\/26\/turquie-ue-lescalade-est-europeenne\/\",\"url\":\"https:\/\/legrandcontinent.eu\/fr\/2020\/10\/26\/turquie-ue-lescalade-est-europeenne\/\",\"name\":\"Turquie-UE : l'escalade est europ\u00e9enne | Le Grand Continent\",\"isPartOf\":{\"@id\":\"https:\/\/legrandcontinent.eu\/fr\/#website\"},\"primaryImageOfPage\":{\"@id\":\"https:\/\/legrandcontinent.eu\/fr\/2020\/10\/26\/turquie-ue-lescalade-est-europeenne\/#primaryimage\"},\"image\":{\"@id\":\"https:\/\/legrandcontinent.eu\/fr\/2020\/10\/26\/turquie-ue-lescalade-est-europeenne\/#primaryimage\"},\"thumbnailUrl\":\"https:\/\/legrandcontinent.eu\/fr\/wp-content\/uploads\/sites\/2\/2020\/10\/gc-erdogan.jpg\",\"datePublished\":\"2020-10-26T15:19:55+00:00\",\"dateModified\":\"2020-11-20T21:01:56+00:00\",\"author\":{\"@id\":\"https:\/\/legrandcontinent.eu\/fr\/#\/schema\/person\/953192c3de3c2331be3997745a2f12ef\"},\"breadcrumb\":{\"@id\":\"https:\/\/legrandcontinent.eu\/fr\/2020\/10\/26\/turquie-ue-lescalade-est-europeenne\/#breadcrumb\"},\"inLanguage\":\"fr-FR\",\"potentialAction\":[{\"@type\":\"ReadAction\",\"target\":[\"https:\/\/legrandcontinent.eu\/fr\/2020\/10\/26\/turquie-ue-lescalade-est-europeenne\/\"]}]},{\"@type\":\"ImageObject\",\"inLanguage\":\"fr-FR\",\"@id\":\"https:\/\/legrandcontinent.eu\/fr\/2020\/10\/26\/turquie-ue-lescalade-est-europeenne\/#primaryimage\",\"url\":\"https:\/\/legrandcontinent.eu\/fr\/wp-content\/uploads\/sites\/2\/2020\/10\/gc-erdogan.jpg\",\"contentUrl\":\"https:\/\/legrandcontinent.eu\/fr\/wp-content\/uploads\/sites\/2\/2020\/10\/gc-erdogan.jpg\",\"width\":1200,\"height\":693},{\"@type\":\"BreadcrumbList\",\"@id\":\"https:\/\/legrandcontinent.eu\/fr\/2020\/10\/26\/turquie-ue-lescalade-est-europeenne\/#breadcrumb\",\"itemListElement\":[{\"@type\":\"ListItem\",\"position\":1,\"name\":\"Accueil\",\"item\":\"https:\/\/legrandcontinent.eu\/fr\/\"},{\"@type\":\"ListItem\",\"position\":2,\"name\":\"Turquie-UE&#160;: l&rsquo;escalade est europ\u00e9enne\"}]},{\"@type\":\"WebSite\",\"@id\":\"https:\/\/legrandcontinent.eu\/fr\/#website\",\"url\":\"https:\/\/legrandcontinent.eu\/fr\/\",\"name\":\"Le Grand Continent\",\"description\":\"L&#039;\u00e9chelle pertinente\",\"potentialAction\":[{\"@type\":\"SearchAction\",\"target\":{\"@type\":\"EntryPoint\",\"urlTemplate\":\"https:\/\/legrandcontinent.eu\/fr\/?s={search_term_string}\"},\"query-input\":{\"@type\":\"PropertyValueSpecification\",\"valueRequired\":true,\"valueName\":\"search_term_string\"}}],\"inLanguage\":\"fr-FR\"},{\"@type\":\"Person\",\"@id\":\"https:\/\/legrandcontinent.eu\/fr\/#\/schema\/person\/953192c3de3c2331be3997745a2f12ef\",\"name\":\"Giovanni Collot\",\"image\":{\"@type\":\"ImageObject\",\"inLanguage\":\"fr-FR\",\"@id\":\"https:\/\/legrandcontinent.eu\/fr\/#\/schema\/person\/image\/\",\"url\":\"https:\/\/secure.gravatar.com\/avatar\/d93cac37237065a8de4498df3db60dde?s=96&d=mm&r=g\",\"contentUrl\":\"https:\/\/secure.gravatar.com\/avatar\/d93cac37237065a8de4498df3db60dde?s=96&d=mm&r=g\",\"caption\":\"Giovanni Collot\"}}]}<\/script>\n<!-- \/ Yoast SEO plugin. -->","yoast_head_json":{"title":"Turquie-UE : l'escalade est europ\u00e9enne | Le Grand Continent","robots":{"index":"index","follow":"follow","max-snippet":"max-snippet:-1","max-image-preview":"max-image-preview:large","max-video-preview":"max-video-preview:-1"},"canonical":"https:\/\/legrandcontinent.eu\/fr\/2020\/10\/26\/turquie-ue-lescalade-est-europeenne\/","og_locale":"fr_FR","og_type":"article","og_title":"Turquie-UE : l'escalade est europ\u00e9enne | Le Grand Continent","og_description":"\u00c0 la suite de l\u2019attentat terroriste de Conflans-Sainte-Honorine, une crise diplomatique a d\u00e9but\u00e9 par les propos du Pr\u00e9sident turc Erdogan \u00e0 l\u2019encontre du Pr\u00e9sident fran\u00e7ais. Elle prend d\u00e9sormais une dimension europ\u00e9enne.","og_url":"https:\/\/legrandcontinent.eu\/fr\/2020\/10\/26\/turquie-ue-lescalade-est-europeenne\/","og_site_name":"Le Grand Continent","article_published_time":"2020-10-26T15:19:55+00:00","article_modified_time":"2020-11-20T21:01:56+00:00","og_image":[{"width":1200,"height":693,"url":"https:\/\/legrandcontinent.eu\/fr\/wp-content\/uploads\/sites\/2\/2020\/10\/gc-erdogan.jpg","type":"image\/jpeg"}],"author":"Giovanni Collot","twitter_card":"summary_large_image","twitter_image":"https:\/\/legrandcontinent.eu\/fr\/wp-content\/uploads\/sites\/2\/2020\/10\/gc-erdogan.jpg","twitter_misc":{"\u00c9crit par":"Giovanni Collot","Dur\u00e9e de lecture estim\u00e9e":"2 minutes"},"schema":{"@context":"https:\/\/schema.org","@graph":[{"@type":"WebPage","@id":"https:\/\/legrandcontinent.eu\/fr\/2020\/10\/26\/turquie-ue-lescalade-est-europeenne\/","url":"https:\/\/legrandcontinent.eu\/fr\/2020\/10\/26\/turquie-ue-lescalade-est-europeenne\/","name":"Turquie-UE : l'escalade est europ\u00e9enne | Le Grand Continent","isPartOf":{"@id":"https:\/\/legrandcontinent.eu\/fr\/#website"},"primaryImageOfPage":{"@id":"https:\/\/legrandcontinent.eu\/fr\/2020\/10\/26\/turquie-ue-lescalade-est-europeenne\/#primaryimage"},"image":{"@id":"https:\/\/legrandcontinent.eu\/fr\/2020\/10\/26\/turquie-ue-lescalade-est-europeenne\/#primaryimage"},"thumbnailUrl":"https:\/\/legrandcontinent.eu\/fr\/wp-content\/uploads\/sites\/2\/2020\/10\/gc-erdogan.jpg","datePublished":"2020-10-26T15:19:55+00:00","dateModified":"2020-11-20T21:01:56+00:00","author":{"@id":"https:\/\/legrandcontinent.eu\/fr\/#\/schema\/person\/953192c3de3c2331be3997745a2f12ef"},"breadcrumb":{"@id":"https:\/\/legrandcontinent.eu\/fr\/2020\/10\/26\/turquie-ue-lescalade-est-europeenne\/#breadcrumb"},"inLanguage":"fr-FR","potentialAction":[{"@type":"ReadAction","target":["https:\/\/legrandcontinent.eu\/fr\/2020\/10\/26\/turquie-ue-lescalade-est-europeenne\/"]}]},{"@type":"ImageObject","inLanguage":"fr-FR","@id":"https:\/\/legrandcontinent.eu\/fr\/2020\/10\/26\/turquie-ue-lescalade-est-europeenne\/#primaryimage","url":"https:\/\/legrandcontinent.eu\/fr\/wp-content\/uploads\/sites\/2\/2020\/10\/gc-erdogan.jpg","contentUrl":"https:\/\/legrandcontinent.eu\/fr\/wp-content\/uploads\/sites\/2\/2020\/10\/gc-erdogan.jpg","width":1200,"height":693},{"@type":"BreadcrumbList","@id":"https:\/\/legrandcontinent.eu\/fr\/2020\/10\/26\/turquie-ue-lescalade-est-europeenne\/#breadcrumb","itemListElement":[{"@type":"ListItem","position":1,"name":"Accueil","item":"https:\/\/legrandcontinent.eu\/fr\/"},{"@type":"ListItem","position":2,"name":"Turquie-UE&#160;: l&rsquo;escalade est europ\u00e9enne"}]},{"@type":"WebSite","@id":"https:\/\/legrandcontinent.eu\/fr\/#website","url":"https:\/\/legrandcontinent.eu\/fr\/","name":"Le Grand Continent","description":"L&#039;\u00e9chelle pertinente","potentialAction":[{"@type":"SearchAction","target":{"@type":"EntryPoint","urlTemplate":"https:\/\/legrandcontinent.eu\/fr\/?s={search_term_string}"},"query-input":{"@type":"PropertyValueSpecification","valueRequired":true,"valueName":"search_term_string"}}],"inLanguage":"fr-FR"},{"@type":"Person","@id":"https:\/\/legrandcontinent.eu\/fr\/#\/schema\/person\/953192c3de3c2331be3997745a2f12ef","name":"Giovanni Collot","image":{"@type":"ImageObject","inLanguage":"fr-FR","@id":"https:\/\/legrandcontinent.eu\/fr\/#\/schema\/person\/image\/","url":"https:\/\/secure.gravatar.com\/avatar\/d93cac37237065a8de4498df3db60dde?s=96&d=mm&r=g","contentUrl":"https:\/\/secure.gravatar.com\/avatar\/d93cac37237065a8de4498df3db60dde?s=96&d=mm&r=g","caption":"Giovanni Collot"}}]}},"lgc_categories":[{"id":1731,"name":"Politique","slug":"politique"}],"lgc_author":{"id":1780,"name":"Le Grand Continent","slug":"le-grand-continent"},"feature_image_summary":{"url":"https:\/\/legrandcontinent.eu\/fr\/wp-content\/uploads\/sites\/2\/2020\/10\/gc-erdogan.jpg","width":1200,"height":693,"alt":""},"feature_image_cover":null,"term_position_data":null,"_links":{"self":[{"href":"https:\/\/legrandcontinent.eu\/fr\/wp-json\/wp\/v2\/posts\/89201","targetHints":{"allow":["GET"]}}],"collection":[{"href":"https:\/\/legrandcontinent.eu\/fr\/wp-json\/wp\/v2\/posts"}],"about":[{"href":"https:\/\/legrandcontinent.eu\/fr\/wp-json\/wp\/v2\/types\/post"}],"author":[{"embeddable":true,"href":"https:\/\/legrandcontinent.eu\/fr\/wp-json\/wp\/v2\/users\/175"}],"replies":[{"embeddable":true,"href":"https:\/\/legrandcontinent.eu\/fr\/wp-json\/wp\/v2\/comments?post=89201"}],"version-history":[{"count":0,"href":"https:\/\/legrandcontinent.eu\/fr\/wp-json\/wp\/v2\/posts\/89201\/revisions"}],"wp:featuredmedia":[{"embeddable":true,"href":"https:\/\/legrandcontinent.eu\/fr\/wp-json\/wp\/v2\/media\/89203"}],"wp:attachment":[{"href":"https:\/\/legrandcontinent.eu\/fr\/wp-json\/wp\/v2\/media?parent=89201"}],"wp:term":[{"taxonomy":"category","embeddable":true,"href":"https:\/\/legrandcontinent.eu\/fr\/wp-json\/wp\/v2\/categories?post=89201"},{"taxonomy":"post_tag","embeddable":true,"href":"https:\/\/legrandcontinent.eu\/fr\/wp-json\/wp\/v2\/tags?post=89201"},{"taxonomy":"staff","embeddable":true,"href":"https:\/\/legrandcontinent.eu\/fr\/wp-json\/wp\/v2\/staff?post=89201"},{"taxonomy":"editorial_format","embeddable":true,"href":"https:\/\/legrandcontinent.eu\/fr\/wp-json\/wp\/v2\/editorial_format?post=89201"},{"taxonomy":"serie","embeddable":true,"href":"https:\/\/legrandcontinent.eu\/fr\/wp-json\/wp\/v2\/serie?post=89201"},{"taxonomy":"audience","embeddable":true,"href":"https:\/\/legrandcontinent.eu\/fr\/wp-json\/wp\/v2\/audience?post=89201"},{"taxonomy":"geo","embeddable":true,"href":"https:\/\/legrandcontinent.eu\/fr\/wp-json\/wp\/v2\/geo?post=89201"}],"curies":[{"name":"wp","href":"https:\/\/api.w.org\/{rel}","templated":true}]}}