{"id":85732,"date":"2020-10-03T12:31:35","date_gmt":"2020-10-03T10:31:35","guid":{"rendered":"https:\/\/legrandcontinent.eu\/fr\/?p=85732"},"modified":"2020-10-03T12:31:37","modified_gmt":"2020-10-03T10:31:37","slug":"journee-de-lunite-allemande","status":"publish","type":"post","link":"https:\/\/legrandcontinent.eu\/fr\/2020\/10\/03\/journee-de-lunite-allemande\/","title":{"rendered":"Journ\u00e9e de l\u2019Unit\u00e9 allemande"},"content":{"rendered":"\n<p>Aujourd&rsquo;hui, samedi 3 octobre, a lieu la f\u00eate nationale allemande, c\u00e9l\u00e9brant la r\u00e9unification.\u00a0\u00a0<\/p>\n\n\n\n<ul class=\"wp-block-list\"><li><strong>Le miracle ouest-allemand\u00a0<\/strong>a donn\u00e9 \u00e0 beaucoup une libert\u00e9 et un confort mat\u00e9riel dont les Allemands de l\u2019Est ont \u00e9t\u00e9 priv\u00e9s. \u00ab&#160;D\u00e8s le lendemain de la chute du Mur, ils commenc\u00e8rent \u00e0 s\u2019exiler en masse vers la RFA. Sans la perspective d\u2019une r\u00e9unification rapide, la RDA se serait vid\u00e9e de ses habitants selon la logique&#160;: \u2018si le Deutsch Mark ne vient pas \u00e0 nous, nous irons \u00e0 lui\u2019&#160;\u00bb \u2013 un r\u00e9cit de la r\u00e9unification \u00e0 lire\u00a0<a href=\"https:\/\/lldl.us14.list-manage.com\/track\/click?u=10762824cc6c812ec1f389f08&amp;id=2ea6fb118e&amp;e=f9b412825a\" target=\"_blank\" rel=\"noreferrer noopener\">ici<\/a>.\u00a0<\/li><li><strong>Mais, bien que de nombreux membres de l\u2019ancien bloc communiste<\/strong>\u00a0aient finalement b\u00e9n\u00e9fici\u00e9 de la convergence avec leurs voisins occidentaux plus riches, la p\u00e9riode qui a suivi la r\u00e9unification s\u2019est av\u00e9r\u00e9e traumatisante pour de nombreux Allemands, tant \u00e0 l\u2019Est qu\u2019\u00e0 l\u2019Ouest.&nbsp;<span class='whitespace-nowrap'><span id='easy-footnote-1-85732' class='easy-footnote-margin-adjust'><\/span><span class='easy-footnote'><a href='https:\/\/legrandcontinent.eu\/fr\/2020\/10\/03\/journee-de-lunite-allemande\/#easy-footnote-bottom-1-85732' title='KLEIN Matthew C., &lt;a href=&quot;https:\/\/legrandcontinent.eu\/fr\/2020\/06\/06\/lutte-de-classes-europe\/?mc_cid=998ded278e&amp;amp;mc_eid=f9b412825a&quot;&gt;La lutte de classes en Europe menace le libre-\u00e9change mondial,&lt;\/a&gt; Le Grand Continent, 6 juin 2020'><sup>1<\/sup><\/a><\/span><\/span><\/li><\/ul>\n\n\n\n<div class=\"iframe-container wp-block-image wp-block-image-large  iframe-dw\">\n\t<div>\n\t\t<iframe class=\"absolute w-full h-full pin-t pin-l\" title=\"titolo\" aria-label=\"Interactive line chart\" src=\"\/\/datawrapper.dwcdn.net\/JY5zf\/5\/\" scrolling=\"no\" frameborder=\"0\"><\/iframe>\n\t<\/div>\n<\/div>\n\n\n\n<ul class=\"wp-block-list\"><li><strong>Allemagne unifi\u00e9e, Europe unifi\u00e9e&#160;?<\/strong>\u00a0\u00ab&#160;En regardant aujourd\u2019hui l\u2019Union europ\u00e9enne, nous voyons de la divergence \u00e9conomique au lieu de la convergence. Nous voyons des fractures politiques, et de plus en plus id\u00e9ologiques. L\u2019Europe ne s\u2019est pas unifi\u00e9e&#160;\u00bb, d\u00e9clarait le pr\u00e9sident f\u00e9d\u00e9ral allemand Frank-Walter Steinmeier dans un discours critique.&nbsp;<span class='whitespace-nowrap'><span id='easy-footnote-2-85732' class='easy-footnote-margin-adjust'><\/span><span class='easy-footnote'><a href='https:\/\/legrandcontinent.eu\/fr\/2020\/10\/03\/journee-de-lunite-allemande\/#easy-footnote-bottom-2-85732' title='GEG|Centres, &lt;a href=&quot;https:\/\/legrandcontinent.eu\/fr\/2020\/02\/19\/steinmeier-munich\/?mc_cid=998ded278e&amp;amp;mc_eid=f9b412825a&quot;&gt;L&amp;rsquo;Allemagne r\u00e9pond, le d\u00e9placement Steinmeier&lt;\/a&gt;, Le Grand Continent, 19 f\u00e9vrier 2020'><sup>2<\/sup><\/a><\/span><\/span><\/li><li><strong>Apr\u00e8s le boom de la consommation,<\/strong>\u00a0les jours suivant l\u2019ouverture du mur ont refl\u00e9t\u00e9 ironiquement les contradictions d\u2019une certaine libert\u00e9 europ\u00e9enne&#160;: libert\u00e9 de circulation, libert\u00e9 de commerce (ici \u00e0 sens unique), qui ne sauraient suffire ni \u00e0 former une communaut\u00e9 ni \u00e0 garantir le bon fonctionnement d\u2019un syst\u00e8me d\u00e9mocratique.&nbsp;<span class='whitespace-nowrap'><span id='easy-footnote-3-85732' class='easy-footnote-margin-adjust'><\/span><span class='easy-footnote'><a href='https:\/\/legrandcontinent.eu\/fr\/2020\/10\/03\/journee-de-lunite-allemande\/#easy-footnote-bottom-3-85732' title='GEG|Centres, &lt;a href=&quot;https:\/\/legrandcontinent.eu\/fr\/2019\/11\/09\/la-chute-du-mur-symbole-pour-leurope\/?mc_cid=998ded278e&amp;amp;mc_eid=f9b412825a&quot;&gt;La chute du mur, symbole pour l\u2019Europe,&lt;\/a&gt; Le Grand Continent, 9 novembre 2019'><sup>3<\/sup><\/a><\/span><\/span><\/li><\/ul>\n","protected":false},"excerpt":{"rendered":"<p>Aujourd&rsquo;hui, samedi 3 octobre, a lieu la f\u00eate nationale allemande, c\u00e9l\u00e9brant la r\u00e9unification.  <\/p>\n","protected":false},"author":175,"featured_media":85737,"comment_status":"closed","ping_status":"closed","sticky":false,"template":"templates\/post-briefings.php","format":"standard","meta":{"_acf_changed":false,"_trash_the_other_posts":false,"_yoast_wpseo_estimated-reading-time-minutes":0,"footnotes":""},"categories":[2024,1731],"tags":[],"staff":[1780],"editorial_format":[],"serie":[],"audience":[],"geo":[1894,536],"class_list":["post-85732","post","type-post","status-publish","format-standard","hentry","category-histoire","category-politique","staff-le-grand-continent","geo-berlin","geo-centres"],"acf":{"open_in_webview":false,"accent":false,"_thumbnail_id":85737,"excerpt":"Aujourd'hui, samedi 3 octobre, a lieu la f\u00eate nationale allemande, c\u00e9l\u00e9brant la r\u00e9unification.  ","display_date":"","new_abstract":true},"yoast_head":"<!-- This site is optimized with the Yoast SEO plugin v26.1.1 - https:\/\/yoast.com\/wordpress\/plugins\/seo\/ -->\n<title>Journ\u00e9e de l\u2019Unit\u00e9 allemande | Le Grand Continent<\/title>\n<meta name=\"robots\" content=\"index, follow, max-snippet:-1, max-image-preview:large, max-video-preview:-1\" \/>\n<link rel=\"canonical\" href=\"https:\/\/legrandcontinent.eu\/fr\/2020\/10\/03\/journee-de-lunite-allemande\/\" \/>\n<meta property=\"og:locale\" content=\"fr_FR\" \/>\n<meta property=\"og:type\" content=\"article\" \/>\n<meta property=\"og:title\" content=\"Journ\u00e9e de l\u2019Unit\u00e9 allemande | Le Grand Continent\" \/>\n<meta property=\"og:description\" content=\"Aujourd&#039;hui, samedi 3 octobre, a lieu la f\u00eate nationale allemande, c\u00e9l\u00e9brant la r\u00e9unification.\" \/>\n<meta property=\"og:url\" content=\"https:\/\/legrandcontinent.eu\/fr\/2020\/10\/03\/journee-de-lunite-allemande\/\" \/>\n<meta property=\"og:site_name\" content=\"Le Grand Continent\" \/>\n<meta property=\"article:published_time\" content=\"2020-10-03T10:31:35+00:00\" \/>\n<meta property=\"article:modified_time\" content=\"2020-10-03T10:31:37+00:00\" \/>\n<meta property=\"og:image\" content=\"https:\/\/legrandcontinent.eu\/fr\/wp-content\/uploads\/sites\/2\/2020\/10\/Grafica-2020-10-03-alle-12.30.26.jpg\" \/>\n\t<meta property=\"og:image:width\" content=\"2560\" \/>\n\t<meta property=\"og:image:height\" content=\"1476\" \/>\n\t<meta property=\"og:image:type\" content=\"image\/jpeg\" \/>\n<meta name=\"author\" content=\"Giovanni Collot\" \/>\n<meta name=\"twitter:card\" content=\"summary_large_image\" \/>\n<meta name=\"twitter:image\" content=\"https:\/\/legrandcontinent.eu\/fr\/wp-content\/uploads\/sites\/2\/2020\/10\/Grafica-2020-10-03-alle-12.30.26.jpg\" \/>\n<meta name=\"twitter:label1\" content=\"\u00c9crit par\" \/>\n\t<meta name=\"twitter:data1\" content=\"Giovanni Collot\" \/>\n\t<meta name=\"twitter:label2\" content=\"Dur\u00e9e de lecture estim\u00e9e\" \/>\n\t<meta name=\"twitter:data2\" content=\"2 minutes\" \/>\n<script type=\"application\/ld+json\" class=\"yoast-schema-graph\">{\"@context\":\"https:\/\/schema.org\",\"@graph\":[{\"@type\":\"WebPage\",\"@id\":\"https:\/\/legrandcontinent.eu\/fr\/2020\/10\/03\/journee-de-lunite-allemande\/\",\"url\":\"https:\/\/legrandcontinent.eu\/fr\/2020\/10\/03\/journee-de-lunite-allemande\/\",\"name\":\"Journ\u00e9e de l\u2019Unit\u00e9 allemande | Le Grand Continent\",\"isPartOf\":{\"@id\":\"https:\/\/legrandcontinent.eu\/fr\/#website\"},\"primaryImageOfPage\":{\"@id\":\"https:\/\/legrandcontinent.eu\/fr\/2020\/10\/03\/journee-de-lunite-allemande\/#primaryimage\"},\"image\":{\"@id\":\"https:\/\/legrandcontinent.eu\/fr\/2020\/10\/03\/journee-de-lunite-allemande\/#primaryimage\"},\"thumbnailUrl\":\"https:\/\/legrandcontinent.eu\/fr\/wp-content\/uploads\/sites\/2\/2020\/10\/Grafica-2020-10-03-alle-12.30.26.jpg\",\"datePublished\":\"2020-10-03T10:31:35+00:00\",\"dateModified\":\"2020-10-03T10:31:37+00:00\",\"author\":{\"@id\":\"https:\/\/legrandcontinent.eu\/fr\/#\/schema\/person\/953192c3de3c2331be3997745a2f12ef\"},\"breadcrumb\":{\"@id\":\"https:\/\/legrandcontinent.eu\/fr\/2020\/10\/03\/journee-de-lunite-allemande\/#breadcrumb\"},\"inLanguage\":\"fr-FR\",\"potentialAction\":[{\"@type\":\"ReadAction\",\"target\":[\"https:\/\/legrandcontinent.eu\/fr\/2020\/10\/03\/journee-de-lunite-allemande\/\"]}]},{\"@type\":\"ImageObject\",\"inLanguage\":\"fr-FR\",\"@id\":\"https:\/\/legrandcontinent.eu\/fr\/2020\/10\/03\/journee-de-lunite-allemande\/#primaryimage\",\"url\":\"https:\/\/legrandcontinent.eu\/fr\/wp-content\/uploads\/sites\/2\/2020\/10\/Grafica-2020-10-03-alle-12.30.26.jpg\",\"contentUrl\":\"https:\/\/legrandcontinent.eu\/fr\/wp-content\/uploads\/sites\/2\/2020\/10\/Grafica-2020-10-03-alle-12.30.26.jpg\",\"width\":2560,\"height\":1476},{\"@type\":\"BreadcrumbList\",\"@id\":\"https:\/\/legrandcontinent.eu\/fr\/2020\/10\/03\/journee-de-lunite-allemande\/#breadcrumb\",\"itemListElement\":[{\"@type\":\"ListItem\",\"position\":1,\"name\":\"Accueil\",\"item\":\"https:\/\/legrandcontinent.eu\/fr\/\"},{\"@type\":\"ListItem\",\"position\":2,\"name\":\"Journ\u00e9e de l\u2019Unit\u00e9 allemande\"}]},{\"@type\":\"WebSite\",\"@id\":\"https:\/\/legrandcontinent.eu\/fr\/#website\",\"url\":\"https:\/\/legrandcontinent.eu\/fr\/\",\"name\":\"Le Grand Continent\",\"description\":\"L&#039;\u00e9chelle pertinente\",\"potentialAction\":[{\"@type\":\"SearchAction\",\"target\":{\"@type\":\"EntryPoint\",\"urlTemplate\":\"https:\/\/legrandcontinent.eu\/fr\/?s={search_term_string}\"},\"query-input\":{\"@type\":\"PropertyValueSpecification\",\"valueRequired\":true,\"valueName\":\"search_term_string\"}}],\"inLanguage\":\"fr-FR\"},{\"@type\":\"Person\",\"@id\":\"https:\/\/legrandcontinent.eu\/fr\/#\/schema\/person\/953192c3de3c2331be3997745a2f12ef\",\"name\":\"Giovanni Collot\",\"image\":{\"@type\":\"ImageObject\",\"inLanguage\":\"fr-FR\",\"@id\":\"https:\/\/legrandcontinent.eu\/fr\/#\/schema\/person\/image\/\",\"url\":\"https:\/\/secure.gravatar.com\/avatar\/d93cac37237065a8de4498df3db60dde?s=96&d=mm&r=g\",\"contentUrl\":\"https:\/\/secure.gravatar.com\/avatar\/d93cac37237065a8de4498df3db60dde?s=96&d=mm&r=g\",\"caption\":\"Giovanni Collot\"}}]}<\/script>\n<!-- \/ Yoast SEO plugin. -->","yoast_head_json":{"title":"Journ\u00e9e de l\u2019Unit\u00e9 allemande | Le Grand Continent","robots":{"index":"index","follow":"follow","max-snippet":"max-snippet:-1","max-image-preview":"max-image-preview:large","max-video-preview":"max-video-preview:-1"},"canonical":"https:\/\/legrandcontinent.eu\/fr\/2020\/10\/03\/journee-de-lunite-allemande\/","og_locale":"fr_FR","og_type":"article","og_title":"Journ\u00e9e de l\u2019Unit\u00e9 allemande | Le Grand Continent","og_description":"Aujourd'hui, samedi 3 octobre, a lieu la f\u00eate nationale allemande, c\u00e9l\u00e9brant la r\u00e9unification.","og_url":"https:\/\/legrandcontinent.eu\/fr\/2020\/10\/03\/journee-de-lunite-allemande\/","og_site_name":"Le Grand Continent","article_published_time":"2020-10-03T10:31:35+00:00","article_modified_time":"2020-10-03T10:31:37+00:00","og_image":[{"width":2560,"height":1476,"url":"https:\/\/legrandcontinent.eu\/fr\/wp-content\/uploads\/sites\/2\/2020\/10\/Grafica-2020-10-03-alle-12.30.26.jpg","type":"image\/jpeg"}],"author":"Giovanni Collot","twitter_card":"summary_large_image","twitter_image":"https:\/\/legrandcontinent.eu\/fr\/wp-content\/uploads\/sites\/2\/2020\/10\/Grafica-2020-10-03-alle-12.30.26.jpg","twitter_misc":{"\u00c9crit par":"Giovanni Collot","Dur\u00e9e de lecture estim\u00e9e":"2 minutes"},"schema":{"@context":"https:\/\/schema.org","@graph":[{"@type":"WebPage","@id":"https:\/\/legrandcontinent.eu\/fr\/2020\/10\/03\/journee-de-lunite-allemande\/","url":"https:\/\/legrandcontinent.eu\/fr\/2020\/10\/03\/journee-de-lunite-allemande\/","name":"Journ\u00e9e de l\u2019Unit\u00e9 allemande | Le Grand Continent","isPartOf":{"@id":"https:\/\/legrandcontinent.eu\/fr\/#website"},"primaryImageOfPage":{"@id":"https:\/\/legrandcontinent.eu\/fr\/2020\/10\/03\/journee-de-lunite-allemande\/#primaryimage"},"image":{"@id":"https:\/\/legrandcontinent.eu\/fr\/2020\/10\/03\/journee-de-lunite-allemande\/#primaryimage"},"thumbnailUrl":"https:\/\/legrandcontinent.eu\/fr\/wp-content\/uploads\/sites\/2\/2020\/10\/Grafica-2020-10-03-alle-12.30.26.jpg","datePublished":"2020-10-03T10:31:35+00:00","dateModified":"2020-10-03T10:31:37+00:00","author":{"@id":"https:\/\/legrandcontinent.eu\/fr\/#\/schema\/person\/953192c3de3c2331be3997745a2f12ef"},"breadcrumb":{"@id":"https:\/\/legrandcontinent.eu\/fr\/2020\/10\/03\/journee-de-lunite-allemande\/#breadcrumb"},"inLanguage":"fr-FR","potentialAction":[{"@type":"ReadAction","target":["https:\/\/legrandcontinent.eu\/fr\/2020\/10\/03\/journee-de-lunite-allemande\/"]}]},{"@type":"ImageObject","inLanguage":"fr-FR","@id":"https:\/\/legrandcontinent.eu\/fr\/2020\/10\/03\/journee-de-lunite-allemande\/#primaryimage","url":"https:\/\/legrandcontinent.eu\/fr\/wp-content\/uploads\/sites\/2\/2020\/10\/Grafica-2020-10-03-alle-12.30.26.jpg","contentUrl":"https:\/\/legrandcontinent.eu\/fr\/wp-content\/uploads\/sites\/2\/2020\/10\/Grafica-2020-10-03-alle-12.30.26.jpg","width":2560,"height":1476},{"@type":"BreadcrumbList","@id":"https:\/\/legrandcontinent.eu\/fr\/2020\/10\/03\/journee-de-lunite-allemande\/#breadcrumb","itemListElement":[{"@type":"ListItem","position":1,"name":"Accueil","item":"https:\/\/legrandcontinent.eu\/fr\/"},{"@type":"ListItem","position":2,"name":"Journ\u00e9e de l\u2019Unit\u00e9 allemande"}]},{"@type":"WebSite","@id":"https:\/\/legrandcontinent.eu\/fr\/#website","url":"https:\/\/legrandcontinent.eu\/fr\/","name":"Le Grand Continent","description":"L&#039;\u00e9chelle pertinente","potentialAction":[{"@type":"SearchAction","target":{"@type":"EntryPoint","urlTemplate":"https:\/\/legrandcontinent.eu\/fr\/?s={search_term_string}"},"query-input":{"@type":"PropertyValueSpecification","valueRequired":true,"valueName":"search_term_string"}}],"inLanguage":"fr-FR"},{"@type":"Person","@id":"https:\/\/legrandcontinent.eu\/fr\/#\/schema\/person\/953192c3de3c2331be3997745a2f12ef","name":"Giovanni Collot","image":{"@type":"ImageObject","inLanguage":"fr-FR","@id":"https:\/\/legrandcontinent.eu\/fr\/#\/schema\/person\/image\/","url":"https:\/\/secure.gravatar.com\/avatar\/d93cac37237065a8de4498df3db60dde?s=96&d=mm&r=g","contentUrl":"https:\/\/secure.gravatar.com\/avatar\/d93cac37237065a8de4498df3db60dde?s=96&d=mm&r=g","caption":"Giovanni Collot"}}]}},"lgc_categories":[{"id":2024,"name":"Histoire","slug":"histoire"},{"id":1731,"name":"Politique","slug":"politique"}],"lgc_author":{"id":1780,"name":"Le Grand Continent","slug":"le-grand-continent","description":null,"first_name":null,"last_name":null,"picture":null},"feature_image_summary":{"url":"https:\/\/legrandcontinent.eu\/fr\/wp-content\/uploads\/sites\/2\/2020\/10\/Grafica-2020-10-03-alle-12.30.26.jpg","width":2560,"height":1476,"alt":""},"feature_image_cover":null,"term_position_data":null,"_links":{"self":[{"href":"https:\/\/legrandcontinent.eu\/fr\/wp-json\/wp\/v2\/posts\/85732","targetHints":{"allow":["GET"]}}],"collection":[{"href":"https:\/\/legrandcontinent.eu\/fr\/wp-json\/wp\/v2\/posts"}],"about":[{"href":"https:\/\/legrandcontinent.eu\/fr\/wp-json\/wp\/v2\/types\/post"}],"author":[{"embeddable":true,"href":"https:\/\/legrandcontinent.eu\/fr\/wp-json\/wp\/v2\/users\/175"}],"replies":[{"embeddable":true,"href":"https:\/\/legrandcontinent.eu\/fr\/wp-json\/wp\/v2\/comments?post=85732"}],"version-history":[{"count":0,"href":"https:\/\/legrandcontinent.eu\/fr\/wp-json\/wp\/v2\/posts\/85732\/revisions"}],"wp:featuredmedia":[{"embeddable":true,"href":"https:\/\/legrandcontinent.eu\/fr\/wp-json\/wp\/v2\/media\/85737"}],"wp:attachment":[{"href":"https:\/\/legrandcontinent.eu\/fr\/wp-json\/wp\/v2\/media?parent=85732"}],"wp:term":[{"taxonomy":"category","embeddable":true,"href":"https:\/\/legrandcontinent.eu\/fr\/wp-json\/wp\/v2\/categories?post=85732"},{"taxonomy":"post_tag","embeddable":true,"href":"https:\/\/legrandcontinent.eu\/fr\/wp-json\/wp\/v2\/tags?post=85732"},{"taxonomy":"staff","embeddable":true,"href":"https:\/\/legrandcontinent.eu\/fr\/wp-json\/wp\/v2\/staff?post=85732"},{"taxonomy":"editorial_format","embeddable":true,"href":"https:\/\/legrandcontinent.eu\/fr\/wp-json\/wp\/v2\/editorial_format?post=85732"},{"taxonomy":"serie","embeddable":true,"href":"https:\/\/legrandcontinent.eu\/fr\/wp-json\/wp\/v2\/serie?post=85732"},{"taxonomy":"audience","embeddable":true,"href":"https:\/\/legrandcontinent.eu\/fr\/wp-json\/wp\/v2\/audience?post=85732"},{"taxonomy":"geo","embeddable":true,"href":"https:\/\/legrandcontinent.eu\/fr\/wp-json\/wp\/v2\/geo?post=85732"}],"curies":[{"name":"wp","href":"https:\/\/api.w.org\/{rel}","templated":true}]}}