{"id":8272,"date":"2018-09-23T22:00:34","date_gmt":"2018-09-23T20:00:34","guid":{"rendered":"https:\/\/lldl.eu\/?p=8272"},"modified":"2019-04-06T18:58:28","modified_gmt":"2019-04-06T16:58:28","slug":"le-danemark-et-la-suede-en-desaccord-sur-la-politique-commune-de-la-peche","status":"publish","type":"post","link":"https:\/\/legrandcontinent.eu\/fr\/2018\/09\/23\/le-danemark-et-la-suede-en-desaccord-sur-la-politique-commune-de-la-peche\/","title":{"rendered":"Le Danemark et la Su\u00e8de en d\u00e9saccord sur la politique commune de la p\u00eache"},"content":{"rendered":"\n<p><em>Stockholm. <\/em>Le vendredi 14 septembre, des responsables su\u00e9dois et danois se sont r\u00e9unis pour discuter de quatre zones de p\u00eache dans le d\u00e9troit du Kattegat (<strong>2<\/strong>). Si les quatre zones sont situ\u00e9es dans les eaux territoriales su\u00e9doises et sont reconnues comme des zones Natura 2000, nombre de p\u00eacheurs danois viennent y jeter leurs filets. L\u2019Autorit\u00e9 de la mer et de l\u2019eau su\u00e9doise (<em>Havs- och Vattenmyndigheten, HAV<\/em>) a annonc\u00e9 vouloir restreindre le droit des p\u00eacheurs danois \u00e0 pr\u00e9lever des poissons dans cette zone. Cette d\u00e9cision r\u00e9sulte de l\u2019envoi de deux lettres aux ministres de l\u2019environnement et de l\u2019agriculture su\u00e9dois par le World Wildlife Fund (WWF). Celui-ci estime que la p\u00eache au chalut dans la zone r\u00e9duit la biodiversit\u00e9, tandis que la p\u00eache au filet a un impact significatif sur la population de marsouins et les oiseaux de mer. Une position critiqu\u00e9e par la ministre danoise de la p\u00eache, Eva Kjer Hansen, qui estime que les Su\u00e9dois n\u2019ont pas d\u2019arguments assez solides pour \u00e9tayer leur position. Rappelons que la p\u00eache constitue une des principales industries danoises (<strong>1<\/strong>).<\/p>\n\n\n\n<p>Un sujet d\u2019autant plus important en Su\u00e8de que le pays pr\u00e9side actuelle le Forum de Baltique sur la p\u00eache, le Baltfish (<strong>3<\/strong>). L\u2019objectif est de faire en sorte que la mer Baltique, une des mers les plus pollu\u00e9es et les plus surexploit\u00e9es, puisse rentrer dans les objectifs et les principes de la PCP. Le 5 septembre dernier, une cinquantaine de repr\u00e9sentations des pays baltes, des repr\u00e9sentants du secteur de la p\u00eache et des ONG se sont r\u00e9unis \u00e0 Stockholm pour se concerter afin de mettre en oeuvre ces objectifs. La secr\u00e9taire d\u2019Etat aux Affaires agricoles, Lisa Backteman, a rappel\u00e9 que la p\u00eache durable dans la Baltique est une des priorit\u00e9s du gouvernement su\u00e9dois.<\/p>\n\n\n\n<h4 class=\"wp-block-heading\"><strong>Sources&#160;:<\/strong><\/h4>\n\n\n\n<ol class=\"wp-block-list\"><li>ENGELBRECHT N\u00f8nne Schj\u00e6rff, <a href=\"http:\/\/www.gp.se\/nyheter\/sverige\/danmark-kritiskt-till-svenskt-fiskef%C3%B6rslag-1.8572468?noAccess=true&amp;aId=1.8572468\">Danmark kritiskt till svenskt fiskef\u00f6rslag<\/a>, G\u00f6teborgs-Posten, 20 septembre 2018.<\/li><li>REDDER Anders, <a href=\"https:\/\/www.altinget.dk\/artikel\/regeringen-afviser-sverige-nej-til-naturbeskyttelse-i-kattegat-forside\">Danmark og Sverige i konflikt om naturbeskyttelse i Kattegat<\/a>, Altinget, 17 septembre 2018.<\/li><li>Regerinskansliet, <a href=\"https:\/\/www.regeringen.se\/artiklar\/2018\/09\/gemensamma-och-langsiktiga-losningar-for-ostersjons-fiske-diskuterades-vid-mote-i-natverket-baltfish\/\">Gemensamma och l\u00e5ngsiktiga l\u00f6sningar f\u00f6r \u00d6stersj\u00f6ns fiske diskuterades vid m\u00f6te i n\u00e4tverket Baltfish<\/a>, 5 septembre 2018.<\/li><\/ol>\n","protected":false},"excerpt":{"rendered":"<p>Le Danemark et la Su\u00e8de peinent actuellement \u00e0 trouver une position commune sur les zones et les quotas de p\u00eache dans le d\u00e9troit du Kattegat. Leur concertation doit d\u00e9boucher sur une proposition commune \u00e0 la Commission europ\u00e9enne qui devra adopter \u00e0 son tour un r\u00e8glement. Mais le Danemark reproche \u00e0 la Su\u00e8de et aux ONG d\u2019aller beaucoup trop loin dans les restrictions.<\/p>\n","protected":false},"author":1,"featured_media":0,"comment_status":"closed","ping_status":"closed","sticky":false,"template":"templates\/post-briefings.php","format":"standard","meta":{"_acf_changed":false,"_trash_the_other_posts":false,"_yoast_wpseo_estimated-reading-time-minutes":0,"footnotes":""},"categories":[1727,1730,1731],"tags":[],"staff":[1716],"editorial_format":[],"serie":[],"audience":[],"geo":[547],"class_list":["post-8272","post","type-post","status-publish","format-standard","hentry","category-economie","category-energie-et-environnement","category-politique","staff-thomas-gauchet","geo-nordiques"],"acf":{"open_in_webview":false,"accent":false},"yoast_head":"<!-- This site is optimized with the Yoast SEO plugin v26.1.1 - https:\/\/yoast.com\/wordpress\/plugins\/seo\/ -->\n<title>Le Danemark et la Su\u00e8de en d\u00e9saccord sur la politique commune de la p\u00eache | Le Grand Continent<\/title>\n<meta name=\"robots\" content=\"index, follow, max-snippet:-1, max-image-preview:large, max-video-preview:-1\" \/>\n<link rel=\"canonical\" href=\"https:\/\/legrandcontinent.eu\/fr\/2018\/09\/23\/le-danemark-et-la-suede-en-desaccord-sur-la-politique-commune-de-la-peche\/\" \/>\n<meta property=\"og:locale\" content=\"fr_FR\" \/>\n<meta property=\"og:type\" content=\"article\" \/>\n<meta property=\"og:title\" content=\"Le Danemark et la Su\u00e8de en d\u00e9saccord sur la politique commune de la p\u00eache | Le Grand Continent\" \/>\n<meta property=\"og:description\" content=\"Le Danemark et la Su\u00e8de peinent actuellement \u00e0 trouver une position commune sur les zones et les quotas de p\u00eache dans le d\u00e9troit du Kattegat. Leur concertation doit d\u00e9boucher sur une proposition commune \u00e0 la Commission europ\u00e9enne qui devra adopter \u00e0 son tour un r\u00e8glement. Mais le Danemark reproche \u00e0 la Su\u00e8de et aux ONG d\u2019aller beaucoup trop loin dans les restrictions.\" \/>\n<meta property=\"og:url\" content=\"https:\/\/legrandcontinent.eu\/fr\/2018\/09\/23\/le-danemark-et-la-suede-en-desaccord-sur-la-politique-commune-de-la-peche\/\" \/>\n<meta property=\"og:site_name\" content=\"Le Grand Continent\" \/>\n<meta property=\"article:published_time\" content=\"2018-09-23T20:00:34+00:00\" \/>\n<meta property=\"article:modified_time\" content=\"2019-04-06T16:58:28+00:00\" \/>\n<meta name=\"twitter:card\" content=\"summary_large_image\" \/>\n<meta name=\"twitter:label1\" content=\"\u00c9crit par\" \/>\n\t<meta name=\"twitter:data1\" content=\"\" \/>\n\t<meta name=\"twitter:label2\" content=\"Dur\u00e9e de lecture estim\u00e9e\" \/>\n\t<meta name=\"twitter:data2\" content=\"2 minutes\" \/>\n<script type=\"application\/ld+json\" class=\"yoast-schema-graph\">{\"@context\":\"https:\/\/schema.org\",\"@graph\":[{\"@type\":\"WebPage\",\"@id\":\"https:\/\/legrandcontinent.eu\/fr\/2018\/09\/23\/le-danemark-et-la-suede-en-desaccord-sur-la-politique-commune-de-la-peche\/\",\"url\":\"https:\/\/legrandcontinent.eu\/fr\/2018\/09\/23\/le-danemark-et-la-suede-en-desaccord-sur-la-politique-commune-de-la-peche\/\",\"name\":\"Le Danemark et la Su\u00e8de en d\u00e9saccord sur la politique commune de la p\u00eache | Le Grand Continent\",\"isPartOf\":{\"@id\":\"https:\/\/legrandcontinent.eu\/fr\/#website\"},\"datePublished\":\"2018-09-23T20:00:34+00:00\",\"dateModified\":\"2019-04-06T16:58:28+00:00\",\"author\":{\"@id\":\"\"},\"breadcrumb\":{\"@id\":\"https:\/\/legrandcontinent.eu\/fr\/2018\/09\/23\/le-danemark-et-la-suede-en-desaccord-sur-la-politique-commune-de-la-peche\/#breadcrumb\"},\"inLanguage\":\"fr-FR\",\"potentialAction\":[{\"@type\":\"ReadAction\",\"target\":[\"https:\/\/legrandcontinent.eu\/fr\/2018\/09\/23\/le-danemark-et-la-suede-en-desaccord-sur-la-politique-commune-de-la-peche\/\"]}]},{\"@type\":\"BreadcrumbList\",\"@id\":\"https:\/\/legrandcontinent.eu\/fr\/2018\/09\/23\/le-danemark-et-la-suede-en-desaccord-sur-la-politique-commune-de-la-peche\/#breadcrumb\",\"itemListElement\":[{\"@type\":\"ListItem\",\"position\":1,\"name\":\"Accueil\",\"item\":\"https:\/\/legrandcontinent.eu\/fr\/\"},{\"@type\":\"ListItem\",\"position\":2,\"name\":\"Le Danemark et la Su\u00e8de en d\u00e9saccord sur la politique commune de la p\u00eache\"}]},{\"@type\":\"WebSite\",\"@id\":\"https:\/\/legrandcontinent.eu\/fr\/#website\",\"url\":\"https:\/\/legrandcontinent.eu\/fr\/\",\"name\":\"Le Grand Continent\",\"description\":\"L&#039;\u00e9chelle pertinente\",\"potentialAction\":[{\"@type\":\"SearchAction\",\"target\":{\"@type\":\"EntryPoint\",\"urlTemplate\":\"https:\/\/legrandcontinent.eu\/fr\/?s={search_term_string}\"},\"query-input\":{\"@type\":\"PropertyValueSpecification\",\"valueRequired\":true,\"valueName\":\"search_term_string\"}}],\"inLanguage\":\"fr-FR\"},{\"@type\":\"Person\",\"@id\":\"\"}]}<\/script>\n<!-- \/ Yoast SEO plugin. -->","yoast_head_json":{"title":"Le Danemark et la Su\u00e8de en d\u00e9saccord sur la politique commune de la p\u00eache | Le Grand Continent","robots":{"index":"index","follow":"follow","max-snippet":"max-snippet:-1","max-image-preview":"max-image-preview:large","max-video-preview":"max-video-preview:-1"},"canonical":"https:\/\/legrandcontinent.eu\/fr\/2018\/09\/23\/le-danemark-et-la-suede-en-desaccord-sur-la-politique-commune-de-la-peche\/","og_locale":"fr_FR","og_type":"article","og_title":"Le Danemark et la Su\u00e8de en d\u00e9saccord sur la politique commune de la p\u00eache | Le Grand Continent","og_description":"Le Danemark et la Su\u00e8de peinent actuellement \u00e0 trouver une position commune sur les zones et les quotas de p\u00eache dans le d\u00e9troit du Kattegat. Leur concertation doit d\u00e9boucher sur une proposition commune \u00e0 la Commission europ\u00e9enne qui devra adopter \u00e0 son tour un r\u00e8glement. Mais le Danemark reproche \u00e0 la Su\u00e8de et aux ONG d\u2019aller beaucoup trop loin dans les restrictions.","og_url":"https:\/\/legrandcontinent.eu\/fr\/2018\/09\/23\/le-danemark-et-la-suede-en-desaccord-sur-la-politique-commune-de-la-peche\/","og_site_name":"Le Grand Continent","article_published_time":"2018-09-23T20:00:34+00:00","article_modified_time":"2019-04-06T16:58:28+00:00","twitter_card":"summary_large_image","twitter_misc":{"\u00c9crit par":"","Dur\u00e9e de lecture estim\u00e9e":"2 minutes"},"schema":{"@context":"https:\/\/schema.org","@graph":[{"@type":"WebPage","@id":"https:\/\/legrandcontinent.eu\/fr\/2018\/09\/23\/le-danemark-et-la-suede-en-desaccord-sur-la-politique-commune-de-la-peche\/","url":"https:\/\/legrandcontinent.eu\/fr\/2018\/09\/23\/le-danemark-et-la-suede-en-desaccord-sur-la-politique-commune-de-la-peche\/","name":"Le Danemark et la Su\u00e8de en d\u00e9saccord sur la politique commune de la p\u00eache | Le Grand Continent","isPartOf":{"@id":"https:\/\/legrandcontinent.eu\/fr\/#website"},"datePublished":"2018-09-23T20:00:34+00:00","dateModified":"2019-04-06T16:58:28+00:00","author":{"@id":""},"breadcrumb":{"@id":"https:\/\/legrandcontinent.eu\/fr\/2018\/09\/23\/le-danemark-et-la-suede-en-desaccord-sur-la-politique-commune-de-la-peche\/#breadcrumb"},"inLanguage":"fr-FR","potentialAction":[{"@type":"ReadAction","target":["https:\/\/legrandcontinent.eu\/fr\/2018\/09\/23\/le-danemark-et-la-suede-en-desaccord-sur-la-politique-commune-de-la-peche\/"]}]},{"@type":"BreadcrumbList","@id":"https:\/\/legrandcontinent.eu\/fr\/2018\/09\/23\/le-danemark-et-la-suede-en-desaccord-sur-la-politique-commune-de-la-peche\/#breadcrumb","itemListElement":[{"@type":"ListItem","position":1,"name":"Accueil","item":"https:\/\/legrandcontinent.eu\/fr\/"},{"@type":"ListItem","position":2,"name":"Le Danemark et la Su\u00e8de en d\u00e9saccord sur la politique commune de la p\u00eache"}]},{"@type":"WebSite","@id":"https:\/\/legrandcontinent.eu\/fr\/#website","url":"https:\/\/legrandcontinent.eu\/fr\/","name":"Le Grand Continent","description":"L&#039;\u00e9chelle pertinente","potentialAction":[{"@type":"SearchAction","target":{"@type":"EntryPoint","urlTemplate":"https:\/\/legrandcontinent.eu\/fr\/?s={search_term_string}"},"query-input":{"@type":"PropertyValueSpecification","valueRequired":true,"valueName":"search_term_string"}}],"inLanguage":"fr-FR"},{"@type":"Person","@id":""}]}},"lgc_categories":[{"id":1727,"name":"\u00c9conomie","slug":"economie"},{"id":1730,"name":"\u00c9nergie et environnement","slug":"energie-et-environnement"},{"id":1731,"name":"Politique","slug":"politique"}],"lgc_author":{"id":1716,"name":"Thomas Gauchet","slug":"thomas-gauchet","first_name":"Thomas","last_name":"Gauchet","picture":{"url":"https:\/\/legrandcontinent.eu\/fr\/wp-content\/uploads\/sites\/2\/2023\/08\/gc-ThomasGauchet.jpg","width":914,"height":914,"alt":""}},"feature_image_summary":null,"feature_image_cover":null,"term_position_data":null,"_links":{"self":[{"href":"https:\/\/legrandcontinent.eu\/fr\/wp-json\/wp\/v2\/posts\/8272","targetHints":{"allow":["GET"]}}],"collection":[{"href":"https:\/\/legrandcontinent.eu\/fr\/wp-json\/wp\/v2\/posts"}],"about":[{"href":"https:\/\/legrandcontinent.eu\/fr\/wp-json\/wp\/v2\/types\/post"}],"author":[{"embeddable":true,"href":"https:\/\/legrandcontinent.eu\/fr\/wp-json\/wp\/v2\/users\/1"}],"replies":[{"embeddable":true,"href":"https:\/\/legrandcontinent.eu\/fr\/wp-json\/wp\/v2\/comments?post=8272"}],"version-history":[{"count":0,"href":"https:\/\/legrandcontinent.eu\/fr\/wp-json\/wp\/v2\/posts\/8272\/revisions"}],"wp:attachment":[{"href":"https:\/\/legrandcontinent.eu\/fr\/wp-json\/wp\/v2\/media?parent=8272"}],"wp:term":[{"taxonomy":"category","embeddable":true,"href":"https:\/\/legrandcontinent.eu\/fr\/wp-json\/wp\/v2\/categories?post=8272"},{"taxonomy":"post_tag","embeddable":true,"href":"https:\/\/legrandcontinent.eu\/fr\/wp-json\/wp\/v2\/tags?post=8272"},{"taxonomy":"staff","embeddable":true,"href":"https:\/\/legrandcontinent.eu\/fr\/wp-json\/wp\/v2\/staff?post=8272"},{"taxonomy":"editorial_format","embeddable":true,"href":"https:\/\/legrandcontinent.eu\/fr\/wp-json\/wp\/v2\/editorial_format?post=8272"},{"taxonomy":"serie","embeddable":true,"href":"https:\/\/legrandcontinent.eu\/fr\/wp-json\/wp\/v2\/serie?post=8272"},{"taxonomy":"audience","embeddable":true,"href":"https:\/\/legrandcontinent.eu\/fr\/wp-json\/wp\/v2\/audience?post=8272"},{"taxonomy":"geo","embeddable":true,"href":"https:\/\/legrandcontinent.eu\/fr\/wp-json\/wp\/v2\/geo?post=8272"}],"curies":[{"name":"wp","href":"https:\/\/api.w.org\/{rel}","templated":true}]}}