{"id":74097,"date":"2020-05-29T11:37:19","date_gmt":"2020-05-29T09:37:19","guid":{"rendered":"https:\/\/legrandcontinent.eu\/fr\/?p=74097"},"modified":"2020-05-29T11:37:20","modified_gmt":"2020-05-29T09:37:20","slug":"15-ans-du-non","status":"publish","type":"post","link":"https:\/\/legrandcontinent.eu\/fr\/2020\/05\/29\/15-ans-du-non\/","title":{"rendered":"15 ans du non"},"content":{"rendered":"\n<p>Le 29 mai 2005, la France a vu le \u00ab&#160;non&#160;\u00bb l\u2019emporter au r\u00e9f\u00e9rendum sur le trait\u00e9 \u00e9tablissant une constitution pour l\u2019Europe. Le d\u00e9but d\u2019une profonde crise de l\u00e9gitimit\u00e9, d\u00e9bouch\u00e9e sur une sorte de d\u00e9pression institutionnelle, un peu refoul\u00e9e. Trois points + un pour comm\u00e9morer ce non-anniversaire.<\/p>\n\n\n\n<ul class=\"wp-block-list\"><li><strong>France-Union, une relation paradoxale.&nbsp;<\/strong>Selon une longue enqu\u00eate sign\u00e9e Chopin\/Bertoncini, la France entretient une relation complexe et paradoxale \u00e0 la construction europ\u00e9enne, \u00ab&#160;aujourd\u2019hui comme en 2005&#160;\u00bb.&nbsp;<span class='whitespace-nowrap'><span id='easy-footnote-1-74097' class='easy-footnote-margin-adjust'><\/span><span class='easy-footnote'><a href='https:\/\/legrandcontinent.eu\/fr\/2020\/05\/29\/15-ans-du-non\/#easy-footnote-bottom-1-74097' title='BERTONCINI Yves, CHOPIN Thierry, &lt;a href=&quot;https:\/\/legrandcontinent.eu\/fr\/2020\/05\/08\/franceurope-declaration-schuman-chopin-bertoncini\/?mc_cid=92d7191029&amp;amp;mc_eid=9d9d57a1aa&quot;&gt;La \u00ab&amp;#160;&amp;nbsp;FrancEurope&amp;nbsp;&amp;#160;\u00bb 70 ans apr\u00e8s la d\u00e9claration Schuman&amp;nbsp;&amp;#160;: projet commun ou projection nationale&amp;nbsp;&amp;#160;? (I),&lt;\/a&gt; Le Grand Continent, 8 mai 2020'><sup>1<\/sup><\/a><\/span><\/span><\/li><\/ul>\n\n\n\n\n\n<figure class=\"wp-block-image wp-block-image-medium\"\n    data-shadow=\"false\"\n    data-use-original-file=\"false\">\n    <a\n        data-pswp-src=\"https:\/\/legrandcontinent.eu\/fr\/wp-content\/uploads\/sites\/2\/2020\/02\/Capture-d\u2019e\u0301cran-2020-02-27-a\u0300-11.28.06.png\"\n        class=\"inline-block gallery-item no-underline \"\n        data-pswp-width=\"1878\"\n        data-pswp-height=\"1174\">\n                                        <picture>\r\n                    <source\r\n                srcset=\"https:\/\/legrandcontinent.eu\/fr\/wp-content\/uploads\/sites\/2\/2020\/02\/Capture-d\u2019e\u0301cran-2020-02-27-a\u0300-11.28.06-330x206.png\"\r\n                media=\"(max-width:  374px)\" \/>\r\n                    <source\r\n                srcset=\"https:\/\/legrandcontinent.eu\/fr\/wp-content\/uploads\/sites\/2\/2020\/02\/Capture-d\u2019e\u0301cran-2020-02-27-a\u0300-11.28.06-690x431.png\"\r\n                media=\"(max-width:  989px)\" \/>\r\n                    <source\r\n                srcset=\"https:\/\/legrandcontinent.eu\/fr\/wp-content\/uploads\/sites\/2\/2020\/02\/Capture-d\u2019e\u0301cran-2020-02-27-a\u0300-11.28.06-990x619.png\"\r\n                media=\"(max-width: 1319px)\" \/>\r\n                    <source\r\n                srcset=\"https:\/\/legrandcontinent.eu\/fr\/wp-content\/uploads\/sites\/2\/2020\/02\/Capture-d\u2019e\u0301cran-2020-02-27-a\u0300-11.28.06-690x431.png\"\r\n                media=\"(max-width: 1599px)\" \/>\r\n                    <source\r\n                srcset=\"https:\/\/legrandcontinent.eu\/fr\/wp-content\/uploads\/sites\/2\/2020\/02\/Capture-d\u2019e\u0301cran-2020-02-27-a\u0300-11.28.06-990x619.png\"\r\n                media=\"(min-width: 1600px)\" \/>\r\n                <img decoding=\"async\" alt=\"Brexit Frexit\" src=\"https:\/\/legrandcontinent.eu\/fr\/wp-content\/uploads\/sites\/2\/2020\/02\/Capture-d\u2019e\u0301cran-2020-02-27-a\u0300-11.28.06-125x78.png\" \/>\r\n        <\/picture>\r\n                            \n            <\/a>\n<\/figure>\n\n\n<ul class=\"wp-block-list\"><li><strong>Comprendre le clivage europ\u00e9en.<\/strong>&nbsp;Dans un long entretien \u00e0 plusieurs voix, Thomas Piketty montre qu\u2019il y a une tendance comparable entre 2005 et Brexit. \u00ab&#160;L\u2019Union europ\u00e9enne a \u00e9t\u00e9 le laboratoire par excellence de la libre circulation des biens et des capitaux, qui \u00e9tait cens\u00e9e mener \u00e0 la prosp\u00e9rit\u00e9 partag\u00e9e, mais qui n\u2019a fait qu\u2019accro\u00eetre les in\u00e9galit\u00e9s. Si l\u2019Union ne change pas radicalement le cours de sa politique, la sortie de ces contradictions impliquera des tensions tr\u00e8s vives, des d\u00e9constructions et des reconstructions.&#160;\u00bb&nbsp;<span class='whitespace-nowrap'><span id='easy-footnote-2-74097' class='easy-footnote-margin-adjust'><\/span><span class='easy-footnote'><a href='https:\/\/legrandcontinent.eu\/fr\/2020\/05\/29\/15-ans-du-non\/#easy-footnote-bottom-2-74097' title='&lt;a href=&quot;https:\/\/legrandcontinent.eu\/fr\/2020\/02\/26\/livre-piketty\/?mc_cid=92d7191029&amp;amp;mc_eid=9d9d57a1aa&quot;&gt;Pour une th\u00e9orie des r\u00e9volutions, Thomas Piketty en conversation avec Durand, Fontaine et Lojkine&lt;\/a&gt;, Le Grand Continent, 26 f\u00e9vrier 2020'><sup>2<\/sup><\/a><\/span><\/span><\/li><li><strong>\u00ab&#160;Depuis trente ans&nbsp;<\/strong>on a tent\u00e9 de \u2018vendre\u2019 l\u2019Union des Europ\u00e9ens comme du dentifrice, de \u2018cibler\u2019, \u2018diversifier\u2019, \u2018d\u00e9multiplier\u2019, \u2018interpr\u00e9ter\u2019, \u2018traduire\u2019 \u2014 en vain, largement. Ce qu\u2019il nous faut, en effet \u00e0 pr\u00e9sent, c\u2019est une reformulation th\u00e9orique compl\u00e8te, \u00e0 la mesure ce cette ambition formidable et sans \u00e9quivalent de cr\u00e9er autrement que par le conflit et la contrainte un espace d\u2019appartenance politique nouveau&#160;\u00bb. Pascal Lamy revient sur l\u2019exigence d\u2019une anthropologie europ\u00e9enne.&nbsp;<span class='whitespace-nowrap'><span id='easy-footnote-3-74097' class='easy-footnote-margin-adjust'><\/span><span class='easy-footnote'><a href='https:\/\/legrandcontinent.eu\/fr\/2020\/05\/29\/15-ans-du-non\/#easy-footnote-bottom-3-74097' title='LAMY Pascal, &lt;a href=&quot;https:\/\/www.commentaire.fr\/boutique\/achat-d-articles\/union-europeenne-vous-avez-dit-souverainete-13134?mc_cid=92d7191029&amp;amp;mc_eid=9d9d57a1aa&quot;&gt;Union europ\u00e9enne&amp;nbsp;&amp;#160;: vous avez dit souverainet\u00e9&amp;nbsp;&amp;#160;?&lt;\/a&gt;, Commentaire, Nr 169 Printemps 2020'><sup>3<\/sup><\/a><\/span><\/span><\/li><\/ul>\n\n\n\n\n\n<figure class=\"wp-block-image wp-block-image-large\"\n    data-shadow=\"false\"\n    data-use-original-file=\"false\">\n    <a\n        data-pswp-src=\"https:\/\/legrandcontinent.eu\/fr\/wp-content\/uploads\/sites\/2\/2019\/12\/Copie-de-GEG_Soutien-UE.png\"\n        class=\"inline-block gallery-item no-underline \"\n        data-pswp-width=\"5030\"\n        data-pswp-height=\"4449\">\n                                        <picture>\r\n                    <source\r\n                srcset=\"https:\/\/legrandcontinent.eu\/fr\/wp-content\/uploads\/sites\/2\/2019\/12\/Copie-de-GEG_Soutien-UE-330x292.png\"\r\n                media=\"(max-width: 374px)\" \/>\r\n                    <source\r\n                srcset=\"https:\/\/legrandcontinent.eu\/fr\/wp-content\/uploads\/sites\/2\/2019\/12\/Copie-de-GEG_Soutien-UE-690x610.png\"\r\n                media=\"(max-width: 989px)\" \/>\r\n                    <source\r\n                srcset=\"https:\/\/legrandcontinent.eu\/fr\/wp-content\/uploads\/sites\/2\/2019\/12\/Copie-de-GEG_Soutien-UE-1340x1185.png\"\r\n                media=\"(min-width: 990px)\" \/>\r\n                <img decoding=\"async\" alt=\"Volont\u00e9 exprim\u00e9e de rester dans l&#039;Union europ\u00e9enne (UE), exprim\u00e9 en %\" src=\"https:\/\/legrandcontinent.eu\/fr\/wp-content\/uploads\/sites\/2\/2019\/12\/Copie-de-GEG_Soutien-UE-125x111.png\" \/>\r\n        <\/picture>\r\n                            \n            <\/a>\n<\/figure>\n\n\n<p><em><strong>Nota bene<\/strong>&nbsp;&#160;:&nbsp;La s\u00e9quence Covid-19 a montr\u00e9 des exp\u00e9riences concr\u00e8tes d\u2019europ\u00e9anisation du politique&#160;: chefs d\u2019\u00c9tat et de gouvernement n\u2019h\u00e9sitent plus \u00e0 interpeller directement l\u2019opinion publique d\u2019autres pays europ\u00e9ens<\/em>.&nbsp;<span class='whitespace-nowrap'><span id='easy-footnote-4-74097' class='easy-footnote-margin-adjust'><\/span><span class='easy-footnote'><a href='https:\/\/legrandcontinent.eu\/fr\/2020\/05\/29\/15-ans-du-non\/#easy-footnote-bottom-4-74097' title='LUMET S\u00e9bastien, &lt;a href=&quot;https:\/\/legrandcontinent.eu\/fr\/2020\/04\/06\/la-crise-du-covid-19-ouvre-une-nouvelle-sequence-politique-europeenne\/?mc_cid=92d7191029&amp;amp;mc_eid=9d9d57a1aa&quot;&gt;La crise du Covid-19 ouvre une nouvelle s\u00e9quence politique europ\u00e9enne&lt;\/a&gt;, Le Grand Continent, 6 avril 2020'><sup>4<\/sup><\/a><\/span><\/span><\/p>\n","protected":false},"excerpt":{"rendered":"<p>Le 29 mai 2005, la France a vu le \u00ab&#160;&#160;non&#160;&#160;\u00bb l\u2019emporter au r\u00e9f\u00e9rendum sur le trait\u00e9 \u00e9tablissant une constitution pour l\u2019Europe. Le d\u00e9but d\u2019une profonde crise de l\u00e9gitimit\u00e9, d\u00e9bouch\u00e9e sur une sorte de d\u00e9pression institutionnelle, un peu refoul\u00e9e. Trois points + un pour comm\u00e9morer ce non-anniversaire.<\/p>\n","protected":false},"author":175,"featured_media":55295,"comment_status":"closed","ping_status":"closed","sticky":false,"template":"templates\/post-briefings.php","format":"standard","meta":{"_acf_changed":false,"_trash_the_other_posts":false,"_yoast_wpseo_estimated-reading-time-minutes":0,"footnotes":""},"categories":[1731],"tags":[],"staff":[1780],"editorial_format":[],"serie":[],"audience":[],"geo":[1917],"class_list":["post-74097","post","type-post","status-publish","format-standard","hentry","category-politique","staff-le-grand-continent","geo-europe"],"acf":{"open_in_webview":false,"accent":false,"_thumbnail_id":55295,"excerpt":"Le 29 mai 2005, la France a vu le \u00ab non \u00bb l\u2019emporter au r\u00e9f\u00e9rendum sur le trait\u00e9 \u00e9tablissant une constitution pour l\u2019Europe. Le d\u00e9but d\u2019une profonde crise de l\u00e9gitimit\u00e9, d\u00e9bouch\u00e9e sur une sorte de d\u00e9pression institutionnelle, un peu refoul\u00e9e. Trois points + un pour comm\u00e9morer ce non-anniversaire.","display_date":"","new_abstract":true},"yoast_head":"<!-- This site is optimized with the Yoast SEO plugin v26.1.1 - https:\/\/yoast.com\/wordpress\/plugins\/seo\/ -->\n<title>15 ans du non | Le Grand Continent<\/title>\n<meta name=\"robots\" content=\"index, follow, max-snippet:-1, max-image-preview:large, max-video-preview:-1\" \/>\n<link rel=\"canonical\" href=\"https:\/\/legrandcontinent.eu\/fr\/2020\/05\/29\/15-ans-du-non\/\" \/>\n<meta property=\"og:locale\" content=\"fr_FR\" \/>\n<meta property=\"og:type\" content=\"article\" \/>\n<meta property=\"og:title\" content=\"15 ans du non | Le Grand Continent\" \/>\n<meta property=\"og:description\" content=\"Le 29 mai 2005, la France a vu le \u00ab&#160;non&#160;\u00bb l\u2019emporter au r\u00e9f\u00e9rendum sur le trait\u00e9 \u00e9tablissant une constitution pour l\u2019Europe. Le d\u00e9but d\u2019une profonde crise de l\u00e9gitimit\u00e9, d\u00e9bouch\u00e9e sur une sorte de d\u00e9pression institutionnelle, un peu refoul\u00e9e. Trois points + un pour comm\u00e9morer ce non-anniversaire.\" \/>\n<meta property=\"og:url\" content=\"https:\/\/legrandcontinent.eu\/fr\/2020\/05\/29\/15-ans-du-non\/\" \/>\n<meta property=\"og:site_name\" content=\"Le Grand Continent\" \/>\n<meta property=\"article:published_time\" content=\"2020-05-29T09:37:19+00:00\" \/>\n<meta property=\"article:modified_time\" content=\"2020-05-29T09:37:20+00:00\" \/>\n<meta property=\"og:image\" content=\"https:\/\/legrandcontinent.eu\/fr\/wp-content\/uploads\/sites\/2\/2020\/05\/Grafica-2020-05-29-alle-11.34.43.jpg\" \/>\n\t<meta property=\"og:image:width\" content=\"2560\" \/>\n\t<meta property=\"og:image:height\" content=\"1474\" \/>\n\t<meta property=\"og:image:type\" content=\"image\/jpeg\" \/>\n<meta name=\"author\" content=\"Giovanni Collot\" \/>\n<meta name=\"twitter:card\" content=\"summary_large_image\" \/>\n<meta name=\"twitter:image\" content=\"https:\/\/legrandcontinent.eu\/fr\/wp-content\/uploads\/sites\/2\/2020\/05\/Grafica-2020-05-29-alle-11.34.43.jpg\" \/>\n<meta name=\"twitter:label1\" content=\"\u00c9crit par\" \/>\n\t<meta name=\"twitter:data1\" content=\"Giovanni Collot\" \/>\n\t<meta name=\"twitter:label2\" content=\"Dur\u00e9e de lecture estim\u00e9e\" \/>\n\t<meta name=\"twitter:data2\" content=\"2 minutes\" \/>\n<script type=\"application\/ld+json\" class=\"yoast-schema-graph\">{\"@context\":\"https:\/\/schema.org\",\"@graph\":[{\"@type\":\"WebPage\",\"@id\":\"https:\/\/legrandcontinent.eu\/fr\/2020\/05\/29\/15-ans-du-non\/\",\"url\":\"https:\/\/legrandcontinent.eu\/fr\/2020\/05\/29\/15-ans-du-non\/\",\"name\":\"15 ans du non | Le Grand Continent\",\"isPartOf\":{\"@id\":\"https:\/\/legrandcontinent.eu\/fr\/#website\"},\"primaryImageOfPage\":{\"@id\":\"https:\/\/legrandcontinent.eu\/fr\/2020\/05\/29\/15-ans-du-non\/#primaryimage\"},\"image\":{\"@id\":\"https:\/\/legrandcontinent.eu\/fr\/2020\/05\/29\/15-ans-du-non\/#primaryimage\"},\"thumbnailUrl\":\"https:\/\/legrandcontinent.eu\/fr\/wp-content\/uploads\/sites\/2\/2019\/12\/Copie-de-GEG_Soutien-UE.png\",\"datePublished\":\"2020-05-29T09:37:19+00:00\",\"dateModified\":\"2020-05-29T09:37:20+00:00\",\"author\":{\"@id\":\"https:\/\/legrandcontinent.eu\/fr\/#\/schema\/person\/953192c3de3c2331be3997745a2f12ef\"},\"breadcrumb\":{\"@id\":\"https:\/\/legrandcontinent.eu\/fr\/2020\/05\/29\/15-ans-du-non\/#breadcrumb\"},\"inLanguage\":\"fr-FR\",\"potentialAction\":[{\"@type\":\"ReadAction\",\"target\":[\"https:\/\/legrandcontinent.eu\/fr\/2020\/05\/29\/15-ans-du-non\/\"]}]},{\"@type\":\"ImageObject\",\"inLanguage\":\"fr-FR\",\"@id\":\"https:\/\/legrandcontinent.eu\/fr\/2020\/05\/29\/15-ans-du-non\/#primaryimage\",\"url\":\"https:\/\/legrandcontinent.eu\/fr\/wp-content\/uploads\/sites\/2\/2019\/12\/Copie-de-GEG_Soutien-UE.png\",\"contentUrl\":\"https:\/\/legrandcontinent.eu\/fr\/wp-content\/uploads\/sites\/2\/2019\/12\/Copie-de-GEG_Soutien-UE.png\",\"width\":5030,\"height\":4449,\"caption\":\"Carte Groupe d'\u00e9tudes g\u00e9opolitiques, Ana\u00efs Moreau, Parlement europ\u00e9en, Taking up the challenge from salent support to actual vote, adh\u00e9sion des citoyens au projet europ\u00e9en\"},{\"@type\":\"BreadcrumbList\",\"@id\":\"https:\/\/legrandcontinent.eu\/fr\/2020\/05\/29\/15-ans-du-non\/#breadcrumb\",\"itemListElement\":[{\"@type\":\"ListItem\",\"position\":1,\"name\":\"Accueil\",\"item\":\"https:\/\/legrandcontinent.eu\/fr\/\"},{\"@type\":\"ListItem\",\"position\":2,\"name\":\"15 ans du non\"}]},{\"@type\":\"WebSite\",\"@id\":\"https:\/\/legrandcontinent.eu\/fr\/#website\",\"url\":\"https:\/\/legrandcontinent.eu\/fr\/\",\"name\":\"Le Grand Continent\",\"description\":\"L&#039;\u00e9chelle pertinente\",\"potentialAction\":[{\"@type\":\"SearchAction\",\"target\":{\"@type\":\"EntryPoint\",\"urlTemplate\":\"https:\/\/legrandcontinent.eu\/fr\/?s={search_term_string}\"},\"query-input\":{\"@type\":\"PropertyValueSpecification\",\"valueRequired\":true,\"valueName\":\"search_term_string\"}}],\"inLanguage\":\"fr-FR\"},{\"@type\":\"Person\",\"@id\":\"https:\/\/legrandcontinent.eu\/fr\/#\/schema\/person\/953192c3de3c2331be3997745a2f12ef\",\"name\":\"Giovanni Collot\",\"image\":{\"@type\":\"ImageObject\",\"inLanguage\":\"fr-FR\",\"@id\":\"https:\/\/legrandcontinent.eu\/fr\/#\/schema\/person\/image\/\",\"url\":\"https:\/\/secure.gravatar.com\/avatar\/d93cac37237065a8de4498df3db60dde?s=96&d=mm&r=g\",\"contentUrl\":\"https:\/\/secure.gravatar.com\/avatar\/d93cac37237065a8de4498df3db60dde?s=96&d=mm&r=g\",\"caption\":\"Giovanni Collot\"}}]}<\/script>\n<!-- \/ Yoast SEO plugin. -->","yoast_head_json":{"title":"15 ans du non | Le Grand Continent","robots":{"index":"index","follow":"follow","max-snippet":"max-snippet:-1","max-image-preview":"max-image-preview:large","max-video-preview":"max-video-preview:-1"},"canonical":"https:\/\/legrandcontinent.eu\/fr\/2020\/05\/29\/15-ans-du-non\/","og_locale":"fr_FR","og_type":"article","og_title":"15 ans du non | Le Grand Continent","og_description":"Le 29 mai 2005, la France a vu le \u00ab&#160;non&#160;\u00bb l\u2019emporter au r\u00e9f\u00e9rendum sur le trait\u00e9 \u00e9tablissant une constitution pour l\u2019Europe. Le d\u00e9but d\u2019une profonde crise de l\u00e9gitimit\u00e9, d\u00e9bouch\u00e9e sur une sorte de d\u00e9pression institutionnelle, un peu refoul\u00e9e. Trois points + un pour comm\u00e9morer ce non-anniversaire.","og_url":"https:\/\/legrandcontinent.eu\/fr\/2020\/05\/29\/15-ans-du-non\/","og_site_name":"Le Grand Continent","article_published_time":"2020-05-29T09:37:19+00:00","article_modified_time":"2020-05-29T09:37:20+00:00","og_image":[{"width":2560,"height":1474,"url":"https:\/\/legrandcontinent.eu\/fr\/wp-content\/uploads\/sites\/2\/2020\/05\/Grafica-2020-05-29-alle-11.34.43.jpg","type":"image\/jpeg"}],"author":"Giovanni Collot","twitter_card":"summary_large_image","twitter_image":"https:\/\/legrandcontinent.eu\/fr\/wp-content\/uploads\/sites\/2\/2020\/05\/Grafica-2020-05-29-alle-11.34.43.jpg","twitter_misc":{"\u00c9crit par":"Giovanni Collot","Dur\u00e9e de lecture estim\u00e9e":"2 minutes"},"schema":{"@context":"https:\/\/schema.org","@graph":[{"@type":"WebPage","@id":"https:\/\/legrandcontinent.eu\/fr\/2020\/05\/29\/15-ans-du-non\/","url":"https:\/\/legrandcontinent.eu\/fr\/2020\/05\/29\/15-ans-du-non\/","name":"15 ans du non | Le Grand Continent","isPartOf":{"@id":"https:\/\/legrandcontinent.eu\/fr\/#website"},"primaryImageOfPage":{"@id":"https:\/\/legrandcontinent.eu\/fr\/2020\/05\/29\/15-ans-du-non\/#primaryimage"},"image":{"@id":"https:\/\/legrandcontinent.eu\/fr\/2020\/05\/29\/15-ans-du-non\/#primaryimage"},"thumbnailUrl":"https:\/\/legrandcontinent.eu\/fr\/wp-content\/uploads\/sites\/2\/2019\/12\/Copie-de-GEG_Soutien-UE.png","datePublished":"2020-05-29T09:37:19+00:00","dateModified":"2020-05-29T09:37:20+00:00","author":{"@id":"https:\/\/legrandcontinent.eu\/fr\/#\/schema\/person\/953192c3de3c2331be3997745a2f12ef"},"breadcrumb":{"@id":"https:\/\/legrandcontinent.eu\/fr\/2020\/05\/29\/15-ans-du-non\/#breadcrumb"},"inLanguage":"fr-FR","potentialAction":[{"@type":"ReadAction","target":["https:\/\/legrandcontinent.eu\/fr\/2020\/05\/29\/15-ans-du-non\/"]}]},{"@type":"ImageObject","inLanguage":"fr-FR","@id":"https:\/\/legrandcontinent.eu\/fr\/2020\/05\/29\/15-ans-du-non\/#primaryimage","url":"https:\/\/legrandcontinent.eu\/fr\/wp-content\/uploads\/sites\/2\/2019\/12\/Copie-de-GEG_Soutien-UE.png","contentUrl":"https:\/\/legrandcontinent.eu\/fr\/wp-content\/uploads\/sites\/2\/2019\/12\/Copie-de-GEG_Soutien-UE.png","width":5030,"height":4449,"caption":"Carte Groupe d'\u00e9tudes g\u00e9opolitiques, Ana\u00efs Moreau, Parlement europ\u00e9en, Taking up the challenge from salent support to actual vote, adh\u00e9sion des citoyens au projet europ\u00e9en"},{"@type":"BreadcrumbList","@id":"https:\/\/legrandcontinent.eu\/fr\/2020\/05\/29\/15-ans-du-non\/#breadcrumb","itemListElement":[{"@type":"ListItem","position":1,"name":"Accueil","item":"https:\/\/legrandcontinent.eu\/fr\/"},{"@type":"ListItem","position":2,"name":"15 ans du non"}]},{"@type":"WebSite","@id":"https:\/\/legrandcontinent.eu\/fr\/#website","url":"https:\/\/legrandcontinent.eu\/fr\/","name":"Le Grand Continent","description":"L&#039;\u00e9chelle pertinente","potentialAction":[{"@type":"SearchAction","target":{"@type":"EntryPoint","urlTemplate":"https:\/\/legrandcontinent.eu\/fr\/?s={search_term_string}"},"query-input":{"@type":"PropertyValueSpecification","valueRequired":true,"valueName":"search_term_string"}}],"inLanguage":"fr-FR"},{"@type":"Person","@id":"https:\/\/legrandcontinent.eu\/fr\/#\/schema\/person\/953192c3de3c2331be3997745a2f12ef","name":"Giovanni Collot","image":{"@type":"ImageObject","inLanguage":"fr-FR","@id":"https:\/\/legrandcontinent.eu\/fr\/#\/schema\/person\/image\/","url":"https:\/\/secure.gravatar.com\/avatar\/d93cac37237065a8de4498df3db60dde?s=96&d=mm&r=g","contentUrl":"https:\/\/secure.gravatar.com\/avatar\/d93cac37237065a8de4498df3db60dde?s=96&d=mm&r=g","caption":"Giovanni Collot"}}]}},"lgc_categories":[{"id":1731,"name":"Politique","slug":"politique"}],"lgc_author":{"id":1780,"name":"Le Grand Continent","slug":"le-grand-continent","description":null,"first_name":null,"last_name":null,"picture":null},"feature_image_summary":{"url":"https:\/\/legrandcontinent.eu\/fr\/wp-content\/uploads\/sites\/2\/2019\/12\/Copie-de-GEG_Soutien-UE.png","width":5030,"height":4449,"alt":"Volont\u00e9 exprim\u00e9e de rester dans l'Union europ\u00e9enne (UE), exprim\u00e9 en %"},"feature_image_cover":null,"term_position_data":null,"_links":{"self":[{"href":"https:\/\/legrandcontinent.eu\/fr\/wp-json\/wp\/v2\/posts\/74097","targetHints":{"allow":["GET"]}}],"collection":[{"href":"https:\/\/legrandcontinent.eu\/fr\/wp-json\/wp\/v2\/posts"}],"about":[{"href":"https:\/\/legrandcontinent.eu\/fr\/wp-json\/wp\/v2\/types\/post"}],"author":[{"embeddable":true,"href":"https:\/\/legrandcontinent.eu\/fr\/wp-json\/wp\/v2\/users\/175"}],"replies":[{"embeddable":true,"href":"https:\/\/legrandcontinent.eu\/fr\/wp-json\/wp\/v2\/comments?post=74097"}],"version-history":[{"count":0,"href":"https:\/\/legrandcontinent.eu\/fr\/wp-json\/wp\/v2\/posts\/74097\/revisions"}],"wp:featuredmedia":[{"embeddable":true,"href":"https:\/\/legrandcontinent.eu\/fr\/wp-json\/wp\/v2\/media\/55295"}],"wp:attachment":[{"href":"https:\/\/legrandcontinent.eu\/fr\/wp-json\/wp\/v2\/media?parent=74097"}],"wp:term":[{"taxonomy":"category","embeddable":true,"href":"https:\/\/legrandcontinent.eu\/fr\/wp-json\/wp\/v2\/categories?post=74097"},{"taxonomy":"post_tag","embeddable":true,"href":"https:\/\/legrandcontinent.eu\/fr\/wp-json\/wp\/v2\/tags?post=74097"},{"taxonomy":"staff","embeddable":true,"href":"https:\/\/legrandcontinent.eu\/fr\/wp-json\/wp\/v2\/staff?post=74097"},{"taxonomy":"editorial_format","embeddable":true,"href":"https:\/\/legrandcontinent.eu\/fr\/wp-json\/wp\/v2\/editorial_format?post=74097"},{"taxonomy":"serie","embeddable":true,"href":"https:\/\/legrandcontinent.eu\/fr\/wp-json\/wp\/v2\/serie?post=74097"},{"taxonomy":"audience","embeddable":true,"href":"https:\/\/legrandcontinent.eu\/fr\/wp-json\/wp\/v2\/audience?post=74097"},{"taxonomy":"geo","embeddable":true,"href":"https:\/\/legrandcontinent.eu\/fr\/wp-json\/wp\/v2\/geo?post=74097"}],"curies":[{"name":"wp","href":"https:\/\/api.w.org\/{rel}","templated":true}]}}