{"id":72758,"date":"2020-05-15T14:23:49","date_gmt":"2020-05-15T12:23:49","guid":{"rendered":"https:\/\/legrandcontinent.eu\/fr\/?p=72758"},"modified":"2020-05-23T12:08:17","modified_gmt":"2020-05-23T10:08:17","slug":"terrorisme-et-covid-19","status":"publish","type":"post","link":"https:\/\/legrandcontinent.eu\/fr\/2020\/05\/15\/terrorisme-et-covid-19\/","title":{"rendered":"Terrorisme et COVID-19"},"content":{"rendered":"\n<p>Alors que l\u2019attention des gouvernements est tout enti\u00e8re attach\u00e9e \u00e0 la gestion de la crise sanitaire, \u00e9conomique et sociale, ceux-ci auraient tort de se d\u00e9tourner de la lutte contre le terrorisme. <em>Le Grand Continent<\/em> vous donne les pistes pour comprendre les grandes tendances qui affectent le terrorisme mondial en mai 2020&#160;:<\/p>\n\n\n\n<h4 class=\"wp-block-heading\"><strong>1 &#8211; Les r\u00e9actions des groupes terroristes \u00e0 la pand\u00e9mie et leurs interpr\u00e9tations<\/strong><\/h4>\n\n\n\n<ul class=\"wp-block-list\"><li>Le <strong>terrorisme d\u2019ultra-droite<\/strong> a largement mis en avant des interpr\u00e9tations complotistes de la crise qui abondent dans son sens. Selon le lieutenant Rodde, surtout aux \u00c9tats-Unis, \u00ab&#160;les explications antis\u00e9mites accusant Isra\u00ebl [&#8230;]&nbsp; sont fr\u00e9quentes. Certains militants expliquent \u00e9galement la crise sanitaire par une conspiration foment\u00e9e par les \u00e9lites du Nouvel Ordre Mondial contre le peuple&#160;\u00bb.&nbsp;<span class='whitespace-nowrap'><span id='easy-footnote-1-72758' class='easy-footnote-margin-adjust'><\/span><span class='easy-footnote'><a href='https:\/\/legrandcontinent.eu\/fr\/2020\/05\/15\/terrorisme-et-covid-19\/#easy-footnote-bottom-1-72758' title='Lieutenant (RO) Alexandre Rodde, \u201c&lt;a href=&quot;https:\/\/www.gendarmerie.interieur.gouv.fr\/crgn\/Publications\/Notes-du-CREOGN\/Covid-19-et-terrorisme-analyse-de-la-menace-dans-un-contexte-de-pandemie&quot;&gt;Covid-19 et terrorisme&amp;#160;: analyse de la menace dans un contexte de pand\u00e9mie&lt;\/a&gt;\u201d, &lt;em&gt;Note du CREOGN&lt;\/em&gt;, avril 2020.'><sup>1<\/sup><\/a><\/span><\/span> Ces interpr\u00e9tations se sont accompagn\u00e9es d\u2019un fort racisme anti-chinois. Le terrorisme d\u2019extr\u00eame-droite poursuit son d\u00e9ploiement en Europe et aux \u00c9tats-Unis, comme l\u2019avait d\u00e9j\u00e0 montr\u00e9 l\u2019attentat de Hanau en f\u00e9vrier 2020.&nbsp;<span class='whitespace-nowrap'><span id='easy-footnote-2-72758' class='easy-footnote-margin-adjust'><\/span><span class='easy-footnote'><a href='https:\/\/legrandcontinent.eu\/fr\/2020\/05\/15\/terrorisme-et-covid-19\/#easy-footnote-bottom-2-72758' title='&lt;em&gt;Le Grand Continent&lt;\/em&gt;, \u201c&lt;a href=&quot;https:\/\/legrandcontinent.eu\/fr\/2020\/02\/20\/hanau-et-le-terrorisme-dextreme-droite\/&quot;&gt;Comprendre le terrorisme d\u2019extr\u00eame droite. 10 points sur l\u2019attentat de Hanau&lt;\/a&gt;\u201d, 20 f\u00e9vrier 2020.'><sup>2<\/sup><\/a><\/span><\/span><\/li><\/ul>\n\n\n\n\n\n<figure class=\"wp-block-image wp-block-image-large\"\n    data-shadow=\"false\"\n    data-use-original-file=\"false\">\n    <a\n        data-pswp-src=\"https:\/\/legrandcontinent.eu\/fr\/wp-content\/uploads\/sites\/2\/2019\/10\/GEG_Attentats-extremedroite_europe.png\"\n        class=\"inline-block gallery-item no-underline \"\n        data-pswp-width=\"3389\"\n        data-pswp-height=\"2480\">\n                                        <picture>\r\n                    <source\r\n                srcset=\"https:\/\/legrandcontinent.eu\/fr\/wp-content\/uploads\/sites\/2\/2019\/10\/GEG_Attentats-extremedroite_europe-330x241.png\"\r\n                media=\"(max-width: 374px)\" \/>\r\n                    <source\r\n                srcset=\"https:\/\/legrandcontinent.eu\/fr\/wp-content\/uploads\/sites\/2\/2019\/10\/GEG_Attentats-extremedroite_europe-690x505.png\"\r\n                media=\"(max-width: 989px)\" \/>\r\n                    <source\r\n                srcset=\"https:\/\/legrandcontinent.eu\/fr\/wp-content\/uploads\/sites\/2\/2019\/10\/GEG_Attentats-extremedroite_europe-1340x981.png\"\r\n                media=\"(min-width: 990px)\" \/>\r\n                <img decoding=\"async\" src=\"https:\/\/legrandcontinent.eu\/fr\/wp-content\/uploads\/sites\/2\/2019\/10\/GEG_Attentats-extremedroite_europe-125x91.png\" \/>\r\n        <\/picture>\r\n                            \n            <\/a>\n<\/figure>\n\n\n<ul class=\"wp-block-list\"><li>Les <strong>groupes djihadistes<\/strong> ont progressivement chang\u00e9 de vision de la crise. Pensant d\u2019abord que l\u2019arriv\u00e9e du covid en Chine puis dans l\u2019Iran chiite \u00e9tait une punition divine contre la r\u00e9pression chinoise des Ou\u00efghours, la progression de la pand\u00e9mie a commenc\u00e9 \u00e0 inqui\u00e9ter Daech qui a appel\u00e9 \u00e0 respecter les gestes barri\u00e8res et \u00e9viter d\u2019aller en Europe dans son journal <em>Al-Naba<\/em>&nbsp;<span class='whitespace-nowrap'><span id='easy-footnote-3-72758' class='easy-footnote-margin-adjust'><\/span><span class='easy-footnote'><a href='https:\/\/legrandcontinent.eu\/fr\/2020\/05\/15\/terrorisme-et-covid-19\/#easy-footnote-bottom-3-72758' title='Aitor Hern\u00e1ndez-Morales, \u201c&lt;a href=&quot;https:\/\/www.politico.eu\/article\/coronavirus-isis-terrorists-europe\/&quot;&gt;ISIS tells terrorists to steer clear of coronavirus-stricken Europe&lt;\/a&gt;\u201d, &lt;em&gt;Politico.eu&lt;\/em&gt;, 15 mars 2020.'><sup>3<\/sup><\/a><\/span><\/span>. Le th\u00e8me de la vengeance divine est omnipr\u00e9sent sur les r\u00e9seaux, de m\u00eame que la figure du lib\u00e9rateur \u00ab&#160;Mahdi&#160;\u00bb qui accompagne le mythe de la fin du monde.&nbsp;<span class='whitespace-nowrap'><span id='easy-footnote-4-72758' class='easy-footnote-margin-adjust'><\/span><span class='easy-footnote'><a href='https:\/\/legrandcontinent.eu\/fr\/2020\/05\/15\/terrorisme-et-covid-19\/#easy-footnote-bottom-4-72758' title='Nikita Malik, \u201c&lt;a href=&quot;https:\/\/foreignpolicy.com\/2020\/03\/26\/self-isolation-might-stop-coronavirus-but-spread-extremism\/&quot;&gt;Self-Isolation Might Stop Coronavirus, but It Will Speed the Spread of Extremism&lt;\/a&gt;\u201d, &lt;em&gt;Foreign Policy&lt;\/em&gt;, 26 mars 2020.'><sup>4<\/sup><\/a><\/span><\/span><\/li><\/ul>\n\n\n\n<ul class=\"wp-block-list\"><li><strong>L\u2019ultra-gauche<\/strong> a \u00e9galement vu dans cette crise l\u2019affirmation d\u2019un \u00c9tat policier omnipr\u00e9sent, ce qui a \u00e9t\u00e9 redoubl\u00e9 par le d\u00e9veloppement d\u2019applications de suivi des personnes contamin\u00e9es par le COVID-19. L\u2019incendie de l\u2019institut de t\u00e9l\u00e9communications Heinrich Hertz de Berlin s\u2019est inscrit dans cette veine.&nbsp;<span class='whitespace-nowrap'><span id='easy-footnote-5-72758' class='easy-footnote-margin-adjust'><\/span><span class='easy-footnote'><a href='https:\/\/legrandcontinent.eu\/fr\/2020\/05\/15\/terrorisme-et-covid-19\/#easy-footnote-bottom-5-72758' title='Elyamine Settoul, &lt;a href=&quot;https:\/\/theconversation.com\/les-radicalisations-au-temps-du-covid-19-136978&quot;&gt;\u201cLes radicalisations au temps du Covid-19&lt;\/a&gt;\u201d, &lt;em&gt;The Conversation&lt;\/em&gt;, 28 avril 2020.'><sup>5<\/sup><\/a><\/span><\/span><\/li><\/ul>\n\n\n\n<h4 class=\"wp-block-heading\"><strong>2 &#8211; La reconfiguration des groupes terroristes pendant la crise<\/strong><\/h4>\n\n\n\n<ul class=\"wp-block-list\"><li>La crise sanitaire a <strong>d\u00e9stabilis\u00e9 les forces de l\u2019ordre<\/strong>, parfois occup\u00e9es \u00e0 faire respecter le confinement en priorit\u00e9, et les organisations charg\u00e9es de la lutte contre le terrorisme, ce dont ont pu profiter certains groupes. Ainsi, les forces internationales ont d\u00e9sert\u00e9 l\u2019Irak d\u00e8s mars&nbsp;<span class='whitespace-nowrap'><span id='easy-footnote-6-72758' class='easy-footnote-margin-adjust'><\/span><span class='easy-footnote'><a href='https:\/\/legrandcontinent.eu\/fr\/2020\/05\/15\/terrorisme-et-covid-19\/#easy-footnote-bottom-6-72758' title='Courrier international,&lt;a href=&quot;https:\/\/www.courrierinternational.com\/article\/defense-le-coronavirus-vide-lirak-de-ses-troupes-internationales&quot;&gt; \u201cLe coronavirus vide l\u2019Irak de ses troupes internationales\u201d&lt;\/a&gt;, 26 mars 2020.'><sup>6<\/sup><\/a><\/span><\/span> et des modifications sont envisag\u00e9es dans les troupes mobilis\u00e9es au Sahel&nbsp;<span class='whitespace-nowrap'><span id='easy-footnote-7-72758' class='easy-footnote-margin-adjust'><\/span><span class='easy-footnote'><a href='https:\/\/legrandcontinent.eu\/fr\/2020\/05\/15\/terrorisme-et-covid-19\/#easy-footnote-bottom-7-72758' title='Julie Coleman J.D., LL.M, &lt;a href=&quot;https:\/\/icct.nl\/publication\/limpact-du-coronavirus-sur-le-terrorisme-au-sahel\/&quot;&gt;\u201cL\u2019impact du coronavirus sur le terrorisme au Sahel&lt;\/a&gt;\u201d, &lt;em&gt;International Centre for Counter-Terrorism&lt;\/em&gt;, 16 avril 2020.'><sup>7<\/sup><\/a><\/span><\/span>&nbsp;<span class='whitespace-nowrap'><span id='easy-footnote-8-72758' class='easy-footnote-margin-adjust'><\/span><span class='easy-footnote'><a href='https:\/\/legrandcontinent.eu\/fr\/2020\/05\/15\/terrorisme-et-covid-19\/#easy-footnote-bottom-8-72758' title='Gesine Weber, \u201c&lt;a href=&quot;https:\/\/legrandcontinent.eu\/fr\/2020\/03\/31\/task-force-takuba-vers-un-engagement-europeen-robuste-dans-la-region-du-sahel\/&quot;&gt;Task Force Takuba&amp;#160;: vers un engagement europ\u00e9en robuste dans la r\u00e9gion du Sahel\u201d&lt;\/a&gt;, &lt;em&gt;Le Grand Continent&lt;\/em&gt;, 31 mars 2020.'><sup>8<\/sup><\/a><\/span><\/span>. Dans ce contexte, plusieurs attaques terroristes n\u2019ont pu \u00eatre d\u00e9jou\u00e9es et le terrorisme n\u2019a pas disparu depuis mars 2020&#160;: par exemple la tentative d\u2019attentat contre un h\u00f4pital du Missouri par un supr\u00e9maciste blanc le 24 mars 2020, l\u2019attentat islamiste du 4 avril 2020 \u00e0 Romans-sur-Is\u00e8re en France, la pr\u00e9paration d\u2019attentats au nom de l\u2019\u00c9tat islamique par des Tadjiks en Allemagne interpell\u00e9s le 15 avril, une multitude d\u2019attentats au Moyen-Orient (de l\u2019\u00c9tat islamique \u00e0 Kaboul, \u00e0 Taji) ou au Sahel (de Boko Haram au Tchad et au Nig\u00e9ria), au Niger ou encore au Mozambique par un groupe islamiste.&nbsp;<span class='whitespace-nowrap'><span id='easy-footnote-9-72758' class='easy-footnote-margin-adjust'><\/span><span class='easy-footnote'><a href='https:\/\/legrandcontinent.eu\/fr\/2020\/05\/15\/terrorisme-et-covid-19\/#easy-footnote-bottom-9-72758' title='Pippa Allen-Kinross, \u201c&lt;a href=&quot;https:\/\/fullfact.org\/online\/coronavirus-western-countries-terrorism\/&quot;&gt;It is not true that worldwide terrorism has stopped while western countries fight Covid-19&lt;\/a&gt;\u201d, &lt;em&gt;Fullfact.org&lt;\/em&gt;, 23 avril 2020.'><sup>9<\/sup><\/a><\/span><\/span><\/li><\/ul>\n\n\n\n\n\n<figure class=\"wp-block-image wp-block-image-large\"\n    data-shadow=\"false\"\n    data-use-original-file=\"false\">\n    <a\n        data-pswp-src=\"https:\/\/legrandcontinent.eu\/fr\/wp-content\/uploads\/sites\/2\/2020\/01\/unnamed-6.png\"\n        class=\"inline-block gallery-item no-underline \"\n        data-pswp-width=\"990\"\n        data-pswp-height=\"700\">\n                                        <picture>\r\n                    <source\r\n                srcset=\"https:\/\/legrandcontinent.eu\/fr\/wp-content\/uploads\/sites\/2\/2020\/01\/unnamed-6-330x233.png\"\r\n                media=\"(max-width: 374px)\" \/>\r\n                    <source\r\n                srcset=\"https:\/\/legrandcontinent.eu\/fr\/wp-content\/uploads\/sites\/2\/2020\/01\/unnamed-6-690x488.png\"\r\n                media=\"(max-width: 989px)\" \/>\r\n                    <source\r\n                srcset=\"https:\/\/legrandcontinent.eu\/fr\/wp-content\/uploads\/sites\/2\/2020\/01\/unnamed-6.png\"\r\n                media=\"(min-width: 990px)\" \/>\r\n                <img decoding=\"async\" alt=\"Crises r\u00e9gionales au Sahel, Niger\" src=\"https:\/\/legrandcontinent.eu\/fr\/wp-content\/uploads\/sites\/2\/2020\/01\/unnamed-6-125x88.png\" \/>\r\n        <\/picture>\r\n                            \n            <\/a>\n<\/figure>\n\n\n<ul class=\"wp-block-list\"><li>Si ces attentats restent moins nombreux qu\u2019en p\u00e9riode \u00ab&#160;normale&#160;\u00bb (si cette expression a un sens), les groupes terroristes de toute nature profitent de la crise pour <strong>tirer des enseignements et identifier des pistes d\u2019action<\/strong>. \u00ab&#160;Pour les terroristes, la crise actuelle constitue \u00e9galement un cas d&rsquo;\u00e9tude id\u00e9al pour conna\u00eetre les menaces et les effets des m\u00e9thodes de guerre atypiques et pourrait ainsi les inciter \u00e0 adopter des attaques innovantes, telles que les perturbations de l&rsquo;approvisionnement en nourriture ou en m\u00e9dicaments et autres fournitures sanitaires&#160;\u00bb \u00e9crit Annelies Pauwels.&nbsp;<span class='whitespace-nowrap'><span id='easy-footnote-10-72758' class='easy-footnote-margin-adjust'><\/span><span class='easy-footnote'><a href='https:\/\/legrandcontinent.eu\/fr\/2020\/05\/15\/terrorisme-et-covid-19\/#easy-footnote-bottom-10-72758' title='Annelies Pauwels, \u201c&lt;a href=&quot;https:\/\/euobserver.com\/opinion\/148173&quot;&gt;How Europe&amp;rsquo;s terrorists take advantage of the pandemic&lt;\/a&gt;\u201d, &lt;em&gt;EU Observer&lt;\/em&gt;, 29 avril 2020.'><sup>10<\/sup><\/a><\/span><\/span><\/li><\/ul>\n\n\n\n<ul class=\"wp-block-list\"><li>Pendant la crise, <strong>les terroristes recrutent<\/strong>. Alors que la d\u00e9sinformation pullule sur les r\u00e9seaux sociaux, des milliards de personnes confin\u00e9es chez elles constituent un terreau propice \u00e0 l\u2019identification de nouvelles recrues. Par exemple, au Sahel notamment, Al-Qa\u00efda a pouss\u00e9 des individus \u00e0 utiliser ce temps solitaire pour se convertir \u00e0 l\u2019islam&nbsp;<span class='whitespace-nowrap'><span id='easy-footnote-11-72758' class='easy-footnote-margin-adjust'><\/span><span class='easy-footnote'><a href='https:\/\/legrandcontinent.eu\/fr\/2020\/05\/15\/terrorisme-et-covid-19\/#easy-footnote-bottom-11-72758' title='Julie Coleman J.D., LL.M, &lt;a href=&quot;https:\/\/icct.nl\/publication\/limpact-du-coronavirus-sur-le-terrorisme-au-sahel\/&quot;&gt;\u201cL\u2019impact du coronavirus sur le terrorisme au Sahel&lt;\/a&gt;\u201d, &lt;em&gt;International Centre for Counter-Terrorism&lt;\/em&gt;, 16 avril 2020.'><sup>11<\/sup><\/a><\/span><\/span>. De plus, des messages&nbsp; circulent sur les r\u00e9seaux de l\u2019ultra-droite am\u00e9ricaine qui incitent \u00e0 remplir des bouteilles de liquides corporels (<em>spray bottles<\/em>) s\u2019ils sont infect\u00e9s par le coronavirus pour les r\u00e9pandre dans des lieux fr\u00e9quent\u00e9s par les \u00e9lites, les juifs ou les musulmans.&nbsp;<span class='whitespace-nowrap'><span id='easy-footnote-12-72758' class='easy-footnote-margin-adjust'><\/span><span class='easy-footnote'><a href='https:\/\/legrandcontinent.eu\/fr\/2020\/05\/15\/terrorisme-et-covid-19\/#easy-footnote-bottom-12-72758' title='Nikita Malik, \u201c&lt;a href=&quot;https:\/\/foreignpolicy.com\/2020\/03\/26\/self-isolation-might-stop-coronavirus-but-spread-extremism\/&quot;&gt;Self-Isolation Might Stop Coronavirus, but It Will Speed the Spread of Extremism&lt;\/a&gt;\u201d, &lt;em&gt;Foreign Policy&lt;\/em&gt;, 26 mars 2020.'><sup>12<\/sup><\/a><\/span><\/span><\/li><\/ul>\n\n\n\n<h4 class=\"wp-block-heading\"><strong>3 &#8211; Quel terrorisme apr\u00e8s la crise&#160;?<\/strong><\/h4>\n\n\n\n<ul class=\"wp-block-list\"><li>Le terrorisme pourrait changer de cibles et <strong>se tourner pr\u00e9cis\u00e9ment vers les docteurs, les soignants et les \u00e9tablissements m\u00e9dicaux<\/strong>. C\u2019est ce que d\u00e9clarait Gilles de Kerchove, coordinateur de l\u2019UE pour la lutte contre le terrorisme dans une note interne du 7 mai et analys\u00e9e par <em>Associated Press<\/em>. Viser ces cibles permettrait ainsi de g\u00e9n\u00e9rer un \u00ab&#160;choc massif dans la soci\u00e9t\u00e9&#160;\u00bb&nbsp;<span class='whitespace-nowrap'><span id='easy-footnote-13-72758' class='easy-footnote-margin-adjust'><\/span><span class='easy-footnote'><a href='https:\/\/legrandcontinent.eu\/fr\/2020\/05\/15\/terrorisme-et-covid-19\/#easy-footnote-bottom-13-72758' title='David Rising, \u201c&lt;a href=&quot;https:\/\/apnews.com\/b7775b649b945bb548f097d65cd3d2d6&quot;&gt;EU official warns of extremists exploiting virus outbreak&lt;\/a&gt;\u201d, &lt;em&gt;Associated Press&lt;\/em&gt;, 13 mai 2020.'><sup>13<\/sup><\/a><\/span><\/span>. La tentative d\u2019attentat par voiture pi\u00e9g\u00e9e d\u2019un supr\u00e9maciste blanc le 24 mars, visait par exemple initialement \u00ab&#160;une synagogue, une mosqu\u00e9e ou un lyc\u00e9e afro-am\u00e9ricain&#160;\u00bb&nbsp;<span class='whitespace-nowrap'><span id='easy-footnote-14-72758' class='easy-footnote-margin-adjust'><\/span><span class='easy-footnote'><a href='https:\/\/legrandcontinent.eu\/fr\/2020\/05\/15\/terrorisme-et-covid-19\/#easy-footnote-bottom-14-72758' title='Lieutenant (RO) Alexandre Rodde, \u201c&lt;a href=&quot;https:\/\/www.gendarmerie.interieur.gouv.fr\/crgn\/Publications\/Notes-du-CREOGN\/Covid-19-et-terrorisme-analyse-de-la-menace-dans-un-contexte-de-pandemie&quot;&gt;Covid-19 et terrorisme&amp;#160;: analyse de la menace dans un contexte de pand\u00e9mie&lt;\/a&gt;\u201d, &lt;em&gt;Note du CREOGN&lt;\/em&gt;, avril 2020.'><sup>14<\/sup><\/a><\/span><\/span>, avant de s\u2019orienter vers un h\u00f4pital du Missouri.<\/li><\/ul>\n\n\n\n<ul class=\"wp-block-list\"><li><strong>Le bioterrorisme<\/strong>, encore assez rare, pourrait se d\u00e9velopper. Le SARS-CoV-2 est sans ambigu\u00eft\u00e9s d\u2019origine naturelle, mais la simple possibilit\u00e9 d\u2019\u00e9laborer en laboratoire un agent biologique dont la propagation atteindrait une telle ampleur pourrait int\u00e9resser certains groupes terroristes. Le secr\u00e9tariat du Comit\u00e9 contre le terrorisme du Conseil de l\u2019Europe a ainsi soulev\u00e9 cette hypoth\u00e8se d\u00e9but avril.&nbsp;<span class='whitespace-nowrap'><span id='easy-footnote-15-72758' class='easy-footnote-margin-adjust'><\/span><span class='easy-footnote'><a href='https:\/\/legrandcontinent.eu\/fr\/2020\/05\/15\/terrorisme-et-covid-19\/#easy-footnote-bottom-15-72758' title='Conseil de l\u2019Europe, Salle de presse 2020, \u201c&lt;a href=&quot;https:\/\/www.coe.int\/fr\/web\/human-rights-rule-of-law\/-\/bioterrorism-a-continuous-threat&quot;&gt;Pand\u00e9mie de Covid-19&amp;#160;: le secr\u00e9tariat du Comit\u00e9 contre le terrorisme met en garde contre le risque de bioterrorisme&lt;\/a&gt;\u201d, 6 avril 2020'><sup>15<\/sup><\/a><\/span><\/span><\/li><\/ul>\n\n\n\n<ul class=\"wp-block-list\"><li><strong>Comment l\u2019Europe r\u00e9agira-t-elle&#160;?<\/strong> Inquiet de la r\u00e9surgence possible du terrorisme qui pourrait tirer profit de la d\u00e9sorganisation des soci\u00e9t\u00e9s et \u00c9tats europ\u00e9ens, Gilles de Kerchove a annonc\u00e9 sa volont\u00e9 d\u2019outrepasser le cryptage des messages sur les r\u00e9seaux sociaux pour les forces de l\u2019ordre, dans une lettre adress\u00e9e \u00e0 divers groupes de travail du Conseil des ministres de l&rsquo;UE, mise \u00e0 disposition du <em>Spiegel<\/em>. Une proposition qui pose question au sujet du respect de la vie priv\u00e9e des utilisateurs.&nbsp;<span class='whitespace-nowrap'><span id='easy-footnote-16-72758' class='easy-footnote-margin-adjust'><\/span><span class='easy-footnote'><a href='https:\/\/legrandcontinent.eu\/fr\/2020\/05\/15\/terrorisme-et-covid-19\/#easy-footnote-bottom-16-72758' title='Patrick Beuth, \u201c&lt;a href=&quot;https:\/\/www.spiegel.de\/netzwelt\/netzpolitik\/anti-terror-koordinator-gilles-de-kerchove-wunschliste-gegen-verschluesselung-a-906dc0ba-b4de-46d1-9a04-ef7de408890d&quot;&gt;Der Anti-Verschl\u00fcsselungs-Koordinator&lt;\/a&gt;\u201d, &lt;em&gt;Der Spiegel&lt;\/em&gt;, 13 mai 2020.'><sup>16<\/sup><\/a><\/span><\/span><\/li><\/ul>\n","protected":false},"excerpt":{"rendered":"<p>Alors que l\u2019attention des gouvernements est tout enti\u00e8re attach\u00e9e \u00e0 la gestion de la crise sanitaire, \u00e9conomique et sociale, ceux-ci auraient tort de se d\u00e9tourner de la lutte contre le terrorisme. Le Grand Continent vous donne les pistes pour comprendre les grandes tendances qui affectent le terrorisme mondial en mai 2020.<\/p>\n","protected":false},"author":175,"featured_media":49892,"comment_status":"closed","ping_status":"closed","sticky":false,"template":"templates\/post-briefings.php","format":"standard","meta":{"_acf_changed":false,"_trash_the_other_posts":false,"_yoast_wpseo_estimated-reading-time-minutes":0,"footnotes":""},"categories":[2210],"tags":[2281],"staff":[1560],"editorial_format":[],"serie":[],"audience":[],"geo":[1917],"class_list":["post-72758","post","type-post","status-publish","format-standard","hentry","category-sante-publique","tag-coronavirus","staff-olivier-lenoir","geo-europe"],"acf":{"open_in_webview":false,"accent":false},"yoast_head":"<!-- This site is optimized with the Yoast SEO plugin v26.1.1 - https:\/\/yoast.com\/wordpress\/plugins\/seo\/ -->\n<title>Terrorisme et COVID-19 | Le Grand Continent<\/title>\n<meta name=\"robots\" content=\"index, follow, max-snippet:-1, max-image-preview:large, max-video-preview:-1\" \/>\n<link rel=\"canonical\" href=\"https:\/\/legrandcontinent.eu\/fr\/2020\/05\/15\/terrorisme-et-covid-19\/\" \/>\n<meta property=\"og:locale\" content=\"fr_FR\" \/>\n<meta property=\"og:type\" content=\"article\" \/>\n<meta property=\"og:title\" content=\"Terrorisme et COVID-19 | Le Grand Continent\" \/>\n<meta property=\"og:description\" content=\"Alors que l\u2019attention des gouvernements est tout enti\u00e8re attach\u00e9e \u00e0 la gestion de la crise sanitaire, \u00e9conomique et sociale, ceux-ci auraient tort de se d\u00e9tourner de la lutte contre le terrorisme. Le Grand Continent vous donne les pistes pour comprendre les grandes tendances qui affectent le terrorisme mondial en mai 2020.\" \/>\n<meta property=\"og:url\" content=\"https:\/\/legrandcontinent.eu\/fr\/2020\/05\/15\/terrorisme-et-covid-19\/\" \/>\n<meta property=\"og:site_name\" content=\"Le Grand Continent\" \/>\n<meta property=\"article:published_time\" content=\"2020-05-15T12:23:49+00:00\" \/>\n<meta property=\"article:modified_time\" content=\"2020-05-23T10:08:17+00:00\" \/>\n<meta property=\"og:image\" content=\"https:\/\/legrandcontinent.eu\/fr\/wp-content\/uploads\/sites\/2\/2020\/05\/Capture-6.jpg\" \/>\n\t<meta property=\"og:image:width\" content=\"955\" \/>\n\t<meta property=\"og:image:height\" content=\"594\" \/>\n\t<meta property=\"og:image:type\" content=\"image\/jpeg\" \/>\n<meta name=\"author\" content=\"Giovanni Collot\" \/>\n<meta name=\"twitter:card\" content=\"summary_large_image\" \/>\n<meta name=\"twitter:image\" content=\"https:\/\/legrandcontinent.eu\/fr\/wp-content\/uploads\/sites\/2\/2020\/05\/Capture-6.jpg\" \/>\n<meta name=\"twitter:label1\" content=\"\u00c9crit par\" \/>\n\t<meta name=\"twitter:data1\" content=\"Giovanni Collot\" \/>\n\t<meta name=\"twitter:label2\" content=\"Dur\u00e9e de lecture estim\u00e9e\" \/>\n\t<meta name=\"twitter:data2\" content=\"6 minutes\" \/>\n<script type=\"application\/ld+json\" class=\"yoast-schema-graph\">{\"@context\":\"https:\/\/schema.org\",\"@graph\":[{\"@type\":\"WebPage\",\"@id\":\"https:\/\/legrandcontinent.eu\/fr\/2020\/05\/15\/terrorisme-et-covid-19\/\",\"url\":\"https:\/\/legrandcontinent.eu\/fr\/2020\/05\/15\/terrorisme-et-covid-19\/\",\"name\":\"Terrorisme et COVID-19 | Le Grand Continent\",\"isPartOf\":{\"@id\":\"https:\/\/legrandcontinent.eu\/fr\/#website\"},\"primaryImageOfPage\":{\"@id\":\"https:\/\/legrandcontinent.eu\/fr\/2020\/05\/15\/terrorisme-et-covid-19\/#primaryimage\"},\"image\":{\"@id\":\"https:\/\/legrandcontinent.eu\/fr\/2020\/05\/15\/terrorisme-et-covid-19\/#primaryimage\"},\"thumbnailUrl\":\"https:\/\/legrandcontinent.eu\/fr\/wp-content\/uploads\/sites\/2\/2019\/10\/GEG_Attentats-extremedroite_europe.png\",\"datePublished\":\"2020-05-15T12:23:49+00:00\",\"dateModified\":\"2020-05-23T10:08:17+00:00\",\"author\":{\"@id\":\"https:\/\/legrandcontinent.eu\/fr\/#\/schema\/person\/953192c3de3c2331be3997745a2f12ef\"},\"breadcrumb\":{\"@id\":\"https:\/\/legrandcontinent.eu\/fr\/2020\/05\/15\/terrorisme-et-covid-19\/#breadcrumb\"},\"inLanguage\":\"fr-FR\",\"potentialAction\":[{\"@type\":\"ReadAction\",\"target\":[\"https:\/\/legrandcontinent.eu\/fr\/2020\/05\/15\/terrorisme-et-covid-19\/\"]}]},{\"@type\":\"ImageObject\",\"inLanguage\":\"fr-FR\",\"@id\":\"https:\/\/legrandcontinent.eu\/fr\/2020\/05\/15\/terrorisme-et-covid-19\/#primaryimage\",\"url\":\"https:\/\/legrandcontinent.eu\/fr\/wp-content\/uploads\/sites\/2\/2019\/10\/GEG_Attentats-extremedroite_europe.png\",\"contentUrl\":\"https:\/\/legrandcontinent.eu\/fr\/wp-content\/uploads\/sites\/2\/2019\/10\/GEG_Attentats-extremedroite_europe.png\",\"width\":3389,\"height\":2480},{\"@type\":\"BreadcrumbList\",\"@id\":\"https:\/\/legrandcontinent.eu\/fr\/2020\/05\/15\/terrorisme-et-covid-19\/#breadcrumb\",\"itemListElement\":[{\"@type\":\"ListItem\",\"position\":1,\"name\":\"Accueil\",\"item\":\"https:\/\/legrandcontinent.eu\/fr\/\"},{\"@type\":\"ListItem\",\"position\":2,\"name\":\"Terrorisme et COVID-19\"}]},{\"@type\":\"WebSite\",\"@id\":\"https:\/\/legrandcontinent.eu\/fr\/#website\",\"url\":\"https:\/\/legrandcontinent.eu\/fr\/\",\"name\":\"Le Grand Continent\",\"description\":\"L&#039;\u00e9chelle pertinente\",\"potentialAction\":[{\"@type\":\"SearchAction\",\"target\":{\"@type\":\"EntryPoint\",\"urlTemplate\":\"https:\/\/legrandcontinent.eu\/fr\/?s={search_term_string}\"},\"query-input\":{\"@type\":\"PropertyValueSpecification\",\"valueRequired\":true,\"valueName\":\"search_term_string\"}}],\"inLanguage\":\"fr-FR\"},{\"@type\":\"Person\",\"@id\":\"https:\/\/legrandcontinent.eu\/fr\/#\/schema\/person\/953192c3de3c2331be3997745a2f12ef\",\"name\":\"Giovanni Collot\",\"image\":{\"@type\":\"ImageObject\",\"inLanguage\":\"fr-FR\",\"@id\":\"https:\/\/legrandcontinent.eu\/fr\/#\/schema\/person\/image\/\",\"url\":\"https:\/\/secure.gravatar.com\/avatar\/d93cac37237065a8de4498df3db60dde?s=96&d=mm&r=g\",\"contentUrl\":\"https:\/\/secure.gravatar.com\/avatar\/d93cac37237065a8de4498df3db60dde?s=96&d=mm&r=g\",\"caption\":\"Giovanni Collot\"}}]}<\/script>\n<!-- \/ Yoast SEO plugin. -->","yoast_head_json":{"title":"Terrorisme et COVID-19 | Le Grand Continent","robots":{"index":"index","follow":"follow","max-snippet":"max-snippet:-1","max-image-preview":"max-image-preview:large","max-video-preview":"max-video-preview:-1"},"canonical":"https:\/\/legrandcontinent.eu\/fr\/2020\/05\/15\/terrorisme-et-covid-19\/","og_locale":"fr_FR","og_type":"article","og_title":"Terrorisme et COVID-19 | Le Grand Continent","og_description":"Alors que l\u2019attention des gouvernements est tout enti\u00e8re attach\u00e9e \u00e0 la gestion de la crise sanitaire, \u00e9conomique et sociale, ceux-ci auraient tort de se d\u00e9tourner de la lutte contre le terrorisme. Le Grand Continent vous donne les pistes pour comprendre les grandes tendances qui affectent le terrorisme mondial en mai 2020.","og_url":"https:\/\/legrandcontinent.eu\/fr\/2020\/05\/15\/terrorisme-et-covid-19\/","og_site_name":"Le Grand Continent","article_published_time":"2020-05-15T12:23:49+00:00","article_modified_time":"2020-05-23T10:08:17+00:00","og_image":[{"width":955,"height":594,"url":"https:\/\/legrandcontinent.eu\/fr\/wp-content\/uploads\/sites\/2\/2020\/05\/Capture-6.jpg","type":"image\/jpeg"}],"author":"Giovanni Collot","twitter_card":"summary_large_image","twitter_image":"https:\/\/legrandcontinent.eu\/fr\/wp-content\/uploads\/sites\/2\/2020\/05\/Capture-6.jpg","twitter_misc":{"\u00c9crit par":"Giovanni Collot","Dur\u00e9e de lecture estim\u00e9e":"6 minutes"},"schema":{"@context":"https:\/\/schema.org","@graph":[{"@type":"WebPage","@id":"https:\/\/legrandcontinent.eu\/fr\/2020\/05\/15\/terrorisme-et-covid-19\/","url":"https:\/\/legrandcontinent.eu\/fr\/2020\/05\/15\/terrorisme-et-covid-19\/","name":"Terrorisme et COVID-19 | Le Grand Continent","isPartOf":{"@id":"https:\/\/legrandcontinent.eu\/fr\/#website"},"primaryImageOfPage":{"@id":"https:\/\/legrandcontinent.eu\/fr\/2020\/05\/15\/terrorisme-et-covid-19\/#primaryimage"},"image":{"@id":"https:\/\/legrandcontinent.eu\/fr\/2020\/05\/15\/terrorisme-et-covid-19\/#primaryimage"},"thumbnailUrl":"https:\/\/legrandcontinent.eu\/fr\/wp-content\/uploads\/sites\/2\/2019\/10\/GEG_Attentats-extremedroite_europe.png","datePublished":"2020-05-15T12:23:49+00:00","dateModified":"2020-05-23T10:08:17+00:00","author":{"@id":"https:\/\/legrandcontinent.eu\/fr\/#\/schema\/person\/953192c3de3c2331be3997745a2f12ef"},"breadcrumb":{"@id":"https:\/\/legrandcontinent.eu\/fr\/2020\/05\/15\/terrorisme-et-covid-19\/#breadcrumb"},"inLanguage":"fr-FR","potentialAction":[{"@type":"ReadAction","target":["https:\/\/legrandcontinent.eu\/fr\/2020\/05\/15\/terrorisme-et-covid-19\/"]}]},{"@type":"ImageObject","inLanguage":"fr-FR","@id":"https:\/\/legrandcontinent.eu\/fr\/2020\/05\/15\/terrorisme-et-covid-19\/#primaryimage","url":"https:\/\/legrandcontinent.eu\/fr\/wp-content\/uploads\/sites\/2\/2019\/10\/GEG_Attentats-extremedroite_europe.png","contentUrl":"https:\/\/legrandcontinent.eu\/fr\/wp-content\/uploads\/sites\/2\/2019\/10\/GEG_Attentats-extremedroite_europe.png","width":3389,"height":2480},{"@type":"BreadcrumbList","@id":"https:\/\/legrandcontinent.eu\/fr\/2020\/05\/15\/terrorisme-et-covid-19\/#breadcrumb","itemListElement":[{"@type":"ListItem","position":1,"name":"Accueil","item":"https:\/\/legrandcontinent.eu\/fr\/"},{"@type":"ListItem","position":2,"name":"Terrorisme et COVID-19"}]},{"@type":"WebSite","@id":"https:\/\/legrandcontinent.eu\/fr\/#website","url":"https:\/\/legrandcontinent.eu\/fr\/","name":"Le Grand Continent","description":"L&#039;\u00e9chelle pertinente","potentialAction":[{"@type":"SearchAction","target":{"@type":"EntryPoint","urlTemplate":"https:\/\/legrandcontinent.eu\/fr\/?s={search_term_string}"},"query-input":{"@type":"PropertyValueSpecification","valueRequired":true,"valueName":"search_term_string"}}],"inLanguage":"fr-FR"},{"@type":"Person","@id":"https:\/\/legrandcontinent.eu\/fr\/#\/schema\/person\/953192c3de3c2331be3997745a2f12ef","name":"Giovanni Collot","image":{"@type":"ImageObject","inLanguage":"fr-FR","@id":"https:\/\/legrandcontinent.eu\/fr\/#\/schema\/person\/image\/","url":"https:\/\/secure.gravatar.com\/avatar\/d93cac37237065a8de4498df3db60dde?s=96&d=mm&r=g","contentUrl":"https:\/\/secure.gravatar.com\/avatar\/d93cac37237065a8de4498df3db60dde?s=96&d=mm&r=g","caption":"Giovanni Collot"}}]}},"lgc_categories":[{"id":2210,"name":"Sant\u00e9 publique","slug":"sante-publique"}],"lgc_author":{"id":1560,"name":"Olivier Lenoir","slug":"olivier-lenoir"},"feature_image_summary":{"url":"https:\/\/legrandcontinent.eu\/fr\/wp-content\/uploads\/sites\/2\/2019\/10\/GEG_Attentats-extremedroite_europe.png","width":3389,"height":2480,"alt":""},"feature_image_cover":null,"term_position_data":null,"_links":{"self":[{"href":"https:\/\/legrandcontinent.eu\/fr\/wp-json\/wp\/v2\/posts\/72758","targetHints":{"allow":["GET"]}}],"collection":[{"href":"https:\/\/legrandcontinent.eu\/fr\/wp-json\/wp\/v2\/posts"}],"about":[{"href":"https:\/\/legrandcontinent.eu\/fr\/wp-json\/wp\/v2\/types\/post"}],"author":[{"embeddable":true,"href":"https:\/\/legrandcontinent.eu\/fr\/wp-json\/wp\/v2\/users\/175"}],"replies":[{"embeddable":true,"href":"https:\/\/legrandcontinent.eu\/fr\/wp-json\/wp\/v2\/comments?post=72758"}],"version-history":[{"count":0,"href":"https:\/\/legrandcontinent.eu\/fr\/wp-json\/wp\/v2\/posts\/72758\/revisions"}],"wp:featuredmedia":[{"embeddable":true,"href":"https:\/\/legrandcontinent.eu\/fr\/wp-json\/wp\/v2\/media\/49892"}],"wp:attachment":[{"href":"https:\/\/legrandcontinent.eu\/fr\/wp-json\/wp\/v2\/media?parent=72758"}],"wp:term":[{"taxonomy":"category","embeddable":true,"href":"https:\/\/legrandcontinent.eu\/fr\/wp-json\/wp\/v2\/categories?post=72758"},{"taxonomy":"post_tag","embeddable":true,"href":"https:\/\/legrandcontinent.eu\/fr\/wp-json\/wp\/v2\/tags?post=72758"},{"taxonomy":"staff","embeddable":true,"href":"https:\/\/legrandcontinent.eu\/fr\/wp-json\/wp\/v2\/staff?post=72758"},{"taxonomy":"editorial_format","embeddable":true,"href":"https:\/\/legrandcontinent.eu\/fr\/wp-json\/wp\/v2\/editorial_format?post=72758"},{"taxonomy":"serie","embeddable":true,"href":"https:\/\/legrandcontinent.eu\/fr\/wp-json\/wp\/v2\/serie?post=72758"},{"taxonomy":"audience","embeddable":true,"href":"https:\/\/legrandcontinent.eu\/fr\/wp-json\/wp\/v2\/audience?post=72758"},{"taxonomy":"geo","embeddable":true,"href":"https:\/\/legrandcontinent.eu\/fr\/wp-json\/wp\/v2\/geo?post=72758"}],"curies":[{"name":"wp","href":"https:\/\/api.w.org\/{rel}","templated":true}]}}