{"id":72578,"date":"2020-05-13T20:38:08","date_gmt":"2020-05-13T18:38:08","guid":{"rendered":"https:\/\/legrandcontinent.eu\/fr\/?p=72578"},"modified":"2020-05-14T10:14:22","modified_gmt":"2020-05-14T08:14:22","slug":"nucleaire-talon-dachille-ou-atout-de-relance-economique","status":"publish","type":"post","link":"https:\/\/legrandcontinent.eu\/fr\/2020\/05\/13\/nucleaire-talon-dachille-ou-atout-de-relance-economique\/","title":{"rendered":"Nucl\u00e9aire&#160;: talon d\u2019Achille ou atout de relance \u00e9conomique&#160;?"},"content":{"rendered":"\n<p><em>Paris.<\/em> Le secteur \u00e9lectrique fran\u00e7ais n\u2019a pas \u00e9chapp\u00e9 \u00e0 la crise du Covid-19. Avec une chute en moyenne de la demande d\u2019\u00e9lectricit\u00e9 de 20&#160;% dans certains pays d\u2019apr\u00e8s l\u2019Agence Internationale de l\u2019Energie (AIE)&nbsp;<span class='whitespace-nowrap'><span id='easy-footnote-1-72578' class='easy-footnote-margin-adjust'><\/span><span class='easy-footnote'><a href='https:\/\/legrandcontinent.eu\/fr\/2020\/05\/13\/nucleaire-talon-dachille-ou-atout-de-relance-economique\/#easy-footnote-bottom-1-72578' title='AIE, avril 2020, &lt;em&gt;&lt;a href=&quot;https:\/\/www.iea.org\/reports\/global-energy-review-2020&quot;&gt;Global Energy Review 2020&lt;\/a&gt;&lt;\/em&gt;'><sup>1<\/sup><\/a><\/span><\/span>, EdF a annonc\u00e9 une baisse de sa production \u00e0 l\u2019horizon 2021-2022, ce qui pourrait diminuer les marges de s\u00e9curit\u00e9 d\u2019approvisionnement d\u2019\u00e9lectricit\u00e9 dans l\u2019Hexagone. De l\u2019autre c\u00f4t\u00e9, le nucl\u00e9aire r\u00e9siste au choc de la pand\u00e9mie et demeure une source de flexibilit\u00e9 du r\u00e9seau en France&nbsp;<span class='whitespace-nowrap'><span id='easy-footnote-2-72578' class='easy-footnote-margin-adjust'><\/span><span class='easy-footnote'><a href='https:\/\/legrandcontinent.eu\/fr\/2020\/05\/13\/nucleaire-talon-dachille-ou-atout-de-relance-economique\/#easy-footnote-bottom-2-72578' title='RTE, avril 2020, &lt;em&gt;&lt;a href=&quot;https:\/\/www.rte-france.com\/sites\/default\/files\/impacts_de_la_crise_sanitaire_covid-19_sur_le_systeme_electrique.pdf&quot;&gt;L\u2019impact de la crise sanitaire covid-19 sur le fonctionnement du syst\u00e8me \u00e9lectrique&lt;\/a&gt;&lt;\/em&gt;'><sup>2<\/sup><\/a><\/span><\/span> et en Europe. Talon d\u2019Achille ou atout de r\u00e9silience&#160;? Nous proposons ici quelques \u00e9clairages sur le r\u00f4le du nucl\u00e9aire pour la construction d\u2019un mix \u00e9lectrique r\u00e9silient bas-carbone lors d\u2019une p\u00e9riode de r\u00e9tablissement \u00e9conomique.<\/p>\n\n\n\n<h4 class=\"wp-block-heading\"><strong>Performance du syst\u00e8me \u00e9lectrique fran\u00e7ais durant la crise Covid-19<\/strong><\/h4>\n\n\n\n<p>Les mesures de confinement impos\u00e9es dans le monde entier pour diminuer les effets de la pand\u00e9mie de Covid-19 ont provoqu\u00e9 une diminution de l\u2019activit\u00e9 \u00e9conomique sans pr\u00e9c\u00e9dent. M\u00eame si la p\u00e9riode de confinement a favoris\u00e9 les loisirs en ligne et le t\u00e9l\u00e9travail, la demande d\u2019\u00e9lectricit\u00e9 s\u2019est contract\u00e9e de plus de 20&#160;% dans certains pays, d\u2019apr\u00e8s l\u2019Agence Internationale de l\u2019Energie (AIE)&nbsp;<span class='whitespace-nowrap'><span id='easy-footnote-3-72578' class='easy-footnote-margin-adjust'><\/span><span class='easy-footnote'><a href='https:\/\/legrandcontinent.eu\/fr\/2020\/05\/13\/nucleaire-talon-dachille-ou-atout-de-relance-economique\/#easy-footnote-bottom-3-72578' title='AIE, avril 2020, &lt;em&gt;&lt;a href=&quot;https:\/\/www.iea.org\/reports\/global-energy-review-2020&quot;&gt;Global Energy Review 2020&lt;\/a&gt;&lt;\/em&gt;'><sup>3<\/sup><\/a><\/span><\/span>.<\/p>\n\n\n\n<p>Dans ce contexte, EDF a revu \u00e0 la baisse ses objectifs de g\u00e9n\u00e9ration de 20&#160;%&#160;: ils pourraient \u00eatre aux alentours de 300 TWh (contre 375 \u00e0 390 TWh initialement pr\u00e9vus) en 2020 et avoisiner 330-360 TWh en 2021 et 2022&nbsp;<span class='whitespace-nowrap'><span id='easy-footnote-4-72578' class='easy-footnote-margin-adjust'><\/span><span class='easy-footnote'><a href='https:\/\/legrandcontinent.eu\/fr\/2020\/05\/13\/nucleaire-talon-dachille-ou-atout-de-relance-economique\/#easy-footnote-bottom-4-72578' title='S&amp;amp;P Platts, avril 2020, &lt;em&gt;&lt;a href=&quot;https:\/\/www.spglobal.com\/platts\/en\/market-insights\/latest-news\/electric-power\/041620-edf-cuts-french-2020-nuclear-outlook-sharply-to-300-twh&quot;&gt;EDF cuts French 2020 nuclear outlook sharply to 300 TWh&lt;\/a&gt;&lt;\/em&gt;'><sup>4<\/sup><\/a><\/span><\/span>. Le 28 avril, 13 r\u00e9acteurs sur les 57 qui composent le parc nucl\u00e9aire fran\u00e7ais \u00e9taient \u00e0 l\u2019arr\u00eat. Les r\u00e9acteurs Cruas 1, Dampierre 1, Chooz 2, Civaux 2 et Saint-Laurent 2 sont ou seront arr\u00eat\u00e9s pour \u00e9conomiser du combustible et assurer un approvisionnement continu l\u2019hiver prochain. En m\u00eame temps, la crise du Covid-19 a impact\u00e9 les travaux de maintenance de plusieurs centrales. Comme indiqu\u00e9 par Bernard Doroszczuk, pr\u00e9sident de l\u2019Autorit\u00e9 de S\u00fbret\u00e9 Nucl\u00e9aire (ASN) le 28 avril dernier \u00e0 l\u2019Assembl\u00e9e nationale, \u00ab&#160;<em>faute de personnels suffisants et du probl\u00e8me de respect des gestes barri\u00e8res, les chantiers sont plus longs et l\u2019activit\u00e9 r\u00e9duite. Dans les centrales, la dur\u00e9e des arr\u00eats de tranche est prolong\u00e9e et une vingtaine d\u2019arr\u00eats ont \u00e9t\u00e9 d\u00e9cal\u00e9s&#160;\u00bb<\/em>. Il a aussi signal\u00e9 les risques li\u00e9s \u00e0 ces d\u00e9calages sur les marges de man\u0153uvre du parc nucl\u00e9aire en mani\u00e8re de production, notamment pendant les hivers de 2021 et 2022&nbsp;<span class='whitespace-nowrap'><span id='easy-footnote-5-72578' class='easy-footnote-margin-adjust'><\/span><span class='easy-footnote'><a href='https:\/\/legrandcontinent.eu\/fr\/2020\/05\/13\/nucleaire-talon-dachille-ou-atout-de-relance-economique\/#easy-footnote-bottom-5-72578' title='Usine Nouvelle, mai 2020, &lt;em&gt;&lt;a href=&quot;https:\/\/www.usinenouvelle.com\/article\/l-apres-covid-19-du-nucleaire-s-annonce-perilleux-pour-edf.N960231&quot;&gt;L\u2019apr\u00e8s Covid-19 du nucl\u00e9aire s\u2019annonce p\u00e9rilleux pour EDF&lt;\/a&gt;&lt;\/em&gt;'><sup>5<\/sup><\/a><\/span><\/span>.<\/p>\n\n\n\n<p>En effet, entre 2021 et 2024, EDF devrait d\u00e9marrer 18 nouveaux chantiers associ\u00e9s \u00e0 la quatri\u00e8me visite d\u00e9cennale&nbsp;<span class='whitespace-nowrap'><span id='easy-footnote-6-72578' class='easy-footnote-margin-adjust'><\/span><span class='easy-footnote'><a href='https:\/\/legrandcontinent.eu\/fr\/2020\/05\/13\/nucleaire-talon-dachille-ou-atout-de-relance-economique\/#easy-footnote-bottom-6-72578' title='\u200bEn France, l\u2019autorisation d\u2019exploiter un r\u00e9acteur nucl\u00e9aire est d\u00e9livr\u00e9e sans limitation de dur\u00e9e. Elle est en revanche remise en question tous les 10 ans \u00e0 l\u2019occasion d\u2019un r\u00e9examen p\u00e9riodique ou VD r\u00e9alis\u00e9 conform\u00e9ment \u00e0 la r\u00e9glementation fran\u00e7aise. Ce r\u00e9examen p\u00e9riodique r\u00e9pond \u00e0 un double objectif&amp;#160;: v\u00e9rifier que l&amp;rsquo;installation est conforme au r\u00e9f\u00e9rentiel de s\u00fbret\u00e9 applicable et am\u00e9liorer le niveau de s\u00fbret\u00e9 avec l\u2019int\u00e9gration du retour d&amp;rsquo;exp\u00e9rience et les derniers progr\u00e8s techniques disponibles. Pour les r\u00e9acteurs de 900 MWe (les premiers install\u00e9s en France), la 4\u00e8me VD rev\u00eat une importance cl\u00e9 car elle s&amp;rsquo;inscrit dans le prolongement de la dur\u00e9e de vie au-del\u00e0 de 40 ans. Cette derni\u00e8re \u00e9tant l\u2019hypoth\u00e8se de d\u00e9part de dur\u00e9e de vie de certains composants non-rempla\u00e7ables comme la cuve.'><sup>6<\/sup><\/a><\/span><\/span> (VD) de s\u00fbret\u00e9 des r\u00e9acteurs de 900 MWe&nbsp;<span class='whitespace-nowrap'><span id='easy-footnote-7-72578' class='easy-footnote-margin-adjust'><\/span><span class='easy-footnote'><a href='https:\/\/legrandcontinent.eu\/fr\/2020\/05\/13\/nucleaire-talon-dachille-ou-atout-de-relance-economique\/#easy-footnote-bottom-7-72578' title='EDF, 4e &lt;a href=&quot;http:\/\/www.hctisn.fr\/IMG\/pdf\/EDF_Synthese_NRO_310818_cle872e4d.pdf&quot;&gt;R\u00e9examen p\u00e9riodique des centrales 900 MWe&amp;#160;: Synth\u00e8se de la note de r\u00e9ponse aux objectifs&lt;\/a&gt;'><sup>7<\/sup><\/a><\/span><\/span>. La <em>Figure 1<\/em> illustre le fort impact du planning actuel des VD sur les marges de capacit\u00e9. Par exemple, un retard de 3 mois sur le planning au cours de la p\u00e9riode 2021-2022, pourrait se traduire par une perte d\u2019environ 3GW sur les marges de capacit\u00e9, ces ann\u00e9es cumulant le plus de chantiers VD simultan\u00e9s. Ces tendances refl\u00e8tent aussi la fermeture de Fessenheim, le retard de la mise en service de l\u2019EPR de Flamanville et le d\u00e9classement de moyens de production pilotables (charbon et nucl\u00e9aire) dans les pays voisins de la France, surtout pendant la p\u00e9riode 2022-2023&nbsp;<span class='whitespace-nowrap'><span id='easy-footnote-8-72578' class='easy-footnote-margin-adjust'><\/span><span class='easy-footnote'><a href='https:\/\/legrandcontinent.eu\/fr\/2020\/05\/13\/nucleaire-talon-dachille-ou-atout-de-relance-economique\/#easy-footnote-bottom-8-72578' title='Plus concr\u00e8tement, cette p\u00e9riode co\u00efncide avec la fermeture des derniers r\u00e9acteurs nucl\u00e9aires en Allemagne, en parall\u00e8le du d\u00e9classement progressif du charbon, et la fermeture du premier r\u00e9acteur nucl\u00e9aire en Belgique.'><sup>8<\/sup><\/a><\/span><\/span>.<\/p>\n\n\n\n\n\n<figure class=\"wp-block-image wp-block-image-medium\"\n    data-shadow=\"false\"\n    data-use-original-file=\"false\">\n    <a\n        data-pswp-src=\"https:\/\/legrandcontinent.eu\/fr\/wp-content\/uploads\/sites\/2\/2020\/05\/Graph-bre\u0300ve-AVS.png\"\n        class=\"inline-block gallery-item no-underline \"\n        data-pswp-width=\"597\"\n        data-pswp-height=\"394\">\n                                        <picture>\r\n                    <source\r\n                srcset=\"https:\/\/legrandcontinent.eu\/fr\/wp-content\/uploads\/sites\/2\/2020\/05\/Graph-bre\u0300ve-AVS-330x218.png\"\r\n                media=\"(max-width:  374px)\" \/>\r\n                    <source\r\n                srcset=\"https:\/\/legrandcontinent.eu\/fr\/wp-content\/uploads\/sites\/2\/2020\/05\/Graph-bre\u0300ve-AVS.png\"\r\n                media=\"(max-width:  989px)\" \/>\r\n                    <source\r\n                srcset=\"https:\/\/legrandcontinent.eu\/fr\/wp-content\/uploads\/sites\/2\/2020\/05\/Graph-bre\u0300ve-AVS.png\"\r\n                media=\"(max-width: 1319px)\" \/>\r\n                    <source\r\n                srcset=\"https:\/\/legrandcontinent.eu\/fr\/wp-content\/uploads\/sites\/2\/2020\/05\/Graph-bre\u0300ve-AVS.png\"\r\n                media=\"(max-width: 1599px)\" \/>\r\n                    <source\r\n                srcset=\"https:\/\/legrandcontinent.eu\/fr\/wp-content\/uploads\/sites\/2\/2020\/05\/Graph-bre\u0300ve-AVS.png\"\r\n                media=\"(min-width: 1600px)\" \/>\r\n                <img decoding=\"async\" alt=\"Graphique nucl\u00e9aire projets planning construction centrales nucl\u00e9aires relance \u00e9conomique \u00e9nergie \u00e9conomie environnement\" src=\"https:\/\/legrandcontinent.eu\/fr\/wp-content\/uploads\/sites\/2\/2020\/05\/Graph-bre\u0300ve-AVS-125x82.png\" \/>\r\n        <\/picture>\r\n                            \n                    <figcaption class=\"pswp-caption-content \">Figure 1 &#8211; Evolution des marges de capacit\u00e9 en fonction du retard des VD en cours. Note&#160;&#160;: il a \u00e9t\u00e9 suppos\u00e9 que chaque chantier dure environ 2 ans\r\n<\/figcaption>\n            <\/a>\n<\/figure>\n\n\n<p>Minimiser l\u2019impact des retards induits par la pand\u00e9mie sur le calendrier global des VD est donc essentiel pour assurer la s\u00e9curit\u00e9 d\u2019approvisionnement dans les prochaines ann\u00e9es. EDF est en train de r\u00e9ajuster le programme d\u2019arr\u00eats et de maintenance afin de maximiser la capacit\u00e9 disponible&nbsp;<span class='whitespace-nowrap'><span id='easy-footnote-9-72578' class='easy-footnote-margin-adjust'><\/span><span class='easy-footnote'><a href='https:\/\/legrandcontinent.eu\/fr\/2020\/05\/13\/nucleaire-talon-dachille-ou-atout-de-relance-economique\/#easy-footnote-bottom-9-72578' title='S&amp;amp;P Platts, avril 2020, &lt;em&gt;&lt;a href=&quot;https:\/\/www.spglobal.com\/platts\/en\/market-insights\/latest-news\/electric-power\/041620-edf-cuts-french-2020-nuclear-outlook-sharply-to-300-twh&quot;&gt;EDF cuts French 2020 nuclear outlook sharply to 300 TWh&lt;\/a&gt;&lt;\/em&gt;'><sup>9<\/sup><\/a><\/span><\/span>. Le potentiel report de certaines VD n\u00e9cessitera des discussions au cas par cas avec l\u2019ASN car le prolongement au-del\u00e0 de 40 ans est en jeu pour le palier 900 MWe. Pour rattraper ces retards, EDF peut tirer profit d\u2019une cha\u00eene d\u2019approvisionnement locale et d\u2019une int\u00e9gration verticale renforc\u00e9e avec l\u2019acquisition de Framatome. Une gouvernance effective avec des interactions fluides entre les diff\u00e9rentes parties prenantes (i.e. gouvernement, r\u00e9gulateur, prestataires, etc.) sera un aspect cl\u00e9 dans ce processus.&nbsp;<\/p>\n\n\n\n<p>Parall\u00e8lement, EDF a r\u00e9ussi \u00e0 assurer l\u2019op\u00e9ration fiable du parc restant avec l\u2019activation de plans d\u2019urgence d\u00e9velopp\u00e9s pendant l\u2019apparition du SRAS en 2003 et la pand\u00e9mie H1N1 de 2009&nbsp;<span class='whitespace-nowrap'><span id='easy-footnote-10-72578' class='easy-footnote-margin-adjust'><\/span><span class='easy-footnote'><a href='https:\/\/legrandcontinent.eu\/fr\/2020\/05\/13\/nucleaire-talon-dachille-ou-atout-de-relance-economique\/#easy-footnote-bottom-10-72578' title='NucNet, mars 2020, &lt;em&gt;&lt;a href=&quot;https:\/\/www.nucnet.org\/news\/edf-implements-emergency-plan-for-french-nuclear-fleet-3-5-2020&quot;&gt;Coronavirus&amp;#160;: EDF implements Emergency Plan for French Nuclear Fleet&lt;\/a&gt;&lt;\/em&gt;'><sup>10<\/sup><\/a><\/span><\/span>. Le nucl\u00e9aire a donn\u00e9 la preuve de sa flexibilit\u00e9 pendant la p\u00e9riode de confinement. Comme illustr\u00e9 en <em>Figure 2<\/em>, pendant le weekend du 28 mars 2020, 10 GW de capacit\u00e9 nucl\u00e9aire (l\u2019\u00e9quivalent d\u2019environ 10 r\u00e9acteurs) ont \u00e9t\u00e9 supprim\u00e9s du r\u00e9seau dans l\u2019espace de 7 heures. Le suivi de charge avec des r\u00e9acteurs nucl\u00e9aires a \u00e9t\u00e9 aussi constat\u00e9 en Allemagne, la Belgique, la Su\u00e8de et la R\u00e9publique Tch\u00e8que pendant la m\u00eame p\u00e9riode&nbsp;<span class='whitespace-nowrap'><span id='easy-footnote-11-72578' class='easy-footnote-margin-adjust'><\/span><span class='easy-footnote'><a href='https:\/\/legrandcontinent.eu\/fr\/2020\/05\/13\/nucleaire-talon-dachille-ou-atout-de-relance-economique\/#easy-footnote-bottom-11-72578' title='AIE, avril 2020, &lt;em&gt;&lt;a href=&quot;https:\/\/www.iea.org\/reports\/global-energy-review-2020&quot;&gt;Global Energy Review 2020&lt;\/a&gt;&lt;\/em&gt;'><sup>11<\/sup><\/a><\/span><\/span>.<\/p>\n\n\n\n\n\n<figure class=\"wp-block-image wp-block-image-medium\"\n    data-shadow=\"false\"\n    data-use-original-file=\"false\">\n    <a\n        data-pswp-src=\"https:\/\/legrandcontinent.eu\/fr\/wp-content\/uploads\/sites\/2\/2020\/05\/pasted-image-0.png\"\n        class=\"inline-block gallery-item no-underline \"\n        data-pswp-width=\"572\"\n        data-pswp-height=\"253\">\n                                        <picture>\r\n                    <source\r\n                srcset=\"https:\/\/legrandcontinent.eu\/fr\/wp-content\/uploads\/sites\/2\/2020\/05\/pasted-image-0-330x146.png\"\r\n                media=\"(max-width:  374px)\" \/>\r\n                    <source\r\n                srcset=\"https:\/\/legrandcontinent.eu\/fr\/wp-content\/uploads\/sites\/2\/2020\/05\/pasted-image-0.png\"\r\n                media=\"(max-width:  989px)\" \/>\r\n                    <source\r\n                srcset=\"https:\/\/legrandcontinent.eu\/fr\/wp-content\/uploads\/sites\/2\/2020\/05\/pasted-image-0.png\"\r\n                media=\"(max-width: 1319px)\" \/>\r\n                    <source\r\n                srcset=\"https:\/\/legrandcontinent.eu\/fr\/wp-content\/uploads\/sites\/2\/2020\/05\/pasted-image-0.png\"\r\n                media=\"(max-width: 1599px)\" \/>\r\n                    <source\r\n                srcset=\"https:\/\/legrandcontinent.eu\/fr\/wp-content\/uploads\/sites\/2\/2020\/05\/pasted-image-0.png\"\r\n                media=\"(min-width: 1600px)\" \/>\r\n                <img decoding=\"async\" alt=\"Graphique 2 nucl\u00e9aire projets planning construction centrales nucl\u00e9aires relance \u00e9conomique \u00e9nergie \u00e9conomie environnement\" src=\"https:\/\/legrandcontinent.eu\/fr\/wp-content\/uploads\/sites\/2\/2020\/05\/pasted-image-0-125x55.png\" \/>\r\n        <\/picture>\r\n                            \n                    <figcaption class=\"pswp-caption-content \">Figure 2 &#8211; Mix de production d\u2019\u00e9lectricit\u00e9 en France du vendredi 27 mars au dimanche 29 mars 2020 (donn\u00e9es provisoire)<\/figcaption>\n            <\/a>\n<\/figure>\n\n\n<h4 class=\"wp-block-heading\"><strong>La phase \u00ab&#160;post Covid-19&#160;\u00bb&#160;: perspectives de r\u00e9silience et r\u00e9tablissement \u00e9conomique<\/strong><\/h4>\n\n\n\n<p>La crise sanitaire a mis en \u00e9vidence l\u2019importance critique de s\u00e9curiser l\u2019approvisionnement d\u2019\u00e9lectricit\u00e9 dans les conditions les plus adverses. Au moment o\u00f9 beaucoup de secteurs \u00e9conomiques \u00e9taient gravement impact\u00e9s, celui de l\u2019\u00e9lectricit\u00e9 a permis d\u2019assurer la continuit\u00e9 des activit\u00e9s et donc minimiser les pertes \u00e9conomiques et l\u2019instabilit\u00e9 sociale pendant le confinement. Plus que jamais, l\u2019\u00e9lectricit\u00e9 devient un bien d\u2019int\u00e9r\u00eat public et l\u2019infrastructure sous-jacente un actif \u00e9conomique critique qui doit \u00eatre r\u00e9silient pour supporter, rebondir et s\u2019adapter aux chocs inattendus.<\/p>\n\n\n\n<p>Le nucl\u00e9aire est-il donc le talon d\u2019Achille de la France, ou bien un atout consid\u00e9rable de r\u00e9silience et de relance \u00e9conomique&#160;? D\u2019un c\u00f4t\u00e9, le nucl\u00e9aire est par conception une technologie r\u00e9siliente. Con\u00e7us sur la base des principes de d\u00e9fense en profondeur&nbsp;<span class='whitespace-nowrap'><span id='easy-footnote-12-72578' class='easy-footnote-margin-adjust'><\/span><span class='easy-footnote'><a href='https:\/\/legrandcontinent.eu\/fr\/2020\/05\/13\/nucleaire-talon-dachille-ou-atout-de-relance-economique\/#easy-footnote-bottom-12-72578' title='IRSN, &lt;a href=&quot;https:\/\/www.irsn.fr\/FR\/connaissances\/Installations_nucleaires\/La_surete_Nucleaire\/risque-nucleaire\/demarche-prevention\/Pages\/1-defense-profondeur.aspx.aspx#.XraZtWXVI2w&quot;&gt;D\u00e9fense en profondeur&lt;\/a&gt;'><sup>12<\/sup><\/a><\/span><\/span> (i.e. pr\u00e9vention, d\u00e9tection, ma\u00eetrise), les r\u00e9acteurs nucl\u00e9aires ont des syst\u00e8mes de s\u00fbret\u00e9 redondants, diversifi\u00e9s et ind\u00e9pendants capables de soutenir les agressions externes. De plus, en respectant quelques contraintes techniques et de s\u00fbret\u00e9, ils sont capables de moduler leur puissance. D\u2019un point de vue organisationnel, les installations nucl\u00e9aires fran\u00e7aises int\u00e8grent aussi des plans d\u2019urgence&nbsp;<span class='whitespace-nowrap'><span id='easy-footnote-13-72578' class='easy-footnote-margin-adjust'><\/span><span class='easy-footnote'><a href='https:\/\/legrandcontinent.eu\/fr\/2020\/05\/13\/nucleaire-talon-dachille-ou-atout-de-relance-economique\/#easy-footnote-bottom-13-72578' title='Par exemple, celui activ\u00e9 pendant la pand\u00e9mie ou la Force d\u2019Action Rapide Nucl\u00e9aire'><sup>13<\/sup><\/a><\/span><\/span> et un syst\u00e8me de gouvernance permettant l\u2019am\u00e9lioration et l\u2019adaptation continue de l\u2019outil de production&nbsp;<span class='whitespace-nowrap'><span id='easy-footnote-14-72578' class='easy-footnote-margin-adjust'><\/span><span class='easy-footnote'><a href='https:\/\/legrandcontinent.eu\/fr\/2020\/05\/13\/nucleaire-talon-dachille-ou-atout-de-relance-economique\/#easy-footnote-bottom-14-72578' title='Chaque d\u00e9cennie, les centrales nucl\u00e9aires sont soumises \u00e0 un r\u00e9examen p\u00e9riodique ou VD afin d\u2019int\u00e9grer les derni\u00e8res mesures de s\u00fbret\u00e9 et connaissances disponibles.'><sup>14<\/sup><\/a><\/span><\/span>.<\/p>\n\n\n\n<p>D\u2019un autre c\u00f4t\u00e9, le fait que la France produise plus de 70&#160;% de son \u00e9lectricit\u00e9 \u00e0 partir de l\u2019atome pourrait repr\u00e9senter une faiblesse du syst\u00e8me. L\u2019impact des retards sur les marges de s\u00e9curit\u00e9 d\u2019approvisionnement \u00e9voqu\u00e9 auparavant en est un exemple clair. Une infrastructure \u00e9lectrique plus r\u00e9siliente pourrait n\u00e9cessiter un mix plus diversifi\u00e9 avec le d\u00e9veloppement des nouvelles fili\u00e8res technologiques bas carbone. Cette diversification devrait \u00eatre men\u00e9e tout en pr\u00e9servant l&rsquo;ind\u00e9pendance \u00e9nerg\u00e9tique et industrielle. La Loi de Transition \u00c9nerg\u00e9tique pour la Croissance Verte de 2015,<em> <\/em>qui pr\u00e9conise une r\u00e9duction de la g\u00e9n\u00e9ration nucl\u00e9aire \u00e0 50&#160;% \u00e0 l\u2019horizon 2035, s\u2019inscrit dans ce sens.<\/p>\n\n\n\n<p>La fin de cette crise pourrait s\u2019accompagner d\u2019une volont\u00e9 des gouvernements d\u2019adresser des menaces syst\u00e9miques sur le long terme (dont le changement climatique) tout en priorisant la r\u00e9activation \u00e9conomique sur le court terme. Les contraintes budg\u00e9taires seront importantes apr\u00e8s une p\u00e9riode de ralentissement \u00e9conomique, et il y aura donc un fort int\u00e9r\u00eat \u00e0 maximiser l\u2019effet multiplicateur de chaque euro investi.<\/p>\n\n\n\n<p><strong>En mettant le d\u00e9veloppement d\u2019une infrastructure \u00e9lectrique bas carbone et r\u00e9siliente au centre de la relance \u00e9conomique, les gouvernements pourraient faire face \u00e0 ces objectifs simultan\u00e9ment.<\/strong> En outre, comme indiqu\u00e9 dans la derni\u00e8re Programmation Pluriannuelle de l&rsquo;\u00c9nergie, le gouvernement doit prendre une d\u00e9cision vis-\u00e0-vis du nouveau nucl\u00e9aire en 2021. Il est \u00e0 noter que, m\u00eame avec une r\u00e9duction de la production nucl\u00e9aire \u00e0 50&#160;%, des nouvelles constructions seront n\u00e9cessaires pour remplacer le parc vieillissant existant.&nbsp; Dans ce sens, le lancement de nouveaux chantiers nucl\u00e9aires pourrait repr\u00e9senter une double opportunit\u00e9 pour la France. Troisi\u00e8me fili\u00e8re \u00e9conomique nationale en termes d\u2019emplois, avec des comp\u00e9tences d\u00e9j\u00e0 disponibles gr\u00e2ce \u00e0 plusieurs projets un cours, la construction de nouvelles centrales repr\u00e9sente un moyen rapide de soutenir les emplois sur le court terme. Deuxi\u00e8mement, en s\u2019engagent sur plusieurs constructions, le gouvernement fran\u00e7ais a une opportunit\u00e9 de capitaliser sur l\u2019exp\u00e9rience r\u00e9cente des chantiers EPR existants pour diminuer les co\u00fbts de cette technologie. En parall\u00e8le, la France pourrait aussi d\u00e9velopper de nouvelles fili\u00e8res technologiques bas-carbone (e.g. \u00e9nergies renouvelables) afin de construire un syst\u00e8me \u00e9lectrique plus r\u00e9silient et diversifi\u00e9 tout en gardant l&rsquo;ind\u00e9pendance \u00e9nerg\u00e9tique et industrielle.<\/p>\n\n\n\n<p>Cependant, comme indiqu\u00e9 par la ministre fran\u00e7aise de la transition \u00e9cologique et solidaire Elisabeth Borne, auditionn\u00e9e \u00e0 l\u2019Assembl\u00e9e nationale le 30 avril dernier, pour y parvenir, <em>\u00ab&#160;des r\u00e9flexions profondes sur le fonctionnement des march\u00e9s de l\u2019\u00e9nergie, en particulier de l\u2019\u00e9lectricit\u00e9, tant au niveau national qu\u2019europ\u00e9en&#160;\u00bb<\/em> devraient \u00eatre men\u00e9es. Des m\u00e9canismes de r\u00e9gulation sur le long terme pourraient s\u2019av\u00e9rer n\u00e9cessaires afin que la France puisse <em>\u00ab&#160;disposer de moyens suffisants pour piloter son mix \u00e9lectrique afin qu\u2019il soit r\u00e9silient et diversifi\u00e9&#160;\u00bb<\/em>&nbsp;<span class='whitespace-nowrap'><span id='easy-footnote-15-72578' class='easy-footnote-margin-adjust'><\/span><span class='easy-footnote'><a href='https:\/\/legrandcontinent.eu\/fr\/2020\/05\/13\/nucleaire-talon-dachille-ou-atout-de-relance-economique\/#easy-footnote-bottom-15-72578' title='Enerpresse, mai 2020, &lt;em&gt;\u00c9. Borne et B. Le Maire r\u00e9affirment l\u2019ambition de la transition \u00e9nerg\u00e9tique&lt;\/em&gt;'><sup>15<\/sup><\/a><\/span><\/span>. Assurer la r\u00e9silience et la stabilit\u00e9 \u00e9conomique et sociale apr\u00e8s le Covid-19 aura un co\u00fbt, et le r\u00f4le des gouvernements sera plus d\u00e9cisif que jamais dans l\u2019orchestration d\u2019une reprise p\u00e9renne.<\/p>\n\n\n\n<h4 class=\"wp-block-heading\"><strong>Perspectives&nbsp;<\/strong>&#160;:<\/h4>\n\n\n\n<ul class=\"wp-block-list\"><li>La crise sanitaire du Covid-19 a mis en \u00e9vidence l\u2019importance d\u2019avoir un syst\u00e8me \u00e9lectrique r\u00e9silient capable d\u2019absorber les chocs \u00e9conomiques et les risques naturels pour assurer la continuit\u00e9 \u00e9conomique et la stabilit\u00e9 sociale. Le nucl\u00e9aire est une technologie r\u00e9siliente d\u2019un point de vue technique et organisationnel. Cependant, en France, o\u00f9 plus de 70&#160;% de l\u2019\u00e9lectricit\u00e9 g\u00e9n\u00e9r\u00e9e provient de l\u2019atome, ce manque de diversification pourrait repr\u00e9senter une faiblesse pour le syst\u00e8me.<\/li><li>D\u00e9velopper une infrastructure \u00e9lectrique bas carbone et r\u00e9siliente n\u00e9cessitera en France le d\u00e9veloppement de nouvelles fili\u00e8res technologiques bas carbone tout en gardant un socle nucl\u00e9aire. En particulier, le nucl\u00e9aire repr\u00e9sentent la troisi\u00e8me fili\u00e8re \u00e9conomique nationale en termes d\u2019emplois, avec des comp\u00e9tences d\u00e9j\u00e0 disponibles gr\u00e2ce \u00e0 plusieurs projets un cours. Dans un contexte de r\u00e9cup\u00e9ration \u00e9conomique, lancer de nouveaux chantiers nucl\u00e9aires permettrait de stimuler l\u2019emploi sur le court-terme, ainsi que diminuer les co\u00fbts de cette technologie, tout en assurant un mix plus diversifi\u00e9 et r\u00e9silient sur le long terme. Pr\u00e9server l&rsquo;ind\u00e9pendance \u00e9nerg\u00e9tique et industrielle sera aussi essentiel dans ce processus.<\/li><li>Cr\u00e9er un syst\u00e8me \u00e9lectrique plus r\u00e9silient et diversifi\u00e9 ne n\u00e9cessitera pas seulement un plan majeur d\u2019investissement, mais aussi des r\u00e9flexions profondes sur le fonctionnement des march\u00e9s d\u2019\u00e9lectricit\u00e9 tant au niveau national qu\u2019europ\u00e9en.<\/li><\/ul>\n","protected":false},"excerpt":{"rendered":"<p>Le secteur \u00e9lectrique fran\u00e7ais n\u2019a pas \u00e9chapp\u00e9 \u00e0 la crise du Covid-19. Avec une chute en moyenne de la demande d\u2019\u00e9lectricit\u00e9 de 20&#160;&#160;% dans certains pays d\u2019apr\u00e8s l\u2019AIE, EdF a annonc\u00e9 une baisse de sa production \u00e0 l\u2019horizon 2021-2022. De l\u2019autre c\u00f4t\u00e9, le nucl\u00e9aire r\u00e9siste au choc de la pand\u00e9mie et demeure une source de flexibilit\u00e9 du r\u00e9seau. Talon d\u2019Achille ou atout de r\u00e9silience&#160;&#160;? Quelques \u00e9clairages sur le r\u00f4le du nucl\u00e9aire pour la construction d\u2019un mix \u00e9lectrique r\u00e9silient bas-carbone.<\/p>\n","protected":false},"author":175,"featured_media":72580,"comment_status":"closed","ping_status":"closed","sticky":false,"template":"templates\/post-briefings.php","format":"standard","meta":{"_acf_changed":false,"_trash_the_other_posts":false,"_yoast_wpseo_estimated-reading-time-minutes":0,"footnotes":""},"categories":[1730],"tags":[2281],"staff":[1592],"editorial_format":[],"serie":[],"audience":[],"geo":[536,1876],"class_list":["post-72578","post","type-post","status-publish","format-standard","hentry","category-energie-et-environnement","tag-coronavirus","staff-antonio-vaya-soler","geo-centres","geo-paris"],"acf":{"open_in_webview":false,"accent":false,"_thumbnail_id":72580,"excerpt":"Le secteur \u00e9lectrique fran\u00e7ais n\u2019a pas \u00e9chapp\u00e9 \u00e0 la crise du Covid-19. Avec une chute en moyenne de la demande d\u2019\u00e9lectricit\u00e9 de 20% dans certains pays d\u2019apr\u00e8s l\u2019AIE, EdF a annonc\u00e9 une baisse de sa production \u00e0 l\u2019horizon 2021-2022. De l\u2019autre c\u00f4t\u00e9, le nucl\u00e9aire r\u00e9siste au choc de la pand\u00e9mie et demeure une source de flexibilit\u00e9 du r\u00e9seau. Talon d\u2019Achille ou atout de r\u00e9silience ? Quelques \u00e9clairages sur le r\u00f4le du nucl\u00e9aire pour la construction d\u2019un mix \u00e9lectrique r\u00e9silient bas-carbone.","display_date":"","new_abstract":true},"yoast_head":"<!-- This site is optimized with the Yoast SEO plugin v26.1.1 - https:\/\/yoast.com\/wordpress\/plugins\/seo\/ -->\n<title>Nucl\u00e9aire : talon d\u2019Achille ou atout de relance \u00e9conomique ? | Le Grand Continent<\/title>\n<meta name=\"robots\" content=\"index, follow, max-snippet:-1, max-image-preview:large, max-video-preview:-1\" \/>\n<link rel=\"canonical\" href=\"https:\/\/legrandcontinent.eu\/fr\/2020\/05\/13\/nucleaire-talon-dachille-ou-atout-de-relance-economique\/\" \/>\n<meta property=\"og:locale\" content=\"fr_FR\" \/>\n<meta property=\"og:type\" content=\"article\" \/>\n<meta property=\"og:title\" content=\"Nucl\u00e9aire : talon d\u2019Achille ou atout de relance \u00e9conomique ? | Le Grand Continent\" \/>\n<meta property=\"og:description\" content=\"Le secteur \u00e9lectrique fran\u00e7ais n\u2019a pas \u00e9chapp\u00e9 \u00e0 la crise du Covid-19. Avec une chute en moyenne de la demande d\u2019\u00e9lectricit\u00e9 de 20&#160;% dans certains pays d\u2019apr\u00e8s l\u2019AIE, EdF a annonc\u00e9 une baisse de sa production \u00e0 l\u2019horizon 2021-2022. De l\u2019autre c\u00f4t\u00e9, le nucl\u00e9aire r\u00e9siste au choc de la pand\u00e9mie et demeure une source de flexibilit\u00e9 du r\u00e9seau. Talon d\u2019Achille ou atout de r\u00e9silience&#160;? Quelques \u00e9clairages sur le r\u00f4le du nucl\u00e9aire pour la construction d\u2019un mix \u00e9lectrique r\u00e9silient bas-carbone.\" \/>\n<meta property=\"og:url\" content=\"https:\/\/legrandcontinent.eu\/fr\/2020\/05\/13\/nucleaire-talon-dachille-ou-atout-de-relance-economique\/\" \/>\n<meta property=\"og:site_name\" content=\"Le Grand Continent\" \/>\n<meta property=\"article:published_time\" content=\"2020-05-13T18:38:08+00:00\" \/>\n<meta property=\"article:modified_time\" content=\"2020-05-14T08:14:22+00:00\" \/>\n<meta property=\"og:image\" content=\"https:\/\/legrandcontinent.eu\/fr\/wp-content\/uploads\/sites\/2\/2020\/05\/Grafica-2020-05-13-alle-20.37.01.jpg\" \/>\n\t<meta property=\"og:image:width\" content=\"2560\" \/>\n\t<meta property=\"og:image:height\" content=\"1478\" \/>\n\t<meta property=\"og:image:type\" content=\"image\/jpeg\" \/>\n<meta name=\"author\" content=\"Giovanni Collot\" \/>\n<meta name=\"twitter:card\" content=\"summary_large_image\" \/>\n<meta name=\"twitter:image\" content=\"https:\/\/legrandcontinent.eu\/fr\/wp-content\/uploads\/sites\/2\/2020\/05\/Grafica-2020-05-13-alle-20.37.01.jpg\" \/>\n<meta name=\"twitter:label1\" content=\"\u00c9crit par\" \/>\n\t<meta name=\"twitter:data1\" content=\"Giovanni Collot\" \/>\n\t<meta name=\"twitter:label2\" content=\"Dur\u00e9e de lecture estim\u00e9e\" \/>\n\t<meta name=\"twitter:data2\" content=\"11 minutes\" \/>\n<script type=\"application\/ld+json\" class=\"yoast-schema-graph\">{\"@context\":\"https:\/\/schema.org\",\"@graph\":[{\"@type\":\"WebPage\",\"@id\":\"https:\/\/legrandcontinent.eu\/fr\/2020\/05\/13\/nucleaire-talon-dachille-ou-atout-de-relance-economique\/\",\"url\":\"https:\/\/legrandcontinent.eu\/fr\/2020\/05\/13\/nucleaire-talon-dachille-ou-atout-de-relance-economique\/\",\"name\":\"Nucl\u00e9aire : talon d\u2019Achille ou atout de relance \u00e9conomique ? | Le Grand Continent\",\"isPartOf\":{\"@id\":\"https:\/\/legrandcontinent.eu\/fr\/#website\"},\"primaryImageOfPage\":{\"@id\":\"https:\/\/legrandcontinent.eu\/fr\/2020\/05\/13\/nucleaire-talon-dachille-ou-atout-de-relance-economique\/#primaryimage\"},\"image\":{\"@id\":\"https:\/\/legrandcontinent.eu\/fr\/2020\/05\/13\/nucleaire-talon-dachille-ou-atout-de-relance-economique\/#primaryimage\"},\"thumbnailUrl\":\"https:\/\/legrandcontinent.eu\/fr\/wp-content\/uploads\/sites\/2\/2020\/05\/pasted-image-0.png\",\"datePublished\":\"2020-05-13T18:38:08+00:00\",\"dateModified\":\"2020-05-14T08:14:22+00:00\",\"author\":{\"@id\":\"https:\/\/legrandcontinent.eu\/fr\/#\/schema\/person\/953192c3de3c2331be3997745a2f12ef\"},\"breadcrumb\":{\"@id\":\"https:\/\/legrandcontinent.eu\/fr\/2020\/05\/13\/nucleaire-talon-dachille-ou-atout-de-relance-economique\/#breadcrumb\"},\"inLanguage\":\"fr-FR\",\"potentialAction\":[{\"@type\":\"ReadAction\",\"target\":[\"https:\/\/legrandcontinent.eu\/fr\/2020\/05\/13\/nucleaire-talon-dachille-ou-atout-de-relance-economique\/\"]}]},{\"@type\":\"ImageObject\",\"inLanguage\":\"fr-FR\",\"@id\":\"https:\/\/legrandcontinent.eu\/fr\/2020\/05\/13\/nucleaire-talon-dachille-ou-atout-de-relance-economique\/#primaryimage\",\"url\":\"https:\/\/legrandcontinent.eu\/fr\/wp-content\/uploads\/sites\/2\/2020\/05\/pasted-image-0.png\",\"contentUrl\":\"https:\/\/legrandcontinent.eu\/fr\/wp-content\/uploads\/sites\/2\/2020\/05\/pasted-image-0.png\",\"width\":572,\"height\":253,\"caption\":\"Figure 2 - Mix de production d\u2019\u00e9lectricit\u00e9 en France du vendredi 27 mars au dimanche 29 mars 2020 (donn\u00e9es provisoire)\"},{\"@type\":\"BreadcrumbList\",\"@id\":\"https:\/\/legrandcontinent.eu\/fr\/2020\/05\/13\/nucleaire-talon-dachille-ou-atout-de-relance-economique\/#breadcrumb\",\"itemListElement\":[{\"@type\":\"ListItem\",\"position\":1,\"name\":\"Accueil\",\"item\":\"https:\/\/legrandcontinent.eu\/fr\/\"},{\"@type\":\"ListItem\",\"position\":2,\"name\":\"Nucl\u00e9aire&#160;: talon d\u2019Achille ou atout de relance \u00e9conomique&#160;?\"}]},{\"@type\":\"WebSite\",\"@id\":\"https:\/\/legrandcontinent.eu\/fr\/#website\",\"url\":\"https:\/\/legrandcontinent.eu\/fr\/\",\"name\":\"Le Grand Continent\",\"description\":\"L&#039;\u00e9chelle pertinente\",\"potentialAction\":[{\"@type\":\"SearchAction\",\"target\":{\"@type\":\"EntryPoint\",\"urlTemplate\":\"https:\/\/legrandcontinent.eu\/fr\/?s={search_term_string}\"},\"query-input\":{\"@type\":\"PropertyValueSpecification\",\"valueRequired\":true,\"valueName\":\"search_term_string\"}}],\"inLanguage\":\"fr-FR\"},{\"@type\":\"Person\",\"@id\":\"https:\/\/legrandcontinent.eu\/fr\/#\/schema\/person\/953192c3de3c2331be3997745a2f12ef\",\"name\":\"Giovanni Collot\",\"image\":{\"@type\":\"ImageObject\",\"inLanguage\":\"fr-FR\",\"@id\":\"https:\/\/legrandcontinent.eu\/fr\/#\/schema\/person\/image\/\",\"url\":\"https:\/\/secure.gravatar.com\/avatar\/d93cac37237065a8de4498df3db60dde?s=96&d=mm&r=g\",\"contentUrl\":\"https:\/\/secure.gravatar.com\/avatar\/d93cac37237065a8de4498df3db60dde?s=96&d=mm&r=g\",\"caption\":\"Giovanni Collot\"}}]}<\/script>\n<!-- \/ Yoast SEO plugin. -->","yoast_head_json":{"title":"Nucl\u00e9aire : talon d\u2019Achille ou atout de relance \u00e9conomique ? | Le Grand Continent","robots":{"index":"index","follow":"follow","max-snippet":"max-snippet:-1","max-image-preview":"max-image-preview:large","max-video-preview":"max-video-preview:-1"},"canonical":"https:\/\/legrandcontinent.eu\/fr\/2020\/05\/13\/nucleaire-talon-dachille-ou-atout-de-relance-economique\/","og_locale":"fr_FR","og_type":"article","og_title":"Nucl\u00e9aire : talon d\u2019Achille ou atout de relance \u00e9conomique ? | Le Grand Continent","og_description":"Le secteur \u00e9lectrique fran\u00e7ais n\u2019a pas \u00e9chapp\u00e9 \u00e0 la crise du Covid-19. Avec une chute en moyenne de la demande d\u2019\u00e9lectricit\u00e9 de 20&#160;% dans certains pays d\u2019apr\u00e8s l\u2019AIE, EdF a annonc\u00e9 une baisse de sa production \u00e0 l\u2019horizon 2021-2022. De l\u2019autre c\u00f4t\u00e9, le nucl\u00e9aire r\u00e9siste au choc de la pand\u00e9mie et demeure une source de flexibilit\u00e9 du r\u00e9seau. Talon d\u2019Achille ou atout de r\u00e9silience&#160;? Quelques \u00e9clairages sur le r\u00f4le du nucl\u00e9aire pour la construction d\u2019un mix \u00e9lectrique r\u00e9silient bas-carbone.","og_url":"https:\/\/legrandcontinent.eu\/fr\/2020\/05\/13\/nucleaire-talon-dachille-ou-atout-de-relance-economique\/","og_site_name":"Le Grand Continent","article_published_time":"2020-05-13T18:38:08+00:00","article_modified_time":"2020-05-14T08:14:22+00:00","og_image":[{"width":2560,"height":1478,"url":"https:\/\/legrandcontinent.eu\/fr\/wp-content\/uploads\/sites\/2\/2020\/05\/Grafica-2020-05-13-alle-20.37.01.jpg","type":"image\/jpeg"}],"author":"Giovanni Collot","twitter_card":"summary_large_image","twitter_image":"https:\/\/legrandcontinent.eu\/fr\/wp-content\/uploads\/sites\/2\/2020\/05\/Grafica-2020-05-13-alle-20.37.01.jpg","twitter_misc":{"\u00c9crit par":"Giovanni Collot","Dur\u00e9e de lecture estim\u00e9e":"11 minutes"},"schema":{"@context":"https:\/\/schema.org","@graph":[{"@type":"WebPage","@id":"https:\/\/legrandcontinent.eu\/fr\/2020\/05\/13\/nucleaire-talon-dachille-ou-atout-de-relance-economique\/","url":"https:\/\/legrandcontinent.eu\/fr\/2020\/05\/13\/nucleaire-talon-dachille-ou-atout-de-relance-economique\/","name":"Nucl\u00e9aire : talon d\u2019Achille ou atout de relance \u00e9conomique ? | Le Grand Continent","isPartOf":{"@id":"https:\/\/legrandcontinent.eu\/fr\/#website"},"primaryImageOfPage":{"@id":"https:\/\/legrandcontinent.eu\/fr\/2020\/05\/13\/nucleaire-talon-dachille-ou-atout-de-relance-economique\/#primaryimage"},"image":{"@id":"https:\/\/legrandcontinent.eu\/fr\/2020\/05\/13\/nucleaire-talon-dachille-ou-atout-de-relance-economique\/#primaryimage"},"thumbnailUrl":"https:\/\/legrandcontinent.eu\/fr\/wp-content\/uploads\/sites\/2\/2020\/05\/pasted-image-0.png","datePublished":"2020-05-13T18:38:08+00:00","dateModified":"2020-05-14T08:14:22+00:00","author":{"@id":"https:\/\/legrandcontinent.eu\/fr\/#\/schema\/person\/953192c3de3c2331be3997745a2f12ef"},"breadcrumb":{"@id":"https:\/\/legrandcontinent.eu\/fr\/2020\/05\/13\/nucleaire-talon-dachille-ou-atout-de-relance-economique\/#breadcrumb"},"inLanguage":"fr-FR","potentialAction":[{"@type":"ReadAction","target":["https:\/\/legrandcontinent.eu\/fr\/2020\/05\/13\/nucleaire-talon-dachille-ou-atout-de-relance-economique\/"]}]},{"@type":"ImageObject","inLanguage":"fr-FR","@id":"https:\/\/legrandcontinent.eu\/fr\/2020\/05\/13\/nucleaire-talon-dachille-ou-atout-de-relance-economique\/#primaryimage","url":"https:\/\/legrandcontinent.eu\/fr\/wp-content\/uploads\/sites\/2\/2020\/05\/pasted-image-0.png","contentUrl":"https:\/\/legrandcontinent.eu\/fr\/wp-content\/uploads\/sites\/2\/2020\/05\/pasted-image-0.png","width":572,"height":253,"caption":"Figure 2 - Mix de production d\u2019\u00e9lectricit\u00e9 en France du vendredi 27 mars au dimanche 29 mars 2020 (donn\u00e9es provisoire)"},{"@type":"BreadcrumbList","@id":"https:\/\/legrandcontinent.eu\/fr\/2020\/05\/13\/nucleaire-talon-dachille-ou-atout-de-relance-economique\/#breadcrumb","itemListElement":[{"@type":"ListItem","position":1,"name":"Accueil","item":"https:\/\/legrandcontinent.eu\/fr\/"},{"@type":"ListItem","position":2,"name":"Nucl\u00e9aire&#160;: talon d\u2019Achille ou atout de relance \u00e9conomique&#160;?"}]},{"@type":"WebSite","@id":"https:\/\/legrandcontinent.eu\/fr\/#website","url":"https:\/\/legrandcontinent.eu\/fr\/","name":"Le Grand Continent","description":"L&#039;\u00e9chelle pertinente","potentialAction":[{"@type":"SearchAction","target":{"@type":"EntryPoint","urlTemplate":"https:\/\/legrandcontinent.eu\/fr\/?s={search_term_string}"},"query-input":{"@type":"PropertyValueSpecification","valueRequired":true,"valueName":"search_term_string"}}],"inLanguage":"fr-FR"},{"@type":"Person","@id":"https:\/\/legrandcontinent.eu\/fr\/#\/schema\/person\/953192c3de3c2331be3997745a2f12ef","name":"Giovanni Collot","image":{"@type":"ImageObject","inLanguage":"fr-FR","@id":"https:\/\/legrandcontinent.eu\/fr\/#\/schema\/person\/image\/","url":"https:\/\/secure.gravatar.com\/avatar\/d93cac37237065a8de4498df3db60dde?s=96&d=mm&r=g","contentUrl":"https:\/\/secure.gravatar.com\/avatar\/d93cac37237065a8de4498df3db60dde?s=96&d=mm&r=g","caption":"Giovanni Collot"}}]}},"lgc_categories":[{"id":1730,"name":"\u00c9nergie et environnement","slug":"energie-et-environnement"}],"lgc_author":{"id":1592,"name":"Antonio Vaya Soler","slug":"antonio-vaya-soler","description":"Antonio Vay\u00e1 Soler est analyste au sein de l'Agence de l'OCDE pour l'\u00e9nergie nucl\u00e9aire.","first_name":"Antonio ","last_name":"Vaya Soler","picture":{"url":"https:\/\/legrandcontinent.eu\/fr\/wp-content\/uploads\/sites\/2\/2024\/09\/gc-Vaya-Soler.png","width":695,"height":698,"alt":""}},"feature_image_summary":{"url":"https:\/\/legrandcontinent.eu\/fr\/wp-content\/uploads\/sites\/2\/2020\/05\/pasted-image-0.png","width":572,"height":253,"alt":"Graphique 2 nucl\u00e9aire projets planning construction centrales nucl\u00e9aires relance \u00e9conomique \u00e9nergie \u00e9conomie environnement"},"feature_image_cover":null,"term_position_data":null,"_links":{"self":[{"href":"https:\/\/legrandcontinent.eu\/fr\/wp-json\/wp\/v2\/posts\/72578","targetHints":{"allow":["GET"]}}],"collection":[{"href":"https:\/\/legrandcontinent.eu\/fr\/wp-json\/wp\/v2\/posts"}],"about":[{"href":"https:\/\/legrandcontinent.eu\/fr\/wp-json\/wp\/v2\/types\/post"}],"author":[{"embeddable":true,"href":"https:\/\/legrandcontinent.eu\/fr\/wp-json\/wp\/v2\/users\/175"}],"replies":[{"embeddable":true,"href":"https:\/\/legrandcontinent.eu\/fr\/wp-json\/wp\/v2\/comments?post=72578"}],"version-history":[{"count":0,"href":"https:\/\/legrandcontinent.eu\/fr\/wp-json\/wp\/v2\/posts\/72578\/revisions"}],"wp:featuredmedia":[{"embeddable":true,"href":"https:\/\/legrandcontinent.eu\/fr\/wp-json\/wp\/v2\/media\/72580"}],"wp:attachment":[{"href":"https:\/\/legrandcontinent.eu\/fr\/wp-json\/wp\/v2\/media?parent=72578"}],"wp:term":[{"taxonomy":"category","embeddable":true,"href":"https:\/\/legrandcontinent.eu\/fr\/wp-json\/wp\/v2\/categories?post=72578"},{"taxonomy":"post_tag","embeddable":true,"href":"https:\/\/legrandcontinent.eu\/fr\/wp-json\/wp\/v2\/tags?post=72578"},{"taxonomy":"staff","embeddable":true,"href":"https:\/\/legrandcontinent.eu\/fr\/wp-json\/wp\/v2\/staff?post=72578"},{"taxonomy":"editorial_format","embeddable":true,"href":"https:\/\/legrandcontinent.eu\/fr\/wp-json\/wp\/v2\/editorial_format?post=72578"},{"taxonomy":"serie","embeddable":true,"href":"https:\/\/legrandcontinent.eu\/fr\/wp-json\/wp\/v2\/serie?post=72578"},{"taxonomy":"audience","embeddable":true,"href":"https:\/\/legrandcontinent.eu\/fr\/wp-json\/wp\/v2\/audience?post=72578"},{"taxonomy":"geo","embeddable":true,"href":"https:\/\/legrandcontinent.eu\/fr\/wp-json\/wp\/v2\/geo?post=72578"}],"curies":[{"name":"wp","href":"https:\/\/api.w.org\/{rel}","templated":true}]}}