{"id":71065,"date":"2020-05-05T10:08:10","date_gmt":"2020-05-05T08:08:10","guid":{"rendered":"https:\/\/legrandcontinent.eu\/fr\/?p=71065"},"modified":"2020-05-05T10:08:12","modified_gmt":"2020-05-05T08:08:12","slug":"dix-ans-apres-lausterite","status":"publish","type":"post","link":"https:\/\/legrandcontinent.eu\/fr\/2020\/05\/05\/dix-ans-apres-lausterite\/","title":{"rendered":"Dix ans apr\u00e8s l\u2019aust\u00e9rit\u00e9"},"content":{"rendered":"\n<p>La journ\u00e9e d&rsquo;aujourd&rsquo;hui marque les dix ans de la naissance du Mouvement anti-aust\u00e9rit\u00e9 en Gr\u00e8ce, le 5 mai 2010. L\u2019histoire fait parfois bien les choses. En pleine crise \u00e9conomique et sanitaire en 2020, quels enseignements tirer de cet anniversaire&#160;?<\/p>\n\n\n\n<div class=\"iframe-container wp-block-image wp-block-image-medium  iframe-dw\">\n\t<div>\n\t\t<iframe class=\"absolute w-full h-full pin-t pin-l\" title=\"titolo\" aria-label=\"Interactive line chart\" src=\"\/\/datawrapper.dwcdn.net\/3zVjF\/1\/\" scrolling=\"no\" frameborder=\"0\"><\/iframe>\n\t<\/div>\n<\/div>\n\n\n\n<ul class=\"wp-block-list\"><li><strong>La version de Yanis.<\/strong>\u00a0\u00ab&#160;L\u2019effet de la crise \u00e9conomique sur l\u2019Europe aurait pu \u00eatre \u00e9vit\u00e9. Et c\u2019est bien l\u00e0 le probl\u00e8me&#160;\u00bb, affirmait Yanis Varouf\u00e1kis dans un entretien avec le Grand Continent.&nbsp;<span class='whitespace-nowrap'><span id='easy-footnote-1-71065' class='easy-footnote-margin-adjust'><\/span><span class='easy-footnote'><a href='https:\/\/legrandcontinent.eu\/fr\/2020\/05\/05\/dix-ans-apres-lausterite\/#easy-footnote-bottom-1-71065' title='BLOJ Ramona, GRESSANI Gilles, S&lt;a href=&quot;https:\/\/legrandcontinent.eu\/fr\/2018\/02\/07\/nous-avons-rencontre-yanis-varoufakis\/?utm_source=LLDL+-+Fran%C3%A7ais&amp;amp;utm_campaign=3c3db80433-EMAIL_CAMPAIGN_2020_05_03_05_28&amp;amp;utm_medium=email&amp;amp;utm_term=0_8dff9a737a-3c3db80433-123122823&amp;amp;mc_cid=3c3db80433&amp;amp;mc_eid=f9b412825a&quot;&gt;ur la souverainet\u00e9 europ\u00e9enne, une conversation avec Y\u00e1nis Varouf\u00e1kis, &lt;\/a&gt;Le Grand Continent, 7 f\u00e9vrier 2018'><sup>1<\/sup><\/a><\/span><\/span><\/li><li><strong>Le coupable tout d\u00e9sign\u00e9&#160;:<\/strong>\u00a0le n\u00e9olib\u00e9ralisme et l\u2019UE&#160;? Une \u00e9tude fouill\u00e9e du rapport des forces montre que ni la technocratie bruxelloise, ni l&rsquo;h\u00e9g\u00e9monie qu&rsquo;on pr\u00eate \u00e0 l&rsquo;Allemagne sur le continent ne sont responsables du primat de la doctrine n\u00e9olib\u00e9rale. Celle-ci trouve ses origines ailleurs&#160;: dans un syst\u00e8me de gouvernance intergouvernemental.&nbsp;<span class='whitespace-nowrap'><span id='easy-footnote-2-71065' class='easy-footnote-margin-adjust'><\/span><span class='easy-footnote'><a href='https:\/\/legrandcontinent.eu\/fr\/2020\/05\/05\/dix-ans-apres-lausterite\/#easy-footnote-bottom-2-71065' title='MULDER Nicholas, &lt;a href=&quot;https:\/\/legrandcontinent.eu\/fr\/2019\/06\/05\/aux-origines-du-neoliberalisme\/?utm_source=LLDL+-+Fran%C3%A7ais&amp;amp;utm_campaign=3c3db80433-EMAIL_CAMPAIGN_2020_05_03_05_28&amp;amp;utm_medium=email&amp;amp;utm_term=0_8dff9a737a-3c3db80433-123122823&amp;amp;mc_cid=3c3db80433&amp;amp;mc_eid=f9b412825a&quot;&gt;Aux origines du n\u00e9olib\u00e9ralisme, &lt;\/a&gt;Le Grand Continent, 5 juin 2019'><sup>2<\/sup><\/a><\/span><\/span><\/li><li><strong>Comment peut-on \u00eatre n\u00e9olib\u00e9ral&#160;?\u00a0<\/strong><em>Le Grand Continent<\/em> a lanc\u00e9 depuis quelques mois un d\u00e9bat sur sur le n\u00e9olib\u00e9ralisme (ici\u00a0<a rel=\"noreferrer noopener\" href=\"https:\/\/lldl.us14.list-manage.com\/track\/click?u=10762824cc6c812ec1f389f08&amp;id=84b3ac4430&amp;e=f9b412825a\" target=\"_blank\">Naidu, Rodrik, Zucman<\/a>, ici\u00a0<a rel=\"noreferrer noopener\" href=\"https:\/\/lldl.us14.list-manage.com\/track\/click?u=10762824cc6c812ec1f389f08&amp;id=8647880764&amp;e=f9b412825a\" target=\"_blank\">Chiapello<\/a>). Cette semaine l&rsquo;\u00e9conomiste Gilles Saint-Paul critique la notion m\u00eame de n\u00e9olib\u00e9ralisme et r\u00e9affirme avec vigueur la position lib\u00e9rale, contre les pressions de ce qu\u2019il appelle la Cath\u00e9drale&#160;: \u00ab&#160;Nous pouvons postuler l\u2019existence d\u2019une convergence d\u2019int\u00e9r\u00eats entre l\u2019administration, le monde universitaire et (sans doute) les m\u00e9dias officiels que nous appellerons complexe administrativo-m\u00e9diatico-universitaire ou, pour faire court, la Cath\u00e9drale.&#160;\u00bb&nbsp;<span class='whitespace-nowrap'><span id='easy-footnote-3-71065' class='easy-footnote-margin-adjust'><\/span><span class='easy-footnote'><a href='https:\/\/legrandcontinent.eu\/fr\/2020\/05\/05\/dix-ans-apres-lausterite\/#easy-footnote-bottom-3-71065' title='SAINT-PAUL Gilles, &lt;a href=&quot;https:\/\/legrandcontinent.eu\/fr\/2020\/05\/01\/contre-la-cathedrale\/?utm_source=LLDL+-+Fran%C3%A7ais&amp;amp;utm_campaign=3c3db80433-EMAIL_CAMPAIGN_2020_05_03_05_28&amp;amp;utm_medium=email&amp;amp;utm_term=0_8dff9a737a-3c3db80433-123122823&amp;amp;mc_cid=3c3db80433&amp;amp;mc_eid=f9b412825a&quot;&gt;Contre la Cath\u00e9drale&lt;\/a&gt;, Le Grand Continent, 1 mai 2020'><sup>3<\/sup><\/a><\/span><\/span><\/li><\/ul>\n\n\n\n<p><em><strong>Nota bene<\/strong>&#160;: Ce mardi, Le Tribunal constitutionnel f\u00e9d\u00e9ral allemand rendra son verdict final sur le programme d&rsquo;assouplissement quantitatif de la BCE (PSPP). La Cour pourrait statuer que les rachats de dette publique, sans plafonds, sont des financements mon\u00e9taires des \u00c9tats, interdits par les Trait\u00e9s<\/em><\/p>\n","protected":false},"excerpt":{"rendered":"<p>La journ\u00e9e d&rsquo;aujourd&rsquo;hui marque les dix ans de la naissance du Mouvement anti-aust\u00e9rit\u00e9 en Gr\u00e8ce, le 5 mai 2010. L\u2019histoire fait parfois bien les choses. En pleine crise \u00e9conomique et sanitaire, quels enseignements tirer de cet anniversaire&#160;&#160;?<\/p>\n","protected":false},"author":175,"featured_media":71066,"comment_status":"closed","ping_status":"closed","sticky":false,"template":"templates\/post-briefings.php","format":"standard","meta":{"_acf_changed":false,"_trash_the_other_posts":false,"_yoast_wpseo_estimated-reading-time-minutes":0,"footnotes":""},"categories":[1727,2210],"tags":[2281],"staff":[1780],"editorial_format":[],"serie":[],"audience":[],"geo":[1917],"class_list":["post-71065","post","type-post","status-publish","format-standard","hentry","category-economie","category-sante-publique","tag-coronavirus","staff-le-grand-continent","geo-europe"],"acf":{"open_in_webview":false,"accent":false,"_thumbnail_id":71066,"excerpt":"La journ\u00e9e d'aujourd'hui marque les dix ans de la naissance du Mouvement anti-aust\u00e9rit\u00e9 en Gr\u00e8ce, le 5 mai 2010. L\u2019histoire fait parfois bien les choses. En pleine crise \u00e9conomique et sanitaire, quels enseignements tirer de cet anniversaire ?","display_date":"","new_abstract":true},"yoast_head":"<!-- This site is optimized with the Yoast SEO plugin v26.1.1 - https:\/\/yoast.com\/wordpress\/plugins\/seo\/ -->\n<title>Dix ans apr\u00e8s l\u2019aust\u00e9rit\u00e9 | Le Grand Continent<\/title>\n<meta name=\"robots\" content=\"index, follow, max-snippet:-1, max-image-preview:large, max-video-preview:-1\" \/>\n<link rel=\"canonical\" href=\"https:\/\/legrandcontinent.eu\/fr\/2020\/05\/05\/dix-ans-apres-lausterite\/\" \/>\n<meta property=\"og:locale\" content=\"fr_FR\" \/>\n<meta property=\"og:type\" content=\"article\" \/>\n<meta property=\"og:title\" content=\"Dix ans apr\u00e8s l\u2019aust\u00e9rit\u00e9 | Le Grand Continent\" \/>\n<meta property=\"og:description\" content=\"La journ\u00e9e d&#039;aujourd&#039;hui marque les dix ans de la naissance du Mouvement anti-aust\u00e9rit\u00e9 en Gr\u00e8ce, le 5 mai 2010. L\u2019histoire fait parfois bien les choses. En pleine crise \u00e9conomique et sanitaire, quels enseignements tirer de cet anniversaire&#160;?\" \/>\n<meta property=\"og:url\" content=\"https:\/\/legrandcontinent.eu\/fr\/2020\/05\/05\/dix-ans-apres-lausterite\/\" \/>\n<meta property=\"og:site_name\" content=\"Le Grand Continent\" \/>\n<meta property=\"article:published_time\" content=\"2020-05-05T08:08:10+00:00\" \/>\n<meta property=\"article:modified_time\" content=\"2020-05-05T08:08:12+00:00\" \/>\n<meta property=\"og:image\" content=\"https:\/\/legrandcontinent.eu\/fr\/wp-content\/uploads\/sites\/2\/2020\/05\/3zVjF-volution-de-la-dette-publique-brute-consolid-e-de-la-gr-ce-en-du-pib-.png\" \/>\n\t<meta property=\"og:image:width\" content=\"1240\" \/>\n\t<meta property=\"og:image:height\" content=\"840\" \/>\n\t<meta property=\"og:image:type\" content=\"image\/png\" \/>\n<meta name=\"author\" content=\"Giovanni Collot\" \/>\n<meta name=\"twitter:card\" content=\"summary_large_image\" \/>\n<meta name=\"twitter:image\" content=\"https:\/\/legrandcontinent.eu\/fr\/wp-content\/uploads\/sites\/2\/2020\/05\/3zVjF-volution-de-la-dette-publique-brute-consolid-e-de-la-gr-ce-en-du-pib-.png\" \/>\n<meta name=\"twitter:label1\" content=\"\u00c9crit par\" \/>\n\t<meta name=\"twitter:data1\" content=\"Giovanni Collot\" \/>\n\t<meta name=\"twitter:label2\" content=\"Dur\u00e9e de lecture estim\u00e9e\" \/>\n\t<meta name=\"twitter:data2\" content=\"2 minutes\" \/>\n<script type=\"application\/ld+json\" class=\"yoast-schema-graph\">{\"@context\":\"https:\/\/schema.org\",\"@graph\":[{\"@type\":\"WebPage\",\"@id\":\"https:\/\/legrandcontinent.eu\/fr\/2020\/05\/05\/dix-ans-apres-lausterite\/\",\"url\":\"https:\/\/legrandcontinent.eu\/fr\/2020\/05\/05\/dix-ans-apres-lausterite\/\",\"name\":\"Dix ans apr\u00e8s l\u2019aust\u00e9rit\u00e9 | Le Grand Continent\",\"isPartOf\":{\"@id\":\"https:\/\/legrandcontinent.eu\/fr\/#website\"},\"primaryImageOfPage\":{\"@id\":\"https:\/\/legrandcontinent.eu\/fr\/2020\/05\/05\/dix-ans-apres-lausterite\/#primaryimage\"},\"image\":{\"@id\":\"https:\/\/legrandcontinent.eu\/fr\/2020\/05\/05\/dix-ans-apres-lausterite\/#primaryimage\"},\"thumbnailUrl\":\"https:\/\/legrandcontinent.eu\/fr\/wp-content\/uploads\/sites\/2\/2020\/05\/3zVjF-volution-de-la-dette-publique-brute-consolid-e-de-la-gr-ce-en-du-pib-.png\",\"datePublished\":\"2020-05-05T08:08:10+00:00\",\"dateModified\":\"2020-05-05T08:08:12+00:00\",\"author\":{\"@id\":\"https:\/\/legrandcontinent.eu\/fr\/#\/schema\/person\/953192c3de3c2331be3997745a2f12ef\"},\"breadcrumb\":{\"@id\":\"https:\/\/legrandcontinent.eu\/fr\/2020\/05\/05\/dix-ans-apres-lausterite\/#breadcrumb\"},\"inLanguage\":\"fr-FR\",\"potentialAction\":[{\"@type\":\"ReadAction\",\"target\":[\"https:\/\/legrandcontinent.eu\/fr\/2020\/05\/05\/dix-ans-apres-lausterite\/\"]}]},{\"@type\":\"ImageObject\",\"inLanguage\":\"fr-FR\",\"@id\":\"https:\/\/legrandcontinent.eu\/fr\/2020\/05\/05\/dix-ans-apres-lausterite\/#primaryimage\",\"url\":\"https:\/\/legrandcontinent.eu\/fr\/wp-content\/uploads\/sites\/2\/2020\/05\/3zVjF-volution-de-la-dette-publique-brute-consolid-e-de-la-gr-ce-en-du-pib-.png\",\"contentUrl\":\"https:\/\/legrandcontinent.eu\/fr\/wp-content\/uploads\/sites\/2\/2020\/05\/3zVjF-volution-de-la-dette-publique-brute-consolid-e-de-la-gr-ce-en-du-pib-.png\",\"width\":1240,\"height\":840,\"caption\":\"Graphique \u00a9\u202fLGC\u202f: \u00c9volution de la dette publique brute consolid\u00e9e de la Gr\u00e8ce (en % du PIB)\"},{\"@type\":\"BreadcrumbList\",\"@id\":\"https:\/\/legrandcontinent.eu\/fr\/2020\/05\/05\/dix-ans-apres-lausterite\/#breadcrumb\",\"itemListElement\":[{\"@type\":\"ListItem\",\"position\":1,\"name\":\"Accueil\",\"item\":\"https:\/\/legrandcontinent.eu\/fr\/\"},{\"@type\":\"ListItem\",\"position\":2,\"name\":\"Dix ans apr\u00e8s l\u2019aust\u00e9rit\u00e9\"}]},{\"@type\":\"WebSite\",\"@id\":\"https:\/\/legrandcontinent.eu\/fr\/#website\",\"url\":\"https:\/\/legrandcontinent.eu\/fr\/\",\"name\":\"Le Grand Continent\",\"description\":\"L&#039;\u00e9chelle pertinente\",\"potentialAction\":[{\"@type\":\"SearchAction\",\"target\":{\"@type\":\"EntryPoint\",\"urlTemplate\":\"https:\/\/legrandcontinent.eu\/fr\/?s={search_term_string}\"},\"query-input\":{\"@type\":\"PropertyValueSpecification\",\"valueRequired\":true,\"valueName\":\"search_term_string\"}}],\"inLanguage\":\"fr-FR\"},{\"@type\":\"Person\",\"@id\":\"https:\/\/legrandcontinent.eu\/fr\/#\/schema\/person\/953192c3de3c2331be3997745a2f12ef\",\"name\":\"Giovanni Collot\",\"image\":{\"@type\":\"ImageObject\",\"inLanguage\":\"fr-FR\",\"@id\":\"https:\/\/legrandcontinent.eu\/fr\/#\/schema\/person\/image\/\",\"url\":\"https:\/\/secure.gravatar.com\/avatar\/d93cac37237065a8de4498df3db60dde?s=96&d=mm&r=g\",\"contentUrl\":\"https:\/\/secure.gravatar.com\/avatar\/d93cac37237065a8de4498df3db60dde?s=96&d=mm&r=g\",\"caption\":\"Giovanni Collot\"}}]}<\/script>\n<!-- \/ Yoast SEO plugin. -->","yoast_head_json":{"title":"Dix ans apr\u00e8s l\u2019aust\u00e9rit\u00e9 | Le Grand Continent","robots":{"index":"index","follow":"follow","max-snippet":"max-snippet:-1","max-image-preview":"max-image-preview:large","max-video-preview":"max-video-preview:-1"},"canonical":"https:\/\/legrandcontinent.eu\/fr\/2020\/05\/05\/dix-ans-apres-lausterite\/","og_locale":"fr_FR","og_type":"article","og_title":"Dix ans apr\u00e8s l\u2019aust\u00e9rit\u00e9 | Le Grand Continent","og_description":"La journ\u00e9e d'aujourd'hui marque les dix ans de la naissance du Mouvement anti-aust\u00e9rit\u00e9 en Gr\u00e8ce, le 5 mai 2010. L\u2019histoire fait parfois bien les choses. En pleine crise \u00e9conomique et sanitaire, quels enseignements tirer de cet anniversaire&#160;?","og_url":"https:\/\/legrandcontinent.eu\/fr\/2020\/05\/05\/dix-ans-apres-lausterite\/","og_site_name":"Le Grand Continent","article_published_time":"2020-05-05T08:08:10+00:00","article_modified_time":"2020-05-05T08:08:12+00:00","og_image":[{"width":1240,"height":840,"url":"https:\/\/legrandcontinent.eu\/fr\/wp-content\/uploads\/sites\/2\/2020\/05\/3zVjF-volution-de-la-dette-publique-brute-consolid-e-de-la-gr-ce-en-du-pib-.png","type":"image\/png"}],"author":"Giovanni Collot","twitter_card":"summary_large_image","twitter_image":"https:\/\/legrandcontinent.eu\/fr\/wp-content\/uploads\/sites\/2\/2020\/05\/3zVjF-volution-de-la-dette-publique-brute-consolid-e-de-la-gr-ce-en-du-pib-.png","twitter_misc":{"\u00c9crit par":"Giovanni Collot","Dur\u00e9e de lecture estim\u00e9e":"2 minutes"},"schema":{"@context":"https:\/\/schema.org","@graph":[{"@type":"WebPage","@id":"https:\/\/legrandcontinent.eu\/fr\/2020\/05\/05\/dix-ans-apres-lausterite\/","url":"https:\/\/legrandcontinent.eu\/fr\/2020\/05\/05\/dix-ans-apres-lausterite\/","name":"Dix ans apr\u00e8s l\u2019aust\u00e9rit\u00e9 | Le Grand Continent","isPartOf":{"@id":"https:\/\/legrandcontinent.eu\/fr\/#website"},"primaryImageOfPage":{"@id":"https:\/\/legrandcontinent.eu\/fr\/2020\/05\/05\/dix-ans-apres-lausterite\/#primaryimage"},"image":{"@id":"https:\/\/legrandcontinent.eu\/fr\/2020\/05\/05\/dix-ans-apres-lausterite\/#primaryimage"},"thumbnailUrl":"https:\/\/legrandcontinent.eu\/fr\/wp-content\/uploads\/sites\/2\/2020\/05\/3zVjF-volution-de-la-dette-publique-brute-consolid-e-de-la-gr-ce-en-du-pib-.png","datePublished":"2020-05-05T08:08:10+00:00","dateModified":"2020-05-05T08:08:12+00:00","author":{"@id":"https:\/\/legrandcontinent.eu\/fr\/#\/schema\/person\/953192c3de3c2331be3997745a2f12ef"},"breadcrumb":{"@id":"https:\/\/legrandcontinent.eu\/fr\/2020\/05\/05\/dix-ans-apres-lausterite\/#breadcrumb"},"inLanguage":"fr-FR","potentialAction":[{"@type":"ReadAction","target":["https:\/\/legrandcontinent.eu\/fr\/2020\/05\/05\/dix-ans-apres-lausterite\/"]}]},{"@type":"ImageObject","inLanguage":"fr-FR","@id":"https:\/\/legrandcontinent.eu\/fr\/2020\/05\/05\/dix-ans-apres-lausterite\/#primaryimage","url":"https:\/\/legrandcontinent.eu\/fr\/wp-content\/uploads\/sites\/2\/2020\/05\/3zVjF-volution-de-la-dette-publique-brute-consolid-e-de-la-gr-ce-en-du-pib-.png","contentUrl":"https:\/\/legrandcontinent.eu\/fr\/wp-content\/uploads\/sites\/2\/2020\/05\/3zVjF-volution-de-la-dette-publique-brute-consolid-e-de-la-gr-ce-en-du-pib-.png","width":1240,"height":840,"caption":"Graphique \u00a9\u202fLGC\u202f: \u00c9volution de la dette publique brute consolid\u00e9e de la Gr\u00e8ce (en % du PIB)"},{"@type":"BreadcrumbList","@id":"https:\/\/legrandcontinent.eu\/fr\/2020\/05\/05\/dix-ans-apres-lausterite\/#breadcrumb","itemListElement":[{"@type":"ListItem","position":1,"name":"Accueil","item":"https:\/\/legrandcontinent.eu\/fr\/"},{"@type":"ListItem","position":2,"name":"Dix ans apr\u00e8s l\u2019aust\u00e9rit\u00e9"}]},{"@type":"WebSite","@id":"https:\/\/legrandcontinent.eu\/fr\/#website","url":"https:\/\/legrandcontinent.eu\/fr\/","name":"Le Grand Continent","description":"L&#039;\u00e9chelle pertinente","potentialAction":[{"@type":"SearchAction","target":{"@type":"EntryPoint","urlTemplate":"https:\/\/legrandcontinent.eu\/fr\/?s={search_term_string}"},"query-input":{"@type":"PropertyValueSpecification","valueRequired":true,"valueName":"search_term_string"}}],"inLanguage":"fr-FR"},{"@type":"Person","@id":"https:\/\/legrandcontinent.eu\/fr\/#\/schema\/person\/953192c3de3c2331be3997745a2f12ef","name":"Giovanni Collot","image":{"@type":"ImageObject","inLanguage":"fr-FR","@id":"https:\/\/legrandcontinent.eu\/fr\/#\/schema\/person\/image\/","url":"https:\/\/secure.gravatar.com\/avatar\/d93cac37237065a8de4498df3db60dde?s=96&d=mm&r=g","contentUrl":"https:\/\/secure.gravatar.com\/avatar\/d93cac37237065a8de4498df3db60dde?s=96&d=mm&r=g","caption":"Giovanni Collot"}}]}},"lgc_categories":[{"id":1727,"name":"\u00c9conomie","slug":"economie"},{"id":2210,"name":"Sant\u00e9 publique","slug":"sante-publique"}],"lgc_author":{"id":1780,"name":"Le Grand Continent","slug":"le-grand-continent","description":null,"first_name":null,"last_name":null,"picture":null},"feature_image_summary":{"url":"https:\/\/legrandcontinent.eu\/fr\/wp-content\/uploads\/sites\/2\/2020\/05\/3zVjF-volution-de-la-dette-publique-brute-consolid-e-de-la-gr-ce-en-du-pib-.png","width":1240,"height":840,"alt":"Graphique \u00e9volution de la dette publique brute consolid\u00e9e de la Gr\u00e8ce en % du PIB Dix ans apr\u00e8s l\u2019aust\u00e9rit\u00e9 BCE UE crise grecque dette souveraine Yanis Varoufakis Mouvement anti-asut\u00e9rit\u00e9 aust\u00e9rit\u00e9 budg\u00e9taire \u00c9tat Merkel Turquie FMI"},"feature_image_cover":null,"term_position_data":null,"_links":{"self":[{"href":"https:\/\/legrandcontinent.eu\/fr\/wp-json\/wp\/v2\/posts\/71065","targetHints":{"allow":["GET"]}}],"collection":[{"href":"https:\/\/legrandcontinent.eu\/fr\/wp-json\/wp\/v2\/posts"}],"about":[{"href":"https:\/\/legrandcontinent.eu\/fr\/wp-json\/wp\/v2\/types\/post"}],"author":[{"embeddable":true,"href":"https:\/\/legrandcontinent.eu\/fr\/wp-json\/wp\/v2\/users\/175"}],"replies":[{"embeddable":true,"href":"https:\/\/legrandcontinent.eu\/fr\/wp-json\/wp\/v2\/comments?post=71065"}],"version-history":[{"count":0,"href":"https:\/\/legrandcontinent.eu\/fr\/wp-json\/wp\/v2\/posts\/71065\/revisions"}],"wp:featuredmedia":[{"embeddable":true,"href":"https:\/\/legrandcontinent.eu\/fr\/wp-json\/wp\/v2\/media\/71066"}],"wp:attachment":[{"href":"https:\/\/legrandcontinent.eu\/fr\/wp-json\/wp\/v2\/media?parent=71065"}],"wp:term":[{"taxonomy":"category","embeddable":true,"href":"https:\/\/legrandcontinent.eu\/fr\/wp-json\/wp\/v2\/categories?post=71065"},{"taxonomy":"post_tag","embeddable":true,"href":"https:\/\/legrandcontinent.eu\/fr\/wp-json\/wp\/v2\/tags?post=71065"},{"taxonomy":"staff","embeddable":true,"href":"https:\/\/legrandcontinent.eu\/fr\/wp-json\/wp\/v2\/staff?post=71065"},{"taxonomy":"editorial_format","embeddable":true,"href":"https:\/\/legrandcontinent.eu\/fr\/wp-json\/wp\/v2\/editorial_format?post=71065"},{"taxonomy":"serie","embeddable":true,"href":"https:\/\/legrandcontinent.eu\/fr\/wp-json\/wp\/v2\/serie?post=71065"},{"taxonomy":"audience","embeddable":true,"href":"https:\/\/legrandcontinent.eu\/fr\/wp-json\/wp\/v2\/audience?post=71065"},{"taxonomy":"geo","embeddable":true,"href":"https:\/\/legrandcontinent.eu\/fr\/wp-json\/wp\/v2\/geo?post=71065"}],"curies":[{"name":"wp","href":"https:\/\/api.w.org\/{rel}","templated":true}]}}