{"id":67873,"date":"2020-04-11T15:00:48","date_gmt":"2020-04-11T13:00:48","guid":{"rendered":"https:\/\/legrandcontinent.eu\/fr\/?p=67873"},"modified":"2020-04-11T15:00:50","modified_gmt":"2020-04-11T13:00:50","slug":"les-tensions-se-poursuivent-en-irak-malgre-le-coronavirus","status":"publish","type":"post","link":"https:\/\/legrandcontinent.eu\/fr\/2020\/04\/11\/les-tensions-se-poursuivent-en-irak-malgre-le-coronavirus\/","title":{"rendered":"Les tensions se poursuivent en Irak malgr\u00e9 le coronavirus"},"content":{"rendered":"\n<p><em>Bagdad.<\/em> L&rsquo;Irak ne parvient pas \u00e0 sortir d\u2019une impasse qui a commenc\u00e9 en novembre 2019, \u00e0 la suite des manifestations qui ont conduit \u00e0 la d\u00e9mission du premier ministre Adel Abdel-Mahdi le 29 novembre. La premi\u00e8re tentative de former un gouvernement a \u00e9chou\u00e9 le 1<sup>er<\/sup> mars quand Mohammed Taoufiq Allaoui, ancien ministre des communications, a d\u00fb d\u00e9missionner \u00e0 son tour.<\/p>\n\n\n\n<p>Le 17 mars, Adnan al-Zourfi, ancien gouverneur de Najaf, a alors \u00e9t\u00e9 nomm\u00e9 par le pr\u00e9sident irakien Barham Salih pour former un gouvernement avant le 17 avril. Al-Zourfi, habituellement plut\u00f4t critique de l\u2019Iran (il s\u2019\u00e9tait oppos\u00e9 \u00e0 l\u2019expulsion des troupes US d\u2019Irak apr\u00e8s la mort de Soleimani), avait cependant cherch\u00e9 \u00e0 pr\u00e9senter un visage plus neutre au cours des derni\u00e8res semaines, appelant notamment \u00e0 la lev\u00e9e des sanctions contre l\u2019Iran&nbsp;<span class='whitespace-nowrap'><span id='easy-footnote-1-67873' class='easy-footnote-margin-adjust'><\/span><span class='easy-footnote'><a href='https:\/\/legrandcontinent.eu\/fr\/2020\/04\/11\/les-tensions-se-poursuivent-en-irak-malgre-le-coronavirus\/#easy-footnote-bottom-1-67873' title='Hassan Ali Ahmed, \u00ab&amp;#160;&lt;a href=&quot;https:\/\/www.al-monitor.com\/pulse\/originals\/2020\/04\/iraq-us-iran-zurfi.html&quot;&gt;Iraqi PM-designate may be on futile mission to win Iranian support&lt;\/a&gt;\u00ab&amp;#160;, &lt;em&gt;Al-Monitor&lt;\/em&gt;, 1er avril 2020'><sup>1<\/sup><\/a><\/span><\/span>.\u00a0\u00a0<\/p>\n\n\n\n<p>Cependant, le lundi 30 mars, Ismael Qaani, <a href=\"https:\/\/legrandcontinent.eu\/fr\/2020\/01\/04\/10-points-sur-la-mort-de-soleymani\/\">qui a remplac\u00e9 Qassem Soleimani<\/a> \u00e0 la t\u00eate de la force Al-Qods des Gardiens de la r\u00e9volution, s\u2019est rendu \u00e0 Bagdad pour tenter de r\u00e9concilier les forces chiites dont la division favorisait la consolidation du pouvoir d\u2019Al-Zourfi. Cependant, d\u2019apr\u00e8s le journal <em>Al-Monitor<\/em>, la visite de Qaani s\u2019est conclue par plusieurs \u00e9checs&#160;: le grand ayatollah Sistani aurait refus\u00e9 de le rencontrer et Muqtada al-Sadr aurait annul\u00e9 un rendez-vous qu\u2019il avait avec lui, expliquant qu\u2019il ne fallait pas qu\u2019il y ait \u00ab&#160;d\u2019ing\u00e9rence \u00e9trang\u00e8re en Irak&#160;\u00bb. Ainsi, au contraire de Qassem Soleimani qui avait r\u00e9ussi \u00e0 unir les diff\u00e9rentes forces politiques chiites en Irak, la visite de Qaani aurait \u00e9t\u00e9 contreproductive, au moins dans un premier temps&nbsp;<span class='whitespace-nowrap'><span id='easy-footnote-2-67873' class='easy-footnote-margin-adjust'><\/span><span class='easy-footnote'><a href='https:\/\/legrandcontinent.eu\/fr\/2020\/04\/11\/les-tensions-se-poursuivent-en-irak-malgre-le-coronavirus\/#easy-footnote-bottom-2-67873' title='Hassan Ali Ahmed, \u00ab&amp;#160;&lt;a href=&quot;https:\/\/www.al-monitor.com\/pulse\/originals\/2020\/04\/iraq-iran-us-ghaani-zurfi.html&quot;&gt;Many Iraqi politicians resent IRGC meddling in their affairs&lt;\/a&gt;\u00ab&amp;#160;, &lt;em&gt;Al-Monitor&lt;\/em&gt;, 06 avril 2020'><sup>2<\/sup><\/a><\/span><\/span>.<\/p>\n\n\n\n<p>En effet, le 4 avril, Adnan Al-Zourfi a annonc\u00e9 avoir r\u00e9ussi \u00e0 former un gouvernement qu\u2019il pensait pouvoir obtenir une majorit\u00e9 parlementaire. En r\u00e9ponse \u00e0 cela, huit factions des Unit\u00e9s de mobilisation populaires (<em>Hachd-el Chaabi<\/em>) ont d\u00e9crit la proposition comme une \u00ab&#160;dangereuse escalade&#160;\u00bb de la part du \u00ab&#160;candidat des services am\u00e9ricains&#160;\u00bb&nbsp;<span class='whitespace-nowrap'><span id='easy-footnote-3-67873' class='easy-footnote-margin-adjust'><\/span><span class='easy-footnote'><a href='https:\/\/legrandcontinent.eu\/fr\/2020\/04\/11\/les-tensions-se-poursuivent-en-irak-malgre-le-coronavirus\/#easy-footnote-bottom-3-67873' title='\u00ab&amp;#160;&lt;a href=&quot;https:\/\/www.middleeastmonitor.com\/20200407-iraq-prime-minister-designate-forms-cabinet-ahead-of-deadline\/&quot;&gt;Iraq&amp;#160;: Prime Minister-designate forms cabinet ahead of deadline&lt;\/a&gt;\u00ab&amp;#160;, &lt;em&gt;Middle East Monitor&lt;\/em&gt;, 7 avril 2020.'><sup>3<\/sup><\/a><\/span><\/span>. En parall\u00e8le, le gouvernement propos\u00e9 par Al-Zourfi n\u2019a pas r\u00e9ussi \u00e0 obtenir de majorit\u00e9 parlementaire et Al-Zourfi a donn\u00e9 sa d\u00e9mission au pr\u00e9sident jeudi 9 avril au matin. A la suite de cette d\u00e9mission, le pr\u00e9sident irakien Barham Salih a demand\u00e9 \u00e0 Mustafa Al-Kadhimi, directeur des services de renseignement du pays depuis juin 2016, de tenter \u00e0 son tour de former un gouvernement.\u00a0<\/p>\n\n\n\n<p>Al-Kadhimi, n\u00e9 en 1967 \u00e0 Bagdad, quitte l\u2019Irak dans les ann\u00e9es 1980 en raison de son appartenance au parti Dawa et d\u2019une condamnation dont il fait l\u2019objet, en Iran puis au Royaume-Uni, o\u00f9 il se fait conna\u00eetre comme journaliste d\u2019opposition \u00e0 l\u2019\u00e9tranger. Rentr\u00e9 en Irak en 2003, il travaille comme journaliste et lance en 2007, avec Bahram Salih, le pr\u00e9sident irakien actuel, un hebdomadaire sobrement appel\u00e9 <em>Hebdomadaire<\/em>. Directeur de la fondation \u00ab&#160;Conversation humaine&#160;\u00bb, pendant plusieurs ann\u00e9es, il est nomm\u00e9 directeur des services de renseignement le 7 juin 2016 par Ha\u00efder al-Abadi, premier ministre de 2014 \u00e0 2018. Dans ce cadre, il aurait contribu\u00e9 \u00e0 d\u00e9manteler une fili\u00e8re iranienne cr\u00e9\u00e9e par la CIA en 2004, et lou\u00e9 le Guide Supr\u00eame iranien une \u00ab&#160;cause de paix globale&#160;\u00bb tout en conservant des relations constructives avec les forces am\u00e9ricaines&nbsp;<span class='whitespace-nowrap'><span id='easy-footnote-4-67873' class='easy-footnote-margin-adjust'><\/span><span class='easy-footnote'><a href='https:\/\/legrandcontinent.eu\/fr\/2020\/04\/11\/les-tensions-se-poursuivent-en-irak-malgre-le-coronavirus\/#easy-footnote-bottom-4-67873' title='\u00ab&amp;#160;&lt;a href=&quot;https:\/\/www.irna.ir\/news\/83744711\/%D9%85%D8%B5%D8%B5%D8%B7%D9%81%DB%8C-%D8%A7%D9%84%DA%A9%D8%A7%D8%B8%D9%85%DB%8C-%DA%A9%DB%8C%D8%B3%D8%AA&quot;&gt;\u0645\u0635\u0635\u0637\u0641\u06cc \u0627\u0644\u06a9\u0627\u0638\u0645\u06cc \u06a9\u06cc\u0633\u062a\u061f&lt;\/a&gt;\u00ab&amp;#160;, &lt;em&gt;IRNA&lt;\/em&gt;, 9 avril 2020'><sup>4<\/sup><\/a><\/span><\/span>.<\/p>\n\n\n\n<p>D\u2019apr\u00e8s <em>Al-Monitor<\/em>, le fait que presque tous les chefs de partis du parlement irakiens \u00e9taient pr\u00e9sents lors de la nomination d\u2019Al-Kadhimi laisse penser qu\u2019il a de fortes chances de former un gouvernement en 30 jours&nbsp;<span class='whitespace-nowrap'><span id='easy-footnote-5-67873' class='easy-footnote-margin-adjust'><\/span><span class='easy-footnote'><a href='https:\/\/legrandcontinent.eu\/fr\/2020\/04\/11\/les-tensions-se-poursuivent-en-irak-malgre-le-coronavirus\/#easy-footnote-bottom-5-67873' title='\u00ab&amp;#160;&lt;a href=&quot;https:\/\/www.al-monitor.com\/pulse\/originals\/2020\/04\/iraq-president-appoint-mustafa-kadhimi-pm-intelligence-chief.html&quot;&gt;Iraq\u2019s president taps intelligence chief to form new government&lt;\/a&gt;\u00ab&amp;#160;, &lt;em&gt;Al-Monitor&lt;\/em&gt;, 9 avril 2020'><sup>5<\/sup><\/a><\/span><\/span>. De m\u00eame, d\u2019apr\u00e8s l\u2019agence de presse iranienne <em>ISNA<\/em>, il a d\u00e9j\u00e0 le soutien de deux factions sunnites et kurdes du parlement (65 si\u00e8ges) et de cinq factions chiites (106 si\u00e8ges), ce qui lui garantirait le soutien de 171 soutiens sur les 329 qui composent le parlement irakien&nbsp;<span class='whitespace-nowrap'><span id='easy-footnote-6-67873' class='easy-footnote-margin-adjust'><\/span><span class='easy-footnote'><a href='https:\/\/legrandcontinent.eu\/fr\/2020\/04\/11\/les-tensions-se-poursuivent-en-irak-malgre-le-coronavirus\/#easy-footnote-bottom-6-67873' title='\u00ab&amp;#160;&lt;a href=&quot;https:\/\/www.isna.ir\/news\/99012111715\/%D8%B1%D8%A6%DB%8C%D8%B3-%D8%B3%D8%A7%D8%B2%D9%85%D8%A7%D9%86-%D8%A7%D8%B7%D9%84%D8%A7%D8%B9%D8%A7%D8%AA-%D8%B9%D8%B1%D8%A7%D9%82-%D9%85%D8%A7%D9%85%D9%88%D8%B1-%D8%AA%D8%B4%DA%A9%DB%8C%D9%84-%DA%A9%D8%A7%D8%A8%DB%8C%D9%86%D9%87-%D8%B4%D8%AF-%D8%A7%D9%84%DA%A9%D8%A7%D8%B8%D9%85%DB%8C-%D8%AA%D8%AD%D9%82%D9%82&quot;&gt;\u0631\u0626\u06cc\u0633 \u0633\u0627\u0632\u0645\u0627\u0646 \u0627\u0637\u0644\u0627\u0639\u0627\u062a \u0639\u0631\u0627\u0642 \u0645\u0627\u0645\u0648\u0631 \u062a\u0634\u06a9\u06cc\u0644 \u06a9\u0627\u0628\u06cc\u0646\u0647 \u0634\u062f&lt;\/a&gt;\u00ab&amp;#160;, &lt;em&gt;ISNA&lt;\/em&gt;, 9 avril 2020'><sup>6<\/sup><\/a><\/span><\/span>. S\u2019il fait l\u2019objet de suspicions de la part de Kataeb Hezbollah, qui l\u2019accuse d\u2019avoir jou\u00e9 un r\u00f4le dans l\u2019assassinat de Qassem Soleimani, il est soutenu par Hadi Al-Ameri, chef de la coalition Fatah au Parlement, et loyaliste pro iranien&nbsp;<span class='whitespace-nowrap'><span id='easy-footnote-7-67873' class='easy-footnote-margin-adjust'><\/span><span class='easy-footnote'><a href='https:\/\/legrandcontinent.eu\/fr\/2020\/04\/11\/les-tensions-se-poursuivent-en-irak-malgre-le-coronavirus\/#easy-footnote-bottom-7-67873' title='Alex Macdonald, \u00ab&amp;#160;&lt;a href=&quot;https:\/\/www.middleeasteye.net\/news\/intelligence-chief-named-new-prime-minister-designate-iraq&quot;&gt;Iraq intelligence chief named as new prime minister-designate&lt;\/a&gt;\u00ab&amp;#160;, 9 avril 2020'><sup>7<\/sup><\/a><\/span><\/span>.<\/p>\n\n\n\n<p>De son c\u00f4t\u00e9, David Schenker, vice-secr\u00e9taire d\u2019Etat am\u00e9ricain, charg\u00e9 du Proche-Orient, a d\u00e9clar\u00e9 jeudi en r\u00e9ponse \u00e0 une question \u00e0 l\u2019issue d\u2019un briefing avec \u00a0 la presse&#160;: \u00ab&#160;Si Kadhimi est un nationaliste irakien, s\u2019il se consacre \u00e0 d\u00e9fendre un Irak souverain, s\u2019il est engag\u00e9 \u00e0 lutter contre la corruption, sa nomination est une bonne nouvelle pour l\u2019Irak ainsi que pour notre relation bilat\u00e9rale&#160;\u00bb&nbsp;<span class='whitespace-nowrap'><span id='easy-footnote-8-67873' class='easy-footnote-margin-adjust'><\/span><span class='easy-footnote'><a href='https:\/\/legrandcontinent.eu\/fr\/2020\/04\/11\/les-tensions-se-poursuivent-en-irak-malgre-le-coronavirus\/#easy-footnote-bottom-8-67873' title='Secretary of State, &lt;a href=&quot;https:\/\/www.state.gov\/briefing-with-assistant-secretary-for-near-eastern-affairs-david-schenker-on-iraq-and-middle-east-issues\/&quot;&gt;Special Briefing&lt;\/a&gt;, 9 avril 2020'><sup>8<\/sup><\/a><\/span><\/span>.<\/p>\n\n\n\n<p>Ces \u00e9volutions politiques s\u2019inscrivent dans un climat g\u00e9opolitique tendu, marqu\u00e9 par de fortes tensions entre les troupes am\u00e9ricaines et des milices pro-iraniennes. Le 2 avril, Kataeb Hezbollah avait publi\u00e9 un communiqu\u00e9 mena\u00e7ant \u00e0 l&rsquo;\u00e9gard des troupes am\u00e9ricaines&#160;: \u00ab&#160;si vous partez, nous ne vous tuerons pas&#160;\u00bb. Le 4 avril, un ensemble de milices chiites irakiennes (notamment Asaib Ahl al-Haq, Harakat Hezbollah al-Nujaba and Kataib Sayyed al-Shuhada) ont fait de m\u00eame\u00a0&#160;: \u00ab&#160;Vous ne respectez que le langage de la force et nous parlons donc avec ce langage&#160;\u00bb. Enfin, Le 06 avril, des roquettes Katyusha ont explos\u00e9 \u00e0 c\u00f4t\u00e9 de l\u2019entreprise am\u00e9ricaine p\u00e9troli\u00e8re Haliburton, dans le sud de l\u2019Irak&nbsp;<span class='whitespace-nowrap'><span id='easy-footnote-9-67873' class='easy-footnote-margin-adjust'><\/span><span class='easy-footnote'><a href='https:\/\/legrandcontinent.eu\/fr\/2020\/04\/11\/les-tensions-se-poursuivent-en-irak-malgre-le-coronavirus\/#easy-footnote-bottom-9-67873' title='Hamdi Malik, \u00ab&amp;#160;&lt;a href=&quot;https:\/\/www.al-monitor.com\/pulse\/originals\/2020\/04\/iraq-iran-us-esmail-ghaani.html&quot;&gt;US, Iran-backed forces in Iraq may be edging toward showdown&lt;\/a&gt;\u00ab&amp;#160;, 7 avril 2020'><sup>9<\/sup><\/a><\/span><\/span>.\u00a0\u00a0<\/p>\n\n\n\n\n\n<figure class=\"wp-block-image wp-block-image-large\"\n    data-shadow=\"false\"\n    data-use-original-file=\"false\">\n    <a\n        data-pswp-src=\"https:\/\/legrandcontinent.eu\/fr\/wp-content\/uploads\/sites\/2\/2020\/04\/pasted-image-0-1.png\"\n        class=\"inline-block gallery-item no-underline \"\n        data-pswp-width=\"1340\"\n        data-pswp-height=\"947\">\n                                        <picture>\r\n                    <source\r\n                srcset=\"https:\/\/legrandcontinent.eu\/fr\/wp-content\/uploads\/sites\/2\/2020\/04\/pasted-image-0-1-330x233.png\"\r\n                media=\"(max-width: 374px)\" \/>\r\n                    <source\r\n                srcset=\"https:\/\/legrandcontinent.eu\/fr\/wp-content\/uploads\/sites\/2\/2020\/04\/pasted-image-0-1-690x488.png\"\r\n                media=\"(max-width: 989px)\" \/>\r\n                    <source\r\n                srcset=\"https:\/\/legrandcontinent.eu\/fr\/wp-content\/uploads\/sites\/2\/2020\/04\/pasted-image-0-1.png\"\r\n                media=\"(min-width: 990px)\" \/>\r\n                <img decoding=\"async\" alt=\"la d\u00e9pendance des budgets nationaux en MENA du p\u00e9trole covid-19 crise \u00e9conomique pand\u00e9mie et \u00e9nergie fossiles Asie Afrique instabilit\u00e9 monde\" src=\"https:\/\/legrandcontinent.eu\/fr\/wp-content\/uploads\/sites\/2\/2020\/04\/pasted-image-0-1-125x88.png\" \/>\r\n        <\/picture>\r\n                            \n            <\/a>\n<\/figure>\n\n\n<p>Ces diff\u00e9rentes attaques sont men\u00e9es alors que les troupes am\u00e9ricaines sont en cours de r\u00e9organisation en Irak. Elles ont en effet rendu quatre bases militaires aux troupes nationales irakiennes afin de concentrer leurs forces dans leur principale base, Ain al-Asad&nbsp;<span class='whitespace-nowrap'><span id='easy-footnote-10-67873' class='easy-footnote-margin-adjust'><\/span><span class='easy-footnote'><a href='https:\/\/legrandcontinent.eu\/fr\/2020\/04\/11\/les-tensions-se-poursuivent-en-irak-malgre-le-coronavirus\/#easy-footnote-bottom-10-67873' title='Shawn Snow, \u00ab&amp;#160;&lt;a href=&quot;https:\/\/www.militarytimes.com\/flashpoints\/2020\/04\/04\/us-hands-over-another-air-base-to-iraqi-forces\/&quot;&gt;US hands over another air base to Iraqi forces&lt;\/a&gt;\u00ab&amp;#160;, 05 avril 2020.'><sup>10<\/sup><\/a><\/span><\/span>.\u00a0 D\u2019apr\u00e8s l\u2019<em>Institute for the Study of War<\/em>, des milices anti-am\u00e9ricaines auraient conduit une quinzaine d\u2019attaques depuis quelques semaines, dans ce qui est g\u00e9n\u00e9ralement per\u00e7u comme une r\u00e9action d\u00e9cal\u00e9e \u00e0 l&rsquo;assassinat de Qassem Soleimani et de Abu Mahdi al-Muhandes&nbsp;<span class='whitespace-nowrap'><span id='easy-footnote-11-67873' class='easy-footnote-margin-adjust'><\/span><span class='easy-footnote'><a href='https:\/\/legrandcontinent.eu\/fr\/2020\/04\/11\/les-tensions-se-poursuivent-en-irak-malgre-le-coronavirus\/#easy-footnote-bottom-11-67873' title='&lt;a href=&quot;https:\/\/www.ft.com\/content\/1242d95b-54a7-4b57-9c95-406ad49f868f&quot;&gt;\u00a0&lt;\/a&gt;\u00ab&amp;#160;&lt;a href=&quot;https:\/\/www.ft.com\/content\/1242d95b-54a7-4b57-9c95-406ad49f868f&quot;&gt;US fears large-scale attacks against American troops in Iraq&lt;\/a&gt;\u00ab&amp;#160;, &lt;em&gt;Financial Times&lt;\/em&gt;, 03 avril 2020.'><sup>11<\/sup><\/a><\/span><\/span>.<\/p>\n\n\n\n<p>En somme, si les tensions entre les Etats-Unis et l&rsquo;Iran se poursuivent et prolongent la crise politique irakienne, il se pourrait que Mustafa al-Kadhimi incarne une position relativement consensuelle qui permettrait de rapidement former un gouvernement pour r\u00e9pondre \u00e0 la crise du coronavirus et \u00e0 ses cons\u00e9quences \u00e9conomiques potentiellement d\u00e9vastatrices.&nbsp;<\/p>\n","protected":false},"excerpt":{"rendered":"<p>Alors que l\u2019attention internationale est presque exclusivement consacr\u00e9e \u00e0 l\u2019\u00e9pid\u00e9mie du coronavirus, la crise politique irakienne se poursuit, sous-tendue par la rivalit\u00e9 entre les Etats-Unis et l\u2019Iran.<\/p>\n","protected":false},"author":175,"featured_media":67874,"comment_status":"closed","ping_status":"closed","sticky":false,"template":"templates\/post-briefings.php","format":"standard","meta":{"_acf_changed":false,"_trash_the_other_posts":false,"_yoast_wpseo_estimated-reading-time-minutes":0,"footnotes":""},"categories":[1731,2210],"tags":[2281],"staff":[1557],"editorial_format":[],"serie":[],"audience":[],"geo":[530],"class_list":["post-67873","post","type-post","status-publish","format-standard","hentry","category-politique","category-sante-publique","tag-coronavirus","staff-pierre-ramond","geo-asie-intermediaire"],"acf":{"open_in_webview":false,"accent":false},"yoast_head":"<!-- This site is optimized with the Yoast SEO plugin v26.1.1 - https:\/\/yoast.com\/wordpress\/plugins\/seo\/ -->\n<title>Les tensions se poursuivent en Irak malgr\u00e9 le coronavirus | Le Grand Continent<\/title>\n<meta name=\"robots\" content=\"index, follow, max-snippet:-1, max-image-preview:large, max-video-preview:-1\" \/>\n<link rel=\"canonical\" href=\"https:\/\/legrandcontinent.eu\/fr\/2020\/04\/11\/les-tensions-se-poursuivent-en-irak-malgre-le-coronavirus\/\" \/>\n<meta property=\"og:locale\" content=\"fr_FR\" \/>\n<meta property=\"og:type\" content=\"article\" \/>\n<meta property=\"og:title\" content=\"Les tensions se poursuivent en Irak malgr\u00e9 le coronavirus | Le Grand Continent\" \/>\n<meta property=\"og:description\" content=\"Alors que l\u2019attention internationale est presque exclusivement consacr\u00e9e \u00e0 l\u2019\u00e9pid\u00e9mie du coronavirus, la crise politique irakienne se poursuit, sous-tendue par la rivalit\u00e9 entre les Etats-Unis et l\u2019Iran.\" \/>\n<meta property=\"og:url\" content=\"https:\/\/legrandcontinent.eu\/fr\/2020\/04\/11\/les-tensions-se-poursuivent-en-irak-malgre-le-coronavirus\/\" \/>\n<meta property=\"og:site_name\" content=\"Le Grand Continent\" \/>\n<meta property=\"article:published_time\" content=\"2020-04-11T13:00:48+00:00\" \/>\n<meta property=\"article:modified_time\" content=\"2020-04-11T13:00:50+00:00\" \/>\n<meta property=\"og:image\" content=\"https:\/\/legrandcontinent.eu\/fr\/wp-content\/uploads\/sites\/2\/2020\/04\/pasted-image-0-1.png\" \/>\n\t<meta property=\"og:image:width\" content=\"1340\" \/>\n\t<meta property=\"og:image:height\" content=\"947\" \/>\n\t<meta property=\"og:image:type\" content=\"image\/png\" \/>\n<meta name=\"author\" content=\"Giovanni Collot\" \/>\n<meta name=\"twitter:card\" content=\"summary_large_image\" \/>\n<meta name=\"twitter:image\" content=\"https:\/\/legrandcontinent.eu\/fr\/wp-content\/uploads\/sites\/2\/2020\/04\/pasted-image-0-1.png\" \/>\n<meta name=\"twitter:label1\" content=\"\u00c9crit par\" \/>\n\t<meta name=\"twitter:data1\" content=\"Giovanni Collot\" \/>\n\t<meta name=\"twitter:label2\" content=\"Dur\u00e9e de lecture estim\u00e9e\" \/>\n\t<meta name=\"twitter:data2\" content=\"6 minutes\" \/>\n<script type=\"application\/ld+json\" class=\"yoast-schema-graph\">{\"@context\":\"https:\/\/schema.org\",\"@graph\":[{\"@type\":\"WebPage\",\"@id\":\"https:\/\/legrandcontinent.eu\/fr\/2020\/04\/11\/les-tensions-se-poursuivent-en-irak-malgre-le-coronavirus\/\",\"url\":\"https:\/\/legrandcontinent.eu\/fr\/2020\/04\/11\/les-tensions-se-poursuivent-en-irak-malgre-le-coronavirus\/\",\"name\":\"Les tensions se poursuivent en Irak malgr\u00e9 le coronavirus | Le Grand Continent\",\"isPartOf\":{\"@id\":\"https:\/\/legrandcontinent.eu\/fr\/#website\"},\"primaryImageOfPage\":{\"@id\":\"https:\/\/legrandcontinent.eu\/fr\/2020\/04\/11\/les-tensions-se-poursuivent-en-irak-malgre-le-coronavirus\/#primaryimage\"},\"image\":{\"@id\":\"https:\/\/legrandcontinent.eu\/fr\/2020\/04\/11\/les-tensions-se-poursuivent-en-irak-malgre-le-coronavirus\/#primaryimage\"},\"thumbnailUrl\":\"https:\/\/legrandcontinent.eu\/fr\/wp-content\/uploads\/sites\/2\/2020\/04\/pasted-image-0-1.png\",\"datePublished\":\"2020-04-11T13:00:48+00:00\",\"dateModified\":\"2020-04-11T13:00:50+00:00\",\"author\":{\"@id\":\"https:\/\/legrandcontinent.eu\/fr\/#\/schema\/person\/953192c3de3c2331be3997745a2f12ef\"},\"breadcrumb\":{\"@id\":\"https:\/\/legrandcontinent.eu\/fr\/2020\/04\/11\/les-tensions-se-poursuivent-en-irak-malgre-le-coronavirus\/#breadcrumb\"},\"inLanguage\":\"fr-FR\",\"potentialAction\":[{\"@type\":\"ReadAction\",\"target\":[\"https:\/\/legrandcontinent.eu\/fr\/2020\/04\/11\/les-tensions-se-poursuivent-en-irak-malgre-le-coronavirus\/\"]}]},{\"@type\":\"ImageObject\",\"inLanguage\":\"fr-FR\",\"@id\":\"https:\/\/legrandcontinent.eu\/fr\/2020\/04\/11\/les-tensions-se-poursuivent-en-irak-malgre-le-coronavirus\/#primaryimage\",\"url\":\"https:\/\/legrandcontinent.eu\/fr\/wp-content\/uploads\/sites\/2\/2020\/04\/pasted-image-0-1.png\",\"contentUrl\":\"https:\/\/legrandcontinent.eu\/fr\/wp-content\/uploads\/sites\/2\/2020\/04\/pasted-image-0-1.png\",\"width\":1340,\"height\":947,\"caption\":\"Carte de Will Chevalier pour \u00a9\u202fGEG\u202f: Prix du baril de p\u00e9trole brut requis pour garantir l'\u00e9quilibre budg\u00e9taire en Afrique du Nord, au Moyen Orient et en Asie centrale.\"},{\"@type\":\"BreadcrumbList\",\"@id\":\"https:\/\/legrandcontinent.eu\/fr\/2020\/04\/11\/les-tensions-se-poursuivent-en-irak-malgre-le-coronavirus\/#breadcrumb\",\"itemListElement\":[{\"@type\":\"ListItem\",\"position\":1,\"name\":\"Accueil\",\"item\":\"https:\/\/legrandcontinent.eu\/fr\/\"},{\"@type\":\"ListItem\",\"position\":2,\"name\":\"Les tensions se poursuivent en Irak malgr\u00e9 le coronavirus\"}]},{\"@type\":\"WebSite\",\"@id\":\"https:\/\/legrandcontinent.eu\/fr\/#website\",\"url\":\"https:\/\/legrandcontinent.eu\/fr\/\",\"name\":\"Le Grand Continent\",\"description\":\"L&#039;\u00e9chelle pertinente\",\"potentialAction\":[{\"@type\":\"SearchAction\",\"target\":{\"@type\":\"EntryPoint\",\"urlTemplate\":\"https:\/\/legrandcontinent.eu\/fr\/?s={search_term_string}\"},\"query-input\":{\"@type\":\"PropertyValueSpecification\",\"valueRequired\":true,\"valueName\":\"search_term_string\"}}],\"inLanguage\":\"fr-FR\"},{\"@type\":\"Person\",\"@id\":\"https:\/\/legrandcontinent.eu\/fr\/#\/schema\/person\/953192c3de3c2331be3997745a2f12ef\",\"name\":\"Giovanni Collot\",\"image\":{\"@type\":\"ImageObject\",\"inLanguage\":\"fr-FR\",\"@id\":\"https:\/\/legrandcontinent.eu\/fr\/#\/schema\/person\/image\/\",\"url\":\"https:\/\/secure.gravatar.com\/avatar\/d93cac37237065a8de4498df3db60dde?s=96&d=mm&r=g\",\"contentUrl\":\"https:\/\/secure.gravatar.com\/avatar\/d93cac37237065a8de4498df3db60dde?s=96&d=mm&r=g\",\"caption\":\"Giovanni Collot\"}}]}<\/script>\n<!-- \/ Yoast SEO plugin. -->","yoast_head_json":{"title":"Les tensions se poursuivent en Irak malgr\u00e9 le coronavirus | Le Grand Continent","robots":{"index":"index","follow":"follow","max-snippet":"max-snippet:-1","max-image-preview":"max-image-preview:large","max-video-preview":"max-video-preview:-1"},"canonical":"https:\/\/legrandcontinent.eu\/fr\/2020\/04\/11\/les-tensions-se-poursuivent-en-irak-malgre-le-coronavirus\/","og_locale":"fr_FR","og_type":"article","og_title":"Les tensions se poursuivent en Irak malgr\u00e9 le coronavirus | Le Grand Continent","og_description":"Alors que l\u2019attention internationale est presque exclusivement consacr\u00e9e \u00e0 l\u2019\u00e9pid\u00e9mie du coronavirus, la crise politique irakienne se poursuit, sous-tendue par la rivalit\u00e9 entre les Etats-Unis et l\u2019Iran.","og_url":"https:\/\/legrandcontinent.eu\/fr\/2020\/04\/11\/les-tensions-se-poursuivent-en-irak-malgre-le-coronavirus\/","og_site_name":"Le Grand Continent","article_published_time":"2020-04-11T13:00:48+00:00","article_modified_time":"2020-04-11T13:00:50+00:00","og_image":[{"width":1340,"height":947,"url":"https:\/\/legrandcontinent.eu\/fr\/wp-content\/uploads\/sites\/2\/2020\/04\/pasted-image-0-1.png","type":"image\/png"}],"author":"Giovanni Collot","twitter_card":"summary_large_image","twitter_image":"https:\/\/legrandcontinent.eu\/fr\/wp-content\/uploads\/sites\/2\/2020\/04\/pasted-image-0-1.png","twitter_misc":{"\u00c9crit par":"Giovanni Collot","Dur\u00e9e de lecture estim\u00e9e":"6 minutes"},"schema":{"@context":"https:\/\/schema.org","@graph":[{"@type":"WebPage","@id":"https:\/\/legrandcontinent.eu\/fr\/2020\/04\/11\/les-tensions-se-poursuivent-en-irak-malgre-le-coronavirus\/","url":"https:\/\/legrandcontinent.eu\/fr\/2020\/04\/11\/les-tensions-se-poursuivent-en-irak-malgre-le-coronavirus\/","name":"Les tensions se poursuivent en Irak malgr\u00e9 le coronavirus | Le Grand Continent","isPartOf":{"@id":"https:\/\/legrandcontinent.eu\/fr\/#website"},"primaryImageOfPage":{"@id":"https:\/\/legrandcontinent.eu\/fr\/2020\/04\/11\/les-tensions-se-poursuivent-en-irak-malgre-le-coronavirus\/#primaryimage"},"image":{"@id":"https:\/\/legrandcontinent.eu\/fr\/2020\/04\/11\/les-tensions-se-poursuivent-en-irak-malgre-le-coronavirus\/#primaryimage"},"thumbnailUrl":"https:\/\/legrandcontinent.eu\/fr\/wp-content\/uploads\/sites\/2\/2020\/04\/pasted-image-0-1.png","datePublished":"2020-04-11T13:00:48+00:00","dateModified":"2020-04-11T13:00:50+00:00","author":{"@id":"https:\/\/legrandcontinent.eu\/fr\/#\/schema\/person\/953192c3de3c2331be3997745a2f12ef"},"breadcrumb":{"@id":"https:\/\/legrandcontinent.eu\/fr\/2020\/04\/11\/les-tensions-se-poursuivent-en-irak-malgre-le-coronavirus\/#breadcrumb"},"inLanguage":"fr-FR","potentialAction":[{"@type":"ReadAction","target":["https:\/\/legrandcontinent.eu\/fr\/2020\/04\/11\/les-tensions-se-poursuivent-en-irak-malgre-le-coronavirus\/"]}]},{"@type":"ImageObject","inLanguage":"fr-FR","@id":"https:\/\/legrandcontinent.eu\/fr\/2020\/04\/11\/les-tensions-se-poursuivent-en-irak-malgre-le-coronavirus\/#primaryimage","url":"https:\/\/legrandcontinent.eu\/fr\/wp-content\/uploads\/sites\/2\/2020\/04\/pasted-image-0-1.png","contentUrl":"https:\/\/legrandcontinent.eu\/fr\/wp-content\/uploads\/sites\/2\/2020\/04\/pasted-image-0-1.png","width":1340,"height":947,"caption":"Carte de Will Chevalier pour \u00a9\u202fGEG\u202f: Prix du baril de p\u00e9trole brut requis pour garantir l'\u00e9quilibre budg\u00e9taire en Afrique du Nord, au Moyen Orient et en Asie centrale."},{"@type":"BreadcrumbList","@id":"https:\/\/legrandcontinent.eu\/fr\/2020\/04\/11\/les-tensions-se-poursuivent-en-irak-malgre-le-coronavirus\/#breadcrumb","itemListElement":[{"@type":"ListItem","position":1,"name":"Accueil","item":"https:\/\/legrandcontinent.eu\/fr\/"},{"@type":"ListItem","position":2,"name":"Les tensions se poursuivent en Irak malgr\u00e9 le coronavirus"}]},{"@type":"WebSite","@id":"https:\/\/legrandcontinent.eu\/fr\/#website","url":"https:\/\/legrandcontinent.eu\/fr\/","name":"Le Grand Continent","description":"L&#039;\u00e9chelle pertinente","potentialAction":[{"@type":"SearchAction","target":{"@type":"EntryPoint","urlTemplate":"https:\/\/legrandcontinent.eu\/fr\/?s={search_term_string}"},"query-input":{"@type":"PropertyValueSpecification","valueRequired":true,"valueName":"search_term_string"}}],"inLanguage":"fr-FR"},{"@type":"Person","@id":"https:\/\/legrandcontinent.eu\/fr\/#\/schema\/person\/953192c3de3c2331be3997745a2f12ef","name":"Giovanni Collot","image":{"@type":"ImageObject","inLanguage":"fr-FR","@id":"https:\/\/legrandcontinent.eu\/fr\/#\/schema\/person\/image\/","url":"https:\/\/secure.gravatar.com\/avatar\/d93cac37237065a8de4498df3db60dde?s=96&d=mm&r=g","contentUrl":"https:\/\/secure.gravatar.com\/avatar\/d93cac37237065a8de4498df3db60dde?s=96&d=mm&r=g","caption":"Giovanni Collot"}}]}},"lgc_categories":[{"id":1731,"name":"Politique","slug":"politique"},{"id":2210,"name":"Sant\u00e9 publique","slug":"sante-publique"}],"lgc_author":{"id":1557,"name":"Pierre Ramond","slug":"pierre-ramond"},"feature_image_summary":{"url":"https:\/\/legrandcontinent.eu\/fr\/wp-content\/uploads\/sites\/2\/2020\/04\/pasted-image-0-1.png","width":1340,"height":947,"alt":"la d\u00e9pendance des budgets nationaux en MENA du p\u00e9trole covid-19 crise \u00e9conomique pand\u00e9mie et \u00e9nergie fossiles Asie Afrique instabilit\u00e9 monde"},"feature_image_cover":null,"term_position_data":null,"_links":{"self":[{"href":"https:\/\/legrandcontinent.eu\/fr\/wp-json\/wp\/v2\/posts\/67873","targetHints":{"allow":["GET"]}}],"collection":[{"href":"https:\/\/legrandcontinent.eu\/fr\/wp-json\/wp\/v2\/posts"}],"about":[{"href":"https:\/\/legrandcontinent.eu\/fr\/wp-json\/wp\/v2\/types\/post"}],"author":[{"embeddable":true,"href":"https:\/\/legrandcontinent.eu\/fr\/wp-json\/wp\/v2\/users\/175"}],"replies":[{"embeddable":true,"href":"https:\/\/legrandcontinent.eu\/fr\/wp-json\/wp\/v2\/comments?post=67873"}],"version-history":[{"count":0,"href":"https:\/\/legrandcontinent.eu\/fr\/wp-json\/wp\/v2\/posts\/67873\/revisions"}],"wp:featuredmedia":[{"embeddable":true,"href":"https:\/\/legrandcontinent.eu\/fr\/wp-json\/wp\/v2\/media\/67874"}],"wp:attachment":[{"href":"https:\/\/legrandcontinent.eu\/fr\/wp-json\/wp\/v2\/media?parent=67873"}],"wp:term":[{"taxonomy":"category","embeddable":true,"href":"https:\/\/legrandcontinent.eu\/fr\/wp-json\/wp\/v2\/categories?post=67873"},{"taxonomy":"post_tag","embeddable":true,"href":"https:\/\/legrandcontinent.eu\/fr\/wp-json\/wp\/v2\/tags?post=67873"},{"taxonomy":"staff","embeddable":true,"href":"https:\/\/legrandcontinent.eu\/fr\/wp-json\/wp\/v2\/staff?post=67873"},{"taxonomy":"editorial_format","embeddable":true,"href":"https:\/\/legrandcontinent.eu\/fr\/wp-json\/wp\/v2\/editorial_format?post=67873"},{"taxonomy":"serie","embeddable":true,"href":"https:\/\/legrandcontinent.eu\/fr\/wp-json\/wp\/v2\/serie?post=67873"},{"taxonomy":"audience","embeddable":true,"href":"https:\/\/legrandcontinent.eu\/fr\/wp-json\/wp\/v2\/audience?post=67873"},{"taxonomy":"geo","embeddable":true,"href":"https:\/\/legrandcontinent.eu\/fr\/wp-json\/wp\/v2\/geo?post=67873"}],"curies":[{"name":"wp","href":"https:\/\/api.w.org\/{rel}","templated":true}]}}