{"id":66216,"date":"2020-03-31T16:47:14","date_gmt":"2020-03-31T14:47:14","guid":{"rendered":"https:\/\/legrandcontinent.eu\/fr\/?p=66216"},"modified":"2020-12-07T08:07:23","modified_gmt":"2020-12-07T07:07:23","slug":"les-nouveaux-technopopulistes","status":"publish","type":"post","link":"https:\/\/legrandcontinent.eu\/fr\/2020\/03\/31\/les-nouveaux-technopopulistes\/","title":{"rendered":"Les nouveaux technopopulistes"},"content":{"rendered":"\n<p class=\"has-drop-cap\">Les banques centrales, apr\u00e8s avoir \u00e9t\u00e9 les protagonistes de la gestion de la crise \u00e9conomique de 2008, occupent encore aujourd\u2019hui un r\u00f4le de premier plan dans l\u2019op\u00e9ration pour combattre l&rsquo;\u00e9pid\u00e9mie de coronavirus.<\/p>\n\n\n\n<p>Il est clair que ces institutions agissent sous l\u2019impulsion politique de gouvernements d\u00e9mocratiquement \u00e9lus, mais il est tout aussi clair que les foyers des d\u00e9cisions fondamentales se situent de plus en plus dans des organes technocratiques, \u00e9loign\u00e9s du socle populaire.<\/p>\n\n\n\n<p>Ces derni\u00e8res ann\u00e9es, j&rsquo;ai d\u00e9crit \u00e0 plusieurs reprises nos r\u00e9gimes politiques comme relevant du <a href=\"https:\/\/legrandcontinent.eu\/fr\/2018\/03\/16\/lere-du-technopopulisme\/\">technopopulisme<\/a>, afin d\u2019en identifier les deux tendances dominantes qui les traversent&#160;: la technocratie et le populisme. Face \u00e0 la pand\u00e9mie, la th\u00e8se de la coexistence de ces deux pulsions au sein des d\u00e9mocraties europ\u00e9ennes se trouve confirm\u00e9e.<\/p>\n\n\n\n<p>L&rsquo;agenda politique actuel, radicalement transform\u00e9 par l&rsquo;urgence, est en r\u00e9alit\u00e9 pour l&rsquo;essentiel l&rsquo;expression des revendications des nouveaux partis populistes (de droite comme de gauche) et nationalistes. Un plus grand interventionnisme mon\u00e9taire de la BCE, une plus grande flexibilit\u00e9 des r\u00e8gles sur les budgets publics, un plus grand contr\u00f4le des fronti\u00e8res, la renationalisation de certains services publics, des barri\u00e8res protectionnistes et des plans d&rsquo;action massifs g\u00e9r\u00e9s et mis en \u0153uvre par les \u00c9tats-nations sont autant de propositions qui figuraient dans les programmes des partis les plus radicalis\u00e9s de droite comme de gauche.<\/p>\n\n\n\n<figure class=\"wp-block-pullquote\"><blockquote><p>\u00c0 la faveur de la pand\u00e9mie, les structures technocratiques r\u00e9aliseront l&rsquo;agenda politique des populistes.<\/p><cite>Lorenzo Castellani<\/cite><\/blockquote><\/figure>\n\n\n\n<p>Paradoxalement, la mise en \u0153uvre de ces politiques impliquera tr\u00e8s probablement un grand nombre de technocrates. En fait, tout comme la banque centrale augmente le flux mon\u00e9taire, des bureaucraties publiques et priv\u00e9es, nationales et supranationales seront bient\u00f4t n\u00e9cessaires pour planifier et r\u00e9aliser des interventions \u00e9conomiques. En d&rsquo;autres termes, les structures technocratiques r\u00e9aliseront l&rsquo;agenda politique des populistes.<\/p>\n\n\n\n<p>D&rsquo;autre part, ce r\u00e9sultat \u00e9tait pr\u00e9visible&#160;: apr\u00e8s la Seconde Guerre mondiale, on a assist\u00e9 \u00e0 une explosion d\u00e9mocratique positive avec la r\u00e9organisation des partis de masse&#160;; toutefois, \u00e0 la suite du plan Marshall et de la ligne \u00e9conomique keyn\u00e9sienne, c\u2019est \u00e0 un d\u00e9veloppement extraordinaire des organismes et des entreprises d&rsquo;\u00c9tat pour g\u00e9rer \u00e0 la fois les \u00e9conomies nationales et le d\u00e9veloppement de l&rsquo;\u00c9tat-providence, que l\u2019on a eu affaire.<\/p>\n\n\n\n<p>Dans les ann\u00e9es \u00e0 venir, les usines \u00e0 fabriquer de la comp\u00e9tence&nbsp;(universit\u00e9s, think tank, \u00e9tablissements de formation) ne conna\u00eetront pas de crise et travailleront sans rel\u00e2che pour certifier de nouveaux experts et techniciens. L&rsquo;impulsion mon\u00e9taire et les futurs plans de d\u00e9pense des gouvernements europ\u00e9ens auront besoin d&rsquo;\u00e9conomistes, de statisticiens et d&rsquo;informaticiens&#160;; les nouvelles infrastructures n\u00e9cessiteront un nouveau levier d&rsquo;ing\u00e9nieurs et de concepteurs&#160;; le <em>new deal<\/em> en mati\u00e8re de sant\u00e9 exigera davantage de m\u00e9decins et de scientifiques&#160;; les agences, autorit\u00e9s, instituts et organismes sp\u00e9cialis\u00e9s se multiplieront pour faire face \u00e0 l&rsquo;urgence tant au niveau national qu&rsquo;europ\u00e9en&#160;; les grandes entreprises impliqu\u00e9es dans les commandes publiques augmenteront l&rsquo;osmose entre les bureaucrates, les gestionnaires et les consultants. Il est clair que ce personnel technique sera impliqu\u00e9 dans l&rsquo;\u00e9laboration des politiques, recevra une impulsion politique, mais jouera un r\u00f4le cl\u00e9 dans la d\u00e9finition pratique des d\u00e9cisions prises par les gouvernements. De fait, d\u00e8s les premiers jours de la crise du coronavirus, force a \u00e9t\u00e9 de constater une influence sans pr\u00e9c\u00e9dent des m\u00e9decins, des scientifiques et des institutions de sant\u00e9 sur les d\u00e9cisions et les mesures prises par les responsables politiques. \u00ab&#160;Toutes les d\u00e9cisions prises par le gouvernement sont scientifiquement \u00e9tay\u00e9es&#160;\u00bb, a d\u00e9clar\u00e9 le secr\u00e9taire d&rsquo;\u00c9tat du Premier ministre fran\u00e7ais.<\/p>\n\n\n\n<figure class=\"wp-block-pullquote\"><blockquote><p>Le personnel technique sera impliqu\u00e9 dans l&rsquo;\u00e9laboration des politiques, recevra une impulsion politique, mais jouera un r\u00f4le cl\u00e9 dans la d\u00e9finition pratique des d\u00e9cisions prises par les gouvernements.<\/p><cite>Lorenzo Castellani<\/cite><\/blockquote><\/figure>\n\n\n\n<p>Cela offre la d\u00e9monstration que les id\u00e9es politiques peuvent changer beaucoup plus rapidement que l&rsquo;infrastructure institutionnelle, r\u00e8gle qui continue \u00e0 fonctionner, m\u00eame face aux changements de paradigme politique. Alexis de Tocqueville, dans son ouvrage fondamental <em>L&rsquo;Ancien R\u00e9gime et la R\u00e9volution<\/em>, a peut-\u00eatre \u00e9t\u00e9 le premier historien contempor\u00e9aniste \u00e0 s&rsquo;int\u00e9resser \u00e0 la continuit\u00e9 des institutions face aux r\u00e9volutions politiques&#160;: dans une sc\u00e8ne politique compl\u00e8tement chang\u00e9e en quelques ann\u00e9es, la centralisation de l&rsquo;\u00c9tat fran\u00e7ais a non seulement r\u00e9sist\u00e9, mais s&rsquo;est renforc\u00e9e. Avec le syst\u00e8me d&rsquo;institutions bureaucratiques et technocratiques, nationales et supranationales, il en ira probablement de m\u00eame.&nbsp;<\/p>\n\n\n\n<p>Il n&rsquo;y aura pas de d\u00e9centralisation ou de d\u00e9mocratisation des institutions comme en r\u00eavent certains th\u00e9oriciens populistes, souverainistes et parfois m\u00eame libertaires. Elles se perp\u00e9tuent, m\u00eame dans le renversement des id\u00e9es politiques et dans l&rsquo;alternance des courants de la pens\u00e9e \u00e9conomique.<\/p>\n\n\n\n<p>Bien s\u00fbr, cela ne signifie pas qu&rsquo;ils ne puissent pas faire de la place pour des techniciens et des sp\u00e9cialistes aux id\u00e9es novatrices. La r\u00e9alit\u00e9 ne corrobore souvent pas les th\u00e9ories politiques et \u00e9conomiques&nbsp;\u2013&nbsp;comme en t\u00e9moignent les quinze derni\u00e8res ann\u00e9es. Cette fragilit\u00e9 des sciences sociales nous montre peut-\u00eatre la plus grande faiblesse du syst\u00e8me de gouvernance technocratique, \u00e0 savoir la difficult\u00e9 des techniciens au pouvoir de l\u00e9gitimer leur position sur le long terme. De m\u00eame qu\u2019elle s\u2019applique \u00e0 la d\u00e9mocratie repr\u00e9sentative, de m\u00eame la loi du renouvellement des \u00e9lites s&rsquo;applique-t-elle \u00e0 la gestion technocratique.<\/p>\n\n\n\n<figure class=\"wp-block-pullquote\"><blockquote><p>De m\u00eame qu\u2019elle s\u2019applique \u00e0 la d\u00e9mocratie repr\u00e9sentative, de m\u00eame la loi du renouvellement des \u00e9lites s&rsquo;applique-t-elle \u00e0 la gestion technocratique.<\/p><cite>Lorenzo Castellani<\/cite><\/blockquote><\/figure>\n\n\n\n<p>Soumises au <em>kratos<\/em>, au pouvoir, elles se heurtent en fait au cycle invariable de la politique. Elles l\u00e9gitiment leur place sur la base du principe de comp\u00e9tence et non du principe d\u00e9mocratique, mais la scientificit\u00e9 de leurs connaissances ne les garantit aucunement contre les bouleversements politiques.&nbsp;<\/p>\n\n\n\n<p>Si une position politique peut \u00eatre travestie, pour gagner en l\u00e9gitimit\u00e9, sous un d\u00e9guisement de scientifique, de technicien ou de r\u00e9gulateur, elle demeure, au bout du compte, toujours politique. Au gr\u00e9 des \u00e9v\u00e9nements, elle peut gagner ou perdre. Cependant, plus elle cache sa v\u00e9ritable nature, plus grande sera sa ruine lorsque sa chute viendra. Cela semble la plus grande difficult\u00e9 de la classe technocratique, oblig\u00e9e de se renouveler aussi vite que la classe politique face aux al\u00e9as de la r\u00e9alit\u00e9.<\/p>\n\n\n\n<div class=\"iframe-container wp-block-image wp-block-image-large  iframe-dw\">\n\t<div>\n\t\t<iframe class=\"absolute w-full h-full pin-t pin-l\" title=\"titolo\" aria-label=\"Interactive line chart\" src=\"\/\/datawrapper.dwcdn.net\/7Fvq4\/10\/\" scrolling=\"no\" frameborder=\"0\"><\/iframe>\n\t<\/div>\n<\/div>\n\n\n\n<p>Enfin, il y a le positionnement, complexe, des partis populistes (tant de droite que de gauche) et nationalistes. Aujourd&rsquo;hui, ils courent le risque d&rsquo;une possible victoire \u00e9conomique et sociale, stable, orchestr\u00e9e par des gouvernements europ\u00e9istes et centristes, avec les id\u00e9es qu\u2019ils ont eux-m\u00eames utilis\u00e9es pour attirer les \u00e9lecteurs pendant des ann\u00e9es.<\/p>\n\n\n\n<p>Le nouveau programme politique, inspir\u00e9 par les partis politiques polaris\u00e9s, serait ainsi absorb\u00e9 et contr\u00f4l\u00e9 par les forces du gouvernement. Avec le risque pour les mouvements anti-<em>establishment<\/em> que le consensus populaire qu\u2019ils ont p\u00e9niblement r\u00e9ussi \u00e0 obtenir soit r\u00e9absorb\u00e9 et stabilis\u00e9 par les gouvernants dans l&rsquo;exercice d\u2019une souverainet\u00e9 pendant l&rsquo;\u00ab&#160;\u00e9tat d&rsquo;exception&#160;\u00bb. Dans ce cas, les anciennes parties resteraient aux affaires, mais avec un programme \u00e9crit par d&rsquo;autres. \u00c0 la continuit\u00e9 institutionnelle que nous avons constat\u00e9e pr\u00e9c\u00e9demment s&rsquo;ajouterait donc celle des acteurs politiques. On changerait les dirigeants politiques, mais pas les gestionnaires du pouvoir.<\/p>\n\n\n\n<figure class=\"wp-block-pullquote\"><blockquote><p>\u00c0 la continuit\u00e9 institutionnelle que nous avons constat\u00e9e pr\u00e9c\u00e9demment s&rsquo;ajouterait donc celle des acteurs politiques. On changerait les dirigeants politiques, mais pas les gestionnaires du pouvoir.<\/p><cite>Lorenzo Castellani<\/cite><\/blockquote><\/figure>\n\n\n\n<p>Autrement, dans le sc\u00e9nario inverse, ce programme \u00ab&#160;populiste&#160;\u00bb, qui est aujourd&rsquo;hui l\u00e9gitim\u00e9 publiquement par les partis au pouvoir, pourrait \u00eatre trop mou ou inefficace, donc incapable de r\u00e9sorber des ann\u00e9es de m\u00e9contentement et de d\u00e9l\u00e9gitimation des \u00e9lites politiques au gouvernement aujourd&rsquo;hui. Ainsi, la voie serait ouverte pour une future victoire \u00e9lectorale des oppositions (de droite et de gauche) dans les ann\u00e9es \u00e0 venir. Avec un programme politique qui risque d&rsquo;\u00eatre encore plus dur et plus radical.&nbsp;<\/p>\n\n\n\n<p>Dans ce deuxi\u00e8me sc\u00e9nario, la distance dans les programmes et les perspectives des diff\u00e9rentes forces populistes et nationalistes entre les diff\u00e9rents pays europ\u00e9ens doit \u00eatre consid\u00e9r\u00e9e comme aggravant la situation&nbsp;\u2013&nbsp;pensez aux diff\u00e9rentes positions de politique \u00e9conomique entre les souverainistes du sud et du nord, par exemple. Ces diff\u00e9rences n\u2019en seraient que plus exacerb\u00e9es par la pouss\u00e9e encore plus forte en faveur de la renationalisation de la politique et de l&rsquo;\u00e9conomie, cons\u00e9quence de la crise et de l&rsquo;\u00e9chec du rem\u00e8de. Cependant, une analyse r\u00e9aliste ne peut exclure les nuances, qui pr\u00e9dominent souvent sur les sc\u00e9narios homog\u00e8nes.<\/p>\n\n\n\n<figure class=\"wp-block-pullquote\"><blockquote><p>Un des \u00e9l\u00e9ments positifs possibles de la relance mon\u00e9taire et fiscale lanc\u00e9e ces jours-ci pourrait \u00eatre l&rsquo;affaiblissement des conflits au niveau \u00e9conomico-financier entre les partis traditionnels et les partis anti-<em>establishment<\/em>.&nbsp;<\/p><cite>LOrenzo Castellani<\/cite><\/blockquote><\/figure>\n\n\n\n<p>Ainsi, il faut consid\u00e9rer que ce nouvel alignement entre id\u00e9es et r\u00e9alit\u00e9 politiques pourrait encourager de nouvelles combinaisons possibles, impensables jusque hier, entre les partis centristes et radicaux. Un des \u00e9l\u00e9ments positifs possibles de la relance mon\u00e9taire et fiscale lanc\u00e9e ces jours-ci pourrait \u00eatre l&rsquo;affaiblissement des conflits au niveau \u00e9conomico-financier entre les partis traditionnels et les partis anti-<em>establishment<\/em>.&nbsp;<\/p>\n\n\n\n<p>Sur la base de ce nouveau consensus, de nouvelles coalitions pourraient voir le jour dans un avenir proche. Il faut garder \u00e0 l\u2019esprit, en observant le dernier si\u00e8cle de l&rsquo;histoire, que souvent les moments de crise, quand ils n&rsquo;ont pas produit l&rsquo;effondrement du syst\u00e8me, ont donn\u00e9 lieu \u00e0 de nouvelles grandes convergences politiques.<\/p>\n","protected":false},"excerpt":{"rendered":"<p>\u00c0 la faveur de la pand\u00e9mie de Covid-19, les structures technocratiques risquent de r\u00e9aliser l&rsquo;agenda politique des populistes.<\/p>\n","protected":false},"author":10,"featured_media":50810,"comment_status":"closed","ping_status":"closed","sticky":false,"template":"templates\/post-editorials.php","format":"standard","meta":{"_acf_changed":false,"_trash_the_other_posts":false,"_yoast_wpseo_estimated-reading-time-minutes":0,"footnotes":""},"categories":[1731],"tags":[],"staff":[1563],"editorial_format":[],"serie":[],"audience":[],"geo":[],"class_list":["post-66216","post","type-post","status-publish","format-standard","hentry","category-politique","staff-lorenzo-castellani"],"acf":{"open_in_webview":false,"accent":false,"_thumbnail_id":50810,"excerpt":"\u00c0 la faveur de la pand\u00e9mie de Covid-19, les structures technocratiques risquent de r\u00e9aliser l'agenda politique des populistes.","display_date":"","new_abstract":true},"yoast_head":"<!-- This site is optimized with the Yoast SEO plugin v26.1.1 - https:\/\/yoast.com\/wordpress\/plugins\/seo\/ -->\n<title>Les nouveaux technopopulistes | Le Grand Continent<\/title>\n<meta name=\"robots\" content=\"index, follow, max-snippet:-1, max-image-preview:large, max-video-preview:-1\" \/>\n<link rel=\"canonical\" href=\"https:\/\/legrandcontinent.eu\/fr\/2020\/03\/31\/les-nouveaux-technopopulistes\/\" \/>\n<meta property=\"og:locale\" content=\"fr_FR\" \/>\n<meta property=\"og:type\" content=\"article\" \/>\n<meta property=\"og:title\" content=\"Les nouveaux technopopulistes | Le Grand Continent\" \/>\n<meta property=\"og:description\" content=\"\u00c0 la faveur de la pand\u00e9mie de Covid-19, les structures technocratiques risquent de r\u00e9aliser l&#039;agenda politique des populistes.\" \/>\n<meta property=\"og:url\" content=\"https:\/\/legrandcontinent.eu\/fr\/2020\/03\/31\/les-nouveaux-technopopulistes\/\" \/>\n<meta property=\"og:site_name\" content=\"Le Grand Continent\" \/>\n<meta property=\"article:published_time\" content=\"2020-03-31T14:47:14+00:00\" \/>\n<meta property=\"article:modified_time\" content=\"2020-12-07T07:07:23+00:00\" \/>\n<meta property=\"og:image\" content=\"https:\/\/legrandcontinent.eu\/fr\/wp-content\/uploads\/sites\/2\/2017\/09\/Pavillon-Philips.jpg\" \/>\n\t<meta property=\"og:image:width\" content=\"2680\" \/>\n\t<meta property=\"og:image:height\" content=\"2390\" \/>\n\t<meta property=\"og:image:type\" content=\"image\/jpeg\" \/>\n<meta name=\"author\" content=\"Matheo Malik\" \/>\n<meta name=\"twitter:card\" content=\"summary_large_image\" \/>\n<meta name=\"twitter:label1\" content=\"\u00c9crit par\" \/>\n\t<meta name=\"twitter:data1\" content=\"Matheo Malik\" \/>\n\t<meta name=\"twitter:label2\" content=\"Dur\u00e9e de lecture estim\u00e9e\" \/>\n\t<meta name=\"twitter:data2\" content=\"8 minutes\" \/>\n<script type=\"application\/ld+json\" class=\"yoast-schema-graph\">{\"@context\":\"https:\/\/schema.org\",\"@graph\":[{\"@type\":\"WebPage\",\"@id\":\"https:\/\/legrandcontinent.eu\/fr\/2020\/03\/31\/les-nouveaux-technopopulistes\/\",\"url\":\"https:\/\/legrandcontinent.eu\/fr\/2020\/03\/31\/les-nouveaux-technopopulistes\/\",\"name\":\"Les nouveaux technopopulistes | Le Grand Continent\",\"isPartOf\":{\"@id\":\"https:\/\/legrandcontinent.eu\/fr\/#website\"},\"primaryImageOfPage\":{\"@id\":\"https:\/\/legrandcontinent.eu\/fr\/2020\/03\/31\/les-nouveaux-technopopulistes\/#primaryimage\"},\"image\":{\"@id\":\"https:\/\/legrandcontinent.eu\/fr\/2020\/03\/31\/les-nouveaux-technopopulistes\/#primaryimage\"},\"thumbnailUrl\":\"https:\/\/legrandcontinent.eu\/fr\/wp-content\/uploads\/sites\/2\/2017\/09\/Pavillon-Philips.jpg\",\"datePublished\":\"2020-03-31T14:47:14+00:00\",\"dateModified\":\"2020-12-07T07:07:23+00:00\",\"author\":{\"@id\":\"https:\/\/legrandcontinent.eu\/fr\/#\/schema\/person\/a1c2123a1ef5abd663fcde8f63063d45\"},\"breadcrumb\":{\"@id\":\"https:\/\/legrandcontinent.eu\/fr\/2020\/03\/31\/les-nouveaux-technopopulistes\/#breadcrumb\"},\"inLanguage\":\"fr-FR\",\"potentialAction\":[{\"@type\":\"ReadAction\",\"target\":[\"https:\/\/legrandcontinent.eu\/fr\/2020\/03\/31\/les-nouveaux-technopopulistes\/\"]}]},{\"@type\":\"ImageObject\",\"inLanguage\":\"fr-FR\",\"@id\":\"https:\/\/legrandcontinent.eu\/fr\/2020\/03\/31\/les-nouveaux-technopopulistes\/#primaryimage\",\"url\":\"https:\/\/legrandcontinent.eu\/fr\/wp-content\/uploads\/sites\/2\/2017\/09\/Pavillon-Philips.jpg\",\"contentUrl\":\"https:\/\/legrandcontinent.eu\/fr\/wp-content\/uploads\/sites\/2\/2017\/09\/Pavillon-Philips.jpg\",\"width\":2680,\"height\":2390,\"caption\":\"Expo 1958 Pavillon van Philips\"},{\"@type\":\"BreadcrumbList\",\"@id\":\"https:\/\/legrandcontinent.eu\/fr\/2020\/03\/31\/les-nouveaux-technopopulistes\/#breadcrumb\",\"itemListElement\":[{\"@type\":\"ListItem\",\"position\":1,\"name\":\"Accueil\",\"item\":\"https:\/\/legrandcontinent.eu\/fr\/\"},{\"@type\":\"ListItem\",\"position\":2,\"name\":\"Les nouveaux technopopulistes\"}]},{\"@type\":\"WebSite\",\"@id\":\"https:\/\/legrandcontinent.eu\/fr\/#website\",\"url\":\"https:\/\/legrandcontinent.eu\/fr\/\",\"name\":\"Le Grand Continent\",\"description\":\"L&#039;\u00e9chelle pertinente\",\"potentialAction\":[{\"@type\":\"SearchAction\",\"target\":{\"@type\":\"EntryPoint\",\"urlTemplate\":\"https:\/\/legrandcontinent.eu\/fr\/?s={search_term_string}\"},\"query-input\":{\"@type\":\"PropertyValueSpecification\",\"valueRequired\":true,\"valueName\":\"search_term_string\"}}],\"inLanguage\":\"fr-FR\"},{\"@type\":\"Person\",\"@id\":\"https:\/\/legrandcontinent.eu\/fr\/#\/schema\/person\/a1c2123a1ef5abd663fcde8f63063d45\",\"name\":\"Matheo Malik\",\"image\":{\"@type\":\"ImageObject\",\"inLanguage\":\"fr-FR\",\"@id\":\"https:\/\/legrandcontinent.eu\/fr\/#\/schema\/person\/image\/\",\"url\":\"https:\/\/secure.gravatar.com\/avatar\/62cbadb9f7f0804282928747d8d2051d?s=96&d=mm&r=g\",\"contentUrl\":\"https:\/\/secure.gravatar.com\/avatar\/62cbadb9f7f0804282928747d8d2051d?s=96&d=mm&r=g\",\"caption\":\"Matheo Malik\"}}]}<\/script>\n<!-- \/ Yoast SEO plugin. -->","yoast_head_json":{"title":"Les nouveaux technopopulistes | Le Grand Continent","robots":{"index":"index","follow":"follow","max-snippet":"max-snippet:-1","max-image-preview":"max-image-preview:large","max-video-preview":"max-video-preview:-1"},"canonical":"https:\/\/legrandcontinent.eu\/fr\/2020\/03\/31\/les-nouveaux-technopopulistes\/","og_locale":"fr_FR","og_type":"article","og_title":"Les nouveaux technopopulistes | Le Grand Continent","og_description":"\u00c0 la faveur de la pand\u00e9mie de Covid-19, les structures technocratiques risquent de r\u00e9aliser l'agenda politique des populistes.","og_url":"https:\/\/legrandcontinent.eu\/fr\/2020\/03\/31\/les-nouveaux-technopopulistes\/","og_site_name":"Le Grand Continent","article_published_time":"2020-03-31T14:47:14+00:00","article_modified_time":"2020-12-07T07:07:23+00:00","og_image":[{"width":2680,"height":2390,"url":"https:\/\/legrandcontinent.eu\/fr\/wp-content\/uploads\/sites\/2\/2017\/09\/Pavillon-Philips.jpg","type":"image\/jpeg"}],"author":"Matheo Malik","twitter_card":"summary_large_image","twitter_misc":{"\u00c9crit par":"Matheo Malik","Dur\u00e9e de lecture estim\u00e9e":"8 minutes"},"schema":{"@context":"https:\/\/schema.org","@graph":[{"@type":"WebPage","@id":"https:\/\/legrandcontinent.eu\/fr\/2020\/03\/31\/les-nouveaux-technopopulistes\/","url":"https:\/\/legrandcontinent.eu\/fr\/2020\/03\/31\/les-nouveaux-technopopulistes\/","name":"Les nouveaux technopopulistes | Le Grand Continent","isPartOf":{"@id":"https:\/\/legrandcontinent.eu\/fr\/#website"},"primaryImageOfPage":{"@id":"https:\/\/legrandcontinent.eu\/fr\/2020\/03\/31\/les-nouveaux-technopopulistes\/#primaryimage"},"image":{"@id":"https:\/\/legrandcontinent.eu\/fr\/2020\/03\/31\/les-nouveaux-technopopulistes\/#primaryimage"},"thumbnailUrl":"https:\/\/legrandcontinent.eu\/fr\/wp-content\/uploads\/sites\/2\/2017\/09\/Pavillon-Philips.jpg","datePublished":"2020-03-31T14:47:14+00:00","dateModified":"2020-12-07T07:07:23+00:00","author":{"@id":"https:\/\/legrandcontinent.eu\/fr\/#\/schema\/person\/a1c2123a1ef5abd663fcde8f63063d45"},"breadcrumb":{"@id":"https:\/\/legrandcontinent.eu\/fr\/2020\/03\/31\/les-nouveaux-technopopulistes\/#breadcrumb"},"inLanguage":"fr-FR","potentialAction":[{"@type":"ReadAction","target":["https:\/\/legrandcontinent.eu\/fr\/2020\/03\/31\/les-nouveaux-technopopulistes\/"]}]},{"@type":"ImageObject","inLanguage":"fr-FR","@id":"https:\/\/legrandcontinent.eu\/fr\/2020\/03\/31\/les-nouveaux-technopopulistes\/#primaryimage","url":"https:\/\/legrandcontinent.eu\/fr\/wp-content\/uploads\/sites\/2\/2017\/09\/Pavillon-Philips.jpg","contentUrl":"https:\/\/legrandcontinent.eu\/fr\/wp-content\/uploads\/sites\/2\/2017\/09\/Pavillon-Philips.jpg","width":2680,"height":2390,"caption":"Expo 1958 Pavillon van Philips"},{"@type":"BreadcrumbList","@id":"https:\/\/legrandcontinent.eu\/fr\/2020\/03\/31\/les-nouveaux-technopopulistes\/#breadcrumb","itemListElement":[{"@type":"ListItem","position":1,"name":"Accueil","item":"https:\/\/legrandcontinent.eu\/fr\/"},{"@type":"ListItem","position":2,"name":"Les nouveaux technopopulistes"}]},{"@type":"WebSite","@id":"https:\/\/legrandcontinent.eu\/fr\/#website","url":"https:\/\/legrandcontinent.eu\/fr\/","name":"Le Grand Continent","description":"L&#039;\u00e9chelle pertinente","potentialAction":[{"@type":"SearchAction","target":{"@type":"EntryPoint","urlTemplate":"https:\/\/legrandcontinent.eu\/fr\/?s={search_term_string}"},"query-input":{"@type":"PropertyValueSpecification","valueRequired":true,"valueName":"search_term_string"}}],"inLanguage":"fr-FR"},{"@type":"Person","@id":"https:\/\/legrandcontinent.eu\/fr\/#\/schema\/person\/a1c2123a1ef5abd663fcde8f63063d45","name":"Matheo Malik","image":{"@type":"ImageObject","inLanguage":"fr-FR","@id":"https:\/\/legrandcontinent.eu\/fr\/#\/schema\/person\/image\/","url":"https:\/\/secure.gravatar.com\/avatar\/62cbadb9f7f0804282928747d8d2051d?s=96&d=mm&r=g","contentUrl":"https:\/\/secure.gravatar.com\/avatar\/62cbadb9f7f0804282928747d8d2051d?s=96&d=mm&r=g","caption":"Matheo Malik"}}]}},"lgc_categories":[{"id":1731,"name":"Politique","slug":"politique"}],"lgc_author":{"id":1563,"name":"Lorenzo Castellani","slug":"lorenzo-castellani","description":"Lorenzo Castellani est chercheur postdoctoral \u00e0 la LUISS Guido Carli et professeur adjoint en histoire institutionnelle europ\u00e9enne et en histoire des institutions politiques. Ses principaux th\u00e8mes de recherche sont : l'histoire des institutions, l'histoire de l'administration publique et l'histoire et la politique.","first_name":null,"last_name":null,"picture":{"url":"https:\/\/legrandcontinent.eu\/fr\/wp-content\/uploads\/sites\/2\/2024\/06\/imageedit_2_8972048175-modified.png","width":401,"height":401,"alt":""}},"feature_image_summary":{"url":"https:\/\/legrandcontinent.eu\/fr\/wp-content\/uploads\/sites\/2\/2017\/09\/Pavillon-Philips.jpg","width":2680,"height":2390,"alt":""},"feature_image_cover":{"url":"https:\/\/legrandcontinent.eu\/fr\/wp-content\/uploads\/sites\/2\/2017\/09\/Pavillon-Philips.jpg","width":2680,"height":2390,"alt":""},"term_position_data":null,"_links":{"self":[{"href":"https:\/\/legrandcontinent.eu\/fr\/wp-json\/wp\/v2\/posts\/66216","targetHints":{"allow":["GET"]}}],"collection":[{"href":"https:\/\/legrandcontinent.eu\/fr\/wp-json\/wp\/v2\/posts"}],"about":[{"href":"https:\/\/legrandcontinent.eu\/fr\/wp-json\/wp\/v2\/types\/post"}],"author":[{"embeddable":true,"href":"https:\/\/legrandcontinent.eu\/fr\/wp-json\/wp\/v2\/users\/10"}],"replies":[{"embeddable":true,"href":"https:\/\/legrandcontinent.eu\/fr\/wp-json\/wp\/v2\/comments?post=66216"}],"version-history":[{"count":0,"href":"https:\/\/legrandcontinent.eu\/fr\/wp-json\/wp\/v2\/posts\/66216\/revisions"}],"wp:featuredmedia":[{"embeddable":true,"href":"https:\/\/legrandcontinent.eu\/fr\/wp-json\/wp\/v2\/media\/50810"}],"wp:attachment":[{"href":"https:\/\/legrandcontinent.eu\/fr\/wp-json\/wp\/v2\/media?parent=66216"}],"wp:term":[{"taxonomy":"category","embeddable":true,"href":"https:\/\/legrandcontinent.eu\/fr\/wp-json\/wp\/v2\/categories?post=66216"},{"taxonomy":"post_tag","embeddable":true,"href":"https:\/\/legrandcontinent.eu\/fr\/wp-json\/wp\/v2\/tags?post=66216"},{"taxonomy":"staff","embeddable":true,"href":"https:\/\/legrandcontinent.eu\/fr\/wp-json\/wp\/v2\/staff?post=66216"},{"taxonomy":"editorial_format","embeddable":true,"href":"https:\/\/legrandcontinent.eu\/fr\/wp-json\/wp\/v2\/editorial_format?post=66216"},{"taxonomy":"serie","embeddable":true,"href":"https:\/\/legrandcontinent.eu\/fr\/wp-json\/wp\/v2\/serie?post=66216"},{"taxonomy":"audience","embeddable":true,"href":"https:\/\/legrandcontinent.eu\/fr\/wp-json\/wp\/v2\/audience?post=66216"},{"taxonomy":"geo","embeddable":true,"href":"https:\/\/legrandcontinent.eu\/fr\/wp-json\/wp\/v2\/geo?post=66216"}],"curies":[{"name":"wp","href":"https:\/\/api.w.org\/{rel}","templated":true}]}}