{"id":61666,"date":"2020-03-01T22:03:02","date_gmt":"2020-03-01T21:03:02","guid":{"rendered":"https:\/\/legrandcontinent.eu\/fr\/?p=61666"},"modified":"2020-03-01T22:03:04","modified_gmt":"2020-03-01T21:03:04","slug":"afghanistan-faut-il-croire-a-une-paix-durable","status":"publish","type":"post","link":"https:\/\/legrandcontinent.eu\/fr\/2020\/03\/01\/afghanistan-faut-il-croire-a-une-paix-durable\/","title":{"rendered":"Afghanistan&#160;: faut-il croire \u00e0 une paix durable&#160;?"},"content":{"rendered":"\n<p><em>Kaboul.<\/em> Le 29 f\u00e9vrier 2020, les Etats-Unis ont sign\u00e9 \u00e0 Doha un accord de paix qualifi\u00e9 d\u2019historique avec les talibans afghans, ceux-l\u00e0 m\u00eame qu\u2019ils avaient, \u00e0 la t\u00eate d\u2019une coalition internationale, \u00e9vinc\u00e9 du pouvoir \u00e0 Kaboul \u00e0 l\u2019automne 2001 suite aux attentats du 11 septembre. Historique puisqu\u2019il doit mettre un terme au plus long conflit men\u00e9 par les Etats-Unis. Cet accord, qui pr\u00e9voit le passage dans les 135 jours de 13000 soldats am\u00e9ricains d\u00e9ploy\u00e9s \u00e0 8600, puis \u00e0 un retrait total dans les quatorze mois,\u00a0\u00a0est toutefois loin d\u2019\u00eatre la garantie d\u2019un avenir pacifi\u00e9 en Afghanistan, malgr\u00e9 la perte dans les rangs am\u00e9ricains de 2400 hommes.&nbsp;<span class='whitespace-nowrap'><span id='easy-footnote-1-61666' class='easy-footnote-margin-adjust'><\/span><span class='easy-footnote'><a href='https:\/\/legrandcontinent.eu\/fr\/2020\/03\/01\/afghanistan-faut-il-croire-a-une-paix-durable\/#easy-footnote-bottom-1-61666' title='COLLOT Giovanni, &lt;a href=&quot;https:\/\/legrandcontinent.eu\/fr\/2020\/03\/01\/une-carte-pour-comprendre-le-contexte-strategique-du-retrait-americain\/&quot;&gt;Une carte pour comprendre le contexte strat\u00e9gique du retrait am\u00e9ricain&lt;\/a&gt;, Le Grand Continent, 1 mars 2020'><sup>1<\/sup><\/a><\/span><\/span> Les Etats-Unis peuvent toujours arguer qu\u2019ils ont obtenu des talibans l\u2019engagement qu\u2019ils s\u2019opposeraient \u00e0 la pr\u00e9sence sur le sol afghan d\u2019al-Qa\u00efda ou de l\u2019Etat Islamique au Khorasan, manifestations d\u2019un terrorisme international qui avait \u00e9t\u00e9 la raison initiale de leur intervention \u00e0 l\u2019automne 2001.\u00a0\u00a0Par contre, l\u2019instauration d\u2019une paix durable est renvoy\u00e9e \u00e0 l\u2019ouverture de n\u00e9gociations le 10 mars entre les talibans et le pouvoir en place \u00e0 Kaboul. Malgr\u00e9 des centaines de milliards de dollars d\u00e9pens\u00e9s, Washington, dont le d\u00e9sengagement militaire para\u00eet irr\u00e9versible, laissent derri\u00e8re eux un Etat sans institutions d\u00e9mocratiques stables et un pouvoir \u00e0 Kaboul divis\u00e9. La r\u00e9cente r\u00e9\u00e9lection au poste de pr\u00e9sident d\u2019Ashraf Ghani, annonc\u00e9e pr\u00e8s de six mois apr\u00e8s la tenue de l\u2019\u00e9lection, est contest\u00e9 par le chef de l\u2019ex\u00e9cutif, et opposant pr\u00e9sidentiel, Abdullah Abdullah. C\u2019est pourtant ce pouvoir d\u00e9suni \u00e0 Kaboul, survivant gr\u00e2ce \u00e0 l\u2019aide internationale et que les talibans ont jusqu\u2019ici refus\u00e9 de reconna\u00eetre comme repr\u00e9sentant l\u00e9gitime du peuple afghan, qui va devoir n\u00e9gocier avec les talibans d\u00e9diabolis\u00e9s et qui ont su pr\u00e9server leur unit\u00e9. La premi\u00e8re pierre d\u2019achoppement pourrait \u00eatre la lib\u00e9ration th\u00e9oriquement pr\u00e9vue dans l\u2019accord de 5000 prisonniers talibans dans les ge\u00f4les afghanes, en \u00e9change de 1000 prisonniers rel\u00e2ch\u00e9s par les talibans, et sur laquelle Kaboul voudrait reprendre la main. La question ethnique pourrait \u00e9galement rapidement resurgir. Les talibans pachtounes seront-ils pr\u00eats \u00e0 laisser une part du pouvoir que les tadjiks ont obtenue depuis 2001&#160;?<\/p>\n\n\n\n<p>Si la guerre d\u2019Afghanistan des ann\u00e9es 1980 a \u00e9t\u00e9 pr\u00e9sent\u00e9e comme le Vietnam des Sovi\u00e9tiques, l\u2019Afghanistan pourrait prendre la forme d\u2019un second Vietnam pour les Am\u00e9ricains si le pays devait replonger dans la guerre civile. Les accords de Paris de janvier 1973 sur le Vietnam avait pr\u00e9figur\u00e9 la d\u00e9liquescence du gouvernement sud-vietnamien abandonn\u00e9 \u00e0 lui-m\u00eame par le retrait am\u00e9ricain et plus tard la chute de Sa\u00efgon aux mains des forces nord-vietnamiennes en avril 1975.<\/p>\n\n\n\n<p>La question de fond demeure&#160;: les talibans ont-ils chang\u00e9&#160;? Dans une optique optimiste, il est possible de faire une analogie avec la situation au N\u00e9pal \u00e0 la fin de la guerre civile (2006-2016) qui a vu des mao\u00efstes, qui ne juraient que par la r\u00e9volution culturelle chinoise, se conformer depuis, apr\u00e8s avoir obtenu la fin de la monarchie, au jeu parlementaire classique, occupant m\u00eame un temps le pouvoir \u00e0 l\u2019issue d\u2019\u00e9lections d\u00e9mocratiques. Le mouvement taliban peut-il se transformer en parti politique et accepter un syst\u00e8me d\u00e9mocratique qu\u2018il a jusqu\u2019ici r\u00e9cus\u00e9&#160;? Le fait que l\u2019accord \u00e0 Doha ait \u00e9t\u00e9 sign\u00e9 \u00e0 Doha par le mollah Abdul Ghani Baradar peut \u00eatre un signal encourageant.\u00a0\u00a0C\u2019est l\u2019homme qui avait voulu d\u00e9j\u00e0 n\u00e9gocier avec Hamid Karzai en 2010 avant d\u2019\u00eatre\u00a0arr\u00eat\u00e9 par la CIA et les services de renseignement militaires pakistanais et de pass\u00e9 huit ans en prison au Pakistan. Abdul Salam Zaeef, ancien ambassadeur afghan au Pakistan (2000-2001) et auteur d\u2019un int\u00e9ressant ouvrage&nbsp;<span class='whitespace-nowrap'><span id='easy-footnote-2-61666' class='easy-footnote-margin-adjust'><\/span><span class='easy-footnote'><a href='https:\/\/legrandcontinent.eu\/fr\/2020\/03\/01\/afghanistan-faut-il-croire-a-une-paix-durable\/#easy-footnote-bottom-2-61666' title='SALAM ZAEEF Abdul, &lt;a href=&quot;https:\/\/www.hachetteindia.com\/TitleDetails.aspx?titleId=1915&quot;&gt;My Life with the Taliban&lt;\/a&gt;, Hachette India, 2010.'><sup>2<\/sup><\/a><\/span><\/span>, \u00e9galement pr\u00e9sent \u00e0 Doha, fait aussi partie des responsables talibans temp\u00e9r\u00e9s. Faut-il alors croire Sirajuddin Haqqani, le num\u00e9ro deux des talibans, lorsqu\u2019il \u00e9crivait r\u00e9cemment dans le <em>New York Times<\/em>&nbsp;<span class='whitespace-nowrap'><span id='easy-footnote-3-61666' class='easy-footnote-margin-adjust'><\/span><span class='easy-footnote'><a href='https:\/\/legrandcontinent.eu\/fr\/2020\/03\/01\/afghanistan-faut-il-croire-a-une-paix-durable\/#easy-footnote-bottom-3-61666' title='HAQQANI Sirajuddin, What We, the Taliban, Want, The New York Times, 20 f\u00e9vrier 2020'><sup>3<\/sup><\/a><\/span><\/span><sup>\u00a0<\/sup>que tout le monde dans son pays est fatigu\u00e9 de la guerre et que le nouvel Afghanistan sera un membre responsable de la communaut\u00e9 internationale&#160;?<\/p>\n\n\n\n\n\n<figure class=\"wp-block-image wp-block-image-large\"\n    data-shadow=\"false\"\n    data-use-original-file=\"false\">\n    <a\n        data-pswp-src=\"https:\/\/legrandcontinent.eu\/fr\/wp-content\/uploads\/sites\/2\/2020\/03\/GEG_US_Afghanistan-1340x947-1.png\"\n        class=\"inline-block gallery-item no-underline \"\n        data-pswp-width=\"1340\"\n        data-pswp-height=\"947\">\n                                        <picture>\r\n                    <source\r\n                srcset=\"https:\/\/legrandcontinent.eu\/fr\/wp-content\/uploads\/sites\/2\/2020\/03\/GEG_US_Afghanistan-1340x947-1-330x233.png\"\r\n                media=\"(max-width: 374px)\" \/>\r\n                    <source\r\n                srcset=\"https:\/\/legrandcontinent.eu\/fr\/wp-content\/uploads\/sites\/2\/2020\/03\/GEG_US_Afghanistan-1340x947-1-690x488.png\"\r\n                media=\"(max-width: 989px)\" \/>\r\n                    <source\r\n                srcset=\"https:\/\/legrandcontinent.eu\/fr\/wp-content\/uploads\/sites\/2\/2020\/03\/GEG_US_Afghanistan-1340x947-1.png\"\r\n                media=\"(min-width: 990px)\" \/>\r\n                <img decoding=\"async\" alt=\"La pr\u00e9sence am\u00e9ricaine (USA) en Asie Centrale dans le contexte de la guerre en Afghanistan\" src=\"https:\/\/legrandcontinent.eu\/fr\/wp-content\/uploads\/sites\/2\/2020\/03\/GEG_US_Afghanistan-1340x947-1-125x88.png\" \/>\r\n        <\/picture>\r\n                            \n            <\/a>\n<\/figure>","protected":false},"excerpt":{"rendered":"<p>Le 29 f\u00e9vrier 2020, les Etats-Unis ont sign\u00e9 \u00e0 Doha un accord de paix qualifi\u00e9 d\u2019historique avec les talibans afghans, ceux-l\u00e0 m\u00eame qu\u2019ils avaient, \u00e0 la t\u00eate d\u2019une coalition internationale, \u00e9vinc\u00e9 du pouvoir \u00e0 Kaboul \u00e0 l\u2019automne 2001 suite aux attentats du 11 septembre. Historique puisqu\u2019il doit mettre un terme au plus long conflit men\u00e9 par les Etats-Unis. Mais plusieurs doutes sur sa durabilit\u00e9 persistent. <\/p>\n","protected":false},"author":175,"featured_media":0,"comment_status":"closed","ping_status":"closed","sticky":false,"template":"templates\/post-briefings.php","format":"standard","meta":{"_acf_changed":false,"_trash_the_other_posts":false,"_yoast_wpseo_estimated-reading-time-minutes":0,"footnotes":""},"categories":[1731],"tags":[],"staff":[1643],"editorial_format":[],"serie":[],"audience":[],"geo":[530],"class_list":["post-61666","post","type-post","status-publish","format-standard","hentry","category-politique","staff-gilles-boquerat","geo-asie-intermediaire"],"acf":{"open_in_webview":false,"accent":false},"yoast_head":"<!-- This site is optimized with the Yoast SEO plugin v26.1.1 - https:\/\/yoast.com\/wordpress\/plugins\/seo\/ -->\n<title>Afghanistan : faut-il croire \u00e0 une paix durable ? | Le Grand Continent<\/title>\n<meta name=\"robots\" content=\"index, follow, max-snippet:-1, max-image-preview:large, max-video-preview:-1\" \/>\n<link rel=\"canonical\" href=\"https:\/\/legrandcontinent.eu\/fr\/2020\/03\/01\/afghanistan-faut-il-croire-a-une-paix-durable\/\" \/>\n<meta property=\"og:locale\" content=\"fr_FR\" \/>\n<meta property=\"og:type\" content=\"article\" \/>\n<meta property=\"og:title\" content=\"Afghanistan : faut-il croire \u00e0 une paix durable ? | Le Grand Continent\" \/>\n<meta property=\"og:description\" content=\"Le 29 f\u00e9vrier 2020, les Etats-Unis ont sign\u00e9 \u00e0 Doha un accord de paix qualifi\u00e9 d\u2019historique avec les talibans afghans, ceux-l\u00e0 m\u00eame qu\u2019ils avaient, \u00e0 la t\u00eate d\u2019une coalition internationale, \u00e9vinc\u00e9 du pouvoir \u00e0 Kaboul \u00e0 l\u2019automne 2001 suite aux attentats du 11 septembre. Historique puisqu\u2019il doit mettre un terme au plus long conflit men\u00e9 par les Etats-Unis. Mais plusieurs doutes sur sa durabilit\u00e9 persistent.\" \/>\n<meta property=\"og:url\" content=\"https:\/\/legrandcontinent.eu\/fr\/2020\/03\/01\/afghanistan-faut-il-croire-a-une-paix-durable\/\" \/>\n<meta property=\"og:site_name\" content=\"Le Grand Continent\" \/>\n<meta property=\"article:published_time\" content=\"2020-03-01T21:03:02+00:00\" \/>\n<meta property=\"article:modified_time\" content=\"2020-03-01T21:03:04+00:00\" \/>\n<meta property=\"og:image\" content=\"https:\/\/legrandcontinent.eu\/fr\/wp-content\/uploads\/sites\/2\/2020\/03\/GEG_US_Afghanistan-1340x947-1.png\" \/>\n\t<meta property=\"og:image:width\" content=\"1340\" \/>\n\t<meta property=\"og:image:height\" content=\"947\" \/>\n\t<meta property=\"og:image:type\" content=\"image\/png\" \/>\n<meta name=\"author\" content=\"Giovanni Collot\" \/>\n<meta name=\"twitter:card\" content=\"summary_large_image\" \/>\n<meta name=\"twitter:image\" content=\"https:\/\/legrandcontinent.eu\/fr\/wp-content\/uploads\/sites\/2\/2020\/03\/GEG_US_Afghanistan-1340x947-1.png\" \/>\n<meta name=\"twitter:label1\" content=\"\u00c9crit par\" \/>\n\t<meta name=\"twitter:data1\" content=\"Giovanni Collot\" \/>\n\t<meta name=\"twitter:label2\" content=\"Dur\u00e9e de lecture estim\u00e9e\" \/>\n\t<meta name=\"twitter:data2\" content=\"4 minutes\" \/>\n<script type=\"application\/ld+json\" class=\"yoast-schema-graph\">{\"@context\":\"https:\/\/schema.org\",\"@graph\":[{\"@type\":\"WebPage\",\"@id\":\"https:\/\/legrandcontinent.eu\/fr\/2020\/03\/01\/afghanistan-faut-il-croire-a-une-paix-durable\/\",\"url\":\"https:\/\/legrandcontinent.eu\/fr\/2020\/03\/01\/afghanistan-faut-il-croire-a-une-paix-durable\/\",\"name\":\"Afghanistan : faut-il croire \u00e0 une paix durable ? | Le Grand Continent\",\"isPartOf\":{\"@id\":\"https:\/\/legrandcontinent.eu\/fr\/#website\"},\"datePublished\":\"2020-03-01T21:03:02+00:00\",\"dateModified\":\"2020-03-01T21:03:04+00:00\",\"author\":{\"@id\":\"https:\/\/legrandcontinent.eu\/fr\/#\/schema\/person\/953192c3de3c2331be3997745a2f12ef\"},\"breadcrumb\":{\"@id\":\"https:\/\/legrandcontinent.eu\/fr\/2020\/03\/01\/afghanistan-faut-il-croire-a-une-paix-durable\/#breadcrumb\"},\"inLanguage\":\"fr-FR\",\"potentialAction\":[{\"@type\":\"ReadAction\",\"target\":[\"https:\/\/legrandcontinent.eu\/fr\/2020\/03\/01\/afghanistan-faut-il-croire-a-une-paix-durable\/\"]}]},{\"@type\":\"BreadcrumbList\",\"@id\":\"https:\/\/legrandcontinent.eu\/fr\/2020\/03\/01\/afghanistan-faut-il-croire-a-une-paix-durable\/#breadcrumb\",\"itemListElement\":[{\"@type\":\"ListItem\",\"position\":1,\"name\":\"Accueil\",\"item\":\"https:\/\/legrandcontinent.eu\/fr\/\"},{\"@type\":\"ListItem\",\"position\":2,\"name\":\"Afghanistan&#160;: faut-il croire \u00e0 une paix durable&#160;?\"}]},{\"@type\":\"WebSite\",\"@id\":\"https:\/\/legrandcontinent.eu\/fr\/#website\",\"url\":\"https:\/\/legrandcontinent.eu\/fr\/\",\"name\":\"Le Grand Continent\",\"description\":\"L&#039;\u00e9chelle pertinente\",\"potentialAction\":[{\"@type\":\"SearchAction\",\"target\":{\"@type\":\"EntryPoint\",\"urlTemplate\":\"https:\/\/legrandcontinent.eu\/fr\/?s={search_term_string}\"},\"query-input\":{\"@type\":\"PropertyValueSpecification\",\"valueRequired\":true,\"valueName\":\"search_term_string\"}}],\"inLanguage\":\"fr-FR\"},{\"@type\":\"Person\",\"@id\":\"https:\/\/legrandcontinent.eu\/fr\/#\/schema\/person\/953192c3de3c2331be3997745a2f12ef\",\"name\":\"Giovanni Collot\",\"image\":{\"@type\":\"ImageObject\",\"inLanguage\":\"fr-FR\",\"@id\":\"https:\/\/legrandcontinent.eu\/fr\/#\/schema\/person\/image\/\",\"url\":\"https:\/\/secure.gravatar.com\/avatar\/d93cac37237065a8de4498df3db60dde?s=96&d=mm&r=g\",\"contentUrl\":\"https:\/\/secure.gravatar.com\/avatar\/d93cac37237065a8de4498df3db60dde?s=96&d=mm&r=g\",\"caption\":\"Giovanni Collot\"}}]}<\/script>\n<!-- \/ Yoast SEO plugin. -->","yoast_head_json":{"title":"Afghanistan : faut-il croire \u00e0 une paix durable ? | Le Grand Continent","robots":{"index":"index","follow":"follow","max-snippet":"max-snippet:-1","max-image-preview":"max-image-preview:large","max-video-preview":"max-video-preview:-1"},"canonical":"https:\/\/legrandcontinent.eu\/fr\/2020\/03\/01\/afghanistan-faut-il-croire-a-une-paix-durable\/","og_locale":"fr_FR","og_type":"article","og_title":"Afghanistan : faut-il croire \u00e0 une paix durable ? | Le Grand Continent","og_description":"Le 29 f\u00e9vrier 2020, les Etats-Unis ont sign\u00e9 \u00e0 Doha un accord de paix qualifi\u00e9 d\u2019historique avec les talibans afghans, ceux-l\u00e0 m\u00eame qu\u2019ils avaient, \u00e0 la t\u00eate d\u2019une coalition internationale, \u00e9vinc\u00e9 du pouvoir \u00e0 Kaboul \u00e0 l\u2019automne 2001 suite aux attentats du 11 septembre. Historique puisqu\u2019il doit mettre un terme au plus long conflit men\u00e9 par les Etats-Unis. Mais plusieurs doutes sur sa durabilit\u00e9 persistent.","og_url":"https:\/\/legrandcontinent.eu\/fr\/2020\/03\/01\/afghanistan-faut-il-croire-a-une-paix-durable\/","og_site_name":"Le Grand Continent","article_published_time":"2020-03-01T21:03:02+00:00","article_modified_time":"2020-03-01T21:03:04+00:00","og_image":[{"width":1340,"height":947,"url":"https:\/\/legrandcontinent.eu\/fr\/wp-content\/uploads\/sites\/2\/2020\/03\/GEG_US_Afghanistan-1340x947-1.png","type":"image\/png"}],"author":"Giovanni Collot","twitter_card":"summary_large_image","twitter_image":"https:\/\/legrandcontinent.eu\/fr\/wp-content\/uploads\/sites\/2\/2020\/03\/GEG_US_Afghanistan-1340x947-1.png","twitter_misc":{"\u00c9crit par":"Giovanni Collot","Dur\u00e9e de lecture estim\u00e9e":"4 minutes"},"schema":{"@context":"https:\/\/schema.org","@graph":[{"@type":"WebPage","@id":"https:\/\/legrandcontinent.eu\/fr\/2020\/03\/01\/afghanistan-faut-il-croire-a-une-paix-durable\/","url":"https:\/\/legrandcontinent.eu\/fr\/2020\/03\/01\/afghanistan-faut-il-croire-a-une-paix-durable\/","name":"Afghanistan : faut-il croire \u00e0 une paix durable ? | Le Grand Continent","isPartOf":{"@id":"https:\/\/legrandcontinent.eu\/fr\/#website"},"datePublished":"2020-03-01T21:03:02+00:00","dateModified":"2020-03-01T21:03:04+00:00","author":{"@id":"https:\/\/legrandcontinent.eu\/fr\/#\/schema\/person\/953192c3de3c2331be3997745a2f12ef"},"breadcrumb":{"@id":"https:\/\/legrandcontinent.eu\/fr\/2020\/03\/01\/afghanistan-faut-il-croire-a-une-paix-durable\/#breadcrumb"},"inLanguage":"fr-FR","potentialAction":[{"@type":"ReadAction","target":["https:\/\/legrandcontinent.eu\/fr\/2020\/03\/01\/afghanistan-faut-il-croire-a-une-paix-durable\/"]}]},{"@type":"BreadcrumbList","@id":"https:\/\/legrandcontinent.eu\/fr\/2020\/03\/01\/afghanistan-faut-il-croire-a-une-paix-durable\/#breadcrumb","itemListElement":[{"@type":"ListItem","position":1,"name":"Accueil","item":"https:\/\/legrandcontinent.eu\/fr\/"},{"@type":"ListItem","position":2,"name":"Afghanistan&#160;: faut-il croire \u00e0 une paix durable&#160;?"}]},{"@type":"WebSite","@id":"https:\/\/legrandcontinent.eu\/fr\/#website","url":"https:\/\/legrandcontinent.eu\/fr\/","name":"Le Grand Continent","description":"L&#039;\u00e9chelle pertinente","potentialAction":[{"@type":"SearchAction","target":{"@type":"EntryPoint","urlTemplate":"https:\/\/legrandcontinent.eu\/fr\/?s={search_term_string}"},"query-input":{"@type":"PropertyValueSpecification","valueRequired":true,"valueName":"search_term_string"}}],"inLanguage":"fr-FR"},{"@type":"Person","@id":"https:\/\/legrandcontinent.eu\/fr\/#\/schema\/person\/953192c3de3c2331be3997745a2f12ef","name":"Giovanni Collot","image":{"@type":"ImageObject","inLanguage":"fr-FR","@id":"https:\/\/legrandcontinent.eu\/fr\/#\/schema\/person\/image\/","url":"https:\/\/secure.gravatar.com\/avatar\/d93cac37237065a8de4498df3db60dde?s=96&d=mm&r=g","contentUrl":"https:\/\/secure.gravatar.com\/avatar\/d93cac37237065a8de4498df3db60dde?s=96&d=mm&r=g","caption":"Giovanni Collot"}}]}},"lgc_categories":[{"id":1731,"name":"Politique","slug":"politique"}],"lgc_author":{"id":1643,"name":"Gilles Boqu\u00e9rat","slug":"gilles-boquerat"},"feature_image_summary":null,"feature_image_cover":null,"term_position_data":null,"_links":{"self":[{"href":"https:\/\/legrandcontinent.eu\/fr\/wp-json\/wp\/v2\/posts\/61666","targetHints":{"allow":["GET"]}}],"collection":[{"href":"https:\/\/legrandcontinent.eu\/fr\/wp-json\/wp\/v2\/posts"}],"about":[{"href":"https:\/\/legrandcontinent.eu\/fr\/wp-json\/wp\/v2\/types\/post"}],"author":[{"embeddable":true,"href":"https:\/\/legrandcontinent.eu\/fr\/wp-json\/wp\/v2\/users\/175"}],"replies":[{"embeddable":true,"href":"https:\/\/legrandcontinent.eu\/fr\/wp-json\/wp\/v2\/comments?post=61666"}],"version-history":[{"count":0,"href":"https:\/\/legrandcontinent.eu\/fr\/wp-json\/wp\/v2\/posts\/61666\/revisions"}],"wp:attachment":[{"href":"https:\/\/legrandcontinent.eu\/fr\/wp-json\/wp\/v2\/media?parent=61666"}],"wp:term":[{"taxonomy":"category","embeddable":true,"href":"https:\/\/legrandcontinent.eu\/fr\/wp-json\/wp\/v2\/categories?post=61666"},{"taxonomy":"post_tag","embeddable":true,"href":"https:\/\/legrandcontinent.eu\/fr\/wp-json\/wp\/v2\/tags?post=61666"},{"taxonomy":"staff","embeddable":true,"href":"https:\/\/legrandcontinent.eu\/fr\/wp-json\/wp\/v2\/staff?post=61666"},{"taxonomy":"editorial_format","embeddable":true,"href":"https:\/\/legrandcontinent.eu\/fr\/wp-json\/wp\/v2\/editorial_format?post=61666"},{"taxonomy":"serie","embeddable":true,"href":"https:\/\/legrandcontinent.eu\/fr\/wp-json\/wp\/v2\/serie?post=61666"},{"taxonomy":"audience","embeddable":true,"href":"https:\/\/legrandcontinent.eu\/fr\/wp-json\/wp\/v2\/audience?post=61666"},{"taxonomy":"geo","embeddable":true,"href":"https:\/\/legrandcontinent.eu\/fr\/wp-json\/wp\/v2\/geo?post=61666"}],"curies":[{"name":"wp","href":"https:\/\/api.w.org\/{rel}","templated":true}]}}