{"id":60762,"date":"2020-02-23T12:03:27","date_gmt":"2020-02-23T11:03:27","guid":{"rendered":"https:\/\/legrandcontinent.eu\/fr\/?p=60762"},"modified":"2020-02-23T12:03:29","modified_gmt":"2020-02-23T11:03:29","slug":"la-strategie-numerique-de-lunion","status":"publish","type":"post","link":"https:\/\/legrandcontinent.eu\/fr\/2020\/02\/23\/la-strategie-numerique-de-lunion\/","title":{"rendered":"La strat\u00e9gie num\u00e9rique de l&rsquo;Union"},"content":{"rendered":"\n<p><em>Bruxelles.<\/em> Dans le cadre de son livre blanc \u00ab&#160;Data Age 2025&#160;\u00bb, le leader mondial du traitement de donn\u00e9es Seagate anticipe une multiplication par 5,3 des donn\u00e9es produites \u00e0 l\u2019horizon 2028 passant de 33 ZTB \u00e0 175 ZTB. Actant un constat d&rsquo;\u00e9chec par rapport aux ambitions europ\u00e9ennes \u00e9nonc\u00e9es depuis la strat\u00e9gie de Lisbonne, les Commissaires Margrethe Vestager et Thierry Breton ont pr\u00e9sent\u00e9, le 19 f\u00e9vrier 2020, les axes principaux de la nouvelle strat\u00e9gie num\u00e9rique europ\u00e9enne m\u00ealant le livre blanc sur l\u2019intelligence artificielle (IA) et la strat\u00e9gie sur les donn\u00e9es.<\/p>\n\n\n\n<p>Consciente de l\u2019enjeu technologique repr\u00e9sent\u00e9 par les donn\u00e9es et du fort potentiel offert par le tissu industriel europ\u00e9en, la Commission europ\u00e9enne souhaite dynamiser les initiatives dans ce domaine, favoriser les \u00e9changes, b\u00e2tir un cadre r\u00e9glementaire robuste et ainsi ouvrir la voie \u00e0 la cr\u00e9ation d\u2019un v\u00e9ritable march\u00e9 unique des donn\u00e9es. <em>Le Grand Continent<\/em> vous pr\u00e9sente, en trois axes principaux, les \u00e9l\u00e9ments cl\u00e9s \u00e0 retenir de cette s\u00e9quence&#160;:<\/p>\n\n\n\n<p>1 &#8211; Le premier point mis en avant par la Commission est la mise en place d\u2019un cadre r\u00e9glementaire num\u00e9rique favorisant l\u2019interop\u00e9rabilit\u00e9 des donn\u00e9es et la s\u00e9curisation de leur partage, mais aussi capable de r\u00e9pondre aux \u00e9volutions de l\u2019IA et \u00e0 l\u2019accroissement de la production de donn\u00e9es num\u00e9riques. La pr\u00e9sentation du Livre Blanc sur l\u2019intelligence artificielle a mis en avant l\u2019objectif d\u2019un d\u00e9veloppement \u00ab&#160;&nbsp;fiable et s\u00fbr&nbsp;&#160;\u00bb de l\u2019IA en Europe au travers d\u2019un cadre l\u00e9gislatif respectant les valeurs et les droits des citoyens europ\u00e9ens.<\/p>\n\n\n\n<p>Sur la base de concertations men\u00e9es avec un panel d\u2019experts de haut niveau depuis Avril 2019, la Commission a \u00e9nonc\u00e9 sept points majeurs sur lesquels les efforts seront concentr\u00e9s (cr\u00e9ation d\u2019un organisme de surveillance, transparence, s\u00e9curit\u00e9, \u00e9quit\u00e9, confidentialit\u00e9 ou encore responsabilit\u00e9\u2026). La Commission ouvre d\u00e9sormais une p\u00e9riode de consultation des parties prenantes qui durera jusqu\u2019au 19 mai 2020 afin d\u2019aboutir \u00e0 une proposition finale en Juin 2020.<\/p>\n\n\n\n<p>2 \u2013 Au-del\u00e0 de la mise en place d\u2019un cadre r\u00e9glementaire robuste, la Commission souhaite d\u00e9ployer une strat\u00e9gie d\u2019investissements cibl\u00e9s, notamment dans le d\u00e9veloppement des infrastructures d\u00e9di\u00e9es au stockage et au traitement des donn\u00e9es, permettant de conf\u00e9rer une plus grande souverainet\u00e9 \u00e0 l\u2019Europe en mati\u00e8re de num\u00e9rique afin de se mettre au niveau de ses principaux concurrents internationaux.<\/p>\n\n\n\n<p>En effet, bien que l\u2019investissement europ\u00e9en en mati\u00e8re d\u2019IA ait augment\u00e9 ces derni\u00e8res ann\u00e9es, son niveau d\u2019ambition reste significativement moindre qu\u2019aux \u00c9tats-Unis ou en Chine. Afin de combler les lacunes europ\u00e9ennes, la Commission souhaite ainsi mobiliser un fonds de 4 milliards d\u2019\u20ac minimum d\u2019investissement dans les infrastructures\u00e0 partir de 2022 et significativement augmenter les investissements publics et priv\u00e9s durant la prochaine d\u00e9cennie. En parall\u00e8le, elle souhaite \u00e9galement cr\u00e9er un fonds de soutien \u00e0 l\u2019innovation en mati\u00e8re d\u2019IA et de <em>high-performance computing<\/em> d\u2019au moins 100 millions d\u2019\u20ac.<\/p>\n\n\n\n<p>La Commission mise \u00e9galement sur le d\u00e9veloppement de centres de recherche d\u2019excellence pour favoriser la recherche et l\u2019innovation dans l\u2019UE. Elle privil\u00e9gie \u00e9galement les partenariats public\/priv\u00e9 sur l\u2019IA ou encore le d\u00e9veloppement des comp\u00e9tences de pointe, notamment afin de permettre un acc\u00e8s accru aux PME avec la mise en place de laboratoires d\u2019innovation num\u00e9rique d\u00e9di\u00e9s \u00e0 l\u2019IA dans chaque pays. La Commission souhaite \u00e9galement cr\u00e9er des espaces europ\u00e9ens de donn\u00e9es dans des domaines jug\u00e9s prioritaires tels que la sant\u00e9, la mobilit\u00e9 ou l\u2019\u00e9cologie qui permettront de faire \u00e9merger des collaborations sp\u00e9cifiques dans un environnement favorable.<\/p>\n\n\n\n\n\n<figure class=\"wp-block-image wp-block-image-medium\"\n    data-shadow=\"false\"\n    data-use-original-file=\"false\">\n    <a\n        data-pswp-src=\"https:\/\/legrandcontinent.eu\/fr\/wp-content\/uploads\/sites\/2\/2020\/02\/unnamed-4.png\"\n        class=\"inline-block gallery-item no-underline \"\n        data-pswp-width=\"1280\"\n        data-pswp-height=\"880\">\n                                        <picture>\r\n                    <source\r\n                srcset=\"https:\/\/legrandcontinent.eu\/fr\/wp-content\/uploads\/sites\/2\/2020\/02\/unnamed-4-330x227.png\"\r\n                media=\"(max-width:  374px)\" \/>\r\n                    <source\r\n                srcset=\"https:\/\/legrandcontinent.eu\/fr\/wp-content\/uploads\/sites\/2\/2020\/02\/unnamed-4-690x474.png\"\r\n                media=\"(max-width:  989px)\" \/>\r\n                    <source\r\n                srcset=\"https:\/\/legrandcontinent.eu\/fr\/wp-content\/uploads\/sites\/2\/2020\/02\/unnamed-4-990x681.png\"\r\n                media=\"(max-width: 1319px)\" \/>\r\n                    <source\r\n                srcset=\"https:\/\/legrandcontinent.eu\/fr\/wp-content\/uploads\/sites\/2\/2020\/02\/unnamed-4-690x474.png\"\r\n                media=\"(max-width: 1599px)\" \/>\r\n                    <source\r\n                srcset=\"https:\/\/legrandcontinent.eu\/fr\/wp-content\/uploads\/sites\/2\/2020\/02\/unnamed-4-990x681.png\"\r\n                media=\"(min-width: 1600px)\" \/>\r\n                <img decoding=\"async\" alt=\"Des d\u00e9penses de R&amp;D h\u00e9t\u00e9rog\u00e8nes entre pays de l&#039;Union en pourcentage de PIB\" src=\"https:\/\/legrandcontinent.eu\/fr\/wp-content\/uploads\/sites\/2\/2020\/02\/unnamed-4-125x86.png\" \/>\r\n        <\/picture>\r\n                            \n            <\/a>\n<\/figure>\n\n\n<p>3 &#8211; Ces annonces ont enfin t\u00e9moign\u00e9 d\u2019une v\u00e9ritable volont\u00e9 de travailler en coll\u00e9gialit\u00e9 au sein de la Commission. En cr\u00e9ant un groupe de travail compos\u00e9 de plusieurs commissaires dont Margrethe Vestager, Thierry Breton et V\u011bra Jourov\u00e1, les membres de la Commission synchronisent les actions de leurs services. La cr\u00e9ation d\u2019une dynamique de travail unie et l\u2019objectif affich\u00e9 de d\u00e9velopper une v\u00e9ritable strat\u00e9gie num\u00e9rique pluridimensionnelle sont des signaux positifs au regard des ambitions g\u00e9opolitiques \u00e9nonc\u00e9es par Ursula von der Leyen.<\/p>\n\n\n\n<p>Avec ces premi\u00e8res annonces, la Commission entame un travail de fond visant \u00e0 faire \u00e9merger un \u00e9cosyst\u00e8me complet et propice au d\u00e9veloppement des d\u00e9fis technologiques nouveaux, tout en cherchant \u00e0 promouvoir et prot\u00e9ger les int\u00e9r\u00eats et les valeurs europ\u00e9ennes, notamment face aux strat\u00e9gies am\u00e9ricaines et chinoises.<\/p>\n","protected":false},"excerpt":{"rendered":"<p>Margrethe Vestager et Thierry Breton ont pr\u00e9sent\u00e9, le 19 f\u00e9vrier 2020, les axes principaux de la nouvelle strat\u00e9gie num\u00e9rique europ\u00e9enne m\u00ealant le livre blanc sur l\u2019intelligence artificielle (IA) et la strat\u00e9gie sur les donn\u00e9es. Consciente de l\u2019enjeu technologique repr\u00e9sent\u00e9 par les donn\u00e9es et du fort potentiel offert par le tissu industriel europ\u00e9en, la Commission europ\u00e9enne souhaite dynamiser les initiatives dans ce domaine, favoriser les \u00e9changes, b\u00e2tir un cadre r\u00e9glementaire robuste et ainsi ouvrir la voie \u00e0 la cr\u00e9ation d\u2019un v\u00e9ritable march\u00e9 unique des donn\u00e9es.<\/p>\n","protected":false},"author":175,"featured_media":0,"comment_status":"closed","ping_status":"closed","sticky":false,"template":"templates\/post-briefings.php","format":"standard","meta":{"_acf_changed":false,"_trash_the_other_posts":false,"_yoast_wpseo_estimated-reading-time-minutes":0,"footnotes":""},"categories":[1729],"tags":[],"staff":[2240],"editorial_format":[],"serie":[],"audience":[],"geo":[534],"class_list":["post-60762","post","type-post","status-publish","format-standard","hentry","category-numerique","staff-enguerrand-bourgois","geo-bulles"],"acf":{"open_in_webview":false,"accent":false},"yoast_head":"<!-- This site is optimized with the Yoast SEO plugin v26.1.1 - https:\/\/yoast.com\/wordpress\/plugins\/seo\/ -->\n<title>La strat\u00e9gie num\u00e9rique de l&#039;Union | Le Grand Continent<\/title>\n<meta name=\"robots\" content=\"index, follow, max-snippet:-1, max-image-preview:large, max-video-preview:-1\" \/>\n<link rel=\"canonical\" href=\"https:\/\/legrandcontinent.eu\/fr\/2020\/02\/23\/la-strategie-numerique-de-lunion\/\" \/>\n<meta property=\"og:locale\" content=\"fr_FR\" \/>\n<meta property=\"og:type\" content=\"article\" \/>\n<meta property=\"og:title\" content=\"La strat\u00e9gie num\u00e9rique de l&#039;Union | Le Grand Continent\" \/>\n<meta property=\"og:description\" content=\"Margrethe Vestager et Thierry Breton ont pr\u00e9sent\u00e9, le 19 f\u00e9vrier 2020, les axes principaux de la nouvelle strat\u00e9gie num\u00e9rique europ\u00e9enne m\u00ealant le livre blanc sur l\u2019intelligence artificielle (IA) et la strat\u00e9gie sur les donn\u00e9es. Consciente de l\u2019enjeu technologique repr\u00e9sent\u00e9 par les donn\u00e9es et du fort potentiel offert par le tissu industriel europ\u00e9en, la Commission europ\u00e9enne souhaite dynamiser les initiatives dans ce domaine, favoriser les \u00e9changes, b\u00e2tir un cadre r\u00e9glementaire robuste et ainsi ouvrir la voie \u00e0 la cr\u00e9ation d\u2019un v\u00e9ritable march\u00e9 unique des donn\u00e9es.\" \/>\n<meta property=\"og:url\" content=\"https:\/\/legrandcontinent.eu\/fr\/2020\/02\/23\/la-strategie-numerique-de-lunion\/\" \/>\n<meta property=\"og:site_name\" content=\"Le Grand Continent\" \/>\n<meta property=\"article:published_time\" content=\"2020-02-23T11:03:27+00:00\" \/>\n<meta property=\"article:modified_time\" content=\"2020-02-23T11:03:29+00:00\" \/>\n<meta property=\"og:image\" content=\"https:\/\/legrandcontinent.eu\/fr\/wp-content\/uploads\/sites\/2\/2020\/02\/unnamed-4.png\" \/>\n\t<meta property=\"og:image:width\" content=\"1280\" \/>\n\t<meta property=\"og:image:height\" content=\"880\" \/>\n\t<meta property=\"og:image:type\" content=\"image\/png\" \/>\n<meta name=\"author\" content=\"Giovanni Collot\" \/>\n<meta name=\"twitter:card\" content=\"summary_large_image\" \/>\n<meta name=\"twitter:label1\" content=\"\u00c9crit par\" \/>\n\t<meta name=\"twitter:data1\" content=\"Giovanni Collot\" \/>\n\t<meta name=\"twitter:label2\" content=\"Dur\u00e9e de lecture estim\u00e9e\" \/>\n\t<meta name=\"twitter:data2\" content=\"4 minutes\" \/>\n<script type=\"application\/ld+json\" class=\"yoast-schema-graph\">{\"@context\":\"https:\/\/schema.org\",\"@graph\":[{\"@type\":\"WebPage\",\"@id\":\"https:\/\/legrandcontinent.eu\/fr\/2020\/02\/23\/la-strategie-numerique-de-lunion\/\",\"url\":\"https:\/\/legrandcontinent.eu\/fr\/2020\/02\/23\/la-strategie-numerique-de-lunion\/\",\"name\":\"La strat\u00e9gie num\u00e9rique de l'Union | Le Grand Continent\",\"isPartOf\":{\"@id\":\"https:\/\/legrandcontinent.eu\/fr\/#website\"},\"datePublished\":\"2020-02-23T11:03:27+00:00\",\"dateModified\":\"2020-02-23T11:03:29+00:00\",\"author\":{\"@id\":\"https:\/\/legrandcontinent.eu\/fr\/#\/schema\/person\/953192c3de3c2331be3997745a2f12ef\"},\"breadcrumb\":{\"@id\":\"https:\/\/legrandcontinent.eu\/fr\/2020\/02\/23\/la-strategie-numerique-de-lunion\/#breadcrumb\"},\"inLanguage\":\"fr-FR\",\"potentialAction\":[{\"@type\":\"ReadAction\",\"target\":[\"https:\/\/legrandcontinent.eu\/fr\/2020\/02\/23\/la-strategie-numerique-de-lunion\/\"]}]},{\"@type\":\"BreadcrumbList\",\"@id\":\"https:\/\/legrandcontinent.eu\/fr\/2020\/02\/23\/la-strategie-numerique-de-lunion\/#breadcrumb\",\"itemListElement\":[{\"@type\":\"ListItem\",\"position\":1,\"name\":\"Accueil\",\"item\":\"https:\/\/legrandcontinent.eu\/fr\/\"},{\"@type\":\"ListItem\",\"position\":2,\"name\":\"La strat\u00e9gie num\u00e9rique de l&rsquo;Union\"}]},{\"@type\":\"WebSite\",\"@id\":\"https:\/\/legrandcontinent.eu\/fr\/#website\",\"url\":\"https:\/\/legrandcontinent.eu\/fr\/\",\"name\":\"Le Grand Continent\",\"description\":\"L&#039;\u00e9chelle pertinente\",\"potentialAction\":[{\"@type\":\"SearchAction\",\"target\":{\"@type\":\"EntryPoint\",\"urlTemplate\":\"https:\/\/legrandcontinent.eu\/fr\/?s={search_term_string}\"},\"query-input\":{\"@type\":\"PropertyValueSpecification\",\"valueRequired\":true,\"valueName\":\"search_term_string\"}}],\"inLanguage\":\"fr-FR\"},{\"@type\":\"Person\",\"@id\":\"https:\/\/legrandcontinent.eu\/fr\/#\/schema\/person\/953192c3de3c2331be3997745a2f12ef\",\"name\":\"Giovanni Collot\",\"image\":{\"@type\":\"ImageObject\",\"inLanguage\":\"fr-FR\",\"@id\":\"https:\/\/legrandcontinent.eu\/fr\/#\/schema\/person\/image\/\",\"url\":\"https:\/\/secure.gravatar.com\/avatar\/d93cac37237065a8de4498df3db60dde?s=96&d=mm&r=g\",\"contentUrl\":\"https:\/\/secure.gravatar.com\/avatar\/d93cac37237065a8de4498df3db60dde?s=96&d=mm&r=g\",\"caption\":\"Giovanni Collot\"}}]}<\/script>\n<!-- \/ Yoast SEO plugin. -->","yoast_head_json":{"title":"La strat\u00e9gie num\u00e9rique de l'Union | Le Grand Continent","robots":{"index":"index","follow":"follow","max-snippet":"max-snippet:-1","max-image-preview":"max-image-preview:large","max-video-preview":"max-video-preview:-1"},"canonical":"https:\/\/legrandcontinent.eu\/fr\/2020\/02\/23\/la-strategie-numerique-de-lunion\/","og_locale":"fr_FR","og_type":"article","og_title":"La strat\u00e9gie num\u00e9rique de l'Union | Le Grand Continent","og_description":"Margrethe Vestager et Thierry Breton ont pr\u00e9sent\u00e9, le 19 f\u00e9vrier 2020, les axes principaux de la nouvelle strat\u00e9gie num\u00e9rique europ\u00e9enne m\u00ealant le livre blanc sur l\u2019intelligence artificielle (IA) et la strat\u00e9gie sur les donn\u00e9es. Consciente de l\u2019enjeu technologique repr\u00e9sent\u00e9 par les donn\u00e9es et du fort potentiel offert par le tissu industriel europ\u00e9en, la Commission europ\u00e9enne souhaite dynamiser les initiatives dans ce domaine, favoriser les \u00e9changes, b\u00e2tir un cadre r\u00e9glementaire robuste et ainsi ouvrir la voie \u00e0 la cr\u00e9ation d\u2019un v\u00e9ritable march\u00e9 unique des donn\u00e9es.","og_url":"https:\/\/legrandcontinent.eu\/fr\/2020\/02\/23\/la-strategie-numerique-de-lunion\/","og_site_name":"Le Grand Continent","article_published_time":"2020-02-23T11:03:27+00:00","article_modified_time":"2020-02-23T11:03:29+00:00","og_image":[{"width":1280,"height":880,"url":"https:\/\/legrandcontinent.eu\/fr\/wp-content\/uploads\/sites\/2\/2020\/02\/unnamed-4.png","type":"image\/png"}],"author":"Giovanni Collot","twitter_card":"summary_large_image","twitter_misc":{"\u00c9crit par":"Giovanni Collot","Dur\u00e9e de lecture estim\u00e9e":"4 minutes"},"schema":{"@context":"https:\/\/schema.org","@graph":[{"@type":"WebPage","@id":"https:\/\/legrandcontinent.eu\/fr\/2020\/02\/23\/la-strategie-numerique-de-lunion\/","url":"https:\/\/legrandcontinent.eu\/fr\/2020\/02\/23\/la-strategie-numerique-de-lunion\/","name":"La strat\u00e9gie num\u00e9rique de l'Union | Le Grand Continent","isPartOf":{"@id":"https:\/\/legrandcontinent.eu\/fr\/#website"},"datePublished":"2020-02-23T11:03:27+00:00","dateModified":"2020-02-23T11:03:29+00:00","author":{"@id":"https:\/\/legrandcontinent.eu\/fr\/#\/schema\/person\/953192c3de3c2331be3997745a2f12ef"},"breadcrumb":{"@id":"https:\/\/legrandcontinent.eu\/fr\/2020\/02\/23\/la-strategie-numerique-de-lunion\/#breadcrumb"},"inLanguage":"fr-FR","potentialAction":[{"@type":"ReadAction","target":["https:\/\/legrandcontinent.eu\/fr\/2020\/02\/23\/la-strategie-numerique-de-lunion\/"]}]},{"@type":"BreadcrumbList","@id":"https:\/\/legrandcontinent.eu\/fr\/2020\/02\/23\/la-strategie-numerique-de-lunion\/#breadcrumb","itemListElement":[{"@type":"ListItem","position":1,"name":"Accueil","item":"https:\/\/legrandcontinent.eu\/fr\/"},{"@type":"ListItem","position":2,"name":"La strat\u00e9gie num\u00e9rique de l&rsquo;Union"}]},{"@type":"WebSite","@id":"https:\/\/legrandcontinent.eu\/fr\/#website","url":"https:\/\/legrandcontinent.eu\/fr\/","name":"Le Grand Continent","description":"L&#039;\u00e9chelle pertinente","potentialAction":[{"@type":"SearchAction","target":{"@type":"EntryPoint","urlTemplate":"https:\/\/legrandcontinent.eu\/fr\/?s={search_term_string}"},"query-input":{"@type":"PropertyValueSpecification","valueRequired":true,"valueName":"search_term_string"}}],"inLanguage":"fr-FR"},{"@type":"Person","@id":"https:\/\/legrandcontinent.eu\/fr\/#\/schema\/person\/953192c3de3c2331be3997745a2f12ef","name":"Giovanni Collot","image":{"@type":"ImageObject","inLanguage":"fr-FR","@id":"https:\/\/legrandcontinent.eu\/fr\/#\/schema\/person\/image\/","url":"https:\/\/secure.gravatar.com\/avatar\/d93cac37237065a8de4498df3db60dde?s=96&d=mm&r=g","contentUrl":"https:\/\/secure.gravatar.com\/avatar\/d93cac37237065a8de4498df3db60dde?s=96&d=mm&r=g","caption":"Giovanni Collot"}}]}},"lgc_categories":[{"id":1729,"name":"Num\u00e9rique","slug":"numerique"}],"lgc_author":{"id":2240,"name":"Enguerrand Bourgois","slug":"enguerrand-bourgois"},"feature_image_summary":null,"feature_image_cover":null,"term_position_data":null,"_links":{"self":[{"href":"https:\/\/legrandcontinent.eu\/fr\/wp-json\/wp\/v2\/posts\/60762","targetHints":{"allow":["GET"]}}],"collection":[{"href":"https:\/\/legrandcontinent.eu\/fr\/wp-json\/wp\/v2\/posts"}],"about":[{"href":"https:\/\/legrandcontinent.eu\/fr\/wp-json\/wp\/v2\/types\/post"}],"author":[{"embeddable":true,"href":"https:\/\/legrandcontinent.eu\/fr\/wp-json\/wp\/v2\/users\/175"}],"replies":[{"embeddable":true,"href":"https:\/\/legrandcontinent.eu\/fr\/wp-json\/wp\/v2\/comments?post=60762"}],"version-history":[{"count":0,"href":"https:\/\/legrandcontinent.eu\/fr\/wp-json\/wp\/v2\/posts\/60762\/revisions"}],"wp:attachment":[{"href":"https:\/\/legrandcontinent.eu\/fr\/wp-json\/wp\/v2\/media?parent=60762"}],"wp:term":[{"taxonomy":"category","embeddable":true,"href":"https:\/\/legrandcontinent.eu\/fr\/wp-json\/wp\/v2\/categories?post=60762"},{"taxonomy":"post_tag","embeddable":true,"href":"https:\/\/legrandcontinent.eu\/fr\/wp-json\/wp\/v2\/tags?post=60762"},{"taxonomy":"staff","embeddable":true,"href":"https:\/\/legrandcontinent.eu\/fr\/wp-json\/wp\/v2\/staff?post=60762"},{"taxonomy":"editorial_format","embeddable":true,"href":"https:\/\/legrandcontinent.eu\/fr\/wp-json\/wp\/v2\/editorial_format?post=60762"},{"taxonomy":"serie","embeddable":true,"href":"https:\/\/legrandcontinent.eu\/fr\/wp-json\/wp\/v2\/serie?post=60762"},{"taxonomy":"audience","embeddable":true,"href":"https:\/\/legrandcontinent.eu\/fr\/wp-json\/wp\/v2\/audience?post=60762"},{"taxonomy":"geo","embeddable":true,"href":"https:\/\/legrandcontinent.eu\/fr\/wp-json\/wp\/v2\/geo?post=60762"}],"curies":[{"name":"wp","href":"https:\/\/api.w.org\/{rel}","templated":true}]}}