{"id":56218,"date":"2020-01-08T22:50:26","date_gmt":"2020-01-08T21:50:26","guid":{"rendered":"https:\/\/legrandcontinent.eu\/fr\/?p=56218"},"modified":"2020-02-22T17:38:52","modified_gmt":"2020-02-22T16:38:52","slug":"dernier-delai-pour-laccord-post-brexit-en-decembre","status":"publish","type":"post","link":"https:\/\/legrandcontinent.eu\/fr\/2020\/01\/08\/dernier-delai-pour-laccord-post-brexit-en-decembre\/","title":{"rendered":"Dernier d\u00e9lai pour l\u2019accord post-Brexit en d\u00e9cembre"},"content":{"rendered":"\n<p><em>\u00c0 quoi faut-il s\u2019attendre en 2020&#160;? Apr\u00e8s avoir pass\u00e9 en revue la mouvement\u00e9e ann\u00e9e 2019, nous soulignons cette semaine les tendances \u00e0 suivre pendant l\u2019\u00e9nigmatique 2020, mois par mois.<\/em><\/p>\n\n\n\n<p><em>Londres<\/em>. Le 31 d\u00e9cembre 2020 sera la derni\u00e8re date pour que le Royaume-Uni et l\u2019Union signent un accord commercial.<\/p>\n\n\n\n\n\n<figure class=\"wp-block-image wp-block-image-large\"\n    data-shadow=\"false\"\n    data-use-original-file=\"false\">\n    <a\n        data-pswp-src=\"https:\/\/legrandcontinent.eu\/fr\/wp-content\/uploads\/sites\/2\/2020\/01\/unnamed-8.png\"\n        class=\"inline-block gallery-item no-underline \"\n        data-pswp-width=\"2344\"\n        data-pswp-height=\"2340\">\n                                        <picture>\r\n                    <source\r\n                srcset=\"https:\/\/legrandcontinent.eu\/fr\/wp-content\/uploads\/sites\/2\/2020\/01\/unnamed-8-330x329.png\"\r\n                media=\"(max-width: 374px)\" \/>\r\n                    <source\r\n                srcset=\"https:\/\/legrandcontinent.eu\/fr\/wp-content\/uploads\/sites\/2\/2020\/01\/unnamed-8-690x689.png\"\r\n                media=\"(max-width: 989px)\" \/>\r\n                    <source\r\n                srcset=\"https:\/\/legrandcontinent.eu\/fr\/wp-content\/uploads\/sites\/2\/2020\/01\/unnamed-8-1340x1338.png\"\r\n                media=\"(min-width: 990px)\" \/>\r\n                <img decoding=\"async\" alt=\"Les cons\u00e9quences \u00e9conomiques du Brexit sur les PIB des pays membres de l&#039;Union europ\u00e9enne\" src=\"https:\/\/legrandcontinent.eu\/fr\/wp-content\/uploads\/sites\/2\/2020\/01\/unnamed-8-125x125.png\" \/>\r\n        <\/picture>\r\n                            \n            <\/a>\n<\/figure>\n\n\n<ul class=\"wp-block-list\"><li><strong>Sans cela, <\/strong>le Royaume-Uni repasserait sous le coup de la juridiction traditionnelle de l\u2019OMC, avec des droits de douane et des contr\u00f4les aux fronti\u00e8res renforc\u00e9s \u2013 un quasi <em>no deal Brexit<\/em>, en somme.<\/li><li><strong>En d\u00e9pit<\/strong> de la finale de l\u2019Euro en juillet, d\u00e9cembre 2020 sera-t-il un mois londonien&#160;? \u00ab&#160;Je voudrais que Londres demeure une des capitales de l\u2019Europe&#160;\u00bb, nous confiait Rory Stewart il y a quelques jours.&nbsp;<span class='whitespace-nowrap'><span id='easy-footnote-1-56218' class='easy-footnote-margin-adjust'><\/span><span class='easy-footnote'><a href='https:\/\/legrandcontinent.eu\/fr\/2020\/01\/08\/dernier-delai-pour-laccord-post-brexit-en-decembre\/#easy-footnote-bottom-1-56218' title='ROGER-LACAN Mathieu, GRESSANI Gilles, &lt;a href=&quot;https:\/\/legrandcontinent.eu\/fr\/2019\/12\/08\/je-voudrais-essayer-de-faire-que-londres-demeure-une-des-capitales-de-leurope-conversation-avec-rory-stewart\/?utm_source=LLDL+-+Fran%C3%A7ais&amp;amp;utm_campaign=b0617891b1-EMAIL_CAMPAIGN_2019_12_28_07_45&amp;amp;utm_medium=email&amp;amp;utm_term=0_8dff9a737a-b0617891b1-123122823&amp;amp;mc_cid=b0617891b1&amp;amp;mc_eid=f9b412825a&quot;&gt;\u00ab&amp;#160;Je voudrais que Londres demeure une des capitales de l\u2019Europe&amp;#160;\u00bb, conversation avec Rory Stewart&lt;\/a&gt;, Le Grand Continent, 8 d\u00e9cembre 2019'><sup>1<\/sup><\/a><\/span><\/span><\/li><\/ul>\n\n\n\n<p><em><strong>Nota bene <\/strong>&#160;: L\u2019ann\u00e9e 2020 sera \u00e9galement celle d\u2019une red\u00e9finition compl\u00e8te du Labour Party britannique.<\/em>&nbsp;<span class='whitespace-nowrap'><span id='easy-footnote-2-56218' class='easy-footnote-margin-adjust'><\/span><span class='easy-footnote'><a href='https:\/\/legrandcontinent.eu\/fr\/2020\/01\/08\/dernier-delai-pour-laccord-post-brexit-en-decembre\/#easy-footnote-bottom-2-56218' title='SALEM Lola, CHIVERS Aidan, &lt;a href=&quot;https:\/\/legrandcontinent.eu\/fr\/2019\/12\/14\/elections-britanniques-de-quoi-la-victoire-des-conservateurs-est-elle-le-nom\/?utm_source=LLDL+-+Fran%C3%A7ais&amp;amp;utm_campaign=b0617891b1-EMAIL_CAMPAIGN_2019_12_28_07_45&amp;amp;utm_medium=email&amp;amp;utm_term=0_8dff9a737a-b0617891b1-123122823&amp;amp;mc_cid=b0617891b1&amp;amp;mc_eid=f9b412825a&quot;&gt;Elections britanniques&amp;#160;: de quoi la victoire des conservateurs est-elle le nom&amp;#160;?&lt;\/a&gt;, Le Grand Continent, 14 d\u00e9cembre 2019'><sup>2<\/sup><\/a><\/span><\/span><\/p>\n","protected":false},"excerpt":{"rendered":"<p>\u00c0 quoi faut-il s\u2019attendre en 2020&#160;&#160;? Apr\u00e8s avoir pass\u00e9 en revue la mouvement\u00e9e ann\u00e9e 2019, nous soulignons cette semaine les tendances \u00e0 suivre pendant l\u2019\u00e9nigmatique 2020, mois par mois. Le 31 d\u00e9cembre 2020 sera la derni\u00e8re date pour que le Royaume-Uni et l\u2019Union signent un accord commercial.<\/p>\n","protected":false},"author":175,"featured_media":0,"comment_status":"closed","ping_status":"closed","sticky":false,"template":"templates\/post-briefings.php","format":"standard","meta":{"_acf_changed":false,"_trash_the_other_posts":false,"_yoast_wpseo_estimated-reading-time-minutes":0,"footnotes":""},"categories":[1731],"tags":[],"staff":[1780],"editorial_format":[],"serie":[],"audience":[],"geo":[547],"class_list":["post-56218","post","type-post","status-publish","format-standard","hentry","category-politique","staff-le-grand-continent","geo-nordiques"],"acf":{"open_in_webview":false,"accent":false,"_thumbnail_id":"","excerpt":"\u00c0 quoi faut-il s\u2019attendre en 2020 ? Apr\u00e8s avoir pass\u00e9 en revue la mouvement\u00e9e ann\u00e9e 2019, nous soulignons cette semaine les tendances \u00e0 suivre pendant l\u2019\u00e9nigmatique 2020, mois par mois. Le 31 d\u00e9cembre 2020 sera la derni\u00e8re date pour que le Royaume-Uni et l\u2019Union signent un accord commercial.","display_date":"","new_abstract":true},"yoast_head":"<!-- This site is optimized with the Yoast SEO plugin v26.1.1 - https:\/\/yoast.com\/wordpress\/plugins\/seo\/ -->\n<title>Dernier d\u00e9lai pour l\u2019accord post-Brexit en d\u00e9cembre | Le Grand Continent<\/title>\n<meta name=\"robots\" content=\"index, follow, max-snippet:-1, max-image-preview:large, max-video-preview:-1\" \/>\n<link rel=\"canonical\" href=\"https:\/\/legrandcontinent.eu\/fr\/2020\/01\/08\/dernier-delai-pour-laccord-post-brexit-en-decembre\/\" \/>\n<meta property=\"og:locale\" content=\"fr_FR\" \/>\n<meta property=\"og:type\" content=\"article\" \/>\n<meta property=\"og:title\" content=\"Dernier d\u00e9lai pour l\u2019accord post-Brexit en d\u00e9cembre | Le Grand Continent\" \/>\n<meta property=\"og:description\" content=\"\u00c0 quoi faut-il s\u2019attendre en 2020&#160;? Apr\u00e8s avoir pass\u00e9 en revue la mouvement\u00e9e ann\u00e9e 2019, nous soulignons cette semaine les tendances \u00e0 suivre pendant l\u2019\u00e9nigmatique 2020, mois par mois. Le 31 d\u00e9cembre 2020 sera la derni\u00e8re date pour que le Royaume-Uni et l\u2019Union signent un accord commercial.\" \/>\n<meta property=\"og:url\" content=\"https:\/\/legrandcontinent.eu\/fr\/2020\/01\/08\/dernier-delai-pour-laccord-post-brexit-en-decembre\/\" \/>\n<meta property=\"og:site_name\" content=\"Le Grand Continent\" \/>\n<meta property=\"article:published_time\" content=\"2020-01-08T21:50:26+00:00\" \/>\n<meta property=\"article:modified_time\" content=\"2020-02-22T16:38:52+00:00\" \/>\n<meta name=\"author\" content=\"Giovanni Collot\" \/>\n<meta name=\"twitter:card\" content=\"summary_large_image\" \/>\n<meta name=\"twitter:label1\" content=\"\u00c9crit par\" \/>\n\t<meta name=\"twitter:data1\" content=\"Giovanni Collot\" \/>\n\t<meta name=\"twitter:label2\" content=\"Dur\u00e9e de lecture estim\u00e9e\" \/>\n\t<meta name=\"twitter:data2\" content=\"1 minute\" \/>\n<script type=\"application\/ld+json\" class=\"yoast-schema-graph\">{\"@context\":\"https:\/\/schema.org\",\"@graph\":[{\"@type\":\"WebPage\",\"@id\":\"https:\/\/legrandcontinent.eu\/fr\/2020\/01\/08\/dernier-delai-pour-laccord-post-brexit-en-decembre\/\",\"url\":\"https:\/\/legrandcontinent.eu\/fr\/2020\/01\/08\/dernier-delai-pour-laccord-post-brexit-en-decembre\/\",\"name\":\"Dernier d\u00e9lai pour l\u2019accord post-Brexit en d\u00e9cembre | Le Grand Continent\",\"isPartOf\":{\"@id\":\"https:\/\/legrandcontinent.eu\/fr\/#website\"},\"datePublished\":\"2020-01-08T21:50:26+00:00\",\"dateModified\":\"2020-02-22T16:38:52+00:00\",\"author\":{\"@id\":\"https:\/\/legrandcontinent.eu\/fr\/#\/schema\/person\/953192c3de3c2331be3997745a2f12ef\"},\"breadcrumb\":{\"@id\":\"https:\/\/legrandcontinent.eu\/fr\/2020\/01\/08\/dernier-delai-pour-laccord-post-brexit-en-decembre\/#breadcrumb\"},\"inLanguage\":\"fr-FR\",\"potentialAction\":[{\"@type\":\"ReadAction\",\"target\":[\"https:\/\/legrandcontinent.eu\/fr\/2020\/01\/08\/dernier-delai-pour-laccord-post-brexit-en-decembre\/\"]}]},{\"@type\":\"BreadcrumbList\",\"@id\":\"https:\/\/legrandcontinent.eu\/fr\/2020\/01\/08\/dernier-delai-pour-laccord-post-brexit-en-decembre\/#breadcrumb\",\"itemListElement\":[{\"@type\":\"ListItem\",\"position\":1,\"name\":\"Accueil\",\"item\":\"https:\/\/legrandcontinent.eu\/fr\/\"},{\"@type\":\"ListItem\",\"position\":2,\"name\":\"Dernier d\u00e9lai pour l\u2019accord post-Brexit en d\u00e9cembre\"}]},{\"@type\":\"WebSite\",\"@id\":\"https:\/\/legrandcontinent.eu\/fr\/#website\",\"url\":\"https:\/\/legrandcontinent.eu\/fr\/\",\"name\":\"Le Grand Continent\",\"description\":\"L&#039;\u00e9chelle pertinente\",\"potentialAction\":[{\"@type\":\"SearchAction\",\"target\":{\"@type\":\"EntryPoint\",\"urlTemplate\":\"https:\/\/legrandcontinent.eu\/fr\/?s={search_term_string}\"},\"query-input\":{\"@type\":\"PropertyValueSpecification\",\"valueRequired\":true,\"valueName\":\"search_term_string\"}}],\"inLanguage\":\"fr-FR\"},{\"@type\":\"Person\",\"@id\":\"https:\/\/legrandcontinent.eu\/fr\/#\/schema\/person\/953192c3de3c2331be3997745a2f12ef\",\"name\":\"Giovanni Collot\",\"image\":{\"@type\":\"ImageObject\",\"inLanguage\":\"fr-FR\",\"@id\":\"https:\/\/legrandcontinent.eu\/fr\/#\/schema\/person\/image\/\",\"url\":\"https:\/\/secure.gravatar.com\/avatar\/d93cac37237065a8de4498df3db60dde?s=96&d=mm&r=g\",\"contentUrl\":\"https:\/\/secure.gravatar.com\/avatar\/d93cac37237065a8de4498df3db60dde?s=96&d=mm&r=g\",\"caption\":\"Giovanni Collot\"}}]}<\/script>\n<!-- \/ Yoast SEO plugin. -->","yoast_head_json":{"title":"Dernier d\u00e9lai pour l\u2019accord post-Brexit en d\u00e9cembre | Le Grand Continent","robots":{"index":"index","follow":"follow","max-snippet":"max-snippet:-1","max-image-preview":"max-image-preview:large","max-video-preview":"max-video-preview:-1"},"canonical":"https:\/\/legrandcontinent.eu\/fr\/2020\/01\/08\/dernier-delai-pour-laccord-post-brexit-en-decembre\/","og_locale":"fr_FR","og_type":"article","og_title":"Dernier d\u00e9lai pour l\u2019accord post-Brexit en d\u00e9cembre | Le Grand Continent","og_description":"\u00c0 quoi faut-il s\u2019attendre en 2020&#160;? Apr\u00e8s avoir pass\u00e9 en revue la mouvement\u00e9e ann\u00e9e 2019, nous soulignons cette semaine les tendances \u00e0 suivre pendant l\u2019\u00e9nigmatique 2020, mois par mois. Le 31 d\u00e9cembre 2020 sera la derni\u00e8re date pour que le Royaume-Uni et l\u2019Union signent un accord commercial.","og_url":"https:\/\/legrandcontinent.eu\/fr\/2020\/01\/08\/dernier-delai-pour-laccord-post-brexit-en-decembre\/","og_site_name":"Le Grand Continent","article_published_time":"2020-01-08T21:50:26+00:00","article_modified_time":"2020-02-22T16:38:52+00:00","author":"Giovanni Collot","twitter_card":"summary_large_image","twitter_misc":{"\u00c9crit par":"Giovanni Collot","Dur\u00e9e de lecture estim\u00e9e":"1 minute"},"schema":{"@context":"https:\/\/schema.org","@graph":[{"@type":"WebPage","@id":"https:\/\/legrandcontinent.eu\/fr\/2020\/01\/08\/dernier-delai-pour-laccord-post-brexit-en-decembre\/","url":"https:\/\/legrandcontinent.eu\/fr\/2020\/01\/08\/dernier-delai-pour-laccord-post-brexit-en-decembre\/","name":"Dernier d\u00e9lai pour l\u2019accord post-Brexit en d\u00e9cembre | Le Grand Continent","isPartOf":{"@id":"https:\/\/legrandcontinent.eu\/fr\/#website"},"datePublished":"2020-01-08T21:50:26+00:00","dateModified":"2020-02-22T16:38:52+00:00","author":{"@id":"https:\/\/legrandcontinent.eu\/fr\/#\/schema\/person\/953192c3de3c2331be3997745a2f12ef"},"breadcrumb":{"@id":"https:\/\/legrandcontinent.eu\/fr\/2020\/01\/08\/dernier-delai-pour-laccord-post-brexit-en-decembre\/#breadcrumb"},"inLanguage":"fr-FR","potentialAction":[{"@type":"ReadAction","target":["https:\/\/legrandcontinent.eu\/fr\/2020\/01\/08\/dernier-delai-pour-laccord-post-brexit-en-decembre\/"]}]},{"@type":"BreadcrumbList","@id":"https:\/\/legrandcontinent.eu\/fr\/2020\/01\/08\/dernier-delai-pour-laccord-post-brexit-en-decembre\/#breadcrumb","itemListElement":[{"@type":"ListItem","position":1,"name":"Accueil","item":"https:\/\/legrandcontinent.eu\/fr\/"},{"@type":"ListItem","position":2,"name":"Dernier d\u00e9lai pour l\u2019accord post-Brexit en d\u00e9cembre"}]},{"@type":"WebSite","@id":"https:\/\/legrandcontinent.eu\/fr\/#website","url":"https:\/\/legrandcontinent.eu\/fr\/","name":"Le Grand Continent","description":"L&#039;\u00e9chelle pertinente","potentialAction":[{"@type":"SearchAction","target":{"@type":"EntryPoint","urlTemplate":"https:\/\/legrandcontinent.eu\/fr\/?s={search_term_string}"},"query-input":{"@type":"PropertyValueSpecification","valueRequired":true,"valueName":"search_term_string"}}],"inLanguage":"fr-FR"},{"@type":"Person","@id":"https:\/\/legrandcontinent.eu\/fr\/#\/schema\/person\/953192c3de3c2331be3997745a2f12ef","name":"Giovanni Collot","image":{"@type":"ImageObject","inLanguage":"fr-FR","@id":"https:\/\/legrandcontinent.eu\/fr\/#\/schema\/person\/image\/","url":"https:\/\/secure.gravatar.com\/avatar\/d93cac37237065a8de4498df3db60dde?s=96&d=mm&r=g","contentUrl":"https:\/\/secure.gravatar.com\/avatar\/d93cac37237065a8de4498df3db60dde?s=96&d=mm&r=g","caption":"Giovanni Collot"}}]}},"lgc_categories":[{"id":1731,"name":"Politique","slug":"politique"}],"lgc_author":{"id":1780,"name":"Le Grand Continent","slug":"le-grand-continent","description":null,"first_name":null,"last_name":null,"picture":null},"feature_image_summary":null,"feature_image_cover":null,"term_position_data":null,"_links":{"self":[{"href":"https:\/\/legrandcontinent.eu\/fr\/wp-json\/wp\/v2\/posts\/56218","targetHints":{"allow":["GET"]}}],"collection":[{"href":"https:\/\/legrandcontinent.eu\/fr\/wp-json\/wp\/v2\/posts"}],"about":[{"href":"https:\/\/legrandcontinent.eu\/fr\/wp-json\/wp\/v2\/types\/post"}],"author":[{"embeddable":true,"href":"https:\/\/legrandcontinent.eu\/fr\/wp-json\/wp\/v2\/users\/175"}],"replies":[{"embeddable":true,"href":"https:\/\/legrandcontinent.eu\/fr\/wp-json\/wp\/v2\/comments?post=56218"}],"version-history":[{"count":0,"href":"https:\/\/legrandcontinent.eu\/fr\/wp-json\/wp\/v2\/posts\/56218\/revisions"}],"wp:attachment":[{"href":"https:\/\/legrandcontinent.eu\/fr\/wp-json\/wp\/v2\/media?parent=56218"}],"wp:term":[{"taxonomy":"category","embeddable":true,"href":"https:\/\/legrandcontinent.eu\/fr\/wp-json\/wp\/v2\/categories?post=56218"},{"taxonomy":"post_tag","embeddable":true,"href":"https:\/\/legrandcontinent.eu\/fr\/wp-json\/wp\/v2\/tags?post=56218"},{"taxonomy":"staff","embeddable":true,"href":"https:\/\/legrandcontinent.eu\/fr\/wp-json\/wp\/v2\/staff?post=56218"},{"taxonomy":"editorial_format","embeddable":true,"href":"https:\/\/legrandcontinent.eu\/fr\/wp-json\/wp\/v2\/editorial_format?post=56218"},{"taxonomy":"serie","embeddable":true,"href":"https:\/\/legrandcontinent.eu\/fr\/wp-json\/wp\/v2\/serie?post=56218"},{"taxonomy":"audience","embeddable":true,"href":"https:\/\/legrandcontinent.eu\/fr\/wp-json\/wp\/v2\/audience?post=56218"},{"taxonomy":"geo","embeddable":true,"href":"https:\/\/legrandcontinent.eu\/fr\/wp-json\/wp\/v2\/geo?post=56218"}],"curies":[{"name":"wp","href":"https:\/\/api.w.org\/{rel}","templated":true}]}}