{"id":54688,"date":"2019-12-12T20:20:40","date_gmt":"2019-12-12T19:20:40","guid":{"rendered":"https:\/\/legrandcontinent.eu\/fr\/?p=54688"},"modified":"2020-02-22T21:08:27","modified_gmt":"2020-02-22T20:08:27","slug":"le-danemark-revoit-ses-ambitions-climatiques-a-la-hausse","status":"publish","type":"post","link":"https:\/\/legrandcontinent.eu\/fr\/2019\/12\/12\/le-danemark-revoit-ses-ambitions-climatiques-a-la-hausse\/","title":{"rendered":"Le Danemark revoit ses ambitions climatiques \u00e0 la hausse"},"content":{"rendered":"\n<p><em>Copenhague.<\/em> Le vendredi 6 d\u00e9cembre dernier, le Danemark a adopt\u00e9 une nouvelle loi climatique qui ambitionne d\u2019atteindre une r\u00e9duction de 70&#160;% de ses \u00e9missions d\u2019ici 2030 (par rapport au niveau de 1990) et fait ainsi preuve de sa d\u00e9termination \u00e0 atteindre une neutralit\u00e9 carbone pour 2050.&nbsp;<span class='whitespace-nowrap'><span id='easy-footnote-1-54688' class='easy-footnote-margin-adjust'><\/span><span class='easy-footnote'><a href='https:\/\/legrandcontinent.eu\/fr\/2019\/12\/12\/le-danemark-revoit-ses-ambitions-climatiques-a-la-hausse\/#easy-footnote-bottom-1-54688' title='TIMPERLEY Jocelyn, &lt;a href=&quot;https:\/\/www.climatechangenews.com\/2019\/12\/06\/denmark-adopts-climate-law-cut-emissions-70-2030\/&quot;&gt;Denmark adopts climate law to cut emissions 70&amp;#160;% by 2030&lt;\/a&gt;, Climate Home News, 2019'><sup>1<\/sup><\/a><\/span><\/span><\/p>\n\n\n\n<p>\u00c0 la fois constructive de la politique climatique danoise, cette nouvelle loi pr\u00e9voit \u00e9galement l\u2019application des engagements issus des diff\u00e9rents instruments juridiques internationaux ratifi\u00e9s par le Danemark. Une attention particuli\u00e8re \u00e9tant par ailleurs port\u00e9e sur l\u2019aide aux pays en d\u00e9veloppement dans l\u2019application de nouvelles politiques climatiques. <\/p>\n\n\n\n<p>Dans ses provisions, cette loi assure la r\u00e9daction d\u2019un rapport annuel sur les efforts entrepris par le gouvernement sur la mise en place d\u2019actions climatiques concr\u00e8tes mais aussi sur les effets des importations et de la consommation danoises sur le climat. De surcro\u00eet, la loi assure l\u2019encadrement des strat\u00e9gies danoises sur ses politiques \u00e9trang\u00e8res, de d\u00e9veloppement et commerciales qui influencent les actions climatiques internationales. <\/p>\n\n\n\n<p>Un \u2018Conseil pour le changement climatique\u2019, ind\u00e9pendant et compos\u00e9 essentiellement d\u2019universitaires, statuera sur les progr\u00e8s du gouvernement en mati\u00e8re climatique et formulera des recommandations pour les actions futures. De plus cette loi pr\u00e9voit un important aspect de contr\u00f4le et de surveillance du respect de celle-ci&#160;: tous les cinq ans, de nouvelles r\u00e8gles juridiquement contraignantes seront ajout\u00e9es et devront \u00eatre appliqu\u00e9es dans une p\u00e9riode s\u2019\u00e9talant sur dix ans. La premi\u00e8re de ce type sera appliqu\u00e9e \u00e0 partir de l\u2019ann\u00e9e prochaine (2020). <\/p>\n\n\n\n<h4 class=\"wp-block-heading\"><strong>Nouveau gouvernement, nouvelle trajectoire pour une transition verte&#160;? <\/strong><\/h4>\n\n\n\n<p>D\u00e8s son arriv\u00e9e au pouvoir aux \u00e9lections de 2019, la coalition de gauche (form\u00e9e par les sociaux-d\u00e9mocrates \u2013 ayant remport\u00e9 26&#160;% des suffrages&#160;; les centristes sociaux-lib\u00e9raux et les socialistes) construisait sa nouvelle politique autour des enjeux du r\u00e9chauffement climatique. \u00c0 titre illustratif, le nouveau gouvernement entendait am\u00e9liorer et \u00e9tendre sa strat\u00e9gie d\u2019\u00e9lectrification, bannir la vente de nouveaux v\u00e9hicules diesel et essence d\u2019ici 2030 et jouer sur ses capacit\u00e9s \u00e0 d\u00e9velopper son potentiel de production \u2013 offshore &#8211; d\u2019\u00e9nergie \u00e9olienne avec ses pays voisins de la mer du Nord.&nbsp;<span class='whitespace-nowrap'><span id='easy-footnote-2-54688' class='easy-footnote-margin-adjust'><\/span><span class='easy-footnote'><a href='https:\/\/legrandcontinent.eu\/fr\/2019\/12\/12\/le-danemark-revoit-ses-ambitions-climatiques-a-la-hausse\/#easy-footnote-bottom-2-54688' title='FARAND Chlo\u00e9,&lt;a href=&quot;https:\/\/www.climatechangenews.com\/2019\/06\/26\/denmarks-new-government-raises-climate-change-highest-priority\/&quot;&gt; Denmark\u2019s new government raises climate change to highest priority,&lt;\/a&gt; Climate Home News, 2019'><sup>2<\/sup><\/a><\/span><\/span><\/p>\n\n\n\n<p>Cette nouvelle loi climatique s\u2019inscrit dans la continuit\u00e9 du Danemark \u00e0 promouvoir l\u2019une des politiques climatiques les plus ambitieuses \u00e0 l\u2019\u00e9chelle internationale.&nbsp;<span class='whitespace-nowrap'><span id='easy-footnote-3-54688' class='easy-footnote-margin-adjust'><\/span><span class='easy-footnote'><a href='https:\/\/legrandcontinent.eu\/fr\/2019\/12\/12\/le-danemark-revoit-ses-ambitions-climatiques-a-la-hausse\/#easy-footnote-bottom-3-54688' title='VILLAIN Bastien, &lt;a href=&quot;https:\/\/legrandcontinent.eu\/fr\/2019\/10\/30\/copenhague-une-metropole-europeenne-a-lambition-decarbonee\/&quot;&gt;Copenhague, une m\u00e9tropole europ\u00e9enne \u00e0 l\u2019ambition d\u00e9carbon\u00e9e&lt;\/a&gt;, Le Grand Continent, 30 octobre 2019'><sup>3<\/sup><\/a><\/span><\/span> Dans un de ses documents officiels de juin 2019, le nouveau gouvernement danois (social-d\u00e9mocrate) pr\u00e9voyait d\u00e9j\u00e0 l\u2019adoption d\u2019un projet de loi pour une r\u00e9duction des \u00e9missions de gaz \u00e0 effet de serre pr\u00e9vue \u00e0 70&#160;%&#160;; cela est maintenant chose faite. <\/p>\n\n\n\n<p>Publi\u00e9 annuellement depuis 2005, l\u2019Indice de Performance du Changement Climatique (CCPI) positionne dans son dernier classement (r\u00e9v\u00e9l\u00e9 lors de la COP25 \u00e0 Madrid) le Danemark \u00e0 la cinqui\u00e8me position sur 58 (57 pays et l\u2019Union europ\u00e9enne).&nbsp;<span class='whitespace-nowrap'><span id='easy-footnote-4-54688' class='easy-footnote-margin-adjust'><\/span><span class='easy-footnote'><a href='https:\/\/legrandcontinent.eu\/fr\/2019\/12\/12\/le-danemark-revoit-ses-ambitions-climatiques-a-la-hausse\/#easy-footnote-bottom-4-54688' title='CCPI, &lt;a href=&quot;https:\/\/www.climate-change-performance-index.org\/sites\/default\/files\/documents\/ccpi-2020-results-191209.pdf&quot;&gt;Results 2020&lt;\/a&gt;'><sup>4<\/sup><\/a><\/span><\/span> Cet indice (produit par GermanWatch&#160;; the NewClimate Institute et le Climate Action Network) \u00e9value les efforts des \u00c9tats sur l\u2019\u00e9laboration de nouvelles politiques climatiques nationales et internationales et se fonde sur quatre crit\u00e8res&#160;: les \u00e9missions de gaz \u00e0 effet de serre&#160;; l\u2019utilisation d\u2019\u00e9nergie renouvelable&#160;; la consommation \u00e9nerg\u00e9tique et les politiques climatiques mises en \u0153uvre. \u00c0 noter que les trois premiers crit\u00e8res \u00e9nonc\u00e9s se fondent eux-m\u00eames sur quatre indicateurs (la tendance actuelle&#160;; la tendance pass\u00e9e&#160;; compatibilit\u00e9 inf\u00e9rieure \u00e0 2\u00b0 du niveau actuel&#160;; et la compatibilit\u00e9 inf\u00e9rieure \u00e0 2\u00b0 des objectifs des \u00c9tats \u00e0 l\u2019horizon 2030). Est \u00e9galement \u00e0 souligner que les trois premi\u00e8res places du classement ne sont pas attribu\u00e9es puisqu\u2019aucun \u00c9tat n\u2019a pris les mesures n\u00e9cessaires pour atteindre les objectifs fix\u00e9s par les accords de Paris entr\u00e9s en vigueur en 2016. <\/p>\n\n\n\n\n\n<figure class=\"wp-block-image wp-block-image-large\"\n    data-shadow=\"false\"\n    data-use-original-file=\"false\">\n    <a\n        data-pswp-src=\"https:\/\/legrandcontinent.eu\/fr\/wp-content\/uploads\/sites\/2\/2019\/12\/GEG_performanceenvironnementale_environnement_europe-scaled-1.png\"\n        class=\"inline-block gallery-item no-underline \"\n        data-pswp-width=\"2560\"\n        data-pswp-height=\"2353\">\n                                        <picture>\r\n                    <source\r\n                srcset=\"https:\/\/legrandcontinent.eu\/fr\/wp-content\/uploads\/sites\/2\/2019\/12\/GEG_performanceenvironnementale_environnement_europe-scaled-1-330x303.png\"\r\n                media=\"(max-width: 374px)\" \/>\r\n                    <source\r\n                srcset=\"https:\/\/legrandcontinent.eu\/fr\/wp-content\/uploads\/sites\/2\/2019\/12\/GEG_performanceenvironnementale_environnement_europe-scaled-1-690x634.png\"\r\n                media=\"(max-width: 989px)\" \/>\r\n                    <source\r\n                srcset=\"https:\/\/legrandcontinent.eu\/fr\/wp-content\/uploads\/sites\/2\/2019\/12\/GEG_performanceenvironnementale_environnement_europe-scaled-1-1340x1232.png\"\r\n                media=\"(min-width: 990px)\" \/>\r\n                <img decoding=\"async\" alt=\"Les pays europ\u00e9ens, bon indice de performance environnementale\" src=\"https:\/\/legrandcontinent.eu\/fr\/wp-content\/uploads\/sites\/2\/2019\/12\/GEG_performanceenvironnementale_environnement_europe-scaled-1-125x115.png\" \/>\r\n        <\/picture>\r\n                            \n            <\/a>\n<\/figure>\n\n\n<p>Le Danemark devient, selon l\u2019indice de 2020, l\u2019un des meilleurs \u00e9l\u00e8ves de la sc\u00e8ne internationale (apr\u00e8s la Su\u00e8de qui conserve le titre depuis trois ann\u00e9es cons\u00e9cutives) alors m\u00eame que le pays se positionnait \u00e0 la quinzi\u00e8me place en 2019. Mette Frederiksen (actuelle Premi\u00e8re Ministre) semble accorder plus d\u2019importance aux enjeux climatiques que son pr\u00e9d\u00e9cesseur Lars L\u00f8kke Rasmussen (conservateur-lib\u00e9ral) pour lequel son gouvernement a fait perdre 11 places entre 2016 (quatri\u00e8me et premier du classement) et 2019 (quinzi\u00e8me).&nbsp;<span class='whitespace-nowrap'><span id='easy-footnote-5-54688' class='easy-footnote-margin-adjust'><\/span><span class='easy-footnote'><a href='https:\/\/legrandcontinent.eu\/fr\/2019\/12\/12\/le-danemark-revoit-ses-ambitions-climatiques-a-la-hausse\/#easy-footnote-bottom-5-54688' title='&lt;a href=&quot;https:\/\/www.climate-change-performance-index.org\/&quot;&gt;Site officiel du CCPI&lt;\/a&gt;'><sup>5<\/sup><\/a><\/span><\/span><\/p>\n\n\n\n<h4 class=\"wp-block-heading\"><strong>Perspective&#160;: <\/strong><\/h4>\n\n\n\n<ul class=\"wp-block-list\"><li>Le gouvernement danois a int\u00e9r\u00eat \u00e0 renouveler sa strat\u00e9gie en Arctique puisque la pr\u00e9c\u00e9dente prend fin l\u2019ann\u00e9e prochaine (2011-2020).&nbsp;<span class='whitespace-nowrap'><span id='easy-footnote-6-54688' class='easy-footnote-margin-adjust'><\/span><span class='easy-footnote'><a href='https:\/\/legrandcontinent.eu\/fr\/2019\/12\/12\/le-danemark-revoit-ses-ambitions-climatiques-a-la-hausse\/#easy-footnote-bottom-6-54688' title='Ministry of Foreign Affairs of Denmark, &lt;a href=&quot;https:\/\/um.dk\/en\/foreign-policy\/the-arctic\/&quot;&gt;The Arctic&lt;\/a&gt;, 2019'><sup>6<\/sup><\/a><\/span><\/span> Un rapport r\u00e9cent&nbsp;<span class='whitespace-nowrap'><span id='easy-footnote-7-54688' class='easy-footnote-margin-adjust'><\/span><span class='easy-footnote'><a href='https:\/\/legrandcontinent.eu\/fr\/2019\/12\/12\/le-danemark-revoit-ses-ambitions-climatiques-a-la-hausse\/#easy-footnote-bottom-7-54688' title='AMOS Jonathan, &lt;a href=&quot;https:\/\/www.bbc.com\/news\/science-environment-48387030&quot;&gt;Climate change&amp;#160;: Greenland ice melt \u2018is accelerating&lt;\/a&gt;\u2019, BBC, 10 d\u00e9cembre 2019'><sup>7<\/sup><\/a><\/span><\/span> montre que le Groenland (sous juridiction danoise) est largement affect\u00e9 par le r\u00e9chauffement climatique et repr\u00e9sente une r\u00e9elle menace pour des millions de personnes en raison de la mont\u00e9e des eaux que provoque la fonte des glaces (soit environ 80&#160;% de la surface du Groenland). <\/li><\/ul>\n","protected":false},"excerpt":{"rendered":"<p>Le vendredi 6 d\u00e9cembre dernier, le Danemark a adopt\u00e9 une nouvelle loi climatique qui ambitionne d\u2019atteindre une r\u00e9duction de 70&#160;&#160;% de ses \u00e9missions d\u2019ici 2030 (par rapport au niveau de 1990) et fait ainsi preuve de sa d\u00e9termination \u00e0 atteindre une neutralit\u00e9 carbone pour 2050.<\/p>\n","protected":false},"author":175,"featured_media":0,"comment_status":"closed","ping_status":"closed","sticky":false,"template":"templates\/post-briefings.php","format":"standard","meta":{"_acf_changed":false,"_trash_the_other_posts":false,"_yoast_wpseo_estimated-reading-time-minutes":0,"footnotes":""},"categories":[1730],"tags":[],"staff":[2095],"editorial_format":[],"serie":[],"audience":[],"geo":[1900,547],"class_list":["post-54688","post","type-post","status-publish","format-standard","hentry","category-energie-et-environnement","staff-nicolas-verrier","geo-copenhague","geo-nordiques"],"acf":{"open_in_webview":false,"accent":false,"_thumbnail_id":"","excerpt":"Le vendredi 6 d\u00e9cembre dernier, le Danemark a adopt\u00e9 une nouvelle loi climatique qui ambitionne d\u2019atteindre une r\u00e9duction de 70 % de ses \u00e9missions d\u2019ici 2030 (par rapport au niveau de 1990) et fait ainsi preuve de sa d\u00e9termination \u00e0 atteindre une neutralit\u00e9 carbone pour 2050.","display_date":"","new_abstract":true},"yoast_head":"<!-- This site is optimized with the Yoast SEO plugin v26.1.1 - https:\/\/yoast.com\/wordpress\/plugins\/seo\/ -->\n<title>Le Danemark revoit ses ambitions climatiques \u00e0 la hausse | Le Grand Continent<\/title>\n<meta name=\"robots\" content=\"index, follow, max-snippet:-1, max-image-preview:large, max-video-preview:-1\" \/>\n<link rel=\"canonical\" href=\"https:\/\/legrandcontinent.eu\/fr\/2019\/12\/12\/le-danemark-revoit-ses-ambitions-climatiques-a-la-hausse\/\" \/>\n<meta property=\"og:locale\" content=\"fr_FR\" \/>\n<meta property=\"og:type\" content=\"article\" \/>\n<meta property=\"og:title\" content=\"Le Danemark revoit ses ambitions climatiques \u00e0 la hausse | Le Grand Continent\" \/>\n<meta property=\"og:description\" content=\"Le vendredi 6 d\u00e9cembre dernier, le Danemark a adopt\u00e9 une nouvelle loi climatique qui ambitionne d\u2019atteindre une r\u00e9duction de 70&#160;% de ses \u00e9missions d\u2019ici 2030 (par rapport au niveau de 1990) et fait ainsi preuve de sa d\u00e9termination \u00e0 atteindre une neutralit\u00e9 carbone pour 2050.\" \/>\n<meta property=\"og:url\" content=\"https:\/\/legrandcontinent.eu\/fr\/2019\/12\/12\/le-danemark-revoit-ses-ambitions-climatiques-a-la-hausse\/\" \/>\n<meta property=\"og:site_name\" content=\"Le Grand Continent\" \/>\n<meta property=\"article:published_time\" content=\"2019-12-12T19:20:40+00:00\" \/>\n<meta property=\"article:modified_time\" content=\"2020-02-22T20:08:27+00:00\" \/>\n<meta property=\"og:image\" content=\"https:\/\/legrandcontinent.eu\/fr\/wp-content\/uploads\/sites\/2\/2019\/12\/GEG_performanceenvironnementale_environnement_europe-990x910.png\" \/>\n\t<meta property=\"og:image:width\" content=\"990\" \/>\n\t<meta property=\"og:image:height\" content=\"910\" \/>\n\t<meta property=\"og:image:type\" content=\"image\/png\" \/>\n<meta name=\"author\" content=\"Giovanni Collot\" \/>\n<meta name=\"twitter:card\" content=\"summary_large_image\" \/>\n<meta name=\"twitter:image\" content=\"https:\/\/legrandcontinent.eu\/fr\/wp-content\/uploads\/sites\/2\/2019\/12\/GEG_performanceenvironnementale_environnement_europe-scaled.png\" \/>\n<meta name=\"twitter:label1\" content=\"\u00c9crit par\" \/>\n\t<meta name=\"twitter:data1\" content=\"Giovanni Collot\" \/>\n\t<meta name=\"twitter:label2\" content=\"Dur\u00e9e de lecture estim\u00e9e\" \/>\n\t<meta name=\"twitter:data2\" content=\"4 minutes\" \/>\n<script type=\"application\/ld+json\" class=\"yoast-schema-graph\">{\"@context\":\"https:\/\/schema.org\",\"@graph\":[{\"@type\":\"WebPage\",\"@id\":\"https:\/\/legrandcontinent.eu\/fr\/2019\/12\/12\/le-danemark-revoit-ses-ambitions-climatiques-a-la-hausse\/\",\"url\":\"https:\/\/legrandcontinent.eu\/fr\/2019\/12\/12\/le-danemark-revoit-ses-ambitions-climatiques-a-la-hausse\/\",\"name\":\"Le Danemark revoit ses ambitions climatiques \u00e0 la hausse | Le Grand Continent\",\"isPartOf\":{\"@id\":\"https:\/\/legrandcontinent.eu\/fr\/#website\"},\"datePublished\":\"2019-12-12T19:20:40+00:00\",\"dateModified\":\"2020-02-22T20:08:27+00:00\",\"author\":{\"@id\":\"https:\/\/legrandcontinent.eu\/fr\/#\/schema\/person\/953192c3de3c2331be3997745a2f12ef\"},\"breadcrumb\":{\"@id\":\"https:\/\/legrandcontinent.eu\/fr\/2019\/12\/12\/le-danemark-revoit-ses-ambitions-climatiques-a-la-hausse\/#breadcrumb\"},\"inLanguage\":\"fr-FR\",\"potentialAction\":[{\"@type\":\"ReadAction\",\"target\":[\"https:\/\/legrandcontinent.eu\/fr\/2019\/12\/12\/le-danemark-revoit-ses-ambitions-climatiques-a-la-hausse\/\"]}]},{\"@type\":\"BreadcrumbList\",\"@id\":\"https:\/\/legrandcontinent.eu\/fr\/2019\/12\/12\/le-danemark-revoit-ses-ambitions-climatiques-a-la-hausse\/#breadcrumb\",\"itemListElement\":[{\"@type\":\"ListItem\",\"position\":1,\"name\":\"Accueil\",\"item\":\"https:\/\/legrandcontinent.eu\/fr\/\"},{\"@type\":\"ListItem\",\"position\":2,\"name\":\"Le Danemark revoit ses ambitions climatiques \u00e0 la hausse\"}]},{\"@type\":\"WebSite\",\"@id\":\"https:\/\/legrandcontinent.eu\/fr\/#website\",\"url\":\"https:\/\/legrandcontinent.eu\/fr\/\",\"name\":\"Le Grand Continent\",\"description\":\"L&#039;\u00e9chelle pertinente\",\"potentialAction\":[{\"@type\":\"SearchAction\",\"target\":{\"@type\":\"EntryPoint\",\"urlTemplate\":\"https:\/\/legrandcontinent.eu\/fr\/?s={search_term_string}\"},\"query-input\":{\"@type\":\"PropertyValueSpecification\",\"valueRequired\":true,\"valueName\":\"search_term_string\"}}],\"inLanguage\":\"fr-FR\"},{\"@type\":\"Person\",\"@id\":\"https:\/\/legrandcontinent.eu\/fr\/#\/schema\/person\/953192c3de3c2331be3997745a2f12ef\",\"name\":\"Giovanni Collot\",\"image\":{\"@type\":\"ImageObject\",\"inLanguage\":\"fr-FR\",\"@id\":\"https:\/\/legrandcontinent.eu\/fr\/#\/schema\/person\/image\/\",\"url\":\"https:\/\/secure.gravatar.com\/avatar\/d93cac37237065a8de4498df3db60dde?s=96&d=mm&r=g\",\"contentUrl\":\"https:\/\/secure.gravatar.com\/avatar\/d93cac37237065a8de4498df3db60dde?s=96&d=mm&r=g\",\"caption\":\"Giovanni Collot\"}}]}<\/script>\n<!-- \/ Yoast SEO plugin. -->","yoast_head_json":{"title":"Le Danemark revoit ses ambitions climatiques \u00e0 la hausse | Le Grand Continent","robots":{"index":"index","follow":"follow","max-snippet":"max-snippet:-1","max-image-preview":"max-image-preview:large","max-video-preview":"max-video-preview:-1"},"canonical":"https:\/\/legrandcontinent.eu\/fr\/2019\/12\/12\/le-danemark-revoit-ses-ambitions-climatiques-a-la-hausse\/","og_locale":"fr_FR","og_type":"article","og_title":"Le Danemark revoit ses ambitions climatiques \u00e0 la hausse | Le Grand Continent","og_description":"Le vendredi 6 d\u00e9cembre dernier, le Danemark a adopt\u00e9 une nouvelle loi climatique qui ambitionne d\u2019atteindre une r\u00e9duction de 70&#160;% de ses \u00e9missions d\u2019ici 2030 (par rapport au niveau de 1990) et fait ainsi preuve de sa d\u00e9termination \u00e0 atteindre une neutralit\u00e9 carbone pour 2050.","og_url":"https:\/\/legrandcontinent.eu\/fr\/2019\/12\/12\/le-danemark-revoit-ses-ambitions-climatiques-a-la-hausse\/","og_site_name":"Le Grand Continent","article_published_time":"2019-12-12T19:20:40+00:00","article_modified_time":"2020-02-22T20:08:27+00:00","og_image":[{"width":990,"height":910,"url":"https:\/\/legrandcontinent.eu\/fr\/wp-content\/uploads\/sites\/2\/2019\/12\/GEG_performanceenvironnementale_environnement_europe-990x910.png","type":"image\/png"}],"author":"Giovanni Collot","twitter_card":"summary_large_image","twitter_image":"https:\/\/legrandcontinent.eu\/fr\/wp-content\/uploads\/sites\/2\/2019\/12\/GEG_performanceenvironnementale_environnement_europe-scaled.png","twitter_misc":{"\u00c9crit par":"Giovanni Collot","Dur\u00e9e de lecture estim\u00e9e":"4 minutes"},"schema":{"@context":"https:\/\/schema.org","@graph":[{"@type":"WebPage","@id":"https:\/\/legrandcontinent.eu\/fr\/2019\/12\/12\/le-danemark-revoit-ses-ambitions-climatiques-a-la-hausse\/","url":"https:\/\/legrandcontinent.eu\/fr\/2019\/12\/12\/le-danemark-revoit-ses-ambitions-climatiques-a-la-hausse\/","name":"Le Danemark revoit ses ambitions climatiques \u00e0 la hausse | Le Grand Continent","isPartOf":{"@id":"https:\/\/legrandcontinent.eu\/fr\/#website"},"datePublished":"2019-12-12T19:20:40+00:00","dateModified":"2020-02-22T20:08:27+00:00","author":{"@id":"https:\/\/legrandcontinent.eu\/fr\/#\/schema\/person\/953192c3de3c2331be3997745a2f12ef"},"breadcrumb":{"@id":"https:\/\/legrandcontinent.eu\/fr\/2019\/12\/12\/le-danemark-revoit-ses-ambitions-climatiques-a-la-hausse\/#breadcrumb"},"inLanguage":"fr-FR","potentialAction":[{"@type":"ReadAction","target":["https:\/\/legrandcontinent.eu\/fr\/2019\/12\/12\/le-danemark-revoit-ses-ambitions-climatiques-a-la-hausse\/"]}]},{"@type":"BreadcrumbList","@id":"https:\/\/legrandcontinent.eu\/fr\/2019\/12\/12\/le-danemark-revoit-ses-ambitions-climatiques-a-la-hausse\/#breadcrumb","itemListElement":[{"@type":"ListItem","position":1,"name":"Accueil","item":"https:\/\/legrandcontinent.eu\/fr\/"},{"@type":"ListItem","position":2,"name":"Le Danemark revoit ses ambitions climatiques \u00e0 la hausse"}]},{"@type":"WebSite","@id":"https:\/\/legrandcontinent.eu\/fr\/#website","url":"https:\/\/legrandcontinent.eu\/fr\/","name":"Le Grand Continent","description":"L&#039;\u00e9chelle pertinente","potentialAction":[{"@type":"SearchAction","target":{"@type":"EntryPoint","urlTemplate":"https:\/\/legrandcontinent.eu\/fr\/?s={search_term_string}"},"query-input":{"@type":"PropertyValueSpecification","valueRequired":true,"valueName":"search_term_string"}}],"inLanguage":"fr-FR"},{"@type":"Person","@id":"https:\/\/legrandcontinent.eu\/fr\/#\/schema\/person\/953192c3de3c2331be3997745a2f12ef","name":"Giovanni Collot","image":{"@type":"ImageObject","inLanguage":"fr-FR","@id":"https:\/\/legrandcontinent.eu\/fr\/#\/schema\/person\/image\/","url":"https:\/\/secure.gravatar.com\/avatar\/d93cac37237065a8de4498df3db60dde?s=96&d=mm&r=g","contentUrl":"https:\/\/secure.gravatar.com\/avatar\/d93cac37237065a8de4498df3db60dde?s=96&d=mm&r=g","caption":"Giovanni Collot"}}]}},"lgc_categories":[{"id":1730,"name":"\u00c9nergie et environnement","slug":"energie-et-environnement"}],"lgc_author":{"id":2095,"name":"Nicolas Verrier","slug":"nicolas-verrier","description":null,"first_name":null,"last_name":null,"picture":null},"feature_image_summary":null,"feature_image_cover":null,"term_position_data":null,"_links":{"self":[{"href":"https:\/\/legrandcontinent.eu\/fr\/wp-json\/wp\/v2\/posts\/54688","targetHints":{"allow":["GET"]}}],"collection":[{"href":"https:\/\/legrandcontinent.eu\/fr\/wp-json\/wp\/v2\/posts"}],"about":[{"href":"https:\/\/legrandcontinent.eu\/fr\/wp-json\/wp\/v2\/types\/post"}],"author":[{"embeddable":true,"href":"https:\/\/legrandcontinent.eu\/fr\/wp-json\/wp\/v2\/users\/175"}],"replies":[{"embeddable":true,"href":"https:\/\/legrandcontinent.eu\/fr\/wp-json\/wp\/v2\/comments?post=54688"}],"version-history":[{"count":0,"href":"https:\/\/legrandcontinent.eu\/fr\/wp-json\/wp\/v2\/posts\/54688\/revisions"}],"wp:attachment":[{"href":"https:\/\/legrandcontinent.eu\/fr\/wp-json\/wp\/v2\/media?parent=54688"}],"wp:term":[{"taxonomy":"category","embeddable":true,"href":"https:\/\/legrandcontinent.eu\/fr\/wp-json\/wp\/v2\/categories?post=54688"},{"taxonomy":"post_tag","embeddable":true,"href":"https:\/\/legrandcontinent.eu\/fr\/wp-json\/wp\/v2\/tags?post=54688"},{"taxonomy":"staff","embeddable":true,"href":"https:\/\/legrandcontinent.eu\/fr\/wp-json\/wp\/v2\/staff?post=54688"},{"taxonomy":"editorial_format","embeddable":true,"href":"https:\/\/legrandcontinent.eu\/fr\/wp-json\/wp\/v2\/editorial_format?post=54688"},{"taxonomy":"serie","embeddable":true,"href":"https:\/\/legrandcontinent.eu\/fr\/wp-json\/wp\/v2\/serie?post=54688"},{"taxonomy":"audience","embeddable":true,"href":"https:\/\/legrandcontinent.eu\/fr\/wp-json\/wp\/v2\/audience?post=54688"},{"taxonomy":"geo","embeddable":true,"href":"https:\/\/legrandcontinent.eu\/fr\/wp-json\/wp\/v2\/geo?post=54688"}],"curies":[{"name":"wp","href":"https:\/\/api.w.org\/{rel}","templated":true}]}}