{"id":52834,"date":"2019-11-19T07:00:00","date_gmt":"2019-11-19T06:00:00","guid":{"rendered":"https:\/\/legrandcontinent.eu\/fr\/?p=52834"},"modified":"2019-11-19T00:02:57","modified_gmt":"2019-11-18T23:02:57","slug":"quand-lordonnance-cree-le-desordre-comprendre-la-revolte-a-hong-kong-a-partir-du-droit","status":"publish","type":"post","link":"https:\/\/legrandcontinent.eu\/fr\/2019\/11\/19\/quand-lordonnance-cree-le-desordre-comprendre-la-revolte-a-hong-kong-a-partir-du-droit\/","title":{"rendered":"Quand l&rsquo;ordonnance cr\u00e9e le d\u00e9sordre. Comprendre la r\u00e9volte \u00e0 Hong Kong \u00e0 partir du droit"},"content":{"rendered":"\n<p>\u00c0 la fin du mois de mars 2019, le gouvernement de la r\u00e9gion administrative sp\u00e9ciale (RAS) de Hong Kong a propos\u00e9 au Conseil l\u00e9gislatif (<em>Legislative Council<\/em> ou LegCo) un amendement \u00e0 la l\u00e9gislation en vigueur permettant de livrer des Hongkongais vers les juridictions chinoises concern\u00e9es par les affaires \u00e0 traiter. D\u00e8s avril, les habitants de l\u2019\u00eele ont commenc\u00e9 \u00e0 se r\u00e9unir en masse pour s\u2019opposer \u00e0 cette r\u00e9vision qui menacerait les libert\u00e9s publiques et l\u2019\u00c9tat de droit, arguant d\u2019une ing\u00e9rence politique croissante des autorit\u00e9s p\u00e9kinoises et du risque d\u2019application d\u2019un syst\u00e8me judiciaire chinois arbitraire. Mi-juin, la pr\u00e9sidente de la RAS de Hong Kong Carrie Lam, a annonc\u00e9 que le projet \u00e9tait suspendu de mani\u00e8re ind\u00e9termin\u00e9e, afin de pouvoir \u00e9couter davantage de vues et proposer une nouvelle version consensuelle, et s\u2019est excus\u00e9e quelques jours plus tard pour les disputes et anxi\u00e9t\u00e9s occasionn\u00e9es par les \u00ab&#160;lacunes&#160;\u00bb du travail du gouvernement sur le sujet&nbsp;<span class='whitespace-nowrap'><span id='easy-footnote-1-52834' class='easy-footnote-margin-adjust'><\/span><span class='easy-footnote'><a href='https:\/\/legrandcontinent.eu\/fr\/2019\/11\/19\/quand-lordonnance-cree-le-desordre-comprendre-la-revolte-a-hong-kong-a-partir-du-droit\/#easy-footnote-bottom-1-52834' title='Voir le propos tenu devant les m\u00e9dias&amp;#160;: \u00ab&amp;#160;&lt;a href=&quot;https:\/\/www.info.gov.hk\/gia\/general\/201906\/18\/P2019061800812.htm&quot;&gt;Opening remarks by CE at media session\u00a0&lt;\/a&gt;&amp;#160;\u00bb.'><sup>1<\/sup><\/a><\/span><\/span>. Le gouvernement central de P\u00e9kin a quant \u00e0 lui exprim\u00e9 son soutien, son respect et sa compr\u00e9hension de la d\u00e9cision de suspendre le travail l\u00e9gislatif&nbsp;<span class='whitespace-nowrap'><span id='easy-footnote-2-52834' class='easy-footnote-margin-adjust'><\/span><span class='easy-footnote'><a href='https:\/\/legrandcontinent.eu\/fr\/2019\/11\/19\/quand-lordonnance-cree-le-desordre-comprendre-la-revolte-a-hong-kong-a-partir-du-droit\/#easy-footnote-bottom-2-52834' title='Plusieurs hauts-responsables se sont exprim\u00e9 sur la d\u00e9cision de Carrie Lam en des termes similaires, dont le porte-parole du minist\u00e8re des Affaires \u00e9trang\u00e8res Geng Shuang\u803f\u723d, qui a par exemple soulign\u00e9 le \u00ab&amp;#160;degr\u00e9 \u00e9lev\u00e9 d\u2019autonomie&amp;#160;\u00bb mis en \u0153uvre dans la RAS et l\u2019int\u00e9r\u00eat pour Hong Kong, la Chine et le monde d\u2019y pr\u00e9server la prosp\u00e9rit\u00e9 et la stabilit\u00e9. Voir la demi-page du &lt;em&gt;Quotidien du Peuple&lt;\/em&gt; consacr\u00e9e au sujet&amp;#160;: &lt;a href=&quot;http:\/\/paper.people.com.cn\/rmrb\/html\/2019-06\/16\/nw.D110000renmrb_20190616_7-04.htm&quot;&gt;\u300a&lt;em&gt;Renmin Ribao&lt;\/em&gt; \u4eba\u6c11\u65e5\u62a5 \u300b&lt;\/a&gt;, 16 juin 2019, p.\u00a04.'><sup>2<\/sup><\/a><\/span><\/span>. Malgr\u00e9 cette mise en retrait, le mouvement persiste et se durcit&nbsp;<span class='whitespace-nowrap'><span id='easy-footnote-3-52834' class='easy-footnote-margin-adjust'><\/span><span class='easy-footnote'><a href='https:\/\/legrandcontinent.eu\/fr\/2019\/11\/19\/quand-lordonnance-cree-le-desordre-comprendre-la-revolte-a-hong-kong-a-partir-du-droit\/#easy-footnote-bottom-3-52834' title='L\u2019invasion du parlement d\u00e9but juillet et les violences rapport\u00e9es tranchent avec le mot d\u2019ordre \u00ab&amp;#160;&lt;em&gt;with love and peace&lt;\/em&gt;&amp;#160;\u00bb qui accompagnait le mouvement \u00ab&amp;#160;&lt;em&gt;Occupy Central&lt;\/em&gt;&amp;#160;\u00bb (ou \u00ab&amp;#160;mouvement des parapluies&amp;#160;\u00bb) voici cinq ans.'><sup>3<\/sup><\/a><\/span><\/span>. Voil\u00e0 \u00e0 peu pr\u00e8s tout ce que l\u2019on croit savoir. Les grands sites de presse en ligne, enclins \u00e0 rapporter les mouvements populaires d\u2019opposition au r\u00e9gime de P\u00e9kin, ne s\u2019embarrassent gu\u00e8re de fournir des d\u00e9tails sur lesdits documents controvers\u00e9s. De quoi retourne-t-il au juste&#160;? Sur quels arguments les craintes exprim\u00e9es se fondent-elles&#160;? Quels sont les tenants et aboutissants de la proposition contest\u00e9e, et pour commencer, quelles sont ses origines&#160;?<\/p>\n\n\n\n<h3 class=\"wp-block-heading\"><strong>La remise \u00e0 l\u2019agenda d\u2019un th\u00e8me juridique<\/strong><\/h3>\n\n\n\n<p>Bien que le sujet ait soudainement fait l\u2019actualit\u00e9 m\u00e9diatique ces derni\u00e8res semaines, la recherche d\u2019arrangements en mati\u00e8re judiciaire entre Hong Kong et le reste de la Chine fait l\u2019objet de n\u00e9gociations depuis plusieurs ann\u00e9es d\u00e9j\u00e0. Le regain d\u2019effort sur le projet de loi d\u2019extradition&nbsp;<span class='whitespace-nowrap'><span id='easy-footnote-4-52834' class='easy-footnote-margin-adjust'><\/span><span class='easy-footnote'><a href='https:\/\/legrandcontinent.eu\/fr\/2019\/11\/19\/quand-lordonnance-cree-le-desordre-comprendre-la-revolte-a-hong-kong-a-partir-du-droit\/#easy-footnote-bottom-4-52834' title='L\u2019extradition est habituellement d\u00e9finie comme la livraison par un \u00c9tat d\u2019un individu accus\u00e9 d\u2019infraction \u00e0 un autre \u00c9tat qui le r\u00e9clame, mais par simplicit\u00e9 nous employons ici indiff\u00e9remment les termes \u00ab&amp;#160;extradition&amp;#160;\u00bb et \u00ab&amp;#160;remise&amp;#160;\u00bb pour parler du transfert d\u2019une personne entre la r\u00e9gion administrative sp\u00e9ciale de Hong Kong et toute autre juridiction, chinoise ou \u00e9trang\u00e8re.'><sup>4<\/sup><\/a><\/span><\/span> cette ann\u00e9e, pr\u00e9sid\u00e9 par la cheffe de l\u2019ex\u00e9cutif de la RAS de Hong Kong, Carrie Lam, correspondait au besoin direct de traiter p\u00e9nalement une affaire criminelle r\u00e9cente concernant Ta\u00efwan, mais r\u00e9pond plus g\u00e9n\u00e9ralement \u00e0 la n\u00e9cessit\u00e9 de remplir une lacune juridique relev\u00e9e de longue date et \u00e0 ce jour irr\u00e9solue. Celle-ci offre \u00e0 de nombreux fugitifs du reste de la Chine et d\u2019autres pays un \u00ab&#160;sanctuaire&#160;\u00bb o\u00f9 \u00e9chapper \u00e0 la justice, une \u00ab&#160;situation intol\u00e9rable&#160;\u00bb pour les d\u00e9fenseurs du projet \u00e0 laquelle le droit doit rem\u00e9dier&nbsp;<span class='whitespace-nowrap'><span id='easy-footnote-5-52834' class='easy-footnote-margin-adjust'><\/span><span class='easy-footnote'><a href='https:\/\/legrandcontinent.eu\/fr\/2019\/11\/19\/quand-lordonnance-cree-le-desordre-comprendre-la-revolte-a-hong-kong-a-partir-du-droit\/#easy-footnote-bottom-5-52834' title='C\u2019est ce qu\u2019explique par exemple l\u2019analyste du droit Grenville Cross, s\u2019exprimant sur le projet de loi hongkongais \u00e0 l\u2019occasion d\u2019un forum sur le droit d\u2019extradition et les droits humains. Il indique que plus de trois cents suspects et condamn\u00e9s jouissent encore d\u2019un tel havre de paix \u00e0 Hong Kong en raison de l\u2019impossibilit\u00e9 l\u00e9gale de les transf\u00e9rer d\u2019une partie du territoire chinois \u00e0 une autre pour les confronter \u00e0 la justice. Une situation qu\u2019aucun autre pays n\u2019accepte, selon l\u2019ancien vice-pr\u00e9sident du S\u00e9nat de l\u2019Association internationale des procureurs. &lt;em&gt;Cf. &lt;\/em&gt;Cross Grenville, \u00ab&amp;#160;&lt;a href=&quot;http:\/\/www.chinadaily.com.cn\/hkedition\/2019-06\/12\/content_37479723.htm&quot;&gt;Fugitive surrender&amp;#160;: Rights and responsibilities&lt;\/a&gt;&amp;#160;\u00bb, &lt;em&gt;China Daily&lt;\/em&gt;, 12 juin 2019.'><sup>5<\/sup><\/a><\/span><\/span>.<\/p>\n\n\n\n<p>L\u2019affaire qui a suscit\u00e9 le retour \u00e0 l\u2019agenda d\u2019une proposition l\u00e9gislative est celle de Chen Tong-kai\u00a0\u9673\u540c\u4f73, du nom du jeune Hongkongais de vingt ans accus\u00e9 du meurtre en mars 2018 de sa petite amie enceinte. Le crime ayant \u00e9t\u00e9 commis \u00e0 Ta\u00efwan, juridiquement province de la RPC administr\u00e9e par la R\u00e9publique de Chine&nbsp;<span class='whitespace-nowrap'><span id='easy-footnote-6-52834' class='easy-footnote-margin-adjust'><\/span><span class='easy-footnote'><a href='https:\/\/legrandcontinent.eu\/fr\/2019\/11\/19\/quand-lordonnance-cree-le-desordre-comprendre-la-revolte-a-hong-kong-a-partir-du-droit\/#easy-footnote-bottom-6-52834' title='Bien que Ta\u00efwan se donne officiellement pour nom \u00ab&amp;#160;R\u00e9publique de Chine&amp;#160;\u00bb, elle n\u2019est pas reconnue comme un pays par l\u2019ONU et la plupart des \u00c9tats mais comme une province de la R\u00e9publique populaire de Chine.'><sup>6<\/sup><\/a><\/span><\/span>, et l\u2019auteur pr\u00e9sum\u00e9 s\u2019en \u00e9tant retourn\u00e9 \u00e0 Hong Kong&nbsp;<span class='whitespace-nowrap'><span id='easy-footnote-7-52834' class='easy-footnote-margin-adjust'><\/span><span class='easy-footnote'><a href='https:\/\/legrandcontinent.eu\/fr\/2019\/11\/19\/quand-lordonnance-cree-le-desordre-comprendre-la-revolte-a-hong-kong-a-partir-du-droit\/#easy-footnote-bottom-7-52834' title='O\u00f9 il a \u00e9t\u00e9 poursuivi pour blanchiment d\u2019argent et condamn\u00e9 \u00e0 la prison jusqu\u2019en octobre 2019. &lt;em&gt;Cf&lt;\/em&gt;. Chen Hongyi (Albert) \u9648\u5f18\u6bc5, \u00ab&amp;#160;&lt;a href=&quot;https:\/\/verfassungsblog.de\/a-perfect-storm\/&quot;&gt;A Perfect Storm&amp;#160;: How the Proposed Law on Hong Kong-Mainland China Rendition was Aborte&lt;\/a&gt;&amp;#160;\u00bb, &lt;em&gt;Verfassungsblog&lt;\/em&gt;, 19 juin 2019.'><sup>7<\/sup><\/a><\/span><\/span>, une r\u00e9gion administrative sp\u00e9ciale de la RPC, tout traitement de l\u2019affaire par les instances ta\u00efwanaises n\u00e9cessite au pr\u00e9alable un accord d\u2019extradition permettant aux juridictions comp\u00e9tentes de poursuivre le suspect et de juger son cas.<\/p>\n\n\n\n\n\n<figure class=\"wp-block-image wp-block-image-full\"\n    data-shadow=\"false\"\n    data-use-original-file=\"false\">\n    <a\n        data-pswp-src=\"https:\/\/legrandcontinent.eu\/fr\/wp-content\/uploads\/sites\/2\/2019\/11\/Hong-Kong-de\u0301sordre-manifestation-contre-re\u0301volution.jpg\"\n        class=\"inline-block gallery-item no-underline \"\n        data-pswp-width=\"1440\"\n        data-pswp-height=\"1080\">\n                                        <picture>\r\n                    <source\r\n                srcset=\"https:\/\/legrandcontinent.eu\/fr\/wp-content\/uploads\/sites\/2\/2019\/11\/Hong-Kong-de\u0301sordre-manifestation-contre-re\u0301volution-330x248.jpg\"\r\n                media=\"(max-width:  330px)\" \/>\r\n                    <source\r\n                srcset=\"https:\/\/legrandcontinent.eu\/fr\/wp-content\/uploads\/sites\/2\/2019\/11\/Hong-Kong-de\u0301sordre-manifestation-contre-re\u0301volution-690x518.jpg\"\r\n                media=\"(max-width:  690px)\" \/>\r\n                    <source\r\n                srcset=\"https:\/\/legrandcontinent.eu\/fr\/wp-content\/uploads\/sites\/2\/2019\/11\/Hong-Kong-de\u0301sordre-manifestation-contre-re\u0301volution-990x743.jpg\"\r\n                media=\"(max-width:  990px)\" \/>\r\n                    <source\r\n                srcset=\"https:\/\/legrandcontinent.eu\/fr\/wp-content\/uploads\/sites\/2\/2019\/11\/Hong-Kong-de\u0301sordre-manifestation-contre-re\u0301volution-1340x1005.jpg\"\r\n                media=\"(max-width: 1340px)\" \/>\r\n                    <source\r\n                srcset=\"https:\/\/legrandcontinent.eu\/fr\/wp-content\/uploads\/sites\/2\/2019\/11\/Hong-Kong-de\u0301sordre-manifestation-contre-re\u0301volution.jpg\"\r\n                media=\"(max-width: 1600px)\" \/>\r\n                    <source\r\n                srcset=\"https:\/\/legrandcontinent.eu\/fr\/wp-content\/uploads\/sites\/2\/2019\/11\/Hong-Kong-de\u0301sordre-manifestation-contre-re\u0301volution.jpg\"\r\n                media=\"(min-width: 1601px)\" \/>\r\n                <img decoding=\"async\" src=\"https:\/\/legrandcontinent.eu\/fr\/wp-content\/uploads\/sites\/2\/2019\/11\/Hong-Kong-de\u0301sordre-manifestation-contre-re\u0301volution-125x94.jpg\" \/>\r\n        <\/picture>\r\n                            \n            <\/a>\n<\/figure>\n\n\n<p>Or, dans son \u00e9tat actuel, la l\u00e9gislation hongkongaise emp\u00eache la remise de personnes poursuivies ou condamn\u00e9es par la justice entre Hong Kong et Ta\u00efwan, que ce soit par accord sous la forme d\u2019un trait\u00e9 d\u2019extradition, comme il en existe entre pays, ou selon d\u2019autres textes juridiques en l\u2019absence d\u2019un tel accord. S\u2019il existe bien \u00e0 Hong Kong une \u00ab&#160;Ordonnance sur les d\u00e9linquants fugitifs&#160;\u00bb&nbsp;<span class='whitespace-nowrap'><span id='easy-footnote-8-52834' class='easy-footnote-margin-adjust'><\/span><span class='easy-footnote'><a href='https:\/\/legrandcontinent.eu\/fr\/2019\/11\/19\/quand-lordonnance-cree-le-desordre-comprendre-la-revolte-a-hong-kong-a-partir-du-droit\/#easy-footnote-bottom-8-52834' title='&lt;a href=&quot;http:\/\/www.hklii.hk\/eng\/hk\/legis\/ord\/503\/&quot;&gt;&lt;em&gt;Fugitive Offenders Ordinance&lt;\/em&gt; (FOO)&lt;\/a&gt; (\u300a\u9003\u72af\u689d\u4f8b\u300b)'><sup>8<\/sup><\/a><\/span><\/span> et une \u00ab&#160;Ordonnance sur l\u2019entraide judiciaire en mati\u00e8re p\u00e9nale&#160;\u00bb&nbsp;<span class='whitespace-nowrap'><span id='easy-footnote-9-52834' class='easy-footnote-margin-adjust'><\/span><span class='easy-footnote'><a href='https:\/\/legrandcontinent.eu\/fr\/2019\/11\/19\/quand-lordonnance-cree-le-desordre-comprendre-la-revolte-a-hong-kong-a-partir-du-droit\/#easy-footnote-bottom-9-52834' title='&lt;a href=&quot;http:\/\/www.hklii.hk\/eng\/hk\/legis\/ord\/525\/&quot;&gt;&lt;em&gt;Mutual Legal Assistance in Criminal Matters Ordinance&lt;\/em&gt; (MLAO)&lt;\/a&gt; (\u300a\u5211\u4e8b\u4e8b\u5b9c\u76f8\u4e92\u6cd5\u5f8b\u5354\u52a9\u689d\u4f8b\u300b)'><sup>9<\/sup><\/a><\/span><\/span>, ces deux documents l\u00e9gislatifs requi\u00e8rent une modification de certaines de leurs dispositions pour pouvoir \u00eatre utilis\u00e9s dans le cadre d\u2019affaires qui concernent Hong Kong et une autre partie de la Chine. En effet, la loi fait non seulement d\u00e9faut entre Hong Kong et Ta\u00efwan mais aussi plus largement entre les autres juridictions de la R\u00e9publique populaire de Chine (RPC), que ce soit Macao (la seconde r\u00e9gion administrative sp\u00e9ciale de la RPC) ou la Chine continentale. D\u2019o\u00f9 la proposition de modifier la loi qui consiste en l\u2019amendement desdites ordonnances, afin de couvrir l\u2019ensemble des territoires chinois ainsi que 170 autres pays jusqu\u2019ici exclus, et de faciliter le jugement ou l\u2019ex\u00e9cution de la peine de la personne extrad\u00e9e.<\/p>\n\n\n\n<p>Le principe de l\u2019extradition au moyen de trait\u00e9s n\u2019a rien d\u2019extraordinaire dans le monde contemporain et la France elle-m\u00eame a sign\u00e9 en 2007 un trait\u00e9 d\u2019extradition avec la Chine continentale&nbsp;<span class='whitespace-nowrap'><span id='easy-footnote-10-52834' class='easy-footnote-margin-adjust'><\/span><span class='easy-footnote'><a href='https:\/\/legrandcontinent.eu\/fr\/2019\/11\/19\/quand-lordonnance-cree-le-desordre-comprendre-la-revolte-a-hong-kong-a-partir-du-droit\/#easy-footnote-bottom-10-52834' title='L\u2019accord d\u2019extradition sign\u00e9 le 20 mars 2007 n\u2019est entr\u00e9 en vigueur que le 17 juillet 2015 par &lt;a href=&quot;https:\/\/www.legifrance.gouv.fr\/affichTexte.do?cidTexte=JORFTEXT000031258324&amp;amp;categorieLien=id&quot;&gt;d\u00e9cret&lt;\/a&gt;.'><sup>10<\/sup><\/a><\/span><\/span>. Sont cependant plus rares les extraditions r\u00e9alis\u00e9es sans trait\u00e9. Dans ce dernier cas, elles se font sur la base du cas-par-cas (extradition <em>ad hoc<\/em>) ou bien dans le cadre d\u2019accords sp\u00e9ciaux ou sp\u00e9cifiques, selon la loi en vigueur dans les pays concern\u00e9s, laquelle varie sensiblement de l\u2019un \u00e0 l\u2019autre&nbsp;<span class='whitespace-nowrap'><span id='easy-footnote-11-52834' class='easy-footnote-margin-adjust'><\/span><span class='easy-footnote'><a href='https:\/\/legrandcontinent.eu\/fr\/2019\/11\/19\/quand-lordonnance-cree-le-desordre-comprendre-la-revolte-a-hong-kong-a-partir-du-droit\/#easy-footnote-bottom-11-52834' title='Voir le commentaire en anglais du professeur de droit constitutionnel Albert Chen (Chen Hongyi \u9648\u5f18\u6bc5) sur le projet de loi, dans lequel l\u2019auteur pr\u00e9sente les syst\u00e8mes de plusieurs pays en la mati\u00e8re&amp;#160;: \u00ab&amp;#160;&lt;a href=&quot;http:\/\/researchblog.law.hku.hk\/2019\/05\/albert-chens-commentary-on-proposed.html&quot;&gt;A Commentary on the Fugitive Offenders and Mutual Legal Assistance in Criminal Matters Legislation (Amendment) Bill 2019 (\u201cthe Bill\u201d)&lt;\/a&gt;&amp;#160;\u00bb, HKU Legal Scholarship Blog, 3 mai 2019.'><sup>11<\/sup><\/a><\/span><\/span>. Il existe d\u00e9j\u00e0 ce type d\u2019arrangements en mati\u00e8re p\u00e9nale entre Hong Kong et divers \u00c9tats&nbsp;<span class='whitespace-nowrap'><span id='easy-footnote-12-52834' class='easy-footnote-margin-adjust'><\/span><span class='easy-footnote'><a href='https:\/\/legrandcontinent.eu\/fr\/2019\/11\/19\/quand-lordonnance-cree-le-desordre-comprendre-la-revolte-a-hong-kong-a-partir-du-droit\/#easy-footnote-bottom-12-52834' title='Selon le m\u00e9mento du Conseil l\u00e9gislatif sur le projet de loi (&lt;a href=&quot;https:\/\/library.legco.gov.hk:1443\/record=b1213578&quot;&gt;&lt;em&gt;Legislative Council Brief&lt;\/em&gt;&lt;\/a&gt;), Hong Kong a d\u00e9j\u00e0 sign\u00e9 des accords de remise de d\u00e9linquants fugitifs avec 20 juridictions et des accords d\u2019entraide judiciaire en mati\u00e8re p\u00e9nale avec 32 juridictions.'><sup>12<\/sup><\/a><\/span><\/span>, par exemple avec l\u2019Allemagne&nbsp;<span class='whitespace-nowrap'><span id='easy-footnote-13-52834' class='easy-footnote-margin-adjust'><\/span><span class='easy-footnote'><a href='https:\/\/legrandcontinent.eu\/fr\/2019\/11\/19\/quand-lordonnance-cree-le-desordre-comprendre-la-revolte-a-hong-kong-a-partir-du-droit\/#easy-footnote-bottom-13-52834' title='Voir &lt;a href=&quot;https:\/\/treaties.un.org\/doc\/Publication\/UNTS\/Volume%202613\/v2613.pdf&quot;&gt;https:\/\/treaties.un.org\/doc\/Publication\/UNTS\/Volume%202613\/v2613.pdf&lt;\/a&gt; (p.\u00a0121-256)'><sup>13<\/sup><\/a><\/span><\/span> ou d\u2019autres juridictions de <em>Common Law<\/em> comme Singapour. De m\u00eame, un accord d\u2019entraide judiciaire a \u00e9t\u00e9 sign\u00e9 entre les gouvernements fran\u00e7ais et hongkongais&nbsp;<span class='whitespace-nowrap'><span id='easy-footnote-14-52834' class='easy-footnote-margin-adjust'><\/span><span class='easy-footnote'><a href='https:\/\/legrandcontinent.eu\/fr\/2019\/11\/19\/quand-lordonnance-cree-le-desordre-comprendre-la-revolte-a-hong-kong-a-partir-du-droit\/#easy-footnote-bottom-14-52834' title='&lt;a href=&quot;https:\/\/www.senat.fr\/dossier-legislatif\/s97980371.html&quot;&gt;Loi autorisant l\u2019approbation de la convention d\u2019entraide judiciaire en mati\u00e8re p\u00e9nale entre le gouvernement de la R\u00e9publique fran\u00e7aise et le gouvernement de Hong Kong&lt;\/a&gt;, parue au JO n\u00b0\u00a0105 du 6 mai 1999'><sup>14<\/sup><\/a><\/span><\/span> et en ce moment m\u00eame est discut\u00e9e une nouvelle convention relative \u00e0 l\u2019extradition entre la France et Hong Kong&nbsp;<span class='whitespace-nowrap'><span id='easy-footnote-15-52834' class='easy-footnote-margin-adjust'><\/span><span class='easy-footnote'><a href='https:\/\/legrandcontinent.eu\/fr\/2019\/11\/19\/quand-lordonnance-cree-le-desordre-comprendre-la-revolte-a-hong-kong-a-partir-du-droit\/#easy-footnote-bottom-15-52834' title='Voir le &lt;a href=&quot;http:\/\/www.assemblee-nationale.fr\/15\/rapports\/r1971.asp&quot;&gt;&lt;em&gt;Rapport&lt;\/em&gt;&lt;\/a&gt; \u00e9mis en mai 2019 sur le &lt;a href=&quot;http:\/\/www.assemblee-nationale.fr\/15\/projets\/pl1419.asp&quot;&gt;projet de loi&lt;\/a&gt; de novembre 2018. '><sup>15<\/sup><\/a><\/span><\/span>. Dans les faits, l\u2019application de ces textes rel\u00e8ve de l\u2019exception.<\/p>\n\n\n\n<p>La proposition pr\u00e9sent\u00e9e vise ainsi \u00e0 pallier le manque de trait\u00e9 d\u2019extradition par une modification et pr\u00e9cision des deux ordonnances existantes, d\u2019o\u00f9 l\u2019intitul\u00e9 \u00ab&#160;Loi sur les d\u00e9linquants fugitifs et l\u2019entraide judiciaire en mati\u00e8re p\u00e9nale (amendement) 2019&#160;\u00bb&nbsp;<span class='whitespace-nowrap'><span id='easy-footnote-16-52834' class='easy-footnote-margin-adjust'><\/span><span class='easy-footnote'><a href='https:\/\/legrandcontinent.eu\/fr\/2019\/11\/19\/quand-lordonnance-cree-le-desordre-comprendre-la-revolte-a-hong-kong-a-partir-du-droit\/#easy-footnote-bottom-16-52834' title='&lt;a href=&quot;https:\/\/library.legco.gov.hk:1443\/record=b1213605&quot;&gt;&lt;em&gt;Fugitive Offenders and Mutual Legal Assistance in Criminal Matters Legislation (Amendment) Bill 2019 &lt;\/em&gt;(\u300a2019\u5e74\u9003\u72af\u53ca\u5211\u4e8b\u4e8b\u5b9c\u76f8\u4e92\u6cd5\u5f8b\u5354\u52a9\u6cd5\u4f8b(\u4fee\u8a02)\u689d\u4f8b\u8349\u6848\u300b)&lt;\/a&gt;'><sup>16<\/sup><\/a><\/span><\/span>, avec pour objectif que la justice puisse \u00eatre rendue dans la juridiction concern\u00e9e par un crime, y compris toute partie de la Chine, de sorte \u00e0 ce que Hong Kong ne constitue plus un \u00ab&#160;paradis de fugitifs&#160;\u00bb selon l&rsquo;expression employ\u00e9e par la presse chinoise&nbsp;<span class='whitespace-nowrap'><span id='easy-footnote-17-52834' class='easy-footnote-margin-adjust'><\/span><span class='easy-footnote'><a href='https:\/\/legrandcontinent.eu\/fr\/2019\/11\/19\/quand-lordonnance-cree-le-desordre-comprendre-la-revolte-a-hong-kong-a-partir-du-droit\/#easy-footnote-bottom-17-52834' title='\u00ab&amp;#160;&lt;a href=&quot;http:\/\/bj.people.com.cn\/gb\/n2\/2019\/0614\/c233086-33038937.html&quot;&gt;\u9999\u6e2f\u4e3b\u6d41\u6c11\u610f\u652f\u6301\u7279\u533a\u4fee\u8ba2\u300a\u9003\u72af\u6761\u4f8b\u300b\u907f\u514d\u9999\u6e2f\u6210 \u201c\u9003\u72af\u5929\u5802\u201d&lt;\/a&gt; [L\u2019opinion publique hongkongaise soutient l\u2019amendement de l\u2019&lt;em&gt;Ordonnance sur les d\u00e9linquants fugitifs&lt;\/em&gt; de la R\u00e9gion administrative sp\u00e9ciale de Hong Kong afin d\u2019emp\u00eacher qu\u2019elle ne devienne \u201cle paradis des fugitifs\u201d]&amp;#160;\u00bb, Agence Xinhua, 14 juin 2019.'><sup>17<\/sup><\/a><\/span><\/span> faute de poss\u00e9der les outils l\u00e9gaux pour les condamner ou faire appliquer leurs peines. Le syst\u00e8me pr\u00e9conis\u00e9 par le gouvernement hongkongais est celui de l\u2019extradition <em>ad hoc<\/em> par des \u00ab&#160;arrangements de remise sp\u00e9ciaux&#160;\u00bb, semblables aux \u00ab&#160;Arrangements d\u2019extradition sp\u00e9ciaux&#160;\u00bb de l\u2019article 194 de l\u2019<em>Extradition Act<\/em> britannique (2003)&nbsp;<span class='whitespace-nowrap'><span id='easy-footnote-18-52834' class='easy-footnote-margin-adjust'><\/span><span class='easy-footnote'><a href='https:\/\/legrandcontinent.eu\/fr\/2019\/11\/19\/quand-lordonnance-cree-le-desordre-comprendre-la-revolte-a-hong-kong-a-partir-du-droit\/#easy-footnote-bottom-18-52834' title='Voir &lt;a href=&quot;https:\/\/www.legislation.gov.uk\/ukpga\/2003\/41\/contents&quot;&gt;https:\/\/www.legislation.gov.uk\/ukpga\/2003\/41\/contents&lt;\/a&gt;'><sup>18<\/sup><\/a><\/span><\/span> et aux \u00ab&#160;Accords sp\u00e9cifiques&#160;\u00bb de l\u2019article 10 de la <em>Loi sur l\u2019extradition<\/em> canadienne (1999)&nbsp;<span class='whitespace-nowrap'><span id='easy-footnote-19-52834' class='easy-footnote-margin-adjust'><\/span><span class='easy-footnote'><a href='https:\/\/legrandcontinent.eu\/fr\/2019\/11\/19\/quand-lordonnance-cree-le-desordre-comprendre-la-revolte-a-hong-kong-a-partir-du-droit\/#easy-footnote-bottom-19-52834' title='Voir la &lt;a href=&quot;https:\/\/laws-lois.justice.gc.ca\/PDF\/E-23.01.pdf&quot;&gt;version fran\u00e7aise de la loi&lt;\/a&gt; p.\u00a010'><sup>19<\/sup><\/a><\/span><\/span>, assez proche des mod\u00e8les n\u00e9o-z\u00e9landais et sud-africain, comme l\u2019indique le LegCo dans son m\u00e9mento&nbsp;<span class='whitespace-nowrap'><span id='easy-footnote-20-52834' class='easy-footnote-margin-adjust'><\/span><span class='easy-footnote'><a href='https:\/\/legrandcontinent.eu\/fr\/2019\/11\/19\/quand-lordonnance-cree-le-desordre-comprendre-la-revolte-a-hong-kong-a-partir-du-droit\/#easy-footnote-bottom-20-52834' title='&lt;em&gt;Cf.&lt;\/em&gt; note 7 &lt;em&gt;supra&lt;\/em&gt;'><sup>20<\/sup><\/a><\/span><\/span>.<\/p>\n\n\n\n<p>Bien que l\u2019int\u00e9r\u00eat imm\u00e9diat des amendements en question concerne la r\u00e9solution de l\u2019affaire criminelle qui vient d\u2019\u00eatre \u00e9voqu\u00e9e entre les deux \u00eeles, en permettant de remettre la personne r\u00e9clam\u00e9e par Ta\u00efwan, la focalisation populaire et m\u00e9diatique porte sur l\u2019application possible du texte entre Hong Kong et la Chine continentale. Certains rejettent d\u2019embl\u00e9e l\u2019id\u00e9e d\u2019un arrangement entre les deux territoires, d\u2019autres s\u2019interrogent sur les modalit\u00e9s. Quels sont les motifs d\u2019inqui\u00e9tude&#160;? Comment le gouvernement hongkongais y r\u00e9pond-il&#160;? Pour aborder ces points il faut commencer par faire \u00e9tat de la gen\u00e8se et du contenu du projet d\u2019amendement.<\/p>\n\n\n\n\n\n<figure class=\"wp-block-image wp-block-image-full\"\n    data-shadow=\"false\"\n    data-use-original-file=\"false\">\n    <a\n        data-pswp-src=\"https:\/\/legrandcontinent.eu\/fr\/wp-content\/uploads\/sites\/2\/2019\/11\/low-angle-shot-of-an-old-apartment-building-exterior-with-31640312-e1574097204872.jpg\"\n        class=\"inline-block gallery-item no-underline \"\n        data-pswp-width=\"1920\"\n        data-pswp-height=\"652\">\n                                        <picture>\r\n                    <source\r\n                srcset=\"https:\/\/legrandcontinent.eu\/fr\/wp-content\/uploads\/sites\/2\/2019\/11\/low-angle-shot-of-an-old-apartment-building-exterior-with-31640312-e1574097204872-330x112.jpg\"\r\n                media=\"(max-width:  330px)\" \/>\r\n                    <source\r\n                srcset=\"https:\/\/legrandcontinent.eu\/fr\/wp-content\/uploads\/sites\/2\/2019\/11\/low-angle-shot-of-an-old-apartment-building-exterior-with-31640312-e1574097204872-690x234.jpg\"\r\n                media=\"(max-width:  690px)\" \/>\r\n                    <source\r\n                srcset=\"https:\/\/legrandcontinent.eu\/fr\/wp-content\/uploads\/sites\/2\/2019\/11\/low-angle-shot-of-an-old-apartment-building-exterior-with-31640312-e1574097204872-990x336.jpg\"\r\n                media=\"(max-width:  990px)\" \/>\r\n                    <source\r\n                srcset=\"https:\/\/legrandcontinent.eu\/fr\/wp-content\/uploads\/sites\/2\/2019\/11\/low-angle-shot-of-an-old-apartment-building-exterior-with-31640312-e1574097204872-1340x455.jpg\"\r\n                media=\"(max-width: 1340px)\" \/>\r\n                    <source\r\n                srcset=\"https:\/\/legrandcontinent.eu\/fr\/wp-content\/uploads\/sites\/2\/2019\/11\/low-angle-shot-of-an-old-apartment-building-exterior-with-31640312-e1574097204872-1600x543.jpg\"\r\n                media=\"(max-width: 1600px)\" \/>\r\n                    <source\r\n                srcset=\"https:\/\/legrandcontinent.eu\/fr\/wp-content\/uploads\/sites\/2\/2019\/11\/low-angle-shot-of-an-old-apartment-building-exterior-with-31640312-e1574097204872.jpg\"\r\n                media=\"(min-width: 1601px)\" \/>\r\n                <img decoding=\"async\" alt=\"\u00c9lise Launay Le Grand Continent\" src=\"https:\/\/legrandcontinent.eu\/fr\/wp-content\/uploads\/sites\/2\/2019\/11\/low-angle-shot-of-an-old-apartment-building-exterior-with-31640312-e1574097204872-125x42.jpg\" \/>\r\n        <\/picture>\r\n                            \n            <\/a>\n<\/figure>\n\n\n<h3 class=\"wp-block-heading\"><strong>La gen\u00e8se du texte \u00e0 l\u2019origine de la controverse<\/strong><\/h3>\n\n\n\n<p>Soutenu par le gouvernement de P\u00e9kin qui comprend l\u2019occasion de combler un vide juridique&nbsp;<span class='whitespace-nowrap'><span id='easy-footnote-21-52834' class='easy-footnote-margin-adjust'><\/span><span class='easy-footnote'><a href='https:\/\/legrandcontinent.eu\/fr\/2019\/11\/19\/quand-lordonnance-cree-le-desordre-comprendre-la-revolte-a-hong-kong-a-partir-du-droit\/#easy-footnote-bottom-21-52834' title='Le gouvernement central n\u2019a cependant exprim\u00e9 son soutien qu\u2019\u00e0 partir de mai 2019, en r\u00e9ponse aux r\u00e9actions de certains gouvernements, et Albert Chen rapporte que la remise entre les juridictions de Hong Kong et du continent n\u2019a jamais constitu\u00e9 une priorit\u00e9 dans l\u2019agenda hongkongais du gouvernement central de P\u00e9kin, ce qui n\u2019est gu\u00e8re surprenant consid\u00e9rant que tout ceci n\u2019est amen\u00e9 \u00e0 concerner qu\u2019un tout petit nombre de personnes lors de circonstances extraordinaires (&lt;em&gt;op.\u00a0cit&lt;\/em&gt;., &lt;a href=&quot;https:\/\/verfassungsblog.de\/a-perfect-storm\/&quot;&gt;&lt;em&gt;Verfassungsblog&lt;\/em&gt;&lt;\/a&gt;, 19 juin 2019).'><sup>21<\/sup><\/a><\/span><\/span>, le texte n\u2019en a pas pour autant \u00e9t\u00e9 r\u00e9dig\u00e9 sous sa plume ou dict\u00e9 par lui. C\u2019est le Conseil ex\u00e9cutif (<em>Executive Council<\/em>) de Hong Kong qui a recommand\u00e9, et le chef de l\u2019ex\u00e9cutif ordonn\u00e9, lors d\u2019une r\u00e9union le 26 mars 2019, que le projet de loi sur les d\u00e9linquants fugitifs et l\u2019entraide judiciaire mutuelle en mati\u00e8re p\u00e9nale soit pr\u00e9sent\u00e9 au Conseil l\u00e9gislatif, afin de rem\u00e9dier aux carences dans les m\u00e9canismes existants (c\u2019est-\u00e0-dire dans les deux ordonnances pr\u00e9cit\u00e9es, introduites dans la l\u00e9gislation de Hong Kong en 1996 et 1997 respectivement) et de \u00ab&#160;combattre les crimes graves&#160;\u00bb en renfor\u00e7ant la coop\u00e9ration judiciaire&nbsp;<span class='whitespace-nowrap'><span id='easy-footnote-22-52834' class='easy-footnote-margin-adjust'><\/span><span class='easy-footnote'><a href='https:\/\/legrandcontinent.eu\/fr\/2019\/11\/19\/quand-lordonnance-cree-le-desordre-comprendre-la-revolte-a-hong-kong-a-partir-du-droit\/#easy-footnote-bottom-22-52834' title='&lt;em&gt;Cf. &lt;\/em&gt;&lt;a href=&quot;http:\/\/library.legco.gov.hk:1080\/articles\/1213578.318401\/1.PDF&quot;&gt;m\u00e9mento&lt;\/a&gt; du LegCo'><sup>22<\/sup><\/a><\/span><\/span>.<\/p>\n\n\n\n<p>Le Bureau de la s\u00e9curit\u00e9 (<em>Security Bureau<\/em>) a lanc\u00e9 une consultation publique entre les 12 f\u00e9vrier et 4 mars 2019 pour recueillir les avis. Selon le LegCo, environ 4500 commentaires publics ont \u00e9t\u00e9 soumis par \u00e9crit, dont 3000 ont \u00e9t\u00e9 appuy\u00e9s et 1400 autres jug\u00e9s en contradiction avec la proposition. La proposition originale&nbsp;<span class='whitespace-nowrap'><span id='easy-footnote-23-52834' class='easy-footnote-margin-adjust'><\/span><span class='easy-footnote'><a href='https:\/\/legrandcontinent.eu\/fr\/2019\/11\/19\/quand-lordonnance-cree-le-desordre-comprendre-la-revolte-a-hong-kong-a-partir-du-droit\/#easy-footnote-bottom-23-52834' title='&lt;a href=&quot;https:\/\/www.legco.gov.hk\/yr18-19\/english\/panels\/se\/papers\/se20190215cb2-767-3-e.pdf&quot;&gt;https:\/\/www.legco.gov.hk\/yr18-19\/english\/panels\/se\/papers\/se20190215cb2-767-3-e.pdf&lt;\/a&gt;'><sup>23<\/sup><\/a><\/span><\/span> publi\u00e9e le 13 f\u00e9vrier a \u00e9t\u00e9 discut\u00e9e deux jours plus tard lors d\u2019une consultation avec le Panel LegCo, qui a permis aux membres d\u2019exprimer diverses pr\u00e9occupations sur le projet&nbsp;<span class='whitespace-nowrap'><span id='easy-footnote-24-52834' class='easy-footnote-margin-adjust'><\/span><span class='easy-footnote'><a href='https:\/\/legrandcontinent.eu\/fr\/2019\/11\/19\/quand-lordonnance-cree-le-desordre-comprendre-la-revolte-a-hong-kong-a-partir-du-droit\/#easy-footnote-bottom-24-52834' title='Voir le &lt;a href=&quot;https:\/\/library.legco.gov.hk:1443\/record=b1214013&quot;&gt;&lt;em&gt;Legal Service Division report on Fugitive Offenders and Mutual Legal Assistance in Criminal Matters Legislation (Amendment) Bill 2019&lt;\/em&gt;&lt;\/a&gt; du 12 avril 2019.'><sup>24<\/sup><\/a><\/span><\/span>. Apr\u00e8s des modifications apport\u00e9es \u00e0 la proposition selon les critiques \u00e9mises, le projet de loi a \u00e9t\u00e9 publi\u00e9 au Bulletin officiel le 29 mars 2019 et pr\u00e9sent\u00e9 au Conseil l\u00e9gislatif le 3 avril o\u00f9, le texte n\u2019obtenant pas l\u2019approbation requise, des d\u00e9bats en deuxi\u00e8me lecture ont commenc\u00e9, tandis qu\u2019ont d\u00e9but\u00e9 les manifestations de rue \u00e0 l\u2019ampleur croissante&nbsp;<span class='whitespace-nowrap'><span id='easy-footnote-25-52834' class='easy-footnote-margin-adjust'><\/span><span class='easy-footnote'><a href='https:\/\/legrandcontinent.eu\/fr\/2019\/11\/19\/quand-lordonnance-cree-le-desordre-comprendre-la-revolte-a-hong-kong-a-partir-du-droit\/#easy-footnote-bottom-25-52834' title='Une premi\u00e8re manifestation a eu lieu le 31 mars contre l\u2019intention du gouvernement hongkongais d\u2019introduire l\u2019amendement l\u00e9gislatif, puis quelques dizaines de milliers de personnes ont manifest\u00e9 le 28 avril et le 9 juin, ils \u00e9taient des centaines de milliers de manifestants, protestation qui marque une crise majeure dans l\u2019histoire postcoloniale de l\u2019\u00eele. L\u2019apog\u00e9e a co\u00efncid\u00e9 avec les d\u00e9bats sur le texte au Conseil l\u00e9gislatif le 12 juin.'><sup>25<\/sup><\/a><\/span><\/span>. Les tentatives en avril et mai de proc\u00e9der par l\u2019interm\u00e9diaire d\u2019une Commission des projets de loi (<em>Bills Committee<\/em>) ayant \u00e9chou\u00e9&nbsp;<span class='whitespace-nowrap'><span id='easy-footnote-26-52834' class='easy-footnote-margin-adjust'><\/span><span class='easy-footnote'><a href='https:\/\/legrandcontinent.eu\/fr\/2019\/11\/19\/quand-lordonnance-cree-le-desordre-comprendre-la-revolte-a-hong-kong-a-partir-du-droit\/#easy-footnote-bottom-26-52834' title='&lt;a href=&quot;https:\/\/www.legco.gov.hk\/yr18-19\/english\/rescindedbc\/b201903291\/general\/b201903291.htm&quot;&gt;https:\/\/www.legco.gov.hk\/yr18-19\/english\/rescindedbc\/b201903291\/general\/b201903291.htm&lt;\/a&gt;. La Commission s\u2019est r\u00e9unie le 17 avril pour la premi\u00e8re fois mais a \u00e9t\u00e9 emp\u00each\u00e9e d\u2019\u00e9lire un pr\u00e9sident par des opposants qui ont perturb\u00e9 les premi\u00e8res r\u00e9unions organis\u00e9es.'><sup>26<\/sup><\/a><\/span><\/span>, le gouvernement a d\u00e9cid\u00e9 d\u2019entamer la derni\u00e8re \u00e9tape du processus le 12 juin. Toutefois, pour compenser l\u2019\u00e9chec de la Commission, le Panel LegCo a d\u00e9cid\u00e9 de se r\u00e9unir du 31 mai au 5 juin pour poursuivre les discussions, puis d\u2019autres d\u00e9bats ont eu lieu, lors desquels 22 membres ont d\u00e9fendu leurs 258 amendements&nbsp;<span class='whitespace-nowrap'><span id='easy-footnote-27-52834' class='easy-footnote-margin-adjust'><\/span><span class='easy-footnote'><a href='https:\/\/legrandcontinent.eu\/fr\/2019\/11\/19\/quand-lordonnance-cree-le-desordre-comprendre-la-revolte-a-hong-kong-a-partir-du-droit\/#easy-footnote-bottom-27-52834' title='Voir la &lt;a href=&quot;http:\/\/library.legco.gov.hk:1080\/articles\/1215038.320773\/1.PDF&quot;&gt;&lt;em&gt;D\u00e9cision&lt;\/em&gt; du Pr\u00e9sident&lt;\/a&gt; du 10 juin 2019'><sup>27<\/sup><\/a><\/span><\/span>.<\/p>\n\n\n\n<p>Dans sa d\u00e9cision sur ces propositions d\u2019amendements, le pr\u00e9sident Andrew Leung Kwan-yuen\u6881\u541b\u5f65a estim\u00e9 que 153 \u00e9taient admissibles, les autres d\u00e9passant la port\u00e9e de la loi pr\u00e9vue ou alt\u00e9rant son objectif. Le Secr\u00e9tariat \u00e0 la S\u00e9curit\u00e9 (<em>Secretariat for Security<\/em>) s\u2019est par ailleurs livr\u00e9 \u00e0 un exercice d\u2019explication des amendements au public \u00e0 l\u2019occasion de r\u00e9unions avec les divers partis politiques, les chambres de commerce locales et \u00e9trang\u00e8res, le consul g\u00e9n\u00e9ral \u00e0 Hong Kong, diff\u00e9rentes institutions et associations, ou encore \u00e0 l\u2019occasion d\u2019interviews avec les m\u00e9dias et de r\u00e9ponses \u00e0 leurs sollicitations&nbsp;<span class='whitespace-nowrap'><span id='easy-footnote-28-52834' class='easy-footnote-margin-adjust'><\/span><span class='easy-footnote'><a href='https:\/\/legrandcontinent.eu\/fr\/2019\/11\/19\/quand-lordonnance-cree-le-desordre-comprendre-la-revolte-a-hong-kong-a-partir-du-droit\/#easy-footnote-bottom-28-52834' title='&lt;em&gt;Cf. &lt;\/em&gt;&lt;a href=&quot;http:\/\/library.legco.gov.hk:1080\/articles\/1213578.318401\/1.PDF&quot;&gt;m\u00e9mento&lt;\/a&gt; du LegCo, p.\u00a011-12.'><sup>28<\/sup><\/a><\/span><\/span>. Cependant, face aux manifestations in\u00e9dites, la cheffe de l\u2019ex\u00e9cutif estimant que les conditions n\u2019\u00e9taient pas r\u00e9unies pour mener correctement les d\u00e9bats, a annonc\u00e9 le 15 juin 2019 la suspension du processus l\u00e9gislatif, afin que de plus amples consultations puissent \u00eatre men\u00e9es avant un vote sur le projet de loi&nbsp;<span class='whitespace-nowrap'><span id='easy-footnote-29-52834' class='easy-footnote-margin-adjust'><\/span><span class='easy-footnote'><a href='https:\/\/legrandcontinent.eu\/fr\/2019\/11\/19\/quand-lordonnance-cree-le-desordre-comprendre-la-revolte-a-hong-kong-a-partir-du-droit\/#easy-footnote-bottom-29-52834' title='Voir p.\u00a0ex. Graham-Harrison Emma &amp;amp; Yu Verna, \u00ab&amp;#160;&lt;a href=&quot;https:\/\/www.theguardian.com\/world\/2019\/jun\/15\/hong-kong-leader-carrie-lam-extradition-bill-delay-protests-china&quot;&gt;Hong Kong leader suspends extradition bill amid protest pressure\u00a0&lt;\/a&gt;&amp;#160;\u00bb, &lt;em&gt;The Guardian&lt;\/em&gt;, 15 juin 2019.'><sup>29<\/sup><\/a><\/span><\/span>.<\/p>\n\n\n\n<h3 class=\"wp-block-heading\"><strong>La justification officielle<\/strong><\/h3>\n\n\n\n<p>Dans sa d\u00e9fense du projet, le LegCo a expliqu\u00e9 que l\u2019ordonnance sur les d\u00e9linquants fugitifs \u00e9tait modifi\u00e9e de sorte \u00e0 ce qu\u2019elle puisse \u00eatre appliqu\u00e9e par une approche au cas par cas, une fois des arrangements de remise sp\u00e9ciaux conclus entre Hong Kong et d\u2019autres lieux en relation avec des circonstances particuli\u00e8res non couvertes par les arrangements g\u00e9n\u00e9raux existants. Il s\u2019agit d\u2019une mesure transitoire applicable tant que des arrangements de long-terme ne sont pas conclus entre Hong Kong et d\u2019autres lieux, et en aucun cas amen\u00e9e \u00e0 les remplacer. Parmi les d\u00e9fauts \u00e0 corriger est mis en avant le risque que des individus \u00e9chappent \u00e0 la justice. Le professeur honoraire de droit \u00e0 l\u2019Universit\u00e9 de Hong Kong Grenville Cross, ancien Directeur des poursuites p\u00e9nales (DPP) de la RAS Hong Kong, avocat, a r\u00e9sum\u00e9 les risques en soulignant que le manque de r\u00e9ciprocit\u00e9&nbsp;<span class='whitespace-nowrap'><span id='easy-footnote-30-52834' class='easy-footnote-margin-adjust'><\/span><span class='easy-footnote'><a href='https:\/\/legrandcontinent.eu\/fr\/2019\/11\/19\/quand-lordonnance-cree-le-desordre-comprendre-la-revolte-a-hong-kong-a-partir-du-droit\/#easy-footnote-bottom-30-52834' title='\u00c0 titre d\u2019exemple, la Chine continentale lui a d\u00e9j\u00e0 remis environ 200 suspects depuis 1997.'><sup>30<\/sup><\/a><\/span><\/span> actuel est dommageable pour Hong Kong qui entache son image vis-\u00e0-vis de ses partenaires, ainsi que pour l\u2019application du droit \u00e0 travers la Chine, pouvant m\u00eame affecter sa propre capacit\u00e9 \u00e0 d\u00e9fendre la justice p\u00e9nale&nbsp;<span class='whitespace-nowrap'><span id='easy-footnote-31-52834' class='easy-footnote-margin-adjust'><\/span><span class='easy-footnote'><a href='https:\/\/legrandcontinent.eu\/fr\/2019\/11\/19\/quand-lordonnance-cree-le-desordre-comprendre-la-revolte-a-hong-kong-a-partir-du-droit\/#easy-footnote-bottom-31-52834' title='Cross Grenville, \u00ab&amp;#160;&lt;a href=&quot;https:\/\/www.scmp.com\/comment\/insight-opinion\/article\/3009141\/opponents-hong-kongs-extradition-bill-are-blind-progress&quot;&gt;Opponents to Hong Kong\u2019s extradition bill are blind to progress in China\u2019s legal system&lt;\/a&gt;&amp;#160;\u00bb, &lt;em&gt;South China Morning Post (SCMP)&lt;\/em&gt;, 9 mai 2019'><sup>31<\/sup><\/a><\/span><\/span>.<\/p>\n\n\n\n<p>Dans la formulation actuelle des ordonnances, pour donner effet aux dispositions de la remise de d\u00e9linquants fugitifs (<em>surrender of fugitive offenders<\/em>, SFO), le chef de l\u2019ex\u00e9cutif en conseil doit donner un ordre en vertu du paragraphe 1 de l\u2019article 3 de l\u2019ordonnance sur les fugitifs (FOO) et l\u2019ordre doit \u00eatre publi\u00e9 dans le Bulletin officiel et d\u00e9pos\u00e9 au LegCo, lequel peut l\u2019abroger par r\u00e9solution. De m\u00eame, en vertu du paragraphe 1 de l\u2019article 4 de l\u2019ordonnance en mati\u00e8re de coop\u00e9ration p\u00e9nale (MLAO), le chef de l\u2019ex\u00e9cutif en conseil peut, avec l\u2019approbation du LegCo, rendre un ordre pour donner effet aux dispositions de l\u2019entraide judiciaire (<em>mutual legal assistance<\/em>, MLA), ordre qui peut \u00e9galement \u00eatre abrog\u00e9 par LegCo. Lorsque le LegCo examine une remise, souligne celui-ci, des d\u00e9tails de l\u2019affaire en question sont in\u00e9vitablement divulgu\u00e9s publiquement, ce qui alarme le d\u00e9linquant qui peut alors fuir ou compromettre la possibilit\u00e9 de son proc\u00e8s \u00e9quitable. En outre, du fait qu\u2019un ordre ne peut entrer en vigueur avant l\u2019expiration de la p\u00e9riode d\u2019examen par le LegCo, si une demande de remise est re\u00e7ue d\u2019un autre endroit pendant cette p\u00e9riode, rien ne peut \u00eatre fait dans cet intervalle de 28 \u00e0 49 jours, y compris toute arrestation provisoire, ce qui rend probable la fuite du suspect. Enfin, \u00e9tant donn\u00e9 l\u2019inapplicabilit\u00e9 des ordonnances pour les demandes entre Hong Kong et d\u2019autres parties de la R\u00e9publique populaire de Chine, les fugitifs du continent, de Macao ou de Ta\u00efwan peuvent tirer parti de cette faille pour \u00e9chapper \u00e0 la responsabilit\u00e9 juridique ou chercher refuge \u00e0 Hong Kong, comme l\u2019illustre le cas Chen Tong-kai&nbsp;<span class='whitespace-nowrap'><span id='easy-footnote-32-52834' class='easy-footnote-margin-adjust'><\/span><span class='easy-footnote'><a href='https:\/\/legrandcontinent.eu\/fr\/2019\/11\/19\/quand-lordonnance-cree-le-desordre-comprendre-la-revolte-a-hong-kong-a-partir-du-droit\/#easy-footnote-bottom-32-52834' title='Le LegCo indique qu\u2019entre mars et d\u00e9cembre 2018, Ta\u00efwan a formul\u00e9 \u00e0 trois reprises aupr\u00e8s de la RAS HK une requ\u00eate d\u2019entraide judiciaire et d\u2019extradition pour cette affaire de meurtre (&lt;em&gt;cf. &lt;\/em&gt;&lt;a href=&quot;http:\/\/library.legco.gov.hk:1080\/articles\/1213578.318401\/1.PDF&quot;&gt;m\u00e9mento&lt;\/a&gt;, p.\u00a04-6).'><sup>32<\/sup><\/a><\/span><\/span>.<\/p>\n\n\n\n<h3 class=\"wp-block-heading\"><strong>Les modalit\u00e9s propos\u00e9es<\/strong><\/h3>\n\n\n\n<p>Contrairement \u00e0 ce qui a pu \u00eatre rapport\u00e9 ici et l\u00e0, le texte ne permet pas d\u2019envoyer n\u2019importe quel Hongkongais dans les ge\u00f4les chinoises du continent au bon vouloir du Parti communiste chinois&nbsp;<span class='whitespace-nowrap'><span id='easy-footnote-33-52834' class='easy-footnote-margin-adjust'><\/span><span class='easy-footnote'><a href='https:\/\/legrandcontinent.eu\/fr\/2019\/11\/19\/quand-lordonnance-cree-le-desordre-comprendre-la-revolte-a-hong-kong-a-partir-du-droit\/#easy-footnote-bottom-33-52834' title='Par exemple, la Croix annon\u00e7ait le 7 juin 2019 que la loi sur l\u2019extradition permettrait \u00ab&amp;#160;le transfert vers la Chine de n\u2019importe quelle personne consid\u00e9r\u00e9e par P\u00e9kin comme \u201cfugitive\u201d&amp;#160;\u00bb et qui serait jug\u00e9e \u00ab&amp;#160;selon les r\u00e8gles ubuesques en vigueur sur le continent&amp;#160;\u00bb. &lt;em&gt;Cf. &lt;\/em&gt;Malovic Dorian, \u00ab&amp;#160;&lt;a href=&quot;https:\/\/www.la-croix.com\/Monde\/Asie-et-Oceanie\/A-Hong-Kong-inquietant-projet-loi-dextradition-vers-Chine-2019-06-07-1201027483&quot;&gt;\u00c0 Hong Kong, un inqui\u00e9tant projet de loi d\u2019extradition vers la Chine&lt;\/a&gt;&amp;#160;\u00bb, &lt;em&gt;La Croix&lt;\/em&gt;, 7 juin 2010'><sup>33<\/sup><\/a><\/span><\/span>. De m\u00eame que le trait\u00e9 d\u2019extradition sign\u00e9 entre la France et la Chine impose des limites \u00e0 la proc\u00e9dure&nbsp;<span class='whitespace-nowrap'><span id='easy-footnote-34-52834' class='easy-footnote-margin-adjust'><\/span><span class='easy-footnote'><a href='https:\/\/legrandcontinent.eu\/fr\/2019\/11\/19\/quand-lordonnance-cree-le-desordre-comprendre-la-revolte-a-hong-kong-a-partir-du-droit\/#easy-footnote-bottom-34-52834' title='Ainsi, la France refuse d\u2019extrader ses justiciables, ses nationaux et les auteurs d\u2019infractions politiques.'><sup>34<\/sup><\/a><\/span><\/span>, de m\u00eame le projet de loi hongkongais pr\u00e9voit des limitations et garanties. Les promoteurs de l\u2019amendement ont fait valoir que l\u2019ajout d\u2019arrangements sp\u00e9ciaux dans la loi, qui entend inclure toute autre partie de la R\u00e9publique populaire de Chine (Ta\u00efwan, Macao, Chine continentale)&nbsp;<span class='whitespace-nowrap'><span id='easy-footnote-35-52834' class='easy-footnote-margin-adjust'><\/span><span class='easy-footnote'><a href='https:\/\/legrandcontinent.eu\/fr\/2019\/11\/19\/quand-lordonnance-cree-le-desordre-comprendre-la-revolte-a-hong-kong-a-partir-du-droit\/#easy-footnote-bottom-35-52834' title='Telle que d\u00e9finie dans l\u2019\u00ab&amp;#160;&lt;a href=&quot;https:\/\/www.elegislation.gov.hk\/hk\/cap1?pmc=0&amp;amp;m=0&amp;amp;pm=1&quot;&gt;&lt;em&gt;Interpretation and General Clauses Ordonnance (Cap. 1)&lt;\/em&gt;&lt;\/a&gt;&amp;#160;\u00bb.'><sup>35<\/sup><\/a><\/span><\/span>, non seulement s\u2019accompagne de conditions minimales \u00e0 remplir, notamment de restrictions quant aux types d\u2019infractions passibles d\u2019une demande d\u2019extradition, mais n\u2019emp\u00eache pas le maintien des garanties existantes en mati\u00e8re de droits de l\u2019homme et de proc\u00e9dures pr\u00e9vues par les ordonnances.<\/p>\n\n\n\n\n\n<figure class=\"wp-block-image wp-block-image-full\"\n    data-shadow=\"false\"\n    data-use-original-file=\"false\">\n    <a\n        data-pswp-src=\"https:\/\/legrandcontinent.eu\/fr\/wp-content\/uploads\/sites\/2\/2019\/11\/Hong-Kong-Parapluies.jpg\"\n        class=\"inline-block gallery-item no-underline \"\n        data-pswp-width=\"1024\"\n        data-pswp-height=\"765\">\n                                        <picture>\r\n                    <source\r\n                srcset=\"https:\/\/legrandcontinent.eu\/fr\/wp-content\/uploads\/sites\/2\/2019\/11\/Hong-Kong-Parapluies-330x247.jpg\"\r\n                media=\"(max-width:  330px)\" \/>\r\n                    <source\r\n                srcset=\"https:\/\/legrandcontinent.eu\/fr\/wp-content\/uploads\/sites\/2\/2019\/11\/Hong-Kong-Parapluies-690x515.jpg\"\r\n                media=\"(max-width:  690px)\" \/>\r\n                    <source\r\n                srcset=\"https:\/\/legrandcontinent.eu\/fr\/wp-content\/uploads\/sites\/2\/2019\/11\/Hong-Kong-Parapluies-990x740.jpg\"\r\n                media=\"(max-width:  990px)\" \/>\r\n                    <source\r\n                srcset=\"https:\/\/legrandcontinent.eu\/fr\/wp-content\/uploads\/sites\/2\/2019\/11\/Hong-Kong-Parapluies.jpg\"\r\n                media=\"(max-width: 1340px)\" \/>\r\n                    <source\r\n                srcset=\"https:\/\/legrandcontinent.eu\/fr\/wp-content\/uploads\/sites\/2\/2019\/11\/Hong-Kong-Parapluies.jpg\"\r\n                media=\"(max-width: 1600px)\" \/>\r\n                    <source\r\n                srcset=\"https:\/\/legrandcontinent.eu\/fr\/wp-content\/uploads\/sites\/2\/2019\/11\/Hong-Kong-Parapluies.jpg\"\r\n                media=\"(min-width: 1601px)\" \/>\r\n                <img decoding=\"async\" src=\"https:\/\/legrandcontinent.eu\/fr\/wp-content\/uploads\/sites\/2\/2019\/11\/Hong-Kong-Parapluies-125x93.jpg\" \/>\r\n        <\/picture>\r\n                            \n            <\/a>\n<\/figure>\n\n\n<p>Le projet de loi ambitionne d\u2019assurer en particulier que les documents soumis conform\u00e9ment aux arrangements de remise prescrits puissent \u00eatre consid\u00e9r\u00e9s comme d\u00fbment authentifi\u00e9s et qu\u2019une demande d\u2019assistance dans une affaire p\u00e9nale vis\u00e9e par les accords bilat\u00e9raux conclus entre Hong Kong et tout autre lieu ne puisse se faire qu\u2019en vertu de ces arrangements prescrits. En outre, prenant en compte les critiques formul\u00e9es \u00e0 l\u2019encontre de la premi\u00e8re version du texte, le LegCo a abaiss\u00e9 la port\u00e9e des infractions vis\u00e9es par la remise \u00e0 37 cat\u00e9gories, au lieu des 46 initialement concern\u00e9es (qui correspondent \u00e0 celles pr\u00e9vues dans les arrangements g\u00e9n\u00e9raux de l\u2019ordonnance sur les d\u00e9linquants fugitifs).\u00a0Sont exclues en particulier et explicitement les infractions \u00e0 caract\u00e8re politique, cat\u00e9gorie qui fait largement partie des sujets d\u2019inqui\u00e9tude exprim\u00e9s par les manifestations populaires \u00e0 Hong Kong. Outre le rejet des demandes li\u00e9es \u00e0 l\u2019opinion politique, sont clairement exclues les demandes reposant sur une discrimination en fonction de la race, de la religion et de la nationalit\u00e9. Il a \u00e9t\u00e9 propos\u00e9 de s\u2019attacher aux crimes les plus graves et les moins controvers\u00e9s&nbsp;<span class='whitespace-nowrap'><span id='easy-footnote-36-52834' class='easy-footnote-margin-adjust'><\/span><span class='easy-footnote'><a href='https:\/\/legrandcontinent.eu\/fr\/2019\/11\/19\/quand-lordonnance-cree-le-desordre-comprendre-la-revolte-a-hong-kong-a-partir-du-droit\/#easy-footnote-bottom-36-52834' title='Au-del\u00e0 des crimes de sang, le LegCo estime important d\u2019inclure les vols qualifi\u00e9s, le trafic de drogues et autres infractions graves comme les incendies volontaires.'><sup>36<\/sup><\/a><\/span><\/span>, si bien que neuf types d\u2019infractions suppl\u00e9mentaires ont \u00e9t\u00e9 exclus du projet&nbsp;<span class='whitespace-nowrap'><span id='easy-footnote-37-52834' class='easy-footnote-margin-adjust'><\/span><span class='easy-footnote'><a href='https:\/\/legrandcontinent.eu\/fr\/2019\/11\/19\/quand-lordonnance-cree-le-desordre-comprendre-la-revolte-a-hong-kong-a-partir-du-droit\/#easy-footnote-bottom-37-52834' title='Il s\u2019agit des cas de banqueroute, ceux li\u00e9s \u00e0 la propri\u00e9t\u00e9 intellectuelle au sens large, aux valeurs mobili\u00e8res et transactions \u00e0 terme, de m\u00eame que les infractions \u00e0 la loi relatives aux soci\u00e9t\u00e9s (y compris celles commises par des dirigeants, des administrateurs et des promoteurs), les infractions relatives \u00e0 la pollution environnementale ou la sant\u00e9 publique, celles relatives au contr\u00f4le des produits d\u2019importation ou d\u2019exportation ou aux transferts internationaux de fonds, celles relatives \u00e0 l\u2019usage ill\u00e9gal d\u2019ordinateurs, \u00e0 des descriptions commerciales fausses ou trompeuses, ainsi qu\u2019\u00e0 la fiscalit\u00e9 et aux imp\u00f4ts.'><sup>37<\/sup><\/a><\/span><\/span>. Il s\u2019agit l\u00e0 d\u2019un seuil minimum dans la mesure o\u00f9 rien n\u2019interdit d\u2019autres limitations d\u2019\u00eatre pos\u00e9es.<\/p>\n\n\n\n<p>Par ailleurs, le texte r\u00e9vis\u00e9 apr\u00e8s les d\u00e9bats restreint les cas pouvant faire l\u2019objet d\u2019une demande d\u2019extradition aux seules infractions qui m\u00e9ritent au moins 3 ans d\u2019emprisonnement dans les deux juridictions concern\u00e9es (au lieu des 12 mois pr\u00e9vus dans la premi\u00e8re proposition). Surtout, le projet conserve les diverses protections existantes \u00e0 l\u2019\u00e9gard des droits humains. Premi\u00e8rement, aucune demande ne sera recevable si l\u2019infraction cit\u00e9e par la juridiction requ\u00e9rante n\u2019en est pas une aussi \u00e0 Hong Kong. Selon ce principe de double incrimination (\u00ab&#160;<em>double criminality<\/em>&#160;\u00bb), si un Hongkongais est poursuivi par les autorit\u00e9s de la Chine continentale pour un motif \u2013 notamment politique \u2013 qui n\u2019entre pas dans le cadre de la loi hongkongaise (et qui ne pourrait donc pas \u00eatre mis en accusation \u00e0 Hong Kong), il ne pourra pas \u00eatre remis en d\u00e9pit d\u2019une demande d\u2019extradition formul\u00e9e \u00e0 son encontre. Le principe de la \u00ab&#160;double incrimination&#160;\u00bb s\u2019appliquera \u00e0 l\u2019examen de chaque demande de remise \u00e9manant \u00e0 la fois du pouvoir ex\u00e9cutif et du tribunal&nbsp;<span class='whitespace-nowrap'><span id='easy-footnote-38-52834' class='easy-footnote-margin-adjust'><\/span><span class='easy-footnote'><a href='https:\/\/legrandcontinent.eu\/fr\/2019\/11\/19\/quand-lordonnance-cree-le-desordre-comprendre-la-revolte-a-hong-kong-a-partir-du-droit\/#easy-footnote-bottom-38-52834' title='&lt;em&gt;Cf. &lt;\/em&gt;&lt;a href=&quot;http:\/\/library.legco.gov.hk:1080\/articles\/1213578.318401\/1.PDF&quot;&gt;m\u00e9mento&lt;\/a&gt; du LegCo, p.\u00a06'><sup>38<\/sup><\/a><\/span><\/span>.<\/p>\n\n\n\n<p>Ensuite, le texte interdit d\u2019acc\u00e9der \u00e0 une requ\u00eate motiv\u00e9e par un mobile politique. En r\u00e9ponse \u00e0 ceux qui estiment que la qualification de \u00ab&#160;politique&#160;\u00bb est vague, le gouvernement hongkongais a r\u00e9pondu qu\u2019en cas de doute, la RAS de Hong Kong peut s\u2019appuyer sur l\u2019exp\u00e9rience pass\u00e9e dans le cadre de ses accords avec d\u2019autres juridictions \u00e9trang\u00e8res pour r\u00e9soudre les difficult\u00e9s. Par ailleurs, pour \u00e9viter la double condamnation (\u00ab&#160;<em>rule against double jeopardy<\/em>&#160;\u00bb), la loi pr\u00e9voit aussi le refus d\u2019une demande si la r\u00e8gle du \u00ab&#160;<em>non bis in idem<\/em>&#160;\u00bb n\u2019est pas respect\u00e9e (selon laquelle nul ne peut \u00eatre poursuivi ou puni p\u00e9nalement en un lieu s\u2019il l\u2019a d\u00e9j\u00e0 \u00e9t\u00e9 en un autre lieu pour les m\u00eames faits). Autre garantie\u00a0importante dans le cadre d\u2019affaires impliquant la Chine continentale&#160;: aucune extradition ne sera consentie pour un crime passible de la peine de mort dans la juridiction requ\u00e9rante \u00e0 moins que la peine capitale ne soit pas prononc\u00e9e ou ex\u00e9cut\u00e9e. Enfin, la loi interdit que la personne faisant l\u2019objet d\u2019une demande d\u2019extradition soit inqui\u00e9t\u00e9e pour d\u2019autres motifs que ceux pour lesquels elle a \u00e9t\u00e9 remise, et qu\u2019elle soit transf\u00e9r\u00e9e de nouveau en tout autre lieu&nbsp;<span class='whitespace-nowrap'><span id='easy-footnote-39-52834' class='easy-footnote-margin-adjust'><\/span><span class='easy-footnote'><a href='https:\/\/legrandcontinent.eu\/fr\/2019\/11\/19\/quand-lordonnance-cree-le-desordre-comprendre-la-revolte-a-hong-kong-a-partir-du-droit\/#easy-footnote-bottom-39-52834' title='&lt;em&gt;Cf. &lt;\/em&gt;&lt;a href=&quot;http:\/\/library.legco.gov.hk:1080\/articles\/1213578.318401\/1.PDF&quot;&gt;m\u00e9mento&lt;\/a&gt; du LegCo, p.\u00a02'><sup>39<\/sup><\/a><\/span><\/span>.<\/p>\n\n\n\n<p>Il est \u00e9galement propos\u00e9 de modifier le m\u00e9canisme de sorte que le chef de l\u2019ex\u00e9cutif (CE) \u00e9mette un \u00ab&#160;certificat&#160;\u00bb pour activer la proc\u00e9dure de remise. Suite \u00e0 cette activation, la demande doit suivre toutes les proc\u00e9dures l\u00e9gales, qui incluent la d\u00e9livrance d\u2019une autorisation de proc\u00e9der par le CE, l\u2019audience de mise en accusation par le tribunal et la prise \u00e9ventuelle de l\u2019ordre de remise par le CE. Demeurent inchang\u00e9es d\u2019autres garanties proc\u00e9durales telles que l\u2019application de l\u2019<em>habeas corpus<\/em>, d\u2019une demande de d\u00e9charge en cas de retard ou encore le contr\u00f4le judiciaire de la d\u00e9cision du CE, comme le pr\u00e9voit d\u00e9j\u00e0 l\u2019ordonnance FOO. Autrement dit, apr\u00e8s une demande d\u2019extradition, la RAS de Hong Kong pourra l\u2019approuver apr\u00e8s l\u2019avis d\u2019un tribunal, sans passer par le Conseil l\u00e9gislatif. C\u2019est donc la justice hongkongaise, au lieu du l\u00e9gislatif, qui se chargera de la d\u00e9cision d\u2019extrader ou non les suspects ou criminels et une fois accept\u00e9e, la remise aura lieu de la m\u00eame mani\u00e8re que pour un trait\u00e9 d\u2019extradition&nbsp;<span class='whitespace-nowrap'><span id='easy-footnote-40-52834' class='easy-footnote-margin-adjust'><\/span><span class='easy-footnote'><a href='https:\/\/legrandcontinent.eu\/fr\/2019\/11\/19\/quand-lordonnance-cree-le-desordre-comprendre-la-revolte-a-hong-kong-a-partir-du-droit\/#easy-footnote-bottom-40-52834' title='Voir le &lt;a href=&quot;http:\/\/researchblog.law.hku.hk\/2019\/05\/albert-chens-commentary-on-proposed.html&quot;&gt;Commentaire&lt;\/a&gt; d\u2019Albert Chen pr\u00e9cit\u00e9'><sup>40<\/sup><\/a><\/span><\/span>.<\/p>\n\n\n\n<p>Les mesures pr\u00f4n\u00e9es permettent \u00e0 la fois d\u2019\u00e9viter une toute nouvelle l\u00e9gislation aux seules fins de traiter un cas particulier \u2013 ici le cas d\u2019homicide ta\u00efwanais \u2013, inutilement redondante avec la l\u00e9gislation existante et trop chronophage en regard des actions rapides qui peuvent \u00eatre requises, \u00e0 la fois de conserver en l\u2019am\u00e9liorant un r\u00e9gime d\u00e9j\u00e0 effectif qui puisse s\u2019appliquer \u00e0 l\u2019avenir \u00e0 d\u2019autres affaires que celle-ci. Certains ont propos\u00e9 d\u2019autres options, notamment d\u2019amender simplement l\u2019ordonnance sur la comp\u00e9tence p\u00e9nale (<em>Criminal Jurisdiction Ordinance<\/em>, CJO) et d\u2019autres ordonnances pertinentes, pour \u00e9tendre la comp\u00e9tence des tribunaux p\u00e9naux hongkongais aux affaires d\u2019homicide commises \u00e0 l\u2019ext\u00e9rieur de Hong Kong dans le cas o\u00f9 meurtrier et victimes sont des r\u00e9sidents permanents de l\u2019\u00eele. Cependant, cette alternative a \u00e9t\u00e9 repouss\u00e9e au motif qu\u2019outre que la modification laisserait de c\u00f4t\u00e9 les crimes qui ne sont pas des homicides, l\u2019affaire ta\u00efwanaise de 2018 ne pourrait pas \u00eatre couverte en raison du caract\u00e8re non-r\u00e9trospectif des amendements l\u00e9gislatifs concern\u00e9s&nbsp;<span class='whitespace-nowrap'><span id='easy-footnote-41-52834' class='easy-footnote-margin-adjust'><\/span><span class='easy-footnote'><a href='https:\/\/legrandcontinent.eu\/fr\/2019\/11\/19\/quand-lordonnance-cree-le-desordre-comprendre-la-revolte-a-hong-kong-a-partir-du-droit\/#easy-footnote-bottom-41-52834' title='&lt;em&gt;Cf. &lt;\/em&gt;&lt;a href=&quot;http:\/\/library.legco.gov.hk:1080\/articles\/1213578.318401\/1.PDF&quot;&gt;m\u00e9mento&lt;\/a&gt; du LegCo, p.\u00a09-10'><sup>41<\/sup><\/a><\/span><\/span>.<\/p>\n\n\n\n<p>Ces garde-fous et avanc\u00e9es, d\u2019ailleurs souvent pass\u00e9es sous silence par les contestataires, n\u2019emp\u00eachent pas les plus suspicieux de rester r\u00e9ticents face \u00e0 la perspective d\u2019une modification des ordonnances. Il ne suffit pas au LegCo d\u2019affirmer que celles-ci, fond\u00e9es sur la pratique commune en la mati\u00e8re, \u00ab&#160;contiennent diverses garanties de fond et de proc\u00e9dure relatives aux droits de l\u2019homme&#160;\u00bb et d\u2019en faire la liste&nbsp;<span class='whitespace-nowrap'><span id='easy-footnote-42-52834' class='easy-footnote-margin-adjust'><\/span><span class='easy-footnote'><a href='https:\/\/legrandcontinent.eu\/fr\/2019\/11\/19\/quand-lordonnance-cree-le-desordre-comprendre-la-revolte-a-hong-kong-a-partir-du-droit\/#easy-footnote-bottom-42-52834' title='&lt;em&gt;Cf. &lt;\/em&gt;&lt;a href=&quot;http:\/\/library.legco.gov.hk:1080\/articles\/1213578.318401\/1.PDF&quot;&gt;m\u00e9mento&lt;\/a&gt; du LegCo, p.\u00a02'><sup>42<\/sup><\/a><\/span><\/span>&#160;: des voix continuent de s\u2019\u00e9lever contre le projet de loi apr\u00e8s les corrections apport\u00e9es, et m\u00eame apr\u00e8s sa suspension. Quels aspects continuent de d\u00e9plaire&#160;? Quel est l\u2019argumentaire des pourfendeurs du projet de loi\u00a0et comment ses d\u00e9fenseurs y r\u00e9pondent-ils&#160;?<\/p>\n\n\n\n\n\n<figure class=\"wp-block-image wp-block-image-full\"\n    data-shadow=\"false\"\n    data-use-original-file=\"false\">\n    <a\n        data-pswp-src=\"https:\/\/legrandcontinent.eu\/fr\/wp-content\/uploads\/sites\/2\/2019\/11\/multi-colored-building-2443590-e1574097414786.jpg\"\n        class=\"inline-block gallery-item no-underline \"\n        data-pswp-width=\"1920\"\n        data-pswp-height=\"619\">\n                                        <picture>\r\n                    <source\r\n                srcset=\"https:\/\/legrandcontinent.eu\/fr\/wp-content\/uploads\/sites\/2\/2019\/11\/multi-colored-building-2443590-e1574097414786-330x106.jpg\"\r\n                media=\"(max-width:  330px)\" \/>\r\n                    <source\r\n                srcset=\"https:\/\/legrandcontinent.eu\/fr\/wp-content\/uploads\/sites\/2\/2019\/11\/multi-colored-building-2443590-e1574097414786-690x222.jpg\"\r\n                media=\"(max-width:  690px)\" \/>\r\n                    <source\r\n                srcset=\"https:\/\/legrandcontinent.eu\/fr\/wp-content\/uploads\/sites\/2\/2019\/11\/multi-colored-building-2443590-e1574097414786-990x319.jpg\"\r\n                media=\"(max-width:  990px)\" \/>\r\n                    <source\r\n                srcset=\"https:\/\/legrandcontinent.eu\/fr\/wp-content\/uploads\/sites\/2\/2019\/11\/multi-colored-building-2443590-e1574097414786-1340x432.jpg\"\r\n                media=\"(max-width: 1340px)\" \/>\r\n                    <source\r\n                srcset=\"https:\/\/legrandcontinent.eu\/fr\/wp-content\/uploads\/sites\/2\/2019\/11\/multi-colored-building-2443590-e1574097414786-1600x516.jpg\"\r\n                media=\"(max-width: 1600px)\" \/>\r\n                    <source\r\n                srcset=\"https:\/\/legrandcontinent.eu\/fr\/wp-content\/uploads\/sites\/2\/2019\/11\/multi-colored-building-2443590-e1574097414786.jpg\"\r\n                media=\"(min-width: 1601px)\" \/>\r\n                <img decoding=\"async\" alt=\"\u00c9lise Launay Le Grand Continent Hong Kong\" src=\"https:\/\/legrandcontinent.eu\/fr\/wp-content\/uploads\/sites\/2\/2019\/11\/multi-colored-building-2443590-e1574097414786-125x40.jpg\" \/>\r\n        <\/picture>\r\n                            \n            <\/a>\n<\/figure>\n\n\n<h3 class=\"wp-block-heading\"><strong>Les r\u00e9ponses aux critiques<\/strong><\/h3>\n\n\n\n<p>Il est ressorti des commentaires publics adress\u00e9s au LegCo en f\u00e9vrier-mars que les deux principales causes d\u2019opposition au projet sont un d\u00e9saccord avec le syst\u00e8me judiciaire du continent et la port\u00e9e jug\u00e9e trop large des infractions susceptibles de remise. Le m\u00e9mento rapporte que des Hongkongais ayant des liens commerciaux avec le continent se sont inqui\u00e9t\u00e9s de pouvoir faire l\u2019objet d\u2019une extradition vers la Chine continentale pour une infraction commise par inadvertance \u00e0 cause de leur manque de familiarit\u00e9 avec les lois du continent. Sur ce point, si les l\u00e9gislateurs consid\u00e8rent qu\u2019une bonne partie des craintes tient au fait que les amendements propos\u00e9s sont mal compris, la modification du projet initial fait \u00e9tat d\u2019une prise en compte du souhait exprim\u00e9 que l\u2019extradition ne porte que sur les crimes violents graves et intentionnels. Dans le m\u00eame temps, ils font valoir que puisque ne peuvent pas \u00eatre remis ceux dont l\u2019infraction n\u2019est pas consid\u00e9r\u00e9e comme telle \u00e0 Hong Kong, la population n\u2019a pas \u00e0 se soucier de sa m\u00e9connaissance des lois chinoises&#160;: elle est g\u00e9n\u00e9ralement au fait des actes qui ne constituent pas une infraction \u00e0 Hong Kong et ne lui font courir aucun risque p\u00e9nal.<\/p>\n\n\n\n<p>Par ailleurs, les d\u00e9fenseurs du projet r\u00e9pondent \u00e0 ceux qui d\u00e9noncent la mauvaise justice chinoise qu\u2019il s\u2019agit surtout de prot\u00e9ger les Hongkongais contre l\u2019ins\u00e9curit\u00e9 qu\u2019un tel \u00ab&#160;\u00eelot pour criminels&#160;\u00bb cr\u00e9e et de faire cesser le signal que Hong Kong est un refuge pour qui veut \u00e9chapper \u00e0 la justice. D\u2019autres partisans de la r\u00e9vision de la l\u00e9gislation attirent l\u2019attention sur l\u2019importance de faire de Hong Kong un \u00c9tat de droit \u00e0 part enti\u00e8re, non seulement afin de ne pas \u00eatre un repaire de meurtriers et corrompus mais, de mani\u00e8re au moins aussi essentielle, pour que ne restent pas impunis de graves infractions et que justice soit faite aux victimes&nbsp;<span class='whitespace-nowrap'><span id='easy-footnote-43-52834' class='easy-footnote-margin-adjust'><\/span><span class='easy-footnote'><a href='https:\/\/legrandcontinent.eu\/fr\/2019\/11\/19\/quand-lordonnance-cree-le-desordre-comprendre-la-revolte-a-hong-kong-a-partir-du-droit\/#easy-footnote-bottom-43-52834' title='Cross Grenville, \u00ab&amp;#160;&lt;a href=&quot;http:\/\/www.chinadaily.com.cn\/hkedition\/2019-06\/12\/content_37479723.htm&quot;&gt;Fugitive surrender&amp;#160;: Rights and responsibilities&lt;\/a&gt;&amp;#160;\u00bb, &lt;em&gt;China Daily&lt;\/em&gt;, 12 juin 2019'><sup>43<\/sup><\/a><\/span><\/span>. En effet, si les d\u00e9bats autour des propositions se sont focalis\u00e9es sur les droits des suspects et la n\u00e9cessit\u00e9 pour Hong Kong de prot\u00e9ger leurs int\u00e9r\u00eats, ce que chacun admet \u00eatre important, G. Cross a fait remarquer que cet autre volet de la question ax\u00e9 sur la victime ne devait pas \u00eatre minimis\u00e9. En somme, Hong Kong se doit d\u2019assumer ses responsabilit\u00e9s vis-\u00e0-vis des autres juridictions dans la poursuite des criminels, sous peine d\u2019\u00e9roder la confiance dans son engagement pour la justice.<\/p>\n\n\n\n<p>Ces remarques ne font pas dispara\u00eetre les reproches de ceux qui se montrent pr\u00e9occup\u00e9s par le proc\u00e8s non-\u00e9quitable qui attendrait les fugitifs remis \u00e0 la Chine continentale, dont on soup\u00e7onne le syst\u00e8me judiciaire d\u2019\u00eatre contr\u00f4l\u00e9 par le Parti communiste et partial. Un argument avanc\u00e9 par les m\u00e9fiants m\u00e9rite particuli\u00e8rement une r\u00e9ponse&#160;: si aucun trait\u00e9 d\u2019extradition n\u2019est disponible, n\u2019est-ce pas l\u2019indicateur que le syst\u00e8me l\u00e9gal du pays requ\u00e9rant a \u00e9t\u00e9 jug\u00e9 trop peu digne de confiance pour autoriser la signature d\u2019un trait\u00e9, obligeant \u00e0 recourir \u00e0 des arrangements sp\u00e9ciaux&#160;? En contre-pied de cette remarque on a pu faire observer que si la situation pr\u00e9sente autorise la mise en place d\u2019accords de remise, c\u2019est peut-\u00eatre que des progr\u00e8s ont \u00e9t\u00e9 reconnus dans les juridictions concern\u00e9es en mati\u00e8re de respect des droits et des engagements&nbsp;<span class='whitespace-nowrap'><span id='easy-footnote-44-52834' class='easy-footnote-margin-adjust'><\/span><span class='easy-footnote'><a href='https:\/\/legrandcontinent.eu\/fr\/2019\/11\/19\/quand-lordonnance-cree-le-desordre-comprendre-la-revolte-a-hong-kong-a-partir-du-droit\/#easy-footnote-bottom-44-52834' title='Ce que semble illustrer le long intervalle, dans le cas fran\u00e7ais, entre l\u2019\u00e9tablissement d\u2019un trait\u00e9 d\u2019extradition avec la Chine et son entr\u00e9e en vigueur, \u00e9tendu afin d\u2019obtenir \u00ab&amp;#160;l\u2019ensemble des garanties jug\u00e9es n\u00e9cessaires&amp;#160;\u00bb, comme l\u2019indique le &lt;a href=&quot;http:\/\/www2.assemblee-nationale.fr\/documents\/notice\/14\/rapports\/r2668\/(index)\/rapports&quot;&gt;rapport de M. Gwenegan Bui&lt;\/a&gt; \u00e0 l\u2019Assembl\u00e9e nationale en 2015, l\u2019un des derniers travaux l\u00e9gislatifs men\u00e9s durant la p\u00e9riode en vue de la ratification, qui pr\u00e9cise que la RPC cherchant \u00e0 normaliser ses relations sur le plan juridique a tout int\u00e9r\u00eat \u00e0 respecter les termes du contrat.'><sup>44<\/sup><\/a><\/span><\/span>. Il sort du cadre du pr\u00e9sent article de d\u00e9velopper cette question, mais notons que certains juristes hongkongais ont pris la peine de montrer les am\u00e9liorations qui ont \u00e9t\u00e9 apport\u00e9es au syst\u00e8me judiciaire chinois au fil des ann\u00e9es&nbsp;<span class='whitespace-nowrap'><span id='easy-footnote-45-52834' class='easy-footnote-margin-adjust'><\/span><span class='easy-footnote'><a href='https:\/\/legrandcontinent.eu\/fr\/2019\/11\/19\/quand-lordonnance-cree-le-desordre-comprendre-la-revolte-a-hong-kong-a-partir-du-droit\/#easy-footnote-bottom-45-52834' title='&lt;br&gt;Citons par exemple de nouveau le connaisseur G. Cross (notamment ses &lt;a href=&quot;https:\/\/www.scmp.com\/comment\/insight-opinion\/article\/3009141\/opponents-hong-kongs-extradition-bill-are-blind-progress&quot;&gt;articles parus dans le &lt;em&gt;SCMP&lt;\/em&gt; du 9 mai 2019&lt;\/a&gt; et dans le &lt;a href=&quot;http:\/\/www.chinadaily.com.cn\/hkedition\/2019-06\/12\/content_37479723.htm&quot;&gt;&lt;em&gt;China Daily&lt;\/em&gt; du 12 juin 2019&lt;\/a&gt;).'><sup>45<\/sup><\/a><\/span><\/span>, dont les diff\u00e9rences avec d\u2019autres syst\u00e8mes juridiques et les imperfections encore nombreuses n\u2019impliquent pas l\u2019absence d\u2019application d\u2019une proc\u00e9dure judiciaire r\u00e9guli\u00e8re pour \u00e9tablir l\u2019innocence ou la culpabilit\u00e9.<\/p>\n\n\n\n<p>De plus, comme il a \u00e9t\u00e9 rappel\u00e9, la signature d\u2019un trait\u00e9 d\u2019extradition avec la RPC n\u2019emp\u00eache pas les pr\u00e9cautions, \u00e0 l\u2019instar de celles prises par la France sur le sujet. Les l\u00e9gislateurs ont insist\u00e9 sur les diverses protections qu\u2019assurent les mesures propos\u00e9es, \u00e0 commencer par le fait que le d\u00e9clenchement d\u2019une demande de remise ne pourrait s\u2019effectuer qu\u2019apr\u00e8s que l\u2019autorit\u00e9 ex\u00e9cutive ait pleinement consid\u00e9r\u00e9 toutes les circonstances \u2013 y compris la prise en compte du syst\u00e8me judiciaire de la juridiction requ\u00e9rante \u2013 et qu\u2019outre les conditions cadr\u00e9es et garanties pr\u00e9vues dans l\u2019arrangement au cas par cas, des limitations additionnelles pourraient \u00eatre impos\u00e9es comme conditions pr\u00e9alables \u00e0 la remise, bien qu\u2019elles ne soient pas sp\u00e9cifi\u00e9es. Si la modification du m\u00e9canisme accorde un plus grand pouvoir au chef de l\u2019ex\u00e9cutif pour activer le processus lors d\u2019une demande de remise, un tel processus d\u2019extradition reste une d\u00e9marche rare et exceptionnelle, men\u00e9e avec pr\u00e9caution. D\u2019autre part, l\u2019extension de ce pouvoir de l\u2019ex\u00e9cutif ne se fait pas au d\u00e9triment du contr\u00f4le judiciaire, comme le confirme le constitutionnaliste critique du projet A. Chen, et la RAS de Hong Kong se r\u00e9serve toujours le droit de refuser une demande de remise. Enfin, les arrangements sp\u00e9cifiques ne remplacent pas les arrangements long-terme d\u00e9j\u00e0 sign\u00e9s entre Hong Kong et d\u2019autres territoires&#160;; ils ne sont mis en \u0153uvre que si aucun autre arrangement bilat\u00e9ral n\u2019existe entre les parties concern\u00e9es.<\/p>\n\n\n\n<p>Cependant, regardant les pr\u00e9cautions \u00e0 prendre avant d\u2019exercer l\u2019autorit\u00e9 d\u2019acc\u00e9der \u00e0 une demande de remise, il est parfois avanc\u00e9 qu\u2019il peut \u00eatre difficile pour les tribunaux\u00a0 hongkongais de se prononcer sur la question de savoir si les syst\u00e8mes juridique et judiciaire du continent ob\u00e9issent suffisamment aux standards des droits humains \u00e0 satisfaire avant une extradition, d\u2019autant plus que la RPC n\u2019est pas partie prenante au <em>Pacte international relatif aux droits civils et politiques<\/em>&nbsp;<span class='whitespace-nowrap'><span id='easy-footnote-46-52834' class='easy-footnote-margin-adjust'><\/span><span class='easy-footnote'><a href='https:\/\/legrandcontinent.eu\/fr\/2019\/11\/19\/quand-lordonnance-cree-le-desordre-comprendre-la-revolte-a-hong-kong-a-partir-du-droit\/#easy-footnote-bottom-46-52834' title='&lt;a href=&quot;https:\/\/www.ohchr.org\/fr\/professionalinterest\/pages\/ccpr.aspx&quot;&gt;https:\/\/www.ohchr.org\/fr\/professionalinterest\/pages\/ccpr.aspx&lt;\/a&gt;'><sup>46<\/sup><\/a><\/span><\/span> qui pourrait \u00eatre pertinent dans les cas d\u2019extradition, selon le droit jurisprudentiel hongkongais&nbsp;<span class='whitespace-nowrap'><span id='easy-footnote-47-52834' class='easy-footnote-margin-adjust'><\/span><span class='easy-footnote'><a href='https:\/\/legrandcontinent.eu\/fr\/2019\/11\/19\/quand-lordonnance-cree-le-desordre-comprendre-la-revolte-a-hong-kong-a-partir-du-droit\/#easy-footnote-bottom-47-52834' title='Plus exactement, la Chine a sign\u00e9 le &lt;a href=&quot;https:\/\/treaties.un.org\/Pages\/ViewDetails.aspx?src=TREATY&amp;amp;mtdsg_no=IV-4&amp;amp;chapter=4&amp;amp;clang=_fr&quot;&gt;Pacte international relatif aux droits civils et politiques&lt;\/a&gt; le 5 octobre 1998 mais ne l\u2019a pas ratifi\u00e9.'><sup>47<\/sup><\/a><\/span><\/span>. De m\u00eame, des observateurs minimisent le bien-fond\u00e9 de la proposition d\u2019amendement ou ses protections en mati\u00e8re des droits humains en affirmant que ces derni\u00e8res ann\u00e9es, la garantie juridique ne semble plus assur\u00e9e \u00e0 Hong Kong&nbsp;<span class='whitespace-nowrap'><span id='easy-footnote-48-52834' class='easy-footnote-margin-adjust'><\/span><span class='easy-footnote'><a href='https:\/\/legrandcontinent.eu\/fr\/2019\/11\/19\/quand-lordonnance-cree-le-desordre-comprendre-la-revolte-a-hong-kong-a-partir-du-droit\/#easy-footnote-bottom-48-52834' title='&lt;em&gt;Op. cit&lt;\/em&gt;., &lt;a href=&quot;https:\/\/www.la-croix.com\/Monde\/Asie-et-Oceanie\/A-Hong-Kong-inquietant-projet-loi-dextradition-vers-Chine-2019-06-07-1201027483&quot;&gt;&lt;em&gt;La Croix&lt;\/em&gt;&lt;\/a&gt;, 7 juin 2019&lt;em&gt;.&lt;\/em&gt;'><sup>48<\/sup><\/a><\/span><\/span>. Et pourtant, c\u2019est d\u00e9sormais la justice hongkongaise qui d\u00e9cidera d\u2019approuver ou non la remise d\u2019un fugitif, c\u2019est-\u00e0-dire un syst\u00e8me habituellement jug\u00e9 digne de confiance&nbsp;<span class='whitespace-nowrap'><span id='easy-footnote-49-52834' class='easy-footnote-margin-adjust'><\/span><span class='easy-footnote'><a href='https:\/\/legrandcontinent.eu\/fr\/2019\/11\/19\/quand-lordonnance-cree-le-desordre-comprendre-la-revolte-a-hong-kong-a-partir-du-droit\/#easy-footnote-bottom-49-52834' title='Dans un article par ailleurs tr\u00e8s critique du gouvernement de P\u00e9kin, le &lt;em&gt;New York Times&lt;\/em&gt; reconna\u00eet par exemple que \u00ab&amp;#160;Hong Kong\u2019s judiciary is one of the most deeply respected of local institutions, prized for its independence&amp;#160;\u00bb et que la plupart des observateurs estiment que les tribunaux de Hong Kong restent ind\u00e9pendants. &lt;em&gt;Cf. &lt;\/em&gt;Ramzy Austin, \u00ab&amp;#160;&lt;a href=&quot;https:\/\/www.nytimes.com\/2019\/07\/01\/world\/asia\/hong-kong-china-handover.html&quot;&gt;On Hong Kong Handover Anniversary, Many Fear Loss of Freedoms\u00a0&lt;\/a&gt;&amp;#160;\u00bb, &lt;em&gt;NYT&lt;\/em&gt;, 1&lt;sup&gt;er&lt;\/sup&gt; juillet 2019'><sup>49<\/sup><\/a><\/span><\/span> et d\u2019ailleurs plut\u00f4t bien class\u00e9 en termes d\u2019ind\u00e9pendance judiciaire par le Forum \u00e9conomique mondial&nbsp;<span class='whitespace-nowrap'><span id='easy-footnote-50-52834' class='easy-footnote-margin-adjust'><\/span><span class='easy-footnote'><a href='https:\/\/legrandcontinent.eu\/fr\/2019\/11\/19\/quand-lordonnance-cree-le-desordre-comprendre-la-revolte-a-hong-kong-a-partir-du-droit\/#easy-footnote-bottom-50-52834' title='&lt;a href=&quot;http:\/\/reports.weforum.org\/pdf\/gci-2017-2018-scorecard\/WEF_GCI_2017_2018_Scorecard_EOSQ144.pdf&quot;&gt;http:\/\/reports.weforum.org\/pdf\/gci-2017-2018-scorecard\/WEF_GCI_2017_2018_Scorecard_EOSQ144.pdf&lt;\/a&gt;'><sup>50<\/sup><\/a><\/span><\/span>, se situant en 13<sup>e<\/sup> position devant la Belgique (20<sup>e<\/sup>), l\u2019Allemagne (24<sup>e<\/sup>), la France (28<sup>e<\/sup>) et m\u00eame Ta\u00efwan (48<sup>e<\/sup>), laquelle se trouve presque au m\u00eame niveau que la Chine continentale (46<sup>e<\/sup>). Il peut donc para\u00eetre surprenant que cette confiance lui soit soudainement \u00f4t\u00e9e quant \u00e0 sa capacit\u00e9 \u00e0 d\u00e9terminer la justesse d\u2019une demande de remise.<\/p>\n\n\n\n\n\n<figure class=\"wp-block-image wp-block-image-full\"\n    data-shadow=\"false\"\n    data-use-original-file=\"false\">\n    <a\n        data-pswp-src=\"https:\/\/legrandcontinent.eu\/fr\/wp-content\/uploads\/sites\/2\/2019\/11\/Hong-Kong-de-nuit-lumie\u0300res.jpg\"\n        class=\"inline-block gallery-item no-underline \"\n        data-pswp-width=\"1620\"\n        data-pswp-height=\"1080\">\n                                        <picture>\r\n                    <source\r\n                srcset=\"https:\/\/legrandcontinent.eu\/fr\/wp-content\/uploads\/sites\/2\/2019\/11\/Hong-Kong-de-nuit-lumie\u0300res-330x220.jpg\"\r\n                media=\"(max-width:  330px)\" \/>\r\n                    <source\r\n                srcset=\"https:\/\/legrandcontinent.eu\/fr\/wp-content\/uploads\/sites\/2\/2019\/11\/Hong-Kong-de-nuit-lumie\u0300res-690x460.jpg\"\r\n                media=\"(max-width:  690px)\" \/>\r\n                    <source\r\n                srcset=\"https:\/\/legrandcontinent.eu\/fr\/wp-content\/uploads\/sites\/2\/2019\/11\/Hong-Kong-de-nuit-lumie\u0300res-990x660.jpg\"\r\n                media=\"(max-width:  990px)\" \/>\r\n                    <source\r\n                srcset=\"https:\/\/legrandcontinent.eu\/fr\/wp-content\/uploads\/sites\/2\/2019\/11\/Hong-Kong-de-nuit-lumie\u0300res-1340x893.jpg\"\r\n                media=\"(max-width: 1340px)\" \/>\r\n                    <source\r\n                srcset=\"https:\/\/legrandcontinent.eu\/fr\/wp-content\/uploads\/sites\/2\/2019\/11\/Hong-Kong-de-nuit-lumie\u0300res-1600x1067.jpg\"\r\n                media=\"(max-width: 1600px)\" \/>\r\n                    <source\r\n                srcset=\"https:\/\/legrandcontinent.eu\/fr\/wp-content\/uploads\/sites\/2\/2019\/11\/Hong-Kong-de-nuit-lumie\u0300res.jpg\"\r\n                media=\"(min-width: 1601px)\" \/>\r\n                <img decoding=\"async\" src=\"https:\/\/legrandcontinent.eu\/fr\/wp-content\/uploads\/sites\/2\/2019\/11\/Hong-Kong-de-nuit-lumie\u0300res-125x83.jpg\" \/>\r\n        <\/picture>\r\n                            \n            <\/a>\n<\/figure>\n\n\n<p>Au vu de ces \u00e9l\u00e9ments, l\u2019ampleur de la contestation populaire \u00e0 l\u2019\u00e9gard d\u2019un projet de loi qui ne concerne pas le citoyen lambda et qui semble apporter les garanties exigibles en mati\u00e8re de protection des droits humains, peut surprendre. Pour mieux saisir les enjeux plus profonds de ces mouvements de protestation, il faut les resituer dans le contexte politique. Ainsi, des arguments contre les ordonnances li\u00e9s aux relations de pouvoir entre les diverses entit\u00e9s politiques chinoises paraissent plus \u00e9tay\u00e9s et d\u00e9fendables que la simple affirmation d\u2019une libert\u00e9 d\u2019expression menac\u00e9e, en particulier celui qui relativise la possibilit\u00e9 pour la RAS de Hong Kong de refuser une demande qui \u00e9manerait du continent.<\/p>\n\n\n\n<p>D\u2019aucuns ont insist\u00e9 sur ce fait que l\u2019extradition constitue un droit que se r\u00e9servent les autorit\u00e9s hongkongaises, ce qui implique la possibilit\u00e9 de rejeter une demande de remise d\u2019une personne, notamment d\u2019un ressortissant de la R\u00e9publique populaire de Chine, ajoutant qu\u2019en cas d\u2019extradition, il reste la possibilit\u00e9 de faire appel si l\u2019extrad\u00e9(e) estime ses droits humains menac\u00e9s. Mais A. Chen explique qu\u2019\u00e9tant donn\u00e9 que le gouvernement r\u00e9gional sp\u00e9cial de Hong Kong est nomm\u00e9 par le gouvernement central \u00e0 P\u00e9kin&nbsp;<span class='whitespace-nowrap'><span id='easy-footnote-51-52834' class='easy-footnote-margin-adjust'><\/span><span class='easy-footnote'><a href='https:\/\/legrandcontinent.eu\/fr\/2019\/11\/19\/quand-lordonnance-cree-le-desordre-comprendre-la-revolte-a-hong-kong-a-partir-du-droit\/#easy-footnote-bottom-51-52834' title='La formule est un raccourci un peu trompeur&amp;#160;: certes, le processus \u00e9lectoral reste insuffisamment d\u00e9mocratique et on est loin du suffrage universel attendu par une partie de la population, mais \u00e0 strictement parler, le chef de l\u2019ex\u00e9cutif de HK n\u2019est pas simplement nomm\u00e9 par le gouvernement de P\u00e9kin. Dans le cadre de la r\u00e9forme appliqu\u00e9e \u00e0 partir de 2017, Carrie Lam a \u00e9t\u00e9 s\u00e9lectionn\u00e9e par le gouvernement central comme candidate, avec la signature d\u2019un d\u00e9cret du Conseil des Affaires d\u2019\u00c9tat, qui a d\u00fb l\u2019investir avant son entr\u00e9e en fonction mais apr\u00e8s son \u00e9lection (parmi un groupe restreint d\u2019autres candidats) par un coll\u00e8ge \u00e9lectoral de 1200 \u00e9lecteurs (constitu\u00e9 de citoyen priv\u00e9s et de groupes d\u2019int\u00e9r\u00eat sp\u00e9ciaux, choisis ou \u00e9lus dans 28 circonscriptions fonctionnelles), conform\u00e9ment \u00e0 la Loi fondamentale de Hong Kong.'><sup>51<\/sup><\/a><\/span><\/span> et constitutionnellement subordonn\u00e9 \u00e0 lui, on peut douter que l\u2019autorit\u00e9 ex\u00e9cutive de Hong Kong puisse v\u00e9ritablement rejeter une demande d\u2019extradition de la part des autorit\u00e9s p\u00e9kinoises qui sont conformes \u00e0 l\u2019ordonnance et au projet de loi en mati\u00e8re de fugitifs.<\/p>\n\n\n\n<p>Par cons\u00e9quent, en ce qui concerne la Chine continentale, l\u2019adoption dans le projet d\u2019arrangements d\u2019extradition temporaires ne serait pas diff\u00e9rente de la formulation d\u2019accords d\u2019extradition \u00e0 long terme qui sont g\u00e9n\u00e9ralement applicables&nbsp;<span class='whitespace-nowrap'><span id='easy-footnote-52-52834' class='easy-footnote-margin-adjust'><\/span><span class='easy-footnote'><a href='https:\/\/legrandcontinent.eu\/fr\/2019\/11\/19\/quand-lordonnance-cree-le-desordre-comprendre-la-revolte-a-hong-kong-a-partir-du-droit\/#easy-footnote-bottom-52-52834' title='&lt;em&gt;Op. cit&lt;\/em&gt;., Albert Chen (&lt;em&gt;Verfassungsblog&lt;\/em&gt;, 19 juin 2019)'><sup>52<\/sup><\/a><\/span><\/span>, mais sans en pr\u00e9senter le m\u00eame niveau de garanties. En outre, si \u00ab&#160;les bonnes relations \u00e9tablies entre [\u2026] deux pays, le respect de la parole donn\u00e9e et la vigilance du [minist\u00e8re des Affaires \u00e9trang\u00e8res], notamment par l\u2019interm\u00e9diaire de[s] ambassades, comptent pour beaucoup dans la bonne application du texte&#160;\u00bb&nbsp;<span class='whitespace-nowrap'><span id='easy-footnote-53-52834' class='easy-footnote-margin-adjust'><\/span><span class='easy-footnote'><a href='https:\/\/legrandcontinent.eu\/fr\/2019\/11\/19\/quand-lordonnance-cree-le-desordre-comprendre-la-revolte-a-hong-kong-a-partir-du-droit\/#easy-footnote-bottom-53-52834' title='Comme il est ressorti de l\u2019examen en commission du projet de loi autorisant la ratification du trait\u00e9 d\u2019extradition entre la R\u00e9publique fran\u00e7aise et la R\u00e9publique populaire de Chine (&lt;em&gt;op. cit&lt;\/em&gt;., &lt;a href=&quot;http:\/\/www2.assemblee-nationale.fr\/documents\/notice\/14\/rapports\/r2668\/(index)\/rapports&quot;&gt;rapport de M. Gwenegan Bui&lt;\/a&gt;).'><sup>53<\/sup><\/a><\/span><\/span>, en revanche dans le cadre du rapport de forces entre la RAS de Hong Kong et la Chine continentale il est moins assur\u00e9 que pr\u00e9domine une telle volont\u00e9 de s\u2019en tenir \u00e0 la lettre de la loi et plus difficile de s\u2019assurer que les droits, apr\u00e8s extradition, seront effectivement respect\u00e9s.<\/p>\n\n\n\n<p>Ces critiques montrent de nouveau que la crainte demeure d\u2019un usage par le chef de l\u2019ex\u00e9cutif de son pouvoir discr\u00e9tionnaire sous la pression des autorit\u00e9s de P\u00e9kin qui formuleraient une demande de remise, confirmant la d\u00e9fiance vis-\u00e0-vis du gouvernement et de son libre arbitre. Mais elles n\u00e9gligent \u00e9galement le r\u00f4le nouveau du judiciaire dans le processus de validation, ou impliquent soit que dysfonctionne le m\u00e9canisme de s\u00e9paration des fonctions et des responsabilit\u00e9s entre l\u2019ex\u00e9cutif et le judiciaire, soit que celui-ci n\u2019est pas suffisamment fiable, malgr\u00e9 la reconnaissance g\u00e9n\u00e9rale de son ind\u00e9pendance. Dans tous les cas, une si forte opposition indique que c\u2019est au premier chef une profonde crise de confiance que doivent r\u00e9soudre les autorit\u00e9s chinoises.<\/p>\n\n\n\n\n\n<figure class=\"wp-block-image wp-block-image-full\"\n    data-shadow=\"false\"\n    data-use-original-file=\"false\">\n    <a\n        data-pswp-src=\"https:\/\/legrandcontinent.eu\/fr\/wp-content\/uploads\/sites\/2\/2019\/11\/multi-colored-building-2554726-scaled-e1574097480270.jpg\"\n        class=\"inline-block gallery-item no-underline \"\n        data-pswp-width=\"2560\"\n        data-pswp-height=\"819\">\n                                        <picture>\r\n                    <source\r\n                srcset=\"https:\/\/legrandcontinent.eu\/fr\/wp-content\/uploads\/sites\/2\/2019\/11\/multi-colored-building-2554726-scaled-e1574097480270-330x106.jpg\"\r\n                media=\"(max-width:  330px)\" \/>\r\n                    <source\r\n                srcset=\"https:\/\/legrandcontinent.eu\/fr\/wp-content\/uploads\/sites\/2\/2019\/11\/multi-colored-building-2554726-scaled-e1574097480270-690x221.jpg\"\r\n                media=\"(max-width:  690px)\" \/>\r\n                    <source\r\n                srcset=\"https:\/\/legrandcontinent.eu\/fr\/wp-content\/uploads\/sites\/2\/2019\/11\/multi-colored-building-2554726-scaled-e1574097480270-990x317.jpg\"\r\n                media=\"(max-width:  990px)\" \/>\r\n                    <source\r\n                srcset=\"https:\/\/legrandcontinent.eu\/fr\/wp-content\/uploads\/sites\/2\/2019\/11\/multi-colored-building-2554726-scaled-e1574097480270-1340x429.jpg\"\r\n                media=\"(max-width: 1340px)\" \/>\r\n                    <source\r\n                srcset=\"https:\/\/legrandcontinent.eu\/fr\/wp-content\/uploads\/sites\/2\/2019\/11\/multi-colored-building-2554726-scaled-e1574097480270-1600x512.jpg\"\r\n                media=\"(max-width: 1600px)\" \/>\r\n                    <source\r\n                srcset=\"https:\/\/legrandcontinent.eu\/fr\/wp-content\/uploads\/sites\/2\/2019\/11\/multi-colored-building-2554726-scaled-e1574097480270-1920x614.jpg\"\r\n                media=\"(min-width: 1601px)\" \/>\r\n                <img decoding=\"async\" alt=\"\u00c9lise Launay Le Grand Continent\" src=\"https:\/\/legrandcontinent.eu\/fr\/wp-content\/uploads\/sites\/2\/2019\/11\/multi-colored-building-2554726-scaled-e1574097480270-125x40.jpg\" \/>\r\n        <\/picture>\r\n                            \n            <\/a>\n<\/figure>\n\n\n<h3 class=\"wp-block-heading\"><strong>Remplir le vide autrement&#160;?<\/strong><\/h3>\n\n\n\n<p>Devant la persistance de la r\u00e9sistance au projet de loi, ne serait-il pas plus salutaire de prendre en consid\u00e9ration certaines propositions alternatives, en particulier en ce qui concerne la relation entre Hong Kong et le continent, pour d\u00e9samorcer les tensions inutiles&#160;? \u00c9tant donn\u00e9 qu\u2019il est d\u00e9j\u00e0 trop tard pour l\u2019affaire Chen Tong-kai et qu\u2019il n\u2019y a plus d\u2019urgence \u00e0 parvenir \u00e0 un vote de l\u2019amendement des ordonnances le concernant&nbsp;<span class='whitespace-nowrap'><span id='easy-footnote-54-52834' class='easy-footnote-margin-adjust'><\/span><span class='easy-footnote'><a href='https:\/\/legrandcontinent.eu\/fr\/2019\/11\/19\/quand-lordonnance-cree-le-desordre-comprendre-la-revolte-a-hong-kong-a-partir-du-droit\/#easy-footnote-bottom-54-52834' title='&lt;br&gt;Le LegCo avait indiqu\u00e9 devoir trouver un consensus avant d\u00e9but juillet pour que l\u2019affaire puisse \u00eatre trait\u00e9e. Cependant, les autorit\u00e9s ta\u00efwanaises avaient d\u00e9clar\u00e9 d\u00e8s le 9 mai 2019 vouloir renoncer \u00e0 r\u00e9cup\u00e9rer le meurtrier pr\u00e9sum\u00e9 si la remise devait se faire dans le cadre de la nouvelle loi propos\u00e9e, pr\u00e9f\u00e9rant exprimer leur sympathie pour l\u2019opposition populaire. Ce qu\u2019avait confirm\u00e9 la pr\u00e9sidente Tsai Ing-wen\u8521\u82f1\u6587 le 13 juin 2019, et ce qui avait fait tomber l\u2019argument de l\u2019urgence \u00e0 agir parfois brandi pour faire acc\u00e9l\u00e9rer l\u2019adoption du projet de loi. &lt;em&gt;Cf.\u00a0&lt;\/em&gt;&lt;a href=&quot;https:\/\/www.mac.gov.tw\/cp.aspx?n=9CA780D737FE8017\/&quot;&gt;https:\/\/www.mac.gov.tw\/cp.aspx?n=9CA780D737FE8017&lt;\/a&gt;. Cependant, il peut \u00eatre not\u00e9 qu\u2019en-dehors de l\u2019homicide de 2018 \u00e0 Ta\u00efwan, quatre autres demandes de remise de fugitifs ne peuvent \u00eatre trait\u00e9es pour l\u2019heure en vertu de la l\u00e9gislation en vigueur \u00e0 Hong Kong. Voir la &lt;a href=&quot;https:\/\/www.legco.gov.hk\/yr18-19\/english\/rescindedbc\/b201903291\/papers\/b20190329120190417cb2-1236-2-e.pdf&quot;&gt;Note d\u2019information \u00e9tablie par le Secr\u00e9tariat du Conseil l\u00e9gislatif&lt;\/a&gt; page 5.'><sup>54<\/sup><\/a><\/span><\/span>, il semble y avoir tout int\u00e9r\u00eat pour l\u2019ex\u00e9cutif hongkongais \u00e0 adopter une attitude consensuelle et \u00e0 mettre \u00e0 profit la suspension du processus l\u00e9gislatif pour rechercher de meilleures options permettant \u00e0 l\u2019avenir de r\u00e9soudre les affaires en suspens dans de bonnes conditions. Par exemple celle du conseiller l\u00e9gislatif Michael Tien qui a sugg\u00e9r\u00e9 que Hong Kong n\u2019extrade aucun de ses r\u00e9sidents vers la Chine continentale mais les poursuive en justice elle-m\u00eame, comme la partie requ\u00e9rante est g\u00e9n\u00e9ralement autoris\u00e9e \u00e0 l\u2019exiger dans le cadre d\u2019un trait\u00e9 d\u2019extradition si Hong Kong refuse d\u2019acc\u00e9der \u00e0 la demande du pays d\u2019extrader un ressortissant chinois&nbsp;<span class='whitespace-nowrap'><span id='easy-footnote-55-52834' class='easy-footnote-margin-adjust'><\/span><span class='easy-footnote'><a href='https:\/\/legrandcontinent.eu\/fr\/2019\/11\/19\/quand-lordonnance-cree-le-desordre-comprendre-la-revolte-a-hong-kong-a-partir-du-droit\/#easy-footnote-bottom-55-52834' title='&lt;em&gt;Op.\u00a0cit&lt;\/em&gt;., A. Chen'><sup>55<\/sup><\/a><\/span><\/span>.\u00a0De fait, la dissociation du cas de la Chine continentale d\u2019avec les autres parties de la RPC, bien qu\u2019obligeant \u00e0 poursuivre une l\u00e9gislation nouvelle ou des n\u00e9gociations s\u00e9par\u00e9es jusqu\u2019ici infructueuses autour d\u2019un vrai trait\u00e9 d\u2019extradition, pourrait s\u2019av\u00e9rer un bon point de d\u00e9part dans l\u2019optique d\u2019apaiser la crise.<\/p>\n\n\n\n<p>Cependant, la consid\u00e9ration du fond de l\u2019opposition rend plus pessimiste la perspective d\u2019une r\u00e9solution facile du conflit. En effet, son durcissement depuis la suspension du texte pol\u00e9mique et ses revendications\u00a0\u2013 retrait d\u00e9finitif du projet, exigence de la d\u00e9mission de Carrie Lam\u2026 \u2013 semblent signaler que le projet de loi \u00e9tait surtout pr\u00e9texte \u00e0 un retour des attaques contre un gouvernement pr\u00e9sent\u00e9 comme trop favorable aux autorit\u00e9s d\u00e9cri\u00e9es de P\u00e9kin, qui refuse d\u2019accorder les libert\u00e9s politiques r\u00e9clam\u00e9es voire qui les \u00e9rode&nbsp;<span class='whitespace-nowrap'><span id='easy-footnote-56-52834' class='easy-footnote-margin-adjust'><\/span><span class='easy-footnote'><a href='https:\/\/legrandcontinent.eu\/fr\/2019\/11\/19\/quand-lordonnance-cree-le-desordre-comprendre-la-revolte-a-hong-kong-a-partir-du-droit\/#easy-footnote-bottom-56-52834' title='Les observateurs \u00e9trangers rapportent que les Hongkongais protestent contre ce qu\u2019ils per\u00e7oivent comme une \u00ab&amp;#160;&lt;em&gt;creeping tyranny from a powerful threat&lt;\/em&gt;&amp;#160;\u00bb, au point que pour marquer leur m\u00e9fiance envers la suppos\u00e9e omnipotence des autorit\u00e9s de la Chine continentale, les manifestants ont privil\u00e9gi\u00e9 le paiement non \u00e9lectronique par crainte d\u2019\u00eatre trac\u00e9s (&lt;em&gt;cf. &lt;\/em&gt;O\u2019Sullivan Andrea, \u00ab&amp;#160;&lt;a href=&quot;https:\/\/reason.com\/2019\/07\/02\/hong-kong-protests-show-dangers-of-a-cashless-society\/&quot;&gt;Hong Kong Protests Show Dangers of a Cashless Society\u00a0&lt;\/a&gt;&amp;#160;\u00bb, Reason, 2 juillet 2019).'><sup>56<\/sup><\/a><\/span><\/span>, avec une cheffe de l\u2019ex\u00e9cutif que d\u00e9l\u00e9gitime aux yeux de ses opposants la proc\u00e9dure \u00e9lectorale qui l\u2019a conduite \u00e0 ses fonctions&nbsp;<span class='whitespace-nowrap'><span id='easy-footnote-57-52834' class='easy-footnote-margin-adjust'><\/span><span class='easy-footnote'><a href='https:\/\/legrandcontinent.eu\/fr\/2019\/11\/19\/quand-lordonnance-cree-le-desordre-comprendre-la-revolte-a-hong-kong-a-partir-du-droit\/#easy-footnote-bottom-57-52834' title='Pour un rappel de la r\u00e9forme \u00e9lectorale institu\u00e9e pour l\u2019\u00e9lection 2017 du chef de l\u2019ex\u00e9cutif, dont le projet \u00e9tait \u00e0 l\u2019origine du mouvement contestataire de 2014, voir l\u2019article \u00ab&amp;#160;&lt;a href=&quot;https:\/\/en.wikipedia.org\/wiki\/2014_NPCSC_Decision_on_Hong_Kong&quot;&gt;2014 NPCSC Decision on Hong Kong\u00a0&lt;\/a&gt;&amp;#160;\u00bb'><sup>57<\/sup><\/a><\/span><\/span>. Dans ces conditions s\u2019envisage mal non seulement la signature \u00e0 court ou moyen terme d\u2019un accord en mati\u00e8re judiciaire entre les deux rives mais aussi et d\u2019abord la satisfaction du camp \u00ab&#160;pro-d\u00e9mocratie&#160;\u00bb ou \u00ab&#160;anti-P\u00e9kin&#160;\u00bb, qui est appel\u00e9 \u00e0 poursuivre d\u2019une mani\u00e8re ou d\u2019une autre son activit\u00e9 politique tant que ne sont pas atteints ses objectifs.<\/p>\n\n\n\n<p>Ainsi, malgr\u00e9 la r\u00e9probation d\u2019une partie de la population vis-\u00e0-vis des m\u00e9thodes violentes r\u00e9cemment adopt\u00e9es par de jeunes manifestants qui se disent oblig\u00e9s d\u2019en passer par la radicalisation pour se faire entendre&nbsp;<span class='whitespace-nowrap'><span id='easy-footnote-58-52834' class='easy-footnote-margin-adjust'><\/span><span class='easy-footnote'><a href='https:\/\/legrandcontinent.eu\/fr\/2019\/11\/19\/quand-lordonnance-cree-le-desordre-comprendre-la-revolte-a-hong-kong-a-partir-du-droit\/#easy-footnote-bottom-58-52834' title='Au point que des dizaines de milliers de Hongkongais ont manifest\u00e9 le 30 juin dernier pour soutenir la police. (\u00ab&amp;#160;&lt;a href=&quot;https:\/\/www.lexpress.fr\/actualites\/1\/monde\/on-n-a-pas-le-choix-a-hong-kong-des-jeunes-prets-a-tout-pour-se-faire-entendre_2087271.html&quot;&gt;\u201cOn n\u2019a pas le choix\u201d&amp;#160;: \u00e0 Hong Kong, des jeunes pr\u00eats \u00e0 tout pour se faire entendre\u00a0&lt;\/a&gt;&amp;#160;\u00bb, &lt;em&gt;L\u2019Express&lt;\/em&gt;, 1&lt;sup&gt;er&lt;\/sup&gt;\u00a0juillet\u00a02019)'><sup>58<\/sup><\/a><\/span><\/span>, il n\u2019est pas certain que les jeunes Hongkongais gris\u00e9s par le coup de projecteurs que les opposants ont attir\u00e9 sur leur territoire insulaire&nbsp;<span class='whitespace-nowrap'><span id='easy-footnote-59-52834' class='easy-footnote-margin-adjust'><\/span><span class='easy-footnote'><a href='https:\/\/legrandcontinent.eu\/fr\/2019\/11\/19\/quand-lordonnance-cree-le-desordre-comprendre-la-revolte-a-hong-kong-a-partir-du-droit\/#easy-footnote-bottom-59-52834' title='Par exemple, cherchant \u00e0 obtenir une attention internationale, Martin Lee Chu-ming\u674e\u67f1\u9298, le fondateur du Parti d\u00e9mocratique de Hong Kong et membre du Conseil l\u00e9gislatif de la RAS HK, a dirig\u00e9 une d\u00e9l\u00e9gation qui s\u2019est rendue le 14 mai 2019 \u00e0 la Fondation nationale pour la d\u00e9mocratie (NED) \u00e0 Washington pour faire un discours sur le projet de loi et solliciter le soutien am\u00e9ricain aupr\u00e8s du secr\u00e9taire d\u2019\u00c9tat Pompeo. Parmi les quatre membres de la d\u00e9l\u00e9gation se trouvait Mak Yan-ting\u9ea6\u71d5\u5ead ancienne pr\u00e9sidente de l\u2019Association des journalistes de Hong Kong et &lt;a href=&quot;http:\/\/cn.rfi.fr\/auteur\/%E9%A6%99%E6%B8%AF%E7%89%B9%E7%BA%A6%E8%AE%B0%E8%80%85-%E9%BA%A6%E7%87%95%E5%BA%AD\/&quot;&gt;correspondante sp\u00e9ciale pour RFI&lt;\/a&gt;. &lt;em&gt;Cf&lt;\/em&gt;. Zhang Fujie\u5f20\u5bcc\u6770, \u00ab&amp;#160;&lt;a href=&quot;https:\/\/www.voachinese.com\/a\/hong-kong-cantonese-report-20190514\/4917953.html&quot;&gt;\u9999\u6e2f\u6c11\u4e3b\u6d3e\u547c\u5401\u7f8e\u56fd\u5b9e\u9645\u884c\u52a8\u660e\u786e\u65bd\u538b\u53cd\u5bf9\u4fee\u8ba2\u300a\u9003\u72af\u6761\u4f8b\u300b&lt;\/a&gt; [Les d\u00e9mocrates de Hong Kong demandent aux \u00c9tats-Unis de prendre des mesures concr\u00e8tes contre la modification de l\u2019Ordonnance sur les d\u00e9linquants fugitifs]&amp;#160;\u00bb, Voice of America (VOA), 15 mai 2019. Il n\u2019est pas certain qu\u2019ils aient obtenu l\u2019effet escompt\u00e9 en pr\u00e9f\u00e9rant l\u2019ing\u00e9rence am\u00e9ricaine \u00e0 la \u00ab&amp;#160;mainmise de P\u00e9kin&amp;#160;\u00bb, consid\u00e9rant les menaces des \u00c9tats-Unis \u00e0 l\u2019encontre du statut douanier privil\u00e9gi\u00e9 de Hong Kong (qui a rendu l\u2019\u00eele jusqu\u2019ici attractive). Les critiques ne croyaient pas si bien dire lorsqu\u2019ils affirmaient que la proposition l\u00e9gislative aurait des implications n\u00e9gatives sur la position de Hong Kong comme hub commercial r\u00e9gional.\u00a0&lt;em&gt;Cf.&lt;\/em&gt;\u00a0\u00ab&amp;#160;&lt;a href=&quot;https:\/\/fr.sputniknews.com\/international\/201905301041291023-chine-riposte-menace-sanctions-hong-kong\/&quot;&gt;La Chine riposte \u00e0 la menace des USA d\u2019infliger des sanctions \u00e0 Hong Kong&lt;\/a&gt;&amp;#160;\u00bb, &lt;em&gt;Sputnik&lt;\/em&gt;, 30 mai 2019.'><sup>59<\/sup><\/a><\/span><\/span> et les manifestations de soutien en provenance de l\u2019\u00e9tranger&nbsp;<span class='whitespace-nowrap'><span id='easy-footnote-60-52834' class='easy-footnote-margin-adjust'><\/span><span class='easy-footnote'><a href='https:\/\/legrandcontinent.eu\/fr\/2019\/11\/19\/quand-lordonnance-cree-le-desordre-comprendre-la-revolte-a-hong-kong-a-partir-du-droit\/#easy-footnote-bottom-60-52834' title='\u00ab&amp;#160;&lt;a href=&quot;https:\/\/www.tadc.ca\/global-rally-against-extradition-to-china\/&quot;&gt;Global Rally Against Extradition to China \u5168\u7403\u53cd\u9001\u4e2d\u904a\u884c&lt;\/a&gt;&amp;#160;\u00bb, Toronto Association for Democracy in China, 7 juin 2019.'><sup>60<\/sup><\/a><\/span><\/span>, optent pour le retour au calme.<\/p>\n","protected":false},"excerpt":{"rendered":"<p>\u00c0 contre-courant des pr\u00e9sentations habituelles ax\u00e9es sur les consid\u00e9rations g\u00e9opolitiques, \u00c9lise Launay pr\u00e9sente l\u2019approche juridique de la question hongkongaise rapportant la voix des l\u00e9gislateurs et des juristes.<\/p>\n","protected":false},"author":10,"featured_media":52826,"comment_status":"closed","ping_status":"closed","sticky":false,"template":"templates\/post-angles.php","format":"standard","meta":{"_acf_changed":false,"_trash_the_other_posts":false,"_yoast_wpseo_estimated-reading-time-minutes":0,"footnotes":""},"categories":[1935],"tags":[],"staff":[2015],"editorial_format":[],"serie":[],"audience":[],"geo":[531],"class_list":["post-52834","post","type-post","status-publish","format-standard","hentry","category-droit","staff-elise-launay","geo-chine"],"acf":{"open_in_webview":false,"accent":false,"_thumbnail_id":52826,"excerpt":"\u00c0 contre-courant des pr\u00e9sentations habituelles ax\u00e9es sur les consid\u00e9rations g\u00e9opolitiques, \u00c9lise Launay pr\u00e9sente l\u2019approche juridique de la question hongkongaise rapportant la voix des l\u00e9gislateurs et des juristes.\r\n","display_date":"","new_abstract":true},"yoast_head":"<!-- This site is optimized with the Yoast SEO plugin v26.1.1 - https:\/\/yoast.com\/wordpress\/plugins\/seo\/ -->\n<title>Quand l&#039;ordonnance cr\u00e9e le d\u00e9sordre. Comprendre la r\u00e9volte \u00e0 Hong Kong \u00e0 partir du droit | Le Grand Continent<\/title>\n<meta name=\"robots\" content=\"index, follow, max-snippet:-1, max-image-preview:large, max-video-preview:-1\" \/>\n<link rel=\"canonical\" href=\"https:\/\/legrandcontinent.eu\/fr\/2019\/11\/19\/quand-lordonnance-cree-le-desordre-comprendre-la-revolte-a-hong-kong-a-partir-du-droit\/\" \/>\n<meta property=\"og:locale\" content=\"fr_FR\" \/>\n<meta property=\"og:type\" content=\"article\" \/>\n<meta property=\"og:title\" content=\"Quand l&#039;ordonnance cr\u00e9e le d\u00e9sordre. Comprendre la r\u00e9volte \u00e0 Hong Kong \u00e0 partir du droit | Le Grand Continent\" \/>\n<meta property=\"og:description\" content=\"\u00c0 contre-courant des pr\u00e9sentations habituelles ax\u00e9es sur les consid\u00e9rations g\u00e9opolitiques, \u00c9lise Launay pr\u00e9sente l\u2019approche juridique de la question hongkongaise rapportant la voix des l\u00e9gislateurs et des juristes.\" \/>\n<meta property=\"og:url\" content=\"https:\/\/legrandcontinent.eu\/fr\/2019\/11\/19\/quand-lordonnance-cree-le-desordre-comprendre-la-revolte-a-hong-kong-a-partir-du-droit\/\" \/>\n<meta property=\"og:site_name\" content=\"Le Grand Continent\" \/>\n<meta property=\"article:published_time\" content=\"2019-11-19T06:00:00+00:00\" \/>\n<meta property=\"og:image\" content=\"https:\/\/legrandcontinent.eu\/fr\/wp-content\/uploads\/sites\/2\/2019\/11\/multi-colored-building-2554726-scaled-e1574097480270.jpg\" \/>\n\t<meta property=\"og:image:width\" content=\"2560\" \/>\n\t<meta property=\"og:image:height\" content=\"819\" \/>\n\t<meta property=\"og:image:type\" content=\"image\/jpeg\" \/>\n<meta name=\"author\" content=\"Matheo Malik\" \/>\n<meta name=\"twitter:card\" content=\"summary_large_image\" \/>\n<meta name=\"twitter:label1\" content=\"\u00c9crit par\" \/>\n\t<meta name=\"twitter:data1\" content=\"Matheo Malik\" \/>\n\t<meta name=\"twitter:label2\" content=\"Dur\u00e9e de lecture estim\u00e9e\" \/>\n\t<meta name=\"twitter:data2\" content=\"41 minutes\" \/>\n<script type=\"application\/ld+json\" class=\"yoast-schema-graph\">{\"@context\":\"https:\/\/schema.org\",\"@graph\":[{\"@type\":\"WebPage\",\"@id\":\"https:\/\/legrandcontinent.eu\/fr\/2019\/11\/19\/quand-lordonnance-cree-le-desordre-comprendre-la-revolte-a-hong-kong-a-partir-du-droit\/\",\"url\":\"https:\/\/legrandcontinent.eu\/fr\/2019\/11\/19\/quand-lordonnance-cree-le-desordre-comprendre-la-revolte-a-hong-kong-a-partir-du-droit\/\",\"name\":\"Quand l'ordonnance cr\u00e9e le d\u00e9sordre. Comprendre la r\u00e9volte \u00e0 Hong Kong \u00e0 partir du droit | Le Grand Continent\",\"isPartOf\":{\"@id\":\"https:\/\/legrandcontinent.eu\/fr\/#website\"},\"primaryImageOfPage\":{\"@id\":\"https:\/\/legrandcontinent.eu\/fr\/2019\/11\/19\/quand-lordonnance-cree-le-desordre-comprendre-la-revolte-a-hong-kong-a-partir-du-droit\/#primaryimage\"},\"image\":{\"@id\":\"https:\/\/legrandcontinent.eu\/fr\/2019\/11\/19\/quand-lordonnance-cree-le-desordre-comprendre-la-revolte-a-hong-kong-a-partir-du-droit\/#primaryimage\"},\"thumbnailUrl\":\"https:\/\/legrandcontinent.eu\/fr\/wp-content\/uploads\/sites\/2\/2019\/11\/multi-colored-building-2554726-scaled-e1574097480270.jpg\",\"datePublished\":\"2019-11-19T06:00:00+00:00\",\"author\":{\"@id\":\"https:\/\/legrandcontinent.eu\/fr\/#\/schema\/person\/a1c2123a1ef5abd663fcde8f63063d45\"},\"breadcrumb\":{\"@id\":\"https:\/\/legrandcontinent.eu\/fr\/2019\/11\/19\/quand-lordonnance-cree-le-desordre-comprendre-la-revolte-a-hong-kong-a-partir-du-droit\/#breadcrumb\"},\"inLanguage\":\"fr-FR\",\"potentialAction\":[{\"@type\":\"ReadAction\",\"target\":[\"https:\/\/legrandcontinent.eu\/fr\/2019\/11\/19\/quand-lordonnance-cree-le-desordre-comprendre-la-revolte-a-hong-kong-a-partir-du-droit\/\"]}]},{\"@type\":\"ImageObject\",\"inLanguage\":\"fr-FR\",\"@id\":\"https:\/\/legrandcontinent.eu\/fr\/2019\/11\/19\/quand-lordonnance-cree-le-desordre-comprendre-la-revolte-a-hong-kong-a-partir-du-droit\/#primaryimage\",\"url\":\"https:\/\/legrandcontinent.eu\/fr\/wp-content\/uploads\/sites\/2\/2019\/11\/multi-colored-building-2554726-scaled-e1574097480270.jpg\",\"contentUrl\":\"https:\/\/legrandcontinent.eu\/fr\/wp-content\/uploads\/sites\/2\/2019\/11\/multi-colored-building-2554726-scaled-e1574097480270.jpg\",\"width\":2560,\"height\":819,\"caption\":\"\u00c9lise Launay \u00e0 contre-courant des pr\u00e9sentations habituelles ax\u00e9es sur les consid\u00e9rations g\u00e9opolitiques, il entend surtout faire voir au lecteur l\u2019approche juridique de la question en rapportant la voix des l\u00e9gislateurs et de juristes hongkongais.\"},{\"@type\":\"BreadcrumbList\",\"@id\":\"https:\/\/legrandcontinent.eu\/fr\/2019\/11\/19\/quand-lordonnance-cree-le-desordre-comprendre-la-revolte-a-hong-kong-a-partir-du-droit\/#breadcrumb\",\"itemListElement\":[{\"@type\":\"ListItem\",\"position\":1,\"name\":\"Accueil\",\"item\":\"https:\/\/legrandcontinent.eu\/fr\/\"},{\"@type\":\"ListItem\",\"position\":2,\"name\":\"Quand l&rsquo;ordonnance cr\u00e9e le d\u00e9sordre. Comprendre la r\u00e9volte \u00e0 Hong Kong \u00e0 partir du droit\"}]},{\"@type\":\"WebSite\",\"@id\":\"https:\/\/legrandcontinent.eu\/fr\/#website\",\"url\":\"https:\/\/legrandcontinent.eu\/fr\/\",\"name\":\"Le Grand Continent\",\"description\":\"L&#039;\u00e9chelle pertinente\",\"potentialAction\":[{\"@type\":\"SearchAction\",\"target\":{\"@type\":\"EntryPoint\",\"urlTemplate\":\"https:\/\/legrandcontinent.eu\/fr\/?s={search_term_string}\"},\"query-input\":{\"@type\":\"PropertyValueSpecification\",\"valueRequired\":true,\"valueName\":\"search_term_string\"}}],\"inLanguage\":\"fr-FR\"},{\"@type\":\"Person\",\"@id\":\"https:\/\/legrandcontinent.eu\/fr\/#\/schema\/person\/a1c2123a1ef5abd663fcde8f63063d45\",\"name\":\"Matheo Malik\",\"image\":{\"@type\":\"ImageObject\",\"inLanguage\":\"fr-FR\",\"@id\":\"https:\/\/legrandcontinent.eu\/fr\/#\/schema\/person\/image\/\",\"url\":\"https:\/\/secure.gravatar.com\/avatar\/62cbadb9f7f0804282928747d8d2051d?s=96&d=mm&r=g\",\"contentUrl\":\"https:\/\/secure.gravatar.com\/avatar\/62cbadb9f7f0804282928747d8d2051d?s=96&d=mm&r=g\",\"caption\":\"Matheo Malik\"}}]}<\/script>\n<!-- \/ Yoast SEO plugin. -->","yoast_head_json":{"title":"Quand l'ordonnance cr\u00e9e le d\u00e9sordre. Comprendre la r\u00e9volte \u00e0 Hong Kong \u00e0 partir du droit | Le Grand Continent","robots":{"index":"index","follow":"follow","max-snippet":"max-snippet:-1","max-image-preview":"max-image-preview:large","max-video-preview":"max-video-preview:-1"},"canonical":"https:\/\/legrandcontinent.eu\/fr\/2019\/11\/19\/quand-lordonnance-cree-le-desordre-comprendre-la-revolte-a-hong-kong-a-partir-du-droit\/","og_locale":"fr_FR","og_type":"article","og_title":"Quand l'ordonnance cr\u00e9e le d\u00e9sordre. Comprendre la r\u00e9volte \u00e0 Hong Kong \u00e0 partir du droit | Le Grand Continent","og_description":"\u00c0 contre-courant des pr\u00e9sentations habituelles ax\u00e9es sur les consid\u00e9rations g\u00e9opolitiques, \u00c9lise Launay pr\u00e9sente l\u2019approche juridique de la question hongkongaise rapportant la voix des l\u00e9gislateurs et des juristes.","og_url":"https:\/\/legrandcontinent.eu\/fr\/2019\/11\/19\/quand-lordonnance-cree-le-desordre-comprendre-la-revolte-a-hong-kong-a-partir-du-droit\/","og_site_name":"Le Grand Continent","article_published_time":"2019-11-19T06:00:00+00:00","og_image":[{"width":2560,"height":819,"url":"https:\/\/legrandcontinent.eu\/fr\/wp-content\/uploads\/sites\/2\/2019\/11\/multi-colored-building-2554726-scaled-e1574097480270.jpg","type":"image\/jpeg"}],"author":"Matheo Malik","twitter_card":"summary_large_image","twitter_misc":{"\u00c9crit par":"Matheo Malik","Dur\u00e9e de lecture estim\u00e9e":"41 minutes"},"schema":{"@context":"https:\/\/schema.org","@graph":[{"@type":"WebPage","@id":"https:\/\/legrandcontinent.eu\/fr\/2019\/11\/19\/quand-lordonnance-cree-le-desordre-comprendre-la-revolte-a-hong-kong-a-partir-du-droit\/","url":"https:\/\/legrandcontinent.eu\/fr\/2019\/11\/19\/quand-lordonnance-cree-le-desordre-comprendre-la-revolte-a-hong-kong-a-partir-du-droit\/","name":"Quand l'ordonnance cr\u00e9e le d\u00e9sordre. Comprendre la r\u00e9volte \u00e0 Hong Kong \u00e0 partir du droit | Le Grand Continent","isPartOf":{"@id":"https:\/\/legrandcontinent.eu\/fr\/#website"},"primaryImageOfPage":{"@id":"https:\/\/legrandcontinent.eu\/fr\/2019\/11\/19\/quand-lordonnance-cree-le-desordre-comprendre-la-revolte-a-hong-kong-a-partir-du-droit\/#primaryimage"},"image":{"@id":"https:\/\/legrandcontinent.eu\/fr\/2019\/11\/19\/quand-lordonnance-cree-le-desordre-comprendre-la-revolte-a-hong-kong-a-partir-du-droit\/#primaryimage"},"thumbnailUrl":"https:\/\/legrandcontinent.eu\/fr\/wp-content\/uploads\/sites\/2\/2019\/11\/multi-colored-building-2554726-scaled-e1574097480270.jpg","datePublished":"2019-11-19T06:00:00+00:00","author":{"@id":"https:\/\/legrandcontinent.eu\/fr\/#\/schema\/person\/a1c2123a1ef5abd663fcde8f63063d45"},"breadcrumb":{"@id":"https:\/\/legrandcontinent.eu\/fr\/2019\/11\/19\/quand-lordonnance-cree-le-desordre-comprendre-la-revolte-a-hong-kong-a-partir-du-droit\/#breadcrumb"},"inLanguage":"fr-FR","potentialAction":[{"@type":"ReadAction","target":["https:\/\/legrandcontinent.eu\/fr\/2019\/11\/19\/quand-lordonnance-cree-le-desordre-comprendre-la-revolte-a-hong-kong-a-partir-du-droit\/"]}]},{"@type":"ImageObject","inLanguage":"fr-FR","@id":"https:\/\/legrandcontinent.eu\/fr\/2019\/11\/19\/quand-lordonnance-cree-le-desordre-comprendre-la-revolte-a-hong-kong-a-partir-du-droit\/#primaryimage","url":"https:\/\/legrandcontinent.eu\/fr\/wp-content\/uploads\/sites\/2\/2019\/11\/multi-colored-building-2554726-scaled-e1574097480270.jpg","contentUrl":"https:\/\/legrandcontinent.eu\/fr\/wp-content\/uploads\/sites\/2\/2019\/11\/multi-colored-building-2554726-scaled-e1574097480270.jpg","width":2560,"height":819,"caption":"\u00c9lise Launay \u00e0 contre-courant des pr\u00e9sentations habituelles ax\u00e9es sur les consid\u00e9rations g\u00e9opolitiques, il entend surtout faire voir au lecteur l\u2019approche juridique de la question en rapportant la voix des l\u00e9gislateurs et de juristes hongkongais."},{"@type":"BreadcrumbList","@id":"https:\/\/legrandcontinent.eu\/fr\/2019\/11\/19\/quand-lordonnance-cree-le-desordre-comprendre-la-revolte-a-hong-kong-a-partir-du-droit\/#breadcrumb","itemListElement":[{"@type":"ListItem","position":1,"name":"Accueil","item":"https:\/\/legrandcontinent.eu\/fr\/"},{"@type":"ListItem","position":2,"name":"Quand l&rsquo;ordonnance cr\u00e9e le d\u00e9sordre. Comprendre la r\u00e9volte \u00e0 Hong Kong \u00e0 partir du droit"}]},{"@type":"WebSite","@id":"https:\/\/legrandcontinent.eu\/fr\/#website","url":"https:\/\/legrandcontinent.eu\/fr\/","name":"Le Grand Continent","description":"L&#039;\u00e9chelle pertinente","potentialAction":[{"@type":"SearchAction","target":{"@type":"EntryPoint","urlTemplate":"https:\/\/legrandcontinent.eu\/fr\/?s={search_term_string}"},"query-input":{"@type":"PropertyValueSpecification","valueRequired":true,"valueName":"search_term_string"}}],"inLanguage":"fr-FR"},{"@type":"Person","@id":"https:\/\/legrandcontinent.eu\/fr\/#\/schema\/person\/a1c2123a1ef5abd663fcde8f63063d45","name":"Matheo Malik","image":{"@type":"ImageObject","inLanguage":"fr-FR","@id":"https:\/\/legrandcontinent.eu\/fr\/#\/schema\/person\/image\/","url":"https:\/\/secure.gravatar.com\/avatar\/62cbadb9f7f0804282928747d8d2051d?s=96&d=mm&r=g","contentUrl":"https:\/\/secure.gravatar.com\/avatar\/62cbadb9f7f0804282928747d8d2051d?s=96&d=mm&r=g","caption":"Matheo Malik"}}]}},"lgc_categories":[{"id":1935,"name":"Droit","slug":"droit"}],"lgc_author":{"id":2015,"name":"Elise Launay","slug":"elise-launay","description":null,"first_name":null,"last_name":null,"picture":null},"feature_image_summary":{"url":"https:\/\/legrandcontinent.eu\/fr\/wp-content\/uploads\/sites\/2\/2019\/11\/multi-colored-building-2554726-scaled-e1574097480270.jpg","width":2560,"height":819,"alt":"\u00c9lise Launay Le Grand Continent"},"feature_image_cover":{"url":"https:\/\/legrandcontinent.eu\/fr\/wp-content\/uploads\/sites\/2\/2019\/11\/multi-colored-building-2554726-scaled-e1574097480270.jpg","width":2560,"height":819,"alt":"\u00c9lise Launay Le Grand Continent"},"term_position_data":null,"_links":{"self":[{"href":"https:\/\/legrandcontinent.eu\/fr\/wp-json\/wp\/v2\/posts\/52834","targetHints":{"allow":["GET"]}}],"collection":[{"href":"https:\/\/legrandcontinent.eu\/fr\/wp-json\/wp\/v2\/posts"}],"about":[{"href":"https:\/\/legrandcontinent.eu\/fr\/wp-json\/wp\/v2\/types\/post"}],"author":[{"embeddable":true,"href":"https:\/\/legrandcontinent.eu\/fr\/wp-json\/wp\/v2\/users\/10"}],"replies":[{"embeddable":true,"href":"https:\/\/legrandcontinent.eu\/fr\/wp-json\/wp\/v2\/comments?post=52834"}],"version-history":[{"count":0,"href":"https:\/\/legrandcontinent.eu\/fr\/wp-json\/wp\/v2\/posts\/52834\/revisions"}],"wp:featuredmedia":[{"embeddable":true,"href":"https:\/\/legrandcontinent.eu\/fr\/wp-json\/wp\/v2\/media\/52826"}],"wp:attachment":[{"href":"https:\/\/legrandcontinent.eu\/fr\/wp-json\/wp\/v2\/media?parent=52834"}],"wp:term":[{"taxonomy":"category","embeddable":true,"href":"https:\/\/legrandcontinent.eu\/fr\/wp-json\/wp\/v2\/categories?post=52834"},{"taxonomy":"post_tag","embeddable":true,"href":"https:\/\/legrandcontinent.eu\/fr\/wp-json\/wp\/v2\/tags?post=52834"},{"taxonomy":"staff","embeddable":true,"href":"https:\/\/legrandcontinent.eu\/fr\/wp-json\/wp\/v2\/staff?post=52834"},{"taxonomy":"editorial_format","embeddable":true,"href":"https:\/\/legrandcontinent.eu\/fr\/wp-json\/wp\/v2\/editorial_format?post=52834"},{"taxonomy":"serie","embeddable":true,"href":"https:\/\/legrandcontinent.eu\/fr\/wp-json\/wp\/v2\/serie?post=52834"},{"taxonomy":"audience","embeddable":true,"href":"https:\/\/legrandcontinent.eu\/fr\/wp-json\/wp\/v2\/audience?post=52834"},{"taxonomy":"geo","embeddable":true,"href":"https:\/\/legrandcontinent.eu\/fr\/wp-json\/wp\/v2\/geo?post=52834"}],"curies":[{"name":"wp","href":"https:\/\/api.w.org\/{rel}","templated":true}]}}