{"id":49277,"date":"2019-10-14T10:30:17","date_gmt":"2019-10-14T08:30:17","guid":{"rendered":"https:\/\/legrandcontinent.eu\/fr\/?p=49277"},"modified":"2019-10-14T10:31:07","modified_gmt":"2019-10-14T08:31:07","slug":"la-ville-contre-le-neonationalisme-en-hongrie","status":"publish","type":"post","link":"https:\/\/legrandcontinent.eu\/fr\/2019\/10\/14\/la-ville-contre-le-neonationalisme-en-hongrie\/","title":{"rendered":"La ville contre le n\u00e9onationalisme en Hongrie"},"content":{"rendered":"\n<p><em>Ce texte a \u00e9t\u00e9 publi\u00e9 originellement dans l\u2019\u00e9dition 78 de La Lettre du Lundi, la newsletter op\u00e9rationnelle hebdomadaire du Grand Continent. Vous pouvez retrouver l\u2019\u00e9dition compl\u00e8te <a href=\"https:\/\/us14.campaign-archive.com\/?u=10762824cc6c812ec1f389f08&amp;id=70b602a786\">ici.<\/a> Abonnez-vous par <\/em><a href=\"https:\/\/gegeurope.us14.list-manage.com\/subscribe\/post?u=10762824cc6c812ec1f389f08&amp;id=54c71b157b\"><em>ici.<\/em><\/a><\/p>\n\n\n\n<p><em>Budapest. <\/em>Les \u00e9lections municipales d&rsquo;hier en Hongrie r\u00e9servent une grande surprise. Gergely Kar\u00e1csony, opposant de long cours de Viktor Orb\u00e1n, devient maire de Budapest. Fidesz perd le contr\u00f4le de la capitale apr\u00e8s plus de 10 ans d&rsquo;h\u00e9g\u00e9monie. <\/p>\n\n\n\n<p><strong>Gergely Kar\u00e1csony, <\/strong>un sociologue, \u00e9cologiste de gauche, a obtenu +50&#160;% des voix gr\u00e2ce \u00e0 une <em>tr\u00e8s grande coalition<\/em>&nbsp;<span class='whitespace-nowrap'><span id='easy-footnote-1-49277' class='easy-footnote-margin-adjust'><\/span><span class='easy-footnote'><a href='https:\/\/legrandcontinent.eu\/fr\/2019\/10\/14\/la-ville-contre-le-neonationalisme-en-hongrie\/#easy-footnote-bottom-1-49277' title='HUBLET Fran\u00e7ois, SCHLEYER Johanna,&lt;a href=&quot;https:\/\/legrandcontinent.eu\/fr\/2019\/04\/29\/lallemagne-ingouvernable-lere-des-tres-grandes-coalitions\/?utm_source=LLDL%20-%20Fran%C3%A7ais&amp;amp;utm_campaign=70b602a786-EMAIL_CAMPAIGN_2019_10_12_07_54&amp;amp;utm_medium=email&amp;amp;utm_term=0_8dff9a737a-70b602a786-123122815&amp;amp;mc_cid=70b602a786&amp;amp;mc_eid=9d9d57a1aa&quot;&gt; L\u2019\u00e8re des Tr\u00e8s Grandes Coalitions et l\u2019Allemagne ingouvernable&lt;\/a&gt;, Le Grand Continent, 29 avril 2019'><sup>1<\/sup><\/a><\/span><\/span> allant du parti socialiste jusqu&rsquo;au parti nationaliste radical Jobbik qui a assur\u00e9 une forme de soutien passif. Le candidat Fidesz, le maire sortant, Istv\u00e1n Tarl\u00f3s, obtient moins de 45&#160;% des voix.<\/p>\n\n\n\n<p><strong>La pr\u00e9sence de Momentum dans la coalition doit \u00eatre signal\u00e9e<\/strong>. Ce parti start-up, d\u00e9gagiste, proche de la ligne d\u00e9fendue par En Marche lors de la pr\u00e9sidentielle fran\u00e7aise, a jou\u00e9 un r\u00f4le important dans la mobilisation des votants qui a permis cette victoire. Dans sa qu\u00eate de signaux faibles, <em>le Grand Continent <\/em>avait rencontr\u00e9 son porte-parole il y a plus d&rsquo;un an.&nbsp;<span class='whitespace-nowrap'><span id='easy-footnote-2-49277' class='easy-footnote-margin-adjust'><\/span><span class='easy-footnote'><a href='https:\/\/legrandcontinent.eu\/fr\/2019\/10\/14\/la-ville-contre-le-neonationalisme-en-hongrie\/#easy-footnote-bottom-2-49277' title='KARACSONY Eszter,&lt;a href=&quot;https:\/\/legrandcontinent.eu\/fr\/2018\/04\/06\/quest-ce-que-le-momentum\/&quot;&gt; Qu\u2019est-ce que le Momentum&amp;#160;?&lt;\/a&gt;, Le Grand Continent, 6 avril 2018'><sup>2<\/sup><\/a><\/span><\/span><\/p>\n\n\n\n<h4 class=\"wp-block-heading\">Perspectives&#160;:<\/h4>\n\n\n\n<ul class=\"wp-block-list\"><li><strong>La fracture entre l&rsquo;Europe des villes et l&rsquo;Europe des nations est toujours plus \u00e9vidente.<\/strong> Elle sera l&rsquo;objet d&rsquo;une prochaine pi\u00e8ce de doctrine.&nbsp;<span class='whitespace-nowrap'><span id='easy-footnote-3-49277' class='easy-footnote-margin-adjust'><\/span><span class='easy-footnote'><a href='https:\/\/legrandcontinent.eu\/fr\/2019\/10\/14\/la-ville-contre-le-neonationalisme-en-hongrie\/#easy-footnote-bottom-3-49277' title='MIGLIO Gianfranco,&lt;a href=&quot;https:\/\/legrandcontinent.eu\/fr\/2017\/11\/17\/apres-letat-nation\/?utm_source=LLDL%20-%20Fran%C3%A7ais&amp;amp;utm_campaign=70b602a786-EMAIL_CAMPAIGN_2019_10_12_07_54&amp;amp;utm_medium=email&amp;amp;utm_term=0_8dff9a737a-70b602a786-123122815&amp;amp;mc_cid=70b602a786&amp;amp;mc_eid=9d9d57a1aa&quot;&gt; Apres l&amp;rsquo;\u00c9tat-nation, la le\u00e7on europ\u00e9enne de Gianfranco Miglio&lt;\/a&gt;, Le Grand Continent, 17 novembre 2017'><sup>3<\/sup><\/a><\/span><\/span><\/li><\/ul>\n","protected":false},"excerpt":{"rendered":"<p>Les \u00e9lections municipales d&rsquo;hier en Hongrie r\u00e9servent une grande surprise. Gergely Kar\u00e1csony, opposant de long cours de Viktor Orb\u00e1n, devient maire de Budapest. Fidesz perd le contr\u00f4le de la capitale apr\u00e8s plus de 10 ans d&rsquo;h\u00e9g\u00e9monie. <\/p>\n","protected":false},"author":175,"featured_media":0,"comment_status":"closed","ping_status":"closed","sticky":false,"template":"templates\/post-briefings.php","format":"standard","meta":{"_acf_changed":false,"_trash_the_other_posts":false,"_yoast_wpseo_estimated-reading-time-minutes":0,"footnotes":""},"categories":[1731],"tags":[],"staff":[1780],"editorial_format":[],"serie":[],"audience":[],"geo":[536],"class_list":["post-49277","post","type-post","status-publish","format-standard","hentry","category-politique","staff-le-grand-continent","geo-centres"],"acf":{"open_in_webview":false,"accent":false,"_thumbnail_id":"","excerpt":"Les \u00e9lections municipales d'hier en Hongrie r\u00e9servent une grande surprise. Gergely Kar\u00e1csony, opposant de long cours de Viktor Orb\u00e1n, devient maire de Budapest. Fidesz perd le contr\u00f4le de la capitale apr\u00e8s plus de 10 ans d'h\u00e9g\u00e9monie. ","display_date":"","new_abstract":true},"yoast_head":"<!-- This site is optimized with the Yoast SEO plugin v26.1.1 - https:\/\/yoast.com\/wordpress\/plugins\/seo\/ -->\n<title>La ville contre le n\u00e9onationalisme en Hongrie | Le Grand Continent<\/title>\n<meta name=\"robots\" content=\"index, follow, max-snippet:-1, max-image-preview:large, max-video-preview:-1\" \/>\n<link rel=\"canonical\" href=\"https:\/\/legrandcontinent.eu\/fr\/2019\/10\/14\/la-ville-contre-le-neonationalisme-en-hongrie\/\" \/>\n<meta property=\"og:locale\" content=\"fr_FR\" \/>\n<meta property=\"og:type\" content=\"article\" \/>\n<meta property=\"og:title\" content=\"La ville contre le n\u00e9onationalisme en Hongrie | Le Grand Continent\" \/>\n<meta property=\"og:description\" content=\"Les \u00e9lections municipales d&#039;hier en Hongrie r\u00e9servent une grande surprise. Gergely Kar\u00e1csony, opposant de long cours de Viktor Orb\u00e1n, devient maire de Budapest. Fidesz perd le contr\u00f4le de la capitale apr\u00e8s plus de 10 ans d&#039;h\u00e9g\u00e9monie.\" \/>\n<meta property=\"og:url\" content=\"https:\/\/legrandcontinent.eu\/fr\/2019\/10\/14\/la-ville-contre-le-neonationalisme-en-hongrie\/\" \/>\n<meta property=\"og:site_name\" content=\"Le Grand Continent\" \/>\n<meta property=\"article:published_time\" content=\"2019-10-14T08:30:17+00:00\" \/>\n<meta property=\"article:modified_time\" content=\"2019-10-14T08:31:07+00:00\" \/>\n<meta name=\"author\" content=\"Giovanni Collot\" \/>\n<meta name=\"twitter:card\" content=\"summary_large_image\" \/>\n<meta name=\"twitter:label1\" content=\"\u00c9crit par\" \/>\n\t<meta name=\"twitter:data1\" content=\"Giovanni Collot\" \/>\n\t<meta name=\"twitter:label2\" content=\"Dur\u00e9e de lecture estim\u00e9e\" \/>\n\t<meta name=\"twitter:data2\" content=\"1 minute\" \/>\n<script type=\"application\/ld+json\" class=\"yoast-schema-graph\">{\"@context\":\"https:\/\/schema.org\",\"@graph\":[{\"@type\":\"WebPage\",\"@id\":\"https:\/\/legrandcontinent.eu\/fr\/2019\/10\/14\/la-ville-contre-le-neonationalisme-en-hongrie\/\",\"url\":\"https:\/\/legrandcontinent.eu\/fr\/2019\/10\/14\/la-ville-contre-le-neonationalisme-en-hongrie\/\",\"name\":\"La ville contre le n\u00e9onationalisme en Hongrie | Le Grand Continent\",\"isPartOf\":{\"@id\":\"https:\/\/legrandcontinent.eu\/fr\/#website\"},\"datePublished\":\"2019-10-14T08:30:17+00:00\",\"dateModified\":\"2019-10-14T08:31:07+00:00\",\"author\":{\"@id\":\"https:\/\/legrandcontinent.eu\/fr\/#\/schema\/person\/953192c3de3c2331be3997745a2f12ef\"},\"breadcrumb\":{\"@id\":\"https:\/\/legrandcontinent.eu\/fr\/2019\/10\/14\/la-ville-contre-le-neonationalisme-en-hongrie\/#breadcrumb\"},\"inLanguage\":\"fr-FR\",\"potentialAction\":[{\"@type\":\"ReadAction\",\"target\":[\"https:\/\/legrandcontinent.eu\/fr\/2019\/10\/14\/la-ville-contre-le-neonationalisme-en-hongrie\/\"]}]},{\"@type\":\"BreadcrumbList\",\"@id\":\"https:\/\/legrandcontinent.eu\/fr\/2019\/10\/14\/la-ville-contre-le-neonationalisme-en-hongrie\/#breadcrumb\",\"itemListElement\":[{\"@type\":\"ListItem\",\"position\":1,\"name\":\"Accueil\",\"item\":\"https:\/\/legrandcontinent.eu\/fr\/\"},{\"@type\":\"ListItem\",\"position\":2,\"name\":\"La ville contre le n\u00e9onationalisme en Hongrie\"}]},{\"@type\":\"WebSite\",\"@id\":\"https:\/\/legrandcontinent.eu\/fr\/#website\",\"url\":\"https:\/\/legrandcontinent.eu\/fr\/\",\"name\":\"Le Grand Continent\",\"description\":\"L&#039;\u00e9chelle pertinente\",\"potentialAction\":[{\"@type\":\"SearchAction\",\"target\":{\"@type\":\"EntryPoint\",\"urlTemplate\":\"https:\/\/legrandcontinent.eu\/fr\/?s={search_term_string}\"},\"query-input\":{\"@type\":\"PropertyValueSpecification\",\"valueRequired\":true,\"valueName\":\"search_term_string\"}}],\"inLanguage\":\"fr-FR\"},{\"@type\":\"Person\",\"@id\":\"https:\/\/legrandcontinent.eu\/fr\/#\/schema\/person\/953192c3de3c2331be3997745a2f12ef\",\"name\":\"Giovanni Collot\",\"image\":{\"@type\":\"ImageObject\",\"inLanguage\":\"fr-FR\",\"@id\":\"https:\/\/legrandcontinent.eu\/fr\/#\/schema\/person\/image\/\",\"url\":\"https:\/\/secure.gravatar.com\/avatar\/d93cac37237065a8de4498df3db60dde?s=96&d=mm&r=g\",\"contentUrl\":\"https:\/\/secure.gravatar.com\/avatar\/d93cac37237065a8de4498df3db60dde?s=96&d=mm&r=g\",\"caption\":\"Giovanni Collot\"}}]}<\/script>\n<!-- \/ Yoast SEO plugin. -->","yoast_head_json":{"title":"La ville contre le n\u00e9onationalisme en Hongrie | Le Grand Continent","robots":{"index":"index","follow":"follow","max-snippet":"max-snippet:-1","max-image-preview":"max-image-preview:large","max-video-preview":"max-video-preview:-1"},"canonical":"https:\/\/legrandcontinent.eu\/fr\/2019\/10\/14\/la-ville-contre-le-neonationalisme-en-hongrie\/","og_locale":"fr_FR","og_type":"article","og_title":"La ville contre le n\u00e9onationalisme en Hongrie | Le Grand Continent","og_description":"Les \u00e9lections municipales d'hier en Hongrie r\u00e9servent une grande surprise. Gergely Kar\u00e1csony, opposant de long cours de Viktor Orb\u00e1n, devient maire de Budapest. Fidesz perd le contr\u00f4le de la capitale apr\u00e8s plus de 10 ans d'h\u00e9g\u00e9monie.","og_url":"https:\/\/legrandcontinent.eu\/fr\/2019\/10\/14\/la-ville-contre-le-neonationalisme-en-hongrie\/","og_site_name":"Le Grand Continent","article_published_time":"2019-10-14T08:30:17+00:00","article_modified_time":"2019-10-14T08:31:07+00:00","author":"Giovanni Collot","twitter_card":"summary_large_image","twitter_misc":{"\u00c9crit par":"Giovanni Collot","Dur\u00e9e de lecture estim\u00e9e":"1 minute"},"schema":{"@context":"https:\/\/schema.org","@graph":[{"@type":"WebPage","@id":"https:\/\/legrandcontinent.eu\/fr\/2019\/10\/14\/la-ville-contre-le-neonationalisme-en-hongrie\/","url":"https:\/\/legrandcontinent.eu\/fr\/2019\/10\/14\/la-ville-contre-le-neonationalisme-en-hongrie\/","name":"La ville contre le n\u00e9onationalisme en Hongrie | Le Grand Continent","isPartOf":{"@id":"https:\/\/legrandcontinent.eu\/fr\/#website"},"datePublished":"2019-10-14T08:30:17+00:00","dateModified":"2019-10-14T08:31:07+00:00","author":{"@id":"https:\/\/legrandcontinent.eu\/fr\/#\/schema\/person\/953192c3de3c2331be3997745a2f12ef"},"breadcrumb":{"@id":"https:\/\/legrandcontinent.eu\/fr\/2019\/10\/14\/la-ville-contre-le-neonationalisme-en-hongrie\/#breadcrumb"},"inLanguage":"fr-FR","potentialAction":[{"@type":"ReadAction","target":["https:\/\/legrandcontinent.eu\/fr\/2019\/10\/14\/la-ville-contre-le-neonationalisme-en-hongrie\/"]}]},{"@type":"BreadcrumbList","@id":"https:\/\/legrandcontinent.eu\/fr\/2019\/10\/14\/la-ville-contre-le-neonationalisme-en-hongrie\/#breadcrumb","itemListElement":[{"@type":"ListItem","position":1,"name":"Accueil","item":"https:\/\/legrandcontinent.eu\/fr\/"},{"@type":"ListItem","position":2,"name":"La ville contre le n\u00e9onationalisme en Hongrie"}]},{"@type":"WebSite","@id":"https:\/\/legrandcontinent.eu\/fr\/#website","url":"https:\/\/legrandcontinent.eu\/fr\/","name":"Le Grand Continent","description":"L&#039;\u00e9chelle pertinente","potentialAction":[{"@type":"SearchAction","target":{"@type":"EntryPoint","urlTemplate":"https:\/\/legrandcontinent.eu\/fr\/?s={search_term_string}"},"query-input":{"@type":"PropertyValueSpecification","valueRequired":true,"valueName":"search_term_string"}}],"inLanguage":"fr-FR"},{"@type":"Person","@id":"https:\/\/legrandcontinent.eu\/fr\/#\/schema\/person\/953192c3de3c2331be3997745a2f12ef","name":"Giovanni Collot","image":{"@type":"ImageObject","inLanguage":"fr-FR","@id":"https:\/\/legrandcontinent.eu\/fr\/#\/schema\/person\/image\/","url":"https:\/\/secure.gravatar.com\/avatar\/d93cac37237065a8de4498df3db60dde?s=96&d=mm&r=g","contentUrl":"https:\/\/secure.gravatar.com\/avatar\/d93cac37237065a8de4498df3db60dde?s=96&d=mm&r=g","caption":"Giovanni Collot"}}]}},"lgc_categories":[{"id":1731,"name":"Politique","slug":"politique"}],"lgc_author":{"id":1780,"name":"Le Grand Continent","slug":"le-grand-continent","description":null,"first_name":null,"last_name":null,"picture":null},"feature_image_summary":null,"feature_image_cover":null,"term_position_data":null,"_links":{"self":[{"href":"https:\/\/legrandcontinent.eu\/fr\/wp-json\/wp\/v2\/posts\/49277","targetHints":{"allow":["GET"]}}],"collection":[{"href":"https:\/\/legrandcontinent.eu\/fr\/wp-json\/wp\/v2\/posts"}],"about":[{"href":"https:\/\/legrandcontinent.eu\/fr\/wp-json\/wp\/v2\/types\/post"}],"author":[{"embeddable":true,"href":"https:\/\/legrandcontinent.eu\/fr\/wp-json\/wp\/v2\/users\/175"}],"replies":[{"embeddable":true,"href":"https:\/\/legrandcontinent.eu\/fr\/wp-json\/wp\/v2\/comments?post=49277"}],"version-history":[{"count":0,"href":"https:\/\/legrandcontinent.eu\/fr\/wp-json\/wp\/v2\/posts\/49277\/revisions"}],"wp:attachment":[{"href":"https:\/\/legrandcontinent.eu\/fr\/wp-json\/wp\/v2\/media?parent=49277"}],"wp:term":[{"taxonomy":"category","embeddable":true,"href":"https:\/\/legrandcontinent.eu\/fr\/wp-json\/wp\/v2\/categories?post=49277"},{"taxonomy":"post_tag","embeddable":true,"href":"https:\/\/legrandcontinent.eu\/fr\/wp-json\/wp\/v2\/tags?post=49277"},{"taxonomy":"staff","embeddable":true,"href":"https:\/\/legrandcontinent.eu\/fr\/wp-json\/wp\/v2\/staff?post=49277"},{"taxonomy":"editorial_format","embeddable":true,"href":"https:\/\/legrandcontinent.eu\/fr\/wp-json\/wp\/v2\/editorial_format?post=49277"},{"taxonomy":"serie","embeddable":true,"href":"https:\/\/legrandcontinent.eu\/fr\/wp-json\/wp\/v2\/serie?post=49277"},{"taxonomy":"audience","embeddable":true,"href":"https:\/\/legrandcontinent.eu\/fr\/wp-json\/wp\/v2\/audience?post=49277"},{"taxonomy":"geo","embeddable":true,"href":"https:\/\/legrandcontinent.eu\/fr\/wp-json\/wp\/v2\/geo?post=49277"}],"curies":[{"name":"wp","href":"https:\/\/api.w.org\/{rel}","templated":true}]}}