{"id":48702,"date":"2019-10-05T16:03:08","date_gmt":"2019-10-05T14:03:08","guid":{"rendered":"https:\/\/legrandcontinent.eu\/fr\/?p=48702"},"modified":"2019-10-17T22:40:13","modified_gmt":"2019-10-17T20:40:13","slug":"encre-sympathique","status":"publish","type":"post","link":"https:\/\/legrandcontinent.eu\/fr\/2019\/10\/05\/encre-sympathique\/","title":{"rendered":"Encre sympathique"},"content":{"rendered":"\n<p>Encre sympathique&#160;: \u00ab&#160;encre qui, incolore quand on l\u2019emploie, noircit \u00e0 l\u2019action d\u2019une substance d\u00e9termin\u00e9e.&#160;\u00bb (p. 91) En nous rappelant la d\u00e9finition de cette \u00e9trange objet qu\u2019est l\u2019\u00e9criture invisible, la trace graphique inaccessible au premier regard, Patrick Modiano nomme non seulement ce qui caract\u00e9rise la promenade d\u00e9routante que constitue son dernier livre, mais \u00e9galement ce qui pourrait \u00eatre une m\u00e9taphore de l\u2019ensemble de sa qu\u00eate litt\u00e9raire.<\/p>\n\n\n\n<p>\u00c0 premi\u00e8re vue, le dernier r\u00e9cit du Prix Nobel de litt\u00e9rature 2014 ne diff\u00e8re pas fondamentalement des pr\u00e9c\u00e9dents. Il nous plonge dans un univers familier, fait de promenades parisiennes, d\u2019une conscience aigu\u00eb du passage du temps qui produit \u00e0 son tour une sorte de lucidit\u00e9 m\u00e9lancolique propre au narrateur modianesque \u2013 les ann\u00e9es 1960 r\u00e9pondent au contexte imm\u00e9diat d\u2019\u00e9criture du texte \u2013, et d\u2019un je-ne-sais-quoi qui habite sp\u00e9cialement les dialogues de Patrick Modiano, une sorte de douce incoh\u00e9rence, \u00e0 la mani\u00e8re des films d\u2019Aki Kaurism\u00e4ki, vestige d\u2019une \u00e9poque \u2013 r\u00eav\u00e9e ou v\u00e9cue \u2013 o\u00f9 il aurait \u00e9t\u00e9 possible qu\u2019une parole ne soit pas exactement la r\u00e9ponse \u00e0 la question qui l\u2019a suscit\u00e9e.<\/p>\n\n\n\n<p>Le roman raconte l\u2019enqu\u00eate lacunaire que m\u00e8ne le personnage-narrateur sur No\u00eblle Lefebvre, nom pseudonyme d\u2019une jeune femme venue \u00e0 Paris pour trois mois vers 1965, et disparue sans laisser de traces. D\u2019abord men\u00e9e dans le cadre d\u2019une mission pour une agence de d\u00e9tectives priv\u00e9s, cette recherche devient progressivement, pour le narrateur modianesque, une qu\u00eate existentielle, la recherche d\u2019une affinit\u00e9 secr\u00e8te entre les \u00e9l\u00e9ments parcellaires qu\u2019il d\u00e9couvre dans la vie de No\u00eblle et les traces oubli\u00e9es de son propre pass\u00e9 que ce travail d\u2019enqu\u00eate fait ressurgir. Tout se passe comme si ces d\u00e9couvertes progressives avaient \u00e9t\u00e9 \u00e9crites d\u2019avance, comme \u00e0 l\u2019encre sympathique, attendant d\u2019\u00eatre, au sens photographique du terme, <em>r\u00e9v\u00e9l\u00e9es<\/em>. En somme, il s\u2019agit de retracer le fil discontinu de sa propre existence en se confrontant aux bribes \u00e9parses d\u2019une vie inconnue, ou pour reprendre les termes de Paul Ric\u0153ur, de s\u2019inventer <em>soi-m\u00eame comme un autre<\/em>.<\/p>\n\n\n\n<p>\u00ab&#160;<em>L\u2019avenue \u00e9tait d\u00e9serte, et pourtant je devinais \u00e0 mes c\u00f4t\u00e9s une pr\u00e9sence, l\u2019air \u00e9tait plus vif que celui que je respirais d\u2019habitude, le soir et l\u2019\u00e9t\u00e9 plus phosphorescents. Et cela, je l\u2019\u00e9prouvais chaque fois que je m\u2019aventurais sur des chemins de traverse afin de pouvoir ensuite \u00e9crire noir sur blanc mon itin\u00e9raire, chaque fois que je vivais une autre vie \u2014 en marge de ma vie.<\/em>&#160;\u00bb (p. 62)<\/p>\n\n\n\n<p>\u00c0 cet \u00e9gard, le texte se place dans une double filiation modianesque. La premi\u00e8re est celle de <em>Dora Bruder <\/em>(Gallimard, 1997), o\u00f9 l\u2019auteur-narrateur partait \u00e0 la recherche des rares traces laiss\u00e9es par une jeune fille juive, dont il avait appris le nom par hasard, en feuilletant un num\u00e9ro de <em>France Soir <\/em>dat\u00e9 de 1942, plus de cinquante ans plus tard. Cach\u00e9e par les religieuses du pensionnat du Saint-C\u0153ur-de-Marie rue de Picpus pendant l\u2019Occupation, Dora en a ensuite fugu\u00e9, avant d\u2019\u00eatre rafl\u00e9e puis de mourir en d\u00e9portation. Le myst\u00e8re de la fugue, de cette d\u00e9cision inexplicable et du hasard qui a fait basculer le destin de cette jeune femme dans une trag\u00e9die tomb\u00e9e dans l\u2019oubli, est au c\u0153ur du processus qui motive le r\u00e9cit d\u2019enqu\u00eate. De la m\u00eame mani\u00e8re, le besoin de fuir semble un \u00e9l\u00e9ment capital de l\u2019\u00e9conomie romanesque d\u2019<em>Encre sympathique <\/em>&#160;: \u00ab&#160;Eh bien, tout simplement la fugue \u00e9tait alors son mode de vie. [\u2026] Une fugue sans fin.&#160;\u00bb (p. 131) La plong\u00e9e au c\u0153ur du myst\u00e8re d\u2019une existence, dont la fuite incessante hors des doigts de l\u2019enqu\u00eateur redouble la fuite r\u00e9elle qui a fond\u00e9 sa disparition, transforme, dans le r\u00e9cit de 1997 comme dans le dernier roman de Patrick Modiano, l\u2019enqu\u00eate obs\u00e9dante sur l\u2019autre en qu\u00eate inqui\u00e8te sur soi.<\/p>\n\n\n\n<p>La seconde filiation \u00e0 l\u2019int\u00e9rieur de l\u2019\u0153uvre de Modiano \u00e0 laquelle <em>Encre sympathique <\/em>se rattache est celle de <em>Rue des boutiques obscures <\/em>(Gallimard, 1978). Le personnage-narrateur, comme ici, y \u00e9tait d\u2019abord d\u00e9tective dans la m\u00eame agence, dirig\u00e9e par le personnage \u00e9nigmatique de Hutte. Seulement, la qu\u00eate m\u00e9morielle et existentielle y \u00e9tait directement tourn\u00e9e vers le narrateur lui-m\u00eame, puisque celui-ci \u00e9tait amn\u00e9sique et cherchait \u00e0 r\u00e9colter des informations sur son propre pass\u00e9. Comme dans <em>Encre sympathique<\/em>, le roman s\u2019achevait \u00e0 Rome \u2013 dans un cas <em>via delle Botteghe oscure <\/em>(rue des Boutiques obscures), dans l\u2019autre dans une promenade autour de la boutique de photographies au nom \u00e9vocateur de \u00ab&#160;Gaspard de la nuit&#160;\u00bb, <em>via della Scrofa<\/em>. N\u00e9anmoins, l\u2019amn\u00e9sie est ici moins un ph\u00e9nom\u00e8ne nettement identifiable qu\u2019une composante sourde de la m\u00e9moire de chacun des personnages. La qu\u00eate d\u2019identit\u00e9 se trouve du m\u00eame coup d\u00e9doubl\u00e9e, notamment par le recours \u00e0 une bascule au sein du r\u00e9cit&#160;: \u00e0 partir de la p. 110 en effet, la narration, jusque-l\u00e0 assum\u00e9e par le personnage de l\u2019enqu\u00eateur qui s\u2019exprimait \u00e0 la premi\u00e8re personne, passe \u00e0 la troisi\u00e8me personne, et raconte l\u2019histoire depuis les yeux de \u00ab&#160;No\u00eblle&#160;\u00bb (dont on apprend que ce n\u2019est pas son vrai nom) elle-m\u00eame.<\/p>\n\n\n\n<p>Ce jeu subtil de d\u00e9calage des points de vue n\u2019est pas sans importance pour le propos du texte. En effet, il permet un entrelacement f\u00e9cond des niveaux du r\u00e9el et de l\u2019imaginaire, augmentant le trouble, les impressions de d\u00e9j\u00e0-vu, ou plut\u00f4t de d\u00e9j\u00e0-lu qu\u2019explore le r\u00e9cit. En outre, il permet de cr\u00e9er un troisi\u00e8me niveau de vertige, en introduisant (comme souvent chez Modiano) dans ce jeu de va-et-vient entre les points de vue des informations propres \u00e0 la biographique de l\u2019auteur lui-m\u00eame. On d\u00e9couvre donc une articulation complexe des niveaux de la r\u00e9alit\u00e9 \u2013 l\u2019exp\u00e9rience de Patrick Modiano \u2013, du vraisemblable de la fiction \u2013 la s\u00e9rie de co\u00efncidences qui mettent le personnage sur la piste de \u00ab&#160;No\u00eblle&#160;\u00bb, la reconnaissance finale du personnage par \u00ab&#160;No\u00eblle&#160;\u00bb \u2013 et le r\u00eave \u00e0 l\u2019int\u00e9rieur de celle-ci \u2013 la projection imaginaire du personnage dans la vie qu\u2019il s\u2019invente, jusqu\u2019\u00e0 dire finalement&#160;: \u00ab&#160;J\u2019ai toujours v\u00e9cu dans le 15<sup>e <\/sup>arrondissement&#160;\u00bb (p. 132), alors que ce quartier est nouveau pour le personnage au d\u00e9but de son enqu\u00eate, et qu\u2019il est relativement nouveau dans la topographie parisienne des romans de Modiano.<\/p>\n\n\n\n<p>Ainsi, la vague impression de ressemblance entre ce que le personnage-narrateur d\u00e9couvre de la vie de \u00ab&#160;No\u00eblle&#160;\u00bb et ce qu\u2019il croit se rappeler avoir v\u00e9cu \u2013 ressemblance tant\u00f4t attest\u00e9e par sa vie, tant\u00f4t invent\u00e9e de toute pi\u00e8ce pour gagner la confiance de t\u00e9moins utiles \u00e0 l\u2019enqu\u00eate \u2013 est ensuite r\u00e9percut\u00e9e par les impressions de \u00ab&#160;No\u00eblle&#160;\u00bb elle-m\u00eame, se souvenant \u00e0 la toute fin avoir d\u00e9j\u00e0 vu le profil de cet homme lorsqu\u2019elle \u00e9tait jeune, dans le car qui menait les coll\u00e9giens d\u2019Annecy \u00e0 Veyrier-du-Lac. Or Modiano a bien \u00e9t\u00e9 pensionnaire dans cette ville, ce qu\u2019il raconte sous un jour sombre dans <em>Un pedigree<\/em>. Un double m\u00e9canisme se produit alors&#160;: nous n\u2019avons plus acc\u00e8s aux pens\u00e9es du personnage-narrateur, mais nous retrouvons le m\u00eame processus de remont\u00e9e du souvenir chez No\u00eblle, \u00e0 partir d\u2019\u00e9l\u00e9ments eux-m\u00eames tir\u00e9s de souvenirs r\u00e9els de l\u2019auteur, et dont nous ne savons pas bien si le personnage-narrateur les avait initialement r\u00eav\u00e9s ou v\u00e9cus.<\/p>\n\n\n\n<p>Cette gamme musicale du souvenir, qui joue comme lui sur les effets de silence et de refrain, sur une indistinction croissante entre ce que l\u2019on d\u00e9couvre, ce que l\u2019on red\u00e9couvre et ce que l\u2019on invente, donne la texture sensible du t\u00e2tonnement de l\u2019\u00e9criture modianesque au contact de la mati\u00e8re fragile qu\u2019est l\u2019oubli. En outre, cette entr\u00e9e dans la dialectique d\u00e9licate et mouvante du souvenir et de l\u2019oubli \u00e0 laquelle nous invite le texte est redoubl\u00e9e par l\u2019effet de <em>d\u00e9j\u00e0-lu <\/em>que nous procure la lecture d\u2019un roman o\u00f9 se retrouvent de nombreux \u00e9l\u00e9ments d\u00e9j\u00e0 crois\u00e9s dans l\u2019\u0153uvre de Modiano. \u00c0 la limite, on pourrait dire d<em>\u2019Encre sympathique <\/em>dans son \u0153uvre ce que Modiano dit \u00e0 propos de ce roman en particulier&#160;: \u00ab&#160;Il y a des blancs dans une vie, mais parfois ce qu\u2019on appelle un refrain.&#160;\u00bb (p. 48) L\u2019\u00e9criture se donne ainsi la t\u00e2che de d\u00e9voiler la fragilit\u00e9 constitutive du cheminement existentiel et scriptural, qui oscille sans cesse entre la mise au jour de ce qui semblait <em>\u00e9crit d\u2019avance <\/em>mais attendait d\u2019\u00eatre <em>rendu lisible<\/em>, et la puissance myst\u00e9rieuse du hasard, le vertige des co\u00efncidences, des rencontres qui auraient pu ne pas avoir lieu ou de celles qui n\u2019auront jamais lieu.<\/p>\n","protected":false},"excerpt":{"rendered":"<p>Le compte-rendu du dernier roman de Patrick Modiano.<\/p>\n","protected":false},"author":10,"featured_media":48704,"comment_status":"closed","ping_status":"closed","sticky":false,"template":"templates\/post-reviews.php","format":"standard","meta":{"_acf_changed":false,"_trash_the_other_posts":false,"_yoast_wpseo_estimated-reading-time-minutes":0,"footnotes":""},"categories":[1728],"tags":[],"staff":[1753],"editorial_format":[],"serie":[],"audience":[],"geo":[1876],"class_list":["post-48702","post","type-post","status-publish","format-standard","hentry","category-arts","staff-mathieu-roger-lacan","geo-paris"],"acf":{"open_in_webview":false,"accent":false},"yoast_head":"<!-- This site is optimized with the Yoast SEO plugin v26.1.1 - https:\/\/yoast.com\/wordpress\/plugins\/seo\/ -->\n<title>Encre sympathique | Le Grand Continent<\/title>\n<meta name=\"robots\" content=\"index, follow, max-snippet:-1, max-image-preview:large, max-video-preview:-1\" \/>\n<link rel=\"canonical\" href=\"https:\/\/legrandcontinent.eu\/fr\/2019\/10\/05\/encre-sympathique\/\" \/>\n<meta property=\"og:locale\" content=\"fr_FR\" \/>\n<meta property=\"og:type\" content=\"article\" \/>\n<meta property=\"og:title\" content=\"Encre sympathique | Le Grand Continent\" \/>\n<meta property=\"og:description\" content=\"Le compte-rendu du dernier roman de Patrick Modiano.\" \/>\n<meta property=\"og:url\" content=\"https:\/\/legrandcontinent.eu\/fr\/2019\/10\/05\/encre-sympathique\/\" \/>\n<meta property=\"og:site_name\" content=\"Le Grand Continent\" \/>\n<meta property=\"article:published_time\" content=\"2019-10-05T14:03:08+00:00\" \/>\n<meta property=\"article:modified_time\" content=\"2019-10-17T20:40:13+00:00\" \/>\n<meta property=\"og:image\" content=\"https:\/\/legrandcontinent.eu\/fr\/wp-content\/uploads\/sites\/2\/2019\/10\/Modiano-Encre-Sympathique-Gallimard-2019.jpg\" \/>\n\t<meta property=\"og:image:width\" content=\"3307\" \/>\n\t<meta property=\"og:image:height\" content=\"4843\" \/>\n\t<meta property=\"og:image:type\" content=\"image\/jpeg\" \/>\n<meta name=\"author\" content=\"Matheo Malik\" \/>\n<meta name=\"twitter:card\" content=\"summary_large_image\" \/>\n<meta name=\"twitter:label1\" content=\"\u00c9crit par\" \/>\n\t<meta name=\"twitter:data1\" content=\"Matheo Malik\" \/>\n\t<meta name=\"twitter:label2\" content=\"Dur\u00e9e de lecture estim\u00e9e\" \/>\n\t<meta name=\"twitter:data2\" content=\"8 minutes\" \/>\n<script type=\"application\/ld+json\" class=\"yoast-schema-graph\">{\"@context\":\"https:\/\/schema.org\",\"@graph\":[{\"@type\":\"WebPage\",\"@id\":\"https:\/\/legrandcontinent.eu\/fr\/2019\/10\/05\/encre-sympathique\/\",\"url\":\"https:\/\/legrandcontinent.eu\/fr\/2019\/10\/05\/encre-sympathique\/\",\"name\":\"Encre sympathique | Le Grand Continent\",\"isPartOf\":{\"@id\":\"https:\/\/legrandcontinent.eu\/fr\/#website\"},\"primaryImageOfPage\":{\"@id\":\"https:\/\/legrandcontinent.eu\/fr\/2019\/10\/05\/encre-sympathique\/#primaryimage\"},\"image\":{\"@id\":\"https:\/\/legrandcontinent.eu\/fr\/2019\/10\/05\/encre-sympathique\/#primaryimage\"},\"thumbnailUrl\":\"https:\/\/legrandcontinent.eu\/fr\/wp-content\/uploads\/sites\/2\/2019\/10\/Modiano-Encre-Sympathique-Gallimard-2019.jpg\",\"datePublished\":\"2019-10-05T14:03:08+00:00\",\"dateModified\":\"2019-10-17T20:40:13+00:00\",\"author\":{\"@id\":\"https:\/\/legrandcontinent.eu\/fr\/#\/schema\/person\/a1c2123a1ef5abd663fcde8f63063d45\"},\"breadcrumb\":{\"@id\":\"https:\/\/legrandcontinent.eu\/fr\/2019\/10\/05\/encre-sympathique\/#breadcrumb\"},\"inLanguage\":\"fr-FR\",\"potentialAction\":[{\"@type\":\"ReadAction\",\"target\":[\"https:\/\/legrandcontinent.eu\/fr\/2019\/10\/05\/encre-sympathique\/\"]}]},{\"@type\":\"ImageObject\",\"inLanguage\":\"fr-FR\",\"@id\":\"https:\/\/legrandcontinent.eu\/fr\/2019\/10\/05\/encre-sympathique\/#primaryimage\",\"url\":\"https:\/\/legrandcontinent.eu\/fr\/wp-content\/uploads\/sites\/2\/2019\/10\/Modiano-Encre-Sympathique-Gallimard-2019.jpg\",\"contentUrl\":\"https:\/\/legrandcontinent.eu\/fr\/wp-content\/uploads\/sites\/2\/2019\/10\/Modiano-Encre-Sympathique-Gallimard-2019.jpg\",\"width\":3307,\"height\":4843,\"caption\":\"Compte-rendu du dernier livre de Patrick Modiano par Mathieu Roger-Lacan pour Le Grand continent\"},{\"@type\":\"BreadcrumbList\",\"@id\":\"https:\/\/legrandcontinent.eu\/fr\/2019\/10\/05\/encre-sympathique\/#breadcrumb\",\"itemListElement\":[{\"@type\":\"ListItem\",\"position\":1,\"name\":\"Accueil\",\"item\":\"https:\/\/legrandcontinent.eu\/fr\/\"},{\"@type\":\"ListItem\",\"position\":2,\"name\":\"Encre sympathique\"}]},{\"@type\":\"WebSite\",\"@id\":\"https:\/\/legrandcontinent.eu\/fr\/#website\",\"url\":\"https:\/\/legrandcontinent.eu\/fr\/\",\"name\":\"Le Grand Continent\",\"description\":\"L&#039;\u00e9chelle pertinente\",\"potentialAction\":[{\"@type\":\"SearchAction\",\"target\":{\"@type\":\"EntryPoint\",\"urlTemplate\":\"https:\/\/legrandcontinent.eu\/fr\/?s={search_term_string}\"},\"query-input\":{\"@type\":\"PropertyValueSpecification\",\"valueRequired\":true,\"valueName\":\"search_term_string\"}}],\"inLanguage\":\"fr-FR\"},{\"@type\":\"Person\",\"@id\":\"https:\/\/legrandcontinent.eu\/fr\/#\/schema\/person\/a1c2123a1ef5abd663fcde8f63063d45\",\"name\":\"Matheo Malik\",\"image\":{\"@type\":\"ImageObject\",\"inLanguage\":\"fr-FR\",\"@id\":\"https:\/\/legrandcontinent.eu\/fr\/#\/schema\/person\/image\/\",\"url\":\"https:\/\/secure.gravatar.com\/avatar\/62cbadb9f7f0804282928747d8d2051d?s=96&d=mm&r=g\",\"contentUrl\":\"https:\/\/secure.gravatar.com\/avatar\/62cbadb9f7f0804282928747d8d2051d?s=96&d=mm&r=g\",\"caption\":\"Matheo Malik\"}}]}<\/script>\n<!-- \/ Yoast SEO plugin. -->","yoast_head_json":{"title":"Encre sympathique | Le Grand Continent","robots":{"index":"index","follow":"follow","max-snippet":"max-snippet:-1","max-image-preview":"max-image-preview:large","max-video-preview":"max-video-preview:-1"},"canonical":"https:\/\/legrandcontinent.eu\/fr\/2019\/10\/05\/encre-sympathique\/","og_locale":"fr_FR","og_type":"article","og_title":"Encre sympathique | Le Grand Continent","og_description":"Le compte-rendu du dernier roman de Patrick Modiano.","og_url":"https:\/\/legrandcontinent.eu\/fr\/2019\/10\/05\/encre-sympathique\/","og_site_name":"Le Grand Continent","article_published_time":"2019-10-05T14:03:08+00:00","article_modified_time":"2019-10-17T20:40:13+00:00","og_image":[{"width":3307,"height":4843,"url":"https:\/\/legrandcontinent.eu\/fr\/wp-content\/uploads\/sites\/2\/2019\/10\/Modiano-Encre-Sympathique-Gallimard-2019.jpg","type":"image\/jpeg"}],"author":"Matheo Malik","twitter_card":"summary_large_image","twitter_misc":{"\u00c9crit par":"Matheo Malik","Dur\u00e9e de lecture estim\u00e9e":"8 minutes"},"schema":{"@context":"https:\/\/schema.org","@graph":[{"@type":"WebPage","@id":"https:\/\/legrandcontinent.eu\/fr\/2019\/10\/05\/encre-sympathique\/","url":"https:\/\/legrandcontinent.eu\/fr\/2019\/10\/05\/encre-sympathique\/","name":"Encre sympathique | Le Grand Continent","isPartOf":{"@id":"https:\/\/legrandcontinent.eu\/fr\/#website"},"primaryImageOfPage":{"@id":"https:\/\/legrandcontinent.eu\/fr\/2019\/10\/05\/encre-sympathique\/#primaryimage"},"image":{"@id":"https:\/\/legrandcontinent.eu\/fr\/2019\/10\/05\/encre-sympathique\/#primaryimage"},"thumbnailUrl":"https:\/\/legrandcontinent.eu\/fr\/wp-content\/uploads\/sites\/2\/2019\/10\/Modiano-Encre-Sympathique-Gallimard-2019.jpg","datePublished":"2019-10-05T14:03:08+00:00","dateModified":"2019-10-17T20:40:13+00:00","author":{"@id":"https:\/\/legrandcontinent.eu\/fr\/#\/schema\/person\/a1c2123a1ef5abd663fcde8f63063d45"},"breadcrumb":{"@id":"https:\/\/legrandcontinent.eu\/fr\/2019\/10\/05\/encre-sympathique\/#breadcrumb"},"inLanguage":"fr-FR","potentialAction":[{"@type":"ReadAction","target":["https:\/\/legrandcontinent.eu\/fr\/2019\/10\/05\/encre-sympathique\/"]}]},{"@type":"ImageObject","inLanguage":"fr-FR","@id":"https:\/\/legrandcontinent.eu\/fr\/2019\/10\/05\/encre-sympathique\/#primaryimage","url":"https:\/\/legrandcontinent.eu\/fr\/wp-content\/uploads\/sites\/2\/2019\/10\/Modiano-Encre-Sympathique-Gallimard-2019.jpg","contentUrl":"https:\/\/legrandcontinent.eu\/fr\/wp-content\/uploads\/sites\/2\/2019\/10\/Modiano-Encre-Sympathique-Gallimard-2019.jpg","width":3307,"height":4843,"caption":"Compte-rendu du dernier livre de Patrick Modiano par Mathieu Roger-Lacan pour Le Grand continent"},{"@type":"BreadcrumbList","@id":"https:\/\/legrandcontinent.eu\/fr\/2019\/10\/05\/encre-sympathique\/#breadcrumb","itemListElement":[{"@type":"ListItem","position":1,"name":"Accueil","item":"https:\/\/legrandcontinent.eu\/fr\/"},{"@type":"ListItem","position":2,"name":"Encre sympathique"}]},{"@type":"WebSite","@id":"https:\/\/legrandcontinent.eu\/fr\/#website","url":"https:\/\/legrandcontinent.eu\/fr\/","name":"Le Grand Continent","description":"L&#039;\u00e9chelle pertinente","potentialAction":[{"@type":"SearchAction","target":{"@type":"EntryPoint","urlTemplate":"https:\/\/legrandcontinent.eu\/fr\/?s={search_term_string}"},"query-input":{"@type":"PropertyValueSpecification","valueRequired":true,"valueName":"search_term_string"}}],"inLanguage":"fr-FR"},{"@type":"Person","@id":"https:\/\/legrandcontinent.eu\/fr\/#\/schema\/person\/a1c2123a1ef5abd663fcde8f63063d45","name":"Matheo Malik","image":{"@type":"ImageObject","inLanguage":"fr-FR","@id":"https:\/\/legrandcontinent.eu\/fr\/#\/schema\/person\/image\/","url":"https:\/\/secure.gravatar.com\/avatar\/62cbadb9f7f0804282928747d8d2051d?s=96&d=mm&r=g","contentUrl":"https:\/\/secure.gravatar.com\/avatar\/62cbadb9f7f0804282928747d8d2051d?s=96&d=mm&r=g","caption":"Matheo Malik"}}]}},"lgc_categories":[{"id":1728,"name":"Arts","slug":"arts"}],"lgc_author":{"id":1753,"name":"Mathieu Roger-Lacan","slug":"mathieu-roger-lacan"},"feature_image_summary":{"url":"https:\/\/legrandcontinent.eu\/fr\/wp-content\/uploads\/sites\/2\/2019\/10\/Modiano-Encre-Sympathique-Gallimard-2019.jpg","width":3307,"height":4843,"alt":"Modiano"},"feature_image_cover":{"url":"https:\/\/legrandcontinent.eu\/fr\/wp-content\/uploads\/sites\/2\/2019\/10\/20128817.jpg","width":578,"height":846,"alt":"Modiano Encre sympathique"},"term_position_data":null,"_links":{"self":[{"href":"https:\/\/legrandcontinent.eu\/fr\/wp-json\/wp\/v2\/posts\/48702","targetHints":{"allow":["GET"]}}],"collection":[{"href":"https:\/\/legrandcontinent.eu\/fr\/wp-json\/wp\/v2\/posts"}],"about":[{"href":"https:\/\/legrandcontinent.eu\/fr\/wp-json\/wp\/v2\/types\/post"}],"author":[{"embeddable":true,"href":"https:\/\/legrandcontinent.eu\/fr\/wp-json\/wp\/v2\/users\/10"}],"replies":[{"embeddable":true,"href":"https:\/\/legrandcontinent.eu\/fr\/wp-json\/wp\/v2\/comments?post=48702"}],"version-history":[{"count":0,"href":"https:\/\/legrandcontinent.eu\/fr\/wp-json\/wp\/v2\/posts\/48702\/revisions"}],"wp:featuredmedia":[{"embeddable":true,"href":"https:\/\/legrandcontinent.eu\/fr\/wp-json\/wp\/v2\/media\/48704"}],"wp:attachment":[{"href":"https:\/\/legrandcontinent.eu\/fr\/wp-json\/wp\/v2\/media?parent=48702"}],"wp:term":[{"taxonomy":"category","embeddable":true,"href":"https:\/\/legrandcontinent.eu\/fr\/wp-json\/wp\/v2\/categories?post=48702"},{"taxonomy":"post_tag","embeddable":true,"href":"https:\/\/legrandcontinent.eu\/fr\/wp-json\/wp\/v2\/tags?post=48702"},{"taxonomy":"staff","embeddable":true,"href":"https:\/\/legrandcontinent.eu\/fr\/wp-json\/wp\/v2\/staff?post=48702"},{"taxonomy":"editorial_format","embeddable":true,"href":"https:\/\/legrandcontinent.eu\/fr\/wp-json\/wp\/v2\/editorial_format?post=48702"},{"taxonomy":"serie","embeddable":true,"href":"https:\/\/legrandcontinent.eu\/fr\/wp-json\/wp\/v2\/serie?post=48702"},{"taxonomy":"audience","embeddable":true,"href":"https:\/\/legrandcontinent.eu\/fr\/wp-json\/wp\/v2\/audience?post=48702"},{"taxonomy":"geo","embeddable":true,"href":"https:\/\/legrandcontinent.eu\/fr\/wp-json\/wp\/v2\/geo?post=48702"}],"curies":[{"name":"wp","href":"https:\/\/api.w.org\/{rel}","templated":true}]}}