{"id":44755,"date":"2019-08-07T10:40:27","date_gmt":"2019-08-07T08:40:27","guid":{"rendered":"https:\/\/legrandcontinent.eu\/fr\/?p=44755"},"modified":"2019-08-07T10:40:29","modified_gmt":"2019-08-07T08:40:29","slug":"les-paris-du-peronisme-a-la-veille-des-presidentielles-en-argentine-lattrait-du-flou","status":"publish","type":"post","link":"https:\/\/legrandcontinent.eu\/fr\/2019\/08\/07\/les-paris-du-peronisme-a-la-veille-des-presidentielles-en-argentine-lattrait-du-flou\/","title":{"rendered":"Les paris du p\u00e9ronisme \u00e0 la veille des pr\u00e9sidentielles en Argentine&#160;: l\u2019attrait du flou"},"content":{"rendered":"\n<p><em>Buenos Aires<\/em>. Le 18 mai dernier, l\u2019ancienne pr\u00e9sidente argentine Cristina Fern\u00e1ndez de Kirchner (surnomm\u00e9e CFK, 2007-2015) a annonc\u00e9 qu\u2019elle briguerait la vice-pr\u00e9sidence du pays \u2013et non pas, comme beaucoup l\u2019esp\u00e9raient ou le craignaient, la pr\u00e9sidence- lors des \u00e9lections du 27 octobre. \u00c0 la t\u00eate de la coalition se trouve donc Alberto Fern\u00e1ndez, p\u00e9roniste de longue date qui s\u2019\u00e9tait pourtant \u00e9loign\u00e9 sensiblement du kirchn\u00e9risme \u00e0 partir de 2008.&nbsp;<span class='whitespace-nowrap'><span id='easy-footnote-1-44755' class='easy-footnote-margin-adjust'><\/span><span class='easy-footnote'><a href='https:\/\/legrandcontinent.eu\/fr\/2019\/08\/07\/les-paris-du-peronisme-a-la-veille-des-presidentielles-en-argentine-lattrait-du-flou\/#easy-footnote-bottom-1-44755' title='MANAC&amp;rsquo;H Laurine, &lt;a href=&quot;https:\/\/legrandcontinent.eu\/fr\/2019\/05\/20\/lannonce-de-la-formule-fernandez-fernandez-de-kirchner-de-lart-politique-pour-les-elections-presidentielles-argentines\/&quot;&gt;L\u2019annonce de la formule Fern\u00e1ndez \u2013 Fern\u00e1ndez de Kirchner&amp;#160;: de l\u2019art politique pour l\u2019\u00e9lection pr\u00e9sidentielle argentine&amp;#160;?&lt;\/a&gt;, Le Grand Continent, 20 mai 2019'><sup>1<\/sup><\/a><\/span><\/span> La coalition dans laquelle s\u2019inscrit la formule Fern\u00e1ndez-Fern\u00e1ndez est commun\u00e9ment appel\u00e9e, lorsqu\u2019elle est nomm\u00e9e \u00e0 voix haute, mais aussi dans la plupart des occurrences \u00e9crites, \u00ab&#160;Frente de Todos&#160;\u00bb&nbsp;<span class='whitespace-nowrap'><span id='easy-footnote-2-44755' class='easy-footnote-margin-adjust'><\/span><span class='easy-footnote'><a href='https:\/\/legrandcontinent.eu\/fr\/2019\/08\/07\/les-paris-du-peronisme-a-la-veille-des-presidentielles-en-argentine-lattrait-du-flou\/#easy-footnote-bottom-2-44755' title='&lt;a href=&quot;https:\/\/www.politicargentina.com\/notas\/201906\/29429-todos-el-frente-de-la-unidad-peronista.html&quot;&gt;Frente de Todos&amp;#160;: la coalici\u00f3n de la unidad peronista&lt;\/a&gt;, &lt;em&gt;Pol\u00edtica Argentina&lt;\/em&gt;, 12 juin 2019.'><sup>2<\/sup><\/a><\/span><\/span>. Or cette d\u00e9signation omet ou contourne la probl\u00e9matique pos\u00e9e par le logo adopt\u00e9 par les candidats, dans lequel un soleil remplace le deuxi\u00e8me \u00ab&#160;o&#160;\u00bb de \u00ab&#160;todos&#160;\u00bb, c\u2019est-\u00e0-dire le marqueur du genre \u2013dans ce cas-ci masculin- en espagnol. Un choix esth\u00e9tique qui en dit long sur les valeurs, le fonctionnement et la plasticit\u00e9 fonci\u00e8re du p\u00e9ronisme, et pour lequel, comme c\u2019est le cas souvent lorsqu\u2019il s\u2019agit d\u2019expliquer la nature de ce mouvement datant des ann\u00e9es 1940, toute tentative de transposition orale est in\u00e9luctablement r\u00e9ductrice.<\/p>\n\n\n\n<p>Le remplacement du \u00ab&#160;o&#160;\u00bb par un symbole autre semble r\u00e9pondre tout d\u2019abord aux revendications f\u00e9ministes qui secouent le pays depuis 2015 (avec le premier rassemblement \u00ab&#160;Ni Una Menos&#160;\u00bb), parmi lesquelles la plus importante a sans doute \u00e9t\u00e9 la campagne de 2018 pour la loi IVG. Ces mouvements militent en faveur de l\u2019adoption d\u2019un langage inclusif qui, en espagnol, suppose le remplacement du marqueur de genre (\u00ab&#160;o&#160;\u00bb pour le masculin, \u00ab&#160;a&#160;\u00bb pour le f\u00e9minin), par une troisi\u00e8me voyelle, le \u00ab&#160;e&#160;\u00bb &#8211; une alternative qui a l\u2019avantage d\u2019\u00eatre en coh\u00e9rence avec la grande correspondance entre symboles \u00e9crits et phon\u00e8mes qui caract\u00e9rise cette langue, bien que certains pr\u00e9f\u00e8reront le \u00ab&#160;x&#160;\u00bb pour transcrire la neutralit\u00e9 de genre. Dans \u201cTod\u2600s\u201d on peut donc lire \u00ab&#160;todes&#160;\u00bb ou \u00ab&#160;todxs&#160;\u00bb, le signe d\u2019une inclusion qui se veut r\u00e9elle et d\u2019une mise \u00e0 jour de la conscience des candidats par rapport aux d\u00e9bats li\u00e9s au genre qui se multiplient dans la soci\u00e9t\u00e9 argentine. C\u2019est l\u00e0 aussi le sens de la pr\u00e9sence de Victoria Donda dans la coalition, une des porte-paroles du projet de loi IVG \u00e0 l\u2019Assembl\u00e9e, ou de la tr\u00e8s jeune Ofelia Fern\u00e1ndez \u2013\u00e0 19 ans, elle est candidate \u00e0 la L\u00e9gislature de Buenos Aires-, qui incarne les ambitions d\u2019une nouvelle g\u00e9n\u00e9ration travers\u00e9e de long en large par cette vague f\u00e9ministe. G\u00e9n\u00e9ration qui, par ailleurs, a le plus souvent fait son apprentissage politique sous les deux mandats de CFK, notamment du fait de l\u2019abaissement, en 2012, de l\u2019\u00e2ge de droit de vote \u00e0 16 ans.\u00a0<\/p>\n\n\n\n<p>Les r\u00e9clamations de ce secteur de la soci\u00e9t\u00e9 ne semblent pourtant pas avoir \u00e9t\u00e9, jusqu\u2019\u00e0 bien r\u00e9cemment, parmi les priorit\u00e9s du p\u00e9ronisme ni, bien entendu, de la branche kirchn\u00e9riste. Car si le p\u00e9ronisme est pass\u00e9 \u00e0 l\u2019histoire comme le mouvement ayant octroy\u00e9 le droit de vote aux femmes, CFK a bien d\u00fb faire un <em>mea culpa<\/em> au S\u00e9nat lorsqu\u2019elle votait en faveur du projet de loi IVG, un sujet qu\u2019elle avait refus\u00e9 de mettre \u00e0 l\u2019ordre du jour au cours de ses deux mandats pr\u00e9sidentiels&nbsp;<span class='whitespace-nowrap'><span id='easy-footnote-3-44755' class='easy-footnote-margin-adjust'><\/span><span class='easy-footnote'><a href='https:\/\/legrandcontinent.eu\/fr\/2019\/08\/07\/les-paris-du-peronisme-a-la-veille-des-presidentielles-en-argentine-lattrait-du-flou\/#easy-footnote-bottom-3-44755' title='&lt;em&gt;Perfil&lt;\/em&gt;, &lt;a href=&quot;https:\/\/www.perfil.com\/noticias\/50y50\/frases-mas-destacadas-cristina-kirchner-durante-intervencion-senado.phtml&quot;&gt;Las frases m\u00e1s destacadas de Cristina durante su intervenci\u00f3n en el Senado&lt;\/a&gt;,9 ao\u00fbt 2018.'><sup>3<\/sup><\/a><\/span><\/span>. La transformation de l\u2019avis de l\u2019ancienne pr\u00e9sidente t\u00e9moigne \u00e0 la fois de l\u2019opportunisme de cette politicienne inn\u00e9e \u2013 face \u00e0 un Mauricio Macri qui avait habilit\u00e9 le d\u00e9bat mais qui, \u00e0 l\u2019instar de son cercle le plus proche, s\u2019oppose \u00e0 cette loi \u2013 et de l\u2019\u00e9volution des mentalit\u00e9s dans la soci\u00e9t\u00e9 et la vie politique argentines, mais aussi de ce qu\u2019 Ernesto Laclau appelait la \u00ab&#160;logique&#160;\u00bb des mouvements latino-am\u00e9ricains dits \u00ab&#160;populistes&#160;\u00bb. Ceux-ci, expliquait Laclau dans <em>La raison populiste<\/em>&nbsp;<span class='whitespace-nowrap'><span id='easy-footnote-4-44755' class='easy-footnote-margin-adjust'><\/span><span class='easy-footnote'><a href='https:\/\/legrandcontinent.eu\/fr\/2019\/08\/07\/les-paris-du-peronisme-a-la-veille-des-presidentielles-en-argentine-lattrait-du-flou\/#easy-footnote-bottom-4-44755' title='LACLAU Ernesto, &lt;em&gt;&lt;a href=&quot;http:\/\/www.liderazgos-sxxi.com.ar\/bibliografia\/laclau-cap-6.pdf&quot;&gt;La raz\u00f3n populista&lt;\/a&gt;&lt;\/em&gt;, Buenos Aires, Fondo de Cultura Econ\u00f3mica, 2005.'><sup>4<\/sup><\/a><\/span><\/span>, se caract\u00e9riseraient par leur capacit\u00e9 \u00e0 g\u00e9n\u00e9rer un syst\u00e8me d\u2019\u00e9quivalences entre les revendications des divers secteurs de ce qu\u2019ils d\u00e9signent comme \u00e9tant le \u00ab&#160;peuple&#160;\u00bb&#160;; ainsi, les exigences des f\u00e9ministes deviennent assimilables \u00e0 celles des travailleurs manuels ou des professeurs des universit\u00e9s&#160;: tous (et, en l\u2019occurrence, toutes) font partie d\u2019un m\u00eame \u00ab&#160;nous&#160;\u00bb devant faire face \u00e0 un ennemi d\u00e9sign\u00e9 (\u00ab&#160;eux&#160;\u00bb) et incarn\u00e9, dans ce cas-ci, par le macrisme. En a \u00e9t\u00e9 symptomatique l\u2019emploi du terme de \u00ab&#160;grieta&#160;\u00bb (ce nom, que l\u2019on traduirait par <em>fissure<\/em>, d\u00e9signe ici le clivage fortement accentu\u00e9) pour parler de l\u2019antagonisme entre les partisans d\u2019une loi IVG et ses d\u00e9tracteurs, expression qui renvoie dans le contexte politique argentin \u00e0 l\u2019opposition entre kirchn\u00e9ristes et anti-kirchn\u00e9ristes (ou plus pr\u00e9cis\u00e9ment macristes), alors m\u00eame que ces deux dichotomies (kirchn\u00e9risme\/macrisme et pro-IVG\/anti-IVG) ne sauraient se confondre&nbsp;<span class='whitespace-nowrap'><span id='easy-footnote-5-44755' class='easy-footnote-margin-adjust'><\/span><span class='easy-footnote'><a href='https:\/\/legrandcontinent.eu\/fr\/2019\/08\/07\/les-paris-du-peronisme-a-la-veille-des-presidentielles-en-argentine-lattrait-du-flou\/#easy-footnote-bottom-5-44755' title='PALADINI Eduardo, &lt;a href=&quot;https:\/\/www.clarin.com\/politica\/grieta-aborto-horas-sesion-dicen-ultimas-encuestas_0_BklKpGPBQ.html&quot;&gt;La grieta por el aborto&amp;#160;: a horas de la sesi\u00f3n, qu\u00e9 dicen las \u00faltimas encuestas&lt;\/a&gt;, &lt;em&gt;Clar\u00edn&lt;\/em&gt;, 7 ao\u00fbt 2018.'><sup>5<\/sup><\/a><\/span><\/span>.<\/p>\n\n\n\n<p>Le kirchn\u00e9risme r\u00e9ussit donc \u00e0 r\u00e9cup\u00e9rer les revendications f\u00e9ministes sans pour autant appara\u00eetre comme un mouvement f\u00e9ministe. Il fait, encore une fois, le pari de l\u2019impr\u00e9cision et de l\u2019ambigu\u00eft\u00e9&#160;: qui veut peut voir un \u00ab&#160;e&#160;\u00bb ou un \u00ab&#160;x&#160;\u00bb dans le soleil de \u00ab&#160;todos&#160;\u00bb, mais ceux-ci n\u2019apparaissent, en r\u00e9alit\u00e9, nulle part. La coalition donne \u00e0 son \u00e9lectorat la possibilit\u00e9 de projeter sur elle ses pr\u00e9occupations particuli\u00e8res, mais refuse de prendre en charge le langage inclusif et d\u2019avoir \u00e0 r\u00e9pondre de ce choix. Le soleil devient, comme le terme de \u00ab&#160;peuple&#160;\u00bb, un signifiant vide. Un signifiant qui sera le plus souvent lu tout simplement comme un \u00ab&#160;o&#160;\u00bb, du fait que les partis qui int\u00e8grent la coalition comptent, parmi leurs adh\u00e9rents, des secteurs fonci\u00e8rement r\u00e9ticents \u00e0 la lutte f\u00e9ministe \u2013 et, bien entendu, \u00e0 ses fa\u00e7ons de remanier le langage. D\u2019o\u00f9, aussi, les nuances apport\u00e9es par Alberto Fern\u00e1ndez \u00e0 son soutien \u00e0 la l\u00e9galisation de l\u2019avortement quelques jours apr\u00e8s sa d\u00e9signation comme candidat \u00e0 la Pr\u00e9sidence, qui n\u2019ont pas manqu\u00e9 d\u2019\u00eatre d\u00e9nonc\u00e9es par les partis plus \u00e0 gauche dans le spectre politique&nbsp;<span class='whitespace-nowrap'><span id='easy-footnote-6-44755' class='easy-footnote-margin-adjust'><\/span><span class='easy-footnote'><a href='https:\/\/legrandcontinent.eu\/fr\/2019\/08\/07\/les-paris-du-peronisme-a-la-veille-des-presidentielles-en-argentine-lattrait-du-flou\/#easy-footnote-bottom-6-44755' title='&lt;a href=&quot;https:\/\/www.perfil.com\/noticias\/politica\/alberto-fernandez-dijo-no-hay-necesidad-de-avanzar-rapidamente-en-legalizacion-del-aborto.phtml&quot;&gt;Alberto Fern\u00e1ndez&amp;#160;: \u00ab&amp;#160;No hay necesidad de avanzar tan r\u00e1pidamente en la legalizaci\u00f3n del aborto&amp;#160;\u00bb&lt;\/a&gt;, Perfil, 23 mai 2019.'><sup>6<\/sup><\/a><\/span><\/span>.<\/p>\n\n\n\n<p>Ce soleil est ainsi une manifestation de la tension inh\u00e9rente au mouvement p\u00e9roniste, souvent travers\u00e9 par des forces progressistes d\u2019une part et nettement conformistes de l\u2019autre. Mais il est aussi la marque du nationalisme foncier qui caract\u00e9rise le p\u00e9ronisme d\u00e8s sa naissance&#160;: il renvoie au soleil au centre du drapeau argentin \u2013 et, sans surprise, il appara\u00eet dans les affiches de la coalition entour\u00e9 de blanc et de bleu-ciel. Les f\u00e9minismes peuvent donc \u00eatre absorb\u00e9s ou r\u00e9cup\u00e9r\u00e9s par le p\u00e9ronisme lorsqu\u2019ils sont compris comme autant de manifestations d\u2019un d\u00e9sir d\u2019appartenance \u00e0 la Patrie \u2013qui doit se faire, par exemple, via la conqu\u00eate de droits sociaux \u2013&#160;; cependant, en derni\u00e8re instance, c\u2019est bien l\u2019all\u00e9geance \u00e0 la <em>Patria<\/em> qui prime.\u00a0<\/p>\n\n\n\n\n\n<figure class=\"wp-block-image wp-block-image-medium\"\n    data-shadow=\"false\"\n    data-use-original-file=\"false\">\n    <a\n        data-pswp-src=\"https:\/\/legrandcontinent.eu\/fr\/wp-content\/uploads\/sites\/2\/2019\/08\/pasted-image-0-1.png\"\n        class=\"inline-block gallery-item no-underline \"\n        data-pswp-width=\"1066\"\n        data-pswp-height=\"1600\">\n                                        <picture>\r\n                    <source\r\n                srcset=\"https:\/\/legrandcontinent.eu\/fr\/wp-content\/uploads\/sites\/2\/2019\/08\/pasted-image-0-1-330x495.png\"\r\n                media=\"(max-width:  374px)\" \/>\r\n                    <source\r\n                srcset=\"https:\/\/legrandcontinent.eu\/fr\/wp-content\/uploads\/sites\/2\/2019\/08\/pasted-image-0-1-690x1036.png\"\r\n                media=\"(max-width:  989px)\" \/>\r\n                    <source\r\n                srcset=\"https:\/\/legrandcontinent.eu\/fr\/wp-content\/uploads\/sites\/2\/2019\/08\/pasted-image-0-1-990x1486.png\"\r\n                media=\"(max-width: 1319px)\" \/>\r\n                    <source\r\n                srcset=\"https:\/\/legrandcontinent.eu\/fr\/wp-content\/uploads\/sites\/2\/2019\/08\/pasted-image-0-1-690x1036.png\"\r\n                media=\"(max-width: 1599px)\" \/>\r\n                    <source\r\n                srcset=\"https:\/\/legrandcontinent.eu\/fr\/wp-content\/uploads\/sites\/2\/2019\/08\/pasted-image-0-1-990x1486.png\"\r\n                media=\"(min-width: 1600px)\" \/>\r\n                <img decoding=\"async\" src=\"https:\/\/legrandcontinent.eu\/fr\/wp-content\/uploads\/sites\/2\/2019\/08\/pasted-image-0-1-125x188.png\" \/>\r\n        <\/picture>\r\n                            \n            <\/a>\n<\/figure>\n\n\n<h4 class=\"wp-block-heading\">Perspectives&#160;:<\/h4>\n\n\n\n<ul class=\"wp-block-list\"><li>11 aout&#160;: \u00e9lections primaires en Argentine (ouvertes, simultan\u00e9es et obligatoires) pour d\u00e9cider les candidats qui participeront aux \u00e9lections pr\u00e9sidentielles<\/li><\/ul>\n","protected":false},"excerpt":{"rendered":"<p>Le 18 mai dernier, l\u2019ancienne pr\u00e9sidente argentine Cristina Fern\u00e1ndez de Kirchner (2007-2015) a annonc\u00e9 qu\u2019elle briguerait la vice-pr\u00e9sidence du pays \u2013et non pas, comme beaucoup l\u2019esp\u00e9raient ou le craignaient, la pr\u00e9sidence- lors des \u00e9lections du 27 octobre. \u00c0 la t\u00eate de la coalition du Frente de Tod\u2600s (Front de Tous) se trouve donc Alberto Fern\u00e1ndez, p\u00e9roniste de longue date qui s\u2019\u00e9tait pourtant \u00e9loign\u00e9 sensiblement du kirchn\u00e9risme \u00e0 partir de 2008. Une formule surprenante lorsqu\u2019elle est annonc\u00e9e, mais dont le but devient vite clair&#160;&#160;: plaire \u00e0 tous ou, faute de cela, au plus grand nombre. Dans un pays o\u00f9 le f\u00e9minisme conna\u00eet depuis quelques ann\u00e9es un essor historique, ce terme de \u00ab&#160;&#160;tous&#160;&#160;\u00bb devient un engin \u00e0 manier avec pr\u00e9caution.<\/p>\n","protected":false},"author":175,"featured_media":0,"comment_status":"closed","ping_status":"closed","sticky":false,"template":"templates\/post-briefings.php","format":"standard","meta":{"_acf_changed":false,"_trash_the_other_posts":false,"_yoast_wpseo_estimated-reading-time-minutes":0,"footnotes":""},"categories":[1731],"tags":[],"staff":[1659],"editorial_format":[],"serie":[],"audience":[],"geo":[525],"class_list":["post-44755","post","type-post","status-publish","format-standard","hentry","category-politique","staff-julia-de-ipola","geo-ameriques"],"acf":{"open_in_webview":false,"accent":false},"yoast_head":"<!-- This site is optimized with the Yoast SEO plugin v26.1.1 - https:\/\/yoast.com\/wordpress\/plugins\/seo\/ -->\n<title>Les paris du p\u00e9ronisme \u00e0 la veille des pr\u00e9sidentielles en Argentine : l\u2019attrait du flou | Le Grand Continent<\/title>\n<meta name=\"robots\" content=\"index, follow, max-snippet:-1, max-image-preview:large, max-video-preview:-1\" \/>\n<link rel=\"canonical\" href=\"https:\/\/legrandcontinent.eu\/fr\/2019\/08\/07\/les-paris-du-peronisme-a-la-veille-des-presidentielles-en-argentine-lattrait-du-flou\/\" \/>\n<meta property=\"og:locale\" content=\"fr_FR\" \/>\n<meta property=\"og:type\" content=\"article\" \/>\n<meta property=\"og:title\" content=\"Les paris du p\u00e9ronisme \u00e0 la veille des pr\u00e9sidentielles en Argentine : l\u2019attrait du flou | Le Grand Continent\" \/>\n<meta property=\"og:description\" content=\"Le 18 mai dernier, l\u2019ancienne pr\u00e9sidente argentine Cristina Fern\u00e1ndez de Kirchner (2007-2015) a annonc\u00e9 qu\u2019elle briguerait la vice-pr\u00e9sidence du pays \u2013et non pas, comme beaucoup l\u2019esp\u00e9raient ou le craignaient, la pr\u00e9sidence- lors des \u00e9lections du 27 octobre. \u00c0 la t\u00eate de la coalition du Frente de Tod\u2600s (Front de Tous) se trouve donc Alberto Fern\u00e1ndez, p\u00e9roniste de longue date qui s\u2019\u00e9tait pourtant \u00e9loign\u00e9 sensiblement du kirchn\u00e9risme \u00e0 partir de 2008. Une formule surprenante lorsqu\u2019elle est annonc\u00e9e, mais dont le but devient vite clair&#160;: plaire \u00e0 tous ou, faute de cela, au plus grand nombre. Dans un pays o\u00f9 le f\u00e9minisme conna\u00eet depuis quelques ann\u00e9es un essor historique, ce terme de \u00ab&#160;tous&#160;\u00bb devient un engin \u00e0 manier avec pr\u00e9caution.\" \/>\n<meta property=\"og:url\" content=\"https:\/\/legrandcontinent.eu\/fr\/2019\/08\/07\/les-paris-du-peronisme-a-la-veille-des-presidentielles-en-argentine-lattrait-du-flou\/\" \/>\n<meta property=\"og:site_name\" content=\"Le Grand Continent\" \/>\n<meta property=\"article:published_time\" content=\"2019-08-07T08:40:27+00:00\" \/>\n<meta property=\"article:modified_time\" content=\"2019-08-07T08:40:29+00:00\" \/>\n<meta property=\"og:image\" content=\"https:\/\/legrandcontinent.eu\/fr\/wp-content\/uploads\/sites\/2\/2019\/08\/pasted-image-0-1.png\" \/>\n\t<meta property=\"og:image:width\" content=\"1066\" \/>\n\t<meta property=\"og:image:height\" content=\"1600\" \/>\n\t<meta property=\"og:image:type\" content=\"image\/png\" \/>\n<meta name=\"author\" content=\"Giovanni Collot\" \/>\n<meta name=\"twitter:card\" content=\"summary_large_image\" \/>\n<meta name=\"twitter:image\" content=\"https:\/\/legrandcontinent.eu\/fr\/wp-content\/uploads\/sites\/2\/2019\/08\/pasted-image-0-1.png\" \/>\n<meta name=\"twitter:label1\" content=\"\u00c9crit par\" \/>\n\t<meta name=\"twitter:data1\" content=\"Giovanni Collot\" \/>\n\t<meta name=\"twitter:label2\" content=\"Dur\u00e9e de lecture estim\u00e9e\" \/>\n\t<meta name=\"twitter:data2\" content=\"7 minutes\" \/>\n<script type=\"application\/ld+json\" class=\"yoast-schema-graph\">{\"@context\":\"https:\/\/schema.org\",\"@graph\":[{\"@type\":\"WebPage\",\"@id\":\"https:\/\/legrandcontinent.eu\/fr\/2019\/08\/07\/les-paris-du-peronisme-a-la-veille-des-presidentielles-en-argentine-lattrait-du-flou\/\",\"url\":\"https:\/\/legrandcontinent.eu\/fr\/2019\/08\/07\/les-paris-du-peronisme-a-la-veille-des-presidentielles-en-argentine-lattrait-du-flou\/\",\"name\":\"Les paris du p\u00e9ronisme \u00e0 la veille des pr\u00e9sidentielles en Argentine : l\u2019attrait du flou | Le Grand Continent\",\"isPartOf\":{\"@id\":\"https:\/\/legrandcontinent.eu\/fr\/#website\"},\"datePublished\":\"2019-08-07T08:40:27+00:00\",\"dateModified\":\"2019-08-07T08:40:29+00:00\",\"author\":{\"@id\":\"https:\/\/legrandcontinent.eu\/fr\/#\/schema\/person\/953192c3de3c2331be3997745a2f12ef\"},\"breadcrumb\":{\"@id\":\"https:\/\/legrandcontinent.eu\/fr\/2019\/08\/07\/les-paris-du-peronisme-a-la-veille-des-presidentielles-en-argentine-lattrait-du-flou\/#breadcrumb\"},\"inLanguage\":\"fr-FR\",\"potentialAction\":[{\"@type\":\"ReadAction\",\"target\":[\"https:\/\/legrandcontinent.eu\/fr\/2019\/08\/07\/les-paris-du-peronisme-a-la-veille-des-presidentielles-en-argentine-lattrait-du-flou\/\"]}]},{\"@type\":\"BreadcrumbList\",\"@id\":\"https:\/\/legrandcontinent.eu\/fr\/2019\/08\/07\/les-paris-du-peronisme-a-la-veille-des-presidentielles-en-argentine-lattrait-du-flou\/#breadcrumb\",\"itemListElement\":[{\"@type\":\"ListItem\",\"position\":1,\"name\":\"Accueil\",\"item\":\"https:\/\/legrandcontinent.eu\/fr\/\"},{\"@type\":\"ListItem\",\"position\":2,\"name\":\"Les paris du p\u00e9ronisme \u00e0 la veille des pr\u00e9sidentielles en Argentine&#160;: l\u2019attrait du flou\"}]},{\"@type\":\"WebSite\",\"@id\":\"https:\/\/legrandcontinent.eu\/fr\/#website\",\"url\":\"https:\/\/legrandcontinent.eu\/fr\/\",\"name\":\"Le Grand Continent\",\"description\":\"L&#039;\u00e9chelle pertinente\",\"potentialAction\":[{\"@type\":\"SearchAction\",\"target\":{\"@type\":\"EntryPoint\",\"urlTemplate\":\"https:\/\/legrandcontinent.eu\/fr\/?s={search_term_string}\"},\"query-input\":{\"@type\":\"PropertyValueSpecification\",\"valueRequired\":true,\"valueName\":\"search_term_string\"}}],\"inLanguage\":\"fr-FR\"},{\"@type\":\"Person\",\"@id\":\"https:\/\/legrandcontinent.eu\/fr\/#\/schema\/person\/953192c3de3c2331be3997745a2f12ef\",\"name\":\"Giovanni Collot\",\"image\":{\"@type\":\"ImageObject\",\"inLanguage\":\"fr-FR\",\"@id\":\"https:\/\/legrandcontinent.eu\/fr\/#\/schema\/person\/image\/\",\"url\":\"https:\/\/secure.gravatar.com\/avatar\/d93cac37237065a8de4498df3db60dde?s=96&d=mm&r=g\",\"contentUrl\":\"https:\/\/secure.gravatar.com\/avatar\/d93cac37237065a8de4498df3db60dde?s=96&d=mm&r=g\",\"caption\":\"Giovanni Collot\"}}]}<\/script>\n<!-- \/ Yoast SEO plugin. -->","yoast_head_json":{"title":"Les paris du p\u00e9ronisme \u00e0 la veille des pr\u00e9sidentielles en Argentine : l\u2019attrait du flou | Le Grand Continent","robots":{"index":"index","follow":"follow","max-snippet":"max-snippet:-1","max-image-preview":"max-image-preview:large","max-video-preview":"max-video-preview:-1"},"canonical":"https:\/\/legrandcontinent.eu\/fr\/2019\/08\/07\/les-paris-du-peronisme-a-la-veille-des-presidentielles-en-argentine-lattrait-du-flou\/","og_locale":"fr_FR","og_type":"article","og_title":"Les paris du p\u00e9ronisme \u00e0 la veille des pr\u00e9sidentielles en Argentine : l\u2019attrait du flou | Le Grand Continent","og_description":"Le 18 mai dernier, l\u2019ancienne pr\u00e9sidente argentine Cristina Fern\u00e1ndez de Kirchner (2007-2015) a annonc\u00e9 qu\u2019elle briguerait la vice-pr\u00e9sidence du pays \u2013et non pas, comme beaucoup l\u2019esp\u00e9raient ou le craignaient, la pr\u00e9sidence- lors des \u00e9lections du 27 octobre. \u00c0 la t\u00eate de la coalition du Frente de Tod\u2600s (Front de Tous) se trouve donc Alberto Fern\u00e1ndez, p\u00e9roniste de longue date qui s\u2019\u00e9tait pourtant \u00e9loign\u00e9 sensiblement du kirchn\u00e9risme \u00e0 partir de 2008. Une formule surprenante lorsqu\u2019elle est annonc\u00e9e, mais dont le but devient vite clair&#160;: plaire \u00e0 tous ou, faute de cela, au plus grand nombre. Dans un pays o\u00f9 le f\u00e9minisme conna\u00eet depuis quelques ann\u00e9es un essor historique, ce terme de \u00ab&#160;tous&#160;\u00bb devient un engin \u00e0 manier avec pr\u00e9caution.","og_url":"https:\/\/legrandcontinent.eu\/fr\/2019\/08\/07\/les-paris-du-peronisme-a-la-veille-des-presidentielles-en-argentine-lattrait-du-flou\/","og_site_name":"Le Grand Continent","article_published_time":"2019-08-07T08:40:27+00:00","article_modified_time":"2019-08-07T08:40:29+00:00","og_image":[{"width":1066,"height":1600,"url":"https:\/\/legrandcontinent.eu\/fr\/wp-content\/uploads\/sites\/2\/2019\/08\/pasted-image-0-1.png","type":"image\/png"}],"author":"Giovanni Collot","twitter_card":"summary_large_image","twitter_image":"https:\/\/legrandcontinent.eu\/fr\/wp-content\/uploads\/sites\/2\/2019\/08\/pasted-image-0-1.png","twitter_misc":{"\u00c9crit par":"Giovanni Collot","Dur\u00e9e de lecture estim\u00e9e":"7 minutes"},"schema":{"@context":"https:\/\/schema.org","@graph":[{"@type":"WebPage","@id":"https:\/\/legrandcontinent.eu\/fr\/2019\/08\/07\/les-paris-du-peronisme-a-la-veille-des-presidentielles-en-argentine-lattrait-du-flou\/","url":"https:\/\/legrandcontinent.eu\/fr\/2019\/08\/07\/les-paris-du-peronisme-a-la-veille-des-presidentielles-en-argentine-lattrait-du-flou\/","name":"Les paris du p\u00e9ronisme \u00e0 la veille des pr\u00e9sidentielles en Argentine : l\u2019attrait du flou | Le Grand Continent","isPartOf":{"@id":"https:\/\/legrandcontinent.eu\/fr\/#website"},"datePublished":"2019-08-07T08:40:27+00:00","dateModified":"2019-08-07T08:40:29+00:00","author":{"@id":"https:\/\/legrandcontinent.eu\/fr\/#\/schema\/person\/953192c3de3c2331be3997745a2f12ef"},"breadcrumb":{"@id":"https:\/\/legrandcontinent.eu\/fr\/2019\/08\/07\/les-paris-du-peronisme-a-la-veille-des-presidentielles-en-argentine-lattrait-du-flou\/#breadcrumb"},"inLanguage":"fr-FR","potentialAction":[{"@type":"ReadAction","target":["https:\/\/legrandcontinent.eu\/fr\/2019\/08\/07\/les-paris-du-peronisme-a-la-veille-des-presidentielles-en-argentine-lattrait-du-flou\/"]}]},{"@type":"BreadcrumbList","@id":"https:\/\/legrandcontinent.eu\/fr\/2019\/08\/07\/les-paris-du-peronisme-a-la-veille-des-presidentielles-en-argentine-lattrait-du-flou\/#breadcrumb","itemListElement":[{"@type":"ListItem","position":1,"name":"Accueil","item":"https:\/\/legrandcontinent.eu\/fr\/"},{"@type":"ListItem","position":2,"name":"Les paris du p\u00e9ronisme \u00e0 la veille des pr\u00e9sidentielles en Argentine&#160;: l\u2019attrait du flou"}]},{"@type":"WebSite","@id":"https:\/\/legrandcontinent.eu\/fr\/#website","url":"https:\/\/legrandcontinent.eu\/fr\/","name":"Le Grand Continent","description":"L&#039;\u00e9chelle pertinente","potentialAction":[{"@type":"SearchAction","target":{"@type":"EntryPoint","urlTemplate":"https:\/\/legrandcontinent.eu\/fr\/?s={search_term_string}"},"query-input":{"@type":"PropertyValueSpecification","valueRequired":true,"valueName":"search_term_string"}}],"inLanguage":"fr-FR"},{"@type":"Person","@id":"https:\/\/legrandcontinent.eu\/fr\/#\/schema\/person\/953192c3de3c2331be3997745a2f12ef","name":"Giovanni Collot","image":{"@type":"ImageObject","inLanguage":"fr-FR","@id":"https:\/\/legrandcontinent.eu\/fr\/#\/schema\/person\/image\/","url":"https:\/\/secure.gravatar.com\/avatar\/d93cac37237065a8de4498df3db60dde?s=96&d=mm&r=g","contentUrl":"https:\/\/secure.gravatar.com\/avatar\/d93cac37237065a8de4498df3db60dde?s=96&d=mm&r=g","caption":"Giovanni Collot"}}]}},"lgc_categories":[{"id":1731,"name":"Politique","slug":"politique"}],"lgc_author":{"id":1659,"name":"Julia de \u00cdpola","slug":"julia-de-ipola","first_name":null,"last_name":null,"picture":null},"feature_image_summary":null,"feature_image_cover":null,"term_position_data":null,"_links":{"self":[{"href":"https:\/\/legrandcontinent.eu\/fr\/wp-json\/wp\/v2\/posts\/44755","targetHints":{"allow":["GET"]}}],"collection":[{"href":"https:\/\/legrandcontinent.eu\/fr\/wp-json\/wp\/v2\/posts"}],"about":[{"href":"https:\/\/legrandcontinent.eu\/fr\/wp-json\/wp\/v2\/types\/post"}],"author":[{"embeddable":true,"href":"https:\/\/legrandcontinent.eu\/fr\/wp-json\/wp\/v2\/users\/175"}],"replies":[{"embeddable":true,"href":"https:\/\/legrandcontinent.eu\/fr\/wp-json\/wp\/v2\/comments?post=44755"}],"version-history":[{"count":0,"href":"https:\/\/legrandcontinent.eu\/fr\/wp-json\/wp\/v2\/posts\/44755\/revisions"}],"wp:attachment":[{"href":"https:\/\/legrandcontinent.eu\/fr\/wp-json\/wp\/v2\/media?parent=44755"}],"wp:term":[{"taxonomy":"category","embeddable":true,"href":"https:\/\/legrandcontinent.eu\/fr\/wp-json\/wp\/v2\/categories?post=44755"},{"taxonomy":"post_tag","embeddable":true,"href":"https:\/\/legrandcontinent.eu\/fr\/wp-json\/wp\/v2\/tags?post=44755"},{"taxonomy":"staff","embeddable":true,"href":"https:\/\/legrandcontinent.eu\/fr\/wp-json\/wp\/v2\/staff?post=44755"},{"taxonomy":"editorial_format","embeddable":true,"href":"https:\/\/legrandcontinent.eu\/fr\/wp-json\/wp\/v2\/editorial_format?post=44755"},{"taxonomy":"serie","embeddable":true,"href":"https:\/\/legrandcontinent.eu\/fr\/wp-json\/wp\/v2\/serie?post=44755"},{"taxonomy":"audience","embeddable":true,"href":"https:\/\/legrandcontinent.eu\/fr\/wp-json\/wp\/v2\/audience?post=44755"},{"taxonomy":"geo","embeddable":true,"href":"https:\/\/legrandcontinent.eu\/fr\/wp-json\/wp\/v2\/geo?post=44755"}],"curies":[{"name":"wp","href":"https:\/\/api.w.org\/{rel}","templated":true}]}}