{"id":42221,"date":"2019-07-01T10:36:12","date_gmt":"2019-07-01T08:36:12","guid":{"rendered":"https:\/\/legrandcontinent.eu\/fr\/?p=42221"},"modified":"2019-07-01T11:52:50","modified_gmt":"2019-07-01T09:52:50","slug":"en-aout-trump-aura-judo","status":"publish","type":"post","link":"https:\/\/legrandcontinent.eu\/fr\/2019\/07\/01\/en-aout-trump-aura-judo\/","title":{"rendered":"En ao\u00fbt, Trump aura judo"},"content":{"rendered":"\n<p><em>Ce texte a \u00e9t\u00e9 publi\u00e9 originellement dans l\u2019\u00e9dition 63 de La Lettre du Lundi, la newsletter op\u00e9rationnelle hebdomadaire du Grand Continent. Vous pouvez retrouver l\u2019\u00e9dition compl\u00e8te \u2013 d\u00e9di\u00e9e entre autres aux prochaines \u00e9lections l\u00e9gislatives en Gr\u00e8ce, au mantien de l&rsquo;ordre en Chine et aux r\u00e9presentations g\u00e9opolitiques du Myanmar  \u2013 <a href=\"https:\/\/us14.campaign-archive.com\/?u=10762824cc6c812ec1f389f08&amp;id=6bc48fea97\">ici<\/a>. Abonnez-vous <a href=\"https:\/\/gegeurope.us14.list-manage.com\/subscribe\/post?u=10762824cc6c812ec1f389f08&amp;id=54c71b157b\">ici.<\/a><\/em><\/p>\n\n\n\n<p><em>Osaka\/Biarritz.<\/em> Le G20 d&rsquo;Osaka vient de s&rsquo;achever, dans l\u2019\u00e9tonnante nouvelle formule multi-bilat\u00e9rale de 19+1 impuls\u00e9e par Donald Trump. Une nouvelle n\u00e9gociation compliqu\u00e9e commence pour Emmanuel Macron. Selon des sources proches du dossier, le Pr\u00e9sident des \u00c9tats-Unis aurait communiqu\u00e9 \u00e0 l\u2019\u00c9lys\u00e9e son h\u00e9sitation \u00e0 participer au prochain G7 de Biarritz, du 24 au 26 ao\u00fbt.  <\/p>\n\n\n\n<p>S\u2019il s\u2019agit \u00e0 l\u2019heure actuelle d\u2019une menace sans fondement, elle s\u2019inscrit dans une tendance d\u00e9sormais tr\u00e8s d\u00e9finie de critique de l\u2019ordre international&#160;: avec Trump, rien ne saurait aller de soi, tout est soumis \u00e0 une n\u00e9gociation ponctuelle et \u00e0 une tendance \u00e0 la bilat\u00e9ralisation. <\/p>\n\n\n\n<p>L\u2019analyse de sa relation avec les principales institutions de l\u2019ordre mondial est saisissante.<\/p>\n\n\n\n<ul class=\"wp-block-list\"><li><strong>\u00c0 l\u2019ONU<\/strong>, on note surtout&#160;: le retrait des \u00c9tats-Unis du Trait\u00e9 des Nations Unies sur le commerce des armes, l\u2019opposition \u00e0 la r\u00e9solution visant \u00e0 mettre fin \u00e0 l&rsquo;utilisation de la violence sexuelle comme arme de guerre et le refus de nommer un repr\u00e9sentant aux Comit\u00e9 des Nations Unies pour l&rsquo;\u00e9limination de la discrimination raciale.  De plus, l&rsquo;administration Trump a cess\u00e9 de coop\u00e9rer avec les enqu\u00eateurs de l&rsquo;ONU sur les violations potentielles des droits de l&rsquo;homme commises sur le territoire am\u00e9ricain.<\/li><li><strong>\u00c0 la Cour p\u00e9nale internationale,<\/strong> John Bolton, le conseiller de la Maison-Blanche pour la s\u00e9curit\u00e9 nationale a menac\u00e9 la Cour de sanctions si elle enqu\u00eatait sur des crimes de guerre pr\u00e9sum\u00e9s commis par les \u00c9tats-Unis en Afghanistan. <\/li><li><strong>Au FMI, <\/strong>le projet de tarifs de Trump est implicitement contre le Fonds. L\u2019organisation a mis en garde plusieurs fois contre les effets n\u00e9gatifs de la guerre commerciale sur l\u2019\u00e9conomie mondiale<\/li><li><strong>\u00c0 la Banque mondiale,<\/strong> David Malpass, pr\u00e9sident de l\u2019institution depuis avril 2019, ancien banquier de Wall Street est un fervent critique de l&rsquo;institution. En substance, il consid\u00e8re la Banque mondiale comme une machine inutile et co\u00fbteuse.&nbsp;<span class='whitespace-nowrap'><span id='easy-footnote-1-42221' class='easy-footnote-margin-adjust'><\/span><span class='easy-footnote'><a href='https:\/\/legrandcontinent.eu\/fr\/2019\/07\/01\/en-aout-trump-aura-judo\/#easy-footnote-bottom-1-42221' title='BATUT Cyprien, &lt;a href=&quot;https:\/\/legrandcontinent.eu\/fr\/2019\/02\/10\/la-banque-mondiale-perd-la-tete\/?utm_source=LLDL+-+Fran%C3%A7ais&amp;amp;utm_campaign=6bc48fea97-EMAIL_CAMPAIGN_2019_06_30_08_14&amp;amp;utm_medium=email&amp;amp;utm_term=0_8dff9a737a-6bc48fea97-123122823&amp;amp;mc_cid=6bc48fea97&amp;amp;mc_eid=f9b412825a&quot;&gt;La Banque Mondiale perd la t\u00eate&lt;\/a&gt;, Le Grand Continent, 10 f\u00e9vrier 2019'><sup>1<\/sup><\/a><\/span><\/span> \u00ab&#160;La tradition veut qu\u2019il y ait un Am\u00e9ricain \u00e0 la t\u00eate de la Banque Mondiale et un Europ\u00e9en au FMI. Malpass n\u2019est de toute \u00e9vidence pas le bon candidat&#160;: il remet en cause l\u2019utilit\u00e9 de la Banque Mondiale m\u00eame. Les Europ\u00e9ens auraient [eu] tout int\u00e9r\u00eat \u00e0 soutenir une candidature africaine telle que celle de Donald Kaberuka ou de Ngozi Okonjo&#160;\u00bb, confiait Pascal Lamy \u00e0 <em>Le Grand Continent<\/em> il y a quelques mois.<\/li><li><strong>\u00c0 l\u2019OMC, <\/strong>Trump a menac\u00e9 de retirer les \u00c9tats-Unis de l&rsquo;Organisation mondiale du commerce si elle ne se r\u00e9formait pas et ne traitaient mieux son pays. Il a qualifi\u00e9 l&rsquo;OMC de \u00ab&#160;pire accord commercial jamais conclu&#160;\u00bb. Pour rappel, l\u2019Organisation promeut l\u2019ouverture commerciale entre pays par l\u2019abaissement des barri\u00e8res tarifaires et non-tarifaires aux \u00e9changes.&nbsp;<span class='whitespace-nowrap'><span id='easy-footnote-2-42221' class='easy-footnote-margin-adjust'><\/span><span class='easy-footnote'><a href='https:\/\/legrandcontinent.eu\/fr\/2019\/07\/01\/en-aout-trump-aura-judo\/#easy-footnote-bottom-2-42221' title='BATUT Cyprien,&lt;a href=&quot;https:\/\/legrandcontinent.eu\/fr\/2018\/11\/04\/lart-de-la-guerre-commerciale-le-role-de-lomc\/?utm_source=LLDL+-+Fran%C3%A7ais&amp;amp;utm_campaign=6bc48fea97-EMAIL_CAMPAIGN_2019_06_30_08_14&amp;amp;utm_medium=email&amp;amp;utm_term=0_8dff9a737a-6bc48fea97-123122823&amp;amp;mc_cid=6bc48fea97&amp;amp;mc_eid=f9b412825a&quot;&gt; L\u2019art de la guerre commerciale&amp;#160;: le r\u00f4le de l\u2019OMC&lt;\/a&gt;, Le Grand Continent, 4 novembre 2018'><sup>2<\/sup><\/a><\/span><\/span><\/li><li><strong>\u00c0 l\u2019OTAN<\/strong>&#160;: le critiques du pr\u00e9sident am\u00e9ricain \u00e0 l\u2019\u00e9gard de l\u2019Alliance sont incessantes, comme le montre son intervention lors du Sommet annuel de l\u2019OTAN de l\u2019ann\u00e9e pass\u00e9e.&nbsp;<span class='whitespace-nowrap'><span id='easy-footnote-3-42221' class='easy-footnote-margin-adjust'><\/span><span class='easy-footnote'><a href='https:\/\/legrandcontinent.eu\/fr\/2019\/07\/01\/en-aout-trump-aura-judo\/#easy-footnote-bottom-3-42221' title='ARIES Quentin, &lt;a href=&quot;https:\/\/legrandcontinent.eu\/fr\/2018\/07\/15\/lotan-ton-univers-impitoyable\/?utm_source=LLDL+-+Fran%C3%A7ais&amp;amp;utm_campaign=6bc48fea97-EMAIL_CAMPAIGN_2019_06_30_08_14&amp;amp;utm_medium=email&amp;amp;utm_term=0_8dff9a737a-6bc48fea97-123122823&amp;amp;mc_cid=6bc48fea97&amp;amp;mc_eid=f9b412825a&quot;&gt;\u201cL\u2019OTAN, ton univers impitoyable&amp;#160;!\u201d&lt;\/a&gt;, Le Grand Continent, 15 juillet 2018'><sup>3<\/sup><\/a><\/span><\/span><\/li><\/ul>\n","protected":false},"excerpt":{"rendered":"<p>Le G20 d&rsquo;Osaka vient de s&rsquo;achever, dans l\u2019\u00e9tonnante nouvelle formule multi-bilat\u00e9rale de 19+1 impuls\u00e9e par Donald Trump. Une nouvelle n\u00e9gociation compliqu\u00e9e commence pour Emmanuel Macron. Selon des sources proches du dossier, le Pr\u00e9sident des \u00c9tats-Unis aurait communiqu\u00e9 \u00e0 l\u2019\u00c9lys\u00e9e son h\u00e9sitation \u00e0 participer au prochain G7 de Biarritz, du 24 au 26 ao\u00fbt.  <\/p>\n","protected":false},"author":175,"featured_media":0,"comment_status":"closed","ping_status":"closed","sticky":false,"template":"templates\/post-briefings.php","format":"standard","meta":{"_acf_changed":false,"_trash_the_other_posts":false,"_yoast_wpseo_estimated-reading-time-minutes":0,"footnotes":""},"categories":[1731],"tags":[],"staff":[],"editorial_format":[],"serie":[],"audience":[],"geo":[525],"class_list":["post-42221","post","type-post","status-publish","format-standard","hentry","category-politique","geo-ameriques"],"acf":{"open_in_webview":false,"accent":false},"yoast_head":"<!-- This site is optimized with the Yoast SEO plugin v26.1.1 - https:\/\/yoast.com\/wordpress\/plugins\/seo\/ -->\n<title>En ao\u00fbt, Trump aura judo | Le Grand Continent<\/title>\n<meta name=\"robots\" content=\"index, follow, max-snippet:-1, max-image-preview:large, max-video-preview:-1\" \/>\n<link rel=\"canonical\" href=\"https:\/\/legrandcontinent.eu\/fr\/2019\/07\/01\/en-aout-trump-aura-judo\/\" \/>\n<meta property=\"og:locale\" content=\"fr_FR\" \/>\n<meta property=\"og:type\" content=\"article\" \/>\n<meta property=\"og:title\" content=\"En ao\u00fbt, Trump aura judo | Le Grand Continent\" \/>\n<meta property=\"og:description\" content=\"Le G20 d&#039;Osaka vient de s&#039;achever, dans l\u2019\u00e9tonnante nouvelle formule multi-bilat\u00e9rale de 19+1 impuls\u00e9e par Donald Trump. Une nouvelle n\u00e9gociation compliqu\u00e9e commence pour Emmanuel Macron. Selon des sources proches du dossier, le Pr\u00e9sident des \u00c9tats-Unis aurait communiqu\u00e9 \u00e0 l\u2019\u00c9lys\u00e9e son h\u00e9sitation \u00e0 participer au prochain G7 de Biarritz, du 24 au 26 ao\u00fbt.\" \/>\n<meta property=\"og:url\" content=\"https:\/\/legrandcontinent.eu\/fr\/2019\/07\/01\/en-aout-trump-aura-judo\/\" \/>\n<meta property=\"og:site_name\" content=\"Le Grand Continent\" \/>\n<meta property=\"article:published_time\" content=\"2019-07-01T08:36:12+00:00\" \/>\n<meta property=\"article:modified_time\" content=\"2019-07-01T09:52:50+00:00\" \/>\n<meta name=\"author\" content=\"Giovanni Collot\" \/>\n<meta name=\"twitter:card\" content=\"summary_large_image\" \/>\n<meta name=\"twitter:label1\" content=\"\u00c9crit par\" \/>\n\t<meta name=\"twitter:data1\" content=\"Giovanni Collot\" \/>\n\t<meta name=\"twitter:label2\" content=\"Dur\u00e9e de lecture estim\u00e9e\" \/>\n\t<meta name=\"twitter:data2\" content=\"3 minutes\" \/>\n<script type=\"application\/ld+json\" class=\"yoast-schema-graph\">{\"@context\":\"https:\/\/schema.org\",\"@graph\":[{\"@type\":\"WebPage\",\"@id\":\"https:\/\/legrandcontinent.eu\/fr\/2019\/07\/01\/en-aout-trump-aura-judo\/\",\"url\":\"https:\/\/legrandcontinent.eu\/fr\/2019\/07\/01\/en-aout-trump-aura-judo\/\",\"name\":\"En ao\u00fbt, Trump aura judo | Le Grand Continent\",\"isPartOf\":{\"@id\":\"https:\/\/legrandcontinent.eu\/fr\/#website\"},\"datePublished\":\"2019-07-01T08:36:12+00:00\",\"dateModified\":\"2019-07-01T09:52:50+00:00\",\"author\":{\"@id\":\"https:\/\/legrandcontinent.eu\/fr\/#\/schema\/person\/953192c3de3c2331be3997745a2f12ef\"},\"breadcrumb\":{\"@id\":\"https:\/\/legrandcontinent.eu\/fr\/2019\/07\/01\/en-aout-trump-aura-judo\/#breadcrumb\"},\"inLanguage\":\"fr-FR\",\"potentialAction\":[{\"@type\":\"ReadAction\",\"target\":[\"https:\/\/legrandcontinent.eu\/fr\/2019\/07\/01\/en-aout-trump-aura-judo\/\"]}]},{\"@type\":\"BreadcrumbList\",\"@id\":\"https:\/\/legrandcontinent.eu\/fr\/2019\/07\/01\/en-aout-trump-aura-judo\/#breadcrumb\",\"itemListElement\":[{\"@type\":\"ListItem\",\"position\":1,\"name\":\"Accueil\",\"item\":\"https:\/\/legrandcontinent.eu\/fr\/\"},{\"@type\":\"ListItem\",\"position\":2,\"name\":\"En ao\u00fbt, Trump aura judo\"}]},{\"@type\":\"WebSite\",\"@id\":\"https:\/\/legrandcontinent.eu\/fr\/#website\",\"url\":\"https:\/\/legrandcontinent.eu\/fr\/\",\"name\":\"Le Grand Continent\",\"description\":\"L&#039;\u00e9chelle pertinente\",\"potentialAction\":[{\"@type\":\"SearchAction\",\"target\":{\"@type\":\"EntryPoint\",\"urlTemplate\":\"https:\/\/legrandcontinent.eu\/fr\/?s={search_term_string}\"},\"query-input\":{\"@type\":\"PropertyValueSpecification\",\"valueRequired\":true,\"valueName\":\"search_term_string\"}}],\"inLanguage\":\"fr-FR\"},{\"@type\":\"Person\",\"@id\":\"https:\/\/legrandcontinent.eu\/fr\/#\/schema\/person\/953192c3de3c2331be3997745a2f12ef\",\"name\":\"Giovanni Collot\",\"image\":{\"@type\":\"ImageObject\",\"inLanguage\":\"fr-FR\",\"@id\":\"https:\/\/legrandcontinent.eu\/fr\/#\/schema\/person\/image\/\",\"url\":\"https:\/\/secure.gravatar.com\/avatar\/d93cac37237065a8de4498df3db60dde?s=96&d=mm&r=g\",\"contentUrl\":\"https:\/\/secure.gravatar.com\/avatar\/d93cac37237065a8de4498df3db60dde?s=96&d=mm&r=g\",\"caption\":\"Giovanni Collot\"}}]}<\/script>\n<!-- \/ Yoast SEO plugin. -->","yoast_head_json":{"title":"En ao\u00fbt, Trump aura judo | Le Grand Continent","robots":{"index":"index","follow":"follow","max-snippet":"max-snippet:-1","max-image-preview":"max-image-preview:large","max-video-preview":"max-video-preview:-1"},"canonical":"https:\/\/legrandcontinent.eu\/fr\/2019\/07\/01\/en-aout-trump-aura-judo\/","og_locale":"fr_FR","og_type":"article","og_title":"En ao\u00fbt, Trump aura judo | Le Grand Continent","og_description":"Le G20 d'Osaka vient de s'achever, dans l\u2019\u00e9tonnante nouvelle formule multi-bilat\u00e9rale de 19+1 impuls\u00e9e par Donald Trump. Une nouvelle n\u00e9gociation compliqu\u00e9e commence pour Emmanuel Macron. Selon des sources proches du dossier, le Pr\u00e9sident des \u00c9tats-Unis aurait communiqu\u00e9 \u00e0 l\u2019\u00c9lys\u00e9e son h\u00e9sitation \u00e0 participer au prochain G7 de Biarritz, du 24 au 26 ao\u00fbt.","og_url":"https:\/\/legrandcontinent.eu\/fr\/2019\/07\/01\/en-aout-trump-aura-judo\/","og_site_name":"Le Grand Continent","article_published_time":"2019-07-01T08:36:12+00:00","article_modified_time":"2019-07-01T09:52:50+00:00","author":"Giovanni Collot","twitter_card":"summary_large_image","twitter_misc":{"\u00c9crit par":"Giovanni Collot","Dur\u00e9e de lecture estim\u00e9e":"3 minutes"},"schema":{"@context":"https:\/\/schema.org","@graph":[{"@type":"WebPage","@id":"https:\/\/legrandcontinent.eu\/fr\/2019\/07\/01\/en-aout-trump-aura-judo\/","url":"https:\/\/legrandcontinent.eu\/fr\/2019\/07\/01\/en-aout-trump-aura-judo\/","name":"En ao\u00fbt, Trump aura judo | Le Grand Continent","isPartOf":{"@id":"https:\/\/legrandcontinent.eu\/fr\/#website"},"datePublished":"2019-07-01T08:36:12+00:00","dateModified":"2019-07-01T09:52:50+00:00","author":{"@id":"https:\/\/legrandcontinent.eu\/fr\/#\/schema\/person\/953192c3de3c2331be3997745a2f12ef"},"breadcrumb":{"@id":"https:\/\/legrandcontinent.eu\/fr\/2019\/07\/01\/en-aout-trump-aura-judo\/#breadcrumb"},"inLanguage":"fr-FR","potentialAction":[{"@type":"ReadAction","target":["https:\/\/legrandcontinent.eu\/fr\/2019\/07\/01\/en-aout-trump-aura-judo\/"]}]},{"@type":"BreadcrumbList","@id":"https:\/\/legrandcontinent.eu\/fr\/2019\/07\/01\/en-aout-trump-aura-judo\/#breadcrumb","itemListElement":[{"@type":"ListItem","position":1,"name":"Accueil","item":"https:\/\/legrandcontinent.eu\/fr\/"},{"@type":"ListItem","position":2,"name":"En ao\u00fbt, Trump aura judo"}]},{"@type":"WebSite","@id":"https:\/\/legrandcontinent.eu\/fr\/#website","url":"https:\/\/legrandcontinent.eu\/fr\/","name":"Le Grand Continent","description":"L&#039;\u00e9chelle pertinente","potentialAction":[{"@type":"SearchAction","target":{"@type":"EntryPoint","urlTemplate":"https:\/\/legrandcontinent.eu\/fr\/?s={search_term_string}"},"query-input":{"@type":"PropertyValueSpecification","valueRequired":true,"valueName":"search_term_string"}}],"inLanguage":"fr-FR"},{"@type":"Person","@id":"https:\/\/legrandcontinent.eu\/fr\/#\/schema\/person\/953192c3de3c2331be3997745a2f12ef","name":"Giovanni Collot","image":{"@type":"ImageObject","inLanguage":"fr-FR","@id":"https:\/\/legrandcontinent.eu\/fr\/#\/schema\/person\/image\/","url":"https:\/\/secure.gravatar.com\/avatar\/d93cac37237065a8de4498df3db60dde?s=96&d=mm&r=g","contentUrl":"https:\/\/secure.gravatar.com\/avatar\/d93cac37237065a8de4498df3db60dde?s=96&d=mm&r=g","caption":"Giovanni Collot"}}]}},"lgc_categories":[{"id":1731,"name":"Politique","slug":"politique"}],"lgc_author":null,"feature_image_summary":null,"feature_image_cover":null,"term_position_data":null,"_links":{"self":[{"href":"https:\/\/legrandcontinent.eu\/fr\/wp-json\/wp\/v2\/posts\/42221","targetHints":{"allow":["GET"]}}],"collection":[{"href":"https:\/\/legrandcontinent.eu\/fr\/wp-json\/wp\/v2\/posts"}],"about":[{"href":"https:\/\/legrandcontinent.eu\/fr\/wp-json\/wp\/v2\/types\/post"}],"author":[{"embeddable":true,"href":"https:\/\/legrandcontinent.eu\/fr\/wp-json\/wp\/v2\/users\/175"}],"replies":[{"embeddable":true,"href":"https:\/\/legrandcontinent.eu\/fr\/wp-json\/wp\/v2\/comments?post=42221"}],"version-history":[{"count":0,"href":"https:\/\/legrandcontinent.eu\/fr\/wp-json\/wp\/v2\/posts\/42221\/revisions"}],"wp:attachment":[{"href":"https:\/\/legrandcontinent.eu\/fr\/wp-json\/wp\/v2\/media?parent=42221"}],"wp:term":[{"taxonomy":"category","embeddable":true,"href":"https:\/\/legrandcontinent.eu\/fr\/wp-json\/wp\/v2\/categories?post=42221"},{"taxonomy":"post_tag","embeddable":true,"href":"https:\/\/legrandcontinent.eu\/fr\/wp-json\/wp\/v2\/tags?post=42221"},{"taxonomy":"staff","embeddable":true,"href":"https:\/\/legrandcontinent.eu\/fr\/wp-json\/wp\/v2\/staff?post=42221"},{"taxonomy":"editorial_format","embeddable":true,"href":"https:\/\/legrandcontinent.eu\/fr\/wp-json\/wp\/v2\/editorial_format?post=42221"},{"taxonomy":"serie","embeddable":true,"href":"https:\/\/legrandcontinent.eu\/fr\/wp-json\/wp\/v2\/serie?post=42221"},{"taxonomy":"audience","embeddable":true,"href":"https:\/\/legrandcontinent.eu\/fr\/wp-json\/wp\/v2\/audience?post=42221"},{"taxonomy":"geo","embeddable":true,"href":"https:\/\/legrandcontinent.eu\/fr\/wp-json\/wp\/v2\/geo?post=42221"}],"curies":[{"name":"wp","href":"https:\/\/api.w.org\/{rel}","templated":true}]}}