{"id":355716,"date":"2026-09-02T19:23:57","date_gmt":"2026-09-02T17:23:57","guid":{"rendered":"https:\/\/legrandcontinent.eu\/fr\/?p=355716"},"modified":"2026-09-02T19:49:30","modified_gmt":"2026-09-02T17:49:30","slug":"le-chainon-manquant-les-reseaux-sociaux-au-coeur-de-lattaque-contre-ceuta","status":"publish","type":"post","link":"https:\/\/legrandcontinent.eu\/fr\/2026\/09\/02\/le-chainon-manquant-les-reseaux-sociaux-au-coeur-de-lattaque-contre-ceuta\/","title":{"rendered":"Le cha\u00eenon manquant&#160;: les r\u00e9seaux sociaux au c\u0153ur de \u00ab&#160;l\u2019attaque&#160;\u00bb contre Ceuta"},"content":{"rendered":"\n<p>\u00ab&#160;Des r\u00e9seaux russes et isra\u00e9liens ont diffus\u00e9 de fausses informations sur les r\u00e9seaux sociaux pour attaquer le gouvernement espagnol&#160;\u00bb. Un mois apr\u00e8s le franchissement massif de la fronti\u00e8re par plus de 70 000 personnes depuis le Maroc vers l&rsquo;Espagne, le pr\u00e9sident du gouvernement espagnol, Pedro S\u00e1nchez, a fait sa rentr\u00e9e politique en accordant lundi 31 ao\u00fbt sa premi\u00e8re interview \u00e0 un m\u00e9dia.<\/p>\n\n\n\n<ul class=\"wp-block-list\">\n<li>\u00c0 contre-courant des critiques internationales ciblant le pr\u00e9tendu \u00ab&#160;effet d\u2019appel&#160;\u00bb de sa politique migratoire, sa r\u00e9ponse d\u00e9place le projecteur sur la d\u00e9sinformation num\u00e9rique tout en d\u00e9douanant le pays voisin&#160;: \u00ab&#160;Aucune information [&#8230;] des services de renseignement ne laisse planer le moindre doute sur l\u2019implication [&#8230;] des autorit\u00e9s marocaines&#160;\u00bb.<\/li>\n<\/ul>\n\n\n\n<figure class=\"wp-block-embed is-type-rich is-provider-x wp-block-embed-x\"><div class=\"wp-block-embed__wrapper\">\n<blockquote class=\"twitter-tweet\" data-width=\"550\" data-dnt=\"true\"><p lang=\"es\" dir=\"ltr\">\ud83d\udde3\ufe0f <a href=\"https:\/\/x.com\/sanchezcastejon?ref_src=twsrc%5Etfw\">@sanchezcastejon<\/a>&#160;: &quot;No hay ninguna informaci\u00f3n por parte de ning\u00fan centro de Inteligencia que alumbre duda sobre la participaci\u00f3n de las autoridades marroqu\u00edes. La relaci\u00f3n bilateral tiene muchas aristas&quot;<br><br>&quot;La cooperaci\u00f3n con Marruecos est\u00e1 siendo francamente positiva&quot; <a href=\"https:\/\/t.co\/CyyzjSC2hv\">pic.twitter.com\/CyyzjSC2hv<\/a><\/p>&mdash; Hoy por Hoy (@HoyPorHoy) <a href=\"https:\/\/x.com\/HoyPorHoy\/status\/2094314718760501539?ref_src=twsrc%5Etfw\">August 31, 2026<\/a><\/blockquote><script async src=\"https:\/\/platform.x.com\/widgets.js\" charset=\"utf-8\"><\/script>\n<\/div><\/figure>\n\n\n\n<ul class=\"wp-block-list\">\n<li>L&rsquo;id\u00e9e selon laquelle la d\u00e9sinformation et les r\u00e9seaux sociaux auraient \u00e9t\u00e9 le \u00ab&#160;d\u00e9tonateur imm\u00e9diat&#160;\u00bb de la crise, selon les termes du ministre des Affaires \u00e9trang\u00e8res, tient \u00e0 la distorsion d&rsquo;une information pr\u00e9cise&#160;: la confirmation par la Cour supr\u00eame que les \u00ab&#160;refoulements \u00e0 chaud&#160;\u00bb ne s&rsquo;appliquent pas aux migrants traversant la fronti\u00e8re \u00e0 la nage.<\/li>\n\n\n\n<li>D\u00e9form\u00e9e et pr\u00e9sent\u00e9e comme un \u00ab&#160;feu vert&#160;\u00bb au sein de groupes Facebook r\u00e9unissant jusqu&rsquo;\u00e0 400 000 membres, cette nouvelle aurait enclench\u00e9 l&rsquo;effet boule de neige \u00e0 l&rsquo;origine de cet afflux massif.<\/li>\n<\/ul>\n\n\n\n<p>Les enqu\u00eates men\u00e9es par des organismes de v\u00e9rification r\u00e9put\u00e9s, comme <em>Maldita,<\/em> confirment l&#8217;empreinte de ces messages au sein de r\u00e9seaux de faux comptes op\u00e9rant de mani\u00e8re coordonn\u00e9e et selon de stricts protocoles de s\u00e9curit\u00e9 op\u00e9rationnelle. De m\u00eame, les travaux d&rsquo;analystes sp\u00e9cialis\u00e9s dans la d\u00e9sinformation et la propagande num\u00e9rique mettent en \u00e9vidence de graves man\u0153uvres de manipulation et d&rsquo;ing\u00e9rence informationnelle autour de la crise.<\/p>\n\n\n\n<p>Pourtant, ces d\u00e9clarations de Pedro S\u00e1nchez, qui s&rsquo;inscrivent dans la lign\u00e9e de ses charges r\u00e9currentes contre les dangers des r\u00e9seaux sociaux et l&#8217;emprise des \u00ab&#160;technoligarques&#160;\u00bb, surviennent sur fond de vive crise politique interne.<\/p>\n\n\n\n<ul class=\"wp-block-list\">\n<li>Une fois dissip\u00e9e l&rsquo;illusion d&rsquo;une r\u00e9solution rapide (le renvoi au Maroc de la majorit\u00e9 des migrants dans les premi\u00e8res 24 heures), le gouvernement de coalition s\u2019est divis\u00e9.<\/li>\n\n\n\n<li>Du c\u00f4t\u00e9 socialiste, alors que la ministre de la D\u00e9fense assure que le renseignement avait alert\u00e9 l&rsquo;ex\u00e9cutif, le ministre de l&rsquo;Int\u00e9rieur le nie formellement&#160;; quant \u00e0 l&rsquo;aile gauche, compos\u00e9e d&rsquo;\u00e9cologistes et de communistes, elle prend le contre-pied de la version de S\u00e1nchez en pointant la responsabilit\u00e9 active ou passive du r\u00e9gime marocain.<\/li>\n<\/ul>\n\n\n\n<p>Les travaux des principaux analystes du renseignement num\u00e9rique en Espagne dessinent une r\u00e9alit\u00e9 plus complexe, qui exige un examen rigoureux de la responsabilit\u00e9 des plateformes.<\/p>\n\n\n\n<ul class=\"wp-block-list\">\n<li>Pour \u00e9tayer ses accusations contre Moscou et Tel-Aviv, Pedro S\u00e1nchez s&rsquo;appuie sur les conclusions du Service europ\u00e9en pour l&rsquo;action ext\u00e9rieure.<\/li>\n\n\n\n<li>Les \u00e9l\u00e9ments rendus publics jusqu&rsquo;ici en mati\u00e8re d&rsquo;ing\u00e9rence informationnelle sugg\u00e8rent toutefois une volont\u00e9 d&rsquo;exploiter la crise depuis l&rsquo;\u00e9tranger qu&rsquo;un r\u00f4le de d\u00e9clencheur.<\/li>\n\n\n\n<li>Des analystes comme Ned Mendez, du collectif 411, ont r\u00e9v\u00e9l\u00e9 que des comptes li\u00e9s au Kremlin avaient diffus\u00e9 des messages touchant plus de 500 000 utilisateurs dans les jours ayant suivi l&rsquo;afflux massif, soulignant l&rsquo;existence d&rsquo;une infrastructure de d\u00e9sinformation capable de peser lourdement sur de futures crises.<\/li>\n\n\n\n<li>Le ministre ukrainien des Affaires \u00e9trang\u00e8res lui-m\u00eame, Andrii Sybiha, a point\u00e9 cette ing\u00e9rence et l&rsquo;activit\u00e9 fr\u00e9n\u00e9tique d&rsquo;organes m\u00e9diatiques du Kremlin tels que <em>Pravda<\/em> et <em>RT<\/em> d\u00e8s le d\u00e9but des \u00e9v\u00e9nements.<\/li>\n<\/ul>\n\n\n\n<p>Dans le cas d&rsquo;Isra\u00ebl, il est \u00e9tabli que des mots-cl\u00e9s tels que #FreeMelilla ont servi de relais \u00e0 des influenceurs isra\u00e9liens pour investir le terrain de la crise. Leur discours, tr\u00e8s critique envers la position de Pedro S\u00e1nchez sur la guerre \u00e0 Gaza, s&rsquo;attachait \u00e0 pr\u00e9senter ce territoire espagnol comme une enclave coloniale&nbsp;<span class='whitespace-nowrap'><span id='easy-footnote-1-355716' class='easy-footnote-margin-adjust'><\/span><span class='easy-footnote note-digits-1'><a href='https:\/\/legrandcontinent.eu\/fr\/2026\/09\/02\/le-chainon-manquant-les-reseaux-sociaux-au-coeur-de-lattaque-contre-ceuta\/#easy-footnote-bottom-1-355716' title='\u00ab&amp;#160;&lt;a href=&quot;https:\/\/maldita.es\/desinfo\/20260731\/ceuta-melilla-colonias-espa%C3%B1a\/&quot;&gt;\u00ab&amp;#160;Free Ceuta&amp;#160;\u00bb&amp;#160;: c\u00f3mo cuentas israel\u00edes difunden en X la narrativa de que Ceuta y Melilla son \u00ab&amp;#160;colonias espa\u00f1olas&amp;#160;\u00bb&lt;\/a&gt;&amp;#160;\u00bb, &lt;em&gt;Maldita&lt;\/em&gt;, 31 juillet 2026.'><sup>1<\/sup><\/a><\/span><\/span>. Il s&rsquo;agit n\u00e9anmoins d&rsquo;une campagne de propagande qu&rsquo;il est, pour l&rsquo;heure, impossible d&rsquo;attribuer directement \u00e0 des acteurs coordonn\u00e9s par l&rsquo;\u00c9tat isra\u00e9lien.<\/p>\n\n\n\n<ul class=\"wp-block-list\">\n<li>L&rsquo;analyse num\u00e9rique men\u00e9e par des sp\u00e9cialistes comme Mariluz Congosto documente \u00e9galement l&rsquo;activit\u00e9 propagandiste de comptes affili\u00e9s au Maroc, dont l&rsquo;ing\u00e9rence visait \u00e0 pr\u00e9senter Ceuta et Melilla comme des territoires occup\u00e9s&nbsp;<span class='whitespace-nowrap'><span id='easy-footnote-2-355716' class='easy-footnote-margin-adjust'><\/span><span class='easy-footnote note-digits-1'><a href='https:\/\/legrandcontinent.eu\/fr\/2026\/09\/02\/le-chainon-manquant-les-reseaux-sociaux-au-coeur-de-lattaque-contre-ceuta\/#easy-footnote-bottom-2-355716' title='&lt;a href=&quot;https:\/\/x.com\/congosto\/status\/2093324841185096000&quot;&gt;Publication sur X de Mariluz Congosto&lt;\/a&gt;, 28 ao\u00fbt 2026.'><sup>2<\/sup><\/a><\/span><\/span>.<\/li>\n\n\n\n<li>Mais bien que S\u00e1nchez sugg\u00e8re que l&rsquo;ing\u00e9rence de puissances \u00e9trang\u00e8res, comme Isra\u00ebl et la Russie, constituerait une riposte \u00e0 la condamnation par l&rsquo;Espagne \u00ab&#160;du g\u00e9nocide \u00e0 Gaza et de l&rsquo;invasion de l&rsquo;Ukraine par Poutine&#160;\u00bb, le r\u00e9cit officiel du gouvernement \u00e9carte ces op\u00e9rations.<\/li>\n<\/ul>\n\n\n\n<p>S&rsquo;agissant du poids de la d\u00e9sinformation dans la mobilisation vers la fronti\u00e8re, la plupart des t\u00e9moignages recueillis par la presse sur la plage du Tarajal pendant la travers\u00e9e d\u00e9signaient d\u00e9j\u00e0 les r\u00e9seaux sociaux comme moteur principal. C&rsquo;est un fait \u00e9tabli&#160;: l&rsquo;id\u00e9e d&rsquo;une fronti\u00e8re ouverte ou qu&rsquo;il suffirait de passer \u00e0 la nage pour \u00e9chapper \u00e0 l&rsquo;arrestation, est parvenue sur les \u00e9crans des plus de 70 000 personnes qui se sont jet\u00e9es \u00e0 la mer bien avant d&rsquo;\u00eatre relay\u00e9e par les grands m\u00e9dias et les t\u00e9l\u00e9visions.<\/p>\n\n\n\n<ul class=\"wp-block-list\">\n<li>D\u00e9sormais, on conna\u00eet l&rsquo;architecture des groupes WhatsApp et Facebook par lesquels l&rsquo;appel s&rsquo;est propag\u00e9 et la nature des messages qui ont fait miroiter une \u00ab&#160;fen\u00eatre d&rsquo;opportunit\u00e9&#160;\u00bb pour franchir la fronti\u00e8re sans danger \u2013 un leurre qui aura co\u00fbt\u00e9 la vie \u00e0 au moins 88 personnes.<\/li>\n\n\n\n<li>Il s&rsquo;agissait aussi bien de consignes dramatiquement trompeuses sur la travers\u00e9e (\u00ab&#160;c&rsquo;est moins profond par ici&#160;\u00bb ou \u00ab&#160;si tu ne sais pas nager, on vend des bou\u00e9es&#160;\u00bb&nbsp;<span class='whitespace-nowrap'><span id='easy-footnote-3-355716' class='easy-footnote-margin-adjust'><\/span><span class='easy-footnote note-digits-1'><a href='https:\/\/legrandcontinent.eu\/fr\/2026\/09\/02\/le-chainon-manquant-les-reseaux-sociaux-au-coeur-de-lattaque-contre-ceuta\/#easy-footnote-bottom-3-355716' title='\u00ab&amp;#160;&lt;a href=&quot;https:\/\/maldita.es\/investigaciones\/20260803\/whatsapp-facebook-instagram-entrada-ceuta-marruecos\/&quot;&gt;\u00ab&amp;#160;\u00bfCu\u00e1l es el plan&amp;#160;?&amp;#160;\u00bb&amp;#160;: Dentro de los grupos de WhatsApp, Facebook e Instagram que organizan un nuevo cruce a Ceuta desde Marruecos para el 15 de agosto&lt;\/a&gt;&amp;#160;\u00bb, &lt;em&gt;Maldita&lt;\/em&gt;, 3 ao\u00fbt 2026.'><sup>3<\/sup><\/a><\/span><\/span>) ou d&rsquo;alertes factices sur une \u00ab&#160;fronti\u00e8re ouverte&#160;\u00bb que de fausses rumeurs sur le droit espagnol (\u00ab&#160;les personnes qualifi\u00e9es ne seront pas renvoy\u00e9es&#160;\u00bb, \u00ab&#160;l&rsquo;expulsion est impossible en cas d&rsquo;acc\u00e8s par la mer&#160;\u00bb).<\/li>\n\n\n\n<li>Quant aux comptes pr\u00e9sum\u00e9s coordonn\u00e9s qui alimentaient ces espaces, le recours \u00e0 des identit\u00e9s usurp\u00e9es, \u00e0 des profils vides, les changements de pseudonyme ou la rotation des mots-cl\u00e9s constituent autant d&rsquo;indices d&rsquo;une man\u0153uvre orchestr\u00e9e sous couverture pour effacer toute trace.<\/li>\n<\/ul>\n\n\n\n<p>Il est difficile de douter des capacit\u00e9s de l&rsquo;\u00c9tat marocain \u00e0 surveiller les r\u00e9seaux pour emp\u00eacher que des milliers de personnes ne se mettent en danger.<\/p>\n\n\n\n<ul class=\"wp-block-list\">\n<li>Cet afflux massif est survenu moins d&rsquo;un an apr\u00e8s la r\u00e9pression d&rsquo;une vague de manifestations de la \u00ab&#160;G\u00e9n\u00e9ration Z&#160;\u00bb, dont les modes de mobilisation s&rsquo;appuyaient pr\u00e9cis\u00e9ment sur ces messageries et sur des espaces communautaires, comme Discord, o\u00f9 des mouvements pro-d\u00e9mocratie comme \u00ab&#160;GenZ 121&#160;\u00bb op\u00e9raient via des serveurs de plus de 200 000 utilisateurs&nbsp;<span class='whitespace-nowrap'><span id='easy-footnote-4-355716' class='easy-footnote-margin-adjust'><\/span><span class='easy-footnote note-digits-1'><a href='https:\/\/legrandcontinent.eu\/fr\/2026\/09\/02\/le-chainon-manquant-les-reseaux-sociaux-au-coeur-de-lattaque-contre-ceuta\/#easy-footnote-bottom-4-355716' title='Micha\u00ebl Szadkowski, Morgane Tual et Olivier Clairouin, \u00ab&amp;#160;&lt;a href=&quot;https:\/\/www.lemonde.fr\/en\/pixels\/article\/2025\/10\/05\/how-discord-has-become-a-tool-for-youth-mobilization-from-morocco-to-nepal_6746108_13.html&quot;&gt;How Discord has become a tool for youth mobilization in Morocco and Nepal&lt;\/a&gt;&amp;#160;\u00bb, &lt;em&gt;Le Monde&lt;\/em&gt;, 5 octobre 2025.'><sup>4<\/sup><\/a><\/span><\/span>.<\/li>\n<\/ul>\n\n\n\n<p>Dans les deux cas, comme le rappelle l&rsquo;expert en d\u00e9sinformation Marcelino Madrigal, \u00ab&#160;la responsabilit\u00e9 principale incombe \u00e0 Facebook, premi\u00e8re plateforme au Maroc, et aux messageries qui permettent \u00e0 ces groupes de s&rsquo;organiser&#160;\u00bb.<\/p>\n\n\n\n<ul class=\"wp-block-list\">\n<li>Meta d\u00e9tient un quasi-monopole de la messagerie instantan\u00e9e dans les deux pays gr\u00e2ce \u00e0 WhatsApp, pr\u00e9sent sur les t\u00e9l\u00e9phones de plus des deux tiers des citoyens marocains et espagnols, sans compter les 30 millions d&rsquo;utilisateurs de son r\u00e9seau social au Maroc.<\/li>\n\n\n\n<li>De la m\u00eame mani\u00e8re que X, le r\u00e9seau social d\u2019Elon Musk, a laiss\u00e9 prolif\u00e9rer les intox de l&rsquo;extr\u00eame droite au d\u00e9clenchement de la crise \u2013 th\u00e9ories du complot sur la Croix-Rouge, fausses alertes d&rsquo;attaques d&rsquo;\u00e9glises, vid\u00e9os d\u00e9contextualis\u00e9es d&rsquo;\u00e9meutes \u2013, les g\u00e9ants du secteur ont failli \u00e0 leurs obligations les plus \u00e9l\u00e9mentaires.<\/li>\n<\/ul>\n\n\n\n<p>Tout comme les algorithmes qui exposent un adolescent \u00e0 des contenus incitant \u00e0 l&rsquo;automutilation, \u00e0 la haine de son corps ou au suicide reposent sur un mod\u00e8le \u00e9conomique dangereux et destructeur, ceux qui poussent des mineurs \u00e0 se jeter \u00e0 la mer \u00ab&#160;l\u00e0 o\u00f9 c&rsquo;est le moins profond&#160;\u00bb jouent eux aussi avec des vies humaines.<\/p>\n\n\n\n<ul class=\"wp-block-list\">\n<li>Cette logique s&rsquo;exerce aux d\u00e9pens des plus vuln\u00e9rables et, plus largement, de l&rsquo;ensemble des citoyens qui, au plus fort d&rsquo;une crise migratoire majeure pour l&rsquo;Union, ne trouvent pas d\u2019outil de pr\u00e9vention ou de mod\u00e9ration.<\/li>\n<\/ul>\n","protected":false},"excerpt":{"rendered":"<p>La plus grave crise migratoire de l&rsquo;histoire r\u00e9cente de l&rsquo;Espagne s&rsquo;est coordonn\u00e9e sur Facebook et WhatsApp, toutes deux propri\u00e9t\u00e9s de Mark Zuckerberg.<\/p>\n","protected":false},"author":2622,"featured_media":355729,"comment_status":"closed","ping_status":"closed","sticky":false,"template":"templates\/post-briefings.php","format":"standard","meta":{"_acf_changed":false,"_trash_the_other_posts":false,"_yoast_wpseo_estimated-reading-time-minutes":7,"_lgc_tts_voice":"","_lgc_tts_publish":false,"_lgc_tts_history_item_id":"","_lgc_tts_generated_at":"","_lgc_tts_status":"","_lgc_tts_error":"","footnotes":""},"categories":[1729],"tags":[],"staff":[5123],"editorial_format":[4942],"serie":[],"audience":[],"geo":[543],"class_list":["post-355716","post","type-post","status-publish","format-standard","hentry","category-numerique","staff-iago-moreno","editorial_format-actu-breves","geo-mediterranee"],"acf":{"open_in_webview":false,"accent":"default","_thumbnail_id":355729,"excerpt":"La plus grave crise migratoire de l'histoire r\u00e9cente de l'Espagne s'est coordonn\u00e9e sur Facebook et WhatsApp, toutes deux propri\u00e9t\u00e9s de Mark Zuckerberg.","display_date":"","new_abstract":true},"yoast_head":"<!-- This site is optimized with the Yoast SEO plugin v26.1.1 - https:\/\/yoast.com\/wordpress\/plugins\/seo\/ -->\n<title>Les r\u00e9seaux sociaux au c\u0153ur de \u00abl\u2019attaque\u00bb contre Ceuta<\/title>\n<meta name=\"robots\" content=\"index, follow, max-snippet:-1, max-image-preview:large, max-video-preview:-1\" \/>\n<link rel=\"canonical\" href=\"https:\/\/legrandcontinent.eu\/fr\/2026\/09\/02\/le-chainon-manquant-les-reseaux-sociaux-au-coeur-de-lattaque-contre-ceuta\/\" \/>\n<meta property=\"og:locale\" content=\"fr_FR\" \/>\n<meta property=\"og:type\" content=\"article\" \/>\n<meta property=\"og:title\" content=\"Les r\u00e9seaux sociaux au c\u0153ur de \u00abl\u2019attaque\u00bb contre Ceuta\" \/>\n<meta property=\"og:description\" content=\"La plus grave crise migratoire de l&#039;histoire r\u00e9cente de l&#039;Espagne s&#039;est coordonn\u00e9e sur Facebook et WhatsApp, toutes deux propri\u00e9t\u00e9s de Mark Zuckerberg.\" \/>\n<meta property=\"og:url\" content=\"https:\/\/legrandcontinent.eu\/fr\/2026\/09\/02\/le-chainon-manquant-les-reseaux-sociaux-au-coeur-de-lattaque-contre-ceuta\/\" \/>\n<meta property=\"og:site_name\" content=\"Le Grand Continent\" \/>\n<meta property=\"article:published_time\" content=\"2026-09-02T17:23:57+00:00\" \/>\n<meta property=\"article:modified_time\" content=\"2026-09-02T17:49:30+00:00\" \/>\n<meta property=\"og:image\" content=\"https:\/\/legrandcontinent.eu\/fr\/wp-content\/uploads\/sites\/2\/2026\/09\/share-Le-chainon-manquant-les-reseaux-sociaux-au-coeur-de-lattaque-contre-Ceuta.jpg\" \/>\n\t<meta property=\"og:image:width\" content=\"1796\" \/>\n\t<meta property=\"og:image:height\" content=\"1002\" \/>\n\t<meta property=\"og:image:type\" content=\"image\/jpeg\" \/>\n<meta name=\"author\" content=\"Marin Saillofest\" \/>\n<meta name=\"twitter:card\" content=\"summary_large_image\" \/>\n<meta name=\"twitter:image\" content=\"https:\/\/legrandcontinent.eu\/fr\/wp-content\/uploads\/sites\/2\/2026\/09\/share-Le-chainon-manquant-les-reseaux-sociaux-au-coeur-de-lattaque-contre-Ceuta.jpg\" \/>\n<meta name=\"twitter:label1\" content=\"\u00c9crit par\" \/>\n\t<meta name=\"twitter:data1\" content=\"Marin Saillofest\" \/>\n\t<meta name=\"twitter:label2\" content=\"Dur\u00e9e de lecture estim\u00e9e\" \/>\n\t<meta name=\"twitter:data2\" content=\"7 minutes\" \/>\n<script type=\"application\/ld+json\" class=\"yoast-schema-graph\">{\"@context\":\"https:\/\/schema.org\",\"@graph\":[{\"@type\":\"WebPage\",\"@id\":\"https:\/\/legrandcontinent.eu\/fr\/2026\/09\/02\/le-chainon-manquant-les-reseaux-sociaux-au-coeur-de-lattaque-contre-ceuta\/\",\"url\":\"https:\/\/legrandcontinent.eu\/fr\/2026\/09\/02\/le-chainon-manquant-les-reseaux-sociaux-au-coeur-de-lattaque-contre-ceuta\/\",\"name\":\"Les r\u00e9seaux sociaux au c\u0153ur de \u00abl\u2019attaque\u00bb contre Ceuta\",\"isPartOf\":{\"@id\":\"https:\/\/legrandcontinent.eu\/fr\/#website\"},\"primaryImageOfPage\":{\"@id\":\"https:\/\/legrandcontinent.eu\/fr\/2026\/09\/02\/le-chainon-manquant-les-reseaux-sociaux-au-coeur-de-lattaque-contre-ceuta\/#primaryimage\"},\"image\":{\"@id\":\"https:\/\/legrandcontinent.eu\/fr\/2026\/09\/02\/le-chainon-manquant-les-reseaux-sociaux-au-coeur-de-lattaque-contre-ceuta\/#primaryimage\"},\"thumbnailUrl\":\"https:\/\/legrandcontinent.eu\/fr\/wp-content\/uploads\/sites\/2\/2026\/09\/Le-chainon-manquant-les-reseaux-sociaux-au-coeur-de-lattaque-contre-Ceuta-scaled.jpg\",\"datePublished\":\"2026-09-02T17:23:57+00:00\",\"dateModified\":\"2026-09-02T17:49:30+00:00\",\"author\":{\"@id\":\"https:\/\/legrandcontinent.eu\/fr\/#\/schema\/person\/e4f85f52220fc7b4cc3cfdb86d88e833\"},\"breadcrumb\":{\"@id\":\"https:\/\/legrandcontinent.eu\/fr\/2026\/09\/02\/le-chainon-manquant-les-reseaux-sociaux-au-coeur-de-lattaque-contre-ceuta\/#breadcrumb\"},\"inLanguage\":\"fr-FR\",\"potentialAction\":[{\"@type\":\"ReadAction\",\"target\":[\"https:\/\/legrandcontinent.eu\/fr\/2026\/09\/02\/le-chainon-manquant-les-reseaux-sociaux-au-coeur-de-lattaque-contre-ceuta\/\"]}]},{\"@type\":\"ImageObject\",\"inLanguage\":\"fr-FR\",\"@id\":\"https:\/\/legrandcontinent.eu\/fr\/2026\/09\/02\/le-chainon-manquant-les-reseaux-sociaux-au-coeur-de-lattaque-contre-ceuta\/#primaryimage\",\"url\":\"https:\/\/legrandcontinent.eu\/fr\/wp-content\/uploads\/sites\/2\/2026\/09\/Le-chainon-manquant-les-reseaux-sociaux-au-coeur-de-lattaque-contre-Ceuta-scaled.jpg\",\"contentUrl\":\"https:\/\/legrandcontinent.eu\/fr\/wp-content\/uploads\/sites\/2\/2026\/09\/Le-chainon-manquant-les-reseaux-sociaux-au-coeur-de-lattaque-contre-Ceuta-scaled.jpg\",\"width\":2560,\"height\":1707,\"caption\":\"Migrants cross from Morocco into the Spanish enclave of Ceuta, Thursday, July 30, 2026. (AP Photo\/Antonio Sempere)\/EM131\/26211514683592\/\/2607302026\"},{\"@type\":\"BreadcrumbList\",\"@id\":\"https:\/\/legrandcontinent.eu\/fr\/2026\/09\/02\/le-chainon-manquant-les-reseaux-sociaux-au-coeur-de-lattaque-contre-ceuta\/#breadcrumb\",\"itemListElement\":[{\"@type\":\"ListItem\",\"position\":1,\"name\":\"Accueil\",\"item\":\"https:\/\/legrandcontinent.eu\/fr\/\"},{\"@type\":\"ListItem\",\"position\":2,\"name\":\"Le cha\u00eenon manquant&#160;: les r\u00e9seaux sociaux au c\u0153ur de \u00ab&#160;l\u2019attaque&#160;\u00bb contre Ceuta\"}]},{\"@type\":\"WebSite\",\"@id\":\"https:\/\/legrandcontinent.eu\/fr\/#website\",\"url\":\"https:\/\/legrandcontinent.eu\/fr\/\",\"name\":\"Le Grand Continent\",\"description\":\"L&#039;\u00e9chelle pertinente\",\"potentialAction\":[{\"@type\":\"SearchAction\",\"target\":{\"@type\":\"EntryPoint\",\"urlTemplate\":\"https:\/\/legrandcontinent.eu\/fr\/?s={search_term_string}\"},\"query-input\":{\"@type\":\"PropertyValueSpecification\",\"valueRequired\":true,\"valueName\":\"search_term_string\"}}],\"inLanguage\":\"fr-FR\"},{\"@type\":\"Person\",\"@id\":\"https:\/\/legrandcontinent.eu\/fr\/#\/schema\/person\/e4f85f52220fc7b4cc3cfdb86d88e833\",\"name\":\"Marin Saillofest\",\"image\":{\"@type\":\"ImageObject\",\"inLanguage\":\"fr-FR\",\"@id\":\"https:\/\/legrandcontinent.eu\/fr\/#\/schema\/person\/image\/\",\"url\":\"https:\/\/secure.gravatar.com\/avatar\/87088698b4d967390c49ae6d4f1aa459?s=96&d=mm&r=g\",\"contentUrl\":\"https:\/\/secure.gravatar.com\/avatar\/87088698b4d967390c49ae6d4f1aa459?s=96&d=mm&r=g\",\"caption\":\"Marin Saillofest\"}}]}<\/script>\n<!-- \/ Yoast SEO plugin. -->","yoast_head_json":{"title":"Les r\u00e9seaux sociaux au c\u0153ur de \u00abl\u2019attaque\u00bb contre Ceuta","robots":{"index":"index","follow":"follow","max-snippet":"max-snippet:-1","max-image-preview":"max-image-preview:large","max-video-preview":"max-video-preview:-1"},"canonical":"https:\/\/legrandcontinent.eu\/fr\/2026\/09\/02\/le-chainon-manquant-les-reseaux-sociaux-au-coeur-de-lattaque-contre-ceuta\/","og_locale":"fr_FR","og_type":"article","og_title":"Les r\u00e9seaux sociaux au c\u0153ur de \u00abl\u2019attaque\u00bb contre Ceuta","og_description":"La plus grave crise migratoire de l'histoire r\u00e9cente de l'Espagne s'est coordonn\u00e9e sur Facebook et WhatsApp, toutes deux propri\u00e9t\u00e9s de Mark Zuckerberg.","og_url":"https:\/\/legrandcontinent.eu\/fr\/2026\/09\/02\/le-chainon-manquant-les-reseaux-sociaux-au-coeur-de-lattaque-contre-ceuta\/","og_site_name":"Le Grand Continent","article_published_time":"2026-09-02T17:23:57+00:00","article_modified_time":"2026-09-02T17:49:30+00:00","og_image":[{"width":1796,"height":1002,"url":"https:\/\/legrandcontinent.eu\/fr\/wp-content\/uploads\/sites\/2\/2026\/09\/share-Le-chainon-manquant-les-reseaux-sociaux-au-coeur-de-lattaque-contre-Ceuta.jpg","type":"image\/jpeg"}],"author":"Marin Saillofest","twitter_card":"summary_large_image","twitter_image":"https:\/\/legrandcontinent.eu\/fr\/wp-content\/uploads\/sites\/2\/2026\/09\/share-Le-chainon-manquant-les-reseaux-sociaux-au-coeur-de-lattaque-contre-Ceuta.jpg","twitter_misc":{"\u00c9crit par":"Marin Saillofest","Dur\u00e9e de lecture estim\u00e9e":"7 minutes"},"schema":{"@context":"https:\/\/schema.org","@graph":[{"@type":"WebPage","@id":"https:\/\/legrandcontinent.eu\/fr\/2026\/09\/02\/le-chainon-manquant-les-reseaux-sociaux-au-coeur-de-lattaque-contre-ceuta\/","url":"https:\/\/legrandcontinent.eu\/fr\/2026\/09\/02\/le-chainon-manquant-les-reseaux-sociaux-au-coeur-de-lattaque-contre-ceuta\/","name":"Les r\u00e9seaux sociaux au c\u0153ur de \u00abl\u2019attaque\u00bb contre Ceuta","isPartOf":{"@id":"https:\/\/legrandcontinent.eu\/fr\/#website"},"primaryImageOfPage":{"@id":"https:\/\/legrandcontinent.eu\/fr\/2026\/09\/02\/le-chainon-manquant-les-reseaux-sociaux-au-coeur-de-lattaque-contre-ceuta\/#primaryimage"},"image":{"@id":"https:\/\/legrandcontinent.eu\/fr\/2026\/09\/02\/le-chainon-manquant-les-reseaux-sociaux-au-coeur-de-lattaque-contre-ceuta\/#primaryimage"},"thumbnailUrl":"https:\/\/legrandcontinent.eu\/fr\/wp-content\/uploads\/sites\/2\/2026\/09\/Le-chainon-manquant-les-reseaux-sociaux-au-coeur-de-lattaque-contre-Ceuta-scaled.jpg","datePublished":"2026-09-02T17:23:57+00:00","dateModified":"2026-09-02T17:49:30+00:00","author":{"@id":"https:\/\/legrandcontinent.eu\/fr\/#\/schema\/person\/e4f85f52220fc7b4cc3cfdb86d88e833"},"breadcrumb":{"@id":"https:\/\/legrandcontinent.eu\/fr\/2026\/09\/02\/le-chainon-manquant-les-reseaux-sociaux-au-coeur-de-lattaque-contre-ceuta\/#breadcrumb"},"inLanguage":"fr-FR","potentialAction":[{"@type":"ReadAction","target":["https:\/\/legrandcontinent.eu\/fr\/2026\/09\/02\/le-chainon-manquant-les-reseaux-sociaux-au-coeur-de-lattaque-contre-ceuta\/"]}]},{"@type":"ImageObject","inLanguage":"fr-FR","@id":"https:\/\/legrandcontinent.eu\/fr\/2026\/09\/02\/le-chainon-manquant-les-reseaux-sociaux-au-coeur-de-lattaque-contre-ceuta\/#primaryimage","url":"https:\/\/legrandcontinent.eu\/fr\/wp-content\/uploads\/sites\/2\/2026\/09\/Le-chainon-manquant-les-reseaux-sociaux-au-coeur-de-lattaque-contre-Ceuta-scaled.jpg","contentUrl":"https:\/\/legrandcontinent.eu\/fr\/wp-content\/uploads\/sites\/2\/2026\/09\/Le-chainon-manquant-les-reseaux-sociaux-au-coeur-de-lattaque-contre-Ceuta-scaled.jpg","width":2560,"height":1707,"caption":"Migrants cross from Morocco into the Spanish enclave of Ceuta, Thursday, July 30, 2026. (AP Photo\/Antonio Sempere)\/EM131\/26211514683592\/\/2607302026"},{"@type":"BreadcrumbList","@id":"https:\/\/legrandcontinent.eu\/fr\/2026\/09\/02\/le-chainon-manquant-les-reseaux-sociaux-au-coeur-de-lattaque-contre-ceuta\/#breadcrumb","itemListElement":[{"@type":"ListItem","position":1,"name":"Accueil","item":"https:\/\/legrandcontinent.eu\/fr\/"},{"@type":"ListItem","position":2,"name":"Le cha\u00eenon manquant&#160;: les r\u00e9seaux sociaux au c\u0153ur de \u00ab&#160;l\u2019attaque&#160;\u00bb contre Ceuta"}]},{"@type":"WebSite","@id":"https:\/\/legrandcontinent.eu\/fr\/#website","url":"https:\/\/legrandcontinent.eu\/fr\/","name":"Le Grand Continent","description":"L&#039;\u00e9chelle pertinente","potentialAction":[{"@type":"SearchAction","target":{"@type":"EntryPoint","urlTemplate":"https:\/\/legrandcontinent.eu\/fr\/?s={search_term_string}"},"query-input":{"@type":"PropertyValueSpecification","valueRequired":true,"valueName":"search_term_string"}}],"inLanguage":"fr-FR"},{"@type":"Person","@id":"https:\/\/legrandcontinent.eu\/fr\/#\/schema\/person\/e4f85f52220fc7b4cc3cfdb86d88e833","name":"Marin Saillofest","image":{"@type":"ImageObject","inLanguage":"fr-FR","@id":"https:\/\/legrandcontinent.eu\/fr\/#\/schema\/person\/image\/","url":"https:\/\/secure.gravatar.com\/avatar\/87088698b4d967390c49ae6d4f1aa459?s=96&d=mm&r=g","contentUrl":"https:\/\/secure.gravatar.com\/avatar\/87088698b4d967390c49ae6d4f1aa459?s=96&d=mm&r=g","caption":"Marin Saillofest"}}]}},"lgc_categories":[{"id":1729,"name":"Num\u00e9rique","slug":"numerique"}],"lgc_author":{"id":5123,"name":"Iago Moreno","slug":"iago-moreno","description":null,"first_name":"Iago","last_name":"Moreno","picture":null},"feature_image_summary":{"url":"https:\/\/legrandcontinent.eu\/fr\/wp-content\/uploads\/sites\/2\/2026\/09\/Le-chainon-manquant-les-reseaux-sociaux-au-coeur-de-lattaque-contre-Ceuta-scaled.jpg","width":2560,"height":1707,"alt":""},"feature_image_cover":null,"term_position_data":null,"_links":{"self":[{"href":"https:\/\/legrandcontinent.eu\/fr\/wp-json\/wp\/v2\/posts\/355716","targetHints":{"allow":["GET"]}}],"collection":[{"href":"https:\/\/legrandcontinent.eu\/fr\/wp-json\/wp\/v2\/posts"}],"about":[{"href":"https:\/\/legrandcontinent.eu\/fr\/wp-json\/wp\/v2\/types\/post"}],"author":[{"embeddable":true,"href":"https:\/\/legrandcontinent.eu\/fr\/wp-json\/wp\/v2\/users\/2622"}],"replies":[{"embeddable":true,"href":"https:\/\/legrandcontinent.eu\/fr\/wp-json\/wp\/v2\/comments?post=355716"}],"version-history":[{"count":3,"href":"https:\/\/legrandcontinent.eu\/fr\/wp-json\/wp\/v2\/posts\/355716\/revisions"}],"predecessor-version":[{"id":355732,"href":"https:\/\/legrandcontinent.eu\/fr\/wp-json\/wp\/v2\/posts\/355716\/revisions\/355732"}],"wp:featuredmedia":[{"embeddable":true,"href":"https:\/\/legrandcontinent.eu\/fr\/wp-json\/wp\/v2\/media\/355729"}],"wp:attachment":[{"href":"https:\/\/legrandcontinent.eu\/fr\/wp-json\/wp\/v2\/media?parent=355716"}],"wp:term":[{"taxonomy":"category","embeddable":true,"href":"https:\/\/legrandcontinent.eu\/fr\/wp-json\/wp\/v2\/categories?post=355716"},{"taxonomy":"post_tag","embeddable":true,"href":"https:\/\/legrandcontinent.eu\/fr\/wp-json\/wp\/v2\/tags?post=355716"},{"taxonomy":"staff","embeddable":true,"href":"https:\/\/legrandcontinent.eu\/fr\/wp-json\/wp\/v2\/staff?post=355716"},{"taxonomy":"editorial_format","embeddable":true,"href":"https:\/\/legrandcontinent.eu\/fr\/wp-json\/wp\/v2\/editorial_format?post=355716"},{"taxonomy":"serie","embeddable":true,"href":"https:\/\/legrandcontinent.eu\/fr\/wp-json\/wp\/v2\/serie?post=355716"},{"taxonomy":"audience","embeddable":true,"href":"https:\/\/legrandcontinent.eu\/fr\/wp-json\/wp\/v2\/audience?post=355716"},{"taxonomy":"geo","embeddable":true,"href":"https:\/\/legrandcontinent.eu\/fr\/wp-json\/wp\/v2\/geo?post=355716"}],"curies":[{"name":"wp","href":"https:\/\/api.w.org\/{rel}","templated":true}]}}